{"id":18782,"date":"2021-06-13T12:00:19","date_gmt":"2021-06-13T10:00:19","guid":{"rendered":"http:\/\/pakosc-kalwaria.franciszkanie.net\/?p=18782"},"modified":"2021-06-13T08:37:29","modified_gmt":"2021-06-13T06:37:29","slug":"do-medytacji-z-kalwaryjskiego-wzgorza-niedziela-13-06-2021r","status":"publish","type":"post","link":"https:\/\/pakosc-kalwaria.franciszkanie.net\/index.php\/2021\/06\/13\/do-medytacji-z-kalwaryjskiego-wzgorza-niedziela-13-06-2021r\/","title":{"rendered":"Do medytacji z kalwaryjskiego Wzg\u00f3rza \u2013 Niedziela 13.06.2021r."},"content":{"rendered":"<p><strong><span style=\"color: #ff0000;\">Z liturgii 11 Niedzieli Zwyk\u0142ej \u2013 13.06.2021r. &#8211; \u015awi\u0119to \u015bw. Antoniego z Padwy<\/span><\/strong><\/p>\n<p><strong><span style=\"color: #ff0000;\">1. czytanie<\/span><\/strong> (Ez 17, 22-24) <em>B\u00f3g wywy\u017csza drzewo niskie<br \/>\n<\/em><strong>Czytanie z Ksi\u0119gi proroka Ezechiela<br \/>\n<\/strong>Tak m\u00f3wi Pan B\u00f3g: \u00abJa tak\u017ce wezm\u0119 wierzcho\u0142ek z wysokiego cedru i zasadz\u0119, z najwy\u017cszych jego p\u0119d\u00f3w u\u0142ami\u0119 ga\u0142\u0105zk\u0119 i zasadz\u0119 j\u0105 na g\u00f3rze wynios\u0142ej i wysokiej. Na wysokiej g\u00f3rze izraelskiej j\u0105 zasadz\u0119. Ona wypu\u015bci ga\u0142\u0105zki i wyda owoc, i stanie si\u0119 cedrem wspania\u0142ym. Wszystko ptactwo pod nim zamieszka, wszystkie istoty skrzydlate zamieszkaj\u0105 w cieniu jego ga\u0142\u0119zi. I wszystkie drzewa na polu poznaj\u0105, \u017ce Ja jestem Pan, kt\u00f3ry poni\u017ca drzewo wysokie, kt\u00f3ry drzewo niskie wywy\u017csza, kt\u00f3ry sprawia, \u017ce drzewo zielone usycha, kt\u00f3ry zielono\u015b\u0107 daje drzewu suchemu. Ja, Pan, rzek\u0142em i to uczyni\u0119\u00bb. Oto S\u0142owo Bo\u017ce.<\/p>\n<p><span style=\"color: #ff0000;\"><strong>Psalm<\/strong> <\/span>(Ps 92 (91), 2-3. 13-14. 15-16 (R.: por. 2))<br \/>\n<strong>Dobrze jest \u015bpiewa\u0107 Tobie, Panie Bo\u017ce<br \/>\n<\/strong>Dobrze jest dzi\u0119kowa\u0107 Panu, *<br \/>\n\u015bpiewa\u0107 Twojemu imieniu, Najwy\u017cszy,<br \/>\nrano g\u0142osi\u0107 Twoj\u0105 \u0142askawo\u015b\u0107, *<br \/>\na wierno\u015b\u0107 Twoj\u0105 nocami.<\/p>\n<div id=\"tabnowy0all\" class=\"tab-pane fade active in\">\n<p><strong>Dobrze jest \u015bpiewa\u0107 Tobie, Panie Bo\u017ce<br \/>\n<\/strong>Sprawiedliwy zakwitnie jak palma, *<br \/>\nrozro\u015bnie si\u0119 jak cedr na Libanie.<br \/>\nZasadzeni w domu Pa\u0144skim *<br \/>\nrozkwitn\u0105 na dziedzi\u0144cach naszego Boga.<\/p>\n<p><strong>Dobrze jest \u015bpiewa\u0107 Tobie, Panie Bo\u017ce<br \/>\n<\/strong>Nawet i w staro\u015bci wydadz\u0105 owoc, *<br \/>\nzawsze pe\u0142ni \u017cyciodajnych sok\u00f3w,<br \/>\naby \u015bwiadczy\u0107, \u017ce Pan jest sprawiedliwy, *<br \/>\nOn moj\u0105 Opok\u0105 i nie ma w Nim nieprawo\u015bci.<br \/>\n<strong>Dobrze jest \u015bpiewa\u0107 Tobie, Panie Bo\u017ce<\/strong><\/p>\n<p><strong><span style=\"color: #ff0000;\">2. czytanie<\/span><\/strong> (2 Kor 5, 6-10) <em>Staramy si\u0119 podoba\u0107 Bogu<br \/>\n<\/em><strong>Czytanie z Drugiego Listu \u015awi\u0119tego Paw\u0142a Aposto\u0142a do Koryntian<br \/>\n<\/strong>Bracia: Maj\u0105c ufno\u015b\u0107, wiemy, \u017ce jak d\u0142ugo pozostajemy w ciele, jeste\u015bmy pielgrzymami, z daleka od Pana. Albowiem wed\u0142ug wiary, a nie dzi\u0119ki widzeniu post\u0119pujemy. Mamy jednak nadziej\u0119 i chcieliby\u015bmy raczej opu\u015bci\u0107 nasze cia\u0142o i stan\u0105\u0107 w obliczu Pana. Dlatego te\u017c staramy si\u0119 Jemu podoba\u0107, czy to gdy z Nim, czy gdy z daleka od Niego jeste\u015bmy. Wszyscy bowiem musimy stan\u0105\u0107 przed trybuna\u0142em Chrystusa, aby ka\u017cdy otrzyma\u0142 zap\u0142at\u0119 za uczynki dokonane w ciele, z\u0142e lub dobre. Oto S\u0142owo Bo\u017ce.<\/p>\n<p><span style=\"color: #ff0000;\"><strong>Aklamacja<\/strong><\/span><br \/>\n<strong>Alleluja, alleluja, alleluja<br \/>\n<\/strong>Ziarnem jest s\u0142owo Bo\u017ce, a siewc\u0105 jest Chrystus,<br \/>\nka\u017cdy, kto Go znajdzie, b\u0119dzie \u017cy\u0142 na wieki.<br \/>\n<strong>Alleluja, alleluja, alleluja<\/strong><\/p>\n<p><strong><span style=\"color: #ff0000;\">Ewangelia<\/span><\/strong> (Mk 4, 26-34) <em>Rozw\u00f3j kr\u00f3lestwa Bo\u017cego<br \/>\n<\/em><strong>S\u0142owa Ewangelii wed\u0142ug \u015awi\u0119tego Marka<br \/>\n<\/strong>Jezus m\u00f3wi\u0142 do t\u0142um\u00f3w: \u00abZ kr\u00f3lestwem Bo\u017cym dzieje si\u0119 tak, jak gdyby kto\u015b nasienie wrzuci\u0142 w ziemi\u0119. Czy \u015bpi, czy czuwa, we dnie i w nocy, nasienie kie\u0142kuje i ro\u015bnie, sam nie wie jak. Ziemia sama z siebie wydaje plon, najpierw \u017ad\u017ab\u0142o, potem k\u0142os, a potem pe\u0142ne ziarno w k\u0142osie. Gdy za\u015b plon dojrzeje, zaraz zapuszcza sierp, bo pora ju\u017c na \u017cniwo\u00bb. M\u00f3wi\u0142 jeszcze: \u00abZ czym por\u00f3wnamy kr\u00f3lestwo Bo\u017ce lub w jakiej przypowie\u015bci je przedstawimy? Jest ono jak ziarnko gorczycy; gdy si\u0119 je wsiewa w ziemi\u0119, jest najmniejsze ze wszystkich nasion na ziemi. Lecz wsiane, wyrasta i staje si\u0119 wi\u0119ksze od innych jarzyn; wypuszcza wielkie ga\u0142\u0119zie, tak \u017ce ptaki podniebne gnie\u017cd\u017c\u0105 si\u0119 w jego cieniu\u00bb. W wielu takich przypowie\u015bciach g\u0142osi\u0142 im nauk\u0119, o ile mogli j\u0105 rozumie\u0107. A bez przypowie\u015bci nie przemawia\u0142 do nich. Osobno za\u015b obja\u015bnia\u0142 wszystko swoim uczniom. Oto S\u0142owo Pa\u0144skie.<\/p>\n<p><strong><span style=\"color: #ff0000;\">Z kazania na kalwaryjskim Wzg\u00f3rzu \u2013 Niedziela 13.06.2021r.<\/span><br \/>\n<\/strong><strong>Kr\u00f3lestwo Bo\u017ce w \u017cyciu \u015bw. Antoniego\u00a0\u00a0\u00a0\u00a0\u00a0\u00a0\u00a0\u00a0\u00a0\u00a0\u00a0\u00a0\u00a0\u00a0\u00a0\u00a0\u00a0\u00a0\u00a0\u00a0\u00a0\u00a0 <\/strong><br \/>\n\u015aw. Antoni Padewski to wielka posta\u0107 Ko\u015bcio\u0142a. Znany jest ze swojej pos\u0142ugi w Padwie oraz z \u017carliwo\u015bci w g\u0142oszeniu Ewangelii. Jest te\u017c nieustannie \u017cywym \u015bwiadectwem dzia\u0142ania Pana Boga w \u015bwiecie. Ile\u017c to drobnych i wi\u0119kszych rzeczy Pan B\u00f3g dozwoli\u0142 nam odnale\u017a\u0107 gdy prosili\u015bmy o pomoc \u015bw. Antoniego. Ile\u017c dobrych decyzji ludzie podj\u0119li w swoim \u017cyciu przez wstawiennictwo \u015bw. Antoniego. Ile\u017c wa\u017cnych spraw uda\u0142o si\u0119 rozwi\u0105za\u0107 zgodnie<br \/>\nz wol\u0105 Bo\u017c\u0105, dlatego \u017ce \u015bw. Antoni wyprosi\u0142 to u Boga.<br \/>\n\u015aw. Antoni znany jest z kaza\u0144, kt\u00f3re trafia\u0142y do serc, tych, kt\u00f3rzy go s\u0142uchali. W kazaniach przybli\u017ca\u0142 Chrystusa i Jego nauk\u0119 p\u0142yn\u0105c\u0105 z Ewangelii oraz sprawy Kr\u00f3lestwa Bo\u017cego. Dla \u015bw. Antoniego, ucznia \u015bw. Franciszka z Asy\u017cu, w centrum \u017cycia i my\u015bli, dzia\u0142alno\u015bci i przepowiadania by\u0142 zawsze Jezus Chrystus. Z zapa\u0142em kontemplowa\u0142 i zach\u0119ca\u0142 innych do kontemplacji tajemnic cz\u0142owiecze\u0144stwa Jezusa, szczeg\u00f3lnie tajemnicy Bo\u017cego Narodzenia, tajemnicy budz\u0105cej mi\u0142o\u015b\u0107 do Boga i wdzi\u0119czno\u015b\u0107 za dobro\u0107 Boga.<br \/>\nTak\u017ce kontemplacja Jezusa Ukrzy\u017cowanego budzi\u0142a w sercu \u015bw. Antoniego wdzi\u0119czno\u015b\u0107 wobec Pana Boga oraz szacunek dla godno\u015bci osoby ludzkiej. \u015aw. Antoni uwa\u017ca\u0142, \u017ce wszyscy, zar\u00f3wno wierz\u0105cy jak i niewierz\u0105cy, mog\u0105 odnale\u017a\u0107 w Jezusie Ukrzy\u017cowanym sens i warto\u015b\u0107 ludzkiego \u017cycia. Pisze \u015bw. Antoni: \u201eChrystus, kt\u00f3ry jest twoim \u017cyciem, wisi przed tob\u0105, by\u015b patrzy\u0142 w krzy\u017c jak w zwierciad\u0142o. Tam mo\u017cesz pozna\u0107, jak \u015bmiertelne by\u0142y twoje rany, kt\u00f3rych \u017cadne lekarstwo nie mog\u0142o uleczy\u0107, a tylko krew Syna Bo\u017cego. Je\u015bli popatrzysz dobrze, b\u0119dziesz sobie m\u00f3g\u0142 zda\u0107 spraw\u0119, jak wielka jest twoja ludzka godno\u015b\u0107 i warto\u015b\u0107. (&#8230;) W \u017cadnym innym miejscu cz\u0142owiek nie mo\u017ce sobie lepiej zda\u0107 sprawy ze swojej warto\u015bci ni\u017c w zwierciadle krzy\u017ca\u201d. Rozwa\u017caj\u0105c te s\u0142owa, mo\u017cemy lepiej zrozumie\u0107, jak wa\u017cny jest obraz Jezusa Ukrzy\u017cowanego zrodzony z chrze\u015bcija\u0144skiej wiary. Bez spojrzenia na Krzy\u017c trudno zrozumie\u0107, ile wart jest cz\u0142owiek. To B\u00f3g sprawia, \u017ce jeste\u015bmy dla Niego tacy wa\u017cni, bo zas\u0142ugujemy nawet na Jego cierpienie. Tym samym godno\u015b\u0107 cz\u0142owieka widoczna jest w Jezusie Ukrzy\u017cowanym, a z patrzenia na Krzy\u017c rodzi si\u0119 uznanie dla godno\u015bci cz\u0142owieka i warto\u015b\u0107 \u017cycia ka\u017cdego cz\u0142owieka od pocz\u0119cia, a\u017c do naturalnej \u015bmierci.<br \/>\n\u015aw. Antoni zach\u0119ca nas tak\u017ce do na\u015bladowania Jezusa Chrystusa i w ten spos\u00f3b do budowania Kr\u00f3lestwa Bo\u017cego na ziemi. Szczeg\u00f3lnie zwraca uwag\u0119 na na\u015bladowanie Jezusa Ukrzy\u017cowanego: \u201eNa\u015bladujmy zatem Chrystusa z rado\u015bci\u0105 nios\u0105c Jego krzy\u017c, bo On sam zaprasza nas do na\u015bladowania. Chrystus umieraj\u0105cy na Kalwarii sta\u0142 si\u0119 jakby alabastrowym naczyniem pe\u0142nym balsamu, kt\u00f3re po st\u0142uczeniu nape\u0142ni\u0142o ca\u0142y \u015bwiat swoim rozkosznym zapachem. Niech zatem na\u015bladuj\u0105c Go, Jego uczniowie i wszyscy chrze\u015bcijanie biegn\u0105 za zapachem Chrystusa\u201d.<br \/>\n\u015aw. Antoni, podobnie jak ka\u017cdy z nas, odmawiaj\u0105c codziennie modlitw\u0119 \u201eOjcze nasz\u201d, zanosi\u0142 do Boga wo\u0142anie: \u201eOjcze\u2026 przyjd\u017a Kr\u00f3lestwo Twoje\u201d. Ale on nie tylko wypowiada\u0142 s\u0142owa tej modlitwy, ale tego Bo\u017cego Kr\u00f3lestwa na ziemi bardzo pragn\u0105\u0142 i o rozw\u00f3j Kr\u00f3lestwa Bo\u017cego na ziemi bardzo si\u0119 stara\u0142. Mia\u0142 \u015bwiadomo\u015b\u0107, \u017ce przynale\u017ce\u0107 do Kr\u00f3lestwa Boga to zaszczyt i niezas\u0142u\u017cona \u0142aska. Ten \u00a0obowi\u0105zek troski o Kr\u00f3lestwo Bo\u017ce wynikaj\u0105cy<br \/>\nz chrze\u015bcija\u0144skiej wiary spoczywa tak\u017ce dzisiaj na nas. Mamy modli\u0107 si\u0119 o przyj\u015bcie Kr\u00f3lestwa Bo\u017cego, ale mamy te\u017c bardzo dba\u0107 o rozw\u00f3j Kr\u00f3lestwa Bo\u017cego na ziemi. Musimy mie\u0107 \u015bwiadomo\u015b\u0107, ze przynale\u017ce\u0107 do Kr\u00f3lestwa Bo\u017cego, to przynale\u017ce\u0107 do samego Chrystusa i do Jego Ko\u015bcio\u0142a. Dba\u0107 o Kr\u00f3lestwo Bo\u017ce na ziemi, to naucza\u0107 tego czego naucza Chrystus. To kocha\u0107 w \u017cyciu tak jak kocha Chrystus. To chcie\u0107 tego, czego chce Chrystus. To przej\u0105\u0107 si\u0119 trosk\u0105 o zbawienie swoje i innych, tak jak przej\u0105\u0142 si\u0119 tym Chrystus, tak na serio, tak na \u201e\u015bmier\u0107 i \u017cycie\u201d. Budujmy wi\u0119c z gorliwo\u015bci\u0105 i odwag\u0105 Kr\u00f3lestwo Bo\u017ce w sobie i wok\u00f3\u0142 siebie, w naszych rodzinach i parafiach na fundamencie, kt\u00f3rym jest Jezus Chrystus!<br \/>\nDzisiaj pro\u015bmy z wiar\u0105 przez wstawiennictwo \u015bw. Antoniego z Padwy, aby\u015bmy na co dzie\u0144 \u017cyli na ziemi dla Jezusa, dla Kr\u00f3lestwa Bo\u017cego i dla zbawienia naszego i bli\u017anich. Amen.<br \/>\n(o.R.)<\/p>\n<\/div>\n","protected":false},"excerpt":{"rendered":"<p>Z liturgii 11 Niedzieli Zwyk\u0142ej \u2013 13.06.2021r. &#8211; \u015awi\u0119to \u015bw. Antoniego z Padwy 1. czytanie (Ez 17, 22-24) B\u00f3g wywy\u017csza drzewo niskie Czytanie z Ksi\u0119gi proroka Ezechiela Tak m\u00f3wi Pan B\u00f3g: \u00abJa tak\u017ce wezm\u0119 wierzcho\u0142ek z wysokiego cedru i zasadz\u0119, z najwy\u017cszych jego p\u0119d\u00f3w u\u0142ami\u0119 ga\u0142\u0105zk\u0119 i zasadz\u0119 j\u0105 na g\u00f3rze wynios\u0142ej i wysokiej. Na &hellip;<\/p>\n","protected":false},"author":2,"featured_media":18783,"comment_status":"closed","ping_status":"closed","sticky":false,"template":"","format":"standard","meta":{"_mi_skip_tracking":false,"_exactmetrics_sitenote_active":false,"_exactmetrics_sitenote_note":"","_exactmetrics_sitenote_category":0},"categories":[14],"tags":[],"yoast_head":"<!-- This site is optimized with the Yoast SEO plugin v18.1 - https:\/\/yoast.com\/wordpress\/plugins\/seo\/ -->\n<title>Do medytacji z kalwaryjskiego Wzg\u00f3rza \u2013 Niedziela 13.06.2021r. - Pako\u015b\u0107 \u2013 Kalwaria<\/title>\n<meta name=\"robots\" content=\"index, follow, max-snippet:-1, max-image-preview:large, max-video-preview:-1\" \/>\n<link rel=\"canonical\" href=\"https:\/\/pakosc-kalwaria.franciszkanie.net\/index.php\/2021\/06\/13\/do-medytacji-z-kalwaryjskiego-wzgorza-niedziela-13-06-2021r\/\" \/>\n<meta property=\"og:locale\" content=\"pl_PL\" \/>\n<meta property=\"og:type\" content=\"article\" \/>\n<meta property=\"og:title\" content=\"Do medytacji z kalwaryjskiego Wzg\u00f3rza \u2013 Niedziela 13.06.2021r. - Pako\u015b\u0107 \u2013 Kalwaria\" \/>\n<meta property=\"og:description\" content=\"Z liturgii 11 Niedzieli Zwyk\u0142ej \u2013 13.06.2021r. &#8211; \u015awi\u0119to \u015bw. Antoniego z Padwy 1. czytanie (Ez 17, 22-24) B\u00f3g wywy\u017csza drzewo niskie Czytanie z Ksi\u0119gi proroka Ezechiela Tak m\u00f3wi Pan B\u00f3g: \u00abJa tak\u017ce wezm\u0119 wierzcho\u0142ek z wysokiego cedru i zasadz\u0119, z najwy\u017cszych jego p\u0119d\u00f3w u\u0142ami\u0119 ga\u0142\u0105zk\u0119 i zasadz\u0119 j\u0105 na g\u00f3rze wynios\u0142ej i wysokiej. Na &hellip;\" \/>\n<meta property=\"og:url\" content=\"https:\/\/pakosc-kalwaria.franciszkanie.net\/index.php\/2021\/06\/13\/do-medytacji-z-kalwaryjskiego-wzgorza-niedziela-13-06-2021r\/\" \/>\n<meta property=\"og:site_name\" content=\"Pako\u015b\u0107 \u2013 Kalwaria\" \/>\n<meta property=\"article:author\" content=\"https:\/\/www.facebook.com\/KalwariaPakosc\/\" \/>\n<meta property=\"article:published_time\" content=\"2021-06-13T10:00:19+00:00\" \/>\n<meta property=\"article:modified_time\" content=\"2021-06-13T06:37:29+00:00\" \/>\n<meta property=\"og:image\" content=\"https:\/\/pakosc-kalwaria.franciszkanie.net\/wp-content\/uploads\/2021\/06\/sw.-Anoni-2.jpg\" \/>\n\t<meta property=\"og:image:width\" content=\"350\" \/>\n\t<meta property=\"og:image:height\" content=\"276\" \/>\n\t<meta property=\"og:image:type\" content=\"image\/jpeg\" \/>\n<meta name=\"twitter:card\" content=\"summary\" \/>\n<meta name=\"twitter:label1\" content=\"Napisane przez\" \/>\n\t<meta name=\"twitter:data1\" content=\"pakosc-kalwaria\" \/>\n\t<meta name=\"twitter:label2\" content=\"Szacowany czas czytania\" \/>\n\t<meta name=\"twitter:data2\" content=\"7 minut\" \/>\n<script type=\"application\/ld+json\" class=\"yoast-schema-graph\">{\"@context\":\"https:\/\/schema.org\",\"@graph\":[{\"@type\":\"WebSite\",\"@id\":\"https:\/\/pakosc-kalwaria.franciszkanie.net\/#website\",\"url\":\"https:\/\/pakosc-kalwaria.franciszkanie.net\/\",\"name\":\"Pako\u015b\u0107 \u2013 Kalwaria\",\"description\":\"Parafia Rzymsko \u2013 Katolicka p.w. Pana Jezusa Ukrzy\u017cowanego i  Matki Bo\u017cej Bolesnej ul. Barci\u0144ska 60, 88\u2013170 Pako\u015b\u0107 \u2013 Kalwaria\",\"potentialAction\":[{\"@type\":\"SearchAction\",\"target\":{\"@type\":\"EntryPoint\",\"urlTemplate\":\"https:\/\/pakosc-kalwaria.franciszkanie.net\/?s={search_term_string}\"},\"query-input\":\"required name=search_term_string\"}],\"inLanguage\":\"pl-PL\"},{\"@type\":\"ImageObject\",\"@id\":\"https:\/\/pakosc-kalwaria.franciszkanie.net\/index.php\/2021\/06\/13\/do-medytacji-z-kalwaryjskiego-wzgorza-niedziela-13-06-2021r\/#primaryimage\",\"inLanguage\":\"pl-PL\",\"url\":\"https:\/\/pakosc-kalwaria.franciszkanie.net\/wp-content\/uploads\/2021\/06\/sw.-Anoni-2.jpg\",\"contentUrl\":\"https:\/\/pakosc-kalwaria.franciszkanie.net\/wp-content\/uploads\/2021\/06\/sw.-Anoni-2.jpg\",\"width\":350,\"height\":276},{\"@type\":\"WebPage\",\"@id\":\"https:\/\/pakosc-kalwaria.franciszkanie.net\/index.php\/2021\/06\/13\/do-medytacji-z-kalwaryjskiego-wzgorza-niedziela-13-06-2021r\/#webpage\",\"url\":\"https:\/\/pakosc-kalwaria.franciszkanie.net\/index.php\/2021\/06\/13\/do-medytacji-z-kalwaryjskiego-wzgorza-niedziela-13-06-2021r\/\",\"name\":\"Do medytacji z kalwaryjskiego Wzg\u00f3rza \u2013 Niedziela 13.06.2021r. - Pako\u015b\u0107 \u2013 Kalwaria\",\"isPartOf\":{\"@id\":\"https:\/\/pakosc-kalwaria.franciszkanie.net\/#website\"},\"primaryImageOfPage\":{\"@id\":\"https:\/\/pakosc-kalwaria.franciszkanie.net\/index.php\/2021\/06\/13\/do-medytacji-z-kalwaryjskiego-wzgorza-niedziela-13-06-2021r\/#primaryimage\"},\"datePublished\":\"2021-06-13T10:00:19+00:00\",\"dateModified\":\"2021-06-13T06:37:29+00:00\",\"author\":{\"@id\":\"https:\/\/pakosc-kalwaria.franciszkanie.net\/#\/schema\/person\/af10b943be0760709227d060eadcb2aa\"},\"breadcrumb\":{\"@id\":\"https:\/\/pakosc-kalwaria.franciszkanie.net\/index.php\/2021\/06\/13\/do-medytacji-z-kalwaryjskiego-wzgorza-niedziela-13-06-2021r\/#breadcrumb\"},\"inLanguage\":\"pl-PL\",\"potentialAction\":[{\"@type\":\"ReadAction\",\"target\":[\"https:\/\/pakosc-kalwaria.franciszkanie.net\/index.php\/2021\/06\/13\/do-medytacji-z-kalwaryjskiego-wzgorza-niedziela-13-06-2021r\/\"]}]},{\"@type\":\"BreadcrumbList\",\"@id\":\"https:\/\/pakosc-kalwaria.franciszkanie.net\/index.php\/2021\/06\/13\/do-medytacji-z-kalwaryjskiego-wzgorza-niedziela-13-06-2021r\/#breadcrumb\",\"itemListElement\":[{\"@type\":\"ListItem\",\"position\":1,\"name\":\"Strona g\u0142\u00f3wna\",\"item\":\"https:\/\/pakosc-kalwaria.franciszkanie.net\/\"},{\"@type\":\"ListItem\",\"position\":2,\"name\":\"Do medytacji z kalwaryjskiego Wzg\u00f3rza \u2013 Niedziela 13.06.2021r.\"}]},{\"@type\":\"Person\",\"@id\":\"https:\/\/pakosc-kalwaria.franciszkanie.net\/#\/schema\/person\/af10b943be0760709227d060eadcb2aa\",\"name\":\"pakosc-kalwaria\",\"image\":{\"@type\":\"ImageObject\",\"@id\":\"https:\/\/pakosc-kalwaria.franciszkanie.net\/#personlogo\",\"inLanguage\":\"pl-PL\",\"url\":\"https:\/\/secure.gravatar.com\/avatar\/e7049d338b55eac6a0027ff3218b8d02?s=96&d=mm&r=g\",\"contentUrl\":\"https:\/\/secure.gravatar.com\/avatar\/e7049d338b55eac6a0027ff3218b8d02?s=96&d=mm&r=g\",\"caption\":\"pakosc-kalwaria\"},\"sameAs\":[\"https:\/\/www.facebook.com\/KalwariaPakosc\/\"],\"url\":\"https:\/\/pakosc-kalwaria.franciszkanie.net\/index.php\/author\/pakosc-kalwaria\/\"}]}<\/script>\n<!-- \/ Yoast SEO plugin. -->","yoast_head_json":{"title":"Do medytacji z kalwaryjskiego Wzg\u00f3rza \u2013 Niedziela 13.06.2021r. - Pako\u015b\u0107 \u2013 Kalwaria","robots":{"index":"index","follow":"follow","max-snippet":"max-snippet:-1","max-image-preview":"max-image-preview:large","max-video-preview":"max-video-preview:-1"},"canonical":"https:\/\/pakosc-kalwaria.franciszkanie.net\/index.php\/2021\/06\/13\/do-medytacji-z-kalwaryjskiego-wzgorza-niedziela-13-06-2021r\/","og_locale":"pl_PL","og_type":"article","og_title":"Do medytacji z kalwaryjskiego Wzg\u00f3rza \u2013 Niedziela 13.06.2021r. - Pako\u015b\u0107 \u2013 Kalwaria","og_description":"Z liturgii 11 Niedzieli Zwyk\u0142ej \u2013 13.06.2021r. &#8211; \u015awi\u0119to \u015bw. Antoniego z Padwy 1. czytanie (Ez 17, 22-24) B\u00f3g wywy\u017csza drzewo niskie Czytanie z Ksi\u0119gi proroka Ezechiela Tak m\u00f3wi Pan B\u00f3g: \u00abJa tak\u017ce wezm\u0119 wierzcho\u0142ek z wysokiego cedru i zasadz\u0119, z najwy\u017cszych jego p\u0119d\u00f3w u\u0142ami\u0119 ga\u0142\u0105zk\u0119 i zasadz\u0119 j\u0105 na g\u00f3rze wynios\u0142ej i wysokiej. Na &hellip;","og_url":"https:\/\/pakosc-kalwaria.franciszkanie.net\/index.php\/2021\/06\/13\/do-medytacji-z-kalwaryjskiego-wzgorza-niedziela-13-06-2021r\/","og_site_name":"Pako\u015b\u0107 \u2013 Kalwaria","article_author":"https:\/\/www.facebook.com\/KalwariaPakosc\/","article_published_time":"2021-06-13T10:00:19+00:00","article_modified_time":"2021-06-13T06:37:29+00:00","og_image":[{"width":350,"height":276,"url":"https:\/\/pakosc-kalwaria.franciszkanie.net\/wp-content\/uploads\/2021\/06\/sw.-Anoni-2.jpg","type":"image\/jpeg"}],"twitter_card":"summary","twitter_misc":{"Napisane przez":"pakosc-kalwaria","Szacowany czas czytania":"7 minut"},"schema":{"@context":"https:\/\/schema.org","@graph":[{"@type":"WebSite","@id":"https:\/\/pakosc-kalwaria.franciszkanie.net\/#website","url":"https:\/\/pakosc-kalwaria.franciszkanie.net\/","name":"Pako\u015b\u0107 \u2013 Kalwaria","description":"Parafia Rzymsko \u2013 Katolicka p.w. Pana Jezusa Ukrzy\u017cowanego i  Matki Bo\u017cej Bolesnej ul. Barci\u0144ska 60, 88\u2013170 Pako\u015b\u0107 \u2013 Kalwaria","potentialAction":[{"@type":"SearchAction","target":{"@type":"EntryPoint","urlTemplate":"https:\/\/pakosc-kalwaria.franciszkanie.net\/?s={search_term_string}"},"query-input":"required name=search_term_string"}],"inLanguage":"pl-PL"},{"@type":"ImageObject","@id":"https:\/\/pakosc-kalwaria.franciszkanie.net\/index.php\/2021\/06\/13\/do-medytacji-z-kalwaryjskiego-wzgorza-niedziela-13-06-2021r\/#primaryimage","inLanguage":"pl-PL","url":"https:\/\/pakosc-kalwaria.franciszkanie.net\/wp-content\/uploads\/2021\/06\/sw.-Anoni-2.jpg","contentUrl":"https:\/\/pakosc-kalwaria.franciszkanie.net\/wp-content\/uploads\/2021\/06\/sw.-Anoni-2.jpg","width":350,"height":276},{"@type":"WebPage","@id":"https:\/\/pakosc-kalwaria.franciszkanie.net\/index.php\/2021\/06\/13\/do-medytacji-z-kalwaryjskiego-wzgorza-niedziela-13-06-2021r\/#webpage","url":"https:\/\/pakosc-kalwaria.franciszkanie.net\/index.php\/2021\/06\/13\/do-medytacji-z-kalwaryjskiego-wzgorza-niedziela-13-06-2021r\/","name":"Do medytacji z kalwaryjskiego Wzg\u00f3rza \u2013 Niedziela 13.06.2021r. - Pako\u015b\u0107 \u2013 Kalwaria","isPartOf":{"@id":"https:\/\/pakosc-kalwaria.franciszkanie.net\/#website"},"primaryImageOfPage":{"@id":"https:\/\/pakosc-kalwaria.franciszkanie.net\/index.php\/2021\/06\/13\/do-medytacji-z-kalwaryjskiego-wzgorza-niedziela-13-06-2021r\/#primaryimage"},"datePublished":"2021-06-13T10:00:19+00:00","dateModified":"2021-06-13T06:37:29+00:00","author":{"@id":"https:\/\/pakosc-kalwaria.franciszkanie.net\/#\/schema\/person\/af10b943be0760709227d060eadcb2aa"},"breadcrumb":{"@id":"https:\/\/pakosc-kalwaria.franciszkanie.net\/index.php\/2021\/06\/13\/do-medytacji-z-kalwaryjskiego-wzgorza-niedziela-13-06-2021r\/#breadcrumb"},"inLanguage":"pl-PL","potentialAction":[{"@type":"ReadAction","target":["https:\/\/pakosc-kalwaria.franciszkanie.net\/index.php\/2021\/06\/13\/do-medytacji-z-kalwaryjskiego-wzgorza-niedziela-13-06-2021r\/"]}]},{"@type":"BreadcrumbList","@id":"https:\/\/pakosc-kalwaria.franciszkanie.net\/index.php\/2021\/06\/13\/do-medytacji-z-kalwaryjskiego-wzgorza-niedziela-13-06-2021r\/#breadcrumb","itemListElement":[{"@type":"ListItem","position":1,"name":"Strona g\u0142\u00f3wna","item":"https:\/\/pakosc-kalwaria.franciszkanie.net\/"},{"@type":"ListItem","position":2,"name":"Do medytacji z kalwaryjskiego Wzg\u00f3rza \u2013 Niedziela 13.06.2021r."}]},{"@type":"Person","@id":"https:\/\/pakosc-kalwaria.franciszkanie.net\/#\/schema\/person\/af10b943be0760709227d060eadcb2aa","name":"pakosc-kalwaria","image":{"@type":"ImageObject","@id":"https:\/\/pakosc-kalwaria.franciszkanie.net\/#personlogo","inLanguage":"pl-PL","url":"https:\/\/secure.gravatar.com\/avatar\/e7049d338b55eac6a0027ff3218b8d02?s=96&d=mm&r=g","contentUrl":"https:\/\/secure.gravatar.com\/avatar\/e7049d338b55eac6a0027ff3218b8d02?s=96&d=mm&r=g","caption":"pakosc-kalwaria"},"sameAs":["https:\/\/www.facebook.com\/KalwariaPakosc\/"],"url":"https:\/\/pakosc-kalwaria.franciszkanie.net\/index.php\/author\/pakosc-kalwaria\/"}]}},"_links":{"self":[{"href":"https:\/\/pakosc-kalwaria.franciszkanie.net\/index.php\/wp-json\/wp\/v2\/posts\/18782"}],"collection":[{"href":"https:\/\/pakosc-kalwaria.franciszkanie.net\/index.php\/wp-json\/wp\/v2\/posts"}],"about":[{"href":"https:\/\/pakosc-kalwaria.franciszkanie.net\/index.php\/wp-json\/wp\/v2\/types\/post"}],"author":[{"embeddable":true,"href":"https:\/\/pakosc-kalwaria.franciszkanie.net\/index.php\/wp-json\/wp\/v2\/users\/2"}],"replies":[{"embeddable":true,"href":"https:\/\/pakosc-kalwaria.franciszkanie.net\/index.php\/wp-json\/wp\/v2\/comments?post=18782"}],"version-history":[{"count":2,"href":"https:\/\/pakosc-kalwaria.franciszkanie.net\/index.php\/wp-json\/wp\/v2\/posts\/18782\/revisions"}],"predecessor-version":[{"id":18785,"href":"https:\/\/pakosc-kalwaria.franciszkanie.net\/index.php\/wp-json\/wp\/v2\/posts\/18782\/revisions\/18785"}],"wp:featuredmedia":[{"embeddable":true,"href":"https:\/\/pakosc-kalwaria.franciszkanie.net\/index.php\/wp-json\/wp\/v2\/media\/18783"}],"wp:attachment":[{"href":"https:\/\/pakosc-kalwaria.franciszkanie.net\/index.php\/wp-json\/wp\/v2\/media?parent=18782"}],"wp:term":[{"taxonomy":"category","embeddable":true,"href":"https:\/\/pakosc-kalwaria.franciszkanie.net\/index.php\/wp-json\/wp\/v2\/categories?post=18782"},{"taxonomy":"post_tag","embeddable":true,"href":"https:\/\/pakosc-kalwaria.franciszkanie.net\/index.php\/wp-json\/wp\/v2\/tags?post=18782"}],"curies":[{"name":"wp","href":"https:\/\/api.w.org\/{rel}","templated":true}]}}