{"id":18841,"date":"2021-06-13T09:06:59","date_gmt":"2021-06-13T07:06:59","guid":{"rendered":"http:\/\/pakosc-kalwaria.franciszkanie.net\/?p=18841"},"modified":"2021-06-20T08:36:42","modified_gmt":"2021-06-20T06:36:42","slug":"komunikat-z-389-zebrania-plenarnego-konferencji-episkopatu-polski","status":"publish","type":"post","link":"https:\/\/pakosc-kalwaria.franciszkanie.net\/index.php\/2021\/06\/13\/komunikat-z-389-zebrania-plenarnego-konferencji-episkopatu-polski\/","title":{"rendered":"Komunikat z 389. Zebrania Plenarnego Konferencji Episkopatu Polski"},"content":{"rendered":"<p><strong>W dniach 11 i 12 czerwca 2021 r., pod przewodnictwem abp. Stanis\u0142awa G\u0105deckiego, odby\u0142o si\u0119 w Kalwarii Zebrzydowskiej 389. Zebranie Plenarne Konferencji Episkopatu Polski.<\/strong><\/p>\n<p>1. W pierwszym dniu obrad, przypadaj\u0105cym w uroczysto\u015b\u0107 Naj\u015bwi\u0119tszego Serca Pana Jezusa, biskupi pielgrzymowali do Krakowa, gdzie w czasie Eucharystii odprawionej w Bazylice Ojc\u00f3w Jezuit\u00f3w ponowili, po stu latach, Akt Po\u015bwi\u0119cenia Narodu Polskiego Naj\u015bwi\u0119tszemu Sercu Pana Jezusa. To wyj\u0105tkowe wydarzenie przypomina nam, \u017ce sercem Ko\u015bcio\u0142a jest nieograniczona mi\u0142o\u015b\u0107 Boga do cz\u0142owieka.<\/p>\n<p>2. Wobec poprawiaj\u0105cej si\u0119 sytuacji pandemicznej w kraju, biskupi z uznaniem przyj\u0119li decyzj\u0119 rz\u0105du o zmianie ogranicze\u0144 sanitarnych w ko\u015bcio\u0142ach i budynkach przeznaczonych do sprawowania kultu religijnego. Podj\u0119li tak\u017ce jednog\u0142o\u015bnie decyzj\u0119 o zniesieniu dyspens od uczestnictwa we Mszy \u015bwi\u0119tej niedzielnej oraz w \u015bwi\u0119ta nakazane. Dyspensy te zostan\u0105 zniesione od 20 czerwca br., jednocze\u015bnie we wszystkich diecezjach. Biskupi wyra\u017caj\u0105 g\u0142\u0119bok\u0105 \u0142\u0105czno\u015b\u0107 z osobami, kt\u00f3rych dotkn\u0119\u0142y skutki pandemii. Kieruj\u0105 s\u0142owa podzi\u0119kowania do wszystkich os\u00f3b zaanga\u017cowanych w pomoc potrzebuj\u0105cym, w szczeg\u00f3lno\u015bci s\u0142u\u017cbie zdrowia za oddan\u0105 pos\u0142ug\u0119 chorym i cierpi\u0105cym. Apeluj\u0105 do wszystkich wiernych o postaw\u0119 wra\u017cliwo\u015bci i solidarno\u015bci, a tak\u017ce okazywania wobec potrzebuj\u0105cych zwyk\u0142ej, ludzkiej dobroci. Zwracaj\u0105 si\u0119 do wszystkich kap\u0142an\u00f3w i duszpasterzy, by w czasie zbli\u017caj\u0105cych si\u0119 wakacji po\u015bwi\u0119cili hojnie sw\u00f3j czas rodzinom, dzieciom i m\u0142odzie\u017cy, pozwalaj\u0105c im do\u015bwiadczy\u0107 blisko\u015bci Boga, rado\u015bci Ewangelii i troski Ko\u015bcio\u0142a.<\/p>\n<p>3. Biskupi zapoznali si\u0119 z dokumentem studyjnym Komisji Duszpasterstwa KEP pt. \u201e<em>Wyzwania duszpasterskie dla Ko\u015bcio\u0142a w Polsce w czasie i po pandemii<\/em>\u201d. Dokonano w nim analizy wybranych dzia\u0142a\u0144 pastoralnych podejmowanych w czasie pandemii oraz wskazano na wyzwania stoj\u0105ce przed osobami odpowiedzialnymi za kszta\u0142t duszpasterstwa. Dokument zwraca uwag\u0119 m.in. na konieczno\u015b\u0107 budzenia \u017cywej wiary w sercach wiernych, rozw\u00f3j duszpasterstwa bardziej personalnego, kszta\u0142towanie parafii jako rodziny rodzin i wsp\u00f3lnoty wsp\u00f3lnot, a tak\u017ce otwartej postawy dialogu wobec \u015bwiata.<\/p>\n<p>4. Biskupi zapoznali si\u0119 ze stanem przygotowa\u0144 do beatyfikacji kard. Stefana Wyszy\u0144skiego i Matki El\u017cbiety R\u00f3\u017cy Czackiej. Uroczysto\u015b\u0107 ta odb\u0119dzie si\u0119 w niedziel\u0119 12 wrze\u015bnia br. o godz. 12.00. Miejscem celebracji b\u0119dzie \u015awi\u0105tynia Opatrzno\u015bci Bo\u017cej w Warszawie-Wilanowie. Tej wsp\u00f3lnej beatyfikacji przewodniczy\u0107 b\u0119dzie legat papieski, prefekt Kongregacji Spraw Kanonizacyjnych kard. Marcello Semeraro. Uroczysto\u015b\u0107 b\u0119dzie godna i skromna, na miar\u0119 mo\u017cliwo\u015bci malej\u0105cej pandemii.<\/p>\n<p>5. W trakcie obrad biskupi zapoznali si\u0119 z kalendarzem planowanej na pa\u017adziernik wizyty \u201ead limina Apostolorum\u201d. Poza spotkaniami w poszczeg\u00f3lnych dykasteriach oraz audiencj\u0105 u Ojca \u015awi\u0119tego Franciszka, biskupi b\u0119d\u0105 celebrowa\u0107 Eucharystie w czterech Bazylikach Wi\u0119kszych Rzymu. Wizyta b\u0119dzie czasem odnowienia wi\u0119zi z Ojcem \u015awi\u0119tym, wsp\u00f3lnej modlitwy, wymiany my\u015bli, rozeznawania oraz okre\u015blenia priorytet\u00f3w \u017cycia i misji Ko\u015bcio\u0142a w Polsce na najbli\u017csze lata.<\/p>\n<p>6. Biskupi przyj\u0119li zatwierdzenie przez Kongregacj\u0119 ds. Duchowie\u0144stwa, we wsp\u00f3\u0142pracy z Kongregacj\u0105 Edukacji Katolickiej, nowych zasad formacji kap\u0142a\u0144skiej w Polsce przedstawionych w dokumencie \u201eDroga formacji prezbiter\u00f3w w Polsce. Ratio institutionis sacerdotalis pro Polonia\u201d. Zasady te wejd\u0105 w \u017cycie 1 pa\u017adziernika 2021 r. Dokument jest odpowiedzi\u0105 na najnowsze wytyczne Kongregacji, potrzeby os\u00f3b powo\u0142anych i uwzgl\u0119dnia aktualn\u0105 sytuacj\u0119 Ko\u015bcio\u0142a w Polsce.<\/p>\n<p>7. Biskupi dzi\u0119kuj\u0105 wszystkim nauczycielom, wychowawcom i katechetom za podj\u0119ty trud nauczania i wychowania w ko\u0144cz\u0105cym si\u0119 roku szkolnym. By\u0142 on szczeg\u00f3lnie trudny, bo prze\u017cywany w okresie pandemii. Dzi\u0119ki po\u015bwi\u0119ceniu tej grupy zawodowej nauczanie nigdy nie zosta\u0142o przerwane, a wraz z przekazywan\u0105 wiedz\u0105 uczniowie otrzymywali duchowe wsparcie. Zbli\u017caj\u0105cy si\u0119 okres wakacyjny niech b\u0119dzie zatem tak dla nauczycieli, jak i uczni\u00f3w, czasem odpoczynku naznaczonego Bo\u017cym b\u0142ogos\u0142awie\u0144stwem.<\/p>\n<p>W duchu dokonanego Aktu Po\u015bwi\u0119cenia Polski Naj\u015bwi\u0119tszemu Sercu Pana Jezusa w pozosta\u0142ych dniach miesi\u0105ca czerwca szczeg\u00f3lnie powierzajmy Sercu Jezusowemu nasze rodziny, Ojczyzn\u0119 i dzie\u0142o odnowy Ko\u015bcio\u0142a w Polsce. Polecaj\u0105c wszystkich Rodak\u00f3w szczeg\u00f3lnemu wstawiennictwu \u00a0Matki Bo\u017cej Kalwaryjskiej biskupi udzielaj\u0105 Polakom w kraju i za granic\u0105 pasterskiego b\u0142ogos\u0142awie\u0144stwa.<\/p>\n<p>Podpisali pasterze Ko\u015bcio\u0142a katolickiego w Polsce obecni na 389. Zebraniu Plenarnym Konferencji Episkopatu Polski.<\/p>\n<p>Kalwaria Zebrzydowska, 12 czerwca 2021 r.<\/p>\n","protected":false},"excerpt":{"rendered":"<p>W dniach 11 i 12 czerwca 2021 r., pod przewodnictwem abp. Stanis\u0142awa G\u0105deckiego, odby\u0142o si\u0119 w Kalwarii Zebrzydowskiej 389. Zebranie Plenarne Konferencji Episkopatu Polski. 1. W pierwszym dniu obrad, przypadaj\u0105cym w uroczysto\u015b\u0107 Naj\u015bwi\u0119tszego Serca Pana Jezusa, biskupi pielgrzymowali do Krakowa, gdzie w czasie Eucharystii odprawionej w Bazylice Ojc\u00f3w Jezuit\u00f3w ponowili, po stu latach, Akt Po\u015bwi\u0119cenia &hellip;<\/p>\n","protected":false},"author":2,"featured_media":18842,"comment_status":"closed","ping_status":"closed","sticky":false,"template":"","format":"standard","meta":{"_mi_skip_tracking":false,"_exactmetrics_sitenote_active":false,"_exactmetrics_sitenote_note":"","_exactmetrics_sitenote_category":0},"categories":[7],"tags":[],"yoast_head":"<!-- This site is optimized with the Yoast SEO plugin v18.1 - https:\/\/yoast.com\/wordpress\/plugins\/seo\/ -->\n<title>Komunikat z 389. Zebrania Plenarnego Konferencji Episkopatu Polski - Pako\u015b\u0107 \u2013 Kalwaria<\/title>\n<meta name=\"robots\" content=\"index, follow, max-snippet:-1, max-image-preview:large, max-video-preview:-1\" \/>\n<link rel=\"canonical\" href=\"https:\/\/pakosc-kalwaria.franciszkanie.net\/index.php\/2021\/06\/13\/komunikat-z-389-zebrania-plenarnego-konferencji-episkopatu-polski\/\" \/>\n<meta property=\"og:locale\" content=\"pl_PL\" \/>\n<meta property=\"og:type\" content=\"article\" \/>\n<meta property=\"og:title\" content=\"Komunikat z 389. Zebrania Plenarnego Konferencji Episkopatu Polski - Pako\u015b\u0107 \u2013 Kalwaria\" \/>\n<meta property=\"og:description\" content=\"W dniach 11 i 12 czerwca 2021 r., pod przewodnictwem abp. Stanis\u0142awa G\u0105deckiego, odby\u0142o si\u0119 w Kalwarii Zebrzydowskiej 389. Zebranie Plenarne Konferencji Episkopatu Polski. 1. W pierwszym dniu obrad, przypadaj\u0105cym w uroczysto\u015b\u0107 Naj\u015bwi\u0119tszego Serca Pana Jezusa, biskupi pielgrzymowali do Krakowa, gdzie w czasie Eucharystii odprawionej w Bazylice Ojc\u00f3w Jezuit\u00f3w ponowili, po stu latach, Akt Po\u015bwi\u0119cenia &hellip;\" \/>\n<meta property=\"og:url\" content=\"https:\/\/pakosc-kalwaria.franciszkanie.net\/index.php\/2021\/06\/13\/komunikat-z-389-zebrania-plenarnego-konferencji-episkopatu-polski\/\" \/>\n<meta property=\"og:site_name\" content=\"Pako\u015b\u0107 \u2013 Kalwaria\" \/>\n<meta property=\"article:author\" content=\"https:\/\/www.facebook.com\/KalwariaPakosc\/\" \/>\n<meta property=\"article:published_time\" content=\"2021-06-13T07:06:59+00:00\" \/>\n<meta property=\"article:modified_time\" content=\"2021-06-20T06:36:42+00:00\" \/>\n<meta property=\"og:image\" content=\"https:\/\/pakosc-kalwaria.franciszkanie.net\/wp-content\/uploads\/2021\/06\/KOMUNIKAT-1-324x235.jpg\" \/>\n\t<meta property=\"og:image:width\" content=\"324\" \/>\n\t<meta property=\"og:image:height\" content=\"235\" \/>\n\t<meta property=\"og:image:type\" content=\"image\/jpeg\" \/>\n<meta name=\"twitter:card\" content=\"summary\" \/>\n<meta name=\"twitter:label1\" content=\"Napisane przez\" \/>\n\t<meta name=\"twitter:data1\" content=\"pakosc-kalwaria\" \/>\n\t<meta name=\"twitter:label2\" content=\"Szacowany czas czytania\" \/>\n\t<meta name=\"twitter:data2\" content=\"4 minuty\" \/>\n<script type=\"application\/ld+json\" class=\"yoast-schema-graph\">{\"@context\":\"https:\/\/schema.org\",\"@graph\":[{\"@type\":\"WebSite\",\"@id\":\"https:\/\/pakosc-kalwaria.franciszkanie.net\/#website\",\"url\":\"https:\/\/pakosc-kalwaria.franciszkanie.net\/\",\"name\":\"Pako\u015b\u0107 \u2013 Kalwaria\",\"description\":\"Parafia Rzymsko \u2013 Katolicka p.w. Pana Jezusa Ukrzy\u017cowanego i  Matki Bo\u017cej Bolesnej ul. Barci\u0144ska 60, 88\u2013170 Pako\u015b\u0107 \u2013 Kalwaria\",\"potentialAction\":[{\"@type\":\"SearchAction\",\"target\":{\"@type\":\"EntryPoint\",\"urlTemplate\":\"https:\/\/pakosc-kalwaria.franciszkanie.net\/?s={search_term_string}\"},\"query-input\":\"required name=search_term_string\"}],\"inLanguage\":\"pl-PL\"},{\"@type\":\"ImageObject\",\"@id\":\"https:\/\/pakosc-kalwaria.franciszkanie.net\/index.php\/2021\/06\/13\/komunikat-z-389-zebrania-plenarnego-konferencji-episkopatu-polski\/#primaryimage\",\"inLanguage\":\"pl-PL\",\"url\":\"https:\/\/pakosc-kalwaria.franciszkanie.net\/wp-content\/uploads\/2021\/06\/KOMUNIKAT-1-324x235.jpg\",\"contentUrl\":\"https:\/\/pakosc-kalwaria.franciszkanie.net\/wp-content\/uploads\/2021\/06\/KOMUNIKAT-1-324x235.jpg\",\"width\":324,\"height\":235},{\"@type\":\"WebPage\",\"@id\":\"https:\/\/pakosc-kalwaria.franciszkanie.net\/index.php\/2021\/06\/13\/komunikat-z-389-zebrania-plenarnego-konferencji-episkopatu-polski\/#webpage\",\"url\":\"https:\/\/pakosc-kalwaria.franciszkanie.net\/index.php\/2021\/06\/13\/komunikat-z-389-zebrania-plenarnego-konferencji-episkopatu-polski\/\",\"name\":\"Komunikat z 389. Zebrania Plenarnego Konferencji Episkopatu Polski - Pako\u015b\u0107 \u2013 Kalwaria\",\"isPartOf\":{\"@id\":\"https:\/\/pakosc-kalwaria.franciszkanie.net\/#website\"},\"primaryImageOfPage\":{\"@id\":\"https:\/\/pakosc-kalwaria.franciszkanie.net\/index.php\/2021\/06\/13\/komunikat-z-389-zebrania-plenarnego-konferencji-episkopatu-polski\/#primaryimage\"},\"datePublished\":\"2021-06-13T07:06:59+00:00\",\"dateModified\":\"2021-06-20T06:36:42+00:00\",\"author\":{\"@id\":\"https:\/\/pakosc-kalwaria.franciszkanie.net\/#\/schema\/person\/af10b943be0760709227d060eadcb2aa\"},\"breadcrumb\":{\"@id\":\"https:\/\/pakosc-kalwaria.franciszkanie.net\/index.php\/2021\/06\/13\/komunikat-z-389-zebrania-plenarnego-konferencji-episkopatu-polski\/#breadcrumb\"},\"inLanguage\":\"pl-PL\",\"potentialAction\":[{\"@type\":\"ReadAction\",\"target\":[\"https:\/\/pakosc-kalwaria.franciszkanie.net\/index.php\/2021\/06\/13\/komunikat-z-389-zebrania-plenarnego-konferencji-episkopatu-polski\/\"]}]},{\"@type\":\"BreadcrumbList\",\"@id\":\"https:\/\/pakosc-kalwaria.franciszkanie.net\/index.php\/2021\/06\/13\/komunikat-z-389-zebrania-plenarnego-konferencji-episkopatu-polski\/#breadcrumb\",\"itemListElement\":[{\"@type\":\"ListItem\",\"position\":1,\"name\":\"Strona g\u0142\u00f3wna\",\"item\":\"https:\/\/pakosc-kalwaria.franciszkanie.net\/\"},{\"@type\":\"ListItem\",\"position\":2,\"name\":\"Komunikat z 389. Zebrania Plenarnego Konferencji Episkopatu Polski\"}]},{\"@type\":\"Person\",\"@id\":\"https:\/\/pakosc-kalwaria.franciszkanie.net\/#\/schema\/person\/af10b943be0760709227d060eadcb2aa\",\"name\":\"pakosc-kalwaria\",\"image\":{\"@type\":\"ImageObject\",\"@id\":\"https:\/\/pakosc-kalwaria.franciszkanie.net\/#personlogo\",\"inLanguage\":\"pl-PL\",\"url\":\"https:\/\/secure.gravatar.com\/avatar\/e7049d338b55eac6a0027ff3218b8d02?s=96&d=mm&r=g\",\"contentUrl\":\"https:\/\/secure.gravatar.com\/avatar\/e7049d338b55eac6a0027ff3218b8d02?s=96&d=mm&r=g\",\"caption\":\"pakosc-kalwaria\"},\"sameAs\":[\"https:\/\/www.facebook.com\/KalwariaPakosc\/\"],\"url\":\"https:\/\/pakosc-kalwaria.franciszkanie.net\/index.php\/author\/pakosc-kalwaria\/\"}]}<\/script>\n<!-- \/ Yoast SEO plugin. -->","yoast_head_json":{"title":"Komunikat z 389. Zebrania Plenarnego Konferencji Episkopatu Polski - Pako\u015b\u0107 \u2013 Kalwaria","robots":{"index":"index","follow":"follow","max-snippet":"max-snippet:-1","max-image-preview":"max-image-preview:large","max-video-preview":"max-video-preview:-1"},"canonical":"https:\/\/pakosc-kalwaria.franciszkanie.net\/index.php\/2021\/06\/13\/komunikat-z-389-zebrania-plenarnego-konferencji-episkopatu-polski\/","og_locale":"pl_PL","og_type":"article","og_title":"Komunikat z 389. Zebrania Plenarnego Konferencji Episkopatu Polski - Pako\u015b\u0107 \u2013 Kalwaria","og_description":"W dniach 11 i 12 czerwca 2021 r., pod przewodnictwem abp. Stanis\u0142awa G\u0105deckiego, odby\u0142o si\u0119 w Kalwarii Zebrzydowskiej 389. Zebranie Plenarne Konferencji Episkopatu Polski. 1. W pierwszym dniu obrad, przypadaj\u0105cym w uroczysto\u015b\u0107 Naj\u015bwi\u0119tszego Serca Pana Jezusa, biskupi pielgrzymowali do Krakowa, gdzie w czasie Eucharystii odprawionej w Bazylice Ojc\u00f3w Jezuit\u00f3w ponowili, po stu latach, Akt Po\u015bwi\u0119cenia &hellip;","og_url":"https:\/\/pakosc-kalwaria.franciszkanie.net\/index.php\/2021\/06\/13\/komunikat-z-389-zebrania-plenarnego-konferencji-episkopatu-polski\/","og_site_name":"Pako\u015b\u0107 \u2013 Kalwaria","article_author":"https:\/\/www.facebook.com\/KalwariaPakosc\/","article_published_time":"2021-06-13T07:06:59+00:00","article_modified_time":"2021-06-20T06:36:42+00:00","og_image":[{"width":324,"height":235,"url":"https:\/\/pakosc-kalwaria.franciszkanie.net\/wp-content\/uploads\/2021\/06\/KOMUNIKAT-1-324x235.jpg","type":"image\/jpeg"}],"twitter_card":"summary","twitter_misc":{"Napisane przez":"pakosc-kalwaria","Szacowany czas czytania":"4 minuty"},"schema":{"@context":"https:\/\/schema.org","@graph":[{"@type":"WebSite","@id":"https:\/\/pakosc-kalwaria.franciszkanie.net\/#website","url":"https:\/\/pakosc-kalwaria.franciszkanie.net\/","name":"Pako\u015b\u0107 \u2013 Kalwaria","description":"Parafia Rzymsko \u2013 Katolicka p.w. Pana Jezusa Ukrzy\u017cowanego i  Matki Bo\u017cej Bolesnej ul. Barci\u0144ska 60, 88\u2013170 Pako\u015b\u0107 \u2013 Kalwaria","potentialAction":[{"@type":"SearchAction","target":{"@type":"EntryPoint","urlTemplate":"https:\/\/pakosc-kalwaria.franciszkanie.net\/?s={search_term_string}"},"query-input":"required name=search_term_string"}],"inLanguage":"pl-PL"},{"@type":"ImageObject","@id":"https:\/\/pakosc-kalwaria.franciszkanie.net\/index.php\/2021\/06\/13\/komunikat-z-389-zebrania-plenarnego-konferencji-episkopatu-polski\/#primaryimage","inLanguage":"pl-PL","url":"https:\/\/pakosc-kalwaria.franciszkanie.net\/wp-content\/uploads\/2021\/06\/KOMUNIKAT-1-324x235.jpg","contentUrl":"https:\/\/pakosc-kalwaria.franciszkanie.net\/wp-content\/uploads\/2021\/06\/KOMUNIKAT-1-324x235.jpg","width":324,"height":235},{"@type":"WebPage","@id":"https:\/\/pakosc-kalwaria.franciszkanie.net\/index.php\/2021\/06\/13\/komunikat-z-389-zebrania-plenarnego-konferencji-episkopatu-polski\/#webpage","url":"https:\/\/pakosc-kalwaria.franciszkanie.net\/index.php\/2021\/06\/13\/komunikat-z-389-zebrania-plenarnego-konferencji-episkopatu-polski\/","name":"Komunikat z 389. Zebrania Plenarnego Konferencji Episkopatu Polski - Pako\u015b\u0107 \u2013 Kalwaria","isPartOf":{"@id":"https:\/\/pakosc-kalwaria.franciszkanie.net\/#website"},"primaryImageOfPage":{"@id":"https:\/\/pakosc-kalwaria.franciszkanie.net\/index.php\/2021\/06\/13\/komunikat-z-389-zebrania-plenarnego-konferencji-episkopatu-polski\/#primaryimage"},"datePublished":"2021-06-13T07:06:59+00:00","dateModified":"2021-06-20T06:36:42+00:00","author":{"@id":"https:\/\/pakosc-kalwaria.franciszkanie.net\/#\/schema\/person\/af10b943be0760709227d060eadcb2aa"},"breadcrumb":{"@id":"https:\/\/pakosc-kalwaria.franciszkanie.net\/index.php\/2021\/06\/13\/komunikat-z-389-zebrania-plenarnego-konferencji-episkopatu-polski\/#breadcrumb"},"inLanguage":"pl-PL","potentialAction":[{"@type":"ReadAction","target":["https:\/\/pakosc-kalwaria.franciszkanie.net\/index.php\/2021\/06\/13\/komunikat-z-389-zebrania-plenarnego-konferencji-episkopatu-polski\/"]}]},{"@type":"BreadcrumbList","@id":"https:\/\/pakosc-kalwaria.franciszkanie.net\/index.php\/2021\/06\/13\/komunikat-z-389-zebrania-plenarnego-konferencji-episkopatu-polski\/#breadcrumb","itemListElement":[{"@type":"ListItem","position":1,"name":"Strona g\u0142\u00f3wna","item":"https:\/\/pakosc-kalwaria.franciszkanie.net\/"},{"@type":"ListItem","position":2,"name":"Komunikat z 389. Zebrania Plenarnego Konferencji Episkopatu Polski"}]},{"@type":"Person","@id":"https:\/\/pakosc-kalwaria.franciszkanie.net\/#\/schema\/person\/af10b943be0760709227d060eadcb2aa","name":"pakosc-kalwaria","image":{"@type":"ImageObject","@id":"https:\/\/pakosc-kalwaria.franciszkanie.net\/#personlogo","inLanguage":"pl-PL","url":"https:\/\/secure.gravatar.com\/avatar\/e7049d338b55eac6a0027ff3218b8d02?s=96&d=mm&r=g","contentUrl":"https:\/\/secure.gravatar.com\/avatar\/e7049d338b55eac6a0027ff3218b8d02?s=96&d=mm&r=g","caption":"pakosc-kalwaria"},"sameAs":["https:\/\/www.facebook.com\/KalwariaPakosc\/"],"url":"https:\/\/pakosc-kalwaria.franciszkanie.net\/index.php\/author\/pakosc-kalwaria\/"}]}},"_links":{"self":[{"href":"https:\/\/pakosc-kalwaria.franciszkanie.net\/index.php\/wp-json\/wp\/v2\/posts\/18841"}],"collection":[{"href":"https:\/\/pakosc-kalwaria.franciszkanie.net\/index.php\/wp-json\/wp\/v2\/posts"}],"about":[{"href":"https:\/\/pakosc-kalwaria.franciszkanie.net\/index.php\/wp-json\/wp\/v2\/types\/post"}],"author":[{"embeddable":true,"href":"https:\/\/pakosc-kalwaria.franciszkanie.net\/index.php\/wp-json\/wp\/v2\/users\/2"}],"replies":[{"embeddable":true,"href":"https:\/\/pakosc-kalwaria.franciszkanie.net\/index.php\/wp-json\/wp\/v2\/comments?post=18841"}],"version-history":[{"count":1,"href":"https:\/\/pakosc-kalwaria.franciszkanie.net\/index.php\/wp-json\/wp\/v2\/posts\/18841\/revisions"}],"predecessor-version":[{"id":18843,"href":"https:\/\/pakosc-kalwaria.franciszkanie.net\/index.php\/wp-json\/wp\/v2\/posts\/18841\/revisions\/18843"}],"wp:featuredmedia":[{"embeddable":true,"href":"https:\/\/pakosc-kalwaria.franciszkanie.net\/index.php\/wp-json\/wp\/v2\/media\/18842"}],"wp:attachment":[{"href":"https:\/\/pakosc-kalwaria.franciszkanie.net\/index.php\/wp-json\/wp\/v2\/media?parent=18841"}],"wp:term":[{"taxonomy":"category","embeddable":true,"href":"https:\/\/pakosc-kalwaria.franciszkanie.net\/index.php\/wp-json\/wp\/v2\/categories?post=18841"},{"taxonomy":"post_tag","embeddable":true,"href":"https:\/\/pakosc-kalwaria.franciszkanie.net\/index.php\/wp-json\/wp\/v2\/tags?post=18841"}],"curies":[{"name":"wp","href":"https:\/\/api.w.org\/{rel}","templated":true}]}}