{"id":18940,"date":"2021-06-20T12:00:52","date_gmt":"2021-06-20T10:00:52","guid":{"rendered":"http:\/\/pakosc-kalwaria.franciszkanie.net\/?p=18940"},"modified":"2021-06-20T08:35:36","modified_gmt":"2021-06-20T06:35:36","slug":"do-medytacji-z-kalwaryjskiego-wzgorza-niedziela-20-06-2021r","status":"publish","type":"post","link":"https:\/\/pakosc-kalwaria.franciszkanie.net\/index.php\/2021\/06\/20\/do-medytacji-z-kalwaryjskiego-wzgorza-niedziela-20-06-2021r\/","title":{"rendered":"Do medytacji z kalwaryjskiego Wzg\u00f3rza \u2013 Niedziela 20.06.2021r."},"content":{"rendered":"<p><span style=\"color: #ff0000;\"><strong>Z liturgii 12. Niedzieli Zwyk\u0142ej \u201320.06.2021r.<\/strong><\/span><\/p>\n<p><strong><span style=\"color: #ff0000;\">1. czytanie<\/span> <\/strong>(Hi 38, 1. 8-11) <em>B\u00f3g jest w\u0142adc\u0105 morza<br \/>\n<\/em><strong>Czytanie z Ksi\u0119gi Hioba<br \/>\n<\/strong>Z wichru Pan zwr\u00f3ci\u0142 si\u0119 do Hioba i rzek\u0142: \u00abKto bram\u0105 zamkn\u0105\u0142 morze, gdy wysz\u0142o z \u0142ona wzburzone, gdy chmury mu da\u0142em za ubranie, za pieluszki \u2013 ciemno\u015b\u0107 pierwotn\u0105? Z\u0142ama\u0142em jego wielko\u015b\u0107 mym prawem, wprawi\u0142em wrzeci\u0105dze i bram\u0119. I rzek\u0142em: A\u017c dot\u0105d, nie dalej! Tu zapora dla twoich fal nad\u0119tych\u00bb. Oto S\u0142owo Bo\u017ce.<\/p>\n<p><span style=\"color: #ff0000;\"><strong>Psalm<\/strong> <\/span>(Ps 107 (106), 23-24. 25-26. 28-29. 30-31 (R.: por. 1))<br \/>\n<strong>Chwalmy na wieki mi\u0142osierdzie Pana<\/strong><br \/>\nCi, kt\u00f3rzy statkami ruszyli na morze, *<br \/>\nby handlowa\u0107 na wodach ogromnych,<br \/>\nwidzieli dzie\u0142a Pana *<br \/>\ni Jego cuda w\u015br\u00f3d g\u0142\u0119bin.<\/p>\n<div id=\"tabnowy0all\" class=\"tab-pane fade active in\">\n<p><strong>Chwalmy na wieki mi\u0142osierdzie Pana<br \/>\n<\/strong>Rzek\u0142, i zerwa\u0142 si\u0119 wicher, *<br \/>\nburzliwie pi\u0119trz\u0105c fale.<br \/>\nWznosili si\u0119 pod niebo, zapadali w otch\u0142a\u0144, *<br \/>\nich dusza truchla\u0142a w niedoli.<\/p>\n<p><strong>Chwalmy na wieki mi\u0142osierdzie Pana<br \/>\n<\/strong>Wo\u0142ali w nieszcz\u0119\u015bciu do Pana, *<br \/>\na On ich wyzwoli\u0142 od trwogi.<br \/>\nZamieni\u0142 burz\u0119 na powiew \u0142agodny, *<br \/>\numilk\u0142y morskie fale.<\/p>\n<p><strong>Chwalmy na wieki mi\u0142osierdzie Pana<br \/>\n<\/strong>Radowali si\u0119 cisz\u0105, kt\u00f3ra nasta\u0142a, *<br \/>\nprzywi\u00f3d\u0142 ich do upragnionej przystani.<br \/>\nNiech dzi\u0119kuj\u0105 Panu za dobro\u0107 Jego, *<br \/>\nza Jego cuda wobec syn\u00f3w ludzkich.<br \/>\n<strong>Chwalmy na wieki mi\u0142osierdzie Pana<\/strong><\/p>\n<p><strong><span style=\"color: #ff0000;\">2. czytanie<\/span><\/strong> (2 Kor 5, 14-17) <em>Wszystko sta\u0142o si\u0119 nowe<br \/>\n<\/em><strong>Czytanie z Drugiego Listu \u015awi\u0119tego Paw\u0142a Aposto\u0142a do Koryntian<br \/>\n<\/strong>Bracia: Mi\u0142o\u015b\u0107 Chrystusa przynagla nas, pomnych na to, \u017ce skoro Jeden umar\u0142 za wszystkich, to wszyscy pomarli. A w\u0142a\u015bnie za wszystkich umar\u0142 Chrystus po to, aby ci, co \u017cyj\u0105, ju\u017c nie \u017cyli dla siebie, lecz dla Tego, kt\u00f3ry za nich umar\u0142 i zmartwychwsta\u0142. Tak wi\u0119c i my odt\u0105d ju\u017c nikogo nie znamy wed\u0142ug cia\u0142a; a je\u015bli nawet wed\u0142ug cia\u0142a poznali\u015bmy Chrystusa, to ju\u017c wi\u0119cej nie znamy Go w ten spos\u00f3b. Je\u017celi wi\u0119c kto\u015b pozostaje w Chrystusie, jest nowym stworzeniem. To, co dawne, min\u0119\u0142o, a oto wszystko sta\u0142o si\u0119 nowe. Oto S\u0142owo Bo\u017ce.<\/p>\n<p><span style=\"color: #ff0000;\"><strong>Aklamacja<\/strong><\/span> (Por. \u0141k 7, 16)<br \/>\n<strong>Alleluja, alleluja, alleluja<br \/>\n<\/strong>Wielki prorok powsta\u0142 mi\u0119dzy nami<br \/>\ni B\u00f3g nawiedzi\u0142 lud sw\u00f3j.<br \/>\n<strong>Alleluja, alleluja, alleluja<\/strong><\/p>\n<p><strong><span style=\"color: #ff0000;\">Ewangelia<\/span><\/strong> (Mk 4, 35-41) <em>Jezus ucisza burz\u0119<br \/>\n<\/em><strong>S\u0142owa Ewangelii wed\u0142ug \u015awi\u0119tego Marka<br \/>\n<\/strong>Owego dnia, gdy zapad\u0142 wiecz\u00f3r, Jezus rzek\u0142 do swoich uczni\u00f3w: \u00abPrzeprawmy si\u0119 na drug\u0105 stron\u0119\u00bb. Zostawili wi\u0119c t\u0142um, a Jego zabrali, tak jak by\u0142 w \u0142odzi. Tak\u017ce inne \u0142odzie p\u0142yn\u0119\u0142y z Nim. A nagle zerwa\u0142 si\u0119 gwa\u0142towny wicher. Fale bi\u0142y w \u0142\u00f3d\u017a, tak \u017ce \u0142\u00f3d\u017a ju\u017c si\u0119 nape\u0142nia\u0142a wod\u0105. On za\u015b spa\u0142 w tyle \u0142odzi na wezg\u0142owiu. Zbudzili Go i powiedzieli do Niego: \u00abNauczycielu, nic Ci\u0119 to nie obchodzi, \u017ce giniemy?\u00bb On, powstawszy, zgromi\u0142 wicher i rzek\u0142 do jeziora: \u00abMilcz, ucisz si\u0119!\u00bb Wicher si\u0119 uspokoi\u0142 i nasta\u0142a g\u0142\u0119boka cisza. Wtedy rzek\u0142 do nich: \u00abCzemu tak boja\u017aliwi jeste\u015bcie? Jak\u017ce brak wam wiary!\u00bb Oni zl\u0119kli si\u0119 bardzo i m\u00f3wili mi\u0119dzy sob\u0105: \u00abKim On jest w\u0142a\u015bciwie, \u017ce nawet wicher i jezioro s\u0105 Mu pos\u0142uszne?\u00bb Oto S\u0142owo Pa\u0144skie.<\/p>\n<p><strong><span style=\"color: #ff0000;\">Z kazania na kalwaryjskim Wzg\u00f3rzu \u2013 Niedziela 20.06.2021r.<\/span><br \/>\n<\/strong><strong>Jezus ucisza nasze \u017cyciowe burze.<br \/>\n<\/strong>\u015aw. Marek opisuje dzisiaj wydarzenie, kt\u00f3re mia\u0142o miejsce na jeziorze Genezaret, zwanym te\u017c Morzem Tyberiadzkim. Wieczorem, gdy Jezus ze swoimi uczniami p\u0142yn\u0105\u0142 \u0142odzi\u0105 na drugi brzeg jeziora, nagle zerwa\u0142 si\u0119 gwa\u0142towny wicher i fale uderzy\u0142y w \u0142\u00f3d\u017a z wielkim impetem, tak \u017ce \u0142\u00f3d\u017a zacz\u0119\u0142a si\u0119 nape\u0142nia\u0107 wod\u0105. Aposto\u0142owie, w\u015br\u00f3d kt\u00f3rych wi\u0119kszo\u015b\u0107 by\u0142a rybakami, d\u0142ugo sami walczyli z nawa\u0142nic\u0105. Dopiero gdy zauwa\u017cyli, \u017ce ich wysi\u0142ki nie przynosz\u0105 oczekiwanego skutku, \u017ce zaczynaj\u0105 ton\u0105\u0107, jak gdyby w odruchu ostatniej nadziei zwracaj\u0105 si\u0119 do Jezusa: \u201eNauczycielu nic Ci\u0119 nie obchodzi, \u017ce giniemy\u201d. Nie wystarczy\u0142a sama fachowo\u015b\u0107 tych rybak\u00f3w, dobrze obytych z ro\u017cnymi warunkami na morzu, ale musia\u0142 im pom\u00f3c sam Jezus. Interwencja Jezusa przeros\u0142a ich naj\u015bmielsze oczekiwania: \u201eOn wsta\u0142, rozkaza\u0142 wichrowi i rzek\u0142 do jeziora: Milcz, ucisz si\u0119! Wicher si\u0119 uspokoi\u0142 i nasta\u0142a g\u0142\u0119boka cisza\u201d. A oni zdumieli zapytali: \u201eKim w\u0142a\u015bciwie On jest, \u017ce nawet wicher i jezioro s\u0105 mu pos\u0142uszne?\u201d.<br \/>\nKa\u017cdy cz\u0142owiek ma w swoim \u017cyciu spokojne i bardzo burzliwe chwile. S\u0105 takie momenty w \u017cyciu w kt\u00f3rych wydaje si\u0119, \u017ce jeste\u015bmy u szczytu szcz\u0119\u015bcia. Ale przychodz\u0105 te\u017c takie okresy, \u017ce wszystko staje si\u0119 beznadziejne, smutne, wydaje si\u0119, \u017ce co\u015b jest nie do pokonania i nie do rozwi\u0105zania, \u017ce jest to ponad ludzkie si\u0142y. \u017bycie to cz\u0119sto droga przez burze i fale, przez nieszcz\u0119\u015bcia i cierpienia. Czasami s\u0105 to cierpienia fizyczne, jak choroba, czy niepe\u0142nosprawno\u015b\u0107. Czasami cierpienia duchowe, jak krzywdy wyrz\u0105dzone przez z\u0142ych ludzi, s\u0142abo\u015bci, pokusy, czy te\u017c pope\u0142nione grzechy. Czasami ro\u017cnego rodzaju \u017cyciowe niepowodzenia, czy te\u017c materialny niedostatek. Jak powiedzia\u0142 Szekspir: \u201eNie ma cz\u0142owieka bez trosk i cierpie\u0144, je\u017celi jest kto\u015b taki, to ten nie jest cz\u0142owiekiem\u201d. Cz\u0119sto wydaje si\u0119 nam wtedy, \u017ce niebo w naszym \u017cyciu jest zbyt pochmurne, czy wr\u0119cz czarne, a fale zbyt wzburzone. Nasza \u017cyciowa \u0142\u00f3d\u017a wydaje si\u0119 zbyt ma\u0142a, a nasze r\u0119ce zbyt s\u0142abe do wios\u0142owania. Cz\u0119sto w takich chwilach rodz\u0105 si\u0119 my\u015bli, \u017ce nawet B\u00f3g o nas zapomnia\u0142 i nie chce nam pom\u00f3c. Ogrania nas l\u0119k i panika, jeste\u015bmy za\u0142amani i zrozpaczeni. I tak jak ci Aposto\u0142owie wo\u0142amy wtedy: \u201eJezu czy Ciebie to nie obchodzi, \u017ce giniemy, \u017ce nie dajemy rady!?\u201d. A Jezus m\u00f3wi wtedy do nas: \u201eCzemu tak boja\u017aliwi jeste\u015bcie? Jak\u017ce wam brak wiary?\u201d. Dlaczego ogarnia was l\u0119k? Dlaczego tak bardzo si\u0119 boicie? Dlaczego mi nie ufacie? Przecie\u017c Ja ca\u0142y czas jestem z wami, zawsze jestem blisko was!<br \/>\nMo\u017ce w\u0142a\u015bnie dlatego, \u017ce s\u0142aba jest jeszcze nasza wiara, st\u0105d w naszym \u017cyciu w obliczu burz i trudno\u015bci, tak ma\u0142o zaufania do Jezusa i Jego mocy!? Gdy w cz\u0142owieku nie ma wiary w Boga, albo ta wiara jest bardzo s\u0142aba, to w obliczu trudno\u015bci, niepowodze\u0144 i za\u0142amania, cz\u0142owiek\u00a0 zaczyna ucieka\u0107 w p\u00f3\u0142\u015brodki, kt\u00f3re maj\u0105 rozwi\u0105za\u0107 \u017cyciowe problemy. A s\u0105 nimi wtedy bardzo cz\u0119sto: k\u0142amstwa, kradzie\u017ce, alkohol, narkotyki. Wielu zapomina, \u017ce najlepszym lekarstwem na \u017cyciowe problem i burze jest Bo\u017ca pomoc i Bo\u017ca wszechmoc! Nie liczmy w \u017cyciu tylko na siebie i na w\u0142asne si\u0142y. Jako ludzie wierz\u0105cy liczmy przede wszystkim na bosk\u0105 moc Jezusa. Szukajmy pomocy u Jezusa w modlitwie, w spotkaniach na Eucharystii, w sakramentach \u015bwi\u0119tych.<br \/>\nZaufajmy jeszcze bardziej w codziennym \u017cyciu Jezusowi. On nawet wtedy gdy cierpia\u0142 i umiera\u0142 na Krzy\u017cu, to te\u017c wygrywa\u0142! Je\u017celi w Jezusie z\u0142o\u017cymy ca\u0142\u0105 nasz\u0105 nadziej\u0119, to nawet gdy po ludzku do\u015bwiadczymy w \u017cyciu pora\u017cki, niepowodzenia, czy cierpienia, to w ostatecznym rozrachunku z Jezusem nie zginiemy.\u00a0\u00a0\u00a0\u00a0 Jezus uczy nas dzisiaj, \u017ce l\u0119k i strach w \u017cyciu mo\u017cna zwyci\u0119\u017cy\u0107 tylko broni\u0105, kt\u00f3r\u0105 jest wiara i zaufanie do Jezusa. \u015aw. Jan Pawe\u0142 II g\u0142osi\u0142, \u017ce \u201eNie ma problemu nieobecno\u015bci Chrystusa. Nie ma problemu Jego odej\u015bcia z historii cz\u0142owieka, nie ma te\u017c milczenia Boga wobec niepokoj\u00f3w ludzkiego serca i losu. Jest tylko zawsze i wsz\u0119dzie problem naszej obecno\u015bci przy Chrystusie, naszego trwania w Chrystusie\u201d. Uczmy si\u0119 wi\u0119c zaufania do Boga w ka\u017cdej \u017cyciowej sytuacji, nawet tej najtrudniejszej. Nie poddawajmy si\u0119 zw\u0105tpieniu czy te\u017c rozpaczy! \u017byjmy z przekonaniem, p\u0142yn\u0105cym z g\u0142\u0119bokiej wiary, \u017ce nie ma \u017cyciu cz\u0142owieka takiej burzy kt\u00f3rej Jezus nie m\u00f3g\u0142by uciszy\u0107. I nie ma takich problem\u00f3w z kt\u00f3rych cz\u0142owiek z Bo\u017c\u0105 pomoc\u0105 nie mo\u017ce wyj\u015b\u0107 zwyci\u0119sko. Amen.<br \/>\n(o.R.)<\/p>\n<\/div>\n","protected":false},"excerpt":{"rendered":"<p>Z liturgii 12. Niedzieli Zwyk\u0142ej \u201320.06.2021r. 1. czytanie (Hi 38, 1. 8-11) B\u00f3g jest w\u0142adc\u0105 morza Czytanie z Ksi\u0119gi Hioba Z wichru Pan zwr\u00f3ci\u0142 si\u0119 do Hioba i rzek\u0142: \u00abKto bram\u0105 zamkn\u0105\u0142 morze, gdy wysz\u0142o z \u0142ona wzburzone, gdy chmury mu da\u0142em za ubranie, za pieluszki \u2013 ciemno\u015b\u0107 pierwotn\u0105? Z\u0142ama\u0142em jego wielko\u015b\u0107 mym prawem, wprawi\u0142em &hellip;<\/p>\n","protected":false},"author":2,"featured_media":18941,"comment_status":"closed","ping_status":"closed","sticky":false,"template":"","format":"standard","meta":{"_mi_skip_tracking":false,"_exactmetrics_sitenote_active":false,"_exactmetrics_sitenote_note":"","_exactmetrics_sitenote_category":0},"categories":[14],"tags":[],"yoast_head":"<!-- This site is optimized with the Yoast SEO plugin v18.1 - https:\/\/yoast.com\/wordpress\/plugins\/seo\/ -->\n<title>Do medytacji z kalwaryjskiego Wzg\u00f3rza \u2013 Niedziela 20.06.2021r. - Pako\u015b\u0107 \u2013 Kalwaria<\/title>\n<meta name=\"robots\" content=\"index, follow, max-snippet:-1, max-image-preview:large, max-video-preview:-1\" \/>\n<link rel=\"canonical\" href=\"https:\/\/pakosc-kalwaria.franciszkanie.net\/index.php\/2021\/06\/20\/do-medytacji-z-kalwaryjskiego-wzgorza-niedziela-20-06-2021r\/\" \/>\n<meta property=\"og:locale\" content=\"pl_PL\" \/>\n<meta property=\"og:type\" content=\"article\" \/>\n<meta property=\"og:title\" content=\"Do medytacji z kalwaryjskiego Wzg\u00f3rza \u2013 Niedziela 20.06.2021r. - Pako\u015b\u0107 \u2013 Kalwaria\" \/>\n<meta property=\"og:description\" content=\"Z liturgii 12. Niedzieli Zwyk\u0142ej \u201320.06.2021r. 1. czytanie (Hi 38, 1. 8-11) B\u00f3g jest w\u0142adc\u0105 morza Czytanie z Ksi\u0119gi Hioba Z wichru Pan zwr\u00f3ci\u0142 si\u0119 do Hioba i rzek\u0142: \u00abKto bram\u0105 zamkn\u0105\u0142 morze, gdy wysz\u0142o z \u0142ona wzburzone, gdy chmury mu da\u0142em za ubranie, za pieluszki \u2013 ciemno\u015b\u0107 pierwotn\u0105? Z\u0142ama\u0142em jego wielko\u015b\u0107 mym prawem, wprawi\u0142em &hellip;\" \/>\n<meta property=\"og:url\" content=\"https:\/\/pakosc-kalwaria.franciszkanie.net\/index.php\/2021\/06\/20\/do-medytacji-z-kalwaryjskiego-wzgorza-niedziela-20-06-2021r\/\" \/>\n<meta property=\"og:site_name\" content=\"Pako\u015b\u0107 \u2013 Kalwaria\" \/>\n<meta property=\"article:author\" content=\"https:\/\/www.facebook.com\/KalwariaPakosc\/\" \/>\n<meta property=\"article:published_time\" content=\"2021-06-20T10:00:52+00:00\" \/>\n<meta property=\"article:modified_time\" content=\"2021-06-20T06:35:36+00:00\" \/>\n<meta property=\"og:image\" content=\"https:\/\/pakosc-kalwaria.franciszkanie.net\/wp-content\/uploads\/2021\/06\/P1000784-\u2014-kopia.jpg\" \/>\n\t<meta property=\"og:image:width\" content=\"400\" \/>\n\t<meta property=\"og:image:height\" content=\"225\" \/>\n\t<meta property=\"og:image:type\" content=\"image\/jpeg\" \/>\n<meta name=\"twitter:card\" content=\"summary\" \/>\n<meta name=\"twitter:label1\" content=\"Napisane przez\" \/>\n\t<meta name=\"twitter:data1\" content=\"pakosc-kalwaria\" \/>\n\t<meta name=\"twitter:label2\" content=\"Szacowany czas czytania\" \/>\n\t<meta name=\"twitter:data2\" content=\"7 minut\" \/>\n<script type=\"application\/ld+json\" class=\"yoast-schema-graph\">{\"@context\":\"https:\/\/schema.org\",\"@graph\":[{\"@type\":\"WebSite\",\"@id\":\"https:\/\/pakosc-kalwaria.franciszkanie.net\/#website\",\"url\":\"https:\/\/pakosc-kalwaria.franciszkanie.net\/\",\"name\":\"Pako\u015b\u0107 \u2013 Kalwaria\",\"description\":\"Parafia Rzymsko \u2013 Katolicka p.w. Pana Jezusa Ukrzy\u017cowanego i  Matki Bo\u017cej Bolesnej ul. Barci\u0144ska 60, 88\u2013170 Pako\u015b\u0107 \u2013 Kalwaria\",\"potentialAction\":[{\"@type\":\"SearchAction\",\"target\":{\"@type\":\"EntryPoint\",\"urlTemplate\":\"https:\/\/pakosc-kalwaria.franciszkanie.net\/?s={search_term_string}\"},\"query-input\":\"required name=search_term_string\"}],\"inLanguage\":\"pl-PL\"},{\"@type\":\"ImageObject\",\"@id\":\"https:\/\/pakosc-kalwaria.franciszkanie.net\/index.php\/2021\/06\/20\/do-medytacji-z-kalwaryjskiego-wzgorza-niedziela-20-06-2021r\/#primaryimage\",\"inLanguage\":\"pl-PL\",\"url\":\"https:\/\/pakosc-kalwaria.franciszkanie.net\/wp-content\/uploads\/2021\/06\/P1000784-\u2014-kopia.jpg\",\"contentUrl\":\"https:\/\/pakosc-kalwaria.franciszkanie.net\/wp-content\/uploads\/2021\/06\/P1000784-\u2014-kopia.jpg\",\"width\":400,\"height\":225},{\"@type\":\"WebPage\",\"@id\":\"https:\/\/pakosc-kalwaria.franciszkanie.net\/index.php\/2021\/06\/20\/do-medytacji-z-kalwaryjskiego-wzgorza-niedziela-20-06-2021r\/#webpage\",\"url\":\"https:\/\/pakosc-kalwaria.franciszkanie.net\/index.php\/2021\/06\/20\/do-medytacji-z-kalwaryjskiego-wzgorza-niedziela-20-06-2021r\/\",\"name\":\"Do medytacji z kalwaryjskiego Wzg\u00f3rza \u2013 Niedziela 20.06.2021r. - Pako\u015b\u0107 \u2013 Kalwaria\",\"isPartOf\":{\"@id\":\"https:\/\/pakosc-kalwaria.franciszkanie.net\/#website\"},\"primaryImageOfPage\":{\"@id\":\"https:\/\/pakosc-kalwaria.franciszkanie.net\/index.php\/2021\/06\/20\/do-medytacji-z-kalwaryjskiego-wzgorza-niedziela-20-06-2021r\/#primaryimage\"},\"datePublished\":\"2021-06-20T10:00:52+00:00\",\"dateModified\":\"2021-06-20T06:35:36+00:00\",\"author\":{\"@id\":\"https:\/\/pakosc-kalwaria.franciszkanie.net\/#\/schema\/person\/af10b943be0760709227d060eadcb2aa\"},\"breadcrumb\":{\"@id\":\"https:\/\/pakosc-kalwaria.franciszkanie.net\/index.php\/2021\/06\/20\/do-medytacji-z-kalwaryjskiego-wzgorza-niedziela-20-06-2021r\/#breadcrumb\"},\"inLanguage\":\"pl-PL\",\"potentialAction\":[{\"@type\":\"ReadAction\",\"target\":[\"https:\/\/pakosc-kalwaria.franciszkanie.net\/index.php\/2021\/06\/20\/do-medytacji-z-kalwaryjskiego-wzgorza-niedziela-20-06-2021r\/\"]}]},{\"@type\":\"BreadcrumbList\",\"@id\":\"https:\/\/pakosc-kalwaria.franciszkanie.net\/index.php\/2021\/06\/20\/do-medytacji-z-kalwaryjskiego-wzgorza-niedziela-20-06-2021r\/#breadcrumb\",\"itemListElement\":[{\"@type\":\"ListItem\",\"position\":1,\"name\":\"Strona g\u0142\u00f3wna\",\"item\":\"https:\/\/pakosc-kalwaria.franciszkanie.net\/\"},{\"@type\":\"ListItem\",\"position\":2,\"name\":\"Do medytacji z kalwaryjskiego Wzg\u00f3rza \u2013 Niedziela 20.06.2021r.\"}]},{\"@type\":\"Person\",\"@id\":\"https:\/\/pakosc-kalwaria.franciszkanie.net\/#\/schema\/person\/af10b943be0760709227d060eadcb2aa\",\"name\":\"pakosc-kalwaria\",\"image\":{\"@type\":\"ImageObject\",\"@id\":\"https:\/\/pakosc-kalwaria.franciszkanie.net\/#personlogo\",\"inLanguage\":\"pl-PL\",\"url\":\"https:\/\/secure.gravatar.com\/avatar\/e7049d338b55eac6a0027ff3218b8d02?s=96&d=mm&r=g\",\"contentUrl\":\"https:\/\/secure.gravatar.com\/avatar\/e7049d338b55eac6a0027ff3218b8d02?s=96&d=mm&r=g\",\"caption\":\"pakosc-kalwaria\"},\"sameAs\":[\"https:\/\/www.facebook.com\/KalwariaPakosc\/\"],\"url\":\"https:\/\/pakosc-kalwaria.franciszkanie.net\/index.php\/author\/pakosc-kalwaria\/\"}]}<\/script>\n<!-- \/ Yoast SEO plugin. -->","yoast_head_json":{"title":"Do medytacji z kalwaryjskiego Wzg\u00f3rza \u2013 Niedziela 20.06.2021r. - Pako\u015b\u0107 \u2013 Kalwaria","robots":{"index":"index","follow":"follow","max-snippet":"max-snippet:-1","max-image-preview":"max-image-preview:large","max-video-preview":"max-video-preview:-1"},"canonical":"https:\/\/pakosc-kalwaria.franciszkanie.net\/index.php\/2021\/06\/20\/do-medytacji-z-kalwaryjskiego-wzgorza-niedziela-20-06-2021r\/","og_locale":"pl_PL","og_type":"article","og_title":"Do medytacji z kalwaryjskiego Wzg\u00f3rza \u2013 Niedziela 20.06.2021r. - Pako\u015b\u0107 \u2013 Kalwaria","og_description":"Z liturgii 12. Niedzieli Zwyk\u0142ej \u201320.06.2021r. 1. czytanie (Hi 38, 1. 8-11) B\u00f3g jest w\u0142adc\u0105 morza Czytanie z Ksi\u0119gi Hioba Z wichru Pan zwr\u00f3ci\u0142 si\u0119 do Hioba i rzek\u0142: \u00abKto bram\u0105 zamkn\u0105\u0142 morze, gdy wysz\u0142o z \u0142ona wzburzone, gdy chmury mu da\u0142em za ubranie, za pieluszki \u2013 ciemno\u015b\u0107 pierwotn\u0105? Z\u0142ama\u0142em jego wielko\u015b\u0107 mym prawem, wprawi\u0142em &hellip;","og_url":"https:\/\/pakosc-kalwaria.franciszkanie.net\/index.php\/2021\/06\/20\/do-medytacji-z-kalwaryjskiego-wzgorza-niedziela-20-06-2021r\/","og_site_name":"Pako\u015b\u0107 \u2013 Kalwaria","article_author":"https:\/\/www.facebook.com\/KalwariaPakosc\/","article_published_time":"2021-06-20T10:00:52+00:00","article_modified_time":"2021-06-20T06:35:36+00:00","og_image":[{"width":400,"height":225,"url":"https:\/\/pakosc-kalwaria.franciszkanie.net\/wp-content\/uploads\/2021\/06\/P1000784-\u2014-kopia.jpg","type":"image\/jpeg"}],"twitter_card":"summary","twitter_misc":{"Napisane przez":"pakosc-kalwaria","Szacowany czas czytania":"7 minut"},"schema":{"@context":"https:\/\/schema.org","@graph":[{"@type":"WebSite","@id":"https:\/\/pakosc-kalwaria.franciszkanie.net\/#website","url":"https:\/\/pakosc-kalwaria.franciszkanie.net\/","name":"Pako\u015b\u0107 \u2013 Kalwaria","description":"Parafia Rzymsko \u2013 Katolicka p.w. Pana Jezusa Ukrzy\u017cowanego i  Matki Bo\u017cej Bolesnej ul. Barci\u0144ska 60, 88\u2013170 Pako\u015b\u0107 \u2013 Kalwaria","potentialAction":[{"@type":"SearchAction","target":{"@type":"EntryPoint","urlTemplate":"https:\/\/pakosc-kalwaria.franciszkanie.net\/?s={search_term_string}"},"query-input":"required name=search_term_string"}],"inLanguage":"pl-PL"},{"@type":"ImageObject","@id":"https:\/\/pakosc-kalwaria.franciszkanie.net\/index.php\/2021\/06\/20\/do-medytacji-z-kalwaryjskiego-wzgorza-niedziela-20-06-2021r\/#primaryimage","inLanguage":"pl-PL","url":"https:\/\/pakosc-kalwaria.franciszkanie.net\/wp-content\/uploads\/2021\/06\/P1000784-\u2014-kopia.jpg","contentUrl":"https:\/\/pakosc-kalwaria.franciszkanie.net\/wp-content\/uploads\/2021\/06\/P1000784-\u2014-kopia.jpg","width":400,"height":225},{"@type":"WebPage","@id":"https:\/\/pakosc-kalwaria.franciszkanie.net\/index.php\/2021\/06\/20\/do-medytacji-z-kalwaryjskiego-wzgorza-niedziela-20-06-2021r\/#webpage","url":"https:\/\/pakosc-kalwaria.franciszkanie.net\/index.php\/2021\/06\/20\/do-medytacji-z-kalwaryjskiego-wzgorza-niedziela-20-06-2021r\/","name":"Do medytacji z kalwaryjskiego Wzg\u00f3rza \u2013 Niedziela 20.06.2021r. - Pako\u015b\u0107 \u2013 Kalwaria","isPartOf":{"@id":"https:\/\/pakosc-kalwaria.franciszkanie.net\/#website"},"primaryImageOfPage":{"@id":"https:\/\/pakosc-kalwaria.franciszkanie.net\/index.php\/2021\/06\/20\/do-medytacji-z-kalwaryjskiego-wzgorza-niedziela-20-06-2021r\/#primaryimage"},"datePublished":"2021-06-20T10:00:52+00:00","dateModified":"2021-06-20T06:35:36+00:00","author":{"@id":"https:\/\/pakosc-kalwaria.franciszkanie.net\/#\/schema\/person\/af10b943be0760709227d060eadcb2aa"},"breadcrumb":{"@id":"https:\/\/pakosc-kalwaria.franciszkanie.net\/index.php\/2021\/06\/20\/do-medytacji-z-kalwaryjskiego-wzgorza-niedziela-20-06-2021r\/#breadcrumb"},"inLanguage":"pl-PL","potentialAction":[{"@type":"ReadAction","target":["https:\/\/pakosc-kalwaria.franciszkanie.net\/index.php\/2021\/06\/20\/do-medytacji-z-kalwaryjskiego-wzgorza-niedziela-20-06-2021r\/"]}]},{"@type":"BreadcrumbList","@id":"https:\/\/pakosc-kalwaria.franciszkanie.net\/index.php\/2021\/06\/20\/do-medytacji-z-kalwaryjskiego-wzgorza-niedziela-20-06-2021r\/#breadcrumb","itemListElement":[{"@type":"ListItem","position":1,"name":"Strona g\u0142\u00f3wna","item":"https:\/\/pakosc-kalwaria.franciszkanie.net\/"},{"@type":"ListItem","position":2,"name":"Do medytacji z kalwaryjskiego Wzg\u00f3rza \u2013 Niedziela 20.06.2021r."}]},{"@type":"Person","@id":"https:\/\/pakosc-kalwaria.franciszkanie.net\/#\/schema\/person\/af10b943be0760709227d060eadcb2aa","name":"pakosc-kalwaria","image":{"@type":"ImageObject","@id":"https:\/\/pakosc-kalwaria.franciszkanie.net\/#personlogo","inLanguage":"pl-PL","url":"https:\/\/secure.gravatar.com\/avatar\/e7049d338b55eac6a0027ff3218b8d02?s=96&d=mm&r=g","contentUrl":"https:\/\/secure.gravatar.com\/avatar\/e7049d338b55eac6a0027ff3218b8d02?s=96&d=mm&r=g","caption":"pakosc-kalwaria"},"sameAs":["https:\/\/www.facebook.com\/KalwariaPakosc\/"],"url":"https:\/\/pakosc-kalwaria.franciszkanie.net\/index.php\/author\/pakosc-kalwaria\/"}]}},"_links":{"self":[{"href":"https:\/\/pakosc-kalwaria.franciszkanie.net\/index.php\/wp-json\/wp\/v2\/posts\/18940"}],"collection":[{"href":"https:\/\/pakosc-kalwaria.franciszkanie.net\/index.php\/wp-json\/wp\/v2\/posts"}],"about":[{"href":"https:\/\/pakosc-kalwaria.franciszkanie.net\/index.php\/wp-json\/wp\/v2\/types\/post"}],"author":[{"embeddable":true,"href":"https:\/\/pakosc-kalwaria.franciszkanie.net\/index.php\/wp-json\/wp\/v2\/users\/2"}],"replies":[{"embeddable":true,"href":"https:\/\/pakosc-kalwaria.franciszkanie.net\/index.php\/wp-json\/wp\/v2\/comments?post=18940"}],"version-history":[{"count":2,"href":"https:\/\/pakosc-kalwaria.franciszkanie.net\/index.php\/wp-json\/wp\/v2\/posts\/18940\/revisions"}],"predecessor-version":[{"id":18943,"href":"https:\/\/pakosc-kalwaria.franciszkanie.net\/index.php\/wp-json\/wp\/v2\/posts\/18940\/revisions\/18943"}],"wp:featuredmedia":[{"embeddable":true,"href":"https:\/\/pakosc-kalwaria.franciszkanie.net\/index.php\/wp-json\/wp\/v2\/media\/18941"}],"wp:attachment":[{"href":"https:\/\/pakosc-kalwaria.franciszkanie.net\/index.php\/wp-json\/wp\/v2\/media?parent=18940"}],"wp:term":[{"taxonomy":"category","embeddable":true,"href":"https:\/\/pakosc-kalwaria.franciszkanie.net\/index.php\/wp-json\/wp\/v2\/categories?post=18940"},{"taxonomy":"post_tag","embeddable":true,"href":"https:\/\/pakosc-kalwaria.franciszkanie.net\/index.php\/wp-json\/wp\/v2\/tags?post=18940"}],"curies":[{"name":"wp","href":"https:\/\/api.w.org\/{rel}","templated":true}]}}