{"id":19241,"date":"2021-06-25T18:00:06","date_gmt":"2021-06-25T16:00:06","guid":{"rendered":"http:\/\/pakosc-kalwaria.franciszkanie.net\/?p=19241"},"modified":"2021-06-25T14:45:14","modified_gmt":"2021-06-25T12:45:14","slug":"do-medytacji-z-kalwaryjskiego-wzgorza-piatek-25-06-2021r","status":"publish","type":"post","link":"https:\/\/pakosc-kalwaria.franciszkanie.net\/index.php\/2021\/06\/25\/do-medytacji-z-kalwaryjskiego-wzgorza-piatek-25-06-2021r\/","title":{"rendered":"Do medytacji z kalwaryjskiego Wzg\u00f3rza \u2013 pi\u0105tek 25.06.2021r."},"content":{"rendered":"<p><strong><span style=\"color: #ff0000;\">Z kazania na kalwaryjskim Wzg\u00f3rzu \u2013 25.06.2021r. Zako\u0144czenie Roku szkolnego.<\/span><br \/>\n<\/strong><\/p>\n<p><strong>Wakacyjny i urlopowy czas z Jezusem<br \/>\n<\/strong>Eucharystia na kt\u00f3r\u0105 przyszli\u015bmy dzisiaj ma szczeg\u00f3lny wymiar dzi\u0119kczynienia. W tym spotkaniu na Mszy \u015awi\u0119tej z Jezusem i we wsp\u00f3lnocie Ko\u015bcio\u0142a, pragniemy wraz z dzie\u0107mi i m\u0142odzie\u017c\u0105, z nauczycielami i rodzicami, podzi\u0119kowa\u0107 za zako\u0144czony dzisiaj rok szkolny. Wielu na pewno dzisiaj g\u0142\u0119boko odetchn\u0119\u0142o: \u201eBogu dzi\u0119ki, wreszcie wakacje\u201d. Jeste\u015bmy cz\u0119sto zm\u0119czeni nauk\u0105, prac\u0105 i dlatego potrzebny jest nam czas wakacyjnego, czy te\u017c urlopowego wypoczynku.<br \/>\nW tym roku, jak zach\u0119ca nas papie\u017c Franciszek, mamy zwraca\u0107 nasz\u0105 uwag\u0119 na szczeg\u00f3lnego patrona jakim jest \u015awi\u0119ty J\u00f3zef. Od 8 grudnia 2020r. prze\u017cywamy w Ko\u015bciele Rok \u015awi\u0119tego J\u00f3zefa, dlatego pragniemy wraz z nim dzi\u0119kowa\u0107 Bogu za otrzymane w tym roku szkolnym \u0142aski oraz rozwa\u017caj\u0105c jego \u017cycie na\u015bladowa\u0107 go w naszej codzienno\u015bci.\u00a0 Uczy\u0144my to w trzech aspektach.<br \/>\n1\/ \u015awi\u0119ty J\u00f3zef uczy nas pracowito\u015bci, wytrwa\u0142o\u015bci oraz dba\u0142o\u015bci o w\u0142a\u015bciwe wykonywanie codziennych obowi\u0105zk\u00f3w. W czasie tego nie\u0142atwego Roku szkolnego zwi\u0105zanego z dodatkowymi problemami wywo\u0142anymi pandemi\u0105 koronawirusa, byli zapewne tacy, kt\u00f3rzy wytrwale pracowali nad przyswajaniem sobie wiedzy, w\u0142a\u015bciwie wykonywali swoje uczniowskie obowi\u0105zki, kt\u00f3rzy te\u017c pracowali nad swoim rozwojem osobistym, zar\u00f3wno pod wzgl\u0119dem umys\u0142owym, fizycznym, jak i religijnym.<br \/>\n2\/ \u015awi\u0119ty J\u00f3zef nazywany jest \u201eozdob\u0105 \u017cycia rodzinnego. S\u0142owo \u201eozdoba\u201d wskazuje na to, \u017ce jest to \u201eosoba lub rzecz, z kt\u00f3rej mo\u017cna by\u0107 dumnym\u201d. Postawa \u015bw. J\u00f3zefa, jego zaufanie do Boga i zachowanie w \u017cyciu rodzinnym, by\u0142o niejednokrotnie powodem do dumy dla Jezusa i Maryi. Tak\u017ce dzisiaj o niekt\u00f3rych rodzicach i dzieciach mo\u017cna powiedzie\u0107, \u017ce s\u0105 ozdob\u0105 \u017cycia rodzinnego. Dzieci mog\u0105 by\u0107 dumne ze swoich rodzic\u00f3w i dziadk\u00f3w, kt\u00f3rzy bardzo troszcz\u0105 si\u0119, by ich dzieci i wnuki mia\u0142y na co dzie\u0144 to co jest potrzebne nauce i w \u017cyciu. Uczniowie mog\u0105 by\u0107 dumni z nauczycieli, katechet\u00f3w i wychowawc\u00f3w, kt\u00f3rzy z wielkim po\u015bwi\u0119ceniem dbaj\u0105 o przekaz wiedzy oraz o dobre zachowanie i post\u0119powanie. S\u0105 te\u017c i tacy, kt\u00f3rzy mog\u0105 by\u0107 dumni ze swoich dzieci i wnuk\u00f3w, ze swoich uczni\u00f3w, z ich ocen na \u015bwiadectwie, a tak\u017ce z ro\u017cnego rodzaju sukces\u00f3w w ci\u0105gu ca\u0142ego Roku szkolnego.<br \/>\n3\/ \u015awi\u0119tego J\u00f3zefa czcimy r\u00f3wnie\u017c jako Opiekuna Ko\u015bcio\u0142a \u015awi\u0119tego. Jest on dla nas wzorem g\u0142\u0119bokiej wiary w Boga, wzorem cz\u0142owieka rozmodlonego i zanurzonego w Bogu. Jest wzorem mi\u0142o\u015bci do Jezusa i Maryi. My\u015bl\u0119, \u017ce w ci\u0105gu ca\u0142ego tego Roku szkolnego nie brakowa\u0142o dzieci i rodzic\u00f3w, uczni\u00f3w i nauczycieli, kt\u00f3rzy byli ca\u0142y czas blisko Jezusa i Jego Matki. Przez to \u0142atwiej by\u0142o im na co dzie\u0144 wzrasta\u0107 w \u201em\u0105dro\u015bci oraz w \u0142asce u Boga i u ludzi\u201d. Warto wi\u0119c dzisiaj podzi\u0119kowa\u0107 za ka\u017cde pobo\u017cne uczestniczenie we Mszy \u015awi\u0119tej czy to w ko\u015bciele, czy poprzez \u015brodki spo\u0142ecznego przekazu. Podzi\u0119kujmy Bogu za ka\u017cd\u0105 Spowied\u017a i Komuni\u0119 \u015bwi\u0119t\u0105, za ka\u017cd\u0105 odm\u00f3wion\u0105 modlitw\u0119 oraz za \u0142aski st\u0105d p\u0142yn\u0105ce. To dzi\u0119ki pomocy Boga i Jego \u00a0\u0142askom mo\u017cemy umacnia\u0107 nasz\u0105 wiar\u0119, wzrasta\u0107 duchowo i prowadzi\u0107 dobre chrze\u015bcija\u0144skie \u017cycie.<br \/>\nAle dzisiaj na zako\u0144czenie Roku szkolnego nie tylko pragniemy Bogu dzi\u0119kowa\u0107, ale przez wstawiennictwo \u015bw. J\u00f3zefa pragniemy Dobrego i Mi\u0142osiernego Boga poprosi\u0107 o potrzebne \u0142aski na czas wakacji i urlop\u00f3w. Je\u017celi chcemy prze\u017cy\u0107 ten czas wypoczynku dobrze i owocnie to prze\u017cyjmy go razem z Bogiem, razem z Jezusem, Jego Matk\u0105 Maryj\u0105 i \u015bw. J\u00f3zefem. Niech nasza codzienna modlitwa oraz udzia\u0142 w ka\u017cd\u0105 niedziel\u0119 we Mszy \u015awi\u0119tej, a tak\u017ce w tygodniu, b\u0119dzie dla nas pi\u0119kn\u0105 okazj\u0105 do uwielbiania Boga za pi\u0119kno stworzonego \u015bwiata, za pi\u0119kno przyrody, za czas sp\u0119dzony z rodzin\u0105 i z lud\u017ami, kt\u00f3rych poznamy. Pami\u0119tajmy, \u017ce od udzia\u0142u we Mszy \u015bwi\u0119tej niedzielnej nie ma ju\u017c dyspensy. A ka\u017cdy nas udzia\u0142 we Mszy \u015awi\u0119tej to okazja do wyznania naszej wiary w Boga. To pokazanie Jezusowi, \u017ce Go naprawd\u0119 kochamy, \u017ce jest On dla nas bardzo wa\u017cny, tak\u017ce w czasie wakacji i urlop\u00f3w. Niech wi\u0119c \u015bw. J\u00f3zef, wz\u00f3r\u00a0 pracowito\u015bci, wz\u00f3r \u017cycia rodzinnego i modlitwy, wspiera nas w czasie wakacji i urlop\u00f3w swoim or\u0119downictwem u Boga. \u015aw. J\u00f3zefie m\u00f3dl si\u0119 codziennie za nami! Amen.<br \/>\n(o.R.)<\/p>\n","protected":false},"excerpt":{"rendered":"<p>Z kazania na kalwaryjskim Wzg\u00f3rzu \u2013 25.06.2021r. Zako\u0144czenie Roku szkolnego. Wakacyjny i urlopowy czas z Jezusem Eucharystia na kt\u00f3r\u0105 przyszli\u015bmy dzisiaj ma szczeg\u00f3lny wymiar dzi\u0119kczynienia. W tym spotkaniu na Mszy \u015awi\u0119tej z Jezusem i we wsp\u00f3lnocie Ko\u015bcio\u0142a, pragniemy wraz z dzie\u0107mi i m\u0142odzie\u017c\u0105, z nauczycielami i rodzicami, podzi\u0119kowa\u0107 za zako\u0144czony dzisiaj rok szkolny. Wielu na &hellip;<\/p>\n","protected":false},"author":2,"featured_media":19242,"comment_status":"closed","ping_status":"closed","sticky":false,"template":"","format":"standard","meta":{"_mi_skip_tracking":false,"_exactmetrics_sitenote_active":false,"_exactmetrics_sitenote_note":"","_exactmetrics_sitenote_category":0},"categories":[14],"tags":[],"yoast_head":"<!-- This site is optimized with the Yoast SEO plugin v18.1 - https:\/\/yoast.com\/wordpress\/plugins\/seo\/ -->\n<title>Do medytacji z kalwaryjskiego Wzg\u00f3rza \u2013 pi\u0105tek 25.06.2021r. - Pako\u015b\u0107 \u2013 Kalwaria<\/title>\n<meta name=\"robots\" content=\"index, follow, max-snippet:-1, max-image-preview:large, max-video-preview:-1\" \/>\n<link rel=\"canonical\" href=\"https:\/\/pakosc-kalwaria.franciszkanie.net\/index.php\/2021\/06\/25\/do-medytacji-z-kalwaryjskiego-wzgorza-piatek-25-06-2021r\/\" \/>\n<meta property=\"og:locale\" content=\"pl_PL\" \/>\n<meta property=\"og:type\" content=\"article\" \/>\n<meta property=\"og:title\" content=\"Do medytacji z kalwaryjskiego Wzg\u00f3rza \u2013 pi\u0105tek 25.06.2021r. - Pako\u015b\u0107 \u2013 Kalwaria\" \/>\n<meta property=\"og:description\" content=\"Z kazania na kalwaryjskim Wzg\u00f3rzu \u2013 25.06.2021r. Zako\u0144czenie Roku szkolnego. Wakacyjny i urlopowy czas z Jezusem Eucharystia na kt\u00f3r\u0105 przyszli\u015bmy dzisiaj ma szczeg\u00f3lny wymiar dzi\u0119kczynienia. W tym spotkaniu na Mszy \u015awi\u0119tej z Jezusem i we wsp\u00f3lnocie Ko\u015bcio\u0142a, pragniemy wraz z dzie\u0107mi i m\u0142odzie\u017c\u0105, z nauczycielami i rodzicami, podzi\u0119kowa\u0107 za zako\u0144czony dzisiaj rok szkolny. Wielu na &hellip;\" \/>\n<meta property=\"og:url\" content=\"https:\/\/pakosc-kalwaria.franciszkanie.net\/index.php\/2021\/06\/25\/do-medytacji-z-kalwaryjskiego-wzgorza-piatek-25-06-2021r\/\" \/>\n<meta property=\"og:site_name\" content=\"Pako\u015b\u0107 \u2013 Kalwaria\" \/>\n<meta property=\"article:author\" content=\"https:\/\/www.facebook.com\/KalwariaPakosc\/\" \/>\n<meta property=\"article:published_time\" content=\"2021-06-25T16:00:06+00:00\" \/>\n<meta property=\"article:modified_time\" content=\"2021-06-25T12:45:14+00:00\" \/>\n<meta property=\"og:image\" content=\"https:\/\/pakosc-kalwaria.franciszkanie.net\/wp-content\/uploads\/2021\/06\/DSCN1602.jpg\" \/>\n\t<meta property=\"og:image:width\" content=\"350\" \/>\n\t<meta property=\"og:image:height\" content=\"262\" \/>\n\t<meta property=\"og:image:type\" content=\"image\/jpeg\" \/>\n<meta name=\"twitter:card\" content=\"summary\" \/>\n<meta name=\"twitter:label1\" content=\"Napisane przez\" \/>\n\t<meta name=\"twitter:data1\" content=\"pakosc-kalwaria\" \/>\n\t<meta name=\"twitter:label2\" content=\"Szacowany czas czytania\" \/>\n\t<meta name=\"twitter:data2\" content=\"4 minuty\" \/>\n<script type=\"application\/ld+json\" class=\"yoast-schema-graph\">{\"@context\":\"https:\/\/schema.org\",\"@graph\":[{\"@type\":\"WebSite\",\"@id\":\"https:\/\/pakosc-kalwaria.franciszkanie.net\/#website\",\"url\":\"https:\/\/pakosc-kalwaria.franciszkanie.net\/\",\"name\":\"Pako\u015b\u0107 \u2013 Kalwaria\",\"description\":\"Parafia Rzymsko \u2013 Katolicka p.w. Pana Jezusa Ukrzy\u017cowanego i  Matki Bo\u017cej Bolesnej ul. Barci\u0144ska 60, 88\u2013170 Pako\u015b\u0107 \u2013 Kalwaria\",\"potentialAction\":[{\"@type\":\"SearchAction\",\"target\":{\"@type\":\"EntryPoint\",\"urlTemplate\":\"https:\/\/pakosc-kalwaria.franciszkanie.net\/?s={search_term_string}\"},\"query-input\":\"required name=search_term_string\"}],\"inLanguage\":\"pl-PL\"},{\"@type\":\"ImageObject\",\"@id\":\"https:\/\/pakosc-kalwaria.franciszkanie.net\/index.php\/2021\/06\/25\/do-medytacji-z-kalwaryjskiego-wzgorza-piatek-25-06-2021r\/#primaryimage\",\"inLanguage\":\"pl-PL\",\"url\":\"https:\/\/pakosc-kalwaria.franciszkanie.net\/wp-content\/uploads\/2021\/06\/DSCN1602.jpg\",\"contentUrl\":\"https:\/\/pakosc-kalwaria.franciszkanie.net\/wp-content\/uploads\/2021\/06\/DSCN1602.jpg\",\"width\":350,\"height\":262},{\"@type\":\"WebPage\",\"@id\":\"https:\/\/pakosc-kalwaria.franciszkanie.net\/index.php\/2021\/06\/25\/do-medytacji-z-kalwaryjskiego-wzgorza-piatek-25-06-2021r\/#webpage\",\"url\":\"https:\/\/pakosc-kalwaria.franciszkanie.net\/index.php\/2021\/06\/25\/do-medytacji-z-kalwaryjskiego-wzgorza-piatek-25-06-2021r\/\",\"name\":\"Do medytacji z kalwaryjskiego Wzg\u00f3rza \u2013 pi\u0105tek 25.06.2021r. - Pako\u015b\u0107 \u2013 Kalwaria\",\"isPartOf\":{\"@id\":\"https:\/\/pakosc-kalwaria.franciszkanie.net\/#website\"},\"primaryImageOfPage\":{\"@id\":\"https:\/\/pakosc-kalwaria.franciszkanie.net\/index.php\/2021\/06\/25\/do-medytacji-z-kalwaryjskiego-wzgorza-piatek-25-06-2021r\/#primaryimage\"},\"datePublished\":\"2021-06-25T16:00:06+00:00\",\"dateModified\":\"2021-06-25T12:45:14+00:00\",\"author\":{\"@id\":\"https:\/\/pakosc-kalwaria.franciszkanie.net\/#\/schema\/person\/af10b943be0760709227d060eadcb2aa\"},\"breadcrumb\":{\"@id\":\"https:\/\/pakosc-kalwaria.franciszkanie.net\/index.php\/2021\/06\/25\/do-medytacji-z-kalwaryjskiego-wzgorza-piatek-25-06-2021r\/#breadcrumb\"},\"inLanguage\":\"pl-PL\",\"potentialAction\":[{\"@type\":\"ReadAction\",\"target\":[\"https:\/\/pakosc-kalwaria.franciszkanie.net\/index.php\/2021\/06\/25\/do-medytacji-z-kalwaryjskiego-wzgorza-piatek-25-06-2021r\/\"]}]},{\"@type\":\"BreadcrumbList\",\"@id\":\"https:\/\/pakosc-kalwaria.franciszkanie.net\/index.php\/2021\/06\/25\/do-medytacji-z-kalwaryjskiego-wzgorza-piatek-25-06-2021r\/#breadcrumb\",\"itemListElement\":[{\"@type\":\"ListItem\",\"position\":1,\"name\":\"Strona g\u0142\u00f3wna\",\"item\":\"https:\/\/pakosc-kalwaria.franciszkanie.net\/\"},{\"@type\":\"ListItem\",\"position\":2,\"name\":\"Do medytacji z kalwaryjskiego Wzg\u00f3rza \u2013 pi\u0105tek 25.06.2021r.\"}]},{\"@type\":\"Person\",\"@id\":\"https:\/\/pakosc-kalwaria.franciszkanie.net\/#\/schema\/person\/af10b943be0760709227d060eadcb2aa\",\"name\":\"pakosc-kalwaria\",\"image\":{\"@type\":\"ImageObject\",\"@id\":\"https:\/\/pakosc-kalwaria.franciszkanie.net\/#personlogo\",\"inLanguage\":\"pl-PL\",\"url\":\"https:\/\/secure.gravatar.com\/avatar\/e7049d338b55eac6a0027ff3218b8d02?s=96&d=mm&r=g\",\"contentUrl\":\"https:\/\/secure.gravatar.com\/avatar\/e7049d338b55eac6a0027ff3218b8d02?s=96&d=mm&r=g\",\"caption\":\"pakosc-kalwaria\"},\"sameAs\":[\"https:\/\/www.facebook.com\/KalwariaPakosc\/\"],\"url\":\"https:\/\/pakosc-kalwaria.franciszkanie.net\/index.php\/author\/pakosc-kalwaria\/\"}]}<\/script>\n<!-- \/ Yoast SEO plugin. -->","yoast_head_json":{"title":"Do medytacji z kalwaryjskiego Wzg\u00f3rza \u2013 pi\u0105tek 25.06.2021r. - Pako\u015b\u0107 \u2013 Kalwaria","robots":{"index":"index","follow":"follow","max-snippet":"max-snippet:-1","max-image-preview":"max-image-preview:large","max-video-preview":"max-video-preview:-1"},"canonical":"https:\/\/pakosc-kalwaria.franciszkanie.net\/index.php\/2021\/06\/25\/do-medytacji-z-kalwaryjskiego-wzgorza-piatek-25-06-2021r\/","og_locale":"pl_PL","og_type":"article","og_title":"Do medytacji z kalwaryjskiego Wzg\u00f3rza \u2013 pi\u0105tek 25.06.2021r. - Pako\u015b\u0107 \u2013 Kalwaria","og_description":"Z kazania na kalwaryjskim Wzg\u00f3rzu \u2013 25.06.2021r. Zako\u0144czenie Roku szkolnego. Wakacyjny i urlopowy czas z Jezusem Eucharystia na kt\u00f3r\u0105 przyszli\u015bmy dzisiaj ma szczeg\u00f3lny wymiar dzi\u0119kczynienia. W tym spotkaniu na Mszy \u015awi\u0119tej z Jezusem i we wsp\u00f3lnocie Ko\u015bcio\u0142a, pragniemy wraz z dzie\u0107mi i m\u0142odzie\u017c\u0105, z nauczycielami i rodzicami, podzi\u0119kowa\u0107 za zako\u0144czony dzisiaj rok szkolny. Wielu na &hellip;","og_url":"https:\/\/pakosc-kalwaria.franciszkanie.net\/index.php\/2021\/06\/25\/do-medytacji-z-kalwaryjskiego-wzgorza-piatek-25-06-2021r\/","og_site_name":"Pako\u015b\u0107 \u2013 Kalwaria","article_author":"https:\/\/www.facebook.com\/KalwariaPakosc\/","article_published_time":"2021-06-25T16:00:06+00:00","article_modified_time":"2021-06-25T12:45:14+00:00","og_image":[{"width":350,"height":262,"url":"https:\/\/pakosc-kalwaria.franciszkanie.net\/wp-content\/uploads\/2021\/06\/DSCN1602.jpg","type":"image\/jpeg"}],"twitter_card":"summary","twitter_misc":{"Napisane przez":"pakosc-kalwaria","Szacowany czas czytania":"4 minuty"},"schema":{"@context":"https:\/\/schema.org","@graph":[{"@type":"WebSite","@id":"https:\/\/pakosc-kalwaria.franciszkanie.net\/#website","url":"https:\/\/pakosc-kalwaria.franciszkanie.net\/","name":"Pako\u015b\u0107 \u2013 Kalwaria","description":"Parafia Rzymsko \u2013 Katolicka p.w. Pana Jezusa Ukrzy\u017cowanego i  Matki Bo\u017cej Bolesnej ul. Barci\u0144ska 60, 88\u2013170 Pako\u015b\u0107 \u2013 Kalwaria","potentialAction":[{"@type":"SearchAction","target":{"@type":"EntryPoint","urlTemplate":"https:\/\/pakosc-kalwaria.franciszkanie.net\/?s={search_term_string}"},"query-input":"required name=search_term_string"}],"inLanguage":"pl-PL"},{"@type":"ImageObject","@id":"https:\/\/pakosc-kalwaria.franciszkanie.net\/index.php\/2021\/06\/25\/do-medytacji-z-kalwaryjskiego-wzgorza-piatek-25-06-2021r\/#primaryimage","inLanguage":"pl-PL","url":"https:\/\/pakosc-kalwaria.franciszkanie.net\/wp-content\/uploads\/2021\/06\/DSCN1602.jpg","contentUrl":"https:\/\/pakosc-kalwaria.franciszkanie.net\/wp-content\/uploads\/2021\/06\/DSCN1602.jpg","width":350,"height":262},{"@type":"WebPage","@id":"https:\/\/pakosc-kalwaria.franciszkanie.net\/index.php\/2021\/06\/25\/do-medytacji-z-kalwaryjskiego-wzgorza-piatek-25-06-2021r\/#webpage","url":"https:\/\/pakosc-kalwaria.franciszkanie.net\/index.php\/2021\/06\/25\/do-medytacji-z-kalwaryjskiego-wzgorza-piatek-25-06-2021r\/","name":"Do medytacji z kalwaryjskiego Wzg\u00f3rza \u2013 pi\u0105tek 25.06.2021r. - Pako\u015b\u0107 \u2013 Kalwaria","isPartOf":{"@id":"https:\/\/pakosc-kalwaria.franciszkanie.net\/#website"},"primaryImageOfPage":{"@id":"https:\/\/pakosc-kalwaria.franciszkanie.net\/index.php\/2021\/06\/25\/do-medytacji-z-kalwaryjskiego-wzgorza-piatek-25-06-2021r\/#primaryimage"},"datePublished":"2021-06-25T16:00:06+00:00","dateModified":"2021-06-25T12:45:14+00:00","author":{"@id":"https:\/\/pakosc-kalwaria.franciszkanie.net\/#\/schema\/person\/af10b943be0760709227d060eadcb2aa"},"breadcrumb":{"@id":"https:\/\/pakosc-kalwaria.franciszkanie.net\/index.php\/2021\/06\/25\/do-medytacji-z-kalwaryjskiego-wzgorza-piatek-25-06-2021r\/#breadcrumb"},"inLanguage":"pl-PL","potentialAction":[{"@type":"ReadAction","target":["https:\/\/pakosc-kalwaria.franciszkanie.net\/index.php\/2021\/06\/25\/do-medytacji-z-kalwaryjskiego-wzgorza-piatek-25-06-2021r\/"]}]},{"@type":"BreadcrumbList","@id":"https:\/\/pakosc-kalwaria.franciszkanie.net\/index.php\/2021\/06\/25\/do-medytacji-z-kalwaryjskiego-wzgorza-piatek-25-06-2021r\/#breadcrumb","itemListElement":[{"@type":"ListItem","position":1,"name":"Strona g\u0142\u00f3wna","item":"https:\/\/pakosc-kalwaria.franciszkanie.net\/"},{"@type":"ListItem","position":2,"name":"Do medytacji z kalwaryjskiego Wzg\u00f3rza \u2013 pi\u0105tek 25.06.2021r."}]},{"@type":"Person","@id":"https:\/\/pakosc-kalwaria.franciszkanie.net\/#\/schema\/person\/af10b943be0760709227d060eadcb2aa","name":"pakosc-kalwaria","image":{"@type":"ImageObject","@id":"https:\/\/pakosc-kalwaria.franciszkanie.net\/#personlogo","inLanguage":"pl-PL","url":"https:\/\/secure.gravatar.com\/avatar\/e7049d338b55eac6a0027ff3218b8d02?s=96&d=mm&r=g","contentUrl":"https:\/\/secure.gravatar.com\/avatar\/e7049d338b55eac6a0027ff3218b8d02?s=96&d=mm&r=g","caption":"pakosc-kalwaria"},"sameAs":["https:\/\/www.facebook.com\/KalwariaPakosc\/"],"url":"https:\/\/pakosc-kalwaria.franciszkanie.net\/index.php\/author\/pakosc-kalwaria\/"}]}},"_links":{"self":[{"href":"https:\/\/pakosc-kalwaria.franciszkanie.net\/index.php\/wp-json\/wp\/v2\/posts\/19241"}],"collection":[{"href":"https:\/\/pakosc-kalwaria.franciszkanie.net\/index.php\/wp-json\/wp\/v2\/posts"}],"about":[{"href":"https:\/\/pakosc-kalwaria.franciszkanie.net\/index.php\/wp-json\/wp\/v2\/types\/post"}],"author":[{"embeddable":true,"href":"https:\/\/pakosc-kalwaria.franciszkanie.net\/index.php\/wp-json\/wp\/v2\/users\/2"}],"replies":[{"embeddable":true,"href":"https:\/\/pakosc-kalwaria.franciszkanie.net\/index.php\/wp-json\/wp\/v2\/comments?post=19241"}],"version-history":[{"count":3,"href":"https:\/\/pakosc-kalwaria.franciszkanie.net\/index.php\/wp-json\/wp\/v2\/posts\/19241\/revisions"}],"predecessor-version":[{"id":19259,"href":"https:\/\/pakosc-kalwaria.franciszkanie.net\/index.php\/wp-json\/wp\/v2\/posts\/19241\/revisions\/19259"}],"wp:featuredmedia":[{"embeddable":true,"href":"https:\/\/pakosc-kalwaria.franciszkanie.net\/index.php\/wp-json\/wp\/v2\/media\/19242"}],"wp:attachment":[{"href":"https:\/\/pakosc-kalwaria.franciszkanie.net\/index.php\/wp-json\/wp\/v2\/media?parent=19241"}],"wp:term":[{"taxonomy":"category","embeddable":true,"href":"https:\/\/pakosc-kalwaria.franciszkanie.net\/index.php\/wp-json\/wp\/v2\/categories?post=19241"},{"taxonomy":"post_tag","embeddable":true,"href":"https:\/\/pakosc-kalwaria.franciszkanie.net\/index.php\/wp-json\/wp\/v2\/tags?post=19241"}],"curies":[{"name":"wp","href":"https:\/\/api.w.org\/{rel}","templated":true}]}}