{"id":19266,"date":"2021-06-27T12:00:52","date_gmt":"2021-06-27T10:00:52","guid":{"rendered":"http:\/\/pakosc-kalwaria.franciszkanie.net\/?p=19266"},"modified":"2021-06-28T23:48:44","modified_gmt":"2021-06-28T21:48:44","slug":"do-medytacji-z-kalwaryjskiego-wzgorza-niedziela-27-06-2021r","status":"publish","type":"post","link":"https:\/\/pakosc-kalwaria.franciszkanie.net\/index.php\/2021\/06\/27\/do-medytacji-z-kalwaryjskiego-wzgorza-niedziela-27-06-2021r\/","title":{"rendered":"Do medytacji z kalwaryjskiego Wzg\u00f3rza \u2013 Niedziela 27.06.2021r."},"content":{"rendered":"<p><strong><span style=\"color: #ff0000;\">Z liturgii 13. Niedzieli Zwyk\u0142ej \u201327.06.2021r.<\/span><br \/>\n<\/strong><br \/>\n<span style=\"color: #ff0000;\"><strong>1. czytanie <\/strong><span style=\"color: #000000;\">(<\/span><\/span><span style=\"color: #000000;\">M<\/span>dr 1, 13-15; 2, 23-24) <em>\u015amier\u0107 wesz\u0142a na \u015bwiat przez zawi\u015b\u0107 diab\u0142a<br \/>\n<\/em><strong>Czytanie z Ksi\u0119gi M\u0105dro\u015bci<br \/>\n<\/strong>\u015amierci B\u00f3g nie uczyni\u0142 i nie cieszy si\u0119 z zag\u0142ady \u017cyj\u0105cych. Stworzy\u0142 bowiem wszystko po to, aby by\u0142o, i byty tego \u015bwiata nios\u0105 zdrowie: nie ma w nich \u015bmierciono\u015bnego jadu ani w\u0142adania Otch\u0142ani na tej ziemi. Bo sprawiedliwo\u015b\u0107 jest nie\u015bmiertelna. Do nie\u015bmiertelno\u015bci B\u00f3g stworzy\u0142 cz\u0142owieka \u2013 uczyni\u0142 go obrazem swej w\u0142asnej wieczno\u015bci. A \u015bmier\u0107 wesz\u0142a w \u015bwiat przez zawi\u015b\u0107 diab\u0142a i do\u015bwiadczaj\u0105 jej ci, kt\u00f3rzy do niego nale\u017c\u0105. Oto S\u0142owo Bo\u017ce.<\/p>\n<p><span style=\"color: #000000;\"><span style=\"color: #ff0000;\"><strong>Psalm<\/strong><\/span> (<\/span>Ps 30 (29), 2 i 4. 5-6. 11-12a i 13b (R.: 2a))<br \/>\n<strong>S\u0142awi\u0119 Ci\u0119, Panie, bo mnie wybawi\u0142e\u015b<br \/>\n<\/strong>S\u0142awi\u0119 Ci\u0119, Panie, bo mnie wybawi\u0142e\u015b *<br \/>\ni nie pozwoli\u0142e\u015b mym wrogom na\u015bmiewa\u0107 si\u0119 ze mnie.<br \/>\nPanie m\u00f3j, Bo\u017ce, \u2020<br \/>\nz krainy umar\u0142ych wywo\u0142a\u0142e\u015b moj\u0105 dusz\u0119 *<br \/>\ni ocali\u0142e\u015b mi \u017cycie spo\u015br\u00f3d schodz\u0105cych do grobu.<\/p>\n<div id=\"tabnowy0all\" class=\"tab-pane fade active in\">\n<p><strong>S\u0142awi\u0119 Ci\u0119, Panie, bo mnie wybawi\u0142e\u015b<br \/>\n<\/strong>\u015apiewajcie psalm, wszyscy mi\u0142uj\u0105cy Pana, *<br \/>\ni pami\u0119tajcie o Jego \u015bwi\u0119to\u015bci.<br \/>\nGniew Jego bowiem trwa tylko przez chwil\u0119, \u2020<br \/>\na Jego \u0142aska przez ca\u0142e \u017cycie. *<br \/>\nP\u0142acz nadchodzi z wieczora, a rankiem wesele.<\/p>\n<p><strong>S\u0142awi\u0119 Ci\u0119, Panie, bo mnie wybawi\u0142e\u015b<br \/>\n<\/strong>Wys\u0142uchaj mnie, Panie, zmi\u0142uj si\u0119 nade mn\u0105, *<br \/>\nPanie, b\u0105d\u017a moj\u0105 pomoc\u0105.<br \/>\nZamieni\u0142e\u015b w taniec m\u00f3j \u017ca\u0142obny lament, *<br \/>\nBo\u017ce m\u00f3j i Panie, b\u0119d\u0119 Ci\u0119 s\u0142awi\u0142 na wieki.<\/p>\n<p><strong>S\u0142awi\u0119 Ci\u0119, Panie, bo mnie wybawi\u0142e\u015b<br \/>\n<span style=\"color: #ff0000;\"><br \/>\n2. czytanie<\/span><\/strong> (2 Kor 8, 7. 9. 13-15) <em>Dzieli\u0107 si\u0119 dostatkiem z potrzebuj\u0105cymi<br \/>\n<\/em><strong>Czytanie z Drugiego Listu \u015awi\u0119tego Paw\u0142a Aposto\u0142a do Koryntian<br \/>\n<\/strong>Bracia: Podobnie jak obfitujecie we wszystko, w wiar\u0119, w mow\u0119, w wiedz\u0119, we wszelk\u0105 gorliwo\u015b\u0107, w mi\u0142o\u015b\u0107 nasz\u0105 do was, tak te\u017c oby\u015bcie i w t\u0119 \u0142ask\u0119 obfitowali. Znacie przecie\u017c \u0142ask\u0119 Pana naszego, Jezusa Chrystusa, kt\u00f3ry b\u0119d\u0105c bogatym, dla was sta\u0142 si\u0119 ubogim, aby was ub\u00f3stwem swoim ubogaci\u0107. Nie o to bowiem idzie, \u017ceby innym sprawia\u0107 ulg\u0119, a sobie utrapienie, lecz \u017ceby by\u0142a r\u00f3wno\u015b\u0107. Teraz wi\u0119c niech wasz dostatek przyjdzie z pomoc\u0105 ich potrzebom, aby ich bogactwo by\u0142o wam pomoc\u0105 w waszych niedostatkach i aby nasta\u0142a r\u00f3wno\u015b\u0107, jak to jest napisane: \u00abNie mia\u0142 za wiele ten, kto mia\u0142 du\u017co. Nie mia\u0142 za ma\u0142o ten, kto mia\u0142 niewiele\u00bb. Oto S\u0142owo Bo\u017ce.<\/p>\n<p><span style=\"color: #ff0000;\"><strong>Aklamacja<\/strong> <\/span>(Por. 2 Tm 1, 10b)<br \/>\n<strong>Alleluja, alleluja, alleluja<br \/>\n<\/strong>Nasz Zbawiciel, Jezus Chrystus, \u015bmier\u0107 zwyci\u0119\u017cy\u0142,<br \/>\na na \u017cycie rzuci\u0142 \u015bwiat\u0142o przez Ewangeli\u0119.<br \/>\n<strong>Alleluja, alleluja, alleluja<\/strong><\/p>\n<p><strong><span style=\"color: #ff0000;\">Ewangelia<\/span><\/strong> (Mk 5, 21-43) <em>Wskrzeszenie c\u00f3rki Jaira<br \/>\n<\/em><strong>S\u0142owa Ewangelii wed\u0142ug \u015awi\u0119tego Marka<br \/>\n<\/strong>Gdy Jezus przeprawi\u0142 si\u0119 z powrotem \u0142odzi\u0105 na drugi brzeg, zebra\u0142 si\u0119 wielki t\u0142um wok\u00f3\u0142 Niego, a On by\u0142 jeszcze nad jeziorem. Wtedy przyszed\u0142 jeden z prze\u0142o\u017conych synagogi, imieniem Jair. Gdy Go ujrza\u0142, upad\u0142 Mu do n\u00f3g i prosi\u0142 usilnie: \u00abMoja c\u00f3reczka dogorywa, przyjd\u017a i po\u0142\u00f3\u017c na ni\u0105 r\u0119ce, aby ocala\u0142a i \u017cy\u0142a\u00bb. Poszed\u0142 wi\u0119c z nim, a wielki t\u0142um szed\u0142 za Nim i zewsz\u0105d na Niego napiera\u0142. A pewna kobieta od dwunastu lat cierpia\u0142a na up\u0142yw krwi. Wiele wycierpia\u0142a od r\u00f3\u017cnych lekarzy i ca\u0142e swe mienie wyda\u0142a, a nic jej nie pomog\u0142o, lecz mia\u0142a si\u0119 jeszcze gorzej. Pos\u0142ysza\u0142a o Jezusie, wi\u0119c wesz\u0142a z ty\u0142u mi\u0119dzy t\u0142um i dotkn\u0119\u0142a si\u0119 Jego p\u0142aszcza. M\u00f3wi\u0142a bowiem: \u00ab\u017bebym cho\u0107 dotkn\u0119\u0142a Jego p\u0142aszcza, a b\u0119d\u0119 zdrowa\u00bb. Zaraz te\u017c usta\u0142 jej krwotok i poczu\u0142a w swym ciele, \u017ce jest uleczona z dolegliwo\u015bci. A Jezus natychmiast u\u015bwiadomi\u0142 sobie, \u017ce moc wysz\u0142a od Niego. Obr\u00f3ci\u0142 si\u0119 w t\u0142umie i zapyta\u0142: \u00abKto dotkn\u0105\u0142 mojego p\u0142aszcza?\u00bb Odpowiedzieli Mu uczniowie: \u00abWidzisz, \u017ce t\u0142um zewsz\u0105d Ci\u0119 \u015bciska, a pytasz: Kto Mnie dotkn\u0105\u0142\u00bb. On jednak rozgl\u0105da\u0142 si\u0119, by ujrze\u0107 t\u0119, kt\u00f3ra to uczyni\u0142a. Wtedy kobieta podesz\u0142a zal\u0119kniona i dr\u017c\u0105ca, gdy\u017c wiedzia\u0142a, co si\u0119 z ni\u0105 sta\u0142o, pad\u0142a przed Nim i wyzna\u0142a Mu ca\u0142\u0105 prawd\u0119. On za\u015b rzek\u0142 do niej: \u00abC\u00f3rko, twoja wiara ci\u0119 ocali\u0142a, id\u017a w pokoju i b\u0105d\u017a wolna od swej dolegliwo\u015bci\u00bb. Gdy On jeszcze m\u00f3wi\u0142, przyszli ludzie od prze\u0142o\u017conego synagogi i donie\u015bli: \u00abTwoja c\u00f3rka umar\u0142a, czemu jeszcze trudzisz Nauczyciela?\u00bb Lecz Jezus, s\u0142ysz\u0105c, co m\u00f3wiono, rzek\u0142 do prze\u0142o\u017conego synagogi: \u00abNie b\u00f3j si\u0119, wierz tylko!\u00bb I nie pozwoli\u0142 nikomu i\u015b\u0107 z sob\u0105 z wyj\u0105tkiem Piotra, Jakuba i Jana, brata Jakubowego. Tak przyszli do domu prze\u0142o\u017conego synagogi. Widz\u0105c zamieszanie, p\u0142acz\u0105cych i g\u0142o\u015bno zawodz\u0105cych, wszed\u0142 i rzek\u0142 do nich: \u00abCzemu podnosicie wrzaw\u0119 i p\u0142aczecie? Dziecko nie umar\u0142o, tylko \u015bpi\u00bb. I wy\u015bmiewali Go. Lecz On odsun\u0105\u0142 wszystkich, wzi\u0105\u0142 z sob\u0105 tylko ojca i matk\u0119 dziecka oraz tych, kt\u00f3rzy z Nim byli, i wszed\u0142 tam, gdzie dziecko le\u017ca\u0142o. Uj\u0105wszy dziewczynk\u0119 za r\u0119k\u0119, rzek\u0142 do niej: \u00abTalitha kum\u00bb, to znaczy: \u00abDziewczynko, m\u00f3wi\u0119 ci, wsta\u0144!\u00bb Dziewczynka natychmiast wsta\u0142a i chodzi\u0142a, mia\u0142a bowiem dwana\u015bcie lat. I os\u0142upieli wprost ze zdumienia. Przykaza\u0142 im te\u017c z naciskiem, \u017ceby nikt o tym si\u0119 nie dowiedzia\u0142, i poleci\u0142, aby jej dano je\u015b\u0107. Oto S\u0142owo Pa\u0144skie.<\/p>\n<p><strong><span style=\"color: #ff0000;\"><br \/>\nZ kazania na kalwaryjskim Wzg\u00f3rzu \u2013 Niedziela 27.06.2021r.<br \/>\n<\/span><\/strong><strong>Uzdrawiaj\u0105ca moc wiary.<br \/>\n<\/strong>Dzisiejsze wydarzenia opisane przez \u015bw. Marka, kolejny raz podkre\u015blaj\u0105 jak wa\u017cna w \u017cyciu cz\u0142owieka jest wiara. Nie ulega w\u0105tpliwo\u015bci, \u017ce chora niewiasta i prze\u0142o\u017cony synagogi zaprezentowali wiar\u0119, o kt\u00f3rej mo\u017cna powiedzie\u0107,<br \/>\n\u017ce \u201eg\u00f3ry przenosi\u201d. Ale wa\u017cny zauwa\u017cenia jest fakt, \u017ce t\u0119 ich wiar\u0119 Jezus przyj\u0105\u0142 i zareagowa\u0142 na ni\u0105 cudem. Zatem dopiero przyj\u0119ta i potwierdzona przez Jezusa wiara ma moc cudownego uzdrawiania. O tak\u0105 w\u0142a\u015bnie uzdrawiaj\u0105c\u0105 wiar\u0119 nale\u017cy Jezusa prosi\u0107 w swoich modlitwach.<br \/>\nZnamy takie okre\u015blenie: \u201eostatnia deska ratunku\u201d. Kiedy po ludzku my\u015bl\u0105c i m\u00f3wi\u0105c ju\u017c nie ma \u017cadnej szansy na ocalenie, chwytamy si\u0119 tego co jest pod r\u0119k\u0105, by nie zgin\u0105\u0107, by nie uton\u0105\u0107. Za wszelk\u0105 cen\u0119 szukamy sposobu, aby ocali\u0107 swoje \u017cycie. W rozumieniu tego powiedzenia, \u201eostatnia deska ratunku\u201d, staje si\u0119 jednocze\u015bnie jedyn\u0105 szans\u0105 i jedyn\u0105 nadziej\u0105. Innej po prostu ju\u017c nie ma! Takiej \u201eostatniej deski ratunku\u201d szukali w swoim \u017cyciu: kobieta choruj\u0105ca na krwotok od 12 lat i prze\u0142o\u017cony synagogi, kt\u00f3remu w\u0142a\u015bnie umiera\u0142a c\u00f3rka. Owa kobieta zrobi\u0142a po ludzku wszystko co mog\u0142a by wyzdrowie\u0107, nawet wyda\u0142a wszystkie swoje oszcz\u0119dno\u015bci na lekarzy, ale \u017caden jej nie pom\u00f3g\u0142. Zapewne prze\u0142o\u017cony synagogi Jair r\u00f3wnie\u017c wsz\u0119dzie gdzie m\u00f3g\u0142, szuka\u0142 pomocy dla swojej umieraj\u0105cej c\u00f3rki, ale te\u017c jej nie uzyska\u0142. Oboje jednak w tej bardzo trudnej sytuacji si\u0119 nie poddali. Szukaj\u0105c tej przys\u0142owiowej \u201eostatniej deski ratunku\u201d, przyszli do Jezusa. Dlaczego przyszli do Jezusa? Poniewa\u017c wierzyli, \u017ce Jezus mo\u017ce im pom\u00f3c! To wiara przyprowadzi\u0142a ich do Jezusa, by u Niego szuka\u0107 pomocy. Jezus sta\u0142 si\u0119 dla nich \u201eostatni\u0105 desk\u0105 ratunku\u201d!\u00a0 I si\u0119 nie zawiedli! Jak wida\u0107 B\u00f3g nieraz dopuszcza w \u017cyciu takie sytuacje, w kt\u00f3rych mo\u017ce pom\u00f3c ju\u017c tylko On sam.<br \/>\nSytuacje o kt\u00f3rych m\u00f3wi dzisiejsza Ewangelia pokazuj\u0105, \u017ce nale\u017cy i warto dba\u0107 nieustannie o umacnianie swojej wiary. B\u00f3g okazuje tym ludziom swoje mi\u0142osierdzie ze wzgl\u0119du na ich g\u0142\u0119bok\u0105 i niezachwian\u0105 wiar\u0119! Potwierdzi\u0142 to sam Chrystus, kiedy odezwa\u0142 si\u0119 do owej kobiety: \u201eC\u00f3rko twoja wiara ci\u0119 ocali\u0142a, id\u017a w pokoju i b\u0105d\u017a uzdrowiona ze swej dolegliwo\u015bci\u201d. Rzadko kiedy Chrystus wystawia\u0142 takie \u015bwiadectwo ludziom. Czyni\u0142 to tylko wtedy gdy okazali wobec Niego swoj\u0105 wielk\u0105, si\u0119gaj\u0105c\u0105 a\u017c do Nieba wiar\u0119. Jak wielkim sprawdzianem wiary by\u0142a dla prze\u0142o\u017conego synagogi sytuacja z jego c\u00f3rk\u0105. Kiedy najbli\u017csze otoczenie zauwa\u017cy\u0142o, \u017ce jego c\u00f3rka umar\u0142a to zacz\u0119li podwa\u017ca\u0107 sens wiary. Otwarcie mu o\u015bwiadczyli: \u201eTwoja c\u00f3rka umar\u0142a, czemu trudzisz jeszcze Nauczyciela\u201d. I nie wiadomo jakby si\u0119 ta ca\u0142a historia sko\u0144czy\u0142a, gdyby nie wkroczy\u0142 w ni\u0105 Jezus. Gdyby Jezus swoim autorytetem zdecydowanie mu nie o\u015bwiadczy\u0142: \u201eNie b\u00f3j si\u0119, wierz tylko!\u201d\u2026. twoja c\u00f3rka nie umar\u0142a, tylko \u015bpi. Mo\u017ce umar\u0142a dla nich, ale nie umar\u0142a dla Mnie i dla ciebie.<br \/>\nObie te sytuacje pokazuj\u0105, \u017ce u Jezusa mo\u017cna wyprosi\u0107 wszystko, je\u015bli podejdziemy do Niego z wielk\u0105 wiar\u0105 i wielk\u0105 ufno\u015bci\u0105! Je\u015bli czasami Jezus nas nie wys\u0142uchuje, to zapytajmy siebie, jaka jest ta nasza wiara? Czego jej jeszcze brakuje? Czy wzmacniamy nieustannie nasz\u0105 wiar\u0119 i w jaki spos\u00f3b to czynimy? Czy jeste\u015bmy wytrwali w modlitwach i czy odmawiamy je z wiar\u0105 i z zaufaniem do Boga? Czy jeste\u015bmy mocno przekonani, \u017ce to w\u0142a\u015bnie B\u00f3g i tylko On sam mo\u017ce nam we wszystkim pom\u00f3c?! On i nikt wi\u0119cej! Jak mawia\u0142 \u015bw. Jan Bosko: \u201eMiejcie wiar\u0119, a zobaczycie czym s\u0105 cuda\u201d!<br \/>\nKto\u015b mo\u017ce zapyta, jak dzisiaj mo\u017cemy do\u015bwiadczy\u0107 takiej blisko\u015bci Jezusa, jak ci ludzie z Ewangelii? Czy dzisiaj te\u017c mo\u017cemy Jezusa dotkn\u0105\u0107 i poprosi\u0107 by pom\u00f3g\u0142 nam rozwi\u0105za\u0107 jak\u017ce nieraz bardzo trudne problemy? Oczywi\u015bcie,\u017ce mo\u017cemy, szczeg\u00f3lnie w czasie Mszy \u015awi\u0119tej! Moi Kochani! Gdyby\u015bcie mocno wierzyli w obecno\u015b\u0107 Jezusa w Sakramencie Eucharystii, to ka\u017cdego dnia staraliby\u015bcie spotka\u0107 si\u0119 z Nim na Mszy \u015bwi\u0119tej, by przyj\u0105\u0107 Go w Komunii \u015bwi\u0119tej. Ale do tego potrzeba \u00a0mocnej i g\u0142\u0119bokiej wiary! A sami wiecie ilu z was uczestniczy w Mszach \u015awi\u0119tych w tygodniu. A jak wielu w naszych czasach opuszcza Msze \u015awi\u0119te w niedziele!? A potem gdy problemy to pretensje do Boga!? Widocznie uwa\u017cacie, \u017ce z problemami w \u017cyciu poradzicie sobie sami i nie warto cz\u0119sto uczestniczy\u0107 we Mszy \u015bwi\u0119tej. Je\u017celi chcemy w swoim \u017cyciu do\u015bwiadczy\u0107 blisko\u015bci Jezusa i do\u015bwiadczy\u0107 Jego uzdrawiaj\u0105cej mocy, to pami\u0119tajmy, \u017ce najpierw do tego potrzebna jest nasza silna i g\u0142\u0119boka wiara! Amen.<br \/>\n(o.R.)<\/p>\n<\/div>\n","protected":false},"excerpt":{"rendered":"<p>Z liturgii 13. Niedzieli Zwyk\u0142ej \u201327.06.2021r. 1. czytanie (Mdr 1, 13-15; 2, 23-24) \u015amier\u0107 wesz\u0142a na \u015bwiat przez zawi\u015b\u0107 diab\u0142a Czytanie z Ksi\u0119gi M\u0105dro\u015bci \u015amierci B\u00f3g nie uczyni\u0142 i nie cieszy si\u0119 z zag\u0142ady \u017cyj\u0105cych. Stworzy\u0142 bowiem wszystko po to, aby by\u0142o, i byty tego \u015bwiata nios\u0105 zdrowie: nie ma w nich \u015bmierciono\u015bnego jadu ani &hellip;<\/p>\n","protected":false},"author":2,"featured_media":19242,"comment_status":"closed","ping_status":"closed","sticky":false,"template":"","format":"standard","meta":{"_mi_skip_tracking":false,"_exactmetrics_sitenote_active":false,"_exactmetrics_sitenote_note":"","_exactmetrics_sitenote_category":0},"categories":[14],"tags":[],"yoast_head":"<!-- This site is optimized with the Yoast SEO plugin v18.1 - https:\/\/yoast.com\/wordpress\/plugins\/seo\/ -->\n<title>Do medytacji z kalwaryjskiego Wzg\u00f3rza \u2013 Niedziela 27.06.2021r. - Pako\u015b\u0107 \u2013 Kalwaria<\/title>\n<meta name=\"robots\" content=\"index, follow, max-snippet:-1, max-image-preview:large, max-video-preview:-1\" \/>\n<link rel=\"canonical\" href=\"https:\/\/pakosc-kalwaria.franciszkanie.net\/index.php\/2021\/06\/27\/do-medytacji-z-kalwaryjskiego-wzgorza-niedziela-27-06-2021r\/\" \/>\n<meta property=\"og:locale\" content=\"pl_PL\" \/>\n<meta property=\"og:type\" content=\"article\" \/>\n<meta property=\"og:title\" content=\"Do medytacji z kalwaryjskiego Wzg\u00f3rza \u2013 Niedziela 27.06.2021r. - Pako\u015b\u0107 \u2013 Kalwaria\" \/>\n<meta property=\"og:description\" content=\"Z liturgii 13. Niedzieli Zwyk\u0142ej \u201327.06.2021r. 1. czytanie (Mdr 1, 13-15; 2, 23-24) \u015amier\u0107 wesz\u0142a na \u015bwiat przez zawi\u015b\u0107 diab\u0142a Czytanie z Ksi\u0119gi M\u0105dro\u015bci \u015amierci B\u00f3g nie uczyni\u0142 i nie cieszy si\u0119 z zag\u0142ady \u017cyj\u0105cych. Stworzy\u0142 bowiem wszystko po to, aby by\u0142o, i byty tego \u015bwiata nios\u0105 zdrowie: nie ma w nich \u015bmierciono\u015bnego jadu ani &hellip;\" \/>\n<meta property=\"og:url\" content=\"https:\/\/pakosc-kalwaria.franciszkanie.net\/index.php\/2021\/06\/27\/do-medytacji-z-kalwaryjskiego-wzgorza-niedziela-27-06-2021r\/\" \/>\n<meta property=\"og:site_name\" content=\"Pako\u015b\u0107 \u2013 Kalwaria\" \/>\n<meta property=\"article:author\" content=\"https:\/\/www.facebook.com\/KalwariaPakosc\/\" \/>\n<meta property=\"article:published_time\" content=\"2021-06-27T10:00:52+00:00\" \/>\n<meta property=\"article:modified_time\" content=\"2021-06-28T21:48:44+00:00\" \/>\n<meta property=\"og:image\" content=\"https:\/\/pakosc-kalwaria.franciszkanie.net\/wp-content\/uploads\/2021\/06\/DSCN1602.jpg\" \/>\n\t<meta property=\"og:image:width\" content=\"350\" \/>\n\t<meta property=\"og:image:height\" content=\"262\" \/>\n\t<meta property=\"og:image:type\" content=\"image\/jpeg\" \/>\n<meta name=\"twitter:card\" content=\"summary\" \/>\n<meta name=\"twitter:label1\" content=\"Napisane przez\" \/>\n\t<meta name=\"twitter:data1\" content=\"pakosc-kalwaria\" \/>\n\t<meta name=\"twitter:label2\" content=\"Szacowany czas czytania\" \/>\n\t<meta name=\"twitter:data2\" content=\"9 minut\" \/>\n<script type=\"application\/ld+json\" class=\"yoast-schema-graph\">{\"@context\":\"https:\/\/schema.org\",\"@graph\":[{\"@type\":\"WebSite\",\"@id\":\"https:\/\/pakosc-kalwaria.franciszkanie.net\/#website\",\"url\":\"https:\/\/pakosc-kalwaria.franciszkanie.net\/\",\"name\":\"Pako\u015b\u0107 \u2013 Kalwaria\",\"description\":\"Parafia Rzymsko \u2013 Katolicka p.w. Pana Jezusa Ukrzy\u017cowanego i  Matki Bo\u017cej Bolesnej ul. Barci\u0144ska 60, 88\u2013170 Pako\u015b\u0107 \u2013 Kalwaria\",\"potentialAction\":[{\"@type\":\"SearchAction\",\"target\":{\"@type\":\"EntryPoint\",\"urlTemplate\":\"https:\/\/pakosc-kalwaria.franciszkanie.net\/?s={search_term_string}\"},\"query-input\":\"required name=search_term_string\"}],\"inLanguage\":\"pl-PL\"},{\"@type\":\"ImageObject\",\"@id\":\"https:\/\/pakosc-kalwaria.franciszkanie.net\/index.php\/2021\/06\/27\/do-medytacji-z-kalwaryjskiego-wzgorza-niedziela-27-06-2021r\/#primaryimage\",\"inLanguage\":\"pl-PL\",\"url\":\"https:\/\/pakosc-kalwaria.franciszkanie.net\/wp-content\/uploads\/2021\/06\/DSCN1602.jpg\",\"contentUrl\":\"https:\/\/pakosc-kalwaria.franciszkanie.net\/wp-content\/uploads\/2021\/06\/DSCN1602.jpg\",\"width\":350,\"height\":262},{\"@type\":\"WebPage\",\"@id\":\"https:\/\/pakosc-kalwaria.franciszkanie.net\/index.php\/2021\/06\/27\/do-medytacji-z-kalwaryjskiego-wzgorza-niedziela-27-06-2021r\/#webpage\",\"url\":\"https:\/\/pakosc-kalwaria.franciszkanie.net\/index.php\/2021\/06\/27\/do-medytacji-z-kalwaryjskiego-wzgorza-niedziela-27-06-2021r\/\",\"name\":\"Do medytacji z kalwaryjskiego Wzg\u00f3rza \u2013 Niedziela 27.06.2021r. - Pako\u015b\u0107 \u2013 Kalwaria\",\"isPartOf\":{\"@id\":\"https:\/\/pakosc-kalwaria.franciszkanie.net\/#website\"},\"primaryImageOfPage\":{\"@id\":\"https:\/\/pakosc-kalwaria.franciszkanie.net\/index.php\/2021\/06\/27\/do-medytacji-z-kalwaryjskiego-wzgorza-niedziela-27-06-2021r\/#primaryimage\"},\"datePublished\":\"2021-06-27T10:00:52+00:00\",\"dateModified\":\"2021-06-28T21:48:44+00:00\",\"author\":{\"@id\":\"https:\/\/pakosc-kalwaria.franciszkanie.net\/#\/schema\/person\/af10b943be0760709227d060eadcb2aa\"},\"breadcrumb\":{\"@id\":\"https:\/\/pakosc-kalwaria.franciszkanie.net\/index.php\/2021\/06\/27\/do-medytacji-z-kalwaryjskiego-wzgorza-niedziela-27-06-2021r\/#breadcrumb\"},\"inLanguage\":\"pl-PL\",\"potentialAction\":[{\"@type\":\"ReadAction\",\"target\":[\"https:\/\/pakosc-kalwaria.franciszkanie.net\/index.php\/2021\/06\/27\/do-medytacji-z-kalwaryjskiego-wzgorza-niedziela-27-06-2021r\/\"]}]},{\"@type\":\"BreadcrumbList\",\"@id\":\"https:\/\/pakosc-kalwaria.franciszkanie.net\/index.php\/2021\/06\/27\/do-medytacji-z-kalwaryjskiego-wzgorza-niedziela-27-06-2021r\/#breadcrumb\",\"itemListElement\":[{\"@type\":\"ListItem\",\"position\":1,\"name\":\"Strona g\u0142\u00f3wna\",\"item\":\"https:\/\/pakosc-kalwaria.franciszkanie.net\/\"},{\"@type\":\"ListItem\",\"position\":2,\"name\":\"Do medytacji z kalwaryjskiego Wzg\u00f3rza \u2013 Niedziela 27.06.2021r.\"}]},{\"@type\":\"Person\",\"@id\":\"https:\/\/pakosc-kalwaria.franciszkanie.net\/#\/schema\/person\/af10b943be0760709227d060eadcb2aa\",\"name\":\"pakosc-kalwaria\",\"image\":{\"@type\":\"ImageObject\",\"@id\":\"https:\/\/pakosc-kalwaria.franciszkanie.net\/#personlogo\",\"inLanguage\":\"pl-PL\",\"url\":\"https:\/\/secure.gravatar.com\/avatar\/e7049d338b55eac6a0027ff3218b8d02?s=96&d=mm&r=g\",\"contentUrl\":\"https:\/\/secure.gravatar.com\/avatar\/e7049d338b55eac6a0027ff3218b8d02?s=96&d=mm&r=g\",\"caption\":\"pakosc-kalwaria\"},\"sameAs\":[\"https:\/\/www.facebook.com\/KalwariaPakosc\/\"],\"url\":\"https:\/\/pakosc-kalwaria.franciszkanie.net\/index.php\/author\/pakosc-kalwaria\/\"}]}<\/script>\n<!-- \/ Yoast SEO plugin. -->","yoast_head_json":{"title":"Do medytacji z kalwaryjskiego Wzg\u00f3rza \u2013 Niedziela 27.06.2021r. - Pako\u015b\u0107 \u2013 Kalwaria","robots":{"index":"index","follow":"follow","max-snippet":"max-snippet:-1","max-image-preview":"max-image-preview:large","max-video-preview":"max-video-preview:-1"},"canonical":"https:\/\/pakosc-kalwaria.franciszkanie.net\/index.php\/2021\/06\/27\/do-medytacji-z-kalwaryjskiego-wzgorza-niedziela-27-06-2021r\/","og_locale":"pl_PL","og_type":"article","og_title":"Do medytacji z kalwaryjskiego Wzg\u00f3rza \u2013 Niedziela 27.06.2021r. - Pako\u015b\u0107 \u2013 Kalwaria","og_description":"Z liturgii 13. Niedzieli Zwyk\u0142ej \u201327.06.2021r. 1. czytanie (Mdr 1, 13-15; 2, 23-24) \u015amier\u0107 wesz\u0142a na \u015bwiat przez zawi\u015b\u0107 diab\u0142a Czytanie z Ksi\u0119gi M\u0105dro\u015bci \u015amierci B\u00f3g nie uczyni\u0142 i nie cieszy si\u0119 z zag\u0142ady \u017cyj\u0105cych. Stworzy\u0142 bowiem wszystko po to, aby by\u0142o, i byty tego \u015bwiata nios\u0105 zdrowie: nie ma w nich \u015bmierciono\u015bnego jadu ani &hellip;","og_url":"https:\/\/pakosc-kalwaria.franciszkanie.net\/index.php\/2021\/06\/27\/do-medytacji-z-kalwaryjskiego-wzgorza-niedziela-27-06-2021r\/","og_site_name":"Pako\u015b\u0107 \u2013 Kalwaria","article_author":"https:\/\/www.facebook.com\/KalwariaPakosc\/","article_published_time":"2021-06-27T10:00:52+00:00","article_modified_time":"2021-06-28T21:48:44+00:00","og_image":[{"width":350,"height":262,"url":"https:\/\/pakosc-kalwaria.franciszkanie.net\/wp-content\/uploads\/2021\/06\/DSCN1602.jpg","type":"image\/jpeg"}],"twitter_card":"summary","twitter_misc":{"Napisane przez":"pakosc-kalwaria","Szacowany czas czytania":"9 minut"},"schema":{"@context":"https:\/\/schema.org","@graph":[{"@type":"WebSite","@id":"https:\/\/pakosc-kalwaria.franciszkanie.net\/#website","url":"https:\/\/pakosc-kalwaria.franciszkanie.net\/","name":"Pako\u015b\u0107 \u2013 Kalwaria","description":"Parafia Rzymsko \u2013 Katolicka p.w. Pana Jezusa Ukrzy\u017cowanego i  Matki Bo\u017cej Bolesnej ul. Barci\u0144ska 60, 88\u2013170 Pako\u015b\u0107 \u2013 Kalwaria","potentialAction":[{"@type":"SearchAction","target":{"@type":"EntryPoint","urlTemplate":"https:\/\/pakosc-kalwaria.franciszkanie.net\/?s={search_term_string}"},"query-input":"required name=search_term_string"}],"inLanguage":"pl-PL"},{"@type":"ImageObject","@id":"https:\/\/pakosc-kalwaria.franciszkanie.net\/index.php\/2021\/06\/27\/do-medytacji-z-kalwaryjskiego-wzgorza-niedziela-27-06-2021r\/#primaryimage","inLanguage":"pl-PL","url":"https:\/\/pakosc-kalwaria.franciszkanie.net\/wp-content\/uploads\/2021\/06\/DSCN1602.jpg","contentUrl":"https:\/\/pakosc-kalwaria.franciszkanie.net\/wp-content\/uploads\/2021\/06\/DSCN1602.jpg","width":350,"height":262},{"@type":"WebPage","@id":"https:\/\/pakosc-kalwaria.franciszkanie.net\/index.php\/2021\/06\/27\/do-medytacji-z-kalwaryjskiego-wzgorza-niedziela-27-06-2021r\/#webpage","url":"https:\/\/pakosc-kalwaria.franciszkanie.net\/index.php\/2021\/06\/27\/do-medytacji-z-kalwaryjskiego-wzgorza-niedziela-27-06-2021r\/","name":"Do medytacji z kalwaryjskiego Wzg\u00f3rza \u2013 Niedziela 27.06.2021r. - Pako\u015b\u0107 \u2013 Kalwaria","isPartOf":{"@id":"https:\/\/pakosc-kalwaria.franciszkanie.net\/#website"},"primaryImageOfPage":{"@id":"https:\/\/pakosc-kalwaria.franciszkanie.net\/index.php\/2021\/06\/27\/do-medytacji-z-kalwaryjskiego-wzgorza-niedziela-27-06-2021r\/#primaryimage"},"datePublished":"2021-06-27T10:00:52+00:00","dateModified":"2021-06-28T21:48:44+00:00","author":{"@id":"https:\/\/pakosc-kalwaria.franciszkanie.net\/#\/schema\/person\/af10b943be0760709227d060eadcb2aa"},"breadcrumb":{"@id":"https:\/\/pakosc-kalwaria.franciszkanie.net\/index.php\/2021\/06\/27\/do-medytacji-z-kalwaryjskiego-wzgorza-niedziela-27-06-2021r\/#breadcrumb"},"inLanguage":"pl-PL","potentialAction":[{"@type":"ReadAction","target":["https:\/\/pakosc-kalwaria.franciszkanie.net\/index.php\/2021\/06\/27\/do-medytacji-z-kalwaryjskiego-wzgorza-niedziela-27-06-2021r\/"]}]},{"@type":"BreadcrumbList","@id":"https:\/\/pakosc-kalwaria.franciszkanie.net\/index.php\/2021\/06\/27\/do-medytacji-z-kalwaryjskiego-wzgorza-niedziela-27-06-2021r\/#breadcrumb","itemListElement":[{"@type":"ListItem","position":1,"name":"Strona g\u0142\u00f3wna","item":"https:\/\/pakosc-kalwaria.franciszkanie.net\/"},{"@type":"ListItem","position":2,"name":"Do medytacji z kalwaryjskiego Wzg\u00f3rza \u2013 Niedziela 27.06.2021r."}]},{"@type":"Person","@id":"https:\/\/pakosc-kalwaria.franciszkanie.net\/#\/schema\/person\/af10b943be0760709227d060eadcb2aa","name":"pakosc-kalwaria","image":{"@type":"ImageObject","@id":"https:\/\/pakosc-kalwaria.franciszkanie.net\/#personlogo","inLanguage":"pl-PL","url":"https:\/\/secure.gravatar.com\/avatar\/e7049d338b55eac6a0027ff3218b8d02?s=96&d=mm&r=g","contentUrl":"https:\/\/secure.gravatar.com\/avatar\/e7049d338b55eac6a0027ff3218b8d02?s=96&d=mm&r=g","caption":"pakosc-kalwaria"},"sameAs":["https:\/\/www.facebook.com\/KalwariaPakosc\/"],"url":"https:\/\/pakosc-kalwaria.franciszkanie.net\/index.php\/author\/pakosc-kalwaria\/"}]}},"_links":{"self":[{"href":"https:\/\/pakosc-kalwaria.franciszkanie.net\/index.php\/wp-json\/wp\/v2\/posts\/19266"}],"collection":[{"href":"https:\/\/pakosc-kalwaria.franciszkanie.net\/index.php\/wp-json\/wp\/v2\/posts"}],"about":[{"href":"https:\/\/pakosc-kalwaria.franciszkanie.net\/index.php\/wp-json\/wp\/v2\/types\/post"}],"author":[{"embeddable":true,"href":"https:\/\/pakosc-kalwaria.franciszkanie.net\/index.php\/wp-json\/wp\/v2\/users\/2"}],"replies":[{"embeddable":true,"href":"https:\/\/pakosc-kalwaria.franciszkanie.net\/index.php\/wp-json\/wp\/v2\/comments?post=19266"}],"version-history":[{"count":3,"href":"https:\/\/pakosc-kalwaria.franciszkanie.net\/index.php\/wp-json\/wp\/v2\/posts\/19266\/revisions"}],"predecessor-version":[{"id":19269,"href":"https:\/\/pakosc-kalwaria.franciszkanie.net\/index.php\/wp-json\/wp\/v2\/posts\/19266\/revisions\/19269"}],"wp:featuredmedia":[{"embeddable":true,"href":"https:\/\/pakosc-kalwaria.franciszkanie.net\/index.php\/wp-json\/wp\/v2\/media\/19242"}],"wp:attachment":[{"href":"https:\/\/pakosc-kalwaria.franciszkanie.net\/index.php\/wp-json\/wp\/v2\/media?parent=19266"}],"wp:term":[{"taxonomy":"category","embeddable":true,"href":"https:\/\/pakosc-kalwaria.franciszkanie.net\/index.php\/wp-json\/wp\/v2\/categories?post=19266"},{"taxonomy":"post_tag","embeddable":true,"href":"https:\/\/pakosc-kalwaria.franciszkanie.net\/index.php\/wp-json\/wp\/v2\/tags?post=19266"}],"curies":[{"name":"wp","href":"https:\/\/api.w.org\/{rel}","templated":true}]}}