{"id":19284,"date":"2021-06-26T06:05:20","date_gmt":"2021-06-26T04:05:20","guid":{"rendered":"http:\/\/pakosc-kalwaria.franciszkanie.net\/?p=19284"},"modified":"2021-07-02T13:31:47","modified_gmt":"2021-07-02T11:31:47","slug":"odpust-na-kalwarii-pakoskiej-w-czwartek-1-lipca-zapraszamy","status":"publish","type":"post","link":"https:\/\/pakosc-kalwaria.franciszkanie.net\/index.php\/2021\/06\/26\/odpust-na-kalwarii-pakoskiej-w-czwartek-1-lipca-zapraszamy\/","title":{"rendered":"Odpust na Kalwarii Pakoskiej \u2013 w czwartek 1 lipca."},"content":{"rendered":"<div class=\"entry-content\">\n<p><span style=\"color: #ff0000;\"><span style=\"color: #000000;\"><strong>Zapraszamy na Kalwari\u0119 Pakosk\u0105 <\/strong><\/span><strong>w czwartek 1 lipca na Odpust ku czci Najdro\u017cszej Krwi Chrystusa. Suma Odpustowa\u00a0 o 10.00 <span style=\"color: #000000;\">przy Kaplicy Kajfasz \u2013 Wi\u0119zienie.<\/span><\/strong><\/span><\/p>\n<p><strong><br \/>\nTerminy kolejnych odpust\u00f3w na Kalwarii Pakoskiej <span style=\"color: #ff0000;\">w 2021r.:<\/span><br \/>\n<\/strong><\/p>\n<div id=\"content\" class=\"span8 right right\" data-motopress-type=\"loop\" data-motopress-loop-file=\"loop\/loop-single.php\">\n<article id=\"post-5131\" class=\"post__holder post-5131 post type-post status-publish format-standard has-post-thumbnail hentry category-bez-kategorii category-ogloszenia cat-1-id cat-5-id\">\n<div class=\"post_content\">\n<p><strong><span style=\"color: #ff0000;\">15 sierpnia (niedziela) \u2013<\/span> Odpust ku czci Wniebowzi\u0119cia NMP<\/strong><br \/>\n<strong> \u2013 Suma Odpustowa o 12.00 przy Kaplicy Wniebowzi\u0119cie NMP<\/strong><\/p>\n<p><strong><span style=\"color: #ff0000;\">19 wrze\u015bnia (niedziela)<\/span> \u2013 Odpust ku czci Podwy\u017cszenia Krzy\u017ca \u015awi\u0119tego<\/strong><br \/>\n<strong> \u2013 o 11.30 nabo\u017ce\u0144stwo na Wzg\u00f3rzu Kalwaryjskim przy o\u0142tarzu polowym.<\/strong><br \/>\n<strong> \u2013 o 12.00 Suma Odpustowa przy o\u0142tarzu polowym oraz uczczenie Relikwii Krzy\u017ca \u015awi\u0119tego.<\/strong><\/p>\n<p><strong>Bracia Mniejsi Franciszkanie z Pako\u015bci<\/strong><\/p>\n<\/div>\n<\/article>\n<\/div>\n<\/div>\n","protected":false},"excerpt":{"rendered":"<p>Zapraszamy na Kalwari\u0119 Pakosk\u0105 w czwartek 1 lipca na Odpust ku czci Najdro\u017cszej Krwi Chrystusa. Suma Odpustowa\u00a0 o 10.00 przy Kaplicy Kajfasz \u2013 Wi\u0119zienie. Terminy kolejnych odpust\u00f3w na Kalwarii Pakoskiej w 2021r.: 15 sierpnia (niedziela) \u2013 Odpust ku czci Wniebowzi\u0119cia NMP \u2013 Suma Odpustowa o 12.00 przy Kaplicy Wniebowzi\u0119cie NMP 19 wrze\u015bnia (niedziela) \u2013 Odpust &hellip;<\/p>\n","protected":false},"author":2,"featured_media":19285,"comment_status":"closed","ping_status":"closed","sticky":false,"template":"","format":"standard","meta":{"_mi_skip_tracking":false,"_exactmetrics_sitenote_active":false,"_exactmetrics_sitenote_note":"","_exactmetrics_sitenote_category":0},"categories":[13],"tags":[],"yoast_head":"<!-- This site is optimized with the Yoast SEO plugin v18.1 - https:\/\/yoast.com\/wordpress\/plugins\/seo\/ -->\n<title>Odpust na Kalwarii Pakoskiej \u2013 w czwartek 1 lipca. - Pako\u015b\u0107 \u2013 Kalwaria<\/title>\n<meta name=\"robots\" content=\"index, follow, max-snippet:-1, max-image-preview:large, max-video-preview:-1\" \/>\n<link rel=\"canonical\" href=\"https:\/\/pakosc-kalwaria.franciszkanie.net\/index.php\/2021\/06\/26\/odpust-na-kalwarii-pakoskiej-w-czwartek-1-lipca-zapraszamy\/\" \/>\n<meta property=\"og:locale\" content=\"pl_PL\" \/>\n<meta property=\"og:type\" content=\"article\" \/>\n<meta property=\"og:title\" content=\"Odpust na Kalwarii Pakoskiej \u2013 w czwartek 1 lipca. - Pako\u015b\u0107 \u2013 Kalwaria\" \/>\n<meta property=\"og:description\" content=\"Zapraszamy na Kalwari\u0119 Pakosk\u0105 w czwartek 1 lipca na Odpust ku czci Najdro\u017cszej Krwi Chrystusa. Suma Odpustowa\u00a0 o 10.00 przy Kaplicy Kajfasz \u2013 Wi\u0119zienie. Terminy kolejnych odpust\u00f3w na Kalwarii Pakoskiej w 2021r.: 15 sierpnia (niedziela) \u2013 Odpust ku czci Wniebowzi\u0119cia NMP \u2013 Suma Odpustowa o 12.00 przy Kaplicy Wniebowzi\u0119cie NMP 19 wrze\u015bnia (niedziela) \u2013 Odpust &hellip;\" \/>\n<meta property=\"og:url\" content=\"https:\/\/pakosc-kalwaria.franciszkanie.net\/index.php\/2021\/06\/26\/odpust-na-kalwarii-pakoskiej-w-czwartek-1-lipca-zapraszamy\/\" \/>\n<meta property=\"og:site_name\" content=\"Pako\u015b\u0107 \u2013 Kalwaria\" \/>\n<meta property=\"article:author\" content=\"https:\/\/www.facebook.com\/KalwariaPakosc\/\" \/>\n<meta property=\"article:published_time\" content=\"2021-06-26T04:05:20+00:00\" \/>\n<meta property=\"article:modified_time\" content=\"2021-07-02T11:31:47+00:00\" \/>\n<meta property=\"og:image\" content=\"https:\/\/pakosc-kalwaria.franciszkanie.net\/wp-content\/uploads\/2021\/06\/Kaplica-Kajfasz-Wiezienie.jpg\" \/>\n\t<meta property=\"og:image:width\" content=\"300\" \/>\n\t<meta property=\"og:image:height\" content=\"300\" \/>\n\t<meta property=\"og:image:type\" content=\"image\/jpeg\" \/>\n<meta name=\"twitter:card\" content=\"summary\" \/>\n<meta name=\"twitter:label1\" content=\"Napisane przez\" \/>\n\t<meta name=\"twitter:data1\" content=\"pakosc-kalwaria\" \/>\n<script type=\"application\/ld+json\" class=\"yoast-schema-graph\">{\"@context\":\"https:\/\/schema.org\",\"@graph\":[{\"@type\":\"WebSite\",\"@id\":\"https:\/\/pakosc-kalwaria.franciszkanie.net\/#website\",\"url\":\"https:\/\/pakosc-kalwaria.franciszkanie.net\/\",\"name\":\"Pako\u015b\u0107 \u2013 Kalwaria\",\"description\":\"Parafia Rzymsko \u2013 Katolicka p.w. Pana Jezusa Ukrzy\u017cowanego i  Matki Bo\u017cej Bolesnej ul. Barci\u0144ska 60, 88\u2013170 Pako\u015b\u0107 \u2013 Kalwaria\",\"potentialAction\":[{\"@type\":\"SearchAction\",\"target\":{\"@type\":\"EntryPoint\",\"urlTemplate\":\"https:\/\/pakosc-kalwaria.franciszkanie.net\/?s={search_term_string}\"},\"query-input\":\"required name=search_term_string\"}],\"inLanguage\":\"pl-PL\"},{\"@type\":\"ImageObject\",\"@id\":\"https:\/\/pakosc-kalwaria.franciszkanie.net\/index.php\/2021\/06\/26\/odpust-na-kalwarii-pakoskiej-w-czwartek-1-lipca-zapraszamy\/#primaryimage\",\"inLanguage\":\"pl-PL\",\"url\":\"https:\/\/pakosc-kalwaria.franciszkanie.net\/wp-content\/uploads\/2021\/06\/Kaplica-Kajfasz-Wiezienie.jpg\",\"contentUrl\":\"https:\/\/pakosc-kalwaria.franciszkanie.net\/wp-content\/uploads\/2021\/06\/Kaplica-Kajfasz-Wiezienie.jpg\",\"width\":300,\"height\":300},{\"@type\":\"WebPage\",\"@id\":\"https:\/\/pakosc-kalwaria.franciszkanie.net\/index.php\/2021\/06\/26\/odpust-na-kalwarii-pakoskiej-w-czwartek-1-lipca-zapraszamy\/#webpage\",\"url\":\"https:\/\/pakosc-kalwaria.franciszkanie.net\/index.php\/2021\/06\/26\/odpust-na-kalwarii-pakoskiej-w-czwartek-1-lipca-zapraszamy\/\",\"name\":\"Odpust na Kalwarii Pakoskiej \u2013 w czwartek 1 lipca. - Pako\u015b\u0107 \u2013 Kalwaria\",\"isPartOf\":{\"@id\":\"https:\/\/pakosc-kalwaria.franciszkanie.net\/#website\"},\"primaryImageOfPage\":{\"@id\":\"https:\/\/pakosc-kalwaria.franciszkanie.net\/index.php\/2021\/06\/26\/odpust-na-kalwarii-pakoskiej-w-czwartek-1-lipca-zapraszamy\/#primaryimage\"},\"datePublished\":\"2021-06-26T04:05:20+00:00\",\"dateModified\":\"2021-07-02T11:31:47+00:00\",\"author\":{\"@id\":\"https:\/\/pakosc-kalwaria.franciszkanie.net\/#\/schema\/person\/af10b943be0760709227d060eadcb2aa\"},\"breadcrumb\":{\"@id\":\"https:\/\/pakosc-kalwaria.franciszkanie.net\/index.php\/2021\/06\/26\/odpust-na-kalwarii-pakoskiej-w-czwartek-1-lipca-zapraszamy\/#breadcrumb\"},\"inLanguage\":\"pl-PL\",\"potentialAction\":[{\"@type\":\"ReadAction\",\"target\":[\"https:\/\/pakosc-kalwaria.franciszkanie.net\/index.php\/2021\/06\/26\/odpust-na-kalwarii-pakoskiej-w-czwartek-1-lipca-zapraszamy\/\"]}]},{\"@type\":\"BreadcrumbList\",\"@id\":\"https:\/\/pakosc-kalwaria.franciszkanie.net\/index.php\/2021\/06\/26\/odpust-na-kalwarii-pakoskiej-w-czwartek-1-lipca-zapraszamy\/#breadcrumb\",\"itemListElement\":[{\"@type\":\"ListItem\",\"position\":1,\"name\":\"Strona g\u0142\u00f3wna\",\"item\":\"https:\/\/pakosc-kalwaria.franciszkanie.net\/\"},{\"@type\":\"ListItem\",\"position\":2,\"name\":\"Odpust na Kalwarii Pakoskiej \u2013 w czwartek 1 lipca.\"}]},{\"@type\":\"Person\",\"@id\":\"https:\/\/pakosc-kalwaria.franciszkanie.net\/#\/schema\/person\/af10b943be0760709227d060eadcb2aa\",\"name\":\"pakosc-kalwaria\",\"image\":{\"@type\":\"ImageObject\",\"@id\":\"https:\/\/pakosc-kalwaria.franciszkanie.net\/#personlogo\",\"inLanguage\":\"pl-PL\",\"url\":\"https:\/\/secure.gravatar.com\/avatar\/e7049d338b55eac6a0027ff3218b8d02?s=96&d=mm&r=g\",\"contentUrl\":\"https:\/\/secure.gravatar.com\/avatar\/e7049d338b55eac6a0027ff3218b8d02?s=96&d=mm&r=g\",\"caption\":\"pakosc-kalwaria\"},\"sameAs\":[\"https:\/\/www.facebook.com\/KalwariaPakosc\/\"],\"url\":\"https:\/\/pakosc-kalwaria.franciszkanie.net\/index.php\/author\/pakosc-kalwaria\/\"}]}<\/script>\n<!-- \/ Yoast SEO plugin. -->","yoast_head_json":{"title":"Odpust na Kalwarii Pakoskiej \u2013 w czwartek 1 lipca. - Pako\u015b\u0107 \u2013 Kalwaria","robots":{"index":"index","follow":"follow","max-snippet":"max-snippet:-1","max-image-preview":"max-image-preview:large","max-video-preview":"max-video-preview:-1"},"canonical":"https:\/\/pakosc-kalwaria.franciszkanie.net\/index.php\/2021\/06\/26\/odpust-na-kalwarii-pakoskiej-w-czwartek-1-lipca-zapraszamy\/","og_locale":"pl_PL","og_type":"article","og_title":"Odpust na Kalwarii Pakoskiej \u2013 w czwartek 1 lipca. - Pako\u015b\u0107 \u2013 Kalwaria","og_description":"Zapraszamy na Kalwari\u0119 Pakosk\u0105 w czwartek 1 lipca na Odpust ku czci Najdro\u017cszej Krwi Chrystusa. Suma Odpustowa\u00a0 o 10.00 przy Kaplicy Kajfasz \u2013 Wi\u0119zienie. Terminy kolejnych odpust\u00f3w na Kalwarii Pakoskiej w 2021r.: 15 sierpnia (niedziela) \u2013 Odpust ku czci Wniebowzi\u0119cia NMP \u2013 Suma Odpustowa o 12.00 przy Kaplicy Wniebowzi\u0119cie NMP 19 wrze\u015bnia (niedziela) \u2013 Odpust &hellip;","og_url":"https:\/\/pakosc-kalwaria.franciszkanie.net\/index.php\/2021\/06\/26\/odpust-na-kalwarii-pakoskiej-w-czwartek-1-lipca-zapraszamy\/","og_site_name":"Pako\u015b\u0107 \u2013 Kalwaria","article_author":"https:\/\/www.facebook.com\/KalwariaPakosc\/","article_published_time":"2021-06-26T04:05:20+00:00","article_modified_time":"2021-07-02T11:31:47+00:00","og_image":[{"width":300,"height":300,"url":"https:\/\/pakosc-kalwaria.franciszkanie.net\/wp-content\/uploads\/2021\/06\/Kaplica-Kajfasz-Wiezienie.jpg","type":"image\/jpeg"}],"twitter_card":"summary","twitter_misc":{"Napisane przez":"pakosc-kalwaria"},"schema":{"@context":"https:\/\/schema.org","@graph":[{"@type":"WebSite","@id":"https:\/\/pakosc-kalwaria.franciszkanie.net\/#website","url":"https:\/\/pakosc-kalwaria.franciszkanie.net\/","name":"Pako\u015b\u0107 \u2013 Kalwaria","description":"Parafia Rzymsko \u2013 Katolicka p.w. Pana Jezusa Ukrzy\u017cowanego i  Matki Bo\u017cej Bolesnej ul. Barci\u0144ska 60, 88\u2013170 Pako\u015b\u0107 \u2013 Kalwaria","potentialAction":[{"@type":"SearchAction","target":{"@type":"EntryPoint","urlTemplate":"https:\/\/pakosc-kalwaria.franciszkanie.net\/?s={search_term_string}"},"query-input":"required name=search_term_string"}],"inLanguage":"pl-PL"},{"@type":"ImageObject","@id":"https:\/\/pakosc-kalwaria.franciszkanie.net\/index.php\/2021\/06\/26\/odpust-na-kalwarii-pakoskiej-w-czwartek-1-lipca-zapraszamy\/#primaryimage","inLanguage":"pl-PL","url":"https:\/\/pakosc-kalwaria.franciszkanie.net\/wp-content\/uploads\/2021\/06\/Kaplica-Kajfasz-Wiezienie.jpg","contentUrl":"https:\/\/pakosc-kalwaria.franciszkanie.net\/wp-content\/uploads\/2021\/06\/Kaplica-Kajfasz-Wiezienie.jpg","width":300,"height":300},{"@type":"WebPage","@id":"https:\/\/pakosc-kalwaria.franciszkanie.net\/index.php\/2021\/06\/26\/odpust-na-kalwarii-pakoskiej-w-czwartek-1-lipca-zapraszamy\/#webpage","url":"https:\/\/pakosc-kalwaria.franciszkanie.net\/index.php\/2021\/06\/26\/odpust-na-kalwarii-pakoskiej-w-czwartek-1-lipca-zapraszamy\/","name":"Odpust na Kalwarii Pakoskiej \u2013 w czwartek 1 lipca. - Pako\u015b\u0107 \u2013 Kalwaria","isPartOf":{"@id":"https:\/\/pakosc-kalwaria.franciszkanie.net\/#website"},"primaryImageOfPage":{"@id":"https:\/\/pakosc-kalwaria.franciszkanie.net\/index.php\/2021\/06\/26\/odpust-na-kalwarii-pakoskiej-w-czwartek-1-lipca-zapraszamy\/#primaryimage"},"datePublished":"2021-06-26T04:05:20+00:00","dateModified":"2021-07-02T11:31:47+00:00","author":{"@id":"https:\/\/pakosc-kalwaria.franciszkanie.net\/#\/schema\/person\/af10b943be0760709227d060eadcb2aa"},"breadcrumb":{"@id":"https:\/\/pakosc-kalwaria.franciszkanie.net\/index.php\/2021\/06\/26\/odpust-na-kalwarii-pakoskiej-w-czwartek-1-lipca-zapraszamy\/#breadcrumb"},"inLanguage":"pl-PL","potentialAction":[{"@type":"ReadAction","target":["https:\/\/pakosc-kalwaria.franciszkanie.net\/index.php\/2021\/06\/26\/odpust-na-kalwarii-pakoskiej-w-czwartek-1-lipca-zapraszamy\/"]}]},{"@type":"BreadcrumbList","@id":"https:\/\/pakosc-kalwaria.franciszkanie.net\/index.php\/2021\/06\/26\/odpust-na-kalwarii-pakoskiej-w-czwartek-1-lipca-zapraszamy\/#breadcrumb","itemListElement":[{"@type":"ListItem","position":1,"name":"Strona g\u0142\u00f3wna","item":"https:\/\/pakosc-kalwaria.franciszkanie.net\/"},{"@type":"ListItem","position":2,"name":"Odpust na Kalwarii Pakoskiej \u2013 w czwartek 1 lipca."}]},{"@type":"Person","@id":"https:\/\/pakosc-kalwaria.franciszkanie.net\/#\/schema\/person\/af10b943be0760709227d060eadcb2aa","name":"pakosc-kalwaria","image":{"@type":"ImageObject","@id":"https:\/\/pakosc-kalwaria.franciszkanie.net\/#personlogo","inLanguage":"pl-PL","url":"https:\/\/secure.gravatar.com\/avatar\/e7049d338b55eac6a0027ff3218b8d02?s=96&d=mm&r=g","contentUrl":"https:\/\/secure.gravatar.com\/avatar\/e7049d338b55eac6a0027ff3218b8d02?s=96&d=mm&r=g","caption":"pakosc-kalwaria"},"sameAs":["https:\/\/www.facebook.com\/KalwariaPakosc\/"],"url":"https:\/\/pakosc-kalwaria.franciszkanie.net\/index.php\/author\/pakosc-kalwaria\/"}]}},"_links":{"self":[{"href":"https:\/\/pakosc-kalwaria.franciszkanie.net\/index.php\/wp-json\/wp\/v2\/posts\/19284"}],"collection":[{"href":"https:\/\/pakosc-kalwaria.franciszkanie.net\/index.php\/wp-json\/wp\/v2\/posts"}],"about":[{"href":"https:\/\/pakosc-kalwaria.franciszkanie.net\/index.php\/wp-json\/wp\/v2\/types\/post"}],"author":[{"embeddable":true,"href":"https:\/\/pakosc-kalwaria.franciszkanie.net\/index.php\/wp-json\/wp\/v2\/users\/2"}],"replies":[{"embeddable":true,"href":"https:\/\/pakosc-kalwaria.franciszkanie.net\/index.php\/wp-json\/wp\/v2\/comments?post=19284"}],"version-history":[{"count":2,"href":"https:\/\/pakosc-kalwaria.franciszkanie.net\/index.php\/wp-json\/wp\/v2\/posts\/19284\/revisions"}],"predecessor-version":[{"id":19294,"href":"https:\/\/pakosc-kalwaria.franciszkanie.net\/index.php\/wp-json\/wp\/v2\/posts\/19284\/revisions\/19294"}],"wp:featuredmedia":[{"embeddable":true,"href":"https:\/\/pakosc-kalwaria.franciszkanie.net\/index.php\/wp-json\/wp\/v2\/media\/19285"}],"wp:attachment":[{"href":"https:\/\/pakosc-kalwaria.franciszkanie.net\/index.php\/wp-json\/wp\/v2\/media?parent=19284"}],"wp:term":[{"taxonomy":"category","embeddable":true,"href":"https:\/\/pakosc-kalwaria.franciszkanie.net\/index.php\/wp-json\/wp\/v2\/categories?post=19284"},{"taxonomy":"post_tag","embeddable":true,"href":"https:\/\/pakosc-kalwaria.franciszkanie.net\/index.php\/wp-json\/wp\/v2\/tags?post=19284"}],"curies":[{"name":"wp","href":"https:\/\/api.w.org\/{rel}","templated":true}]}}