{"id":19290,"date":"2021-06-29T18:00:48","date_gmt":"2021-06-29T16:00:48","guid":{"rendered":"http:\/\/pakosc-kalwaria.franciszkanie.net\/?p=19290"},"modified":"2021-06-29T16:38:05","modified_gmt":"2021-06-29T14:38:05","slug":"do-medytacji-z-kalwaryjskiego-wzgorza-wtorek-29-06-2021r","status":"publish","type":"post","link":"https:\/\/pakosc-kalwaria.franciszkanie.net\/index.php\/2021\/06\/29\/do-medytacji-z-kalwaryjskiego-wzgorza-wtorek-29-06-2021r\/","title":{"rendered":"Do medytacji z kalwaryjskiego Wzg\u00f3rza \u2013 wtorek 29.06.2021r."},"content":{"rendered":"<p><strong><span style=\"color: #ff0000;\">Z kazania na kalwaryjskim Wzg\u00f3rzu \u2013 29.06.2021r. Uroczysto\u015b\u0107 \u015awi\u0119tych Aposto\u0142\u00f3w Piotra i Paw\u0142a.<\/span><\/strong><\/p>\n<p>Prze\u017cywamy dzisiaj szczeg\u00f3lne nasze \u015bwi\u0119to, bo to jest \u015bwi\u0119to ca\u0142ego Ko\u015bcio\u0142a i wszystkich Jego cz\u0142onk\u00f3w. Nie potrafimy sobie nawet wyobrazi\u0107, ilu cz\u0142onk\u00f3w liczy wsp\u00f3lnota Ko\u015bcio\u0142a, zar\u00f3wno tych w niebie, tych kt\u00f3rzy oczyszczaj\u0105 si\u0119 w czy\u015b\u0107cu, jak i nas pielgrzymuj\u0105cych jeszcze na ziemi. Kamieniem w\u0119gielnym i budowniczym Ko\u015bcio\u0142a jest B\u00f3g \u2013 Jezus Chrystus. Potwierdzaj\u0105 to s\u0142owa Jezusa z dzisiejszej Ewangelii, skierowane do Piotra: \u201eJa tobie powiadam: Ty jeste\u015b Piotr, (czyli Opoka) i na tej opoce zbuduj\u0119 Ko\u015bci\u00f3\u0142 m\u00f3j, a bramy piekielne go nie przemog\u0105\u201d.<br \/>\nLiturgia S\u0142owa dzisiejszej uroczysto\u015bci zwraca nasz\u0105 uwag\u0119 szczeg\u00f3lnie na osob\u0119 \u015bw. Piotra. Ksi\u0119gi Nowego Testamentu dostarczaj\u0105 nam wielu informacji na temat jego \u017cycia, jakim by\u0142 cz\u0142owiekiem i jak prze\u017cywa\u0142 swoj\u0105 wiar\u0119. Ten najwa\u017cniejszy z Aposto\u0142\u00f3w wydaje si\u0119 by\u0107 cz\u0142owiekiem dzia\u0142aj\u0105cym nieraz bardzo impulsywnie. Tak by\u0142o na przyk\u0142ad w czasie Przemienienia Jezusa na G\u00f3rze Tabor. Piotr pod wp\u0142ywem wielkiego duchowego prze\u017cycia, gdy Pan Jezus przemieni\u0142 si\u0119 wobec swoich uczni\u00f3w i gdy pokazali si\u0119 Moj\u017cesz i Eliasz, nie za bardzo wiedz\u0105c co powiedzie\u0107, proponuje postawienie na g\u00f3rze trzech namiot\u00f3w. Jak wiemy propozycja okazuje si\u0119 ma\u0142o trafiona. Innym razem Piotr dzia\u0142aj\u0105cy bardzo impulsywnie, w czasie pojmania Jezusa w Ogr\u00f3jcu rzuca si\u0119 na \u017co\u0142nierza o imieniu Malchos i mieczem odcina mu ucho.<br \/>\nTa impulsywno\u015b\u0107 Piotra nie zmienia jednak faktu, \u017ce Aposto\u0142 Piotr by\u0142 cz\u0142owiekiem pe\u0142nym dobrej woli i \u017cywi\u0142 wielk\u0105 mi\u0142o\u015b\u0107 do swojego Mistrza. Taki, a nie inny charakter Piotra nie sta\u0142 si\u0119 przeszkod\u0105 do tego, by Jezus w czasie Ostatniej Wieczerzy, zapewni\u0142 go o szczeg\u00f3lnej modlitwie o umocnienie jego wiary, po to, by nast\u0119pnie Piotr umacnia\u0142 wiar\u0119 w uczniach Jezusa we wsp\u00f3lnocie Chrystusowego Ko\u015bcio\u0142a. W odpowiedzi na to Piotr zapewni\u0142 Chrystusa, \u017ce got\u00f3w jest p\u00f3j\u015b\u0107 za Nim \u201edo wi\u0119zienia i na \u015bmier\u0107\u201d.<br \/>\nPomimo tego, \u017ce serce Piotra by\u0142o pe\u0142ne dobrej woli i mi\u0142o\u015bci do Jezusa, to dalsze jego \u017cycie pokaza\u0142o, \u017ce by\u0142 jednak cz\u0142owiekiem bardzo chwiejnym. T\u0119 s\u0142abo\u015b\u0107 i chwiejno\u015b\u0107 Piotra, mo\u017cna zauwa\u017cy\u0107 szczeg\u00f3lnie w chwili zaparcia si\u0119 swojego Mistrza, gdy ten zostaje aresztowany. Chocia\u017c par\u0119 godzin wcze\u015bniej, w czasie Ostatniej Wieczerzy, Piotr zapewnia\u0142 Jezusa, \u017ce odda za Niego swoje \u017cycie. Widzimy, \u017ce wiara \u015bw. Piotra nie by\u0142a oderwana od rzeczywisto\u015bci jego \u017cycia. Jego wiara by\u0142a z\u0142\u0105czona nierozerwalnie z jego cz\u0142owiecze\u0144stwem, z cechami jego charakteru i z ca\u0142o\u015bci\u0105 jego, zapewne nie\u0142atwego \u017cycia. Nie by\u0142a te\u017c wolna od rozterek i w\u0105tpliwo\u015bci. Piotr potrzebowa\u0142 nieustannie umocnienia swojej wiary, tak\u017ce wtedy gdy zosta\u0142 wybrany przez Jezusa do kierowania Ko\u015bcio\u0142em.<br \/>\nJednak pomimo wszystkich swoich ludzkich s\u0142abo\u015bci i niedoskona\u0142o\u015bci, a nawet niewierno\u015bci, nie ma w\u0105tpliwo\u015bci co do szczeg\u00f3lnej roli \u015bw. Piotra w pocz\u0105tkach Ko\u015bcio\u0142a. To zadanie przewodniczenia wsp\u00f3lnocie Ko\u015bcio\u0142a powierzy\u0142 Piotrowi sam Chrystus: \u201eTobie dam klucze Kr\u00f3lestwa Niebieskiego\u201d, \u201epa\u015b owce moje, pa\u015b baranki moje\u201d. W ten spos\u00f3b Jezus uczyni\u0142 Piotra swoim zast\u0119pc\u0105 na ziemi. G\u0142os Piotra sta\u0142 si\u0119 g\u0142osem Ko\u015bcio\u0142a. I nic tego nie by\u0142o w stanie zmieni\u0107, nawet m\u0119cze\u0144ska \u015bmier\u0107 Aposto\u0142a Piotra. W\u0142adza, kt\u00f3r\u0105 Chrystus da\u0142 Piotrowi, a tak\u017ce jego prymat w Ko\u015bciele, nie zanik\u0142y, lecz trwaj\u0105 dalej we wszystkich jego nast\u0119pcach, kt\u00f3rymi s\u0105 kolejni papie\u017ce. Poczet papie\u017cy to rozmaite sylwetki ludzi, kt\u00f3rzy tak jak Piotr musieli tak\u017ce mierzy\u0107 si\u0119 ze swoimi niedomaganiami i s\u0142abo\u015bciami, a niekiedy i z ci\u0119\u017ckimi grzechami. Jednak dzi\u0119ki \u0142askom otrzymanym od Boga Ko\u015bci\u00f3\u0142 przetrwa\u0142 a\u017c do dzisiaj, a kolejny papie\u017c Franciszek jest tak\u017ce g\u0142osem Chrystusowego Ko\u015bcio\u0142a. Spe\u0142niaj\u0105 si\u0119 wi\u0119c s\u0142owa Jezusa w kt\u00f3rych zapewni\u0142 b\u0119d\u0105c jeszcze na ziemi: \u201eOto Ja jestem z wami przez wszystkie dni, a\u017c do sko\u0144czenia \u015bwiata\u201d. Niech to zapewnienie pomaga nam wiernie trwa\u0107 przy Jezusie i we wsp\u00f3lnocie Ko\u015bcio\u0142a oraz z uwag\u0105 ws\u0142uchiwa\u0107 si\u0119 w g\u0142os papie\u017cy, kt\u00f3rzy na ziemi zast\u0119puj\u0105 Jezusa Chrystusa. Amen.<br \/>\n(o.R.)<\/p>\n","protected":false},"excerpt":{"rendered":"<p>Z kazania na kalwaryjskim Wzg\u00f3rzu \u2013 29.06.2021r. Uroczysto\u015b\u0107 \u015awi\u0119tych Aposto\u0142\u00f3w Piotra i Paw\u0142a. Prze\u017cywamy dzisiaj szczeg\u00f3lne nasze \u015bwi\u0119to, bo to jest \u015bwi\u0119to ca\u0142ego Ko\u015bcio\u0142a i wszystkich Jego cz\u0142onk\u00f3w. Nie potrafimy sobie nawet wyobrazi\u0107, ilu cz\u0142onk\u00f3w liczy wsp\u00f3lnota Ko\u015bcio\u0142a, zar\u00f3wno tych w niebie, tych kt\u00f3rzy oczyszczaj\u0105 si\u0119 w czy\u015b\u0107cu, jak i nas pielgrzymuj\u0105cych jeszcze na ziemi. &hellip;<\/p>\n","protected":false},"author":2,"featured_media":19291,"comment_status":"closed","ping_status":"closed","sticky":false,"template":"","format":"standard","meta":{"_mi_skip_tracking":false,"_exactmetrics_sitenote_active":false,"_exactmetrics_sitenote_note":"","_exactmetrics_sitenote_category":0},"categories":[14],"tags":[],"yoast_head":"<!-- This site is optimized with the Yoast SEO plugin v18.1 - https:\/\/yoast.com\/wordpress\/plugins\/seo\/ -->\n<title>Do medytacji z kalwaryjskiego Wzg\u00f3rza \u2013 wtorek 29.06.2021r. - Pako\u015b\u0107 \u2013 Kalwaria<\/title>\n<meta name=\"robots\" content=\"index, follow, max-snippet:-1, max-image-preview:large, max-video-preview:-1\" \/>\n<link rel=\"canonical\" href=\"https:\/\/pakosc-kalwaria.franciszkanie.net\/index.php\/2021\/06\/29\/do-medytacji-z-kalwaryjskiego-wzgorza-wtorek-29-06-2021r\/\" \/>\n<meta property=\"og:locale\" content=\"pl_PL\" \/>\n<meta property=\"og:type\" content=\"article\" \/>\n<meta property=\"og:title\" content=\"Do medytacji z kalwaryjskiego Wzg\u00f3rza \u2013 wtorek 29.06.2021r. - Pako\u015b\u0107 \u2013 Kalwaria\" \/>\n<meta property=\"og:description\" content=\"Z kazania na kalwaryjskim Wzg\u00f3rzu \u2013 29.06.2021r. Uroczysto\u015b\u0107 \u015awi\u0119tych Aposto\u0142\u00f3w Piotra i Paw\u0142a. Prze\u017cywamy dzisiaj szczeg\u00f3lne nasze \u015bwi\u0119to, bo to jest \u015bwi\u0119to ca\u0142ego Ko\u015bcio\u0142a i wszystkich Jego cz\u0142onk\u00f3w. Nie potrafimy sobie nawet wyobrazi\u0107, ilu cz\u0142onk\u00f3w liczy wsp\u00f3lnota Ko\u015bcio\u0142a, zar\u00f3wno tych w niebie, tych kt\u00f3rzy oczyszczaj\u0105 si\u0119 w czy\u015b\u0107cu, jak i nas pielgrzymuj\u0105cych jeszcze na ziemi. &hellip;\" \/>\n<meta property=\"og:url\" content=\"https:\/\/pakosc-kalwaria.franciszkanie.net\/index.php\/2021\/06\/29\/do-medytacji-z-kalwaryjskiego-wzgorza-wtorek-29-06-2021r\/\" \/>\n<meta property=\"og:site_name\" content=\"Pako\u015b\u0107 \u2013 Kalwaria\" \/>\n<meta property=\"article:author\" content=\"https:\/\/www.facebook.com\/KalwariaPakosc\/\" \/>\n<meta property=\"article:published_time\" content=\"2021-06-29T16:00:48+00:00\" \/>\n<meta property=\"article:modified_time\" content=\"2021-06-29T14:38:05+00:00\" \/>\n<meta property=\"og:image\" content=\"https:\/\/pakosc-kalwaria.franciszkanie.net\/wp-content\/uploads\/2021\/06\/DSCN1602-1.jpg\" \/>\n\t<meta property=\"og:image:width\" content=\"350\" \/>\n\t<meta property=\"og:image:height\" content=\"262\" \/>\n\t<meta property=\"og:image:type\" content=\"image\/jpeg\" \/>\n<meta name=\"twitter:card\" content=\"summary\" \/>\n<meta name=\"twitter:label1\" content=\"Napisane przez\" \/>\n\t<meta name=\"twitter:data1\" content=\"pakosc-kalwaria\" \/>\n\t<meta name=\"twitter:label2\" content=\"Szacowany czas czytania\" \/>\n\t<meta name=\"twitter:data2\" content=\"4 minuty\" \/>\n<script type=\"application\/ld+json\" class=\"yoast-schema-graph\">{\"@context\":\"https:\/\/schema.org\",\"@graph\":[{\"@type\":\"WebSite\",\"@id\":\"https:\/\/pakosc-kalwaria.franciszkanie.net\/#website\",\"url\":\"https:\/\/pakosc-kalwaria.franciszkanie.net\/\",\"name\":\"Pako\u015b\u0107 \u2013 Kalwaria\",\"description\":\"Parafia Rzymsko \u2013 Katolicka p.w. Pana Jezusa Ukrzy\u017cowanego i  Matki Bo\u017cej Bolesnej ul. Barci\u0144ska 60, 88\u2013170 Pako\u015b\u0107 \u2013 Kalwaria\",\"potentialAction\":[{\"@type\":\"SearchAction\",\"target\":{\"@type\":\"EntryPoint\",\"urlTemplate\":\"https:\/\/pakosc-kalwaria.franciszkanie.net\/?s={search_term_string}\"},\"query-input\":\"required name=search_term_string\"}],\"inLanguage\":\"pl-PL\"},{\"@type\":\"ImageObject\",\"@id\":\"https:\/\/pakosc-kalwaria.franciszkanie.net\/index.php\/2021\/06\/29\/do-medytacji-z-kalwaryjskiego-wzgorza-wtorek-29-06-2021r\/#primaryimage\",\"inLanguage\":\"pl-PL\",\"url\":\"https:\/\/pakosc-kalwaria.franciszkanie.net\/wp-content\/uploads\/2021\/06\/DSCN1602-1.jpg\",\"contentUrl\":\"https:\/\/pakosc-kalwaria.franciszkanie.net\/wp-content\/uploads\/2021\/06\/DSCN1602-1.jpg\",\"width\":350,\"height\":262},{\"@type\":\"WebPage\",\"@id\":\"https:\/\/pakosc-kalwaria.franciszkanie.net\/index.php\/2021\/06\/29\/do-medytacji-z-kalwaryjskiego-wzgorza-wtorek-29-06-2021r\/#webpage\",\"url\":\"https:\/\/pakosc-kalwaria.franciszkanie.net\/index.php\/2021\/06\/29\/do-medytacji-z-kalwaryjskiego-wzgorza-wtorek-29-06-2021r\/\",\"name\":\"Do medytacji z kalwaryjskiego Wzg\u00f3rza \u2013 wtorek 29.06.2021r. - Pako\u015b\u0107 \u2013 Kalwaria\",\"isPartOf\":{\"@id\":\"https:\/\/pakosc-kalwaria.franciszkanie.net\/#website\"},\"primaryImageOfPage\":{\"@id\":\"https:\/\/pakosc-kalwaria.franciszkanie.net\/index.php\/2021\/06\/29\/do-medytacji-z-kalwaryjskiego-wzgorza-wtorek-29-06-2021r\/#primaryimage\"},\"datePublished\":\"2021-06-29T16:00:48+00:00\",\"dateModified\":\"2021-06-29T14:38:05+00:00\",\"author\":{\"@id\":\"https:\/\/pakosc-kalwaria.franciszkanie.net\/#\/schema\/person\/af10b943be0760709227d060eadcb2aa\"},\"breadcrumb\":{\"@id\":\"https:\/\/pakosc-kalwaria.franciszkanie.net\/index.php\/2021\/06\/29\/do-medytacji-z-kalwaryjskiego-wzgorza-wtorek-29-06-2021r\/#breadcrumb\"},\"inLanguage\":\"pl-PL\",\"potentialAction\":[{\"@type\":\"ReadAction\",\"target\":[\"https:\/\/pakosc-kalwaria.franciszkanie.net\/index.php\/2021\/06\/29\/do-medytacji-z-kalwaryjskiego-wzgorza-wtorek-29-06-2021r\/\"]}]},{\"@type\":\"BreadcrumbList\",\"@id\":\"https:\/\/pakosc-kalwaria.franciszkanie.net\/index.php\/2021\/06\/29\/do-medytacji-z-kalwaryjskiego-wzgorza-wtorek-29-06-2021r\/#breadcrumb\",\"itemListElement\":[{\"@type\":\"ListItem\",\"position\":1,\"name\":\"Strona g\u0142\u00f3wna\",\"item\":\"https:\/\/pakosc-kalwaria.franciszkanie.net\/\"},{\"@type\":\"ListItem\",\"position\":2,\"name\":\"Do medytacji z kalwaryjskiego Wzg\u00f3rza \u2013 wtorek 29.06.2021r.\"}]},{\"@type\":\"Person\",\"@id\":\"https:\/\/pakosc-kalwaria.franciszkanie.net\/#\/schema\/person\/af10b943be0760709227d060eadcb2aa\",\"name\":\"pakosc-kalwaria\",\"image\":{\"@type\":\"ImageObject\",\"@id\":\"https:\/\/pakosc-kalwaria.franciszkanie.net\/#personlogo\",\"inLanguage\":\"pl-PL\",\"url\":\"https:\/\/secure.gravatar.com\/avatar\/e7049d338b55eac6a0027ff3218b8d02?s=96&d=mm&r=g\",\"contentUrl\":\"https:\/\/secure.gravatar.com\/avatar\/e7049d338b55eac6a0027ff3218b8d02?s=96&d=mm&r=g\",\"caption\":\"pakosc-kalwaria\"},\"sameAs\":[\"https:\/\/www.facebook.com\/KalwariaPakosc\/\"],\"url\":\"https:\/\/pakosc-kalwaria.franciszkanie.net\/index.php\/author\/pakosc-kalwaria\/\"}]}<\/script>\n<!-- \/ Yoast SEO plugin. -->","yoast_head_json":{"title":"Do medytacji z kalwaryjskiego Wzg\u00f3rza \u2013 wtorek 29.06.2021r. - Pako\u015b\u0107 \u2013 Kalwaria","robots":{"index":"index","follow":"follow","max-snippet":"max-snippet:-1","max-image-preview":"max-image-preview:large","max-video-preview":"max-video-preview:-1"},"canonical":"https:\/\/pakosc-kalwaria.franciszkanie.net\/index.php\/2021\/06\/29\/do-medytacji-z-kalwaryjskiego-wzgorza-wtorek-29-06-2021r\/","og_locale":"pl_PL","og_type":"article","og_title":"Do medytacji z kalwaryjskiego Wzg\u00f3rza \u2013 wtorek 29.06.2021r. - Pako\u015b\u0107 \u2013 Kalwaria","og_description":"Z kazania na kalwaryjskim Wzg\u00f3rzu \u2013 29.06.2021r. Uroczysto\u015b\u0107 \u015awi\u0119tych Aposto\u0142\u00f3w Piotra i Paw\u0142a. Prze\u017cywamy dzisiaj szczeg\u00f3lne nasze \u015bwi\u0119to, bo to jest \u015bwi\u0119to ca\u0142ego Ko\u015bcio\u0142a i wszystkich Jego cz\u0142onk\u00f3w. Nie potrafimy sobie nawet wyobrazi\u0107, ilu cz\u0142onk\u00f3w liczy wsp\u00f3lnota Ko\u015bcio\u0142a, zar\u00f3wno tych w niebie, tych kt\u00f3rzy oczyszczaj\u0105 si\u0119 w czy\u015b\u0107cu, jak i nas pielgrzymuj\u0105cych jeszcze na ziemi. &hellip;","og_url":"https:\/\/pakosc-kalwaria.franciszkanie.net\/index.php\/2021\/06\/29\/do-medytacji-z-kalwaryjskiego-wzgorza-wtorek-29-06-2021r\/","og_site_name":"Pako\u015b\u0107 \u2013 Kalwaria","article_author":"https:\/\/www.facebook.com\/KalwariaPakosc\/","article_published_time":"2021-06-29T16:00:48+00:00","article_modified_time":"2021-06-29T14:38:05+00:00","og_image":[{"width":350,"height":262,"url":"https:\/\/pakosc-kalwaria.franciszkanie.net\/wp-content\/uploads\/2021\/06\/DSCN1602-1.jpg","type":"image\/jpeg"}],"twitter_card":"summary","twitter_misc":{"Napisane przez":"pakosc-kalwaria","Szacowany czas czytania":"4 minuty"},"schema":{"@context":"https:\/\/schema.org","@graph":[{"@type":"WebSite","@id":"https:\/\/pakosc-kalwaria.franciszkanie.net\/#website","url":"https:\/\/pakosc-kalwaria.franciszkanie.net\/","name":"Pako\u015b\u0107 \u2013 Kalwaria","description":"Parafia Rzymsko \u2013 Katolicka p.w. Pana Jezusa Ukrzy\u017cowanego i  Matki Bo\u017cej Bolesnej ul. Barci\u0144ska 60, 88\u2013170 Pako\u015b\u0107 \u2013 Kalwaria","potentialAction":[{"@type":"SearchAction","target":{"@type":"EntryPoint","urlTemplate":"https:\/\/pakosc-kalwaria.franciszkanie.net\/?s={search_term_string}"},"query-input":"required name=search_term_string"}],"inLanguage":"pl-PL"},{"@type":"ImageObject","@id":"https:\/\/pakosc-kalwaria.franciszkanie.net\/index.php\/2021\/06\/29\/do-medytacji-z-kalwaryjskiego-wzgorza-wtorek-29-06-2021r\/#primaryimage","inLanguage":"pl-PL","url":"https:\/\/pakosc-kalwaria.franciszkanie.net\/wp-content\/uploads\/2021\/06\/DSCN1602-1.jpg","contentUrl":"https:\/\/pakosc-kalwaria.franciszkanie.net\/wp-content\/uploads\/2021\/06\/DSCN1602-1.jpg","width":350,"height":262},{"@type":"WebPage","@id":"https:\/\/pakosc-kalwaria.franciszkanie.net\/index.php\/2021\/06\/29\/do-medytacji-z-kalwaryjskiego-wzgorza-wtorek-29-06-2021r\/#webpage","url":"https:\/\/pakosc-kalwaria.franciszkanie.net\/index.php\/2021\/06\/29\/do-medytacji-z-kalwaryjskiego-wzgorza-wtorek-29-06-2021r\/","name":"Do medytacji z kalwaryjskiego Wzg\u00f3rza \u2013 wtorek 29.06.2021r. - Pako\u015b\u0107 \u2013 Kalwaria","isPartOf":{"@id":"https:\/\/pakosc-kalwaria.franciszkanie.net\/#website"},"primaryImageOfPage":{"@id":"https:\/\/pakosc-kalwaria.franciszkanie.net\/index.php\/2021\/06\/29\/do-medytacji-z-kalwaryjskiego-wzgorza-wtorek-29-06-2021r\/#primaryimage"},"datePublished":"2021-06-29T16:00:48+00:00","dateModified":"2021-06-29T14:38:05+00:00","author":{"@id":"https:\/\/pakosc-kalwaria.franciszkanie.net\/#\/schema\/person\/af10b943be0760709227d060eadcb2aa"},"breadcrumb":{"@id":"https:\/\/pakosc-kalwaria.franciszkanie.net\/index.php\/2021\/06\/29\/do-medytacji-z-kalwaryjskiego-wzgorza-wtorek-29-06-2021r\/#breadcrumb"},"inLanguage":"pl-PL","potentialAction":[{"@type":"ReadAction","target":["https:\/\/pakosc-kalwaria.franciszkanie.net\/index.php\/2021\/06\/29\/do-medytacji-z-kalwaryjskiego-wzgorza-wtorek-29-06-2021r\/"]}]},{"@type":"BreadcrumbList","@id":"https:\/\/pakosc-kalwaria.franciszkanie.net\/index.php\/2021\/06\/29\/do-medytacji-z-kalwaryjskiego-wzgorza-wtorek-29-06-2021r\/#breadcrumb","itemListElement":[{"@type":"ListItem","position":1,"name":"Strona g\u0142\u00f3wna","item":"https:\/\/pakosc-kalwaria.franciszkanie.net\/"},{"@type":"ListItem","position":2,"name":"Do medytacji z kalwaryjskiego Wzg\u00f3rza \u2013 wtorek 29.06.2021r."}]},{"@type":"Person","@id":"https:\/\/pakosc-kalwaria.franciszkanie.net\/#\/schema\/person\/af10b943be0760709227d060eadcb2aa","name":"pakosc-kalwaria","image":{"@type":"ImageObject","@id":"https:\/\/pakosc-kalwaria.franciszkanie.net\/#personlogo","inLanguage":"pl-PL","url":"https:\/\/secure.gravatar.com\/avatar\/e7049d338b55eac6a0027ff3218b8d02?s=96&d=mm&r=g","contentUrl":"https:\/\/secure.gravatar.com\/avatar\/e7049d338b55eac6a0027ff3218b8d02?s=96&d=mm&r=g","caption":"pakosc-kalwaria"},"sameAs":["https:\/\/www.facebook.com\/KalwariaPakosc\/"],"url":"https:\/\/pakosc-kalwaria.franciszkanie.net\/index.php\/author\/pakosc-kalwaria\/"}]}},"_links":{"self":[{"href":"https:\/\/pakosc-kalwaria.franciszkanie.net\/index.php\/wp-json\/wp\/v2\/posts\/19290"}],"collection":[{"href":"https:\/\/pakosc-kalwaria.franciszkanie.net\/index.php\/wp-json\/wp\/v2\/posts"}],"about":[{"href":"https:\/\/pakosc-kalwaria.franciszkanie.net\/index.php\/wp-json\/wp\/v2\/types\/post"}],"author":[{"embeddable":true,"href":"https:\/\/pakosc-kalwaria.franciszkanie.net\/index.php\/wp-json\/wp\/v2\/users\/2"}],"replies":[{"embeddable":true,"href":"https:\/\/pakosc-kalwaria.franciszkanie.net\/index.php\/wp-json\/wp\/v2\/comments?post=19290"}],"version-history":[{"count":2,"href":"https:\/\/pakosc-kalwaria.franciszkanie.net\/index.php\/wp-json\/wp\/v2\/posts\/19290\/revisions"}],"predecessor-version":[{"id":19293,"href":"https:\/\/pakosc-kalwaria.franciszkanie.net\/index.php\/wp-json\/wp\/v2\/posts\/19290\/revisions\/19293"}],"wp:featuredmedia":[{"embeddable":true,"href":"https:\/\/pakosc-kalwaria.franciszkanie.net\/index.php\/wp-json\/wp\/v2\/media\/19291"}],"wp:attachment":[{"href":"https:\/\/pakosc-kalwaria.franciszkanie.net\/index.php\/wp-json\/wp\/v2\/media?parent=19290"}],"wp:term":[{"taxonomy":"category","embeddable":true,"href":"https:\/\/pakosc-kalwaria.franciszkanie.net\/index.php\/wp-json\/wp\/v2\/categories?post=19290"},{"taxonomy":"post_tag","embeddable":true,"href":"https:\/\/pakosc-kalwaria.franciszkanie.net\/index.php\/wp-json\/wp\/v2\/tags?post=19290"}],"curies":[{"name":"wp","href":"https:\/\/api.w.org\/{rel}","templated":true}]}}