{"id":19332,"date":"2021-07-20T10:00:07","date_gmt":"2021-07-20T08:00:07","guid":{"rendered":"http:\/\/pakosc-kalwaria.franciszkanie.net\/?p=19332"},"modified":"2021-07-26T00:36:04","modified_gmt":"2021-07-25T22:36:04","slug":"komunikat-na-xxii-ogolnopolski-tydzien-sw-krzysztofa","status":"publish","type":"post","link":"https:\/\/pakosc-kalwaria.franciszkanie.net\/index.php\/2021\/07\/20\/komunikat-na-xxii-ogolnopolski-tydzien-sw-krzysztofa\/","title":{"rendered":"Komunikat na XXII Og\u00f3lnopolski Tydzie\u0144 \u015bw. Krzysztofa"},"content":{"rendered":"<p><strong><span id=\"page3R_mcid8\" class=\"markedContent\"><span dir=\"ltr\">Komunikat Przewodnicz\u0105cego Komisji Episkopatu Polski ds. Misji <\/span><\/span><span id=\"page3R_mcid10\" class=\"markedContent\"><span dir=\"ltr\">na XX<\/span><\/span><\/strong><span id=\"page3R_mcid11\" class=\"markedContent\"><strong><span dir=\"ltr\">I<\/span><span dir=\"ltr\">I <\/span><\/strong><span dir=\"ltr\"><strong>Og\u00f3lnopolski Tydzie\u0144 \u015bw. Krzysztofa.<\/strong><\/span><\/span><\/p>\n<p><span id=\"page3R_mcid12\" class=\"markedContent\"><\/span><span id=\"page3R_mcid13\" class=\"markedContent\"><span dir=\"ltr\">Czcigodni <\/span><span dir=\"ltr\">B<\/span><span dir=\"ltr\">racia w <\/span><span dir=\"ltr\">K<\/span><span dir=\"ltr\">ap\u0142a\u0144stwie! <\/span><span dir=\"ltr\">Osoby \u017cycia konsekrowanego! <\/span><\/span><span id=\"page3R_mcid14\" class=\"markedContent\"><span dir=\"ltr\">Drodzy Bracia i Siostry w Chrystusie! <\/span><span dir=\"ltr\">Sz<\/span><span dir=\"ltr\">a<\/span><span dir=\"ltr\">nown<\/span><span dir=\"ltr\">i <\/span><span dir=\"ltr\">K<\/span><span dir=\"ltr\">ierowcy i <\/span><span dir=\"ltr\">U<\/span><span dir=\"ltr\">\u017cy<\/span><span dir=\"ltr\">tkownicy dr\u00f3g!<br \/>\n<\/span><\/span><span id=\"page3R_mcid15\" class=\"markedContent\"><span dir=\"ltr\">Po raz dwudziesty drugi,<\/span><\/span><span id=\"page3R_mcid16\" class=\"markedContent\"><span dir=\"ltr\">w dniach 18 <\/span><span dir=\"ltr\">\u2013<\/span><span dir=\"ltr\">25 lipca 2021<\/span><span dir=\"ltr\">obchodzimy w Ko\u015bciele w Polsce Tydzie\u0144 \u015bw. <\/span><span dir=\"ltr\">Krzysztofa<\/span><span dir=\"ltr\">. <\/span><span dir=\"ltr\">Obchody <\/span><span dir=\"ltr\">te organizowane s\u0105 przez misyjne stowarzyszenie MIVA Polska, zajmuj\u0105ce si\u0119 pomoc\u0105 <\/span><span dir=\"ltr\">misjonarzom w zdobywan<\/span><span dir=\"ltr\">i<\/span><span dir=\"ltr\">u \u015br<\/span><span dir=\"ltr\">odk\u00f3w transportu<\/span><span dir=\"ltr\">. <\/span><span dir=\"ltr\">Odbywaj\u0105 si\u0119 one pod patronatem Komisji Episkopatu Polski <\/span><span dir=\"ltr\">ds. Misji i<\/span> <span dir=\"ltr\">z<\/span><span dir=\"ltr\">wi\u0105zane s\u0105 ze wspomnieniem \u015bwi\u0119tego M\u0119czennika ze staro\u017cytno\u015bci chrze\u015bcija\u0144skiej, \u015bw. <\/span><span dir=\"ltr\">Krzysztofa, kt\u00f3ry jest czczony jako Patron Kierowc\u00f3w i Podr\u00f3\u017cuj\u0105cych. Jego p<\/span><span dir=\"ltr\">o<\/span><span dir=\"ltr\">pula<\/span><span dir=\"ltr\">rny wizerunek <\/span><span dir=\"ltr\">um<\/span><span dir=\"ltr\">ieszczamy <\/span><span dir=\"ltr\">cz\u0119sto w naszych pojazdach i wzywamy jego pomocy i opieki, szczeg\u00f3lnie gdy udajemy si\u0119 w drog\u0119. <\/span><span dir=\"ltr\">Jednak <\/span><span dir=\"ltr\">t<\/span><span dir=\"ltr\">re\u015b\u0107 tego Tygodnia <\/span><span dir=\"ltr\">nie ogranicza <\/span><span dir=\"ltr\">si\u0119 <\/span><span dir=\"ltr\">do spraw zwi\u0105zanych z bezpiecznym podr\u00f3\u017cowaniem i duszpastersk\u0105 <\/span><span dir=\"ltr\">trosk\u0105 o u\u017cytkownik<\/span><span dir=\"ltr\">\u00f3<\/span><span dir=\"ltr\">w dr<\/span><span dir=\"ltr\">ogi, ale <\/span><span dir=\"ltr\">m<\/span><span dir=\"ltr\">ie\u015bci <\/span><span dir=\"ltr\">w swojej perspektywie spraw\u0119 misyjnej dzia\u0142alno\u015bci Ko\u015bcio\u0142a i jej <\/span><span dir=\"ltr\">potrzeb <\/span><span dir=\"ltr\">w zakresie \u015brodk\u00f3w transportu. Wy<\/span><span dir=\"ltr\">j\u015bcie <\/span><span dir=\"ltr\">naprzeciw tym potrzebom <\/span><span dir=\"ltr\">misjonarzy<\/span><span dir=\"ltr\">, <\/span><span dir=\"ltr\">a wi\u0119c <\/span><span dir=\"ltr\">poza obr\u0119b <\/span><span dir=\"ltr\">naszych lokalnych spraw<\/span><span dir=\"ltr\">i potrzeb<\/span><span dir=\"ltr\">, staj<\/span><span dir=\"ltr\">e <\/span><span dir=\"ltr\">si\u0119 naszym \u201emisyjnym wyj\u015bci<\/span><span dir=\"ltr\">e<\/span><span dir=\"ltr\">m\u201d<\/span><span dir=\"ltr\">, <\/span><span dir=\"ltr\">o kt\u00f3rym cz\u0119sto <\/span><span dir=\"ltr\">m\u00f3wi papie\u017c <\/span><span dir=\"ltr\">Franciszek i do kt\u00f3rego zaprasza wszystkich wierz\u0105cych. <\/span><\/span><span id=\"page3R_mcid17\" class=\"markedContent\"><span dir=\"ltr\">My\u015bl\u0105 przewodni\u0105 tegorocznych obchod\u00f3w <\/span><span dir=\"ltr\">s\u0105 s\u0142owa: <\/span><span dir=\"ltr\">W drog\u0119 do \u0179r\u00f3d\u0142a \u017bycia<\/span><span dir=\"ltr\">.<\/span><span dir=\"ltr\">Ta my\u015bl odnosi si\u0119 przede <\/span><span dir=\"ltr\">wszystkim do Eucharystycznego \u0179r\u00f3d\u0142a, do kt\u00f3rego sam Chrystus nas z<\/span><span dir=\"ltr\">a<\/span><span dir=\"ltr\">pras<\/span><span dir=\"ltr\">za, aby\u015bmy z Nim <\/span><span dir=\"ltr\">zasiedli przy <\/span><span dir=\"ltr\">stole Wieczerzy Pa\u0144skiej i spo\u017cywali chleb \u017bycia. Podczas pandemii <\/span><span dir=\"ltr\">dost\u0119p do tego \u017ar\u00f3d\u0142a zosta\u0142 mocno <\/span><span dir=\"ltr\">ograniczony praktycznie w wszystkich zak\u0105tkach \u015bwiata. Wierz\u0105cy <\/span><span dir=\"ltr\">w znacznym stopniu <\/span><span dir=\"ltr\">zostali odci\u0119ci od tego <\/span><span dir=\"ltr\">\u017cyciodajneg<\/span><span dir=\"ltr\">o <\/span><span dir=\"ltr\">\u0179r\u00f3<\/span><span dir=\"ltr\">d\u0142a, kt\u00f3re jest <\/span><span dir=\"ltr\">zarazem centrum \u017cycia wsp\u00f3lnot chrze\u015bcija\u0144skich. <\/span><span dir=\"ltr\">W <\/span><span dir=\"ltr\">wielu zak\u0105tkach <\/span><span dir=\"ltr\">\u015bwiata<\/span><span dir=\"ltr\">, <\/span><span dir=\"ltr\">gdzie pracuj\u0105 polscy misjonarze <\/span><span dir=\"ltr\">i misjonarki<\/span><span dir=\"ltr\">,<\/span><span dir=\"ltr\">ta sytuacja <\/span><span dir=\"ltr\">trwa dalej i<\/span><span dir=\"ltr\"> jest wyzwaniem dla misjonarzy i trudnym <\/span><span dir=\"ltr\">do\u015bwiadczeniem<\/span><span dir=\"ltr\">.<br \/>\n<\/span><\/span><span id=\"page3R_mcid18\" class=\"markedContent\"><\/span><span id=\"page3R_mcid19\" class=\"markedContent\"><span dir=\"ltr\"><br \/>\nDrodzy w Chrystusie! <\/span><\/span><span id=\"page3R_mcid20\" class=\"markedContent\"><span dir=\"ltr\">W Tygodniu <\/span><span dir=\"ltr\">\u015b<\/span><span dir=\"ltr\">w. K<\/span><span dir=\"ltr\">rzysztofa ogarni<\/span><span dir=\"ltr\">amy nasz\u0105 pami\u0119ci\u0105 i modlitw\u0105 naszych misjonarzy i misjonarki, <\/span><span dir=\"ltr\">kt\u00f3rych misjonarsk<\/span><span dir=\"ltr\">i <\/span><span dir=\"ltr\">trud mocno wi\u0105\u017ce si\u0119 z pokonywaniem odleg\u0142o\u015bci, aby dotrze\u0107 do konkretnego cz\u0142owieka, <\/span><span dir=\"ltr\">kt\u00f3ry <\/span><span dir=\"ltr\">czeka na swojego Mi\u0142osiernego Samarytanina, na jego wyci\u0105gni<\/span><span dir=\"ltr\">\u0119<\/span><span dir=\"ltr\">t\u0105 i <\/span><span dir=\"ltr\">ch\u0119tn\u0105 do pomoc<\/span><span dir=\"ltr\">y d\u0142o\u0144, \u017cyczliwe <\/span><span dir=\"ltr\">s\u0142owo i dobr\u0105 rad\u0119, na S\u0142owo \u017cycia i dar \u0142aski p\u0142yn\u0105cy z Sakrament\u00f3w \u015awi\u0119tych<\/span><span dir=\"ltr\">, przywracaj\u0105cy duchowe si\u0142y. <\/span><\/span><span id=\"page3R_mcid21\" class=\"markedContent\"><span dir=\"ltr\">W swojej ostatniej encyklice <\/span><span dir=\"ltr\">Fratelli Tutti <\/span><span dir=\"ltr\">\u2013 <\/span><span dir=\"ltr\">O braterstwie i przyja\u017ani spo\u0142ecznej<\/span><span dir=\"ltr\">, papie\u017c Franciszek rozwa\u017caj<\/span><span dir=\"ltr\">\u0105<\/span><span dir=\"ltr\">c <\/span><span dir=\"ltr\">ew<\/span><span dir=\"ltr\">angeliczn\u0105 przyp<\/span><span dir=\"ltr\">owie\u015b\u0107 o Mi\u0142osiernym Samarytaninie m\u00f3wi o poranionym cz\u0142owieku, kt\u00f3ry oczekuje na <\/span><span dir=\"ltr\">pomoc: <\/span><span dir=\"ltr\">Gdy wyruszamy w drog\u0119, nieuchronnie spotykamy cz\u0142owieka poranionego. Dzisiaj jest coraz wi\u0119cej <\/span><span dir=\"ltr\">os\u00f3b poranionych&#8230;. Ka\u017cdego dnia stajemy przed wybor<\/span><span dir=\"ltr\">e<\/span><span dir=\"ltr\">m: c<\/span><span dir=\"ltr\">zy by\u0107 mi\u0142osiern<\/span><span dir=\"ltr\">ymi Samarytanami, czy te\u017c <\/span><span dir=\"ltr\">oboj\u0119tnymi podr\u00f3\u017cnikami, mijaj\u0105cymi z daleka (&#8230;) Istotnie opadaj\u0105 nasze r\u00f3\u017cnorodne maski, nasze etykiety i <\/span><span dir=\"ltr\">nasze przebrania: oto godzina prawdy. Czy pochylimy si\u0119, by dotkn\u0105\u0107 i opatrzy\u0107 rany innych? Czy pochyl<\/span><span dir=\"ltr\">i<\/span><span dir=\"ltr\">my <\/span><span dir=\"ltr\">s<\/span><span dir=\"ltr\">i\u0119, aby wzi\u0105\u0107 je<\/span><span dir=\"ltr\">dni drugich na ramiona? Jest to wyzwanie aktualne, kt\u00f3rego nie powinni\u015bmy si\u0119 l\u0119ka\u0107.(69,70) <\/span><\/span><span id=\"page3R_mcid22\" class=\"markedContent\"><span dir=\"ltr\">\u015arodki transportu w misjonarskim pos\u0142ugiwaniu odgrywaj\u0105 wa\u017cn\u0105 i niezast\u0105pion\u0105 rol\u0119<\/span><span dir=\"ltr\">. N<\/span><span dir=\"ltr\">ie tylko <\/span><span dir=\"ltr\">u\u0142atwiaj\u0105 i umo\u017cliwiaj\u0105 codzienn\u0105 prac\u0119, ale i po<\/span><span dir=\"ltr\">m<\/span><span dir=\"ltr\">na\u017ca<\/span><span dir=\"ltr\">j\u0105 mo\u017cliwo\u015bci <\/span><span dir=\"ltr\">po<\/span><span dir=\"ltr\">mocy i cz\u0119stszej obecno\u015bci w wielu <\/span><span dir=\"ltr\">wsp\u00f3lnotach <\/span><span dir=\"ltr\">i stacjach misyjnych oddalonych od misyjnego centrum<\/span><span dir=\"ltr\">.<\/span><span dir=\"ltr\">W tym miejscu pragn\u0119 wyrazi\u0107 moj\u0105 <\/span><span dir=\"ltr\">wdzi\u0119czno\u015b\u0107 w imieniu Komisji Episkopatu Polski ds. Misji i wszystkich misjonarzy za wspieranie dzie<\/span><span dir=\"ltr\">\u0142<\/span><span dir=\"ltr\">a MI<\/span><span dir=\"ltr\">VA <\/span><span dir=\"ltr\">Polska i udzi<\/span><span dir=\"ltr\">a\u0142 w znanej ju\u017c dobrze w Polsce <\/span><span dir=\"ltr\">Akcji \u015bw. Krzysztof 1 grosz za 1 kilometr<\/span><span dir=\"ltr\">, dzi\u0119ki kt\u00f3rej misjonarze <\/span><\/span><span id=\"page32R_mcid0\" class=\"markedContent\"><\/span><span id=\"page32R_mcid1\" class=\"markedContent\"><span dir=\"ltr\">otrzymuj\u0105 potrzebne \u015brodki transportu. Sk\u0142adam moje serdeczne wyrazy uznania i podzi\u0119kowanie za <\/span><span dir=\"ltr\">wielkoduszne wsparcie przekazane w trudnym czasie pandemii, <\/span><span dir=\"ltr\">za <\/span><span dir=\"ltr\">solidarne dzielenie <\/span><span dir=\"ltr\">si\u0119 z tymi, kt\u00f3rzy <\/span><span dir=\"ltr\">maj\u0105 <\/span><span dir=\"ltr\">si\u0119 <\/span><span dir=\"ltr\">gorzej <\/span><span dir=\"ltr\">od nas<\/span><span dir=\"ltr\">. <\/span><span dir=\"ltr\">M<\/span><span dir=\"ltr\">isje w <\/span><span dir=\"ltr\">czasie pandemii sta\u0142y si\u0119 ewangelicznym<\/span><span dir=\"ltr\">i <\/span><span dir=\"ltr\">gospodami, w kt\u00f3rych pomoc znale\u017ali i <\/span><span dir=\"ltr\">dalej znajduj\u0105 potrzebuj\u0105cy<\/span><span dir=\"ltr\">, a pojazdy umo\u017cliwia<\/span><span dir=\"ltr\">j\u0105 <\/span><span dir=\"ltr\">misjonarzom <\/span><span dir=\"ltr\">bycie pos\u0142a\u0144cami i anio\u0142ami mi\u0142osierdzia<\/span><span dir=\"ltr\">. <\/span><\/span><span id=\"page32R_mcid2\" class=\"markedContent\"><span dir=\"ltr\">Dzi\u0119ki ofiarom <\/span><span dir=\"ltr\">zebranym podczas ubieg\u0142orocznej <\/span><span dir=\"ltr\">akcji \u015bw. Krzysztof <\/span><span dir=\"ltr\">MIV<\/span><span dir=\"ltr\">A Polska <\/span><span dir=\"ltr\">zrealizowa\u0142a 78 projekt\u00f3w <\/span><span dir=\"ltr\">na<\/span><span dir=\"ltr\">137 r\u00f3\u017cnych pojazd\u00f3w <\/span><span dir=\"ltr\">w 26 krajach \u015bwiata<\/span><span dir=\"ltr\">. <\/span><span dir=\"ltr\">Z pomocy MIVA Polska <\/span><span dir=\"ltr\">s<\/span><span dir=\"ltr\">korzystali zar\u00f3wno misjonarze <\/span><span dir=\"ltr\">Fidei <\/span><span dir=\"ltr\">Donum <\/span><span dir=\"ltr\">(ksi\u0119\u017ca diecezjalni)<\/span><span dir=\"ltr\">,<\/span><span dir=\"ltr\">ksi\u0119\u017ca i bracia <\/span><span dir=\"ltr\">zakonni, siostry zakonne<\/span><span dir=\"ltr\">, <\/span><span dir=\"ltr\">polscy biskupi misyjni oraz misjonarze <\/span><span dir=\"ltr\">\u015bwieccy. <\/span><span dir=\"ltr\">Zakupion<\/span><span dir=\"ltr\">e <\/span><span dir=\"ltr\">z<\/span><span dir=\"ltr\">osta\u0142<\/span><span dir=\"ltr\">y <\/span><span dir=\"ltr\">52 <\/span><span dir=\"ltr\">s<\/span><span dir=\"ltr\">amochod<\/span><span dir=\"ltr\">y<\/span><span dir=\"ltr\">, <\/span><span dir=\"ltr\">2 ambulanse<\/span><span dir=\"ltr\">, <\/span><span dir=\"ltr\">4 busy<\/span><span dir=\"ltr\">, <\/span><span dir=\"ltr\">24 motocykle<\/span><span dir=\"ltr\">, <\/span><span dir=\"ltr\">51 rower\u00f3w dla katechist\u00f3w<\/span><span dir=\"ltr\">, <\/span><span dir=\"ltr\">2 <\/span><span dir=\"ltr\">traktory i <\/span><span dir=\"ltr\">1 ko\u0144 z wozem. <\/span><span dir=\"ltr\">Pojazdy te s\u0142u\u017c\u0105 w wieloraki spos\u00f3b w realizacji powszech<\/span><span dir=\"ltr\">n<\/span><span dir=\"ltr\">ej misji Ko\u015bcio\u0142a<\/span><span dir=\"ltr\">. <\/span><span dir=\"ltr\">Jest to <\/span><span dir=\"ltr\">pi\u0119kny wk\u0142ad Ko\u015bcio\u0142a w Polsce w ewangelizacj\u0119 <\/span><span dir=\"ltr\">\u015bwiata<\/span><span dir=\"ltr\">, w kt\u00f3rej centrum stoi \u015bwiadectwo Bo\u017cej mi\u0142o\u015bci <\/span><span dir=\"ltr\">g\u0142oszone i dawane przez misjonarzy, szczeg\u00f3lnie z my\u015bl\u0105 o najs\u0142abszych i najbardziej potrzebuj\u0105cych. <\/span><span dir=\"ltr\">\u0141\u0105czna <\/span><span dir=\"ltr\">suma przekazanej w<\/span><span dir=\"ltr\">2020 roku pomocy <\/span><span dir=\"ltr\">od <\/span><span dir=\"ltr\">MIVA Polska na pojazdy misyjne roku wynios\u0142a: 3. 711.<\/span><span dir=\"ltr\">370 z\u0142. <\/span><span dir=\"ltr\">Niech B\u00f3g hojnie <\/span><span dir=\"ltr\">b\u0142ogos\u0142awi <\/span><span dir=\"ltr\">i obdarza potrzebnymi \u0142askami <\/span><span dir=\"ltr\">wszystki<\/span><span dir=\"ltr\">ch Darczy\u0144c\u00f3w<\/span><span dir=\"ltr\">!<br \/>\n<\/span><\/span><span id=\"page32R_mcid3\" class=\"markedContent\"><span dir=\"ltr\"><br \/>\nPragn\u0119 <\/span><span dir=\"ltr\">i w tym roku <\/span><span dir=\"ltr\">zwr\u00f3ci\u0107 si\u0119 <\/span><span dir=\"ltr\">z <\/span><span dir=\"ltr\">serdeczn\u0105 <\/span><span dir=\"ltr\">pro\u015bb\u0105 do wszystkich os\u00f3b duchownych i wiernyc<\/span><span dir=\"ltr\">h <\/span><span dir=\"ltr\">\u015bwieckich o udzia\u0142 w <\/span><span dir=\"ltr\">Akcji <\/span><span dir=\"ltr\">\u015bw. Krzysztof<\/span><span dir=\"ltr\">\u2013<\/span><span dir=\"ltr\">1 grosz za 1 kilometr <\/span><span dir=\"ltr\">na rzec<\/span><span dir=\"ltr\">z misyjnych \u015brodk\u00f3w transportu. <\/span><span dir=\"ltr\">Niech <\/span><span dir=\"ltr\">ka\u017cda wsp\u00f3lnota parafialna <\/span><span dir=\"ltr\">oraz <\/span><span dir=\"ltr\">wsp\u00f3lnota zakonna <\/span><span dir=\"ltr\">w\u0142\u0105czy si\u0119 w t\u0119 akcj\u0119 i zorganizuje odpowiedni\u0105 zbi\u00f3rk\u0119 <\/span><span dir=\"ltr\">na ten szlachetny cel! <\/span><span dir=\"ltr\">Zach\u0119cam ka\u017cdeg<\/span><span dir=\"ltr\">o <\/span><span dir=\"ltr\">kierowc\u0119 <\/span><span dir=\"ltr\">i pasa\u017cera <\/span><span dir=\"ltr\">do w\u0142\u0105czenia si\u0119 w t\u0119 szlachetn\u0105 misyjn\u0105 akcj\u0119 <\/span><span dir=\"ltr\">pomoc<\/span><span dir=\"ltr\">y. <\/span><span dir=\"ltr\">Podzi\u0119kujmy za Bo\u017c\u0105 <\/span><span dir=\"ltr\">pomoc i opiek\u0119 w naszych codziennych podr\u00f3\u017cach i wesprzyjmy swoim darem <\/span><span dir=\"ltr\">naszych misjonarzy i misjonarki<\/span><span dir=\"ltr\">, a <\/span><span dir=\"ltr\">z naszej wdzi\u0119czno\u015bci za szcz\u0119\u015bliwie przejechane kil<\/span><span dir=\"ltr\">o<\/span><span dir=\"ltr\">metry zrodz\u0105 si\u0119 <\/span><span dir=\"ltr\">wielkie rzeczy, na miar\u0119, kt\u00f3r\u0105 sam B\u00f3g zamierzy\u0142. Swoim <\/span><span dir=\"ltr\">za\u015b <\/span><span dir=\"ltr\">darem i swoj\u0105 wdzi\u0119czno\u015bci\u0105 b\u0119dziemy obecni <\/span><span dir=\"ltr\">tam, gdzie nie mo\u017cemy by\u0107 fizycznie obecni. O aktualnych potrzebach misjonarzy informujemy w przes\u0142anych <\/span><span dir=\"ltr\">do parafii materia<\/span><span dir=\"ltr\">\u0142a<\/span><span dir=\"ltr\">ch duszp<\/span><span dir=\"ltr\">a<\/span><span dir=\"ltr\">sterskich na obchody Tygodnia \u015bw. Krzysztofa, jak i na stronie <\/span><\/span><span id=\"page32R_mcid4\" class=\"markedContent\"><span dir=\"ltr\">www.miva.pl <\/span><\/span><span id=\"page32R_mcid5\" class=\"markedContent\"><span dir=\"ltr\">W\u015br\u00f3d tegorocznych potrzeb<\/span><span dir=\"ltr\">, opr\u00f3cz pojazd\u00f3w do dyspozycji misjonarzy,<\/span><span dir=\"ltr\">znalaz<\/span><span dir=\"ltr\">\u0142y si\u0119 w\u00f3zki dla <\/span><span dir=\"ltr\">niepe\u0142nosprawnych na misjach, kt\u00f3re MIVA nazywa \u201ePro<\/span><span dir=\"ltr\">m<\/span><span dir=\"ltr\">ieniami Mi\u0142osierdzia\u201d. <\/span><span dir=\"ltr\">Potrzeby te obejmuj\u0105 zakup <\/span><span dir=\"ltr\">blisko 700 w\u00f3zk\u00f3w, do m<\/span><span dir=\"ltr\">iejsc i kraj\u00f3w, gdzie pracuj\u0105 polscy misjonarze. Pomoc ta j<\/span><span dir=\"ltr\">est szczeg\u00f3lny<\/span><span dir=\"ltr\">m <\/span><span dir=\"ltr\">znak<\/span><span dir=\"ltr\">iem <\/span><span dir=\"ltr\">solidarno\u015bci z najs\u0142abszymi w tym trudnym czasie pandemii.<br \/>\n<\/span><\/span><span id=\"page32R_mcid6\" class=\"markedContent\"><\/span><span id=\"page32R_mcid7\" class=\"markedContent\"><span dir=\"ltr\"><br \/>\nUmi\u0142owani w Panu! Drodzy <\/span><span dir=\"ltr\">U<\/span><span dir=\"ltr\">\u017cytkownicy po<\/span><span dir=\"ltr\">j<\/span><span dir=\"ltr\">azd\u00f3w<\/span><span dir=\"ltr\">!<\/span><\/span><span id=\"page32R_mcid8\" class=\"markedContent\"><span dir=\"ltr\">Uczestnicz\u0105c w misyjnej <\/span><span dir=\"ltr\">Akcji \u015bw. Krzysztof <\/span><span dir=\"ltr\">i dzi\u0119kuj\u0105c za nasze b<\/span><span dir=\"ltr\">ezpieczne podr\u00f3\u017ce, troszczmy si\u0119 <\/span><span dir=\"ltr\">jednocze\u015bnie o bezpieczne, odpowiedzialne i roztropne poruszanie si\u0119 po drogach <\/span><span dir=\"ltr\">i tworzenie kultury <\/span><span dir=\"ltr\">bezpiecze\u0144stwa na drogach. Zadbajmy koniecznie o <\/span><span dir=\"ltr\">t<\/span><span dir=\"ltr\">rze\u017awo\u015b\u0107 za kierownic\u0105 i nie zapominajmy o wzajemnej <\/span><span dir=\"ltr\">\u017cyczliwo\u015bci i szacun<\/span><span dir=\"ltr\">ku wobec innych u\u017cytkownik\u00f3w drogi. Ka\u017cdy chrze\u015bcijanin powinien dawa\u0107 te\u017c dobre <\/span><span dir=\"ltr\">\u015bwiadectwo za kierownic<\/span><span dir=\"ltr\">\u0105 <\/span><span dir=\"ltr\">i podczas podr\u00f3\u017cy.<\/span><\/span><span id=\"page32R_mcid9\" class=\"markedContent\"><\/span><span id=\"page32R_mcid10\" class=\"markedContent\"><span dir=\"ltr\">Przyzywam <\/span><span dir=\"ltr\">wstawiennictwa \u015bw<\/span><span dir=\"ltr\">.<\/span><span dir=\"ltr\">Krzysztofa <\/span><span dir=\"ltr\">i \u015bw. J\u00f3zefa <\/span><span dir=\"ltr\">or<\/span><span dir=\"ltr\">a<\/span><span dir=\"ltr\">z <\/span><span dir=\"ltr\">opieki Naj\u015bwi\u0119tszej Maryi Panny nad wszystkimi, <\/span><span dir=\"ltr\">szczeg\u00f3lnie nad kierow<\/span><span dir=\"ltr\">c<\/span><span dir=\"ltr\">ami i podr\u00f3\u017cuj\u0105cymi i udzielam wszystkim pasterskiego b\u0142ogos\u0142awie\u0144stwa: w imi\u0119 Ojca <\/span><span dir=\"ltr\">i Syna<\/span><span dir=\"ltr\">,<\/span><span dir=\"ltr\">i Ducha \u015awi\u0119tego.<br \/>\n<\/span><\/span><span id=\"page32R_mcid11\" class=\"markedContent\"><\/span><span id=\"page32R_mcid12\" class=\"markedContent\"><\/span><span id=\"page32R_mcid13\" class=\"markedContent\"><span dir=\"ltr\"><br \/>\n+ Biskup Jerzy Mazur SVD <\/span><\/span><span id=\"page32R_mcid14\" class=\"markedContent\"><span dir=\"ltr\">Przewodnicz\u0105cy Komisji Episkopatu Polski ds.<\/span><span dir=\"ltr\">Misji <\/span><\/span><span id=\"page32R_mcid15\" class=\"markedContent\"><span dir=\"ltr\">Biskup e\u0142cki<br \/>\n<\/span><\/span><span id=\"page32R_mcid16\" class=\"markedContent\"><\/span><span id=\"page32R_mcid17\" class=\"markedContent\"><span dir=\"ltr\">E\u0142k<\/span><span dir=\"ltr\">&#8211;<\/span><span dir=\"ltr\">Warszawa, dn. <\/span><span dir=\"ltr\">4<\/span><span dir=\"ltr\">czerwca 202<\/span><span dir=\"ltr\">1<\/span><\/span><\/p>\n","protected":false},"excerpt":{"rendered":"<p>Komunikat Przewodnicz\u0105cego Komisji Episkopatu Polski ds. Misji na XXII Og\u00f3lnopolski Tydzie\u0144 \u015bw. Krzysztofa. Czcigodni Bracia w Kap\u0142a\u0144stwie! Osoby \u017cycia konsekrowanego! Drodzy Bracia i Siostry w Chrystusie! Szanowni Kierowcy i U\u017cytkownicy dr\u00f3g! Po raz dwudziesty drugi,w dniach 18 \u201325 lipca 2021obchodzimy w Ko\u015bciele w Polsce Tydzie\u0144 \u015bw. Krzysztofa. Obchody te organizowane s\u0105 przez misyjne stowarzyszenie MIVA &hellip;<\/p>\n","protected":false},"author":2,"featured_media":19333,"comment_status":"closed","ping_status":"closed","sticky":false,"template":"","format":"standard","meta":{"_mi_skip_tracking":false,"_exactmetrics_sitenote_active":false,"_exactmetrics_sitenote_note":"","_exactmetrics_sitenote_category":0},"categories":[7],"tags":[],"yoast_head":"<!-- This site is optimized with the Yoast SEO plugin v18.1 - https:\/\/yoast.com\/wordpress\/plugins\/seo\/ -->\n<title>Komunikat na XXII Og\u00f3lnopolski Tydzie\u0144 \u015bw. Krzysztofa - Pako\u015b\u0107 \u2013 Kalwaria<\/title>\n<meta name=\"robots\" content=\"index, follow, max-snippet:-1, max-image-preview:large, max-video-preview:-1\" \/>\n<link rel=\"canonical\" href=\"https:\/\/pakosc-kalwaria.franciszkanie.net\/index.php\/2021\/07\/20\/komunikat-na-xxii-ogolnopolski-tydzien-sw-krzysztofa\/\" \/>\n<meta property=\"og:locale\" content=\"pl_PL\" \/>\n<meta property=\"og:type\" content=\"article\" \/>\n<meta property=\"og:title\" content=\"Komunikat na XXII Og\u00f3lnopolski Tydzie\u0144 \u015bw. Krzysztofa - Pako\u015b\u0107 \u2013 Kalwaria\" \/>\n<meta property=\"og:description\" content=\"Komunikat Przewodnicz\u0105cego Komisji Episkopatu Polski ds. Misji na XXII Og\u00f3lnopolski Tydzie\u0144 \u015bw. Krzysztofa. Czcigodni Bracia w Kap\u0142a\u0144stwie! Osoby \u017cycia konsekrowanego! Drodzy Bracia i Siostry w Chrystusie! Szanowni Kierowcy i U\u017cytkownicy dr\u00f3g! Po raz dwudziesty drugi,w dniach 18 \u201325 lipca 2021obchodzimy w Ko\u015bciele w Polsce Tydzie\u0144 \u015bw. Krzysztofa. Obchody te organizowane s\u0105 przez misyjne stowarzyszenie MIVA &hellip;\" \/>\n<meta property=\"og:url\" content=\"https:\/\/pakosc-kalwaria.franciszkanie.net\/index.php\/2021\/07\/20\/komunikat-na-xxii-ogolnopolski-tydzien-sw-krzysztofa\/\" \/>\n<meta property=\"og:site_name\" content=\"Pako\u015b\u0107 \u2013 Kalwaria\" \/>\n<meta property=\"article:author\" content=\"https:\/\/www.facebook.com\/KalwariaPakosc\/\" \/>\n<meta property=\"article:published_time\" content=\"2021-07-20T08:00:07+00:00\" \/>\n<meta property=\"article:modified_time\" content=\"2021-07-25T22:36:04+00:00\" \/>\n<meta property=\"og:image\" content=\"https:\/\/pakosc-kalwaria.franciszkanie.net\/wp-content\/uploads\/2021\/07\/unnamed.jpg\" \/>\n\t<meta property=\"og:image:width\" content=\"300\" \/>\n\t<meta property=\"og:image:height\" content=\"297\" \/>\n\t<meta property=\"og:image:type\" content=\"image\/jpeg\" \/>\n<meta name=\"twitter:card\" content=\"summary\" \/>\n<meta name=\"twitter:label1\" content=\"Napisane przez\" \/>\n\t<meta name=\"twitter:data1\" content=\"pakosc-kalwaria\" \/>\n\t<meta name=\"twitter:label2\" content=\"Szacowany czas czytania\" \/>\n\t<meta name=\"twitter:data2\" content=\"6 minut\" \/>\n<script type=\"application\/ld+json\" class=\"yoast-schema-graph\">{\"@context\":\"https:\/\/schema.org\",\"@graph\":[{\"@type\":\"WebSite\",\"@id\":\"https:\/\/pakosc-kalwaria.franciszkanie.net\/#website\",\"url\":\"https:\/\/pakosc-kalwaria.franciszkanie.net\/\",\"name\":\"Pako\u015b\u0107 \u2013 Kalwaria\",\"description\":\"Parafia Rzymsko \u2013 Katolicka p.w. Pana Jezusa Ukrzy\u017cowanego i  Matki Bo\u017cej Bolesnej ul. Barci\u0144ska 60, 88\u2013170 Pako\u015b\u0107 \u2013 Kalwaria\",\"potentialAction\":[{\"@type\":\"SearchAction\",\"target\":{\"@type\":\"EntryPoint\",\"urlTemplate\":\"https:\/\/pakosc-kalwaria.franciszkanie.net\/?s={search_term_string}\"},\"query-input\":\"required name=search_term_string\"}],\"inLanguage\":\"pl-PL\"},{\"@type\":\"ImageObject\",\"@id\":\"https:\/\/pakosc-kalwaria.franciszkanie.net\/index.php\/2021\/07\/20\/komunikat-na-xxii-ogolnopolski-tydzien-sw-krzysztofa\/#primaryimage\",\"inLanguage\":\"pl-PL\",\"url\":\"https:\/\/pakosc-kalwaria.franciszkanie.net\/wp-content\/uploads\/2021\/07\/unnamed.jpg\",\"contentUrl\":\"https:\/\/pakosc-kalwaria.franciszkanie.net\/wp-content\/uploads\/2021\/07\/unnamed.jpg\",\"width\":300,\"height\":297},{\"@type\":\"WebPage\",\"@id\":\"https:\/\/pakosc-kalwaria.franciszkanie.net\/index.php\/2021\/07\/20\/komunikat-na-xxii-ogolnopolski-tydzien-sw-krzysztofa\/#webpage\",\"url\":\"https:\/\/pakosc-kalwaria.franciszkanie.net\/index.php\/2021\/07\/20\/komunikat-na-xxii-ogolnopolski-tydzien-sw-krzysztofa\/\",\"name\":\"Komunikat na XXII Og\u00f3lnopolski Tydzie\u0144 \u015bw. Krzysztofa - Pako\u015b\u0107 \u2013 Kalwaria\",\"isPartOf\":{\"@id\":\"https:\/\/pakosc-kalwaria.franciszkanie.net\/#website\"},\"primaryImageOfPage\":{\"@id\":\"https:\/\/pakosc-kalwaria.franciszkanie.net\/index.php\/2021\/07\/20\/komunikat-na-xxii-ogolnopolski-tydzien-sw-krzysztofa\/#primaryimage\"},\"datePublished\":\"2021-07-20T08:00:07+00:00\",\"dateModified\":\"2021-07-25T22:36:04+00:00\",\"author\":{\"@id\":\"https:\/\/pakosc-kalwaria.franciszkanie.net\/#\/schema\/person\/af10b943be0760709227d060eadcb2aa\"},\"breadcrumb\":{\"@id\":\"https:\/\/pakosc-kalwaria.franciszkanie.net\/index.php\/2021\/07\/20\/komunikat-na-xxii-ogolnopolski-tydzien-sw-krzysztofa\/#breadcrumb\"},\"inLanguage\":\"pl-PL\",\"potentialAction\":[{\"@type\":\"ReadAction\",\"target\":[\"https:\/\/pakosc-kalwaria.franciszkanie.net\/index.php\/2021\/07\/20\/komunikat-na-xxii-ogolnopolski-tydzien-sw-krzysztofa\/\"]}]},{\"@type\":\"BreadcrumbList\",\"@id\":\"https:\/\/pakosc-kalwaria.franciszkanie.net\/index.php\/2021\/07\/20\/komunikat-na-xxii-ogolnopolski-tydzien-sw-krzysztofa\/#breadcrumb\",\"itemListElement\":[{\"@type\":\"ListItem\",\"position\":1,\"name\":\"Strona g\u0142\u00f3wna\",\"item\":\"https:\/\/pakosc-kalwaria.franciszkanie.net\/\"},{\"@type\":\"ListItem\",\"position\":2,\"name\":\"Komunikat na XXII Og\u00f3lnopolski Tydzie\u0144 \u015bw. Krzysztofa\"}]},{\"@type\":\"Person\",\"@id\":\"https:\/\/pakosc-kalwaria.franciszkanie.net\/#\/schema\/person\/af10b943be0760709227d060eadcb2aa\",\"name\":\"pakosc-kalwaria\",\"image\":{\"@type\":\"ImageObject\",\"@id\":\"https:\/\/pakosc-kalwaria.franciszkanie.net\/#personlogo\",\"inLanguage\":\"pl-PL\",\"url\":\"https:\/\/secure.gravatar.com\/avatar\/e7049d338b55eac6a0027ff3218b8d02?s=96&d=mm&r=g\",\"contentUrl\":\"https:\/\/secure.gravatar.com\/avatar\/e7049d338b55eac6a0027ff3218b8d02?s=96&d=mm&r=g\",\"caption\":\"pakosc-kalwaria\"},\"sameAs\":[\"https:\/\/www.facebook.com\/KalwariaPakosc\/\"],\"url\":\"https:\/\/pakosc-kalwaria.franciszkanie.net\/index.php\/author\/pakosc-kalwaria\/\"}]}<\/script>\n<!-- \/ Yoast SEO plugin. -->","yoast_head_json":{"title":"Komunikat na XXII Og\u00f3lnopolski Tydzie\u0144 \u015bw. Krzysztofa - Pako\u015b\u0107 \u2013 Kalwaria","robots":{"index":"index","follow":"follow","max-snippet":"max-snippet:-1","max-image-preview":"max-image-preview:large","max-video-preview":"max-video-preview:-1"},"canonical":"https:\/\/pakosc-kalwaria.franciszkanie.net\/index.php\/2021\/07\/20\/komunikat-na-xxii-ogolnopolski-tydzien-sw-krzysztofa\/","og_locale":"pl_PL","og_type":"article","og_title":"Komunikat na XXII Og\u00f3lnopolski Tydzie\u0144 \u015bw. Krzysztofa - Pako\u015b\u0107 \u2013 Kalwaria","og_description":"Komunikat Przewodnicz\u0105cego Komisji Episkopatu Polski ds. Misji na XXII Og\u00f3lnopolski Tydzie\u0144 \u015bw. Krzysztofa. Czcigodni Bracia w Kap\u0142a\u0144stwie! Osoby \u017cycia konsekrowanego! Drodzy Bracia i Siostry w Chrystusie! Szanowni Kierowcy i U\u017cytkownicy dr\u00f3g! Po raz dwudziesty drugi,w dniach 18 \u201325 lipca 2021obchodzimy w Ko\u015bciele w Polsce Tydzie\u0144 \u015bw. Krzysztofa. Obchody te organizowane s\u0105 przez misyjne stowarzyszenie MIVA &hellip;","og_url":"https:\/\/pakosc-kalwaria.franciszkanie.net\/index.php\/2021\/07\/20\/komunikat-na-xxii-ogolnopolski-tydzien-sw-krzysztofa\/","og_site_name":"Pako\u015b\u0107 \u2013 Kalwaria","article_author":"https:\/\/www.facebook.com\/KalwariaPakosc\/","article_published_time":"2021-07-20T08:00:07+00:00","article_modified_time":"2021-07-25T22:36:04+00:00","og_image":[{"width":300,"height":297,"url":"https:\/\/pakosc-kalwaria.franciszkanie.net\/wp-content\/uploads\/2021\/07\/unnamed.jpg","type":"image\/jpeg"}],"twitter_card":"summary","twitter_misc":{"Napisane przez":"pakosc-kalwaria","Szacowany czas czytania":"6 minut"},"schema":{"@context":"https:\/\/schema.org","@graph":[{"@type":"WebSite","@id":"https:\/\/pakosc-kalwaria.franciszkanie.net\/#website","url":"https:\/\/pakosc-kalwaria.franciszkanie.net\/","name":"Pako\u015b\u0107 \u2013 Kalwaria","description":"Parafia Rzymsko \u2013 Katolicka p.w. Pana Jezusa Ukrzy\u017cowanego i  Matki Bo\u017cej Bolesnej ul. Barci\u0144ska 60, 88\u2013170 Pako\u015b\u0107 \u2013 Kalwaria","potentialAction":[{"@type":"SearchAction","target":{"@type":"EntryPoint","urlTemplate":"https:\/\/pakosc-kalwaria.franciszkanie.net\/?s={search_term_string}"},"query-input":"required name=search_term_string"}],"inLanguage":"pl-PL"},{"@type":"ImageObject","@id":"https:\/\/pakosc-kalwaria.franciszkanie.net\/index.php\/2021\/07\/20\/komunikat-na-xxii-ogolnopolski-tydzien-sw-krzysztofa\/#primaryimage","inLanguage":"pl-PL","url":"https:\/\/pakosc-kalwaria.franciszkanie.net\/wp-content\/uploads\/2021\/07\/unnamed.jpg","contentUrl":"https:\/\/pakosc-kalwaria.franciszkanie.net\/wp-content\/uploads\/2021\/07\/unnamed.jpg","width":300,"height":297},{"@type":"WebPage","@id":"https:\/\/pakosc-kalwaria.franciszkanie.net\/index.php\/2021\/07\/20\/komunikat-na-xxii-ogolnopolski-tydzien-sw-krzysztofa\/#webpage","url":"https:\/\/pakosc-kalwaria.franciszkanie.net\/index.php\/2021\/07\/20\/komunikat-na-xxii-ogolnopolski-tydzien-sw-krzysztofa\/","name":"Komunikat na XXII Og\u00f3lnopolski Tydzie\u0144 \u015bw. Krzysztofa - Pako\u015b\u0107 \u2013 Kalwaria","isPartOf":{"@id":"https:\/\/pakosc-kalwaria.franciszkanie.net\/#website"},"primaryImageOfPage":{"@id":"https:\/\/pakosc-kalwaria.franciszkanie.net\/index.php\/2021\/07\/20\/komunikat-na-xxii-ogolnopolski-tydzien-sw-krzysztofa\/#primaryimage"},"datePublished":"2021-07-20T08:00:07+00:00","dateModified":"2021-07-25T22:36:04+00:00","author":{"@id":"https:\/\/pakosc-kalwaria.franciszkanie.net\/#\/schema\/person\/af10b943be0760709227d060eadcb2aa"},"breadcrumb":{"@id":"https:\/\/pakosc-kalwaria.franciszkanie.net\/index.php\/2021\/07\/20\/komunikat-na-xxii-ogolnopolski-tydzien-sw-krzysztofa\/#breadcrumb"},"inLanguage":"pl-PL","potentialAction":[{"@type":"ReadAction","target":["https:\/\/pakosc-kalwaria.franciszkanie.net\/index.php\/2021\/07\/20\/komunikat-na-xxii-ogolnopolski-tydzien-sw-krzysztofa\/"]}]},{"@type":"BreadcrumbList","@id":"https:\/\/pakosc-kalwaria.franciszkanie.net\/index.php\/2021\/07\/20\/komunikat-na-xxii-ogolnopolski-tydzien-sw-krzysztofa\/#breadcrumb","itemListElement":[{"@type":"ListItem","position":1,"name":"Strona g\u0142\u00f3wna","item":"https:\/\/pakosc-kalwaria.franciszkanie.net\/"},{"@type":"ListItem","position":2,"name":"Komunikat na XXII Og\u00f3lnopolski Tydzie\u0144 \u015bw. Krzysztofa"}]},{"@type":"Person","@id":"https:\/\/pakosc-kalwaria.franciszkanie.net\/#\/schema\/person\/af10b943be0760709227d060eadcb2aa","name":"pakosc-kalwaria","image":{"@type":"ImageObject","@id":"https:\/\/pakosc-kalwaria.franciszkanie.net\/#personlogo","inLanguage":"pl-PL","url":"https:\/\/secure.gravatar.com\/avatar\/e7049d338b55eac6a0027ff3218b8d02?s=96&d=mm&r=g","contentUrl":"https:\/\/secure.gravatar.com\/avatar\/e7049d338b55eac6a0027ff3218b8d02?s=96&d=mm&r=g","caption":"pakosc-kalwaria"},"sameAs":["https:\/\/www.facebook.com\/KalwariaPakosc\/"],"url":"https:\/\/pakosc-kalwaria.franciszkanie.net\/index.php\/author\/pakosc-kalwaria\/"}]}},"_links":{"self":[{"href":"https:\/\/pakosc-kalwaria.franciszkanie.net\/index.php\/wp-json\/wp\/v2\/posts\/19332"}],"collection":[{"href":"https:\/\/pakosc-kalwaria.franciszkanie.net\/index.php\/wp-json\/wp\/v2\/posts"}],"about":[{"href":"https:\/\/pakosc-kalwaria.franciszkanie.net\/index.php\/wp-json\/wp\/v2\/types\/post"}],"author":[{"embeddable":true,"href":"https:\/\/pakosc-kalwaria.franciszkanie.net\/index.php\/wp-json\/wp\/v2\/users\/2"}],"replies":[{"embeddable":true,"href":"https:\/\/pakosc-kalwaria.franciszkanie.net\/index.php\/wp-json\/wp\/v2\/comments?post=19332"}],"version-history":[{"count":2,"href":"https:\/\/pakosc-kalwaria.franciszkanie.net\/index.php\/wp-json\/wp\/v2\/posts\/19332\/revisions"}],"predecessor-version":[{"id":19335,"href":"https:\/\/pakosc-kalwaria.franciszkanie.net\/index.php\/wp-json\/wp\/v2\/posts\/19332\/revisions\/19335"}],"wp:featuredmedia":[{"embeddable":true,"href":"https:\/\/pakosc-kalwaria.franciszkanie.net\/index.php\/wp-json\/wp\/v2\/media\/19333"}],"wp:attachment":[{"href":"https:\/\/pakosc-kalwaria.franciszkanie.net\/index.php\/wp-json\/wp\/v2\/media?parent=19332"}],"wp:term":[{"taxonomy":"category","embeddable":true,"href":"https:\/\/pakosc-kalwaria.franciszkanie.net\/index.php\/wp-json\/wp\/v2\/categories?post=19332"},{"taxonomy":"post_tag","embeddable":true,"href":"https:\/\/pakosc-kalwaria.franciszkanie.net\/index.php\/wp-json\/wp\/v2\/tags?post=19332"}],"curies":[{"name":"wp","href":"https:\/\/api.w.org\/{rel}","templated":true}]}}