{"id":19341,"date":"2021-07-10T09:00:51","date_gmt":"2021-07-10T07:00:51","guid":{"rendered":"http:\/\/pakosc-kalwaria.franciszkanie.net\/?p=19341"},"modified":"2021-07-14T15:58:32","modified_gmt":"2021-07-14T13:58:32","slug":"intencje-mszalne-11-07-18-07-2021r","status":"publish","type":"post","link":"https:\/\/pakosc-kalwaria.franciszkanie.net\/index.php\/2021\/07\/10\/intencje-mszalne-11-07-18-07-2021r\/","title":{"rendered":"Intencje mszalne 11.07. &#8211; 18.07.2021r."},"content":{"rendered":"<p><strong><em><u><span style=\"color: #ff0000;\">XV\u00a0 Niedziela Zwyk\u0142a\u00a0 &#8211;\u00a0 11.07.2021r.<\/span><br \/>\n<\/u><\/em><\/strong><span style=\"color: #ff0000;\"><strong>9.00<\/strong><\/span><strong><span style=\"color: #ff0000;\">\u00a0<\/span> Za + Mariusza Grabi\u0144skiego w 4 r. \u015bmierci<br \/>\n<span style=\"color: #ff0000;\">11.00<\/span>\u00a0 Z okazji Rocznicy \u015alubu Gra\u017cyny i Adama, z podzi\u0119kowaniem za otrzymane \u0142aski oraz z pro\u015bb\u0105 o dalsze<\/strong><\/p>\n<p><span style=\"color: #008000;\"><strong><em><u>Poniedzia\u0142ek &#8211; 12.07.2021r.<\/u><\/em><\/strong><\/span><strong><em><span style=\"color: #008000;\"> \u2013 wspomnienie \u015bw. Brunona Bonifacego z Kwerfurtu, biskupa i m\u0119czennika<\/span><br \/>\n<\/em><\/strong><strong>17.00 Za + El\u017cbiet\u0119 Czaja i za ++ z rodziny<\/strong><\/p>\n<p><span style=\"color: #008000;\"><strong><em><u>Wtorek \u2013 13.07.2021r.<\/u><\/em><\/strong><\/span><strong><em><span style=\"color: #008000;\"> \u00a0&#8211; wspomnienie \u015bw. pustelnik\u00f3w Andrzeja \u015awierada i Benedykta<\/span><br \/>\n<\/em><\/strong><strong>17.00 \u00a0Za + Boles\u0142aw\u0119 Tuliback\u0105<\/strong><\/p>\n<p><strong><em><u><span style=\"color: #008000;\">\u015aroda \u00a0&#8211; 14.07.2021r.<\/span><br \/>\n<\/u><\/em><\/strong><strong>17.00 Za wstawiennictwem Matki Naj\u015bwi\u0119tszej, \u015bw. Micha\u0142a Archanio\u0142a, Anio\u0142\u00f3w Str\u00f3\u017c\u00f3w, \u015awi\u0119tych Patron\u00f3w,\u00a0 za dusze w czy\u015b\u0107cu ciepi\u0105ce<\/strong><\/p>\n<p><span style=\"color: #ff0000;\"><strong><em><u>Czwartek &#8211; 15.07.2021r<\/u><\/em><\/strong><\/span><strong><em><span style=\"color: #ff0000;\">. \u2013 \u015bwi\u0119to \u015bw. Bonawentury, biskupa i doktora Ko\u015bcio\u0142a<\/span><br \/>\n<\/em><\/strong><strong>17.00\u00a0 Za ++ Stanis\u0142awa, Tadeusza, Mari\u0119 oraz ich rodzic\u00f3w &#8211; o rado\u015b\u0107 wieczn\u0105<br \/>\n<\/strong><\/p>\n<p><span style=\"color: #0000ff;\"><strong><em><u>Pi\u0105tek \u00a0\u2013 16.07.2021r.<\/u><\/em><\/strong><\/span><strong><em><span style=\"color: #0000ff;\"> \u2013 wspomnienie NMP z G\u00f3ry Karmel (Szkaplerznej)<\/span><br \/>\n<\/em><\/strong><span style=\"color: #ff0000;\"><strong>17.00 W intencjach zbiorowych do Bo\u017cego Mi\u0142osierdzia<\/strong><\/span><span style=\"color: #000000;\"><strong> oraz za + Mari\u0119 Krajewsk\u0105 \u2013 int. od uczestnik\u00f3w pogrzebu<\/strong><\/span><\/p>\n<p><strong><em><u><span style=\"color: #008000;\">Sobota &#8211; 17.07.2021r.<\/span><br \/>\n<\/u><\/em><\/strong><strong>17.00\u00a0 Za + Mieczys\u0142awa Koz\u0142owskiego, jego ++ rodzic\u00f3w i te\u015bci\u00f3w <\/strong><\/p>\n<p><strong><em><u><span style=\"color: #ff0000;\">XVI\u00a0 Niedziela Zwyk\u0142a\u00a0 &#8211;\u00a0 18.07.2021r. <\/span><br \/>\n<\/u><\/em><\/strong><strong><span style=\"color: #ff0000;\">9.00\u00a0<\/span> Za + Andrzeja Parkosza \u2013 int. od Firmy INSTALPAK<br \/>\n11.00 \u00a0Za + Remigiusza Grzechowiaka<br \/>\n<\/strong><\/p>\n","protected":false},"excerpt":{"rendered":"<p>XV\u00a0 Niedziela Zwyk\u0142a\u00a0 &#8211;\u00a0 11.07.2021r. 9.00\u00a0 Za + Mariusza Grabi\u0144skiego w 4 r. \u015bmierci 11.00\u00a0 Z okazji Rocznicy \u015alubu Gra\u017cyny i Adama, z podzi\u0119kowaniem za otrzymane \u0142aski oraz z pro\u015bb\u0105 o dalsze Poniedzia\u0142ek &#8211; 12.07.2021r. \u2013 wspomnienie \u015bw. Brunona Bonifacego z Kwerfurtu, biskupa i m\u0119czennika 17.00 Za + El\u017cbiet\u0119 Czaja i za ++ z rodziny &hellip;<\/p>\n","protected":false},"author":2,"featured_media":19246,"comment_status":"closed","ping_status":"closed","sticky":false,"template":"","format":"standard","meta":{"_mi_skip_tracking":false,"_exactmetrics_sitenote_active":false,"_exactmetrics_sitenote_note":"","_exactmetrics_sitenote_category":0},"categories":[6],"tags":[],"yoast_head":"<!-- This site is optimized with the Yoast SEO plugin v18.1 - https:\/\/yoast.com\/wordpress\/plugins\/seo\/ -->\n<title>Intencje mszalne 11.07. - 18.07.2021r. - Pako\u015b\u0107 \u2013 Kalwaria<\/title>\n<meta name=\"robots\" content=\"index, follow, max-snippet:-1, max-image-preview:large, max-video-preview:-1\" \/>\n<link rel=\"canonical\" href=\"https:\/\/pakosc-kalwaria.franciszkanie.net\/index.php\/2021\/07\/10\/intencje-mszalne-11-07-18-07-2021r\/\" \/>\n<meta property=\"og:locale\" content=\"pl_PL\" \/>\n<meta property=\"og:type\" content=\"article\" \/>\n<meta property=\"og:title\" content=\"Intencje mszalne 11.07. - 18.07.2021r. - Pako\u015b\u0107 \u2013 Kalwaria\" \/>\n<meta property=\"og:description\" content=\"XV\u00a0 Niedziela Zwyk\u0142a\u00a0 &#8211;\u00a0 11.07.2021r. 9.00\u00a0 Za + Mariusza Grabi\u0144skiego w 4 r. \u015bmierci 11.00\u00a0 Z okazji Rocznicy \u015alubu Gra\u017cyny i Adama, z podzi\u0119kowaniem za otrzymane \u0142aski oraz z pro\u015bb\u0105 o dalsze Poniedzia\u0142ek &#8211; 12.07.2021r. \u2013 wspomnienie \u015bw. Brunona Bonifacego z Kwerfurtu, biskupa i m\u0119czennika 17.00 Za + El\u017cbiet\u0119 Czaja i za ++ z rodziny &hellip;\" \/>\n<meta property=\"og:url\" content=\"https:\/\/pakosc-kalwaria.franciszkanie.net\/index.php\/2021\/07\/10\/intencje-mszalne-11-07-18-07-2021r\/\" \/>\n<meta property=\"og:site_name\" content=\"Pako\u015b\u0107 \u2013 Kalwaria\" \/>\n<meta property=\"article:author\" content=\"https:\/\/www.facebook.com\/KalwariaPakosc\/\" \/>\n<meta property=\"article:published_time\" content=\"2021-07-10T07:00:51+00:00\" \/>\n<meta property=\"article:modified_time\" content=\"2021-07-14T13:58:32+00:00\" \/>\n<meta property=\"og:image\" content=\"https:\/\/pakosc-kalwaria.franciszkanie.net\/wp-content\/uploads\/2021\/06\/unnamed-2-1.jpg\" \/>\n\t<meta property=\"og:image:width\" content=\"400\" \/>\n\t<meta property=\"og:image:height\" content=\"240\" \/>\n\t<meta property=\"og:image:type\" content=\"image\/jpeg\" \/>\n<meta name=\"twitter:card\" content=\"summary\" \/>\n<meta name=\"twitter:label1\" content=\"Napisane przez\" \/>\n\t<meta name=\"twitter:data1\" content=\"pakosc-kalwaria\" \/>\n\t<meta name=\"twitter:label2\" content=\"Szacowany czas czytania\" \/>\n\t<meta name=\"twitter:data2\" content=\"1 minuta\" \/>\n<script type=\"application\/ld+json\" class=\"yoast-schema-graph\">{\"@context\":\"https:\/\/schema.org\",\"@graph\":[{\"@type\":\"WebSite\",\"@id\":\"https:\/\/pakosc-kalwaria.franciszkanie.net\/#website\",\"url\":\"https:\/\/pakosc-kalwaria.franciszkanie.net\/\",\"name\":\"Pako\u015b\u0107 \u2013 Kalwaria\",\"description\":\"Parafia Rzymsko \u2013 Katolicka p.w. Pana Jezusa Ukrzy\u017cowanego i  Matki Bo\u017cej Bolesnej ul. Barci\u0144ska 60, 88\u2013170 Pako\u015b\u0107 \u2013 Kalwaria\",\"potentialAction\":[{\"@type\":\"SearchAction\",\"target\":{\"@type\":\"EntryPoint\",\"urlTemplate\":\"https:\/\/pakosc-kalwaria.franciszkanie.net\/?s={search_term_string}\"},\"query-input\":\"required name=search_term_string\"}],\"inLanguage\":\"pl-PL\"},{\"@type\":\"ImageObject\",\"@id\":\"https:\/\/pakosc-kalwaria.franciszkanie.net\/index.php\/2021\/07\/10\/intencje-mszalne-11-07-18-07-2021r\/#primaryimage\",\"inLanguage\":\"pl-PL\",\"url\":\"https:\/\/pakosc-kalwaria.franciszkanie.net\/wp-content\/uploads\/2021\/06\/unnamed-2-1.jpg\",\"contentUrl\":\"https:\/\/pakosc-kalwaria.franciszkanie.net\/wp-content\/uploads\/2021\/06\/unnamed-2-1.jpg\",\"width\":400,\"height\":240},{\"@type\":\"WebPage\",\"@id\":\"https:\/\/pakosc-kalwaria.franciszkanie.net\/index.php\/2021\/07\/10\/intencje-mszalne-11-07-18-07-2021r\/#webpage\",\"url\":\"https:\/\/pakosc-kalwaria.franciszkanie.net\/index.php\/2021\/07\/10\/intencje-mszalne-11-07-18-07-2021r\/\",\"name\":\"Intencje mszalne 11.07. - 18.07.2021r. - Pako\u015b\u0107 \u2013 Kalwaria\",\"isPartOf\":{\"@id\":\"https:\/\/pakosc-kalwaria.franciszkanie.net\/#website\"},\"primaryImageOfPage\":{\"@id\":\"https:\/\/pakosc-kalwaria.franciszkanie.net\/index.php\/2021\/07\/10\/intencje-mszalne-11-07-18-07-2021r\/#primaryimage\"},\"datePublished\":\"2021-07-10T07:00:51+00:00\",\"dateModified\":\"2021-07-14T13:58:32+00:00\",\"author\":{\"@id\":\"https:\/\/pakosc-kalwaria.franciszkanie.net\/#\/schema\/person\/af10b943be0760709227d060eadcb2aa\"},\"breadcrumb\":{\"@id\":\"https:\/\/pakosc-kalwaria.franciszkanie.net\/index.php\/2021\/07\/10\/intencje-mszalne-11-07-18-07-2021r\/#breadcrumb\"},\"inLanguage\":\"pl-PL\",\"potentialAction\":[{\"@type\":\"ReadAction\",\"target\":[\"https:\/\/pakosc-kalwaria.franciszkanie.net\/index.php\/2021\/07\/10\/intencje-mszalne-11-07-18-07-2021r\/\"]}]},{\"@type\":\"BreadcrumbList\",\"@id\":\"https:\/\/pakosc-kalwaria.franciszkanie.net\/index.php\/2021\/07\/10\/intencje-mszalne-11-07-18-07-2021r\/#breadcrumb\",\"itemListElement\":[{\"@type\":\"ListItem\",\"position\":1,\"name\":\"Strona g\u0142\u00f3wna\",\"item\":\"https:\/\/pakosc-kalwaria.franciszkanie.net\/\"},{\"@type\":\"ListItem\",\"position\":2,\"name\":\"Intencje mszalne 11.07. &#8211; 18.07.2021r.\"}]},{\"@type\":\"Person\",\"@id\":\"https:\/\/pakosc-kalwaria.franciszkanie.net\/#\/schema\/person\/af10b943be0760709227d060eadcb2aa\",\"name\":\"pakosc-kalwaria\",\"image\":{\"@type\":\"ImageObject\",\"@id\":\"https:\/\/pakosc-kalwaria.franciszkanie.net\/#personlogo\",\"inLanguage\":\"pl-PL\",\"url\":\"https:\/\/secure.gravatar.com\/avatar\/e7049d338b55eac6a0027ff3218b8d02?s=96&d=mm&r=g\",\"contentUrl\":\"https:\/\/secure.gravatar.com\/avatar\/e7049d338b55eac6a0027ff3218b8d02?s=96&d=mm&r=g\",\"caption\":\"pakosc-kalwaria\"},\"sameAs\":[\"https:\/\/www.facebook.com\/KalwariaPakosc\/\"],\"url\":\"https:\/\/pakosc-kalwaria.franciszkanie.net\/index.php\/author\/pakosc-kalwaria\/\"}]}<\/script>\n<!-- \/ Yoast SEO plugin. -->","yoast_head_json":{"title":"Intencje mszalne 11.07. - 18.07.2021r. - Pako\u015b\u0107 \u2013 Kalwaria","robots":{"index":"index","follow":"follow","max-snippet":"max-snippet:-1","max-image-preview":"max-image-preview:large","max-video-preview":"max-video-preview:-1"},"canonical":"https:\/\/pakosc-kalwaria.franciszkanie.net\/index.php\/2021\/07\/10\/intencje-mszalne-11-07-18-07-2021r\/","og_locale":"pl_PL","og_type":"article","og_title":"Intencje mszalne 11.07. - 18.07.2021r. - Pako\u015b\u0107 \u2013 Kalwaria","og_description":"XV\u00a0 Niedziela Zwyk\u0142a\u00a0 &#8211;\u00a0 11.07.2021r. 9.00\u00a0 Za + Mariusza Grabi\u0144skiego w 4 r. \u015bmierci 11.00\u00a0 Z okazji Rocznicy \u015alubu Gra\u017cyny i Adama, z podzi\u0119kowaniem za otrzymane \u0142aski oraz z pro\u015bb\u0105 o dalsze Poniedzia\u0142ek &#8211; 12.07.2021r. \u2013 wspomnienie \u015bw. Brunona Bonifacego z Kwerfurtu, biskupa i m\u0119czennika 17.00 Za + El\u017cbiet\u0119 Czaja i za ++ z rodziny &hellip;","og_url":"https:\/\/pakosc-kalwaria.franciszkanie.net\/index.php\/2021\/07\/10\/intencje-mszalne-11-07-18-07-2021r\/","og_site_name":"Pako\u015b\u0107 \u2013 Kalwaria","article_author":"https:\/\/www.facebook.com\/KalwariaPakosc\/","article_published_time":"2021-07-10T07:00:51+00:00","article_modified_time":"2021-07-14T13:58:32+00:00","og_image":[{"width":400,"height":240,"url":"https:\/\/pakosc-kalwaria.franciszkanie.net\/wp-content\/uploads\/2021\/06\/unnamed-2-1.jpg","type":"image\/jpeg"}],"twitter_card":"summary","twitter_misc":{"Napisane przez":"pakosc-kalwaria","Szacowany czas czytania":"1 minuta"},"schema":{"@context":"https:\/\/schema.org","@graph":[{"@type":"WebSite","@id":"https:\/\/pakosc-kalwaria.franciszkanie.net\/#website","url":"https:\/\/pakosc-kalwaria.franciszkanie.net\/","name":"Pako\u015b\u0107 \u2013 Kalwaria","description":"Parafia Rzymsko \u2013 Katolicka p.w. Pana Jezusa Ukrzy\u017cowanego i  Matki Bo\u017cej Bolesnej ul. Barci\u0144ska 60, 88\u2013170 Pako\u015b\u0107 \u2013 Kalwaria","potentialAction":[{"@type":"SearchAction","target":{"@type":"EntryPoint","urlTemplate":"https:\/\/pakosc-kalwaria.franciszkanie.net\/?s={search_term_string}"},"query-input":"required name=search_term_string"}],"inLanguage":"pl-PL"},{"@type":"ImageObject","@id":"https:\/\/pakosc-kalwaria.franciszkanie.net\/index.php\/2021\/07\/10\/intencje-mszalne-11-07-18-07-2021r\/#primaryimage","inLanguage":"pl-PL","url":"https:\/\/pakosc-kalwaria.franciszkanie.net\/wp-content\/uploads\/2021\/06\/unnamed-2-1.jpg","contentUrl":"https:\/\/pakosc-kalwaria.franciszkanie.net\/wp-content\/uploads\/2021\/06\/unnamed-2-1.jpg","width":400,"height":240},{"@type":"WebPage","@id":"https:\/\/pakosc-kalwaria.franciszkanie.net\/index.php\/2021\/07\/10\/intencje-mszalne-11-07-18-07-2021r\/#webpage","url":"https:\/\/pakosc-kalwaria.franciszkanie.net\/index.php\/2021\/07\/10\/intencje-mszalne-11-07-18-07-2021r\/","name":"Intencje mszalne 11.07. - 18.07.2021r. - Pako\u015b\u0107 \u2013 Kalwaria","isPartOf":{"@id":"https:\/\/pakosc-kalwaria.franciszkanie.net\/#website"},"primaryImageOfPage":{"@id":"https:\/\/pakosc-kalwaria.franciszkanie.net\/index.php\/2021\/07\/10\/intencje-mszalne-11-07-18-07-2021r\/#primaryimage"},"datePublished":"2021-07-10T07:00:51+00:00","dateModified":"2021-07-14T13:58:32+00:00","author":{"@id":"https:\/\/pakosc-kalwaria.franciszkanie.net\/#\/schema\/person\/af10b943be0760709227d060eadcb2aa"},"breadcrumb":{"@id":"https:\/\/pakosc-kalwaria.franciszkanie.net\/index.php\/2021\/07\/10\/intencje-mszalne-11-07-18-07-2021r\/#breadcrumb"},"inLanguage":"pl-PL","potentialAction":[{"@type":"ReadAction","target":["https:\/\/pakosc-kalwaria.franciszkanie.net\/index.php\/2021\/07\/10\/intencje-mszalne-11-07-18-07-2021r\/"]}]},{"@type":"BreadcrumbList","@id":"https:\/\/pakosc-kalwaria.franciszkanie.net\/index.php\/2021\/07\/10\/intencje-mszalne-11-07-18-07-2021r\/#breadcrumb","itemListElement":[{"@type":"ListItem","position":1,"name":"Strona g\u0142\u00f3wna","item":"https:\/\/pakosc-kalwaria.franciszkanie.net\/"},{"@type":"ListItem","position":2,"name":"Intencje mszalne 11.07. &#8211; 18.07.2021r."}]},{"@type":"Person","@id":"https:\/\/pakosc-kalwaria.franciszkanie.net\/#\/schema\/person\/af10b943be0760709227d060eadcb2aa","name":"pakosc-kalwaria","image":{"@type":"ImageObject","@id":"https:\/\/pakosc-kalwaria.franciszkanie.net\/#personlogo","inLanguage":"pl-PL","url":"https:\/\/secure.gravatar.com\/avatar\/e7049d338b55eac6a0027ff3218b8d02?s=96&d=mm&r=g","contentUrl":"https:\/\/secure.gravatar.com\/avatar\/e7049d338b55eac6a0027ff3218b8d02?s=96&d=mm&r=g","caption":"pakosc-kalwaria"},"sameAs":["https:\/\/www.facebook.com\/KalwariaPakosc\/"],"url":"https:\/\/pakosc-kalwaria.franciszkanie.net\/index.php\/author\/pakosc-kalwaria\/"}]}},"_links":{"self":[{"href":"https:\/\/pakosc-kalwaria.franciszkanie.net\/index.php\/wp-json\/wp\/v2\/posts\/19341"}],"collection":[{"href":"https:\/\/pakosc-kalwaria.franciszkanie.net\/index.php\/wp-json\/wp\/v2\/posts"}],"about":[{"href":"https:\/\/pakosc-kalwaria.franciszkanie.net\/index.php\/wp-json\/wp\/v2\/types\/post"}],"author":[{"embeddable":true,"href":"https:\/\/pakosc-kalwaria.franciszkanie.net\/index.php\/wp-json\/wp\/v2\/users\/2"}],"replies":[{"embeddable":true,"href":"https:\/\/pakosc-kalwaria.franciszkanie.net\/index.php\/wp-json\/wp\/v2\/comments?post=19341"}],"version-history":[{"count":5,"href":"https:\/\/pakosc-kalwaria.franciszkanie.net\/index.php\/wp-json\/wp\/v2\/posts\/19341\/revisions"}],"predecessor-version":[{"id":19396,"href":"https:\/\/pakosc-kalwaria.franciszkanie.net\/index.php\/wp-json\/wp\/v2\/posts\/19341\/revisions\/19396"}],"wp:featuredmedia":[{"embeddable":true,"href":"https:\/\/pakosc-kalwaria.franciszkanie.net\/index.php\/wp-json\/wp\/v2\/media\/19246"}],"wp:attachment":[{"href":"https:\/\/pakosc-kalwaria.franciszkanie.net\/index.php\/wp-json\/wp\/v2\/media?parent=19341"}],"wp:term":[{"taxonomy":"category","embeddable":true,"href":"https:\/\/pakosc-kalwaria.franciszkanie.net\/index.php\/wp-json\/wp\/v2\/categories?post=19341"},{"taxonomy":"post_tag","embeddable":true,"href":"https:\/\/pakosc-kalwaria.franciszkanie.net\/index.php\/wp-json\/wp\/v2\/tags?post=19341"}],"curies":[{"name":"wp","href":"https:\/\/api.w.org\/{rel}","templated":true}]}}