{"id":19344,"date":"2021-07-10T09:05:27","date_gmt":"2021-07-10T07:05:27","guid":{"rendered":"http:\/\/pakosc-kalwaria.franciszkanie.net\/?p=19344"},"modified":"2021-07-10T18:07:09","modified_gmt":"2021-07-10T16:07:09","slug":"ogloszenia-duszpasterskie-xv-niedziela-zwykla-4","status":"publish","type":"post","link":"https:\/\/pakosc-kalwaria.franciszkanie.net\/index.php\/2021\/07\/10\/ogloszenia-duszpasterskie-xv-niedziela-zwykla-4\/","title":{"rendered":"Og\u0142oszenia duszpasterskie &#8211; XV Niedziela Zwyk\u0142a"},"content":{"rendered":"<p><span style=\"color: #ff0000;\"><strong><em><u>W niedziel\u0119 (11.07.)<\/u><\/em><\/strong> <\/span><strong>&#8211; <span style=\"color: #ff0000;\">w Sanktuarium Maryjnym w Markowicach Odpust Chorych. O 15.00 Msza \u015bw.<\/span> po\u0142\u0105czona z udzielaniem Sakramentu Chorych. Dojazd we w\u0142asnym zakresie.<\/strong><\/p>\n<p><strong><span style=\"color: #008000;\"><em><u>We wtorek (13.07.)<\/u><\/em><\/span> \u2013 <span style=\"color: #0000ff;\">nabo\u017ce\u0144stwo fatimskie.<\/span> O 18.00 Msza \u015bw. w ko\u015bciele \u015bw. Bonawentury, a po niej Procesja R\u00f3\u017ca\u0144cowa ze \u015bwiecami na Wzg\u00f3rze Kalwaryjskie. Czcicieli Matki Bo\u017cej zapraszamy do udzia\u0142u.<\/strong><\/p>\n<p><strong><span style=\"color: #008000;\"><u>W \u015brod\u0119 (14.07.)<\/u> <\/span>\u2013 <span style=\"color: #ff0000;\">imieniny zakonne obchodzi o. Kamil \u2013 Gwardian i Kustosz Kalwarii Pakoskiej. Msza \u015bw. o 7.00 w ko\u015bciele \u015bw. Bonawentury.<\/span><\/strong><\/p>\n<p><span style=\"color: #ff0000;\"><strong><em><u>W czwartek (15.07.)<\/u><\/em><\/strong> <strong>\u2013 \u015bwi\u0119to<\/strong><\/span><strong><span style=\"color: #ff0000;\"> \u015bw. Bonawentury,\u00a0 biskupa i doktora Ko\u015bcio\u0142a.\u00a0\u00a0\u00a0<\/span><br \/>\n<span style=\"color: #ff0000;\">O 17.30 nauka<\/span> <span style=\"color: #ff0000;\">przed chrztem<\/span> dla rodzic\u00f3w i chrzestnych.<br \/>\n<span style=\"color: #ff0000;\">Odpust w Parafii \u015bw. Bonawentury w Pako\u015bci. Suma Odpustowa o 18.00.\u00a0\u00a0\u00a0\u00a0\u00a0\u00a0\u00a0\u00a0\u00a0 <\/span><\/strong><\/p>\n<p><strong><span style=\"color: #008000;\"><em><u>W pi\u0105tek (16.07.)<\/u> <\/em><\/span>\u2013 <span style=\"color: #0000ff;\">wspomnienie NMP z G\u00f3ry Karmel \u2013 MB Szkaplerznej. \u00a0\u00a0<\/span><\/strong><br \/>\n<strong><span style=\"color: #ff0000;\">O 17.00 Msza \u015bw. w intencjach zbiorowych do Bo\u017cego Mi\u0142osierdzia<\/span> i nabo\u017ce\u0144stwo do Bo\u017cego Mi\u0142osierdzia za kt\u00f3re mo\u017cna zyska\u0107 odpust zupe\u0142ny oraz uczczenie Relikwii Krzy\u017ca \u015awi\u0119tego. Intencje na t\u0119 Msz\u0119 \u015bw. mo\u017cna sk\u0142ada\u0107 do skarbonki pod ch\u00f3rem lub w zakrystii.<\/strong><\/p>\n<p><span style=\"color: #ff0000;\"><strong><em><u>W przysz\u0142\u0105 niedziel\u0119 (18.07.)<\/u><\/em><\/strong> <\/span><strong><span style=\"color: #ff0000;\">&#8211; kolekta remontowa<\/span> na renowacj\u0119 prezbiterium w naszym kalwaryjskim ko\u015bciele. Za ka\u017cd\u0105 ofiar\u0119 sk\u0142adamy serdeczne \u201eB\u00f3g zap\u0142a\u0107\u201d, zapewniaj\u0105c o wdzi\u0119cznej modlitwie w naszym kalwaryjskim Sanktuarium i klasztorze.<\/strong><\/p>\n<p><strong>W przysz\u0142\u0105 niedziel\u0119 przed ko\u015bcio\u0142em <span style=\"color: #ff0000;\">zbi\u00f3rka do puszek na \u015brodki transportu dla misjonarzy<\/span> z okazji obchodzonego od 18 \u2013 25 lipca Og\u00f3lnopolskiego Tygodnia \u015bw. Krzysztofa wraz z misyjn\u0105 <\/strong><em><strong>Akcj\u0105 \u015aw. Krzysztof \u2013 1 grosz za 1 kilometr <\/strong><\/em><strong>szcz\u0119\u015bliwej jazdy.<\/strong><\/p>\n<p><strong>Informujemy, \u017ce <span style=\"color: #ff0000;\">po\u015bwi\u0119cenie pojazd\u00f3w<\/span> z okazji wspomnienia \u015bw. Krzysztofa patrona kierowc\u00f3w, odb\u0119dzie si\u0119 na naszym Wzg\u00f3rzu Kalwaryjskim <span style=\"color: #ff0000;\">w sobot\u0119 i w niedziel\u0119 24 &#8211; 25 lipca po Mszach \u015awi\u0119tych.<\/span> Ju\u017c dzisiaj bardzo serdecznie zapraszamy kierowc\u00f3w do wsp\u00f3lnej modlitwy.<\/p>\n<p><\/strong><strong>Kuria naszej Prowincji Zakonnej pw. \u015bw. Franciszka z Asy\u017cu z siedzib\u0105 w Poznaniu przyjmuje <span style=\"color: #ff0000;\">kandydat\u00f3w do Zakonu: na kap\u0142an\u00f3w i braci zakonnych. <\/span><\/strong><strong>Wi\u0119cej informacji w naszym klasztorze oraz na stronie internetowej. Prosimy o gorliw\u0105 modlitw\u0119 o nowe powo\u0142ania kap\u0142a\u0144skie i zakonne.<\/strong><\/p>\n<p><strong><span style=\"color: #ff0000;\">Piesza Pielgrzymka Promienista z Janikowa na Jasn\u0105 G\u00f3r\u0119 od 27 lipca do 6 sierpnia.<\/span> Zapisy do 25 lipca. Szczeg\u00f3\u0142owe informacje u Ks. Rafa\u0142a z parafii b\u0142. Micha\u0142a Kozala w Janikowie.<\/strong><\/p>\n<p><strong>Pod ch\u00f3rem do nabycia czasopismo: Przewodnik Katolicki.\u00a0\u00a0\u00a0\u00a0\u00a0\u00a0\u00a0\u00a0 <\/strong> \u00a0\u00a0\u00a0\u00a0\u00a0\u00a0\u00a0\u00a0\u00a0\u00a0 <strong><br \/>\n<\/strong><strong>Dzi\u0119kujemy za ka\u017cde Wasze duchowe i materialne wsparcie naszej kalwaryjskiej parafii, klasztoru i kalwarii.<\/strong><\/p>\n<p><strong>Pami\u0119tajcie o codziennej modlitwie i Mszy \u015bw. niedzielnej. Zach\u0119camy do udzia\u0142u w Mszach \u015bw. tak\u017ce w tygodniu oraz do cz\u0119stego przyjmowania Komunii \u015bw. \u00a0\u00a0\u00a0 <\/strong><strong><br \/>\nNiech Jezus Ukrzy\u017cowany i Mi\u0142osierny Wam wszystkim, tak\u017ce przebywaj\u0105cym na wakacjach i urlopach, obficie b\u0142ogos\u0142awi, a Matka Bo\u017ca Bolesna niech otacza swoj\u0105 przemo\u017cn\u0105 opiek\u0105.<\/strong><\/p>\n<p><strong>Z darem modlitwy Bracia Mniejsi Franciszkanie z Pako\u015bci &#8211; Kalwarii<\/strong><\/p>\n","protected":false},"excerpt":{"rendered":"<p>W niedziel\u0119 (11.07.) &#8211; w Sanktuarium Maryjnym w Markowicach Odpust Chorych. O 15.00 Msza \u015bw. po\u0142\u0105czona z udzielaniem Sakramentu Chorych. Dojazd we w\u0142asnym zakresie. We wtorek (13.07.) \u2013 nabo\u017ce\u0144stwo fatimskie. O 18.00 Msza \u015bw. w ko\u015bciele \u015bw. Bonawentury, a po niej Procesja R\u00f3\u017ca\u0144cowa ze \u015bwiecami na Wzg\u00f3rze Kalwaryjskie. Czcicieli Matki Bo\u017cej zapraszamy do udzia\u0142u. W &hellip;<\/p>\n","protected":false},"author":2,"featured_media":19252,"comment_status":"closed","ping_status":"closed","sticky":false,"template":"","format":"standard","meta":{"_mi_skip_tracking":false,"_exactmetrics_sitenote_active":false,"_exactmetrics_sitenote_note":"","_exactmetrics_sitenote_category":0},"categories":[5],"tags":[],"yoast_head":"<!-- This site is optimized with the Yoast SEO plugin v18.1 - https:\/\/yoast.com\/wordpress\/plugins\/seo\/ -->\n<title>Og\u0142oszenia duszpasterskie - XV Niedziela Zwyk\u0142a - Pako\u015b\u0107 \u2013 Kalwaria<\/title>\n<meta name=\"robots\" content=\"index, follow, max-snippet:-1, max-image-preview:large, max-video-preview:-1\" \/>\n<link rel=\"canonical\" href=\"https:\/\/pakosc-kalwaria.franciszkanie.net\/index.php\/2021\/07\/10\/ogloszenia-duszpasterskie-xv-niedziela-zwykla-4\/\" \/>\n<meta property=\"og:locale\" content=\"pl_PL\" \/>\n<meta property=\"og:type\" content=\"article\" \/>\n<meta property=\"og:title\" content=\"Og\u0142oszenia duszpasterskie - XV Niedziela Zwyk\u0142a - Pako\u015b\u0107 \u2013 Kalwaria\" \/>\n<meta property=\"og:description\" content=\"W niedziel\u0119 (11.07.) &#8211; w Sanktuarium Maryjnym w Markowicach Odpust Chorych. O 15.00 Msza \u015bw. po\u0142\u0105czona z udzielaniem Sakramentu Chorych. Dojazd we w\u0142asnym zakresie. We wtorek (13.07.) \u2013 nabo\u017ce\u0144stwo fatimskie. O 18.00 Msza \u015bw. w ko\u015bciele \u015bw. Bonawentury, a po niej Procesja R\u00f3\u017ca\u0144cowa ze \u015bwiecami na Wzg\u00f3rze Kalwaryjskie. Czcicieli Matki Bo\u017cej zapraszamy do udzia\u0142u. W &hellip;\" \/>\n<meta property=\"og:url\" content=\"https:\/\/pakosc-kalwaria.franciszkanie.net\/index.php\/2021\/07\/10\/ogloszenia-duszpasterskie-xv-niedziela-zwykla-4\/\" \/>\n<meta property=\"og:site_name\" content=\"Pako\u015b\u0107 \u2013 Kalwaria\" \/>\n<meta property=\"article:author\" content=\"https:\/\/www.facebook.com\/KalwariaPakosc\/\" \/>\n<meta property=\"article:published_time\" content=\"2021-07-10T07:05:27+00:00\" \/>\n<meta property=\"article:modified_time\" content=\"2021-07-10T16:07:09+00:00\" \/>\n<meta property=\"og:image\" content=\"https:\/\/pakosc-kalwaria.franciszkanie.net\/wp-content\/uploads\/2021\/06\/zgromadzeni-na-swietej-wieczerzy-poziom-baner-z-haslem-roku-2021-2.jpg\" \/>\n\t<meta property=\"og:image:width\" content=\"350\" \/>\n\t<meta property=\"og:image:height\" content=\"210\" \/>\n\t<meta property=\"og:image:type\" content=\"image\/jpeg\" \/>\n<meta name=\"twitter:card\" content=\"summary\" \/>\n<meta name=\"twitter:label1\" content=\"Napisane przez\" \/>\n\t<meta name=\"twitter:data1\" content=\"pakosc-kalwaria\" \/>\n\t<meta name=\"twitter:label2\" content=\"Szacowany czas czytania\" \/>\n\t<meta name=\"twitter:data2\" content=\"2 minuty\" \/>\n<script type=\"application\/ld+json\" class=\"yoast-schema-graph\">{\"@context\":\"https:\/\/schema.org\",\"@graph\":[{\"@type\":\"WebSite\",\"@id\":\"https:\/\/pakosc-kalwaria.franciszkanie.net\/#website\",\"url\":\"https:\/\/pakosc-kalwaria.franciszkanie.net\/\",\"name\":\"Pako\u015b\u0107 \u2013 Kalwaria\",\"description\":\"Parafia Rzymsko \u2013 Katolicka p.w. Pana Jezusa Ukrzy\u017cowanego i  Matki Bo\u017cej Bolesnej ul. Barci\u0144ska 60, 88\u2013170 Pako\u015b\u0107 \u2013 Kalwaria\",\"potentialAction\":[{\"@type\":\"SearchAction\",\"target\":{\"@type\":\"EntryPoint\",\"urlTemplate\":\"https:\/\/pakosc-kalwaria.franciszkanie.net\/?s={search_term_string}\"},\"query-input\":\"required name=search_term_string\"}],\"inLanguage\":\"pl-PL\"},{\"@type\":\"ImageObject\",\"@id\":\"https:\/\/pakosc-kalwaria.franciszkanie.net\/index.php\/2021\/07\/10\/ogloszenia-duszpasterskie-xv-niedziela-zwykla-4\/#primaryimage\",\"inLanguage\":\"pl-PL\",\"url\":\"https:\/\/pakosc-kalwaria.franciszkanie.net\/wp-content\/uploads\/2021\/06\/zgromadzeni-na-swietej-wieczerzy-poziom-baner-z-haslem-roku-2021-2.jpg\",\"contentUrl\":\"https:\/\/pakosc-kalwaria.franciszkanie.net\/wp-content\/uploads\/2021\/06\/zgromadzeni-na-swietej-wieczerzy-poziom-baner-z-haslem-roku-2021-2.jpg\",\"width\":350,\"height\":210},{\"@type\":\"WebPage\",\"@id\":\"https:\/\/pakosc-kalwaria.franciszkanie.net\/index.php\/2021\/07\/10\/ogloszenia-duszpasterskie-xv-niedziela-zwykla-4\/#webpage\",\"url\":\"https:\/\/pakosc-kalwaria.franciszkanie.net\/index.php\/2021\/07\/10\/ogloszenia-duszpasterskie-xv-niedziela-zwykla-4\/\",\"name\":\"Og\u0142oszenia duszpasterskie - XV Niedziela Zwyk\u0142a - Pako\u015b\u0107 \u2013 Kalwaria\",\"isPartOf\":{\"@id\":\"https:\/\/pakosc-kalwaria.franciszkanie.net\/#website\"},\"primaryImageOfPage\":{\"@id\":\"https:\/\/pakosc-kalwaria.franciszkanie.net\/index.php\/2021\/07\/10\/ogloszenia-duszpasterskie-xv-niedziela-zwykla-4\/#primaryimage\"},\"datePublished\":\"2021-07-10T07:05:27+00:00\",\"dateModified\":\"2021-07-10T16:07:09+00:00\",\"author\":{\"@id\":\"https:\/\/pakosc-kalwaria.franciszkanie.net\/#\/schema\/person\/af10b943be0760709227d060eadcb2aa\"},\"breadcrumb\":{\"@id\":\"https:\/\/pakosc-kalwaria.franciszkanie.net\/index.php\/2021\/07\/10\/ogloszenia-duszpasterskie-xv-niedziela-zwykla-4\/#breadcrumb\"},\"inLanguage\":\"pl-PL\",\"potentialAction\":[{\"@type\":\"ReadAction\",\"target\":[\"https:\/\/pakosc-kalwaria.franciszkanie.net\/index.php\/2021\/07\/10\/ogloszenia-duszpasterskie-xv-niedziela-zwykla-4\/\"]}]},{\"@type\":\"BreadcrumbList\",\"@id\":\"https:\/\/pakosc-kalwaria.franciszkanie.net\/index.php\/2021\/07\/10\/ogloszenia-duszpasterskie-xv-niedziela-zwykla-4\/#breadcrumb\",\"itemListElement\":[{\"@type\":\"ListItem\",\"position\":1,\"name\":\"Strona g\u0142\u00f3wna\",\"item\":\"https:\/\/pakosc-kalwaria.franciszkanie.net\/\"},{\"@type\":\"ListItem\",\"position\":2,\"name\":\"Og\u0142oszenia duszpasterskie &#8211; XV Niedziela Zwyk\u0142a\"}]},{\"@type\":\"Person\",\"@id\":\"https:\/\/pakosc-kalwaria.franciszkanie.net\/#\/schema\/person\/af10b943be0760709227d060eadcb2aa\",\"name\":\"pakosc-kalwaria\",\"image\":{\"@type\":\"ImageObject\",\"@id\":\"https:\/\/pakosc-kalwaria.franciszkanie.net\/#personlogo\",\"inLanguage\":\"pl-PL\",\"url\":\"https:\/\/secure.gravatar.com\/avatar\/e7049d338b55eac6a0027ff3218b8d02?s=96&d=mm&r=g\",\"contentUrl\":\"https:\/\/secure.gravatar.com\/avatar\/e7049d338b55eac6a0027ff3218b8d02?s=96&d=mm&r=g\",\"caption\":\"pakosc-kalwaria\"},\"sameAs\":[\"https:\/\/www.facebook.com\/KalwariaPakosc\/\"],\"url\":\"https:\/\/pakosc-kalwaria.franciszkanie.net\/index.php\/author\/pakosc-kalwaria\/\"}]}<\/script>\n<!-- \/ Yoast SEO plugin. -->","yoast_head_json":{"title":"Og\u0142oszenia duszpasterskie - XV Niedziela Zwyk\u0142a - Pako\u015b\u0107 \u2013 Kalwaria","robots":{"index":"index","follow":"follow","max-snippet":"max-snippet:-1","max-image-preview":"max-image-preview:large","max-video-preview":"max-video-preview:-1"},"canonical":"https:\/\/pakosc-kalwaria.franciszkanie.net\/index.php\/2021\/07\/10\/ogloszenia-duszpasterskie-xv-niedziela-zwykla-4\/","og_locale":"pl_PL","og_type":"article","og_title":"Og\u0142oszenia duszpasterskie - XV Niedziela Zwyk\u0142a - Pako\u015b\u0107 \u2013 Kalwaria","og_description":"W niedziel\u0119 (11.07.) &#8211; w Sanktuarium Maryjnym w Markowicach Odpust Chorych. O 15.00 Msza \u015bw. po\u0142\u0105czona z udzielaniem Sakramentu Chorych. Dojazd we w\u0142asnym zakresie. We wtorek (13.07.) \u2013 nabo\u017ce\u0144stwo fatimskie. O 18.00 Msza \u015bw. w ko\u015bciele \u015bw. Bonawentury, a po niej Procesja R\u00f3\u017ca\u0144cowa ze \u015bwiecami na Wzg\u00f3rze Kalwaryjskie. Czcicieli Matki Bo\u017cej zapraszamy do udzia\u0142u. W &hellip;","og_url":"https:\/\/pakosc-kalwaria.franciszkanie.net\/index.php\/2021\/07\/10\/ogloszenia-duszpasterskie-xv-niedziela-zwykla-4\/","og_site_name":"Pako\u015b\u0107 \u2013 Kalwaria","article_author":"https:\/\/www.facebook.com\/KalwariaPakosc\/","article_published_time":"2021-07-10T07:05:27+00:00","article_modified_time":"2021-07-10T16:07:09+00:00","og_image":[{"width":350,"height":210,"url":"https:\/\/pakosc-kalwaria.franciszkanie.net\/wp-content\/uploads\/2021\/06\/zgromadzeni-na-swietej-wieczerzy-poziom-baner-z-haslem-roku-2021-2.jpg","type":"image\/jpeg"}],"twitter_card":"summary","twitter_misc":{"Napisane przez":"pakosc-kalwaria","Szacowany czas czytania":"2 minuty"},"schema":{"@context":"https:\/\/schema.org","@graph":[{"@type":"WebSite","@id":"https:\/\/pakosc-kalwaria.franciszkanie.net\/#website","url":"https:\/\/pakosc-kalwaria.franciszkanie.net\/","name":"Pako\u015b\u0107 \u2013 Kalwaria","description":"Parafia Rzymsko \u2013 Katolicka p.w. Pana Jezusa Ukrzy\u017cowanego i  Matki Bo\u017cej Bolesnej ul. Barci\u0144ska 60, 88\u2013170 Pako\u015b\u0107 \u2013 Kalwaria","potentialAction":[{"@type":"SearchAction","target":{"@type":"EntryPoint","urlTemplate":"https:\/\/pakosc-kalwaria.franciszkanie.net\/?s={search_term_string}"},"query-input":"required name=search_term_string"}],"inLanguage":"pl-PL"},{"@type":"ImageObject","@id":"https:\/\/pakosc-kalwaria.franciszkanie.net\/index.php\/2021\/07\/10\/ogloszenia-duszpasterskie-xv-niedziela-zwykla-4\/#primaryimage","inLanguage":"pl-PL","url":"https:\/\/pakosc-kalwaria.franciszkanie.net\/wp-content\/uploads\/2021\/06\/zgromadzeni-na-swietej-wieczerzy-poziom-baner-z-haslem-roku-2021-2.jpg","contentUrl":"https:\/\/pakosc-kalwaria.franciszkanie.net\/wp-content\/uploads\/2021\/06\/zgromadzeni-na-swietej-wieczerzy-poziom-baner-z-haslem-roku-2021-2.jpg","width":350,"height":210},{"@type":"WebPage","@id":"https:\/\/pakosc-kalwaria.franciszkanie.net\/index.php\/2021\/07\/10\/ogloszenia-duszpasterskie-xv-niedziela-zwykla-4\/#webpage","url":"https:\/\/pakosc-kalwaria.franciszkanie.net\/index.php\/2021\/07\/10\/ogloszenia-duszpasterskie-xv-niedziela-zwykla-4\/","name":"Og\u0142oszenia duszpasterskie - XV Niedziela Zwyk\u0142a - Pako\u015b\u0107 \u2013 Kalwaria","isPartOf":{"@id":"https:\/\/pakosc-kalwaria.franciszkanie.net\/#website"},"primaryImageOfPage":{"@id":"https:\/\/pakosc-kalwaria.franciszkanie.net\/index.php\/2021\/07\/10\/ogloszenia-duszpasterskie-xv-niedziela-zwykla-4\/#primaryimage"},"datePublished":"2021-07-10T07:05:27+00:00","dateModified":"2021-07-10T16:07:09+00:00","author":{"@id":"https:\/\/pakosc-kalwaria.franciszkanie.net\/#\/schema\/person\/af10b943be0760709227d060eadcb2aa"},"breadcrumb":{"@id":"https:\/\/pakosc-kalwaria.franciszkanie.net\/index.php\/2021\/07\/10\/ogloszenia-duszpasterskie-xv-niedziela-zwykla-4\/#breadcrumb"},"inLanguage":"pl-PL","potentialAction":[{"@type":"ReadAction","target":["https:\/\/pakosc-kalwaria.franciszkanie.net\/index.php\/2021\/07\/10\/ogloszenia-duszpasterskie-xv-niedziela-zwykla-4\/"]}]},{"@type":"BreadcrumbList","@id":"https:\/\/pakosc-kalwaria.franciszkanie.net\/index.php\/2021\/07\/10\/ogloszenia-duszpasterskie-xv-niedziela-zwykla-4\/#breadcrumb","itemListElement":[{"@type":"ListItem","position":1,"name":"Strona g\u0142\u00f3wna","item":"https:\/\/pakosc-kalwaria.franciszkanie.net\/"},{"@type":"ListItem","position":2,"name":"Og\u0142oszenia duszpasterskie &#8211; XV Niedziela Zwyk\u0142a"}]},{"@type":"Person","@id":"https:\/\/pakosc-kalwaria.franciszkanie.net\/#\/schema\/person\/af10b943be0760709227d060eadcb2aa","name":"pakosc-kalwaria","image":{"@type":"ImageObject","@id":"https:\/\/pakosc-kalwaria.franciszkanie.net\/#personlogo","inLanguage":"pl-PL","url":"https:\/\/secure.gravatar.com\/avatar\/e7049d338b55eac6a0027ff3218b8d02?s=96&d=mm&r=g","contentUrl":"https:\/\/secure.gravatar.com\/avatar\/e7049d338b55eac6a0027ff3218b8d02?s=96&d=mm&r=g","caption":"pakosc-kalwaria"},"sameAs":["https:\/\/www.facebook.com\/KalwariaPakosc\/"],"url":"https:\/\/pakosc-kalwaria.franciszkanie.net\/index.php\/author\/pakosc-kalwaria\/"}]}},"_links":{"self":[{"href":"https:\/\/pakosc-kalwaria.franciszkanie.net\/index.php\/wp-json\/wp\/v2\/posts\/19344"}],"collection":[{"href":"https:\/\/pakosc-kalwaria.franciszkanie.net\/index.php\/wp-json\/wp\/v2\/posts"}],"about":[{"href":"https:\/\/pakosc-kalwaria.franciszkanie.net\/index.php\/wp-json\/wp\/v2\/types\/post"}],"author":[{"embeddable":true,"href":"https:\/\/pakosc-kalwaria.franciszkanie.net\/index.php\/wp-json\/wp\/v2\/users\/2"}],"replies":[{"embeddable":true,"href":"https:\/\/pakosc-kalwaria.franciszkanie.net\/index.php\/wp-json\/wp\/v2\/comments?post=19344"}],"version-history":[{"count":5,"href":"https:\/\/pakosc-kalwaria.franciszkanie.net\/index.php\/wp-json\/wp\/v2\/posts\/19344\/revisions"}],"predecessor-version":[{"id":19383,"href":"https:\/\/pakosc-kalwaria.franciszkanie.net\/index.php\/wp-json\/wp\/v2\/posts\/19344\/revisions\/19383"}],"wp:featuredmedia":[{"embeddable":true,"href":"https:\/\/pakosc-kalwaria.franciszkanie.net\/index.php\/wp-json\/wp\/v2\/media\/19252"}],"wp:attachment":[{"href":"https:\/\/pakosc-kalwaria.franciszkanie.net\/index.php\/wp-json\/wp\/v2\/media?parent=19344"}],"wp:term":[{"taxonomy":"category","embeddable":true,"href":"https:\/\/pakosc-kalwaria.franciszkanie.net\/index.php\/wp-json\/wp\/v2\/categories?post=19344"},{"taxonomy":"post_tag","embeddable":true,"href":"https:\/\/pakosc-kalwaria.franciszkanie.net\/index.php\/wp-json\/wp\/v2\/tags?post=19344"}],"curies":[{"name":"wp","href":"https:\/\/api.w.org\/{rel}","templated":true}]}}