{"id":19347,"date":"2021-07-20T11:00:58","date_gmt":"2021-07-20T09:00:58","guid":{"rendered":"http:\/\/pakosc-kalwaria.franciszkanie.net\/?p=19347"},"modified":"2021-07-26T00:25:46","modified_gmt":"2021-07-25T22:25:46","slug":"poswiecenie-pojazdow-na-kalwarii-pakoskiej-24-25-lipca","status":"publish","type":"post","link":"https:\/\/pakosc-kalwaria.franciszkanie.net\/index.php\/2021\/07\/20\/poswiecenie-pojazdow-na-kalwarii-pakoskiej-24-25-lipca\/","title":{"rendered":"Po\u015bwi\u0119cenie pojazd\u00f3w na Kalwarii Pakoskiej 24 \u2013 25 lipca"},"content":{"rendered":"<div class=\"entry-content\">\n<div class=\"entry-content\">\n<p><strong><span style=\"color: #ff0000;\">W sobot\u0119 24 lipca po Mszy \u015bw. o 17.00 oraz w niedziel\u0119 25 lipca po Mszach \u015bw. o 9.00 i 11.00<\/span>\u00a0 \u2013 uroczyste po\u015bwi\u0119cenie wszelkich pojazd\u00f3w mechanicznych: samochod\u00f3w, motor\u00f3w, skuter\u00f3w, rower\u00f3w, quad\u00f3w. <\/strong><strong>Ka\u017cdy kierowca z okazji po\u015bwi\u0119cenia pojazdu b\u0119dzie m\u00f3g\u0142 naby\u0107 pami\u0105tk\u0119 zwi\u0105zan\u0105 ze \u015bw. Krzysztofem.<br \/>\n<\/strong><\/p>\n<p><strong>Serdecznie zapraszamy kierowc\u00f3w do wsp\u00f3lnej modlitwy na Kalwarii Pakoskiej, kt\u00f3ra w 2028r. b\u0119dzie obchodzi\u0142a Wielki Jubileusz 400-lecia powstania.<\/strong><\/p>\n<p>&nbsp;<\/p>\n<p><strong><u><span style=\"color: #ff0000;\">Modlitwa do \u015bw. Krzysztofa o opiek\u0119 na drog\u0119<\/span><br \/>\n<\/u>O Panie, daj mi pewn\u0105 r\u0119k\u0119, dobre oko, doskona\u0142\u0105 uwag\u0119, bym nie pozostawi\u0142 za sob\u0105 p\u0142acz\u0105cego cz\u0142owieka.<\/strong><\/p>\n<p><strong>Ty jeste\u015b Dawc\u0105 \u017bycia \u2013 prosz\u0119 Ci\u0119 przeto, spraw bym nie sta\u0142 si\u0119 przyczyn\u0105 \u015bmierci tych, kt\u00f3rym Ty da\u0142e\u015b \u017cycie.<\/strong><\/p>\n<p><strong>Zachowaj, o Panie, wszystkich kt\u00f3rzy b\u0119d\u0105 mi towarzyszy\u0107 od jakichkolwiek nieszcz\u0119\u015b\u0107 i wypadk\u00f3w.<\/strong><\/p>\n<p><strong>Naucz mnie, bym kierowa\u0142 pojazdem dla dobra drugich i umia\u0142 opanowa\u0107 pokus\u0119 przekraczania granicy bezpiecze\u0144stwa szybko\u015bci.<\/strong><\/p>\n<p><strong>Spraw, aby pi\u0119kno tego \u015bwiata, kt\u00f3ry stworzy\u0142e\u015b, wraz z rado\u015bci\u0105 Twej \u0142aski, mog\u0142y mi towarzyszy\u0107 na wszystkich drogach moich.<\/strong><\/p>\n<p><strong><br \/>\n<span style=\"text-decoration: underline;\"><span style=\"color: #ff0000; text-decoration: underline;\">Litania ku czci \u015bw. Krzysztofa<\/span><\/span><\/strong><br \/>\nKyrie, elejson,<br \/>\nChryste, elejson,<br \/>\nKyrie, elejson,<\/p>\n<p>Chryste us\u0142ysz nas, Chryste wys\u0142uchaj nas,<\/p>\n<p>Ojcze z nieba, Bo\u017ce, <b>~ zmi\u0142uj si\u0119 nad nami<\/b>,<br \/>\nSynu Odkupicielu \u015bwiata, Bo\u017ce,<br \/>\nDuchu \u015awi\u0119ty, Bo\u017ce,<br \/>\n\u015awi\u0119ta Tr\u00f3jco, jedyny Bo\u017ce,<\/p>\n<p>\u015awi\u0119ta Maryjo, <b>~ m\u00f3dl si\u0119 za nami<\/b>,<br \/>\n\u015awi\u0119ty Krzysztofie, pod\u015bwiadomie szukaj\u0105cy Boga,<br \/>\n\u015awi\u0119ty Krzysztofie, pragn\u0105cy s\u0142u\u017cy\u0107 Najsilniejszemu W\u0142adcy,<br \/>\n\u015awi\u0119ty Krzysztofie, pracuj\u0105cy dla dobra bli\u017anich,<br \/>\n\u015awi\u0119ty Krzysztofie, m\u0119\u017cnie walcz\u0105cy z \u017cywio\u0142em,<br \/>\n\u015awi\u0119ty Krzysztofie, przez Dzieci\u0105tko Jezus nawiedzony,<br \/>\n\u015awi\u0119ty Krzysztofie, d\u017awigaj\u0105cy Tego, kt\u00f3ry ci\u0119\u017car grzech\u00f3w \u015bwiata nosi\u0142,<br \/>\n\u015awi\u0119ty Krzysztofie, cudem zakwitni\u0119cia suchej laski odznaczony,<br \/>\n\u015awi\u0119ty Krzysztofie, aposto\u0142em przez Dzieci\u0105tko Jezus mianowany,<br \/>\n\u015awi\u0119ty Krzysztofie, kt\u00f3ry\u015b tysi\u0105czne serca pogan przeistacza\u0142,<br \/>\n\u015awi\u0119ty Krzysztofie, Zwyci\u0119zco pokus,<br \/>\n\u015awi\u0119ty Krzysztofie, bohaterski M\u0119czenniku,<br \/>\n\u015awi\u0119ty Krzysztofie, Patronie pielgrzym\u00f3w,<br \/>\n\u015awi\u0119ty Krzysztofie, Patronie podr\u00f3\u017cuj\u0105cych,<br \/>\n\u015awi\u0119ty Krzysztofie, Patronie kierowc\u00f3w,<br \/>\n\u015awi\u0119ty Krzysztofie, Patronie lotnik\u00f3w i marynarzy,<br \/>\n\u015awi\u0119ty Krzysztofie, Patronie kolejarzy,<br \/>\n\u015awi\u0119ty Krzysztofie, Opiekunie mo\u017cny,<br \/>\n\u015awi\u0119ty Krzysztofie, \u0142ask\u0105 wys\u0142ucha\u0144 przez Boga nagrodzony,<\/p>\n<p>B\u0105d\u017a nam mi\u0142o\u015bciw, <b>przepu\u015b\u0107 nam, Panie<\/b>,<br \/>\nB\u0105d\u017a nam mi\u0142o\u015bciw, <b>wys\u0142uchaj nas, Panie<\/b>,<br \/>\nB\u0105d\u017a nam mi\u0142o\u015bciw, <b>~ wybaw nas, Panie<\/b>,<\/p>\n<p>Od grzechu ka\u017cdego, <b>~ wybaw nas, Panie<\/b>,<br \/>\nOd katastrof lotniczych i innych, za wstawiennictwem \u015bw. Krzysztofa,<br \/>\nOd z\u0142ych przyg\u00f3d w podr\u00f3\u017cy,<br \/>\nOd \u015bmierci nag\u0142ej, zachowaj nas, Panie,<br \/>\nOd burz i powodzi,<br \/>\nOd wojen i wszelkich wa\u015bni,<\/p>\n<p>My grzeszni Ciebie prosimy, <b>~ wys\u0142uchaj nas, Panie<\/b>,<br \/>\nAby\u015b nam grzechy nasze odpu\u015bci\u0107 raczy\u0142,<br \/>\nAby\u015b wstawiennictwo \u015bw. Krzysztofa za nami przyj\u0105\u0107 raczy\u0142,<br \/>\nAby\u015bmy \u015bw. Krzysztofa ufnie na patrona swego obrali,<br \/>\nAby\u015bmy ufni w Jego opiek\u0119 ostro\u017cno\u015bci nie lekcewa\u017cyli,<br \/>\nAby\u015bmy wzorem \u015bw. Krzysztofa uczynnymi i mi\u0142osiernymi byli,<br \/>\nAby\u015bmy o zbawieniu wiecznym pami\u0119tali,<br \/>\nAby\u015bmy szcz\u0119\u015bliw\u0105 \u015bmierci\u0105 \u017cycie zako\u0144czyli,<\/p>\n<p class=\"pr\">Baranku Bo\u017cy, kt\u00f3ry g\u0142adzisz grzechy \u015bwiata, <b>przepu\u015b\u0107 nam, Panie<\/b>,<br \/>\nBaranku Bo\u017cy, kt\u00f3ry g\u0142adzisz grzechy \u015bwiata, <b>wys\u0142uchaj nas, Panie<\/b>,<br \/>\nBaranku Bo\u017cy, kt\u00f3ry g\u0142adzisz grzechy \u015bwiata, <b>zmi\u0142uj si\u0119 nad nami<\/b>.<\/p>\n<p><b>K: <\/b> M\u00f3dl si\u0119 za nami \u015bwi\u0119ty Krzysztofie.<\/p>\n<p><b>W: <\/b> Aby\u015bmy si\u0119 stali godnymi obietnic Chrystusowych.<\/p>\n<p><b>M\u00f3dlmy si\u0119: <\/b><br \/>\nWszechmog\u0105cy Bo\u017ce, Stw\u00f3rco \u015bwiata i ludzi, b\u0142agamy Ci\u0119 przez zas\u0142ugi \u015bw. Krzysztofa o serca czu\u0142e dla bli\u017anich, pozbawione egoizmu i samolubstwa. Niech wz\u00f3r \u015bw. Krzysztofa, kt\u00f3ry tak wiernie spe\u0142nia\u0142 Twoje przykazania, rozbudzi w nas mi\u0142o\u015b\u0107 bli\u017aniego, posiadaj\u0105c\u0105 moc szlachetnego regulowania wszystkich spraw na ziemi. Przez Chrystusa, Pana naszego. Amen.<\/p>\n<\/div>\n<\/div>\n","protected":false},"excerpt":{"rendered":"<p>W sobot\u0119 24 lipca po Mszy \u015bw. o 17.00 oraz w niedziel\u0119 25 lipca po Mszach \u015bw. o 9.00 i 11.00\u00a0 \u2013 uroczyste po\u015bwi\u0119cenie wszelkich pojazd\u00f3w mechanicznych: samochod\u00f3w, motor\u00f3w, skuter\u00f3w, rower\u00f3w, quad\u00f3w. Ka\u017cdy kierowca z okazji po\u015bwi\u0119cenia pojazdu b\u0119dzie m\u00f3g\u0142 naby\u0107 pami\u0105tk\u0119 zwi\u0105zan\u0105 ze \u015bw. Krzysztofem. Serdecznie zapraszamy kierowc\u00f3w do wsp\u00f3lnej modlitwy na Kalwarii Pakoskiej, &hellip;<\/p>\n","protected":false},"author":2,"featured_media":19348,"comment_status":"closed","ping_status":"closed","sticky":false,"template":"","format":"standard","meta":{"_mi_skip_tracking":false,"_exactmetrics_sitenote_active":false,"_exactmetrics_sitenote_note":"","_exactmetrics_sitenote_category":0},"categories":[13,14],"tags":[],"yoast_head":"<!-- This site is optimized with the Yoast SEO plugin v18.1 - https:\/\/yoast.com\/wordpress\/plugins\/seo\/ -->\n<title>Po\u015bwi\u0119cenie pojazd\u00f3w na Kalwarii Pakoskiej 24 \u2013 25 lipca - Pako\u015b\u0107 \u2013 Kalwaria<\/title>\n<meta name=\"robots\" content=\"index, follow, max-snippet:-1, max-image-preview:large, max-video-preview:-1\" \/>\n<link rel=\"canonical\" href=\"https:\/\/pakosc-kalwaria.franciszkanie.net\/index.php\/2021\/07\/20\/poswiecenie-pojazdow-na-kalwarii-pakoskiej-24-25-lipca\/\" \/>\n<meta property=\"og:locale\" content=\"pl_PL\" \/>\n<meta property=\"og:type\" content=\"article\" \/>\n<meta property=\"og:title\" content=\"Po\u015bwi\u0119cenie pojazd\u00f3w na Kalwarii Pakoskiej 24 \u2013 25 lipca - Pako\u015b\u0107 \u2013 Kalwaria\" \/>\n<meta property=\"og:description\" content=\"W sobot\u0119 24 lipca po Mszy \u015bw. o 17.00 oraz w niedziel\u0119 25 lipca po Mszach \u015bw. o 9.00 i 11.00\u00a0 \u2013 uroczyste po\u015bwi\u0119cenie wszelkich pojazd\u00f3w mechanicznych: samochod\u00f3w, motor\u00f3w, skuter\u00f3w, rower\u00f3w, quad\u00f3w. Ka\u017cdy kierowca z okazji po\u015bwi\u0119cenia pojazdu b\u0119dzie m\u00f3g\u0142 naby\u0107 pami\u0105tk\u0119 zwi\u0105zan\u0105 ze \u015bw. Krzysztofem. Serdecznie zapraszamy kierowc\u00f3w do wsp\u00f3lnej modlitwy na Kalwarii Pakoskiej, &hellip;\" \/>\n<meta property=\"og:url\" content=\"https:\/\/pakosc-kalwaria.franciszkanie.net\/index.php\/2021\/07\/20\/poswiecenie-pojazdow-na-kalwarii-pakoskiej-24-25-lipca\/\" \/>\n<meta property=\"og:site_name\" content=\"Pako\u015b\u0107 \u2013 Kalwaria\" \/>\n<meta property=\"article:author\" content=\"https:\/\/www.facebook.com\/KalwariaPakosc\/\" \/>\n<meta property=\"article:published_time\" content=\"2021-07-20T09:00:58+00:00\" \/>\n<meta property=\"article:modified_time\" content=\"2021-07-25T22:25:46+00:00\" \/>\n<meta property=\"og:image\" content=\"https:\/\/pakosc-kalwaria.franciszkanie.net\/wp-content\/uploads\/2021\/07\/sw.krzysztof.jpg\" \/>\n\t<meta property=\"og:image:width\" content=\"200\" \/>\n\t<meta property=\"og:image:height\" content=\"306\" \/>\n\t<meta property=\"og:image:type\" content=\"image\/jpeg\" \/>\n<meta name=\"twitter:card\" content=\"summary\" \/>\n<meta name=\"twitter:label1\" content=\"Napisane przez\" \/>\n\t<meta name=\"twitter:data1\" content=\"pakosc-kalwaria\" \/>\n\t<meta name=\"twitter:label2\" content=\"Szacowany czas czytania\" \/>\n\t<meta name=\"twitter:data2\" content=\"3 minuty\" \/>\n<script type=\"application\/ld+json\" class=\"yoast-schema-graph\">{\"@context\":\"https:\/\/schema.org\",\"@graph\":[{\"@type\":\"WebSite\",\"@id\":\"https:\/\/pakosc-kalwaria.franciszkanie.net\/#website\",\"url\":\"https:\/\/pakosc-kalwaria.franciszkanie.net\/\",\"name\":\"Pako\u015b\u0107 \u2013 Kalwaria\",\"description\":\"Parafia Rzymsko \u2013 Katolicka p.w. Pana Jezusa Ukrzy\u017cowanego i  Matki Bo\u017cej Bolesnej ul. Barci\u0144ska 60, 88\u2013170 Pako\u015b\u0107 \u2013 Kalwaria\",\"potentialAction\":[{\"@type\":\"SearchAction\",\"target\":{\"@type\":\"EntryPoint\",\"urlTemplate\":\"https:\/\/pakosc-kalwaria.franciszkanie.net\/?s={search_term_string}\"},\"query-input\":\"required name=search_term_string\"}],\"inLanguage\":\"pl-PL\"},{\"@type\":\"ImageObject\",\"@id\":\"https:\/\/pakosc-kalwaria.franciszkanie.net\/index.php\/2021\/07\/20\/poswiecenie-pojazdow-na-kalwarii-pakoskiej-24-25-lipca\/#primaryimage\",\"inLanguage\":\"pl-PL\",\"url\":\"https:\/\/pakosc-kalwaria.franciszkanie.net\/wp-content\/uploads\/2021\/07\/sw.krzysztof.jpg\",\"contentUrl\":\"https:\/\/pakosc-kalwaria.franciszkanie.net\/wp-content\/uploads\/2021\/07\/sw.krzysztof.jpg\",\"width\":200,\"height\":306},{\"@type\":\"WebPage\",\"@id\":\"https:\/\/pakosc-kalwaria.franciszkanie.net\/index.php\/2021\/07\/20\/poswiecenie-pojazdow-na-kalwarii-pakoskiej-24-25-lipca\/#webpage\",\"url\":\"https:\/\/pakosc-kalwaria.franciszkanie.net\/index.php\/2021\/07\/20\/poswiecenie-pojazdow-na-kalwarii-pakoskiej-24-25-lipca\/\",\"name\":\"Po\u015bwi\u0119cenie pojazd\u00f3w na Kalwarii Pakoskiej 24 \u2013 25 lipca - Pako\u015b\u0107 \u2013 Kalwaria\",\"isPartOf\":{\"@id\":\"https:\/\/pakosc-kalwaria.franciszkanie.net\/#website\"},\"primaryImageOfPage\":{\"@id\":\"https:\/\/pakosc-kalwaria.franciszkanie.net\/index.php\/2021\/07\/20\/poswiecenie-pojazdow-na-kalwarii-pakoskiej-24-25-lipca\/#primaryimage\"},\"datePublished\":\"2021-07-20T09:00:58+00:00\",\"dateModified\":\"2021-07-25T22:25:46+00:00\",\"author\":{\"@id\":\"https:\/\/pakosc-kalwaria.franciszkanie.net\/#\/schema\/person\/af10b943be0760709227d060eadcb2aa\"},\"breadcrumb\":{\"@id\":\"https:\/\/pakosc-kalwaria.franciszkanie.net\/index.php\/2021\/07\/20\/poswiecenie-pojazdow-na-kalwarii-pakoskiej-24-25-lipca\/#breadcrumb\"},\"inLanguage\":\"pl-PL\",\"potentialAction\":[{\"@type\":\"ReadAction\",\"target\":[\"https:\/\/pakosc-kalwaria.franciszkanie.net\/index.php\/2021\/07\/20\/poswiecenie-pojazdow-na-kalwarii-pakoskiej-24-25-lipca\/\"]}]},{\"@type\":\"BreadcrumbList\",\"@id\":\"https:\/\/pakosc-kalwaria.franciszkanie.net\/index.php\/2021\/07\/20\/poswiecenie-pojazdow-na-kalwarii-pakoskiej-24-25-lipca\/#breadcrumb\",\"itemListElement\":[{\"@type\":\"ListItem\",\"position\":1,\"name\":\"Strona g\u0142\u00f3wna\",\"item\":\"https:\/\/pakosc-kalwaria.franciszkanie.net\/\"},{\"@type\":\"ListItem\",\"position\":2,\"name\":\"Po\u015bwi\u0119cenie pojazd\u00f3w na Kalwarii Pakoskiej 24 \u2013 25 lipca\"}]},{\"@type\":\"Person\",\"@id\":\"https:\/\/pakosc-kalwaria.franciszkanie.net\/#\/schema\/person\/af10b943be0760709227d060eadcb2aa\",\"name\":\"pakosc-kalwaria\",\"image\":{\"@type\":\"ImageObject\",\"@id\":\"https:\/\/pakosc-kalwaria.franciszkanie.net\/#personlogo\",\"inLanguage\":\"pl-PL\",\"url\":\"https:\/\/secure.gravatar.com\/avatar\/e7049d338b55eac6a0027ff3218b8d02?s=96&d=mm&r=g\",\"contentUrl\":\"https:\/\/secure.gravatar.com\/avatar\/e7049d338b55eac6a0027ff3218b8d02?s=96&d=mm&r=g\",\"caption\":\"pakosc-kalwaria\"},\"sameAs\":[\"https:\/\/www.facebook.com\/KalwariaPakosc\/\"],\"url\":\"https:\/\/pakosc-kalwaria.franciszkanie.net\/index.php\/author\/pakosc-kalwaria\/\"}]}<\/script>\n<!-- \/ Yoast SEO plugin. -->","yoast_head_json":{"title":"Po\u015bwi\u0119cenie pojazd\u00f3w na Kalwarii Pakoskiej 24 \u2013 25 lipca - Pako\u015b\u0107 \u2013 Kalwaria","robots":{"index":"index","follow":"follow","max-snippet":"max-snippet:-1","max-image-preview":"max-image-preview:large","max-video-preview":"max-video-preview:-1"},"canonical":"https:\/\/pakosc-kalwaria.franciszkanie.net\/index.php\/2021\/07\/20\/poswiecenie-pojazdow-na-kalwarii-pakoskiej-24-25-lipca\/","og_locale":"pl_PL","og_type":"article","og_title":"Po\u015bwi\u0119cenie pojazd\u00f3w na Kalwarii Pakoskiej 24 \u2013 25 lipca - Pako\u015b\u0107 \u2013 Kalwaria","og_description":"W sobot\u0119 24 lipca po Mszy \u015bw. o 17.00 oraz w niedziel\u0119 25 lipca po Mszach \u015bw. o 9.00 i 11.00\u00a0 \u2013 uroczyste po\u015bwi\u0119cenie wszelkich pojazd\u00f3w mechanicznych: samochod\u00f3w, motor\u00f3w, skuter\u00f3w, rower\u00f3w, quad\u00f3w. Ka\u017cdy kierowca z okazji po\u015bwi\u0119cenia pojazdu b\u0119dzie m\u00f3g\u0142 naby\u0107 pami\u0105tk\u0119 zwi\u0105zan\u0105 ze \u015bw. Krzysztofem. Serdecznie zapraszamy kierowc\u00f3w do wsp\u00f3lnej modlitwy na Kalwarii Pakoskiej, &hellip;","og_url":"https:\/\/pakosc-kalwaria.franciszkanie.net\/index.php\/2021\/07\/20\/poswiecenie-pojazdow-na-kalwarii-pakoskiej-24-25-lipca\/","og_site_name":"Pako\u015b\u0107 \u2013 Kalwaria","article_author":"https:\/\/www.facebook.com\/KalwariaPakosc\/","article_published_time":"2021-07-20T09:00:58+00:00","article_modified_time":"2021-07-25T22:25:46+00:00","og_image":[{"width":200,"height":306,"url":"https:\/\/pakosc-kalwaria.franciszkanie.net\/wp-content\/uploads\/2021\/07\/sw.krzysztof.jpg","type":"image\/jpeg"}],"twitter_card":"summary","twitter_misc":{"Napisane przez":"pakosc-kalwaria","Szacowany czas czytania":"3 minuty"},"schema":{"@context":"https:\/\/schema.org","@graph":[{"@type":"WebSite","@id":"https:\/\/pakosc-kalwaria.franciszkanie.net\/#website","url":"https:\/\/pakosc-kalwaria.franciszkanie.net\/","name":"Pako\u015b\u0107 \u2013 Kalwaria","description":"Parafia Rzymsko \u2013 Katolicka p.w. Pana Jezusa Ukrzy\u017cowanego i  Matki Bo\u017cej Bolesnej ul. Barci\u0144ska 60, 88\u2013170 Pako\u015b\u0107 \u2013 Kalwaria","potentialAction":[{"@type":"SearchAction","target":{"@type":"EntryPoint","urlTemplate":"https:\/\/pakosc-kalwaria.franciszkanie.net\/?s={search_term_string}"},"query-input":"required name=search_term_string"}],"inLanguage":"pl-PL"},{"@type":"ImageObject","@id":"https:\/\/pakosc-kalwaria.franciszkanie.net\/index.php\/2021\/07\/20\/poswiecenie-pojazdow-na-kalwarii-pakoskiej-24-25-lipca\/#primaryimage","inLanguage":"pl-PL","url":"https:\/\/pakosc-kalwaria.franciszkanie.net\/wp-content\/uploads\/2021\/07\/sw.krzysztof.jpg","contentUrl":"https:\/\/pakosc-kalwaria.franciszkanie.net\/wp-content\/uploads\/2021\/07\/sw.krzysztof.jpg","width":200,"height":306},{"@type":"WebPage","@id":"https:\/\/pakosc-kalwaria.franciszkanie.net\/index.php\/2021\/07\/20\/poswiecenie-pojazdow-na-kalwarii-pakoskiej-24-25-lipca\/#webpage","url":"https:\/\/pakosc-kalwaria.franciszkanie.net\/index.php\/2021\/07\/20\/poswiecenie-pojazdow-na-kalwarii-pakoskiej-24-25-lipca\/","name":"Po\u015bwi\u0119cenie pojazd\u00f3w na Kalwarii Pakoskiej 24 \u2013 25 lipca - Pako\u015b\u0107 \u2013 Kalwaria","isPartOf":{"@id":"https:\/\/pakosc-kalwaria.franciszkanie.net\/#website"},"primaryImageOfPage":{"@id":"https:\/\/pakosc-kalwaria.franciszkanie.net\/index.php\/2021\/07\/20\/poswiecenie-pojazdow-na-kalwarii-pakoskiej-24-25-lipca\/#primaryimage"},"datePublished":"2021-07-20T09:00:58+00:00","dateModified":"2021-07-25T22:25:46+00:00","author":{"@id":"https:\/\/pakosc-kalwaria.franciszkanie.net\/#\/schema\/person\/af10b943be0760709227d060eadcb2aa"},"breadcrumb":{"@id":"https:\/\/pakosc-kalwaria.franciszkanie.net\/index.php\/2021\/07\/20\/poswiecenie-pojazdow-na-kalwarii-pakoskiej-24-25-lipca\/#breadcrumb"},"inLanguage":"pl-PL","potentialAction":[{"@type":"ReadAction","target":["https:\/\/pakosc-kalwaria.franciszkanie.net\/index.php\/2021\/07\/20\/poswiecenie-pojazdow-na-kalwarii-pakoskiej-24-25-lipca\/"]}]},{"@type":"BreadcrumbList","@id":"https:\/\/pakosc-kalwaria.franciszkanie.net\/index.php\/2021\/07\/20\/poswiecenie-pojazdow-na-kalwarii-pakoskiej-24-25-lipca\/#breadcrumb","itemListElement":[{"@type":"ListItem","position":1,"name":"Strona g\u0142\u00f3wna","item":"https:\/\/pakosc-kalwaria.franciszkanie.net\/"},{"@type":"ListItem","position":2,"name":"Po\u015bwi\u0119cenie pojazd\u00f3w na Kalwarii Pakoskiej 24 \u2013 25 lipca"}]},{"@type":"Person","@id":"https:\/\/pakosc-kalwaria.franciszkanie.net\/#\/schema\/person\/af10b943be0760709227d060eadcb2aa","name":"pakosc-kalwaria","image":{"@type":"ImageObject","@id":"https:\/\/pakosc-kalwaria.franciszkanie.net\/#personlogo","inLanguage":"pl-PL","url":"https:\/\/secure.gravatar.com\/avatar\/e7049d338b55eac6a0027ff3218b8d02?s=96&d=mm&r=g","contentUrl":"https:\/\/secure.gravatar.com\/avatar\/e7049d338b55eac6a0027ff3218b8d02?s=96&d=mm&r=g","caption":"pakosc-kalwaria"},"sameAs":["https:\/\/www.facebook.com\/KalwariaPakosc\/"],"url":"https:\/\/pakosc-kalwaria.franciszkanie.net\/index.php\/author\/pakosc-kalwaria\/"}]}},"_links":{"self":[{"href":"https:\/\/pakosc-kalwaria.franciszkanie.net\/index.php\/wp-json\/wp\/v2\/posts\/19347"}],"collection":[{"href":"https:\/\/pakosc-kalwaria.franciszkanie.net\/index.php\/wp-json\/wp\/v2\/posts"}],"about":[{"href":"https:\/\/pakosc-kalwaria.franciszkanie.net\/index.php\/wp-json\/wp\/v2\/types\/post"}],"author":[{"embeddable":true,"href":"https:\/\/pakosc-kalwaria.franciszkanie.net\/index.php\/wp-json\/wp\/v2\/users\/2"}],"replies":[{"embeddable":true,"href":"https:\/\/pakosc-kalwaria.franciszkanie.net\/index.php\/wp-json\/wp\/v2\/comments?post=19347"}],"version-history":[{"count":1,"href":"https:\/\/pakosc-kalwaria.franciszkanie.net\/index.php\/wp-json\/wp\/v2\/posts\/19347\/revisions"}],"predecessor-version":[{"id":19349,"href":"https:\/\/pakosc-kalwaria.franciszkanie.net\/index.php\/wp-json\/wp\/v2\/posts\/19347\/revisions\/19349"}],"wp:featuredmedia":[{"embeddable":true,"href":"https:\/\/pakosc-kalwaria.franciszkanie.net\/index.php\/wp-json\/wp\/v2\/media\/19348"}],"wp:attachment":[{"href":"https:\/\/pakosc-kalwaria.franciszkanie.net\/index.php\/wp-json\/wp\/v2\/media?parent=19347"}],"wp:term":[{"taxonomy":"category","embeddable":true,"href":"https:\/\/pakosc-kalwaria.franciszkanie.net\/index.php\/wp-json\/wp\/v2\/categories?post=19347"},{"taxonomy":"post_tag","embeddable":true,"href":"https:\/\/pakosc-kalwaria.franciszkanie.net\/index.php\/wp-json\/wp\/v2\/tags?post=19347"}],"curies":[{"name":"wp","href":"https:\/\/api.w.org\/{rel}","templated":true}]}}