{"id":19361,"date":"2021-07-09T18:00:13","date_gmt":"2021-07-09T16:00:13","guid":{"rendered":"http:\/\/pakosc-kalwaria.franciszkanie.net\/?p=19361"},"modified":"2021-07-08T15:59:51","modified_gmt":"2021-07-08T13:59:51","slug":"do-medytacji-z-kalwaryjskiego-wzgorza-piatek-09-07-2021r","status":"publish","type":"post","link":"https:\/\/pakosc-kalwaria.franciszkanie.net\/index.php\/2021\/07\/09\/do-medytacji-z-kalwaryjskiego-wzgorza-piatek-09-07-2021r\/","title":{"rendered":"Do medytacji z kalwaryjskiego Wzg\u00f3rza \u2013 pi\u0105tek 09.07.2021r."},"content":{"rendered":"<p><strong><span style=\"color: #ff0000;\">Z kazania na kalwaryjskim Wzg\u00f3rzu \u2013 09.07.2021r.<\/span><\/strong><\/p>\n<p><strong>Wiara i cnota pobo\u017cno\u015bci.<\/strong><strong> \u00a0\u00a0 <\/strong><strong><br \/>\n<\/strong>Gromadzimy si\u0119 w pi\u0105tki na naszym kalwaryjskim Wzg\u00f3rzu Mi\u0142osierdzia, aby z wiar\u0105 i ufno\u015bci\u0105 zanosi\u0107 do Boga nasze modlitwy wzywaj\u0105c Jego mi\u0142osierdzia. Czynimy to u st\u00f3p Pana Jezusa Ukrzy\u017cowanego i Mi\u0142osiernego. Jak ro\u017cna mo\u017ce by\u0107 postawa wobec Jezusa, nawet w najtrudniejszych momentach w \u017cyciu, niech \u015bwiadczy zachowanie dw\u00f3ch \u0142otr\u00f3w wisz\u0105cych po prawej i po lewej stronie umieraj\u0105cego na Krzy\u017cu Zbawiciela. Jeden z nich prosi Jezusa o \u0142ask\u0119 mi\u0142osierdzia, aby Jezus wspomnia\u0142 o nim, gdy przyjdzie do swojego Kr\u00f3lestwa. Drugi wr\u0119cz przeciwnie w chwili dla niego bardzo trudnej, mo\u017cna powiedzie\u0107 wr\u0119cz beznadziejnej, nie wola\u0142 o mi\u0142osierdzie, nie prosi\u0142 Jezusa o potrzebn\u0105 w tym momencie \u0142ask\u0119, ale jak zapisa\u0142 \u015bw. \u0141ukasz, jeszcze ur\u0105ga\u0142 Jezusowi: \u201eCzy Ty nie jeste\u015b Mesjaszem? Wybaw wi\u0119c siebie i nas\u201d. Okazuje si\u0119, \u017ce nawet w najtrudniejszych sytuacjach w \u017cyciu, nie ka\u017cdy b\u0119dzie wo\u0142a\u0142 do Boga o pomoc. Nawet gdy ju\u017c znik\u0105d nie ma ratunku i pomocy, to cz\u0142owiek, kt\u00f3ry nie ma w sobie wiary, nie zwr\u00f3ci si\u0119 Boga, by prosi\u0107 o pomoc i potrzebne \u0142aski. Nie b\u0119dzie prosi\u0142 o Bo\u017ce mi\u0142osierdzie nawet w obliczu \u015bmierci. Ile ludzkich dusz idzie na wieczne pot\u0119pienie, tylko dlatego, \u017ce w momencie \u015bmierci zabrak\u0142o im wiary w Boga i w Bo\u017ce Mi\u0142osierdzie!<br \/>\n\u015aw. Siostra Faustyna zapisa\u0142a w Dzienniczku s\u0142owa Pana Jezusa: \u201eDusze gin\u0105 mimo mojej gorzkiej m\u0119ki. Daj\u0119 im ostatni\u0105 desk\u0119 ratunku, to jest \u015bwi\u0119to Mi\u0142osierdzia mojego. Je\u017celi nie uwielbi\u0105 mi\u0142osierdzia mojego, zgin\u0105 na wieki\u201d. W innym miejscu zapisa\u0142a: \u201eOdmawiaj nieustannie koronk\u0119, kt\u00f3rej ci\u0119 nauczy\u0142em. Ktokolwiek b\u0119dzie j\u0105 odmawia\u0142, dost\u0105pi wielkiego mi\u0142osierdzia w godzin\u0119 \u015bmierci. Kap\u0142ani b\u0119d\u0105 j\u0105 podawa\u0107 grzesznikom jako ostatni\u0105 desk\u0119 ratunku; chocia\u017cby by\u0142 grzesznik najzatwardzialszy, je\u017celi raz tylko zm\u00f3wi t\u0119 koronk\u0119, dost\u0105pi \u0142aski z niesko\u0144czonego mi\u0142osierdzia mojego\u201d. Jak poruszaj\u0105ce s\u0105 te s\u0142owa Jezusa ukazuj\u0105ce wielko\u015b\u0107 Bo\u017cego Mi\u0142osierdzia! Skoro wystarczy, aby nawet najbardziej zatwardzia\u0142y grzesznik raz odm\u00f3wi\u0142 t\u0119 koronk\u0119, a b\u0119dzie zbawiony!<br \/>\nAby jednak kierowa\u0107 swoje modlitwy do Boga w codziennym \u017cyciu, a tak\u017ce w chwilach trudnych do\u015bwiadcze\u0144, opr\u00f3cz g\u0142\u0119bokiej wiary potrzebna jest cz\u0142owiekowi cnota pobo\u017cno\u015bci. To ona w\u0142a\u015bnie zawsze i w ka\u017cdych okoliczno\u015bciach kieruje cz\u0142owieka ku Bogu. Z jednej strony otwiera ona cz\u0142owieka na Bo\u017ce \u0142aski oraz na \u015bwiat\u0142o i moc Ducha \u015awi\u0119tego, tak by ca\u0142\u0105 swoj\u0105 ufno\u015b\u0107 cz\u0142owiek potrafi\u0142 pok\u0142ada\u0107 we Wszechmocy Boga. Z drugiej strony cnota pobo\u017cno\u015bci pomaga nam w spos\u00f3b naturalny zobaczy\u0107 Boga jako jedyne \u017ar\u00f3d\u0142o pomocy i si\u0142y w sytuacji, gdy tego najbardziej potrzebujemy.<br \/>\nJednym ze sposob\u00f3w ukszta\u0142towania w sobie cnoty pobo\u017cno\u015bci jest modlitwa aktami strzelistymi. Na przyk\u0142ad: \u201ePanie Ty wszystko wiesz, Ty wiesz, \u017ce Ci\u0119 kocham! Uwielbiam Ci\u0119 Jezu, za Twe mi\u0142osierdzie! Bo\u017ce b\u0105d\u017a mi\u0142o\u015bciw mnie grzesznemu! Jezu ufam Tobie! Jezu cichy i pokornego serca, uczy\u0144 serca nasze wed\u0142ug serca Twego! Panie ratuj! Bo\u017ce b\u0105d\u017a ze mn\u0105! Jezu pom\u00f3\u017c mi! Jezu Ty si\u0119 tym zajmij!\u201d. Tak rozumiana wewn\u0119trzna pobo\u017cno\u015b\u0107 wyp\u0142ywaj\u0105ca z g\u0142\u0119bokiej wiary, uczy nas ukierunkowania naszych my\u015bli, naszego serca i naszego \u017cycia na Jezusa, jako na nasz\u0105 pomoc i obron\u0119 w ka\u017cdej sytuacji w kt\u00f3rej si\u0119 w \u017cyciu znajdziemy. Sk\u0142ania nas ona tak\u017ce do tego, by w ka\u017cdej sytuacji najpierw szuka\u0107 Bo\u017cych rozwi\u0105za\u0144, zw\u0142aszcza w do\u015bwiadczeniach naszej ludzkiej bezsilno\u015bci i bezradno\u015bci.<br \/>\nPro\u015bmy wi\u0119c dzisiaj Jezusa Ukrzy\u017cowanego i Mi\u0142osiernego, by zawsze dawa\u0142 nam szans\u0119 spotkania Go w naszym \u017cyciu i nigdy nie odmawia\u0142 nam swojej pomocy. Pro\u015bmy tak\u017ce o siln\u0105 wiar\u0119 i cnot\u0119 pobo\u017cno\u015bci, dla ka\u017cdego z nas i dla naszych bli\u017anich, aby codzienna modlitwa zanoszona do Boga, by\u0142a \u017ar\u00f3d\u0142em Bo\u017cych \u0142ask, potrzebnych ka\u017cdego dnia, szczeg\u00f3lnie w chwilach trudnych \u017cyciowych do\u015bwiadcze\u0144 oraz dla zbawienia naszego i naszych bli\u017anich. Amen.<br \/>\n(o.R.)<\/p>\n","protected":false},"excerpt":{"rendered":"<p>Z kazania na kalwaryjskim Wzg\u00f3rzu \u2013 09.07.2021r. Wiara i cnota pobo\u017cno\u015bci. \u00a0\u00a0 Gromadzimy si\u0119 w pi\u0105tki na naszym kalwaryjskim Wzg\u00f3rzu Mi\u0142osierdzia, aby z wiar\u0105 i ufno\u015bci\u0105 zanosi\u0107 do Boga nasze modlitwy wzywaj\u0105c Jego mi\u0142osierdzia. Czynimy to u st\u00f3p Pana Jezusa Ukrzy\u017cowanego i Mi\u0142osiernego. Jak ro\u017cna mo\u017ce by\u0107 postawa wobec Jezusa, nawet w najtrudniejszych momentach w &hellip;<\/p>\n","protected":false},"author":2,"featured_media":19242,"comment_status":"closed","ping_status":"closed","sticky":false,"template":"","format":"standard","meta":{"_mi_skip_tracking":false,"_exactmetrics_sitenote_active":false,"_exactmetrics_sitenote_note":"","_exactmetrics_sitenote_category":0},"categories":[14],"tags":[],"yoast_head":"<!-- This site is optimized with the Yoast SEO plugin v18.1 - https:\/\/yoast.com\/wordpress\/plugins\/seo\/ -->\n<title>Do medytacji z kalwaryjskiego Wzg\u00f3rza \u2013 pi\u0105tek 09.07.2021r. - Pako\u015b\u0107 \u2013 Kalwaria<\/title>\n<meta name=\"robots\" content=\"index, follow, max-snippet:-1, max-image-preview:large, max-video-preview:-1\" \/>\n<link rel=\"canonical\" href=\"https:\/\/pakosc-kalwaria.franciszkanie.net\/index.php\/2021\/07\/09\/do-medytacji-z-kalwaryjskiego-wzgorza-piatek-09-07-2021r\/\" \/>\n<meta property=\"og:locale\" content=\"pl_PL\" \/>\n<meta property=\"og:type\" content=\"article\" \/>\n<meta property=\"og:title\" content=\"Do medytacji z kalwaryjskiego Wzg\u00f3rza \u2013 pi\u0105tek 09.07.2021r. - Pako\u015b\u0107 \u2013 Kalwaria\" \/>\n<meta property=\"og:description\" content=\"Z kazania na kalwaryjskim Wzg\u00f3rzu \u2013 09.07.2021r. Wiara i cnota pobo\u017cno\u015bci. \u00a0\u00a0 Gromadzimy si\u0119 w pi\u0105tki na naszym kalwaryjskim Wzg\u00f3rzu Mi\u0142osierdzia, aby z wiar\u0105 i ufno\u015bci\u0105 zanosi\u0107 do Boga nasze modlitwy wzywaj\u0105c Jego mi\u0142osierdzia. Czynimy to u st\u00f3p Pana Jezusa Ukrzy\u017cowanego i Mi\u0142osiernego. Jak ro\u017cna mo\u017ce by\u0107 postawa wobec Jezusa, nawet w najtrudniejszych momentach w &hellip;\" \/>\n<meta property=\"og:url\" content=\"https:\/\/pakosc-kalwaria.franciszkanie.net\/index.php\/2021\/07\/09\/do-medytacji-z-kalwaryjskiego-wzgorza-piatek-09-07-2021r\/\" \/>\n<meta property=\"og:site_name\" content=\"Pako\u015b\u0107 \u2013 Kalwaria\" \/>\n<meta property=\"article:author\" content=\"https:\/\/www.facebook.com\/KalwariaPakosc\/\" \/>\n<meta property=\"article:published_time\" content=\"2021-07-09T16:00:13+00:00\" \/>\n<meta property=\"article:modified_time\" content=\"2021-07-08T13:59:51+00:00\" \/>\n<meta property=\"og:image\" content=\"https:\/\/pakosc-kalwaria.franciszkanie.net\/wp-content\/uploads\/2021\/06\/DSCN1602.jpg\" \/>\n\t<meta property=\"og:image:width\" content=\"350\" \/>\n\t<meta property=\"og:image:height\" content=\"262\" \/>\n\t<meta property=\"og:image:type\" content=\"image\/jpeg\" \/>\n<meta name=\"twitter:card\" content=\"summary\" \/>\n<meta name=\"twitter:label1\" content=\"Napisane przez\" \/>\n\t<meta name=\"twitter:data1\" content=\"pakosc-kalwaria\" \/>\n\t<meta name=\"twitter:label2\" content=\"Szacowany czas czytania\" \/>\n\t<meta name=\"twitter:data2\" content=\"4 minuty\" \/>\n<script type=\"application\/ld+json\" class=\"yoast-schema-graph\">{\"@context\":\"https:\/\/schema.org\",\"@graph\":[{\"@type\":\"WebSite\",\"@id\":\"https:\/\/pakosc-kalwaria.franciszkanie.net\/#website\",\"url\":\"https:\/\/pakosc-kalwaria.franciszkanie.net\/\",\"name\":\"Pako\u015b\u0107 \u2013 Kalwaria\",\"description\":\"Parafia Rzymsko \u2013 Katolicka p.w. Pana Jezusa Ukrzy\u017cowanego i  Matki Bo\u017cej Bolesnej ul. Barci\u0144ska 60, 88\u2013170 Pako\u015b\u0107 \u2013 Kalwaria\",\"potentialAction\":[{\"@type\":\"SearchAction\",\"target\":{\"@type\":\"EntryPoint\",\"urlTemplate\":\"https:\/\/pakosc-kalwaria.franciszkanie.net\/?s={search_term_string}\"},\"query-input\":\"required name=search_term_string\"}],\"inLanguage\":\"pl-PL\"},{\"@type\":\"ImageObject\",\"@id\":\"https:\/\/pakosc-kalwaria.franciszkanie.net\/index.php\/2021\/07\/09\/do-medytacji-z-kalwaryjskiego-wzgorza-piatek-09-07-2021r\/#primaryimage\",\"inLanguage\":\"pl-PL\",\"url\":\"https:\/\/pakosc-kalwaria.franciszkanie.net\/wp-content\/uploads\/2021\/06\/DSCN1602.jpg\",\"contentUrl\":\"https:\/\/pakosc-kalwaria.franciszkanie.net\/wp-content\/uploads\/2021\/06\/DSCN1602.jpg\",\"width\":350,\"height\":262},{\"@type\":\"WebPage\",\"@id\":\"https:\/\/pakosc-kalwaria.franciszkanie.net\/index.php\/2021\/07\/09\/do-medytacji-z-kalwaryjskiego-wzgorza-piatek-09-07-2021r\/#webpage\",\"url\":\"https:\/\/pakosc-kalwaria.franciszkanie.net\/index.php\/2021\/07\/09\/do-medytacji-z-kalwaryjskiego-wzgorza-piatek-09-07-2021r\/\",\"name\":\"Do medytacji z kalwaryjskiego Wzg\u00f3rza \u2013 pi\u0105tek 09.07.2021r. - Pako\u015b\u0107 \u2013 Kalwaria\",\"isPartOf\":{\"@id\":\"https:\/\/pakosc-kalwaria.franciszkanie.net\/#website\"},\"primaryImageOfPage\":{\"@id\":\"https:\/\/pakosc-kalwaria.franciszkanie.net\/index.php\/2021\/07\/09\/do-medytacji-z-kalwaryjskiego-wzgorza-piatek-09-07-2021r\/#primaryimage\"},\"datePublished\":\"2021-07-09T16:00:13+00:00\",\"dateModified\":\"2021-07-08T13:59:51+00:00\",\"author\":{\"@id\":\"https:\/\/pakosc-kalwaria.franciszkanie.net\/#\/schema\/person\/af10b943be0760709227d060eadcb2aa\"},\"breadcrumb\":{\"@id\":\"https:\/\/pakosc-kalwaria.franciszkanie.net\/index.php\/2021\/07\/09\/do-medytacji-z-kalwaryjskiego-wzgorza-piatek-09-07-2021r\/#breadcrumb\"},\"inLanguage\":\"pl-PL\",\"potentialAction\":[{\"@type\":\"ReadAction\",\"target\":[\"https:\/\/pakosc-kalwaria.franciszkanie.net\/index.php\/2021\/07\/09\/do-medytacji-z-kalwaryjskiego-wzgorza-piatek-09-07-2021r\/\"]}]},{\"@type\":\"BreadcrumbList\",\"@id\":\"https:\/\/pakosc-kalwaria.franciszkanie.net\/index.php\/2021\/07\/09\/do-medytacji-z-kalwaryjskiego-wzgorza-piatek-09-07-2021r\/#breadcrumb\",\"itemListElement\":[{\"@type\":\"ListItem\",\"position\":1,\"name\":\"Strona g\u0142\u00f3wna\",\"item\":\"https:\/\/pakosc-kalwaria.franciszkanie.net\/\"},{\"@type\":\"ListItem\",\"position\":2,\"name\":\"Do medytacji z kalwaryjskiego Wzg\u00f3rza \u2013 pi\u0105tek 09.07.2021r.\"}]},{\"@type\":\"Person\",\"@id\":\"https:\/\/pakosc-kalwaria.franciszkanie.net\/#\/schema\/person\/af10b943be0760709227d060eadcb2aa\",\"name\":\"pakosc-kalwaria\",\"image\":{\"@type\":\"ImageObject\",\"@id\":\"https:\/\/pakosc-kalwaria.franciszkanie.net\/#personlogo\",\"inLanguage\":\"pl-PL\",\"url\":\"https:\/\/secure.gravatar.com\/avatar\/e7049d338b55eac6a0027ff3218b8d02?s=96&d=mm&r=g\",\"contentUrl\":\"https:\/\/secure.gravatar.com\/avatar\/e7049d338b55eac6a0027ff3218b8d02?s=96&d=mm&r=g\",\"caption\":\"pakosc-kalwaria\"},\"sameAs\":[\"https:\/\/www.facebook.com\/KalwariaPakosc\/\"],\"url\":\"https:\/\/pakosc-kalwaria.franciszkanie.net\/index.php\/author\/pakosc-kalwaria\/\"}]}<\/script>\n<!-- \/ Yoast SEO plugin. -->","yoast_head_json":{"title":"Do medytacji z kalwaryjskiego Wzg\u00f3rza \u2013 pi\u0105tek 09.07.2021r. - Pako\u015b\u0107 \u2013 Kalwaria","robots":{"index":"index","follow":"follow","max-snippet":"max-snippet:-1","max-image-preview":"max-image-preview:large","max-video-preview":"max-video-preview:-1"},"canonical":"https:\/\/pakosc-kalwaria.franciszkanie.net\/index.php\/2021\/07\/09\/do-medytacji-z-kalwaryjskiego-wzgorza-piatek-09-07-2021r\/","og_locale":"pl_PL","og_type":"article","og_title":"Do medytacji z kalwaryjskiego Wzg\u00f3rza \u2013 pi\u0105tek 09.07.2021r. - Pako\u015b\u0107 \u2013 Kalwaria","og_description":"Z kazania na kalwaryjskim Wzg\u00f3rzu \u2013 09.07.2021r. Wiara i cnota pobo\u017cno\u015bci. \u00a0\u00a0 Gromadzimy si\u0119 w pi\u0105tki na naszym kalwaryjskim Wzg\u00f3rzu Mi\u0142osierdzia, aby z wiar\u0105 i ufno\u015bci\u0105 zanosi\u0107 do Boga nasze modlitwy wzywaj\u0105c Jego mi\u0142osierdzia. Czynimy to u st\u00f3p Pana Jezusa Ukrzy\u017cowanego i Mi\u0142osiernego. Jak ro\u017cna mo\u017ce by\u0107 postawa wobec Jezusa, nawet w najtrudniejszych momentach w &hellip;","og_url":"https:\/\/pakosc-kalwaria.franciszkanie.net\/index.php\/2021\/07\/09\/do-medytacji-z-kalwaryjskiego-wzgorza-piatek-09-07-2021r\/","og_site_name":"Pako\u015b\u0107 \u2013 Kalwaria","article_author":"https:\/\/www.facebook.com\/KalwariaPakosc\/","article_published_time":"2021-07-09T16:00:13+00:00","article_modified_time":"2021-07-08T13:59:51+00:00","og_image":[{"width":350,"height":262,"url":"https:\/\/pakosc-kalwaria.franciszkanie.net\/wp-content\/uploads\/2021\/06\/DSCN1602.jpg","type":"image\/jpeg"}],"twitter_card":"summary","twitter_misc":{"Napisane przez":"pakosc-kalwaria","Szacowany czas czytania":"4 minuty"},"schema":{"@context":"https:\/\/schema.org","@graph":[{"@type":"WebSite","@id":"https:\/\/pakosc-kalwaria.franciszkanie.net\/#website","url":"https:\/\/pakosc-kalwaria.franciszkanie.net\/","name":"Pako\u015b\u0107 \u2013 Kalwaria","description":"Parafia Rzymsko \u2013 Katolicka p.w. Pana Jezusa Ukrzy\u017cowanego i  Matki Bo\u017cej Bolesnej ul. Barci\u0144ska 60, 88\u2013170 Pako\u015b\u0107 \u2013 Kalwaria","potentialAction":[{"@type":"SearchAction","target":{"@type":"EntryPoint","urlTemplate":"https:\/\/pakosc-kalwaria.franciszkanie.net\/?s={search_term_string}"},"query-input":"required name=search_term_string"}],"inLanguage":"pl-PL"},{"@type":"ImageObject","@id":"https:\/\/pakosc-kalwaria.franciszkanie.net\/index.php\/2021\/07\/09\/do-medytacji-z-kalwaryjskiego-wzgorza-piatek-09-07-2021r\/#primaryimage","inLanguage":"pl-PL","url":"https:\/\/pakosc-kalwaria.franciszkanie.net\/wp-content\/uploads\/2021\/06\/DSCN1602.jpg","contentUrl":"https:\/\/pakosc-kalwaria.franciszkanie.net\/wp-content\/uploads\/2021\/06\/DSCN1602.jpg","width":350,"height":262},{"@type":"WebPage","@id":"https:\/\/pakosc-kalwaria.franciszkanie.net\/index.php\/2021\/07\/09\/do-medytacji-z-kalwaryjskiego-wzgorza-piatek-09-07-2021r\/#webpage","url":"https:\/\/pakosc-kalwaria.franciszkanie.net\/index.php\/2021\/07\/09\/do-medytacji-z-kalwaryjskiego-wzgorza-piatek-09-07-2021r\/","name":"Do medytacji z kalwaryjskiego Wzg\u00f3rza \u2013 pi\u0105tek 09.07.2021r. - Pako\u015b\u0107 \u2013 Kalwaria","isPartOf":{"@id":"https:\/\/pakosc-kalwaria.franciszkanie.net\/#website"},"primaryImageOfPage":{"@id":"https:\/\/pakosc-kalwaria.franciszkanie.net\/index.php\/2021\/07\/09\/do-medytacji-z-kalwaryjskiego-wzgorza-piatek-09-07-2021r\/#primaryimage"},"datePublished":"2021-07-09T16:00:13+00:00","dateModified":"2021-07-08T13:59:51+00:00","author":{"@id":"https:\/\/pakosc-kalwaria.franciszkanie.net\/#\/schema\/person\/af10b943be0760709227d060eadcb2aa"},"breadcrumb":{"@id":"https:\/\/pakosc-kalwaria.franciszkanie.net\/index.php\/2021\/07\/09\/do-medytacji-z-kalwaryjskiego-wzgorza-piatek-09-07-2021r\/#breadcrumb"},"inLanguage":"pl-PL","potentialAction":[{"@type":"ReadAction","target":["https:\/\/pakosc-kalwaria.franciszkanie.net\/index.php\/2021\/07\/09\/do-medytacji-z-kalwaryjskiego-wzgorza-piatek-09-07-2021r\/"]}]},{"@type":"BreadcrumbList","@id":"https:\/\/pakosc-kalwaria.franciszkanie.net\/index.php\/2021\/07\/09\/do-medytacji-z-kalwaryjskiego-wzgorza-piatek-09-07-2021r\/#breadcrumb","itemListElement":[{"@type":"ListItem","position":1,"name":"Strona g\u0142\u00f3wna","item":"https:\/\/pakosc-kalwaria.franciszkanie.net\/"},{"@type":"ListItem","position":2,"name":"Do medytacji z kalwaryjskiego Wzg\u00f3rza \u2013 pi\u0105tek 09.07.2021r."}]},{"@type":"Person","@id":"https:\/\/pakosc-kalwaria.franciszkanie.net\/#\/schema\/person\/af10b943be0760709227d060eadcb2aa","name":"pakosc-kalwaria","image":{"@type":"ImageObject","@id":"https:\/\/pakosc-kalwaria.franciszkanie.net\/#personlogo","inLanguage":"pl-PL","url":"https:\/\/secure.gravatar.com\/avatar\/e7049d338b55eac6a0027ff3218b8d02?s=96&d=mm&r=g","contentUrl":"https:\/\/secure.gravatar.com\/avatar\/e7049d338b55eac6a0027ff3218b8d02?s=96&d=mm&r=g","caption":"pakosc-kalwaria"},"sameAs":["https:\/\/www.facebook.com\/KalwariaPakosc\/"],"url":"https:\/\/pakosc-kalwaria.franciszkanie.net\/index.php\/author\/pakosc-kalwaria\/"}]}},"_links":{"self":[{"href":"https:\/\/pakosc-kalwaria.franciszkanie.net\/index.php\/wp-json\/wp\/v2\/posts\/19361"}],"collection":[{"href":"https:\/\/pakosc-kalwaria.franciszkanie.net\/index.php\/wp-json\/wp\/v2\/posts"}],"about":[{"href":"https:\/\/pakosc-kalwaria.franciszkanie.net\/index.php\/wp-json\/wp\/v2\/types\/post"}],"author":[{"embeddable":true,"href":"https:\/\/pakosc-kalwaria.franciszkanie.net\/index.php\/wp-json\/wp\/v2\/users\/2"}],"replies":[{"embeddable":true,"href":"https:\/\/pakosc-kalwaria.franciszkanie.net\/index.php\/wp-json\/wp\/v2\/comments?post=19361"}],"version-history":[{"count":2,"href":"https:\/\/pakosc-kalwaria.franciszkanie.net\/index.php\/wp-json\/wp\/v2\/posts\/19361\/revisions"}],"predecessor-version":[{"id":19363,"href":"https:\/\/pakosc-kalwaria.franciszkanie.net\/index.php\/wp-json\/wp\/v2\/posts\/19361\/revisions\/19363"}],"wp:featuredmedia":[{"embeddable":true,"href":"https:\/\/pakosc-kalwaria.franciszkanie.net\/index.php\/wp-json\/wp\/v2\/media\/19242"}],"wp:attachment":[{"href":"https:\/\/pakosc-kalwaria.franciszkanie.net\/index.php\/wp-json\/wp\/v2\/media?parent=19361"}],"wp:term":[{"taxonomy":"category","embeddable":true,"href":"https:\/\/pakosc-kalwaria.franciszkanie.net\/index.php\/wp-json\/wp\/v2\/categories?post=19361"},{"taxonomy":"post_tag","embeddable":true,"href":"https:\/\/pakosc-kalwaria.franciszkanie.net\/index.php\/wp-json\/wp\/v2\/tags?post=19361"}],"curies":[{"name":"wp","href":"https:\/\/api.w.org\/{rel}","templated":true}]}}