{"id":19403,"date":"2021-07-31T09:00:11","date_gmt":"2021-07-31T07:00:11","guid":{"rendered":"http:\/\/pakosc-kalwaria.franciszkanie.net\/?p=19403"},"modified":"2021-07-14T16:24:54","modified_gmt":"2021-07-14T14:24:54","slug":"intencje-mszalne-01-08-08-08-2021r","status":"publish","type":"post","link":"https:\/\/pakosc-kalwaria.franciszkanie.net\/index.php\/2021\/07\/31\/intencje-mszalne-01-08-08-08-2021r\/","title":{"rendered":"Intencje mszalne 01.08. &#8211; 08.08.2021r."},"content":{"rendered":"<p><span style=\"color: #ff0000;\"><strong><em><u>XVIII Niedziela Zwyk\u0142a &#8211;\u00a0 01.08.2021r<\/u><\/em><\/strong><\/span><strong><em><span style=\"color: #ff0000;\">.<\/span><br \/>\n<\/em><\/strong><span style=\"color: #ff0000;\"><strong>9.00<\/strong><\/span><strong> \u00a0 Za + Wand\u0119 Mot\u0142awsk\u0105<br \/>\n<span style=\"color: #ff0000;\">11.00<\/span>\u00a0 \u00a0Za ++ z rodziny: Helen\u0119, Hieronima Dutkiewicz\u00f3w, Krzysztofa J\u00f3\u017awickiego, Urszul\u0119 i Konrada J\u00f3\u017awickich<\/strong><\/p>\n<p><span style=\"color: #ff0000;\"><strong><em><u>Poniedzia\u0142ek &#8211; 02.08.2021r. <\/u><\/em><\/strong><strong><em>\u2013 \u015bwi\u0119to NMP Anielskiej z Porcjunkuli <\/em><\/strong><\/span><strong><em><br \/>\n<\/em><span style=\"color: #ff0000;\">10.00<\/span><em><br \/>\n<\/em><\/strong><strong><span style=\"color: #ff0000;\">17.00<\/span> \u00a0<\/strong><strong>Podzi\u0119kowanie Bogu Ojcu za \u0142aski i b\u0142ogos\u0142awie\u0144stwo, kt\u00f3re otrzyma\u0142a Rodzina<\/strong><\/p>\n<p><strong><em><u><span style=\"color: #008000;\">Wtorek \u2013 03.08.2021r.<\/span><br \/>\n<\/u><\/em><\/strong><strong>17.00\u00a0\u00a0 Za dusze w czy\u015b\u0107cu cierpi\u0105ce najbli\u017csze wybawienia<\/strong><\/p>\n<p><span style=\"color: #008000;\"><strong><em><u>\u015aroda \u00a0&#8211; 04.08.2021r.<\/u><\/em><\/strong><\/span><strong><em><span style=\"color: #008000;\"> \u2013 wspomnienie \u015bw. Jana Marii Vianneya, prezbitera \u00a0<\/span><br \/>\n<\/em><\/strong><strong>17.00 \u00a0Z pro\u015bb\u0105 o potrzebne \u0142aski z dla o. Proboszcza Roberta<\/strong><\/p>\n<p><span style=\"color: #008000;\"><strong><em><u>Czwartek &#8211; 05.08.2021r<\/u><\/em><\/strong><strong><em>.<\/em><\/strong><\/span><strong><em> &#8211; <span style=\"color: #ff0000;\">Pierwszy Czwartek Miesi\u0105ca<\/span><br \/>\n<\/em><\/strong><span style=\"color: #ff0000;\"><strong>17.00 \u00a0\u00a0O nowe powo\u0142ania kap\u0142a\u0144skie i zakonne oraz za ministrant\u00f3w i ich Rodziny<\/strong><\/span><strong><span style=\"color: #ff0000;\"> \u00a0<\/span><\/strong><\/p>\n<p><span style=\"color: #008000;\"><strong><em><u>Pi\u0105tek \u00a0\u2013 06.08.2021r.<\/u><\/em><\/strong><\/span><span style=\"color: #ff0000;\"><strong><em> &#8211; \u015bwi\u0119to Przemienienia Pa\u0144skiego &#8211; Pierwszy Pi\u0105tek Miesi\u0105ca<\/em><\/strong><\/span><strong><em><br \/>\n<\/em><\/strong><span style=\"color: #ff0000;\"><strong>17.00\u00a0\u00a0 W intencjach zbiorowych do Bo\u017cego Mi\u0142osierdzia<\/strong><\/span><strong><span style=\"color: #ff0000;\"> oraz za zmar\u0142ych polecanych w rocznych wypominkach \u00a0\u00a0 <\/span><\/strong><\/p>\n<p><strong><em><u><span style=\"color: #008000;\">Sobota &#8211; 07.08.2021r.<\/span> <\/u><\/em><\/strong><strong><em>\u2013 <span style=\"color: #ff0000;\">Pierwsza Sobota Miesi\u0105ca <\/span><br \/>\n<\/em><\/strong><strong><span style=\"color: #ff0000;\">17.00\u00a0 1\/ Za \u017cyj\u0105cych i zmar\u0142ych cz\u0142onk\u00f3w \u017bywego R\u00f3\u017ca\u0144ca<br \/>\n<\/span>2\/ Za ++ Braci, Siostry, Rodzic\u00f3w, Krewnych, Przyjaci\u00f3\u0142, Dobroczy\u0144c\u00f3w Zakonu oraz zmar\u0142ych cz\u0142onk\u00f3w Franciszka\u0144skiego Zakonu \u015awieckich <span style=\"color: #ff0000;\"><\/p>\n<p><\/span><\/strong><span style=\"color: #ff0000;\"><strong><em><u>XIX Niedziela Zwyk\u0142a &#8211;\u00a0 08.08.2021r<\/u><\/em><\/strong><\/span><strong><em><span style=\"color: #ff0000;\">.<\/span><u><br \/>\n<\/u><\/em><\/strong><strong><span style=\"color: #ff0000;\">9.00\u00a0<\/span> Za + o. Brunona Kasprowskiego<br \/>\n<span style=\"color: #ff0000;\">11.00<\/span> \u00a0Za + Wand\u0119, ++ z rodziny Urbaniak\u00f3w i + Tadeusza Rogalskiego<br \/>\n<\/strong><\/p>\n","protected":false},"excerpt":{"rendered":"<p>XVIII Niedziela Zwyk\u0142a &#8211;\u00a0 01.08.2021r. 9.00 \u00a0 Za + Wand\u0119 Mot\u0142awsk\u0105 11.00\u00a0 \u00a0Za ++ z rodziny: Helen\u0119, Hieronima Dutkiewicz\u00f3w, Krzysztofa J\u00f3\u017awickiego, Urszul\u0119 i Konrada J\u00f3\u017awickich Poniedzia\u0142ek &#8211; 02.08.2021r. \u2013 \u015bwi\u0119to NMP Anielskiej z Porcjunkuli 10.00 17.00 \u00a0Podzi\u0119kowanie Bogu Ojcu za \u0142aski i b\u0142ogos\u0142awie\u0144stwo, kt\u00f3re otrzyma\u0142a Rodzina Wtorek \u2013 03.08.2021r. 17.00\u00a0\u00a0 Za dusze w czy\u015b\u0107cu cierpi\u0105ce &hellip;<\/p>\n","protected":false},"author":2,"featured_media":19246,"comment_status":"closed","ping_status":"closed","sticky":false,"template":"","format":"standard","meta":{"_mi_skip_tracking":false,"_exactmetrics_sitenote_active":false,"_exactmetrics_sitenote_note":"","_exactmetrics_sitenote_category":0},"categories":[6],"tags":[],"yoast_head":"<!-- This site is optimized with the Yoast SEO plugin v18.1 - https:\/\/yoast.com\/wordpress\/plugins\/seo\/ -->\n<title>Intencje mszalne 01.08. - 08.08.2021r. - Pako\u015b\u0107 \u2013 Kalwaria<\/title>\n<meta name=\"robots\" content=\"index, follow, max-snippet:-1, max-image-preview:large, max-video-preview:-1\" \/>\n<link rel=\"canonical\" href=\"https:\/\/pakosc-kalwaria.franciszkanie.net\/index.php\/2021\/07\/31\/intencje-mszalne-01-08-08-08-2021r\/\" \/>\n<meta property=\"og:locale\" content=\"pl_PL\" \/>\n<meta property=\"og:type\" content=\"article\" \/>\n<meta property=\"og:title\" content=\"Intencje mszalne 01.08. - 08.08.2021r. - Pako\u015b\u0107 \u2013 Kalwaria\" \/>\n<meta property=\"og:description\" content=\"XVIII Niedziela Zwyk\u0142a &#8211;\u00a0 01.08.2021r. 9.00 \u00a0 Za + Wand\u0119 Mot\u0142awsk\u0105 11.00\u00a0 \u00a0Za ++ z rodziny: Helen\u0119, Hieronima Dutkiewicz\u00f3w, Krzysztofa J\u00f3\u017awickiego, Urszul\u0119 i Konrada J\u00f3\u017awickich Poniedzia\u0142ek &#8211; 02.08.2021r. \u2013 \u015bwi\u0119to NMP Anielskiej z Porcjunkuli 10.00 17.00 \u00a0Podzi\u0119kowanie Bogu Ojcu za \u0142aski i b\u0142ogos\u0142awie\u0144stwo, kt\u00f3re otrzyma\u0142a Rodzina Wtorek \u2013 03.08.2021r. 17.00\u00a0\u00a0 Za dusze w czy\u015b\u0107cu cierpi\u0105ce &hellip;\" \/>\n<meta property=\"og:url\" content=\"https:\/\/pakosc-kalwaria.franciszkanie.net\/index.php\/2021\/07\/31\/intencje-mszalne-01-08-08-08-2021r\/\" \/>\n<meta property=\"og:site_name\" content=\"Pako\u015b\u0107 \u2013 Kalwaria\" \/>\n<meta property=\"article:author\" content=\"https:\/\/www.facebook.com\/KalwariaPakosc\/\" \/>\n<meta property=\"article:published_time\" content=\"2021-07-31T07:00:11+00:00\" \/>\n<meta property=\"article:modified_time\" content=\"2021-07-14T14:24:54+00:00\" \/>\n<meta property=\"og:image\" content=\"https:\/\/pakosc-kalwaria.franciszkanie.net\/wp-content\/uploads\/2021\/06\/unnamed-2-1.jpg\" \/>\n\t<meta property=\"og:image:width\" content=\"400\" \/>\n\t<meta property=\"og:image:height\" content=\"240\" \/>\n\t<meta property=\"og:image:type\" content=\"image\/jpeg\" \/>\n<meta name=\"twitter:card\" content=\"summary\" \/>\n<meta name=\"twitter:label1\" content=\"Napisane przez\" \/>\n\t<meta name=\"twitter:data1\" content=\"pakosc-kalwaria\" \/>\n\t<meta name=\"twitter:label2\" content=\"Szacowany czas czytania\" \/>\n\t<meta name=\"twitter:data2\" content=\"1 minuta\" \/>\n<script type=\"application\/ld+json\" class=\"yoast-schema-graph\">{\"@context\":\"https:\/\/schema.org\",\"@graph\":[{\"@type\":\"WebSite\",\"@id\":\"https:\/\/pakosc-kalwaria.franciszkanie.net\/#website\",\"url\":\"https:\/\/pakosc-kalwaria.franciszkanie.net\/\",\"name\":\"Pako\u015b\u0107 \u2013 Kalwaria\",\"description\":\"Parafia Rzymsko \u2013 Katolicka p.w. Pana Jezusa Ukrzy\u017cowanego i  Matki Bo\u017cej Bolesnej ul. Barci\u0144ska 60, 88\u2013170 Pako\u015b\u0107 \u2013 Kalwaria\",\"potentialAction\":[{\"@type\":\"SearchAction\",\"target\":{\"@type\":\"EntryPoint\",\"urlTemplate\":\"https:\/\/pakosc-kalwaria.franciszkanie.net\/?s={search_term_string}\"},\"query-input\":\"required name=search_term_string\"}],\"inLanguage\":\"pl-PL\"},{\"@type\":\"ImageObject\",\"@id\":\"https:\/\/pakosc-kalwaria.franciszkanie.net\/index.php\/2021\/07\/31\/intencje-mszalne-01-08-08-08-2021r\/#primaryimage\",\"inLanguage\":\"pl-PL\",\"url\":\"https:\/\/pakosc-kalwaria.franciszkanie.net\/wp-content\/uploads\/2021\/06\/unnamed-2-1.jpg\",\"contentUrl\":\"https:\/\/pakosc-kalwaria.franciszkanie.net\/wp-content\/uploads\/2021\/06\/unnamed-2-1.jpg\",\"width\":400,\"height\":240},{\"@type\":\"WebPage\",\"@id\":\"https:\/\/pakosc-kalwaria.franciszkanie.net\/index.php\/2021\/07\/31\/intencje-mszalne-01-08-08-08-2021r\/#webpage\",\"url\":\"https:\/\/pakosc-kalwaria.franciszkanie.net\/index.php\/2021\/07\/31\/intencje-mszalne-01-08-08-08-2021r\/\",\"name\":\"Intencje mszalne 01.08. - 08.08.2021r. - Pako\u015b\u0107 \u2013 Kalwaria\",\"isPartOf\":{\"@id\":\"https:\/\/pakosc-kalwaria.franciszkanie.net\/#website\"},\"primaryImageOfPage\":{\"@id\":\"https:\/\/pakosc-kalwaria.franciszkanie.net\/index.php\/2021\/07\/31\/intencje-mszalne-01-08-08-08-2021r\/#primaryimage\"},\"datePublished\":\"2021-07-31T07:00:11+00:00\",\"dateModified\":\"2021-07-14T14:24:54+00:00\",\"author\":{\"@id\":\"https:\/\/pakosc-kalwaria.franciszkanie.net\/#\/schema\/person\/af10b943be0760709227d060eadcb2aa\"},\"breadcrumb\":{\"@id\":\"https:\/\/pakosc-kalwaria.franciszkanie.net\/index.php\/2021\/07\/31\/intencje-mszalne-01-08-08-08-2021r\/#breadcrumb\"},\"inLanguage\":\"pl-PL\",\"potentialAction\":[{\"@type\":\"ReadAction\",\"target\":[\"https:\/\/pakosc-kalwaria.franciszkanie.net\/index.php\/2021\/07\/31\/intencje-mszalne-01-08-08-08-2021r\/\"]}]},{\"@type\":\"BreadcrumbList\",\"@id\":\"https:\/\/pakosc-kalwaria.franciszkanie.net\/index.php\/2021\/07\/31\/intencje-mszalne-01-08-08-08-2021r\/#breadcrumb\",\"itemListElement\":[{\"@type\":\"ListItem\",\"position\":1,\"name\":\"Strona g\u0142\u00f3wna\",\"item\":\"https:\/\/pakosc-kalwaria.franciszkanie.net\/\"},{\"@type\":\"ListItem\",\"position\":2,\"name\":\"Intencje mszalne 01.08. &#8211; 08.08.2021r.\"}]},{\"@type\":\"Person\",\"@id\":\"https:\/\/pakosc-kalwaria.franciszkanie.net\/#\/schema\/person\/af10b943be0760709227d060eadcb2aa\",\"name\":\"pakosc-kalwaria\",\"image\":{\"@type\":\"ImageObject\",\"@id\":\"https:\/\/pakosc-kalwaria.franciszkanie.net\/#personlogo\",\"inLanguage\":\"pl-PL\",\"url\":\"https:\/\/secure.gravatar.com\/avatar\/e7049d338b55eac6a0027ff3218b8d02?s=96&d=mm&r=g\",\"contentUrl\":\"https:\/\/secure.gravatar.com\/avatar\/e7049d338b55eac6a0027ff3218b8d02?s=96&d=mm&r=g\",\"caption\":\"pakosc-kalwaria\"},\"sameAs\":[\"https:\/\/www.facebook.com\/KalwariaPakosc\/\"],\"url\":\"https:\/\/pakosc-kalwaria.franciszkanie.net\/index.php\/author\/pakosc-kalwaria\/\"}]}<\/script>\n<!-- \/ Yoast SEO plugin. -->","yoast_head_json":{"title":"Intencje mszalne 01.08. - 08.08.2021r. - Pako\u015b\u0107 \u2013 Kalwaria","robots":{"index":"index","follow":"follow","max-snippet":"max-snippet:-1","max-image-preview":"max-image-preview:large","max-video-preview":"max-video-preview:-1"},"canonical":"https:\/\/pakosc-kalwaria.franciszkanie.net\/index.php\/2021\/07\/31\/intencje-mszalne-01-08-08-08-2021r\/","og_locale":"pl_PL","og_type":"article","og_title":"Intencje mszalne 01.08. - 08.08.2021r. - Pako\u015b\u0107 \u2013 Kalwaria","og_description":"XVIII Niedziela Zwyk\u0142a &#8211;\u00a0 01.08.2021r. 9.00 \u00a0 Za + Wand\u0119 Mot\u0142awsk\u0105 11.00\u00a0 \u00a0Za ++ z rodziny: Helen\u0119, Hieronima Dutkiewicz\u00f3w, Krzysztofa J\u00f3\u017awickiego, Urszul\u0119 i Konrada J\u00f3\u017awickich Poniedzia\u0142ek &#8211; 02.08.2021r. \u2013 \u015bwi\u0119to NMP Anielskiej z Porcjunkuli 10.00 17.00 \u00a0Podzi\u0119kowanie Bogu Ojcu za \u0142aski i b\u0142ogos\u0142awie\u0144stwo, kt\u00f3re otrzyma\u0142a Rodzina Wtorek \u2013 03.08.2021r. 17.00\u00a0\u00a0 Za dusze w czy\u015b\u0107cu cierpi\u0105ce &hellip;","og_url":"https:\/\/pakosc-kalwaria.franciszkanie.net\/index.php\/2021\/07\/31\/intencje-mszalne-01-08-08-08-2021r\/","og_site_name":"Pako\u015b\u0107 \u2013 Kalwaria","article_author":"https:\/\/www.facebook.com\/KalwariaPakosc\/","article_published_time":"2021-07-31T07:00:11+00:00","article_modified_time":"2021-07-14T14:24:54+00:00","og_image":[{"width":400,"height":240,"url":"https:\/\/pakosc-kalwaria.franciszkanie.net\/wp-content\/uploads\/2021\/06\/unnamed-2-1.jpg","type":"image\/jpeg"}],"twitter_card":"summary","twitter_misc":{"Napisane przez":"pakosc-kalwaria","Szacowany czas czytania":"1 minuta"},"schema":{"@context":"https:\/\/schema.org","@graph":[{"@type":"WebSite","@id":"https:\/\/pakosc-kalwaria.franciszkanie.net\/#website","url":"https:\/\/pakosc-kalwaria.franciszkanie.net\/","name":"Pako\u015b\u0107 \u2013 Kalwaria","description":"Parafia Rzymsko \u2013 Katolicka p.w. Pana Jezusa Ukrzy\u017cowanego i  Matki Bo\u017cej Bolesnej ul. Barci\u0144ska 60, 88\u2013170 Pako\u015b\u0107 \u2013 Kalwaria","potentialAction":[{"@type":"SearchAction","target":{"@type":"EntryPoint","urlTemplate":"https:\/\/pakosc-kalwaria.franciszkanie.net\/?s={search_term_string}"},"query-input":"required name=search_term_string"}],"inLanguage":"pl-PL"},{"@type":"ImageObject","@id":"https:\/\/pakosc-kalwaria.franciszkanie.net\/index.php\/2021\/07\/31\/intencje-mszalne-01-08-08-08-2021r\/#primaryimage","inLanguage":"pl-PL","url":"https:\/\/pakosc-kalwaria.franciszkanie.net\/wp-content\/uploads\/2021\/06\/unnamed-2-1.jpg","contentUrl":"https:\/\/pakosc-kalwaria.franciszkanie.net\/wp-content\/uploads\/2021\/06\/unnamed-2-1.jpg","width":400,"height":240},{"@type":"WebPage","@id":"https:\/\/pakosc-kalwaria.franciszkanie.net\/index.php\/2021\/07\/31\/intencje-mszalne-01-08-08-08-2021r\/#webpage","url":"https:\/\/pakosc-kalwaria.franciszkanie.net\/index.php\/2021\/07\/31\/intencje-mszalne-01-08-08-08-2021r\/","name":"Intencje mszalne 01.08. - 08.08.2021r. - Pako\u015b\u0107 \u2013 Kalwaria","isPartOf":{"@id":"https:\/\/pakosc-kalwaria.franciszkanie.net\/#website"},"primaryImageOfPage":{"@id":"https:\/\/pakosc-kalwaria.franciszkanie.net\/index.php\/2021\/07\/31\/intencje-mszalne-01-08-08-08-2021r\/#primaryimage"},"datePublished":"2021-07-31T07:00:11+00:00","dateModified":"2021-07-14T14:24:54+00:00","author":{"@id":"https:\/\/pakosc-kalwaria.franciszkanie.net\/#\/schema\/person\/af10b943be0760709227d060eadcb2aa"},"breadcrumb":{"@id":"https:\/\/pakosc-kalwaria.franciszkanie.net\/index.php\/2021\/07\/31\/intencje-mszalne-01-08-08-08-2021r\/#breadcrumb"},"inLanguage":"pl-PL","potentialAction":[{"@type":"ReadAction","target":["https:\/\/pakosc-kalwaria.franciszkanie.net\/index.php\/2021\/07\/31\/intencje-mszalne-01-08-08-08-2021r\/"]}]},{"@type":"BreadcrumbList","@id":"https:\/\/pakosc-kalwaria.franciszkanie.net\/index.php\/2021\/07\/31\/intencje-mszalne-01-08-08-08-2021r\/#breadcrumb","itemListElement":[{"@type":"ListItem","position":1,"name":"Strona g\u0142\u00f3wna","item":"https:\/\/pakosc-kalwaria.franciszkanie.net\/"},{"@type":"ListItem","position":2,"name":"Intencje mszalne 01.08. &#8211; 08.08.2021r."}]},{"@type":"Person","@id":"https:\/\/pakosc-kalwaria.franciszkanie.net\/#\/schema\/person\/af10b943be0760709227d060eadcb2aa","name":"pakosc-kalwaria","image":{"@type":"ImageObject","@id":"https:\/\/pakosc-kalwaria.franciszkanie.net\/#personlogo","inLanguage":"pl-PL","url":"https:\/\/secure.gravatar.com\/avatar\/e7049d338b55eac6a0027ff3218b8d02?s=96&d=mm&r=g","contentUrl":"https:\/\/secure.gravatar.com\/avatar\/e7049d338b55eac6a0027ff3218b8d02?s=96&d=mm&r=g","caption":"pakosc-kalwaria"},"sameAs":["https:\/\/www.facebook.com\/KalwariaPakosc\/"],"url":"https:\/\/pakosc-kalwaria.franciszkanie.net\/index.php\/author\/pakosc-kalwaria\/"}]}},"_links":{"self":[{"href":"https:\/\/pakosc-kalwaria.franciszkanie.net\/index.php\/wp-json\/wp\/v2\/posts\/19403"}],"collection":[{"href":"https:\/\/pakosc-kalwaria.franciszkanie.net\/index.php\/wp-json\/wp\/v2\/posts"}],"about":[{"href":"https:\/\/pakosc-kalwaria.franciszkanie.net\/index.php\/wp-json\/wp\/v2\/types\/post"}],"author":[{"embeddable":true,"href":"https:\/\/pakosc-kalwaria.franciszkanie.net\/index.php\/wp-json\/wp\/v2\/users\/2"}],"replies":[{"embeddable":true,"href":"https:\/\/pakosc-kalwaria.franciszkanie.net\/index.php\/wp-json\/wp\/v2\/comments?post=19403"}],"version-history":[{"count":3,"href":"https:\/\/pakosc-kalwaria.franciszkanie.net\/index.php\/wp-json\/wp\/v2\/posts\/19403\/revisions"}],"predecessor-version":[{"id":19406,"href":"https:\/\/pakosc-kalwaria.franciszkanie.net\/index.php\/wp-json\/wp\/v2\/posts\/19403\/revisions\/19406"}],"wp:featuredmedia":[{"embeddable":true,"href":"https:\/\/pakosc-kalwaria.franciszkanie.net\/index.php\/wp-json\/wp\/v2\/media\/19246"}],"wp:attachment":[{"href":"https:\/\/pakosc-kalwaria.franciszkanie.net\/index.php\/wp-json\/wp\/v2\/media?parent=19403"}],"wp:term":[{"taxonomy":"category","embeddable":true,"href":"https:\/\/pakosc-kalwaria.franciszkanie.net\/index.php\/wp-json\/wp\/v2\/categories?post=19403"},{"taxonomy":"post_tag","embeddable":true,"href":"https:\/\/pakosc-kalwaria.franciszkanie.net\/index.php\/wp-json\/wp\/v2\/tags?post=19403"}],"curies":[{"name":"wp","href":"https:\/\/api.w.org\/{rel}","templated":true}]}}