{"id":19479,"date":"2021-08-07T09:05:02","date_gmt":"2021-08-07T07:05:02","guid":{"rendered":"http:\/\/pakosc-kalwaria.franciszkanie.net\/?p=19479"},"modified":"2021-08-06T13:50:06","modified_gmt":"2021-08-06T11:50:06","slug":"ogloszenia-duszpasterskie-xix-niedziela-zwykla-4","status":"publish","type":"post","link":"https:\/\/pakosc-kalwaria.franciszkanie.net\/index.php\/2021\/08\/07\/ogloszenia-duszpasterskie-xix-niedziela-zwykla-4\/","title":{"rendered":"Og\u0142oszenia duszpasterskie &#8211; XIX Niedziela Zwyk\u0142a"},"content":{"rendered":"<p><strong>W miesi\u0105cu sierpniu\u00a0 modlimy si\u0119 szczeg\u00f3lnie za osoby uzale\u017cnione od alkoholu oraz za ich rodziny. Do <span style=\"color: #ff0000;\">\u201eKsi\u0119ga Trze\u017awo\u015bci\u201d<\/span> wy\u0142o\u017conej na bocznym o\u0142tarzu mog\u0105 wpisa\u0107 si\u0119 osoby, kt\u00f3re podj\u0119\u0142y abstynencj\u0119 od napoj\u00f3w alkoholowych w miesi\u0105cu sierpniu, a tak\u017ce osoby nie pij\u0105ce w og\u00f3le alkoholu. <\/strong><\/p>\n<p><span style=\"color: #008000;\"><strong><em><u>W \u015brod\u0119 (11.08.)<\/u><\/em><\/strong><\/span> <strong>\u2013 <\/strong><strong>wspomnienie \u015bw. Klary z Asy\u017cu, dziewicy.\u00a0\u00a0\u00a0 <\/strong><\/p>\n<p><span style=\"color: #ff0000;\"><span style=\"color: #008000;\"><strong><em><u>W pi\u0105tek (13.08.)<\/u><\/em><\/strong> <strong>\u2013<\/strong><\/span><strong> o 17.00 Msza \u015bw. w intencjach zbiorowych do Bo\u017cego Mi\u0142osierdzia <\/strong><\/span><strong>i nabo\u017ce\u0144stwo do Bo\u017cego Mi\u0142osierdzia za kt\u00f3re mo\u017cna zyska\u0107 odpust zupe\u0142ny pod zwyk\u0142ymi warunkami oraz uczczenie Relikwii Krzy\u017ca \u015awi\u0119tego. Intencje na t\u0119 Msz\u0119 \u015bw. mo\u017cna sk\u0142ada\u0107 do skarbonki pod ch\u00f3rem lub w zakrystii.<br \/>\n<span style=\"color: #ff0000;\">Z okazji \u201eDnia Fatimskiego\u201d Procesja R\u00f3\u017ca\u0144cowa<\/span> ze \u015bwiecami po Mszy \u015bw. o 18.00 z ko\u015bcio\u0142a \u015bw. Bonawentury na Wzg\u00f3rze Kalwaryjskie. Wszystkich czcicieli Matki Bo\u017cej bardzo serdecznie zapraszamy!<\/strong><\/p>\n<p><strong><span style=\"color: #008000;\"><em><u>W sobot\u0119 \u00a0(14.08.)<\/u><\/em> <\/span>\u2013 wspomnienie \u015bw. Maksymiliana Marii Kolbego, m\u0119czennika.<\/strong><br \/>\n<strong><span style=\"color: #ff0000;\">Msza \u015bw. o 17.00<\/span> z Wigilii uroczysto\u015bci Wniebowzi\u0119cia NMP oraz po\u015bwi\u0119cenie kwiat\u00f3w zi\u00f3\u0142 i owoc\u00f3w.<\/strong><\/p>\n<p><strong><span style=\"color: #ff0000;\"><em><u>W przysz\u0142\u0105 niedziel\u0119 (15.08.)<\/u><\/em> \u2013 uroczysto\u015b\u0107 Wniebowzi\u0119cia NMP.<\/span><br \/>\n<span style=\"color: #ff0000;\">Msze \u015bw. o 9.00 i 11.00.<\/span> Podczas ka\u017cdej Mszy \u015bw. po\u015bwi\u0119cenie kwiat\u00f3w, zi\u00f3\u0142 i owoc\u00f3w.<\/strong><\/p>\n<p><strong>W tym dniu <span style=\"color: #ff0000;\">Odpust na Kalwarii Pakoskiej. Suma Odpustowa o 12.00 przy kaplicy Wniebowzi\u0119cia NMP.<\/span><\/strong><br \/>\n<strong>Z okazji kalwaryjskiego Odpustu odb\u0119dzie si\u0119 <span style=\"color: #ff0000;\">Festyn na Kalwarii Pakoskiej w Parku Kulturowym przy fontannie<\/span> (ul. Barci\u0144ska). W programie: wystawy, zwiedzanie Kalwarii z przewodnikiem, rajd rowery, gra terenowa oraz koncerty muzyczne. Wi\u0119cej szczeg\u00f3\u0142\u00f3w na plakatach w gablotce i na stronie internetowej. Organizatorem Festynu jest Fundacja \u201eKalwaria Pakoska\u201d, a wsp\u00f3\u0142organizatorami: O\u015brodek Kultury i Turystyki w Pako\u015bci i Dom Zakonny Braci Mniejszych Franciszkan\u00f3w w Pako\u015bci. Serdecznie wszystkich zapraszamy.<\/strong><\/p>\n<p><strong>Kuria naszej Prowincji Zakonnej pw. \u015bw. Franciszka z Asy\u017cu z siedzib\u0105 w Poznaniu przyjmuje <span style=\"color: #ff0000;\">kandydat\u00f3w do Zakonu: na kap\u0142an\u00f3w oraz na braci zakonnych.<\/span><\/strong><strong> Wi\u0119cej informacji w naszym klasztorze oraz na stronie internetowej.<\/strong><\/p>\n<p><strong>Pod ch\u00f3rem do nabycia czasopismo: Przewodnik Katolicki.<\/strong><\/p>\n<p><strong>Pami\u0119tajcie o codziennej modlitwie i Mszy \u015bw. niedzielnej. Zach\u0119camy do udzia\u0142u w Mszach \u015bw. tak\u017ce w tygodniu oraz do cz\u0119stego przyjmowania Komunii \u015bw.<\/strong><\/p>\n<p><strong>Wyra\u017camy wdzi\u0119czno\u015b\u0107 za wsp\u00f3ln\u0105 modlitw\u0119 oraz za z\u0142o\u017cone ofiary na potrzeby naszej kalwarii, kalwaryjskiej parafii i klasztoru.<\/strong><strong><br \/>\nNiech Dobry B\u00f3g wszystkim, tak\u017ce przebywaj\u0105cym na wakacjach i urlopach, obficie b\u0142ogos\u0142awi, a Matka Bo\u017ca Bolesna niech otacza swoj\u0105 przemo\u017cn\u0105 opiek\u0105. \u00a0\u00a0\u00a0 <\/strong><\/p>\n<p><strong>Z darem modlitwy Bracia Mniejsi Franciszkanie z Pako\u015bci &#8211; Kalwarii\u00a0\u00a0\u00a0\u00a0\u00a0\u00a0\u00a0\u00a0\u00a0\u00a0 <\/strong><\/p>\n","protected":false},"excerpt":{"rendered":"<p>W miesi\u0105cu sierpniu\u00a0 modlimy si\u0119 szczeg\u00f3lnie za osoby uzale\u017cnione od alkoholu oraz za ich rodziny. Do \u201eKsi\u0119ga Trze\u017awo\u015bci\u201d wy\u0142o\u017conej na bocznym o\u0142tarzu mog\u0105 wpisa\u0107 si\u0119 osoby, kt\u00f3re podj\u0119\u0142y abstynencj\u0119 od napoj\u00f3w alkoholowych w miesi\u0105cu sierpniu, a tak\u017ce osoby nie pij\u0105ce w og\u00f3le alkoholu. W \u015brod\u0119 (11.08.) \u2013 wspomnienie \u015bw. Klary z Asy\u017cu, dziewicy.\u00a0\u00a0\u00a0 W pi\u0105tek &hellip;<\/p>\n","protected":false},"author":2,"featured_media":19252,"comment_status":"closed","ping_status":"closed","sticky":false,"template":"","format":"standard","meta":{"_mi_skip_tracking":false,"_exactmetrics_sitenote_active":false,"_exactmetrics_sitenote_note":"","_exactmetrics_sitenote_category":0},"categories":[5],"tags":[],"yoast_head":"<!-- This site is optimized with the Yoast SEO plugin v18.1 - https:\/\/yoast.com\/wordpress\/plugins\/seo\/ -->\n<title>Og\u0142oszenia duszpasterskie - XIX Niedziela Zwyk\u0142a - Pako\u015b\u0107 \u2013 Kalwaria<\/title>\n<meta name=\"robots\" content=\"index, follow, max-snippet:-1, max-image-preview:large, max-video-preview:-1\" \/>\n<link rel=\"canonical\" href=\"https:\/\/pakosc-kalwaria.franciszkanie.net\/index.php\/2021\/08\/07\/ogloszenia-duszpasterskie-xix-niedziela-zwykla-4\/\" \/>\n<meta property=\"og:locale\" content=\"pl_PL\" \/>\n<meta property=\"og:type\" content=\"article\" \/>\n<meta property=\"og:title\" content=\"Og\u0142oszenia duszpasterskie - XIX Niedziela Zwyk\u0142a - Pako\u015b\u0107 \u2013 Kalwaria\" \/>\n<meta property=\"og:description\" content=\"W miesi\u0105cu sierpniu\u00a0 modlimy si\u0119 szczeg\u00f3lnie za osoby uzale\u017cnione od alkoholu oraz za ich rodziny. Do \u201eKsi\u0119ga Trze\u017awo\u015bci\u201d wy\u0142o\u017conej na bocznym o\u0142tarzu mog\u0105 wpisa\u0107 si\u0119 osoby, kt\u00f3re podj\u0119\u0142y abstynencj\u0119 od napoj\u00f3w alkoholowych w miesi\u0105cu sierpniu, a tak\u017ce osoby nie pij\u0105ce w og\u00f3le alkoholu. W \u015brod\u0119 (11.08.) \u2013 wspomnienie \u015bw. Klary z Asy\u017cu, dziewicy.\u00a0\u00a0\u00a0 W pi\u0105tek &hellip;\" \/>\n<meta property=\"og:url\" content=\"https:\/\/pakosc-kalwaria.franciszkanie.net\/index.php\/2021\/08\/07\/ogloszenia-duszpasterskie-xix-niedziela-zwykla-4\/\" \/>\n<meta property=\"og:site_name\" content=\"Pako\u015b\u0107 \u2013 Kalwaria\" \/>\n<meta property=\"article:author\" content=\"https:\/\/www.facebook.com\/KalwariaPakosc\/\" \/>\n<meta property=\"article:published_time\" content=\"2021-08-07T07:05:02+00:00\" \/>\n<meta property=\"article:modified_time\" content=\"2021-08-06T11:50:06+00:00\" \/>\n<meta property=\"og:image\" content=\"https:\/\/pakosc-kalwaria.franciszkanie.net\/wp-content\/uploads\/2021\/06\/zgromadzeni-na-swietej-wieczerzy-poziom-baner-z-haslem-roku-2021-2.jpg\" \/>\n\t<meta property=\"og:image:width\" content=\"350\" \/>\n\t<meta property=\"og:image:height\" content=\"210\" \/>\n\t<meta property=\"og:image:type\" content=\"image\/jpeg\" \/>\n<meta name=\"twitter:card\" content=\"summary\" \/>\n<meta name=\"twitter:label1\" content=\"Napisane przez\" \/>\n\t<meta name=\"twitter:data1\" content=\"pakosc-kalwaria\" \/>\n\t<meta name=\"twitter:label2\" content=\"Szacowany czas czytania\" \/>\n\t<meta name=\"twitter:data2\" content=\"2 minuty\" \/>\n<script type=\"application\/ld+json\" class=\"yoast-schema-graph\">{\"@context\":\"https:\/\/schema.org\",\"@graph\":[{\"@type\":\"WebSite\",\"@id\":\"https:\/\/pakosc-kalwaria.franciszkanie.net\/#website\",\"url\":\"https:\/\/pakosc-kalwaria.franciszkanie.net\/\",\"name\":\"Pako\u015b\u0107 \u2013 Kalwaria\",\"description\":\"Parafia Rzymsko \u2013 Katolicka p.w. Pana Jezusa Ukrzy\u017cowanego i  Matki Bo\u017cej Bolesnej ul. Barci\u0144ska 60, 88\u2013170 Pako\u015b\u0107 \u2013 Kalwaria\",\"potentialAction\":[{\"@type\":\"SearchAction\",\"target\":{\"@type\":\"EntryPoint\",\"urlTemplate\":\"https:\/\/pakosc-kalwaria.franciszkanie.net\/?s={search_term_string}\"},\"query-input\":\"required name=search_term_string\"}],\"inLanguage\":\"pl-PL\"},{\"@type\":\"ImageObject\",\"@id\":\"https:\/\/pakosc-kalwaria.franciszkanie.net\/index.php\/2021\/08\/07\/ogloszenia-duszpasterskie-xix-niedziela-zwykla-4\/#primaryimage\",\"inLanguage\":\"pl-PL\",\"url\":\"https:\/\/pakosc-kalwaria.franciszkanie.net\/wp-content\/uploads\/2021\/06\/zgromadzeni-na-swietej-wieczerzy-poziom-baner-z-haslem-roku-2021-2.jpg\",\"contentUrl\":\"https:\/\/pakosc-kalwaria.franciszkanie.net\/wp-content\/uploads\/2021\/06\/zgromadzeni-na-swietej-wieczerzy-poziom-baner-z-haslem-roku-2021-2.jpg\",\"width\":350,\"height\":210},{\"@type\":\"WebPage\",\"@id\":\"https:\/\/pakosc-kalwaria.franciszkanie.net\/index.php\/2021\/08\/07\/ogloszenia-duszpasterskie-xix-niedziela-zwykla-4\/#webpage\",\"url\":\"https:\/\/pakosc-kalwaria.franciszkanie.net\/index.php\/2021\/08\/07\/ogloszenia-duszpasterskie-xix-niedziela-zwykla-4\/\",\"name\":\"Og\u0142oszenia duszpasterskie - XIX Niedziela Zwyk\u0142a - Pako\u015b\u0107 \u2013 Kalwaria\",\"isPartOf\":{\"@id\":\"https:\/\/pakosc-kalwaria.franciszkanie.net\/#website\"},\"primaryImageOfPage\":{\"@id\":\"https:\/\/pakosc-kalwaria.franciszkanie.net\/index.php\/2021\/08\/07\/ogloszenia-duszpasterskie-xix-niedziela-zwykla-4\/#primaryimage\"},\"datePublished\":\"2021-08-07T07:05:02+00:00\",\"dateModified\":\"2021-08-06T11:50:06+00:00\",\"author\":{\"@id\":\"https:\/\/pakosc-kalwaria.franciszkanie.net\/#\/schema\/person\/af10b943be0760709227d060eadcb2aa\"},\"breadcrumb\":{\"@id\":\"https:\/\/pakosc-kalwaria.franciszkanie.net\/index.php\/2021\/08\/07\/ogloszenia-duszpasterskie-xix-niedziela-zwykla-4\/#breadcrumb\"},\"inLanguage\":\"pl-PL\",\"potentialAction\":[{\"@type\":\"ReadAction\",\"target\":[\"https:\/\/pakosc-kalwaria.franciszkanie.net\/index.php\/2021\/08\/07\/ogloszenia-duszpasterskie-xix-niedziela-zwykla-4\/\"]}]},{\"@type\":\"BreadcrumbList\",\"@id\":\"https:\/\/pakosc-kalwaria.franciszkanie.net\/index.php\/2021\/08\/07\/ogloszenia-duszpasterskie-xix-niedziela-zwykla-4\/#breadcrumb\",\"itemListElement\":[{\"@type\":\"ListItem\",\"position\":1,\"name\":\"Strona g\u0142\u00f3wna\",\"item\":\"https:\/\/pakosc-kalwaria.franciszkanie.net\/\"},{\"@type\":\"ListItem\",\"position\":2,\"name\":\"Og\u0142oszenia duszpasterskie &#8211; XIX Niedziela Zwyk\u0142a\"}]},{\"@type\":\"Person\",\"@id\":\"https:\/\/pakosc-kalwaria.franciszkanie.net\/#\/schema\/person\/af10b943be0760709227d060eadcb2aa\",\"name\":\"pakosc-kalwaria\",\"image\":{\"@type\":\"ImageObject\",\"@id\":\"https:\/\/pakosc-kalwaria.franciszkanie.net\/#personlogo\",\"inLanguage\":\"pl-PL\",\"url\":\"https:\/\/secure.gravatar.com\/avatar\/e7049d338b55eac6a0027ff3218b8d02?s=96&d=mm&r=g\",\"contentUrl\":\"https:\/\/secure.gravatar.com\/avatar\/e7049d338b55eac6a0027ff3218b8d02?s=96&d=mm&r=g\",\"caption\":\"pakosc-kalwaria\"},\"sameAs\":[\"https:\/\/www.facebook.com\/KalwariaPakosc\/\"],\"url\":\"https:\/\/pakosc-kalwaria.franciszkanie.net\/index.php\/author\/pakosc-kalwaria\/\"}]}<\/script>\n<!-- \/ Yoast SEO plugin. -->","yoast_head_json":{"title":"Og\u0142oszenia duszpasterskie - XIX Niedziela Zwyk\u0142a - Pako\u015b\u0107 \u2013 Kalwaria","robots":{"index":"index","follow":"follow","max-snippet":"max-snippet:-1","max-image-preview":"max-image-preview:large","max-video-preview":"max-video-preview:-1"},"canonical":"https:\/\/pakosc-kalwaria.franciszkanie.net\/index.php\/2021\/08\/07\/ogloszenia-duszpasterskie-xix-niedziela-zwykla-4\/","og_locale":"pl_PL","og_type":"article","og_title":"Og\u0142oszenia duszpasterskie - XIX Niedziela Zwyk\u0142a - Pako\u015b\u0107 \u2013 Kalwaria","og_description":"W miesi\u0105cu sierpniu\u00a0 modlimy si\u0119 szczeg\u00f3lnie za osoby uzale\u017cnione od alkoholu oraz za ich rodziny. Do \u201eKsi\u0119ga Trze\u017awo\u015bci\u201d wy\u0142o\u017conej na bocznym o\u0142tarzu mog\u0105 wpisa\u0107 si\u0119 osoby, kt\u00f3re podj\u0119\u0142y abstynencj\u0119 od napoj\u00f3w alkoholowych w miesi\u0105cu sierpniu, a tak\u017ce osoby nie pij\u0105ce w og\u00f3le alkoholu. W \u015brod\u0119 (11.08.) \u2013 wspomnienie \u015bw. Klary z Asy\u017cu, dziewicy.\u00a0\u00a0\u00a0 W pi\u0105tek &hellip;","og_url":"https:\/\/pakosc-kalwaria.franciszkanie.net\/index.php\/2021\/08\/07\/ogloszenia-duszpasterskie-xix-niedziela-zwykla-4\/","og_site_name":"Pako\u015b\u0107 \u2013 Kalwaria","article_author":"https:\/\/www.facebook.com\/KalwariaPakosc\/","article_published_time":"2021-08-07T07:05:02+00:00","article_modified_time":"2021-08-06T11:50:06+00:00","og_image":[{"width":350,"height":210,"url":"https:\/\/pakosc-kalwaria.franciszkanie.net\/wp-content\/uploads\/2021\/06\/zgromadzeni-na-swietej-wieczerzy-poziom-baner-z-haslem-roku-2021-2.jpg","type":"image\/jpeg"}],"twitter_card":"summary","twitter_misc":{"Napisane przez":"pakosc-kalwaria","Szacowany czas czytania":"2 minuty"},"schema":{"@context":"https:\/\/schema.org","@graph":[{"@type":"WebSite","@id":"https:\/\/pakosc-kalwaria.franciszkanie.net\/#website","url":"https:\/\/pakosc-kalwaria.franciszkanie.net\/","name":"Pako\u015b\u0107 \u2013 Kalwaria","description":"Parafia Rzymsko \u2013 Katolicka p.w. Pana Jezusa Ukrzy\u017cowanego i  Matki Bo\u017cej Bolesnej ul. Barci\u0144ska 60, 88\u2013170 Pako\u015b\u0107 \u2013 Kalwaria","potentialAction":[{"@type":"SearchAction","target":{"@type":"EntryPoint","urlTemplate":"https:\/\/pakosc-kalwaria.franciszkanie.net\/?s={search_term_string}"},"query-input":"required name=search_term_string"}],"inLanguage":"pl-PL"},{"@type":"ImageObject","@id":"https:\/\/pakosc-kalwaria.franciszkanie.net\/index.php\/2021\/08\/07\/ogloszenia-duszpasterskie-xix-niedziela-zwykla-4\/#primaryimage","inLanguage":"pl-PL","url":"https:\/\/pakosc-kalwaria.franciszkanie.net\/wp-content\/uploads\/2021\/06\/zgromadzeni-na-swietej-wieczerzy-poziom-baner-z-haslem-roku-2021-2.jpg","contentUrl":"https:\/\/pakosc-kalwaria.franciszkanie.net\/wp-content\/uploads\/2021\/06\/zgromadzeni-na-swietej-wieczerzy-poziom-baner-z-haslem-roku-2021-2.jpg","width":350,"height":210},{"@type":"WebPage","@id":"https:\/\/pakosc-kalwaria.franciszkanie.net\/index.php\/2021\/08\/07\/ogloszenia-duszpasterskie-xix-niedziela-zwykla-4\/#webpage","url":"https:\/\/pakosc-kalwaria.franciszkanie.net\/index.php\/2021\/08\/07\/ogloszenia-duszpasterskie-xix-niedziela-zwykla-4\/","name":"Og\u0142oszenia duszpasterskie - XIX Niedziela Zwyk\u0142a - Pako\u015b\u0107 \u2013 Kalwaria","isPartOf":{"@id":"https:\/\/pakosc-kalwaria.franciszkanie.net\/#website"},"primaryImageOfPage":{"@id":"https:\/\/pakosc-kalwaria.franciszkanie.net\/index.php\/2021\/08\/07\/ogloszenia-duszpasterskie-xix-niedziela-zwykla-4\/#primaryimage"},"datePublished":"2021-08-07T07:05:02+00:00","dateModified":"2021-08-06T11:50:06+00:00","author":{"@id":"https:\/\/pakosc-kalwaria.franciszkanie.net\/#\/schema\/person\/af10b943be0760709227d060eadcb2aa"},"breadcrumb":{"@id":"https:\/\/pakosc-kalwaria.franciszkanie.net\/index.php\/2021\/08\/07\/ogloszenia-duszpasterskie-xix-niedziela-zwykla-4\/#breadcrumb"},"inLanguage":"pl-PL","potentialAction":[{"@type":"ReadAction","target":["https:\/\/pakosc-kalwaria.franciszkanie.net\/index.php\/2021\/08\/07\/ogloszenia-duszpasterskie-xix-niedziela-zwykla-4\/"]}]},{"@type":"BreadcrumbList","@id":"https:\/\/pakosc-kalwaria.franciszkanie.net\/index.php\/2021\/08\/07\/ogloszenia-duszpasterskie-xix-niedziela-zwykla-4\/#breadcrumb","itemListElement":[{"@type":"ListItem","position":1,"name":"Strona g\u0142\u00f3wna","item":"https:\/\/pakosc-kalwaria.franciszkanie.net\/"},{"@type":"ListItem","position":2,"name":"Og\u0142oszenia duszpasterskie &#8211; XIX Niedziela Zwyk\u0142a"}]},{"@type":"Person","@id":"https:\/\/pakosc-kalwaria.franciszkanie.net\/#\/schema\/person\/af10b943be0760709227d060eadcb2aa","name":"pakosc-kalwaria","image":{"@type":"ImageObject","@id":"https:\/\/pakosc-kalwaria.franciszkanie.net\/#personlogo","inLanguage":"pl-PL","url":"https:\/\/secure.gravatar.com\/avatar\/e7049d338b55eac6a0027ff3218b8d02?s=96&d=mm&r=g","contentUrl":"https:\/\/secure.gravatar.com\/avatar\/e7049d338b55eac6a0027ff3218b8d02?s=96&d=mm&r=g","caption":"pakosc-kalwaria"},"sameAs":["https:\/\/www.facebook.com\/KalwariaPakosc\/"],"url":"https:\/\/pakosc-kalwaria.franciszkanie.net\/index.php\/author\/pakosc-kalwaria\/"}]}},"_links":{"self":[{"href":"https:\/\/pakosc-kalwaria.franciszkanie.net\/index.php\/wp-json\/wp\/v2\/posts\/19479"}],"collection":[{"href":"https:\/\/pakosc-kalwaria.franciszkanie.net\/index.php\/wp-json\/wp\/v2\/posts"}],"about":[{"href":"https:\/\/pakosc-kalwaria.franciszkanie.net\/index.php\/wp-json\/wp\/v2\/types\/post"}],"author":[{"embeddable":true,"href":"https:\/\/pakosc-kalwaria.franciszkanie.net\/index.php\/wp-json\/wp\/v2\/users\/2"}],"replies":[{"embeddable":true,"href":"https:\/\/pakosc-kalwaria.franciszkanie.net\/index.php\/wp-json\/wp\/v2\/comments?post=19479"}],"version-history":[{"count":2,"href":"https:\/\/pakosc-kalwaria.franciszkanie.net\/index.php\/wp-json\/wp\/v2\/posts\/19479\/revisions"}],"predecessor-version":[{"id":19481,"href":"https:\/\/pakosc-kalwaria.franciszkanie.net\/index.php\/wp-json\/wp\/v2\/posts\/19479\/revisions\/19481"}],"wp:featuredmedia":[{"embeddable":true,"href":"https:\/\/pakosc-kalwaria.franciszkanie.net\/index.php\/wp-json\/wp\/v2\/media\/19252"}],"wp:attachment":[{"href":"https:\/\/pakosc-kalwaria.franciszkanie.net\/index.php\/wp-json\/wp\/v2\/media?parent=19479"}],"wp:term":[{"taxonomy":"category","embeddable":true,"href":"https:\/\/pakosc-kalwaria.franciszkanie.net\/index.php\/wp-json\/wp\/v2\/categories?post=19479"},{"taxonomy":"post_tag","embeddable":true,"href":"https:\/\/pakosc-kalwaria.franciszkanie.net\/index.php\/wp-json\/wp\/v2\/tags?post=19479"}],"curies":[{"name":"wp","href":"https:\/\/api.w.org\/{rel}","templated":true}]}}