{"id":19516,"date":"2021-08-15T12:00:56","date_gmt":"2021-08-15T10:00:56","guid":{"rendered":"http:\/\/pakosc-kalwaria.franciszkanie.net\/?p=19516"},"modified":"2021-08-14T18:40:36","modified_gmt":"2021-08-14T16:40:36","slug":"do-medytacji-z-kalwaryjskiego-wzgorza-niedziela-15-08-2021r","status":"publish","type":"post","link":"https:\/\/pakosc-kalwaria.franciszkanie.net\/index.php\/2021\/08\/15\/do-medytacji-z-kalwaryjskiego-wzgorza-niedziela-15-08-2021r\/","title":{"rendered":"Do medytacji z kalwaryjskiego Wzg\u00f3rza \u2013 Niedziela 15.08.2021r."},"content":{"rendered":"<p><strong><span style=\"color: #ff0000;\">Z liturgii uroczysto\u015bci Wniebowzi\u0119cia NMP \u2013 15.08.2021r.<\/span><br \/>\n<\/strong><br \/>\n<span style=\"color: #ff0000;\"><strong>1. czytanie<\/strong> <\/span>(Ap 11, 19a; 12, 1. 3-6a. 10ab) <em>Wielki znak ukaza\u0142 si\u0119 na niebie<br \/>\n<\/em><strong>Czytanie z Ksi\u0119gi Apokalipsy \u015bwi\u0119tego Jana Aposto\u0142a<br \/>\n<\/strong>\u015awi\u0105tynia Boga w niebie si\u0119 otwar\u0142a, i Arka Jego Przymierza ukaza\u0142a si\u0119 w Jego \u015bwi\u0105tyni. Potem wielki znak si\u0119 ukaza\u0142 na niebie: Niewiasta obleczona w s\u0142o\u0144ce i ksi\u0119\u017cyc pod jej stopami, a na jej g\u0142owie wieniec z gwiazd dwunastu. Ukaza\u0142 si\u0119 te\u017c inny znak na niebie: Oto wielki Smok ognisty; ma siedem g\u0142\u00f3w i dziesi\u0119\u0107 rog\u00f3w, a na g\u0142owach siedem diadem\u00f3w. Ogon jego zmiata trzeci\u0105 cz\u0119\u015b\u0107 gwiazd z nieba i rzuci\u0142 je na ziemi\u0119. Smok stan\u0105\u0142 przed maj\u0105c\u0105 urodzi\u0107 Niewiast\u0105, a\u017ceby skoro porodzi, po\u017cre\u0107 jej Dziecko. I porodzi\u0142a syna \u2013 m\u0119\u017cczyzn\u0119, kt\u00f3ry b\u0119dzie pas\u0142 wszystkie narody r\u00f3zg\u0105 \u017celazn\u0105. Dziecko jej zosta\u0142o porwane do Boga i do Jego tronu. Niewiasta za\u015b zbieg\u0142a na pustyni\u0119, gdzie miejsce ma przygotowane przez Boga. I us\u0142ysza\u0142em dono\u015bny g\u0142os m\u00f3wi\u0105cy w niebie: \u00abTeraz nasta\u0142o zbawienie, pot\u0119ga i kr\u00f3lowanie Boga naszego i w\u0142adza Jego Pomaza\u0144ca\u00bb. Oto S\u0142owo Bo\u017ce.<\/p>\n<div id=\"tabstary1all\" class=\"tab-pane fade active in\">\n<p><span style=\"color: #ff0000;\"><strong>Psalm<\/strong><\/span> (Ps 45, 7 i 10. 11-12. 14-15 (R.: por. 10b))<br \/>\n<strong>Stoi Kr\u00f3lowa po Twojej prawicy<br \/>\n<\/strong>Tron Tw\u00f3j, Bo\u017ce, trwa na wieki, *<br \/>\nber\u0142em sprawiedliwym ber\u0142o Twego kr\u00f3lestwa.<br \/>\nC\u00f3rki kr\u00f3lewskie wychodz\u0105 na spotkanie z tob\u0105, *<br \/>\nkr\u00f3lowa w z\u0142ocie z Ofiru stoi po twojej prawicy.<\/p>\n<p><strong>Stoi Kr\u00f3lowa po Twojej prawicy<\/strong><\/p>\n<p>Pos\u0142uchaj, c\u00f3rko, sp\u00f3jrz i nak\u0142o\u0144 ucha, *<br \/>\nzapomnij o swym ludzie, o domu twego ojca.<br \/>\nKr\u00f3l pragnie twego pi\u0119kna, *<br \/>\non twoim panem, oddaj mu pok\u0142on.<\/p>\n<p><strong>Stoi Kr\u00f3lowa po Twojej prawicy<br \/>\n<\/strong>C\u00f3ra kr\u00f3lewska wchodzi pe\u0142na chwa\u0142y, *<br \/>\nodziana w z\u0142otog\u0142\u00f3w.<br \/>\nW szacie wzorzystej prowadz\u0105 j\u0105 do kr\u00f3la, *<br \/>\nza ni\u0105 prowadz\u0105 do ciebie dziewice, jej druhny.<br \/>\n<strong>Stoi Kr\u00f3lowa po Twojej prawicy<\/strong><\/p>\n<p><span style=\"color: #ff0000;\"><strong>2. czytanie<\/strong><\/span> (1 Kor 15, 20-26) <em>W Chrystusie wszyscy b\u0119d\u0105 o\u017cywieni<br \/>\n<\/em><strong>Czytanie z Pierwszego Listu \u015bwi\u0119tego Paw\u0142a Aposto\u0142a do Koryntian<br \/>\n<\/strong>Bracia: Chrystus zmartwychwsta\u0142 jako pierwszy spo\u015br\u00f3d tych, co pomarli. Poniewa\u017c bowiem przez cz\u0142owieka przysz\u0142a \u015bmier\u0107, przez cz\u0142owieka te\u017c dokona si\u0119 zmartwychwstanie. I jak w Adamie wszyscy umieraj\u0105, tak te\u017c w Chrystusie wszyscy b\u0119d\u0105 o\u017cywieni, lecz ka\u017cdy wed\u0142ug w\u0142asnej kolejno\u015bci. Chrystus jako pierwszy, potem ci, co nale\u017c\u0105 do Chrystusa, w czasie Jego przyj\u015bcia. Wreszcie nast\u0105pi koniec, gdy przeka\u017ce kr\u00f3lowanie Bogu i Ojcu i gdy pokona wszelk\u0105 Zwierzchno\u015b\u0107, W\u0142adz\u0119 i Moc. Trzeba bowiem, a\u017ceby kr\u00f3lowa\u0142, a\u017c po\u0142o\u017cy wszystkich nieprzyjaci\u00f3\u0142 pod swoje stopy. Jako ostatni wr\u00f3g, zostanie pokonana \u015bmier\u0107. Oto S\u0142owo Bo\u017ce.<\/p>\n<p><span style=\"color: #ff0000;\"><strong>Aklamacja<\/strong><\/span><br \/>\n<strong>Alleluja, alleluja, alleluja<br \/>\n<\/strong>Maryja zosta\u0142a wzi\u0119ta do nieba,<br \/>\nraduj\u0105 si\u0119 zast\u0119py anio\u0142\u00f3w.<br \/>\n<strong>Alleluja, alleluja, alleluja<\/strong><\/p>\n<p><strong><span style=\"color: #ff0000;\">Ewangelia<\/span><\/strong> (\u0141k 1, 39-56) <em>Nawiedzenie El\u017cbiety przez Maryj\u0119<br \/>\n<\/em><strong>S\u0142owa Ewangelii wed\u0142ug \u015bwi\u0119tego \u0141ukasza<br \/>\n<\/strong>Maryja wybra\u0142a si\u0119 i posz\u0142a z po\u015bpiechem w g\u00f3ry do pewnego miasta w pokoleniu Judy. Wesz\u0142a do domu Zachariasza i pozdrowi\u0142a El\u017cbiet\u0119. Gdy El\u017cbieta us\u0142ysza\u0142a pozdrowienie Maryi, poruszy\u0142o si\u0119 dzieci\u0105tko w jej \u0142onie, a Duch \u015awi\u0119ty nape\u0142ni\u0142 El\u017cbiet\u0119. Wyda\u0142a ona okrzyk i powiedzia\u0142a: \u00abB\u0142ogos\u0142awiona jeste\u015b mi\u0119dzy niewiastami i b\u0142ogos\u0142awiony jest owoc Twojego \u0142ona. A sk\u0105d\u017ce mi to, \u017ce Matka mojego Pana przychodzi do mnie? Oto skoro g\u0142os Twego pozdrowienia zabrzmia\u0142 w moich uszach, poruszy\u0142o si\u0119 z rado\u015bci dzieci\u0105tko w moim \u0142onie. B\u0142ogos\u0142awiona jeste\u015b, kt\u00f3ra\u015b uwierzy\u0142a, \u017ce spe\u0142ni\u0105 si\u0119 s\u0142owa powiedziane Ci od Pana\u00bb.<br \/>\nWtedy Maryja rzek\u0142a:<br \/>\n\u00abWielbi dusza moja Pana,<br \/>\ni raduje si\u0119 duch m\u00f3j w Bogu, moim Zbawcy.<br \/>\nBo wejrza\u0142 na uni\u017cenie swojej s\u0142u\u017cebnicy.<br \/>\nOto bowiem odt\u0105d b\u0142ogos\u0142awi\u0107 mnie b\u0119d\u0105<br \/>\nwszystkie pokolenia.<br \/>\nGdy\u017c wielkie rzeczy uczyni\u0142 mi Wszechmocny.<br \/>\n\u015bwi\u0119te jest Jego imi\u0119,<br \/>\nA Jego mi\u0142osierdzie z pokolenia na pokolenie<br \/>\nnad tymi, co si\u0119 Go boj\u0105.<br \/>\nOkaza\u0142 moc swego ramienia,<br \/>\nrozproszy\u0142 pyszni\u0105cych si\u0119 zamys\u0142ami serc swoich.<br \/>\nStr\u0105ci\u0142 w\u0142adc\u00f3w z tronu, a wywy\u017cszy\u0142 pokornych.<br \/>\nG\u0142odnych nasyci\u0142 dobrami, a bogatych z niczym odprawi\u0142.<br \/>\nUj\u0105\u0142 si\u0119 za swoim s\u0142ug\u0105, Izraelem,<br \/>\npomny na swe mi\u0142osierdzie.<br \/>\nJak przyobieca\u0142 naszym ojcom,<br \/>\nAbrahamowi i jego potomstwu na wieki\u00bb.<br \/>\nMaryja pozosta\u0142a u niej oko\u0142o trzech miesi\u0119cy; potem wr\u00f3ci\u0142a do domu. Oto S\u0142owo Pa\u0144skie.<br \/>\n<strong><br \/>\n<span style=\"color: #ff0000;\">Z kazania na kalwaryjskim Wzg\u00f3rzu \u2013 Niedziela 15.08.2021r.<br \/>\n<\/span>\u017bycie wewn\u0119trzne Maryi.<br \/>\n<\/strong>Tydzie\u0144 temu pochylali\u015bmy si\u0119 nad wielk\u0105 tajemnic\u0105 naszej katolickiej wiary jak\u0105 jest ustanowiona przez Chrystusa Eucharystia. Dzisiaj stajemy wobec kolejnej niesamowitej i wymagaj\u0105cej wielkiej wiary tajemnicy Wniebowzi\u0119cia Maryi. Podobnie jak tajemnica Eucharystii, r\u00f3wnie\u017c tajemnica m\u00f3wi\u0105ca o tym, \u017ce Maryja zosta\u0142a wzi\u0119ta do Nieba z cia\u0142em i dusz\u0105, przerasta nasz ludzki umys\u0142 i wymaga ze strony cz\u0142owieka wielkiej wiary! Ta tajemnica Wniebowzi\u0119cia Maryi przynosi nam wszystkim wielk\u0105 nadziej\u0105 i niesamowit\u0105 rado\u015b\u0107, poniewa\u017c widzimy w niej tak\u017ce cel naszego \u017cycia do kt\u00f3rego zd\u0105\u017camy. A tym celem jest Niebo. Ta dzisiejsza uroczysto\u015b\u0107 m\u00f3wi wi\u0119c tak\u017ce o naszej przysz\u0142o\u015bci, kt\u00f3ra zmierza do wieczno\u015bci.<br \/>\nPodobnie jak Maryja z\u0142\u0105czyli\u015bmy nasze \u017cycie z Bogiem i do Boga zmierzamy. W naszym codziennym \u017cyciu, przez nasze s\u0142owa i czyny, staramy si\u0119 Bogu pokaza\u0107, \u017ce Go kochamy i Jego s\u0142uchamy, wype\u0142niaj\u0105c Jego wol\u0119 wzgl\u0119dem nas \u2013 podobnie jak to w \u017cyciu czyni\u0142a Maryja. I cho\u0107 Maryja jest dla nas niedo\u015bcignionym wzorem, bo jest najdoskonalszym Bo\u017cym stworzeniem, to jednak pragniemy J\u0105 w \u017cyciu na\u015bladowa\u0107 i nieustannie ucieka\u0107 si\u0119 pod Jej obron\u0119.<br \/>\nCzego warto uczy\u0107 si\u0119 od Maryi, kt\u00f3ra za swoje pi\u0119kne i dobre \u017cycie na ziemi otrzyma\u0142a t\u0119 najwspanialsz\u0105 nagrod\u0119 jak\u0105 jest zamieszkanie w Niebie, z cia\u0142em i dusz\u0105?<br \/>\nW codziennym naszym \u017cyciu na ziemi warto zwr\u00f3ci\u0107 uwag\u0119 na nasze \u017cycie wewn\u0119trzne, \u017cycie duchowe oraz warto tak jak Maryja patrze\u0107 na \u017cycie w perspektywie wiary. To w\u0142a\u015bnie \u017cycie wewn\u0119trzne Maryi powinno nas uderza\u0107 i zachwyca\u0107. Szczeg\u00f3lnie Jej modlitwa, Jej odnoszenie ca\u0142ego \u017cycia i ka\u017cdego wydarzenia do Boga. Maryja uczy nas, \u017ce aby korzysta\u0107 z \u0142ask, kt\u00f3re ofiaruje nam B\u00f3g, nale\u017cy ka\u017cdego dnia by\u0107 bardzo mocno zaanga\u017cowanym w osobist\u0105 rozmow\u0119 z Panem Bogiem, czyli w osobist\u0105 modlitw\u0119.<br \/>\nW umacnianiu naszej wiary i w rozwoju \u017cycia duchowego, nie wystarczy wi\u0119c tylko niedzielne wsp\u00f3lne uczestnictwo we Mszy \u015bwi\u0119tej. Nie wystarczy wsp\u00f3lna modlitwa na nabo\u017ce\u0144stwie, czy wsp\u00f3lnie odmawiany r\u00f3\u017caniec. Je\u015bli nasze \u017cycie wewn\u0119trzne nie obejmuje te\u017c cz\u0119stego i bardzo osobistego, indywidualnego spotkania z Bogiem, to ono nie istnieje. Jednym z najwi\u0119kszych zagro\u017ce\u0144 prowadz\u0105cych do os\u0142abienia i utraty wiary jest duchowa powierzchowno\u015b\u0107 i rutyna w prze\u017cywaniu swojej wiary: \u201e jestem na Mszy \u015bwi\u0119tej w niedziel\u0119 i na tym koniec\u201d. W rozwoju \u017cycia wewn\u0119trznego i duchowego, to stanowczo za ma\u0142o! O tej konieczno\u015bci osobistej i indywidualnej modlitwy napisa\u0142a w swoim Dzienniczku \u015bw. S. Faustyna: \u201eMusi si\u0119 modli\u0107 dusza czysta i pi\u0119kna, bo inaczej utraci\u0142aby swoj\u0105 pi\u0119kno\u015b\u0107; modli\u0107 si\u0119 musi dusza d\u0105\u017c\u0105ca do tej czysto\u015bci, bo inaczej nie dosz\u0142aby do niej; modli\u0107 si\u0119 musi dusza dopiero co nawr\u00f3cona, bo inaczej upad\u0142aby z powrotem; modli\u0107 si\u0119 musi dusza grzeszna, pogr\u0105\u017cona w grzechach, aby mog\u0142a powsta\u0107. I nie ma duszy, kt\u00f3ra by nie by\u0142a obowi\u0105zana do modlitwy, bo wszelka \u0142aska sp\u0142ywa przez modlitw\u0119\u201d.<br \/>\nMaryja wszystko co dzia\u0142o si\u0119 w jej \u017cyciu, ka\u017cdego dnia, rozwa\u017ca\u0142a w swoim sercu, rozmawiaj\u0105c o tym z Bogiem. Maryja rozmawia\u0142a z Bogiem po prostu o wszystkim. Ona ka\u017cd\u0105 spraw\u0119 codziennego \u017cycia powierza\u0142a Bogu i ka\u017cdy dzie\u0144 swojego \u017cycia ofiarowa\u0142a Bogu, prosz\u0105c te\u017c Boga o potrzebne \u0142aski dla siebie, a potem tak\u017ce dla swojej Rodziny.<br \/>\nO \u015bw. Janie Pawle II m\u00f3wi si\u0119, \u017ce nieustannie trwa\u0142 w kontakcie z Bogiem na modlitwie, potrzebowa\u0142 modlitwy bez przerwy, tak jak bez przerwy potrzebowa\u0142 Boga i Jego \u0142ask. Dlatego w Fatimie tak mocno zach\u0119ca\u0142: \u201emodli\u0107 si\u0119, modli\u0107 si\u0119 i jeszcze raz modli\u0107 si\u0119\u201d. W ten spos\u00f3b podkre\u015bli\u0142, \u017ce \u00a0najwa\u017cniejsze w objawieniach Maryi jest wezwanie do modlitwy. Im cz\u0142owiek mnie si\u0119 modli, tym mniej ma &#8222;czasu&#8221; i tym wi\u0119cej si\u0119 w \u017cyciu zamartwia. Ci co nie modl\u0105 si\u0119 wcale, cz\u0119sto m\u00f3wi\u0105, \u017ce ju\u017c na nic w \u017cyciu nie maj\u0105 &#8222;czasu&#8221;! Zacznijmy si\u0119 wi\u0119cej modli\u0107, a b\u0119dziemy mieli wi\u0119cej czasu!!<br \/>\n\u015aw. Pawe\u0142 za\u015b naucza: \u201eO nic si\u0119 ju\u017c zbytnio nie troskajcie, ale w ka\u017cdej sprawie wasze pro\u015bby przedstawiajcie Bogu w modlitwie i b\u0142aganiu z dzi\u0119kczynieniem\u201d. Amen.<br \/>\n(o.R.)<\/p>\n<\/div>\n","protected":false},"excerpt":{"rendered":"<p>Z liturgii uroczysto\u015bci Wniebowzi\u0119cia NMP \u2013 15.08.2021r. 1. czytanie (Ap 11, 19a; 12, 1. 3-6a. 10ab) Wielki znak ukaza\u0142 si\u0119 na niebie Czytanie z Ksi\u0119gi Apokalipsy \u015bwi\u0119tego Jana Aposto\u0142a \u015awi\u0105tynia Boga w niebie si\u0119 otwar\u0142a, i Arka Jego Przymierza ukaza\u0142a si\u0119 w Jego \u015bwi\u0105tyni. Potem wielki znak si\u0119 ukaza\u0142 na niebie: Niewiasta obleczona w s\u0142o\u0144ce &hellip;<\/p>\n","protected":false},"author":2,"featured_media":19409,"comment_status":"closed","ping_status":"closed","sticky":false,"template":"","format":"standard","meta":{"_mi_skip_tracking":false,"_exactmetrics_sitenote_active":false,"_exactmetrics_sitenote_note":"","_exactmetrics_sitenote_category":0},"categories":[14],"tags":[],"yoast_head":"<!-- This site is optimized with the Yoast SEO plugin v18.1 - https:\/\/yoast.com\/wordpress\/plugins\/seo\/ -->\n<title>Do medytacji z kalwaryjskiego Wzg\u00f3rza \u2013 Niedziela 15.08.2021r. - Pako\u015b\u0107 \u2013 Kalwaria<\/title>\n<meta name=\"robots\" content=\"index, follow, max-snippet:-1, max-image-preview:large, max-video-preview:-1\" \/>\n<link rel=\"canonical\" href=\"https:\/\/pakosc-kalwaria.franciszkanie.net\/index.php\/2021\/08\/15\/do-medytacji-z-kalwaryjskiego-wzgorza-niedziela-15-08-2021r\/\" \/>\n<meta property=\"og:locale\" content=\"pl_PL\" \/>\n<meta property=\"og:type\" content=\"article\" \/>\n<meta property=\"og:title\" content=\"Do medytacji z kalwaryjskiego Wzg\u00f3rza \u2013 Niedziela 15.08.2021r. - Pako\u015b\u0107 \u2013 Kalwaria\" \/>\n<meta property=\"og:description\" content=\"Z liturgii uroczysto\u015bci Wniebowzi\u0119cia NMP \u2013 15.08.2021r. 1. czytanie (Ap 11, 19a; 12, 1. 3-6a. 10ab) Wielki znak ukaza\u0142 si\u0119 na niebie Czytanie z Ksi\u0119gi Apokalipsy \u015bwi\u0119tego Jana Aposto\u0142a \u015awi\u0105tynia Boga w niebie si\u0119 otwar\u0142a, i Arka Jego Przymierza ukaza\u0142a si\u0119 w Jego \u015bwi\u0105tyni. Potem wielki znak si\u0119 ukaza\u0142 na niebie: Niewiasta obleczona w s\u0142o\u0144ce &hellip;\" \/>\n<meta property=\"og:url\" content=\"https:\/\/pakosc-kalwaria.franciszkanie.net\/index.php\/2021\/08\/15\/do-medytacji-z-kalwaryjskiego-wzgorza-niedziela-15-08-2021r\/\" \/>\n<meta property=\"og:site_name\" content=\"Pako\u015b\u0107 \u2013 Kalwaria\" \/>\n<meta property=\"article:author\" content=\"https:\/\/www.facebook.com\/KalwariaPakosc\/\" \/>\n<meta property=\"article:published_time\" content=\"2021-08-15T10:00:56+00:00\" \/>\n<meta property=\"article:modified_time\" content=\"2021-08-14T16:40:36+00:00\" \/>\n<meta property=\"og:image\" content=\"https:\/\/pakosc-kalwaria.franciszkanie.net\/wp-content\/uploads\/2021\/07\/DSCN0800.jpg\" \/>\n\t<meta property=\"og:image:width\" content=\"250\" \/>\n\t<meta property=\"og:image:height\" content=\"332\" \/>\n\t<meta property=\"og:image:type\" content=\"image\/jpeg\" \/>\n<meta name=\"twitter:card\" content=\"summary\" \/>\n<meta name=\"twitter:label1\" content=\"Napisane przez\" \/>\n\t<meta name=\"twitter:data1\" content=\"pakosc-kalwaria\" \/>\n\t<meta name=\"twitter:label2\" content=\"Szacowany czas czytania\" \/>\n\t<meta name=\"twitter:data2\" content=\"8 minut\" \/>\n<script type=\"application\/ld+json\" class=\"yoast-schema-graph\">{\"@context\":\"https:\/\/schema.org\",\"@graph\":[{\"@type\":\"WebSite\",\"@id\":\"https:\/\/pakosc-kalwaria.franciszkanie.net\/#website\",\"url\":\"https:\/\/pakosc-kalwaria.franciszkanie.net\/\",\"name\":\"Pako\u015b\u0107 \u2013 Kalwaria\",\"description\":\"Parafia Rzymsko \u2013 Katolicka p.w. Pana Jezusa Ukrzy\u017cowanego i  Matki Bo\u017cej Bolesnej ul. Barci\u0144ska 60, 88\u2013170 Pako\u015b\u0107 \u2013 Kalwaria\",\"potentialAction\":[{\"@type\":\"SearchAction\",\"target\":{\"@type\":\"EntryPoint\",\"urlTemplate\":\"https:\/\/pakosc-kalwaria.franciszkanie.net\/?s={search_term_string}\"},\"query-input\":\"required name=search_term_string\"}],\"inLanguage\":\"pl-PL\"},{\"@type\":\"ImageObject\",\"@id\":\"https:\/\/pakosc-kalwaria.franciszkanie.net\/index.php\/2021\/08\/15\/do-medytacji-z-kalwaryjskiego-wzgorza-niedziela-15-08-2021r\/#primaryimage\",\"inLanguage\":\"pl-PL\",\"url\":\"https:\/\/pakosc-kalwaria.franciszkanie.net\/wp-content\/uploads\/2021\/07\/DSCN0800.jpg\",\"contentUrl\":\"https:\/\/pakosc-kalwaria.franciszkanie.net\/wp-content\/uploads\/2021\/07\/DSCN0800.jpg\",\"width\":250,\"height\":332},{\"@type\":\"WebPage\",\"@id\":\"https:\/\/pakosc-kalwaria.franciszkanie.net\/index.php\/2021\/08\/15\/do-medytacji-z-kalwaryjskiego-wzgorza-niedziela-15-08-2021r\/#webpage\",\"url\":\"https:\/\/pakosc-kalwaria.franciszkanie.net\/index.php\/2021\/08\/15\/do-medytacji-z-kalwaryjskiego-wzgorza-niedziela-15-08-2021r\/\",\"name\":\"Do medytacji z kalwaryjskiego Wzg\u00f3rza \u2013 Niedziela 15.08.2021r. - Pako\u015b\u0107 \u2013 Kalwaria\",\"isPartOf\":{\"@id\":\"https:\/\/pakosc-kalwaria.franciszkanie.net\/#website\"},\"primaryImageOfPage\":{\"@id\":\"https:\/\/pakosc-kalwaria.franciszkanie.net\/index.php\/2021\/08\/15\/do-medytacji-z-kalwaryjskiego-wzgorza-niedziela-15-08-2021r\/#primaryimage\"},\"datePublished\":\"2021-08-15T10:00:56+00:00\",\"dateModified\":\"2021-08-14T16:40:36+00:00\",\"author\":{\"@id\":\"https:\/\/pakosc-kalwaria.franciszkanie.net\/#\/schema\/person\/af10b943be0760709227d060eadcb2aa\"},\"breadcrumb\":{\"@id\":\"https:\/\/pakosc-kalwaria.franciszkanie.net\/index.php\/2021\/08\/15\/do-medytacji-z-kalwaryjskiego-wzgorza-niedziela-15-08-2021r\/#breadcrumb\"},\"inLanguage\":\"pl-PL\",\"potentialAction\":[{\"@type\":\"ReadAction\",\"target\":[\"https:\/\/pakosc-kalwaria.franciszkanie.net\/index.php\/2021\/08\/15\/do-medytacji-z-kalwaryjskiego-wzgorza-niedziela-15-08-2021r\/\"]}]},{\"@type\":\"BreadcrumbList\",\"@id\":\"https:\/\/pakosc-kalwaria.franciszkanie.net\/index.php\/2021\/08\/15\/do-medytacji-z-kalwaryjskiego-wzgorza-niedziela-15-08-2021r\/#breadcrumb\",\"itemListElement\":[{\"@type\":\"ListItem\",\"position\":1,\"name\":\"Strona g\u0142\u00f3wna\",\"item\":\"https:\/\/pakosc-kalwaria.franciszkanie.net\/\"},{\"@type\":\"ListItem\",\"position\":2,\"name\":\"Do medytacji z kalwaryjskiego Wzg\u00f3rza \u2013 Niedziela 15.08.2021r.\"}]},{\"@type\":\"Person\",\"@id\":\"https:\/\/pakosc-kalwaria.franciszkanie.net\/#\/schema\/person\/af10b943be0760709227d060eadcb2aa\",\"name\":\"pakosc-kalwaria\",\"image\":{\"@type\":\"ImageObject\",\"@id\":\"https:\/\/pakosc-kalwaria.franciszkanie.net\/#personlogo\",\"inLanguage\":\"pl-PL\",\"url\":\"https:\/\/secure.gravatar.com\/avatar\/e7049d338b55eac6a0027ff3218b8d02?s=96&d=mm&r=g\",\"contentUrl\":\"https:\/\/secure.gravatar.com\/avatar\/e7049d338b55eac6a0027ff3218b8d02?s=96&d=mm&r=g\",\"caption\":\"pakosc-kalwaria\"},\"sameAs\":[\"https:\/\/www.facebook.com\/KalwariaPakosc\/\"],\"url\":\"https:\/\/pakosc-kalwaria.franciszkanie.net\/index.php\/author\/pakosc-kalwaria\/\"}]}<\/script>\n<!-- \/ Yoast SEO plugin. -->","yoast_head_json":{"title":"Do medytacji z kalwaryjskiego Wzg\u00f3rza \u2013 Niedziela 15.08.2021r. - Pako\u015b\u0107 \u2013 Kalwaria","robots":{"index":"index","follow":"follow","max-snippet":"max-snippet:-1","max-image-preview":"max-image-preview:large","max-video-preview":"max-video-preview:-1"},"canonical":"https:\/\/pakosc-kalwaria.franciszkanie.net\/index.php\/2021\/08\/15\/do-medytacji-z-kalwaryjskiego-wzgorza-niedziela-15-08-2021r\/","og_locale":"pl_PL","og_type":"article","og_title":"Do medytacji z kalwaryjskiego Wzg\u00f3rza \u2013 Niedziela 15.08.2021r. - Pako\u015b\u0107 \u2013 Kalwaria","og_description":"Z liturgii uroczysto\u015bci Wniebowzi\u0119cia NMP \u2013 15.08.2021r. 1. czytanie (Ap 11, 19a; 12, 1. 3-6a. 10ab) Wielki znak ukaza\u0142 si\u0119 na niebie Czytanie z Ksi\u0119gi Apokalipsy \u015bwi\u0119tego Jana Aposto\u0142a \u015awi\u0105tynia Boga w niebie si\u0119 otwar\u0142a, i Arka Jego Przymierza ukaza\u0142a si\u0119 w Jego \u015bwi\u0105tyni. Potem wielki znak si\u0119 ukaza\u0142 na niebie: Niewiasta obleczona w s\u0142o\u0144ce &hellip;","og_url":"https:\/\/pakosc-kalwaria.franciszkanie.net\/index.php\/2021\/08\/15\/do-medytacji-z-kalwaryjskiego-wzgorza-niedziela-15-08-2021r\/","og_site_name":"Pako\u015b\u0107 \u2013 Kalwaria","article_author":"https:\/\/www.facebook.com\/KalwariaPakosc\/","article_published_time":"2021-08-15T10:00:56+00:00","article_modified_time":"2021-08-14T16:40:36+00:00","og_image":[{"width":250,"height":332,"url":"https:\/\/pakosc-kalwaria.franciszkanie.net\/wp-content\/uploads\/2021\/07\/DSCN0800.jpg","type":"image\/jpeg"}],"twitter_card":"summary","twitter_misc":{"Napisane przez":"pakosc-kalwaria","Szacowany czas czytania":"8 minut"},"schema":{"@context":"https:\/\/schema.org","@graph":[{"@type":"WebSite","@id":"https:\/\/pakosc-kalwaria.franciszkanie.net\/#website","url":"https:\/\/pakosc-kalwaria.franciszkanie.net\/","name":"Pako\u015b\u0107 \u2013 Kalwaria","description":"Parafia Rzymsko \u2013 Katolicka p.w. Pana Jezusa Ukrzy\u017cowanego i  Matki Bo\u017cej Bolesnej ul. Barci\u0144ska 60, 88\u2013170 Pako\u015b\u0107 \u2013 Kalwaria","potentialAction":[{"@type":"SearchAction","target":{"@type":"EntryPoint","urlTemplate":"https:\/\/pakosc-kalwaria.franciszkanie.net\/?s={search_term_string}"},"query-input":"required name=search_term_string"}],"inLanguage":"pl-PL"},{"@type":"ImageObject","@id":"https:\/\/pakosc-kalwaria.franciszkanie.net\/index.php\/2021\/08\/15\/do-medytacji-z-kalwaryjskiego-wzgorza-niedziela-15-08-2021r\/#primaryimage","inLanguage":"pl-PL","url":"https:\/\/pakosc-kalwaria.franciszkanie.net\/wp-content\/uploads\/2021\/07\/DSCN0800.jpg","contentUrl":"https:\/\/pakosc-kalwaria.franciszkanie.net\/wp-content\/uploads\/2021\/07\/DSCN0800.jpg","width":250,"height":332},{"@type":"WebPage","@id":"https:\/\/pakosc-kalwaria.franciszkanie.net\/index.php\/2021\/08\/15\/do-medytacji-z-kalwaryjskiego-wzgorza-niedziela-15-08-2021r\/#webpage","url":"https:\/\/pakosc-kalwaria.franciszkanie.net\/index.php\/2021\/08\/15\/do-medytacji-z-kalwaryjskiego-wzgorza-niedziela-15-08-2021r\/","name":"Do medytacji z kalwaryjskiego Wzg\u00f3rza \u2013 Niedziela 15.08.2021r. - Pako\u015b\u0107 \u2013 Kalwaria","isPartOf":{"@id":"https:\/\/pakosc-kalwaria.franciszkanie.net\/#website"},"primaryImageOfPage":{"@id":"https:\/\/pakosc-kalwaria.franciszkanie.net\/index.php\/2021\/08\/15\/do-medytacji-z-kalwaryjskiego-wzgorza-niedziela-15-08-2021r\/#primaryimage"},"datePublished":"2021-08-15T10:00:56+00:00","dateModified":"2021-08-14T16:40:36+00:00","author":{"@id":"https:\/\/pakosc-kalwaria.franciszkanie.net\/#\/schema\/person\/af10b943be0760709227d060eadcb2aa"},"breadcrumb":{"@id":"https:\/\/pakosc-kalwaria.franciszkanie.net\/index.php\/2021\/08\/15\/do-medytacji-z-kalwaryjskiego-wzgorza-niedziela-15-08-2021r\/#breadcrumb"},"inLanguage":"pl-PL","potentialAction":[{"@type":"ReadAction","target":["https:\/\/pakosc-kalwaria.franciszkanie.net\/index.php\/2021\/08\/15\/do-medytacji-z-kalwaryjskiego-wzgorza-niedziela-15-08-2021r\/"]}]},{"@type":"BreadcrumbList","@id":"https:\/\/pakosc-kalwaria.franciszkanie.net\/index.php\/2021\/08\/15\/do-medytacji-z-kalwaryjskiego-wzgorza-niedziela-15-08-2021r\/#breadcrumb","itemListElement":[{"@type":"ListItem","position":1,"name":"Strona g\u0142\u00f3wna","item":"https:\/\/pakosc-kalwaria.franciszkanie.net\/"},{"@type":"ListItem","position":2,"name":"Do medytacji z kalwaryjskiego Wzg\u00f3rza \u2013 Niedziela 15.08.2021r."}]},{"@type":"Person","@id":"https:\/\/pakosc-kalwaria.franciszkanie.net\/#\/schema\/person\/af10b943be0760709227d060eadcb2aa","name":"pakosc-kalwaria","image":{"@type":"ImageObject","@id":"https:\/\/pakosc-kalwaria.franciszkanie.net\/#personlogo","inLanguage":"pl-PL","url":"https:\/\/secure.gravatar.com\/avatar\/e7049d338b55eac6a0027ff3218b8d02?s=96&d=mm&r=g","contentUrl":"https:\/\/secure.gravatar.com\/avatar\/e7049d338b55eac6a0027ff3218b8d02?s=96&d=mm&r=g","caption":"pakosc-kalwaria"},"sameAs":["https:\/\/www.facebook.com\/KalwariaPakosc\/"],"url":"https:\/\/pakosc-kalwaria.franciszkanie.net\/index.php\/author\/pakosc-kalwaria\/"}]}},"_links":{"self":[{"href":"https:\/\/pakosc-kalwaria.franciszkanie.net\/index.php\/wp-json\/wp\/v2\/posts\/19516"}],"collection":[{"href":"https:\/\/pakosc-kalwaria.franciszkanie.net\/index.php\/wp-json\/wp\/v2\/posts"}],"about":[{"href":"https:\/\/pakosc-kalwaria.franciszkanie.net\/index.php\/wp-json\/wp\/v2\/types\/post"}],"author":[{"embeddable":true,"href":"https:\/\/pakosc-kalwaria.franciszkanie.net\/index.php\/wp-json\/wp\/v2\/users\/2"}],"replies":[{"embeddable":true,"href":"https:\/\/pakosc-kalwaria.franciszkanie.net\/index.php\/wp-json\/wp\/v2\/comments?post=19516"}],"version-history":[{"count":7,"href":"https:\/\/pakosc-kalwaria.franciszkanie.net\/index.php\/wp-json\/wp\/v2\/posts\/19516\/revisions"}],"predecessor-version":[{"id":19526,"href":"https:\/\/pakosc-kalwaria.franciszkanie.net\/index.php\/wp-json\/wp\/v2\/posts\/19516\/revisions\/19526"}],"wp:featuredmedia":[{"embeddable":true,"href":"https:\/\/pakosc-kalwaria.franciszkanie.net\/index.php\/wp-json\/wp\/v2\/media\/19409"}],"wp:attachment":[{"href":"https:\/\/pakosc-kalwaria.franciszkanie.net\/index.php\/wp-json\/wp\/v2\/media?parent=19516"}],"wp:term":[{"taxonomy":"category","embeddable":true,"href":"https:\/\/pakosc-kalwaria.franciszkanie.net\/index.php\/wp-json\/wp\/v2\/categories?post=19516"},{"taxonomy":"post_tag","embeddable":true,"href":"https:\/\/pakosc-kalwaria.franciszkanie.net\/index.php\/wp-json\/wp\/v2\/tags?post=19516"}],"curies":[{"name":"wp","href":"https:\/\/api.w.org\/{rel}","templated":true}]}}