{"id":19617,"date":"2021-09-01T20:00:03","date_gmt":"2021-09-01T18:00:03","guid":{"rendered":"http:\/\/pakosc-kalwaria.franciszkanie.net\/?p=19617"},"modified":"2021-09-04T20:02:23","modified_gmt":"2021-09-04T18:02:23","slug":"uroczystosci-koronacyjne-we-wschowie-4-wrzesnia","status":"publish","type":"post","link":"https:\/\/pakosc-kalwaria.franciszkanie.net\/index.php\/2021\/09\/01\/uroczystosci-koronacyjne-we-wschowie-4-wrzesnia\/","title":{"rendered":"Uroczysto\u015bci Koronacyjne we Wschowie \u2013 4 wrze\u015bnia"},"content":{"rendered":"<p><strong>Wszystkich czcicieli Matki Bo\u017cej serdecznie zapraszamy na <span style=\"color: #ff0000;\">Uroczysto\u015bci Koronacyjne<\/span>, kt\u00f3re odb\u0119d\u0105 si\u0119 <span style=\"color: #ff0000;\">w sobot\u0119 4 wrze\u015bnia 2021 r. na rynku miasta Wschowy.<\/span><\/strong><\/p>\n<p><span style=\"color: #ff0000;\"><strong>W 2018r. <\/strong><\/span><strong>\u00a0franciszka\u0144ski ko\u015bci\u00f3\u0142 we Wschowie zosta\u0142 ustanowiony Sanktuarium NMP Matki Bo\u017cej Pocieszenia i rozpocz\u0119to starania, aby ukoronowa\u0107 \u0141askami S\u0142yn\u0105cy Wizerunek Matki Bo\u017cej z\u0142otymi koronami. <span style=\"color: #ff0000;\">W 2020r.<\/span> Stolica Apostolska ustanowi\u0142a NMP Patronk\u0105 Wschowy wyznaczaj\u0105c corocznie Jej Uroczysto\u015bci na dzie\u0144 4 wrze\u015bnia.<br \/>\n<\/strong><\/p>\n<p><strong><br \/>\n<span style=\"color: #ff0000;\">Program Uroczysto\u015bci koronacyjnych \u0141askami S\u0142yn\u0105cego Wizerunku Naj\u015bwi\u0119tszej Maryi Panny Wschowskiej Pani Pocieszenia:<br \/>\n<\/span><\/strong><strong><span style=\"color: #ff0000;\">Pi\u0105tek, 3 wrze\u015bnia 2021r.<\/span><br \/>\n<\/strong><strong>19:00<\/strong> <strong>\u2013 Wigilijne czuwanie i Apel Jasnog\u00f3rski na rynku miasta Wschowy razem z o. Marcinem Kowalewskim CMF i s. Joann\u0105 Jab\u0142o\u0144sk\u0105 MC<\/strong><\/p>\n<p><span style=\"color: #ff0000;\"><strong>Sobota, 4 wrze\u015bnia 2021r.<br \/>\n<\/strong><\/span><strong>10:00 \u2013 Procesja z Sanktuarium ulicami miasta z \u0141askami S\u0142yn\u0105cym Wizerunkiem Wschowskiej Pani Pocieszenia na rynek<br \/>\n<\/strong><strong><span style=\"color: #ff0000;\">11:00 \u2013 Uroczysta Msza \u015bw.<\/span> pod przewodnictwem Ks. Abpa Stanis\u0142awa G\u0105deckiego<br \/>\nPo Mszy \u015bw. koncert M\u0142odzie\u017cowej Orkiestry D\u0119tej CKiR Wschowa<br \/>\n<\/strong><strong>17:00 \u2013 Procesja z Ukoronowanym Wizerunkiem ulicami miasta do Sanktuarium<br \/>\n<\/strong><strong>19:00<\/strong><strong> \u2013 Na rynku miasta koncert w ramach III Dnia Uwielbienia \u201eJedno miasto w jednym duchu\u201d.<\/strong> <strong>Koncert \u201cniemaGotu\u201d.<\/strong><\/p>\n<p><strong><br \/>\n<span style=\"color: #ff0000;\">MODLITWA DO MATKI BO\u017bEJ WSCHOWSKIEJ \u2013 <\/span><\/strong><span style=\"color: #ff0000;\"><strong>PANI POCIESZENIA<br \/>\n<\/strong><\/span><strong>Gromadz\u0105c si\u0119 przed Twoim \u0142askawym Obliczem,<br \/>\n<\/strong><strong>oddajemy Ci cze\u015b\u0107,<br \/>\n<\/strong><strong>Matko Chrystusa i nasza Matko Pocieszenia.<br \/>\n<\/strong><strong>Z dzieci\u0119c\u0105 ufno\u015bci\u0105 zwracamy si\u0119 do Ciebie,<br \/>\n<\/strong><strong>prosz\u0105c o umocnienie w nas wiary.<br \/>\n<\/strong><strong>Twoja wiara niech stanie si\u0119 dla nas wzorem.<br \/>\n<\/strong><strong>Ty\u015b od wiek\u00f3w Patronk\u0105 naszego miasta.<br \/>\n<\/strong><strong>Czuwaj nad nami.<br \/>\n<\/strong><strong>Upro\u015b b\u0142ogos\u0142awie\u0144stwo naszym domom i rodzinom.<br \/>\n<\/strong><strong>B\u0105d\u017a Pocieszycielk\u0105 dla wszystkich strapionych, utrudzonych\u00a0i\u00a0opuszczonych.<br \/>\n<\/strong><strong>Niech Twoja dobro\u0107 i Twoje przemo\u017cne po\u015brednictwo<br \/>\n<\/strong><strong>skieruje my\u015bli i czyny nasze do Jezusa,<br \/>\n<\/strong><strong>Syna Twego, a naszego Odkupiciela,<br \/>\n<\/strong><strong>aby\u015bmy tak jak Ty, wszystko czynili dla Niego. Amen.<\/strong><\/p>\n","protected":false},"excerpt":{"rendered":"<p>Wszystkich czcicieli Matki Bo\u017cej serdecznie zapraszamy na Uroczysto\u015bci Koronacyjne, kt\u00f3re odb\u0119d\u0105 si\u0119 w sobot\u0119 4 wrze\u015bnia 2021 r. na rynku miasta Wschowy. W 2018r. \u00a0franciszka\u0144ski ko\u015bci\u00f3\u0142 we Wschowie zosta\u0142 ustanowiony Sanktuarium NMP Matki Bo\u017cej Pocieszenia i rozpocz\u0119to starania, aby ukoronowa\u0107 \u0141askami S\u0142yn\u0105cy Wizerunek Matki Bo\u017cej z\u0142otymi koronami. W 2020r. Stolica Apostolska ustanowi\u0142a NMP Patronk\u0105 Wschowy &hellip;<\/p>\n","protected":false},"author":2,"featured_media":19618,"comment_status":"closed","ping_status":"closed","sticky":false,"template":"","format":"standard","meta":{"_mi_skip_tracking":false,"_exactmetrics_sitenote_active":false,"_exactmetrics_sitenote_note":"","_exactmetrics_sitenote_category":0},"categories":[13],"tags":[],"yoast_head":"<!-- This site is optimized with the Yoast SEO plugin v18.1 - https:\/\/yoast.com\/wordpress\/plugins\/seo\/ -->\n<title>Uroczysto\u015bci Koronacyjne we Wschowie \u2013 4 wrze\u015bnia - Pako\u015b\u0107 \u2013 Kalwaria<\/title>\n<meta name=\"robots\" content=\"index, follow, max-snippet:-1, max-image-preview:large, max-video-preview:-1\" \/>\n<link rel=\"canonical\" href=\"https:\/\/pakosc-kalwaria.franciszkanie.net\/index.php\/2021\/09\/01\/uroczystosci-koronacyjne-we-wschowie-4-wrzesnia\/\" \/>\n<meta property=\"og:locale\" content=\"pl_PL\" \/>\n<meta property=\"og:type\" content=\"article\" \/>\n<meta property=\"og:title\" content=\"Uroczysto\u015bci Koronacyjne we Wschowie \u2013 4 wrze\u015bnia - Pako\u015b\u0107 \u2013 Kalwaria\" \/>\n<meta property=\"og:description\" content=\"Wszystkich czcicieli Matki Bo\u017cej serdecznie zapraszamy na Uroczysto\u015bci Koronacyjne, kt\u00f3re odb\u0119d\u0105 si\u0119 w sobot\u0119 4 wrze\u015bnia 2021 r. na rynku miasta Wschowy. W 2018r. \u00a0franciszka\u0144ski ko\u015bci\u00f3\u0142 we Wschowie zosta\u0142 ustanowiony Sanktuarium NMP Matki Bo\u017cej Pocieszenia i rozpocz\u0119to starania, aby ukoronowa\u0107 \u0141askami S\u0142yn\u0105cy Wizerunek Matki Bo\u017cej z\u0142otymi koronami. W 2020r. Stolica Apostolska ustanowi\u0142a NMP Patronk\u0105 Wschowy &hellip;\" \/>\n<meta property=\"og:url\" content=\"https:\/\/pakosc-kalwaria.franciszkanie.net\/index.php\/2021\/09\/01\/uroczystosci-koronacyjne-we-wschowie-4-wrzesnia\/\" \/>\n<meta property=\"og:site_name\" content=\"Pako\u015b\u0107 \u2013 Kalwaria\" \/>\n<meta property=\"article:author\" content=\"https:\/\/www.facebook.com\/KalwariaPakosc\/\" \/>\n<meta property=\"article:published_time\" content=\"2021-09-01T18:00:03+00:00\" \/>\n<meta property=\"article:modified_time\" content=\"2021-09-04T18:02:23+00:00\" \/>\n<meta property=\"og:image\" content=\"https:\/\/pakosc-kalwaria.franciszkanie.net\/wp-content\/uploads\/2021\/08\/Plakat-popr.jpg\" \/>\n\t<meta property=\"og:image:width\" content=\"230\" \/>\n\t<meta property=\"og:image:height\" content=\"345\" \/>\n\t<meta property=\"og:image:type\" content=\"image\/jpeg\" \/>\n<meta name=\"twitter:card\" content=\"summary\" \/>\n<meta name=\"twitter:label1\" content=\"Napisane przez\" \/>\n\t<meta name=\"twitter:data1\" content=\"pakosc-kalwaria\" \/>\n\t<meta name=\"twitter:label2\" content=\"Szacowany czas czytania\" \/>\n\t<meta name=\"twitter:data2\" content=\"1 minuta\" \/>\n<script type=\"application\/ld+json\" class=\"yoast-schema-graph\">{\"@context\":\"https:\/\/schema.org\",\"@graph\":[{\"@type\":\"WebSite\",\"@id\":\"https:\/\/pakosc-kalwaria.franciszkanie.net\/#website\",\"url\":\"https:\/\/pakosc-kalwaria.franciszkanie.net\/\",\"name\":\"Pako\u015b\u0107 \u2013 Kalwaria\",\"description\":\"Parafia Rzymsko \u2013 Katolicka p.w. Pana Jezusa Ukrzy\u017cowanego i  Matki Bo\u017cej Bolesnej ul. Barci\u0144ska 60, 88\u2013170 Pako\u015b\u0107 \u2013 Kalwaria\",\"potentialAction\":[{\"@type\":\"SearchAction\",\"target\":{\"@type\":\"EntryPoint\",\"urlTemplate\":\"https:\/\/pakosc-kalwaria.franciszkanie.net\/?s={search_term_string}\"},\"query-input\":\"required name=search_term_string\"}],\"inLanguage\":\"pl-PL\"},{\"@type\":\"ImageObject\",\"@id\":\"https:\/\/pakosc-kalwaria.franciszkanie.net\/index.php\/2021\/09\/01\/uroczystosci-koronacyjne-we-wschowie-4-wrzesnia\/#primaryimage\",\"inLanguage\":\"pl-PL\",\"url\":\"https:\/\/pakosc-kalwaria.franciszkanie.net\/wp-content\/uploads\/2021\/08\/Plakat-popr.jpg\",\"contentUrl\":\"https:\/\/pakosc-kalwaria.franciszkanie.net\/wp-content\/uploads\/2021\/08\/Plakat-popr.jpg\",\"width\":230,\"height\":345},{\"@type\":\"WebPage\",\"@id\":\"https:\/\/pakosc-kalwaria.franciszkanie.net\/index.php\/2021\/09\/01\/uroczystosci-koronacyjne-we-wschowie-4-wrzesnia\/#webpage\",\"url\":\"https:\/\/pakosc-kalwaria.franciszkanie.net\/index.php\/2021\/09\/01\/uroczystosci-koronacyjne-we-wschowie-4-wrzesnia\/\",\"name\":\"Uroczysto\u015bci Koronacyjne we Wschowie \u2013 4 wrze\u015bnia - Pako\u015b\u0107 \u2013 Kalwaria\",\"isPartOf\":{\"@id\":\"https:\/\/pakosc-kalwaria.franciszkanie.net\/#website\"},\"primaryImageOfPage\":{\"@id\":\"https:\/\/pakosc-kalwaria.franciszkanie.net\/index.php\/2021\/09\/01\/uroczystosci-koronacyjne-we-wschowie-4-wrzesnia\/#primaryimage\"},\"datePublished\":\"2021-09-01T18:00:03+00:00\",\"dateModified\":\"2021-09-04T18:02:23+00:00\",\"author\":{\"@id\":\"https:\/\/pakosc-kalwaria.franciszkanie.net\/#\/schema\/person\/af10b943be0760709227d060eadcb2aa\"},\"breadcrumb\":{\"@id\":\"https:\/\/pakosc-kalwaria.franciszkanie.net\/index.php\/2021\/09\/01\/uroczystosci-koronacyjne-we-wschowie-4-wrzesnia\/#breadcrumb\"},\"inLanguage\":\"pl-PL\",\"potentialAction\":[{\"@type\":\"ReadAction\",\"target\":[\"https:\/\/pakosc-kalwaria.franciszkanie.net\/index.php\/2021\/09\/01\/uroczystosci-koronacyjne-we-wschowie-4-wrzesnia\/\"]}]},{\"@type\":\"BreadcrumbList\",\"@id\":\"https:\/\/pakosc-kalwaria.franciszkanie.net\/index.php\/2021\/09\/01\/uroczystosci-koronacyjne-we-wschowie-4-wrzesnia\/#breadcrumb\",\"itemListElement\":[{\"@type\":\"ListItem\",\"position\":1,\"name\":\"Strona g\u0142\u00f3wna\",\"item\":\"https:\/\/pakosc-kalwaria.franciszkanie.net\/\"},{\"@type\":\"ListItem\",\"position\":2,\"name\":\"Uroczysto\u015bci Koronacyjne we Wschowie \u2013 4 wrze\u015bnia\"}]},{\"@type\":\"Person\",\"@id\":\"https:\/\/pakosc-kalwaria.franciszkanie.net\/#\/schema\/person\/af10b943be0760709227d060eadcb2aa\",\"name\":\"pakosc-kalwaria\",\"image\":{\"@type\":\"ImageObject\",\"@id\":\"https:\/\/pakosc-kalwaria.franciszkanie.net\/#personlogo\",\"inLanguage\":\"pl-PL\",\"url\":\"https:\/\/secure.gravatar.com\/avatar\/e7049d338b55eac6a0027ff3218b8d02?s=96&d=mm&r=g\",\"contentUrl\":\"https:\/\/secure.gravatar.com\/avatar\/e7049d338b55eac6a0027ff3218b8d02?s=96&d=mm&r=g\",\"caption\":\"pakosc-kalwaria\"},\"sameAs\":[\"https:\/\/www.facebook.com\/KalwariaPakosc\/\"],\"url\":\"https:\/\/pakosc-kalwaria.franciszkanie.net\/index.php\/author\/pakosc-kalwaria\/\"}]}<\/script>\n<!-- \/ Yoast SEO plugin. -->","yoast_head_json":{"title":"Uroczysto\u015bci Koronacyjne we Wschowie \u2013 4 wrze\u015bnia - Pako\u015b\u0107 \u2013 Kalwaria","robots":{"index":"index","follow":"follow","max-snippet":"max-snippet:-1","max-image-preview":"max-image-preview:large","max-video-preview":"max-video-preview:-1"},"canonical":"https:\/\/pakosc-kalwaria.franciszkanie.net\/index.php\/2021\/09\/01\/uroczystosci-koronacyjne-we-wschowie-4-wrzesnia\/","og_locale":"pl_PL","og_type":"article","og_title":"Uroczysto\u015bci Koronacyjne we Wschowie \u2013 4 wrze\u015bnia - Pako\u015b\u0107 \u2013 Kalwaria","og_description":"Wszystkich czcicieli Matki Bo\u017cej serdecznie zapraszamy na Uroczysto\u015bci Koronacyjne, kt\u00f3re odb\u0119d\u0105 si\u0119 w sobot\u0119 4 wrze\u015bnia 2021 r. na rynku miasta Wschowy. W 2018r. \u00a0franciszka\u0144ski ko\u015bci\u00f3\u0142 we Wschowie zosta\u0142 ustanowiony Sanktuarium NMP Matki Bo\u017cej Pocieszenia i rozpocz\u0119to starania, aby ukoronowa\u0107 \u0141askami S\u0142yn\u0105cy Wizerunek Matki Bo\u017cej z\u0142otymi koronami. W 2020r. Stolica Apostolska ustanowi\u0142a NMP Patronk\u0105 Wschowy &hellip;","og_url":"https:\/\/pakosc-kalwaria.franciszkanie.net\/index.php\/2021\/09\/01\/uroczystosci-koronacyjne-we-wschowie-4-wrzesnia\/","og_site_name":"Pako\u015b\u0107 \u2013 Kalwaria","article_author":"https:\/\/www.facebook.com\/KalwariaPakosc\/","article_published_time":"2021-09-01T18:00:03+00:00","article_modified_time":"2021-09-04T18:02:23+00:00","og_image":[{"width":230,"height":345,"url":"https:\/\/pakosc-kalwaria.franciszkanie.net\/wp-content\/uploads\/2021\/08\/Plakat-popr.jpg","type":"image\/jpeg"}],"twitter_card":"summary","twitter_misc":{"Napisane przez":"pakosc-kalwaria","Szacowany czas czytania":"1 minuta"},"schema":{"@context":"https:\/\/schema.org","@graph":[{"@type":"WebSite","@id":"https:\/\/pakosc-kalwaria.franciszkanie.net\/#website","url":"https:\/\/pakosc-kalwaria.franciszkanie.net\/","name":"Pako\u015b\u0107 \u2013 Kalwaria","description":"Parafia Rzymsko \u2013 Katolicka p.w. Pana Jezusa Ukrzy\u017cowanego i  Matki Bo\u017cej Bolesnej ul. Barci\u0144ska 60, 88\u2013170 Pako\u015b\u0107 \u2013 Kalwaria","potentialAction":[{"@type":"SearchAction","target":{"@type":"EntryPoint","urlTemplate":"https:\/\/pakosc-kalwaria.franciszkanie.net\/?s={search_term_string}"},"query-input":"required name=search_term_string"}],"inLanguage":"pl-PL"},{"@type":"ImageObject","@id":"https:\/\/pakosc-kalwaria.franciszkanie.net\/index.php\/2021\/09\/01\/uroczystosci-koronacyjne-we-wschowie-4-wrzesnia\/#primaryimage","inLanguage":"pl-PL","url":"https:\/\/pakosc-kalwaria.franciszkanie.net\/wp-content\/uploads\/2021\/08\/Plakat-popr.jpg","contentUrl":"https:\/\/pakosc-kalwaria.franciszkanie.net\/wp-content\/uploads\/2021\/08\/Plakat-popr.jpg","width":230,"height":345},{"@type":"WebPage","@id":"https:\/\/pakosc-kalwaria.franciszkanie.net\/index.php\/2021\/09\/01\/uroczystosci-koronacyjne-we-wschowie-4-wrzesnia\/#webpage","url":"https:\/\/pakosc-kalwaria.franciszkanie.net\/index.php\/2021\/09\/01\/uroczystosci-koronacyjne-we-wschowie-4-wrzesnia\/","name":"Uroczysto\u015bci Koronacyjne we Wschowie \u2013 4 wrze\u015bnia - Pako\u015b\u0107 \u2013 Kalwaria","isPartOf":{"@id":"https:\/\/pakosc-kalwaria.franciszkanie.net\/#website"},"primaryImageOfPage":{"@id":"https:\/\/pakosc-kalwaria.franciszkanie.net\/index.php\/2021\/09\/01\/uroczystosci-koronacyjne-we-wschowie-4-wrzesnia\/#primaryimage"},"datePublished":"2021-09-01T18:00:03+00:00","dateModified":"2021-09-04T18:02:23+00:00","author":{"@id":"https:\/\/pakosc-kalwaria.franciszkanie.net\/#\/schema\/person\/af10b943be0760709227d060eadcb2aa"},"breadcrumb":{"@id":"https:\/\/pakosc-kalwaria.franciszkanie.net\/index.php\/2021\/09\/01\/uroczystosci-koronacyjne-we-wschowie-4-wrzesnia\/#breadcrumb"},"inLanguage":"pl-PL","potentialAction":[{"@type":"ReadAction","target":["https:\/\/pakosc-kalwaria.franciszkanie.net\/index.php\/2021\/09\/01\/uroczystosci-koronacyjne-we-wschowie-4-wrzesnia\/"]}]},{"@type":"BreadcrumbList","@id":"https:\/\/pakosc-kalwaria.franciszkanie.net\/index.php\/2021\/09\/01\/uroczystosci-koronacyjne-we-wschowie-4-wrzesnia\/#breadcrumb","itemListElement":[{"@type":"ListItem","position":1,"name":"Strona g\u0142\u00f3wna","item":"https:\/\/pakosc-kalwaria.franciszkanie.net\/"},{"@type":"ListItem","position":2,"name":"Uroczysto\u015bci Koronacyjne we Wschowie \u2013 4 wrze\u015bnia"}]},{"@type":"Person","@id":"https:\/\/pakosc-kalwaria.franciszkanie.net\/#\/schema\/person\/af10b943be0760709227d060eadcb2aa","name":"pakosc-kalwaria","image":{"@type":"ImageObject","@id":"https:\/\/pakosc-kalwaria.franciszkanie.net\/#personlogo","inLanguage":"pl-PL","url":"https:\/\/secure.gravatar.com\/avatar\/e7049d338b55eac6a0027ff3218b8d02?s=96&d=mm&r=g","contentUrl":"https:\/\/secure.gravatar.com\/avatar\/e7049d338b55eac6a0027ff3218b8d02?s=96&d=mm&r=g","caption":"pakosc-kalwaria"},"sameAs":["https:\/\/www.facebook.com\/KalwariaPakosc\/"],"url":"https:\/\/pakosc-kalwaria.franciszkanie.net\/index.php\/author\/pakosc-kalwaria\/"}]}},"_links":{"self":[{"href":"https:\/\/pakosc-kalwaria.franciszkanie.net\/index.php\/wp-json\/wp\/v2\/posts\/19617"}],"collection":[{"href":"https:\/\/pakosc-kalwaria.franciszkanie.net\/index.php\/wp-json\/wp\/v2\/posts"}],"about":[{"href":"https:\/\/pakosc-kalwaria.franciszkanie.net\/index.php\/wp-json\/wp\/v2\/types\/post"}],"author":[{"embeddable":true,"href":"https:\/\/pakosc-kalwaria.franciszkanie.net\/index.php\/wp-json\/wp\/v2\/users\/2"}],"replies":[{"embeddable":true,"href":"https:\/\/pakosc-kalwaria.franciszkanie.net\/index.php\/wp-json\/wp\/v2\/comments?post=19617"}],"version-history":[{"count":6,"href":"https:\/\/pakosc-kalwaria.franciszkanie.net\/index.php\/wp-json\/wp\/v2\/posts\/19617\/revisions"}],"predecessor-version":[{"id":19624,"href":"https:\/\/pakosc-kalwaria.franciszkanie.net\/index.php\/wp-json\/wp\/v2\/posts\/19617\/revisions\/19624"}],"wp:featuredmedia":[{"embeddable":true,"href":"https:\/\/pakosc-kalwaria.franciszkanie.net\/index.php\/wp-json\/wp\/v2\/media\/19618"}],"wp:attachment":[{"href":"https:\/\/pakosc-kalwaria.franciszkanie.net\/index.php\/wp-json\/wp\/v2\/media?parent=19617"}],"wp:term":[{"taxonomy":"category","embeddable":true,"href":"https:\/\/pakosc-kalwaria.franciszkanie.net\/index.php\/wp-json\/wp\/v2\/categories?post=19617"},{"taxonomy":"post_tag","embeddable":true,"href":"https:\/\/pakosc-kalwaria.franciszkanie.net\/index.php\/wp-json\/wp\/v2\/tags?post=19617"}],"curies":[{"name":"wp","href":"https:\/\/api.w.org\/{rel}","templated":true}]}}