{"id":19642,"date":"2021-09-04T08:45:32","date_gmt":"2021-09-04T06:45:32","guid":{"rendered":"http:\/\/pakosc-kalwaria.franciszkanie.net\/?p=19642"},"modified":"2021-09-10T14:27:18","modified_gmt":"2021-09-10T12:27:18","slug":"52-miedzynarodowy-kongres-eucharystyczny-5-12-09-2021","status":"publish","type":"post","link":"https:\/\/pakosc-kalwaria.franciszkanie.net\/index.php\/2021\/09\/04\/52-miedzynarodowy-kongres-eucharystyczny-5-12-09-2021\/","title":{"rendered":"52. Mi\u0119dzynarodowy Kongres Eucharystyczny 5 &#8211; 12.09.2021. W Eucharystii jest \u017ar\u00f3d\u0142o \u017cycia!"},"content":{"rendered":"<p><strong>Pod has\u0142em <span style=\"color: #ff0000;\">\u201eW Tobie s\u0105 wszystkie me \u017ar\u00f3d\u0142a\u201d<\/span> odbywa si\u0119 w dniach <span style=\"color: #ff0000;\">5-12 wrze\u015bnia br. 52. Mi\u0119dzynarodowy Kongres Eucharystyczny w Budapeszcie<\/span> z udzia\u0142em papie\u017ca Franciszka.<br \/>\n<\/strong><\/p>\n<p>Kongres rozpoczyna si\u0119 5 wrze\u015bnia Msz\u0105 \u015bwi\u0119t\u0105 na Placu Bohater\u00f3w w centrum Budapesztu. B\u0119dzie ona po\u0142\u0105czona z Pierwsz\u0105 Komuni\u0105 i rozpocz\u0119ciem roku szkolnego dla katolickich o\u015brodk\u00f3w o\u015bwiatowych. W kolejnych dniach do 10 wrze\u015bnia Kongres przeniesie si\u0119 do hali Hungexpo. W programie przewidziano prelekcje, \u015bwiadectwa, katechezy, dyskusje panelowe, a tak\u017ce wydarzenia kulturalne.<\/p>\n<p>W Kongresie b\u0119dzie uczestniczy\u0107 dwunastu biskup\u00f3w z Polski: abp Stanis\u0142aw G\u0105decki, arcybiskup pozna\u0144ski, przewodnicz\u0105cy Konferencji Episkopatu Polski, wiceprzewodnicz\u0105cy CCEE; bp Andrzej F. Dziuba, biskup \u0142owicki, delegat Konferencji Episkopatu Polski na Mi\u0119dzynarodowe Kongresu Eucharystyczne; abp Eugeniusz Popowicz, arcybiskup archidiecezji przemysko-warszawskiej obrz\u0105dku grecko-katolickiego; bp Arkadiusz Trochanowski. biskup diecezji olszty\u0144ski-gda\u0144skiej obrz\u0105dku grecko-katolickiego; bp W\u0142odzimierz R. Juszczak OSBM, biskup diecezji wroc\u0142awsko-koszali\u0144skiej obrz\u0105dku grecko-katolickiego; bp Wies\u0142aw Lechowicz, biskup pomocniczy diecezji tarnowskiej, przewodnicz\u0105cy Komisji ds. Polonii i Polak\u00f3w za Granic\u0105; bp Jacek Grzybowski, biskup pomocniczy diecezji warszawsko-praskiej; bp Grzegorz Olszowski, biskup pomocniczy archidiecezji katowickiej; bp Adrian J. Galbas, SAC, biskup pomocniczy diecezji e\u0142ckiej; bp Robert Chrz\u0105szcz, biskup pomocniczy archidiecezji krakowskiej; bp Stanis\u0142aw Jamrozek, biskup pomocniczy archidiecezji przemyskiej obrz\u0105dku \u0142aci\u0144skiego; bp Adam Ba\u0142abuch, biskup pomocniczy diecezji \u015bwidnickiej.<\/p>\n<p>Msza \u015bw. w j\u0119zyku polskim \u2013 \u0142aci\u0144skim b\u0119dzie mia\u0142a miejsce 8 wrze\u015bnia o godz. 17 (Budapest Magyarok Nagyassonya \u2013 templom,\u00a0 Magyarok Nagyassonya ter 1, Budapest 1089).<\/p>\n<p>11 wrze\u015bnia rozpocznie si\u0119 dwudniowy kulminacyjny etap Kongresu Eucharystycznego. Kard. P\u00e9ter Erd\u0151 odprawi tego dnia Msz\u0119 \u015bwi\u0119t\u0105 na Placu Kossutha, a nast\u0119pnie poprowadzi procesj\u0119 eucharystyczn\u0105 do Placu Bohater\u00f3w. Tam te\u017c nast\u0119pnego dnia odb\u0119dzie si\u0119 celebracja wie\u0144cz\u0105ca Kongres Eucharystyczny z udzia\u0142em papie\u017ca Franciszka.<\/p>\n<p>Pierwszy Mi\u0119dzynarodowy Kongres Eucharystyczny odby\u0142 si\u0119 we Francji w 1881 roku.\u00a0Celem tego wydarzenia jest dawanie \u015bwiadectwa o realnej obecno\u015bci Jezusa w Naj\u015bwi\u0119tszym Sakramencie oraz promowanie lepszego zrozumienia liturgii i Eucharystii w \u017cyciu Ko\u015bcio\u0142a. Kongresy odbywaj\u0105 si\u0119 zwyczajowo co cztery lata. Ostatni odby\u0142 si\u0119 na Filipinach.<\/p>\n<p>Wi\u0119cej informacji o Kongresie na stronie: <a href=\"http:\/\/www.iec2020.hu\">www.iec2020.hu<\/a>.<br \/>\nvaticannews.va \/ BP KEP<\/p>\n<p><span style=\"color: #ff0000;\"><strong>Idea kongres\u00f3w eucharystycznych narodzi\u0142a si\u0119 we Francji w drugiej po\u0142owie XIX wieku.<\/strong><\/span> Pierwszy z nich, przygotowany dzi\u0119ki wielkiemu zaanga\u017cowaniu \u015bwieckiej Francuzki \u00c9milie-Marie Tamisier, odby\u0142 si\u0119 w 1881 roku w Lille, z udzia\u0142em przedstawicieli 10 pa\u0144stw \u00f3wczesnej Europy. Kolejne, organizowane \u015brednio w odst\u0119pie 2-3 lat, odbywa\u0142y si\u0119 we Francji, Belgii i Szwajcarii, a dzi\u0119ki papie\u017cowi Leonowi XIII w 1893 roku w Jerozolimie \u2013 po raz pierwszy poza Europ\u0105. W 140-letniej historii, tylko jedna z dotychczasowych edycji Kongresu odby\u0142a si\u0119 w Polsce: w 1997 r. gospodarzem tego wydarzenia by\u0142 Wroc\u0142aw.<br \/>\nNatomiast Budapeszt go\u015bci\u0142 ju\u017c 34. Kongres w maju 1938 roku. Na ko\u0144cowej Mszy na Placu Bohater\u00f3w zgromadzi\u0142o si\u0119 w\u00f3wczas p\u00f3l miliona wiernych<br \/>\n52. Kongres powinien odby\u0107 si\u0119 w 2020 roku, ale plany zak\u0142\u00f3ci\u0142a pandemia koronawirusa i przeniesiono go na rok 2021. Symbolem spotkania jest ponad trzymetrowy d\u0119bowy krzy\u017c, wykonany w 2007 r. z okazji Misji dla Miasta, pob\u0142ogos\u0142awiony przez papie\u017ca Franciszka i przechowywany w katedrze w Ostrzyhomiu. Bogato zdobiony, skrywa w sobie relikwiarz Krzy\u017ca \u015awi\u0119tego oraz relikwie w\u0119gierskich \u015bwi\u0119tych.<br \/>\nWiadomo ju\u017c, \u017ce kolejny, 53. Mi\u0119dzynarodowy Kongres Eucharystyczny odb\u0119dzie si\u0119 w 2024 roku w Quito, stolicy Ekwadoru, z okazji 150. rocznicy po\u015bwi\u0119cenia tego kraju Naj\u015bwi\u0119tszemu Sercu Jezusa.<br \/>\n\/ekai\/<br \/>\n<span style=\"color: #ff0000;\"><br \/>\n<strong><span style=\"text-decoration: underline;\">Z<\/span><span style=\"text-decoration: underline;\"><span style=\"color: #ff0000; text-decoration: underline;\"> r<\/span>ozpocz\u0119cia Kongresu Eucharystycznego:<\/span><br \/>\n<\/strong><\/span>Czujemy, \u017ce nasze \u017cycie nie zale\u017cy jedynie od naszych ludzkich si\u0142, to Eucharystia jest \u017ar\u00f3d\u0142em si\u0142 i \u017cycia dla chrze\u015bcijan. Niech Pan B\u00f3g pozwoli nam do\u015bwiadczy\u0107,\u00a0 \u017ce Chrystus jest z nami w Eucharystii! \u017be nie zostawia w osamotnieniu Ko\u015bcio\u0142a, narod\u00f3w, ludzko\u015bci. Wszystkie nasze si\u0142y i nadzieje pochodz\u0105 od Niego. Eucharystia jest \u017ar\u00f3d\u0142em, kt\u00f3re zasila nasze \u017cycie chrze\u015bcija\u0144skie, nasz\u0105 misj\u0119.<br \/>\nPrzes\u0142anie Ewangelii jest przes\u0142aniem pokoju i otuchy, kt\u00f3rego bardzo potrzebuje wsp\u00f3\u0142czesny \u015bwiat i kt\u00f3re powinno dotrze\u0107 do najdalszych zak\u0105tk\u00f3w \u015bwiata. G\u0142os wierz\u0105cych m\u00f3wi do wsp\u00f3\u0142czesnego cz\u0142owieka: nie jeste\u015b sam w nieprzyjaznym \u015bwiecie, nie jeste\u015b sam wobec wspania\u0142ej tajemnicy \u017cycia, nie jeste\u015b sam ze swoim pragnieniem wiecznej wolno\u015bci. Gdziekolwiek jeste\u015b, nie pozostajesz niewidoczny, B\u00f3g patrzy na ciebie z mi\u0142o\u015bci\u0105; nie jeste\u015b osierocony, B\u00f3g jest ci Ojcem, jeste\u015b warty krwi Chrystusa, Odkupiciela \u015bwiata i Chleba \u017cycia wiecznego. Nie b\u00f3j si\u0119: B\u00f3g nie umar\u0142, Eucharystia przezwyci\u0119\u017ca ka\u017cd\u0105 samotno\u015b\u0107, ka\u017cdy dystans, ka\u017cd\u0105 oboj\u0119tno\u015b\u0107. Tego przes\u0142ania Ko\u015bci\u00f3\u0142 nie mo\u017ce zatrzymywa\u0107 dla siebie. Ko\u015bci\u00f3\u0142 nie mo\u017ce milcze\u0107, nie mo\u017ce ogranicza\u0107 si\u0119 do ciszy: musi nadawa\u0107 twarzy ka\u017cdego cz\u0142owieka wspania\u0142y blask Chrystusa zmartwychwsta\u0142ego.<br \/>\nDzieci i m\u0142odzie\u017c te\u017c maj\u0105 swoje wa\u017cne miejsce w Ko\u015bciele, kt\u00f3ry docenia si\u0142\u0119 ich \u015bwiadectwa wiary. Ko\u015bci\u00f3\u0142 was potrzebuje, waszej m\u0142odo\u015bci, waszego entuzjazmu, a wy potrzebujecie Jezusa. Wszystko szybko si\u0119 starzeje, tylko B\u00f3g pozostaje zawsze m\u0142ody, a Ko\u015bci\u00f3\u0142 jest prawdziw\u0105 m\u0142odo\u015bci\u0105 \u015bwiata, poniewa\u017c strze\u017ce sakramentu Cia\u0142a Chrystusa. Niech Eucharystia b\u0119dzie centrum waszych dni. Wszystkich dni!<\/p>\n","protected":false},"excerpt":{"rendered":"<p>Pod has\u0142em \u201eW Tobie s\u0105 wszystkie me \u017ar\u00f3d\u0142a\u201d odbywa si\u0119 w dniach 5-12 wrze\u015bnia br. 52. Mi\u0119dzynarodowy Kongres Eucharystyczny w Budapeszcie z udzia\u0142em papie\u017ca Franciszka. Kongres rozpoczyna si\u0119 5 wrze\u015bnia Msz\u0105 \u015bwi\u0119t\u0105 na Placu Bohater\u00f3w w centrum Budapesztu. B\u0119dzie ona po\u0142\u0105czona z Pierwsz\u0105 Komuni\u0105 i rozpocz\u0119ciem roku szkolnego dla katolickich o\u015brodk\u00f3w o\u015bwiatowych. W kolejnych dniach &hellip;<\/p>\n","protected":false},"author":2,"featured_media":19643,"comment_status":"closed","ping_status":"closed","sticky":false,"template":"","format":"standard","meta":{"_mi_skip_tracking":false,"_exactmetrics_sitenote_active":false,"_exactmetrics_sitenote_note":"","_exactmetrics_sitenote_category":0},"categories":[13],"tags":[],"yoast_head":"<!-- This site is optimized with the Yoast SEO plugin v18.1 - https:\/\/yoast.com\/wordpress\/plugins\/seo\/ -->\n<title>52. Mi\u0119dzynarodowy Kongres Eucharystyczny 5 - 12.09.2021. W Eucharystii jest \u017ar\u00f3d\u0142o \u017cycia! - Pako\u015b\u0107 \u2013 Kalwaria<\/title>\n<meta name=\"robots\" content=\"index, follow, max-snippet:-1, max-image-preview:large, max-video-preview:-1\" \/>\n<link rel=\"canonical\" href=\"https:\/\/pakosc-kalwaria.franciszkanie.net\/index.php\/2021\/09\/04\/52-miedzynarodowy-kongres-eucharystyczny-5-12-09-2021\/\" \/>\n<meta property=\"og:locale\" content=\"pl_PL\" \/>\n<meta property=\"og:type\" content=\"article\" \/>\n<meta property=\"og:title\" content=\"52. Mi\u0119dzynarodowy Kongres Eucharystyczny 5 - 12.09.2021. W Eucharystii jest \u017ar\u00f3d\u0142o \u017cycia! - Pako\u015b\u0107 \u2013 Kalwaria\" \/>\n<meta property=\"og:description\" content=\"Pod has\u0142em \u201eW Tobie s\u0105 wszystkie me \u017ar\u00f3d\u0142a\u201d odbywa si\u0119 w dniach 5-12 wrze\u015bnia br. 52. Mi\u0119dzynarodowy Kongres Eucharystyczny w Budapeszcie z udzia\u0142em papie\u017ca Franciszka. Kongres rozpoczyna si\u0119 5 wrze\u015bnia Msz\u0105 \u015bwi\u0119t\u0105 na Placu Bohater\u00f3w w centrum Budapesztu. B\u0119dzie ona po\u0142\u0105czona z Pierwsz\u0105 Komuni\u0105 i rozpocz\u0119ciem roku szkolnego dla katolickich o\u015brodk\u00f3w o\u015bwiatowych. W kolejnych dniach &hellip;\" \/>\n<meta property=\"og:url\" content=\"https:\/\/pakosc-kalwaria.franciszkanie.net\/index.php\/2021\/09\/04\/52-miedzynarodowy-kongres-eucharystyczny-5-12-09-2021\/\" \/>\n<meta property=\"og:site_name\" content=\"Pako\u015b\u0107 \u2013 Kalwaria\" \/>\n<meta property=\"article:author\" content=\"https:\/\/www.facebook.com\/KalwariaPakosc\/\" \/>\n<meta property=\"article:published_time\" content=\"2021-09-04T06:45:32+00:00\" \/>\n<meta property=\"article:modified_time\" content=\"2021-09-10T12:27:18+00:00\" \/>\n<meta property=\"og:image\" content=\"https:\/\/pakosc-kalwaria.franciszkanie.net\/wp-content\/uploads\/2021\/09\/IMG_5717.jpg\" \/>\n\t<meta property=\"og:image:width\" content=\"350\" \/>\n\t<meta property=\"og:image:height\" content=\"233\" \/>\n\t<meta property=\"og:image:type\" content=\"image\/jpeg\" \/>\n<meta name=\"twitter:card\" content=\"summary\" \/>\n<meta name=\"twitter:label1\" content=\"Napisane przez\" \/>\n\t<meta name=\"twitter:data1\" content=\"pakosc-kalwaria\" \/>\n\t<meta name=\"twitter:label2\" content=\"Szacowany czas czytania\" \/>\n\t<meta name=\"twitter:data2\" content=\"4 minuty\" \/>\n<script type=\"application\/ld+json\" class=\"yoast-schema-graph\">{\"@context\":\"https:\/\/schema.org\",\"@graph\":[{\"@type\":\"WebSite\",\"@id\":\"https:\/\/pakosc-kalwaria.franciszkanie.net\/#website\",\"url\":\"https:\/\/pakosc-kalwaria.franciszkanie.net\/\",\"name\":\"Pako\u015b\u0107 \u2013 Kalwaria\",\"description\":\"Parafia Rzymsko \u2013 Katolicka p.w. Pana Jezusa Ukrzy\u017cowanego i  Matki Bo\u017cej Bolesnej ul. Barci\u0144ska 60, 88\u2013170 Pako\u015b\u0107 \u2013 Kalwaria\",\"potentialAction\":[{\"@type\":\"SearchAction\",\"target\":{\"@type\":\"EntryPoint\",\"urlTemplate\":\"https:\/\/pakosc-kalwaria.franciszkanie.net\/?s={search_term_string}\"},\"query-input\":\"required name=search_term_string\"}],\"inLanguage\":\"pl-PL\"},{\"@type\":\"ImageObject\",\"@id\":\"https:\/\/pakosc-kalwaria.franciszkanie.net\/index.php\/2021\/09\/04\/52-miedzynarodowy-kongres-eucharystyczny-5-12-09-2021\/#primaryimage\",\"inLanguage\":\"pl-PL\",\"url\":\"https:\/\/pakosc-kalwaria.franciszkanie.net\/wp-content\/uploads\/2021\/09\/IMG_5717.jpg\",\"contentUrl\":\"https:\/\/pakosc-kalwaria.franciszkanie.net\/wp-content\/uploads\/2021\/09\/IMG_5717.jpg\",\"width\":350,\"height\":233},{\"@type\":\"WebPage\",\"@id\":\"https:\/\/pakosc-kalwaria.franciszkanie.net\/index.php\/2021\/09\/04\/52-miedzynarodowy-kongres-eucharystyczny-5-12-09-2021\/#webpage\",\"url\":\"https:\/\/pakosc-kalwaria.franciszkanie.net\/index.php\/2021\/09\/04\/52-miedzynarodowy-kongres-eucharystyczny-5-12-09-2021\/\",\"name\":\"52. Mi\u0119dzynarodowy Kongres Eucharystyczny 5 - 12.09.2021. W Eucharystii jest \u017ar\u00f3d\u0142o \u017cycia! - Pako\u015b\u0107 \u2013 Kalwaria\",\"isPartOf\":{\"@id\":\"https:\/\/pakosc-kalwaria.franciszkanie.net\/#website\"},\"primaryImageOfPage\":{\"@id\":\"https:\/\/pakosc-kalwaria.franciszkanie.net\/index.php\/2021\/09\/04\/52-miedzynarodowy-kongres-eucharystyczny-5-12-09-2021\/#primaryimage\"},\"datePublished\":\"2021-09-04T06:45:32+00:00\",\"dateModified\":\"2021-09-10T12:27:18+00:00\",\"author\":{\"@id\":\"https:\/\/pakosc-kalwaria.franciszkanie.net\/#\/schema\/person\/af10b943be0760709227d060eadcb2aa\"},\"breadcrumb\":{\"@id\":\"https:\/\/pakosc-kalwaria.franciszkanie.net\/index.php\/2021\/09\/04\/52-miedzynarodowy-kongres-eucharystyczny-5-12-09-2021\/#breadcrumb\"},\"inLanguage\":\"pl-PL\",\"potentialAction\":[{\"@type\":\"ReadAction\",\"target\":[\"https:\/\/pakosc-kalwaria.franciszkanie.net\/index.php\/2021\/09\/04\/52-miedzynarodowy-kongres-eucharystyczny-5-12-09-2021\/\"]}]},{\"@type\":\"BreadcrumbList\",\"@id\":\"https:\/\/pakosc-kalwaria.franciszkanie.net\/index.php\/2021\/09\/04\/52-miedzynarodowy-kongres-eucharystyczny-5-12-09-2021\/#breadcrumb\",\"itemListElement\":[{\"@type\":\"ListItem\",\"position\":1,\"name\":\"Strona g\u0142\u00f3wna\",\"item\":\"https:\/\/pakosc-kalwaria.franciszkanie.net\/\"},{\"@type\":\"ListItem\",\"position\":2,\"name\":\"52. Mi\u0119dzynarodowy Kongres Eucharystyczny 5 &#8211; 12.09.2021. W Eucharystii jest \u017ar\u00f3d\u0142o \u017cycia!\"}]},{\"@type\":\"Person\",\"@id\":\"https:\/\/pakosc-kalwaria.franciszkanie.net\/#\/schema\/person\/af10b943be0760709227d060eadcb2aa\",\"name\":\"pakosc-kalwaria\",\"image\":{\"@type\":\"ImageObject\",\"@id\":\"https:\/\/pakosc-kalwaria.franciszkanie.net\/#personlogo\",\"inLanguage\":\"pl-PL\",\"url\":\"https:\/\/secure.gravatar.com\/avatar\/e7049d338b55eac6a0027ff3218b8d02?s=96&d=mm&r=g\",\"contentUrl\":\"https:\/\/secure.gravatar.com\/avatar\/e7049d338b55eac6a0027ff3218b8d02?s=96&d=mm&r=g\",\"caption\":\"pakosc-kalwaria\"},\"sameAs\":[\"https:\/\/www.facebook.com\/KalwariaPakosc\/\"],\"url\":\"https:\/\/pakosc-kalwaria.franciszkanie.net\/index.php\/author\/pakosc-kalwaria\/\"}]}<\/script>\n<!-- \/ Yoast SEO plugin. -->","yoast_head_json":{"title":"52. Mi\u0119dzynarodowy Kongres Eucharystyczny 5 - 12.09.2021. W Eucharystii jest \u017ar\u00f3d\u0142o \u017cycia! - Pako\u015b\u0107 \u2013 Kalwaria","robots":{"index":"index","follow":"follow","max-snippet":"max-snippet:-1","max-image-preview":"max-image-preview:large","max-video-preview":"max-video-preview:-1"},"canonical":"https:\/\/pakosc-kalwaria.franciszkanie.net\/index.php\/2021\/09\/04\/52-miedzynarodowy-kongres-eucharystyczny-5-12-09-2021\/","og_locale":"pl_PL","og_type":"article","og_title":"52. Mi\u0119dzynarodowy Kongres Eucharystyczny 5 - 12.09.2021. W Eucharystii jest \u017ar\u00f3d\u0142o \u017cycia! - Pako\u015b\u0107 \u2013 Kalwaria","og_description":"Pod has\u0142em \u201eW Tobie s\u0105 wszystkie me \u017ar\u00f3d\u0142a\u201d odbywa si\u0119 w dniach 5-12 wrze\u015bnia br. 52. Mi\u0119dzynarodowy Kongres Eucharystyczny w Budapeszcie z udzia\u0142em papie\u017ca Franciszka. Kongres rozpoczyna si\u0119 5 wrze\u015bnia Msz\u0105 \u015bwi\u0119t\u0105 na Placu Bohater\u00f3w w centrum Budapesztu. B\u0119dzie ona po\u0142\u0105czona z Pierwsz\u0105 Komuni\u0105 i rozpocz\u0119ciem roku szkolnego dla katolickich o\u015brodk\u00f3w o\u015bwiatowych. W kolejnych dniach &hellip;","og_url":"https:\/\/pakosc-kalwaria.franciszkanie.net\/index.php\/2021\/09\/04\/52-miedzynarodowy-kongres-eucharystyczny-5-12-09-2021\/","og_site_name":"Pako\u015b\u0107 \u2013 Kalwaria","article_author":"https:\/\/www.facebook.com\/KalwariaPakosc\/","article_published_time":"2021-09-04T06:45:32+00:00","article_modified_time":"2021-09-10T12:27:18+00:00","og_image":[{"width":350,"height":233,"url":"https:\/\/pakosc-kalwaria.franciszkanie.net\/wp-content\/uploads\/2021\/09\/IMG_5717.jpg","type":"image\/jpeg"}],"twitter_card":"summary","twitter_misc":{"Napisane przez":"pakosc-kalwaria","Szacowany czas czytania":"4 minuty"},"schema":{"@context":"https:\/\/schema.org","@graph":[{"@type":"WebSite","@id":"https:\/\/pakosc-kalwaria.franciszkanie.net\/#website","url":"https:\/\/pakosc-kalwaria.franciszkanie.net\/","name":"Pako\u015b\u0107 \u2013 Kalwaria","description":"Parafia Rzymsko \u2013 Katolicka p.w. Pana Jezusa Ukrzy\u017cowanego i  Matki Bo\u017cej Bolesnej ul. Barci\u0144ska 60, 88\u2013170 Pako\u015b\u0107 \u2013 Kalwaria","potentialAction":[{"@type":"SearchAction","target":{"@type":"EntryPoint","urlTemplate":"https:\/\/pakosc-kalwaria.franciszkanie.net\/?s={search_term_string}"},"query-input":"required name=search_term_string"}],"inLanguage":"pl-PL"},{"@type":"ImageObject","@id":"https:\/\/pakosc-kalwaria.franciszkanie.net\/index.php\/2021\/09\/04\/52-miedzynarodowy-kongres-eucharystyczny-5-12-09-2021\/#primaryimage","inLanguage":"pl-PL","url":"https:\/\/pakosc-kalwaria.franciszkanie.net\/wp-content\/uploads\/2021\/09\/IMG_5717.jpg","contentUrl":"https:\/\/pakosc-kalwaria.franciszkanie.net\/wp-content\/uploads\/2021\/09\/IMG_5717.jpg","width":350,"height":233},{"@type":"WebPage","@id":"https:\/\/pakosc-kalwaria.franciszkanie.net\/index.php\/2021\/09\/04\/52-miedzynarodowy-kongres-eucharystyczny-5-12-09-2021\/#webpage","url":"https:\/\/pakosc-kalwaria.franciszkanie.net\/index.php\/2021\/09\/04\/52-miedzynarodowy-kongres-eucharystyczny-5-12-09-2021\/","name":"52. Mi\u0119dzynarodowy Kongres Eucharystyczny 5 - 12.09.2021. W Eucharystii jest \u017ar\u00f3d\u0142o \u017cycia! - Pako\u015b\u0107 \u2013 Kalwaria","isPartOf":{"@id":"https:\/\/pakosc-kalwaria.franciszkanie.net\/#website"},"primaryImageOfPage":{"@id":"https:\/\/pakosc-kalwaria.franciszkanie.net\/index.php\/2021\/09\/04\/52-miedzynarodowy-kongres-eucharystyczny-5-12-09-2021\/#primaryimage"},"datePublished":"2021-09-04T06:45:32+00:00","dateModified":"2021-09-10T12:27:18+00:00","author":{"@id":"https:\/\/pakosc-kalwaria.franciszkanie.net\/#\/schema\/person\/af10b943be0760709227d060eadcb2aa"},"breadcrumb":{"@id":"https:\/\/pakosc-kalwaria.franciszkanie.net\/index.php\/2021\/09\/04\/52-miedzynarodowy-kongres-eucharystyczny-5-12-09-2021\/#breadcrumb"},"inLanguage":"pl-PL","potentialAction":[{"@type":"ReadAction","target":["https:\/\/pakosc-kalwaria.franciszkanie.net\/index.php\/2021\/09\/04\/52-miedzynarodowy-kongres-eucharystyczny-5-12-09-2021\/"]}]},{"@type":"BreadcrumbList","@id":"https:\/\/pakosc-kalwaria.franciszkanie.net\/index.php\/2021\/09\/04\/52-miedzynarodowy-kongres-eucharystyczny-5-12-09-2021\/#breadcrumb","itemListElement":[{"@type":"ListItem","position":1,"name":"Strona g\u0142\u00f3wna","item":"https:\/\/pakosc-kalwaria.franciszkanie.net\/"},{"@type":"ListItem","position":2,"name":"52. Mi\u0119dzynarodowy Kongres Eucharystyczny 5 &#8211; 12.09.2021. W Eucharystii jest \u017ar\u00f3d\u0142o \u017cycia!"}]},{"@type":"Person","@id":"https:\/\/pakosc-kalwaria.franciszkanie.net\/#\/schema\/person\/af10b943be0760709227d060eadcb2aa","name":"pakosc-kalwaria","image":{"@type":"ImageObject","@id":"https:\/\/pakosc-kalwaria.franciszkanie.net\/#personlogo","inLanguage":"pl-PL","url":"https:\/\/secure.gravatar.com\/avatar\/e7049d338b55eac6a0027ff3218b8d02?s=96&d=mm&r=g","contentUrl":"https:\/\/secure.gravatar.com\/avatar\/e7049d338b55eac6a0027ff3218b8d02?s=96&d=mm&r=g","caption":"pakosc-kalwaria"},"sameAs":["https:\/\/www.facebook.com\/KalwariaPakosc\/"],"url":"https:\/\/pakosc-kalwaria.franciszkanie.net\/index.php\/author\/pakosc-kalwaria\/"}]}},"_links":{"self":[{"href":"https:\/\/pakosc-kalwaria.franciszkanie.net\/index.php\/wp-json\/wp\/v2\/posts\/19642"}],"collection":[{"href":"https:\/\/pakosc-kalwaria.franciszkanie.net\/index.php\/wp-json\/wp\/v2\/posts"}],"about":[{"href":"https:\/\/pakosc-kalwaria.franciszkanie.net\/index.php\/wp-json\/wp\/v2\/types\/post"}],"author":[{"embeddable":true,"href":"https:\/\/pakosc-kalwaria.franciszkanie.net\/index.php\/wp-json\/wp\/v2\/users\/2"}],"replies":[{"embeddable":true,"href":"https:\/\/pakosc-kalwaria.franciszkanie.net\/index.php\/wp-json\/wp\/v2\/comments?post=19642"}],"version-history":[{"count":9,"href":"https:\/\/pakosc-kalwaria.franciszkanie.net\/index.php\/wp-json\/wp\/v2\/posts\/19642\/revisions"}],"predecessor-version":[{"id":19687,"href":"https:\/\/pakosc-kalwaria.franciszkanie.net\/index.php\/wp-json\/wp\/v2\/posts\/19642\/revisions\/19687"}],"wp:featuredmedia":[{"embeddable":true,"href":"https:\/\/pakosc-kalwaria.franciszkanie.net\/index.php\/wp-json\/wp\/v2\/media\/19643"}],"wp:attachment":[{"href":"https:\/\/pakosc-kalwaria.franciszkanie.net\/index.php\/wp-json\/wp\/v2\/media?parent=19642"}],"wp:term":[{"taxonomy":"category","embeddable":true,"href":"https:\/\/pakosc-kalwaria.franciszkanie.net\/index.php\/wp-json\/wp\/v2\/categories?post=19642"},{"taxonomy":"post_tag","embeddable":true,"href":"https:\/\/pakosc-kalwaria.franciszkanie.net\/index.php\/wp-json\/wp\/v2\/tags?post=19642"}],"curies":[{"name":"wp","href":"https:\/\/api.w.org\/{rel}","templated":true}]}}