{"id":19682,"date":"2021-09-11T21:00:51","date_gmt":"2021-09-11T19:00:51","guid":{"rendered":"http:\/\/pakosc-kalwaria.franciszkanie.net\/?p=19682"},"modified":"2021-09-20T07:29:56","modified_gmt":"2021-09-20T05:29:56","slug":"dzien-braterstwa-franciszkanskiego-zakonu-swieckich-i-mlodziezy-franciszkanskiej-18-wrzesnia-2021r","status":"publish","type":"post","link":"https:\/\/pakosc-kalwaria.franciszkanie.net\/index.php\/2021\/09\/11\/dzien-braterstwa-franciszkanskiego-zakonu-swieckich-i-mlodziezy-franciszkanskiej-18-wrzesnia-2021r\/","title":{"rendered":"Dzie\u0144 Braterstwa Franciszka\u0144skiego Zakonu \u015awieckich  i M\u0142odzie\u017cy Franciszka\u0144skiej"},"content":{"rendered":"<p><strong><span style=\"color: #ff0000;\">W sobot\u0119 18 wrze\u015bnia 2021r., z okazji Jubileuszu 800.lecia powstania III Zakonu \u015awi\u0119tego Franciszka<\/span> oraz Rok \u015awi\u0119tego J\u00f3zefa, odb\u0119dzie si\u0119 <span style=\"color: #ff0000;\">w Pako\u015bci Dzie\u0144 Braterstwa<\/span> <span style=\"color: #ff0000;\">Franciszka\u0144skiego Zakonu \u015awieckich i M\u0142odzie\u017cy Franciszka\u0144skiej <span style=\"color: #000000;\">z Regionu pozna\u0144skiego<\/span><\/span><span style=\"color: #000000;\">,<\/span> pod has\u0142em: &#8222;S\u0142u\u017cmy Panu z rado\u015bci\u0105, b\u0105d\u017amy s\u0142ugami Jego ludu\u201d &#8211; \u015bw. Jan Pawe\u0142 II do na\u015bladowc\u00f3w \u015bw. Franciszka. <\/strong><\/p>\n<p><strong><span style=\"color: #ff0000;\">Oto Program Dnia Braterskiego<\/span><br \/>\nW ko\u015bciele \u015bw. Bonawentury:<br \/>\n9.30 &#8211; Rejestracja przyby\u0142ych wsp\u00f3lnot<\/strong><br \/>\n<strong>10.00 &#8211; Powitanie<br \/>\n<\/strong><strong>10.15 &#8211; Godzinki do \u015bw. Franciszka<br \/>\n<\/strong><strong>10.40 &#8211; Akatyst ku czci \u015bw. J\u00f3zefa i <\/strong><strong>Akt po\u015bwi\u0119cenia si\u0119 \u015bw. J\u00f3zefowi<br \/>\n<\/strong><strong><br \/>\n<span style=\"color: #ff0000;\">11.30 &#8211; Droga Krzy\u017cowa na dr\u00f3\u017ckach kalwaryjskich<\/span><br \/>\n<\/strong><strong><br \/>\n<span style=\"color: #ff0000;\">13.00 &#8211; Msza \u015bw. na Wzg\u00f3rzu Kalwaryjskim<\/span> (przy o\u0142tarzu polowym) &#8211; <\/strong><strong>przewodniczy o. Ewaryst Gr\u0119da OFM)<\/strong><\/p>\n<p><strong>14.00 &#8211; Obiad<\/strong><\/p>\n<p><strong>15.00 \u2013 Koronka do Bo\u017cego Mi\u0142osierdzia i konferencja<\/strong> \u2013 <strong>o. Franciszek Chodkowski OFM<\/strong><\/p>\n<p><strong>16.00 &#8211; Zako\u0144czenie z uczczeniem relikwii Krzy\u017ca \u015bwi\u0119tego<\/strong><\/p>\n<p><strong>Wszystkich bardzo serdecznie zapraszamy do wsp\u00f3lnej modlitwy i wsp\u00f3lnego \u015bwi\u0119towania tego wyj\u0105tkowego wydarzenia!<br \/>\nZ franciszka\u0144skim pozdrowieniem: <\/strong><strong>Pok\u00f3j i Dobro&#8221;!<\/strong><\/p>\n<p>&nbsp;<\/p>\n<p class=\"tresc\"><strong>Franciszka\u0144ski Zakon \u015awieckich<\/strong> jest otwarty dla wszystkich pe\u0142noletnich katolik\u00f3w, kt\u00f3rzy pragn\u0105 na\u015bladowa\u0107 \u015bw. Franciszka, \u017cyj\u0105c w stanie \u015bwieckim wed\u0142ug Ewangelii. Obecnie na \u015bwiecie jest ok. 400 tys. tercjarzy, w tym ponad 6 tys. w Polsce w 544 wsp\u00f3lnotach w 18 regionach. W 1978 r. papie\u017c Pawe\u0142 VI nada\u0142 \u015bwieckim franciszkanom odnowion\u0105 regu\u0142\u0119, kt\u00f3ra wprowadzi\u0142a istotne zmiany w organizacji i pos\u0142udze Trzeciego Zakonu. Zosta\u0142a tak\u017ce zmieniona nazwa wsp\u00f3lnoty na Franciszka\u0144ski Zakon \u015awieckich, kt\u00f3ry odt\u0105d sta\u0142 si\u0119 wsp\u00f3lnot\u0105 autonomiczn\u0105 pod duchow\u0105 opiek\u0105 Pierwszego Zakonu \u015bw. Franciszka: Braci Mniejszych, Braci Mniejszych Konwentualnych i Braci Mniejszych Kapucyn\u00f3w. Patronk\u0105 Franciszka\u0144skiego Zakonu \u015awieckich w Polsce jest b\u0142. Aniela Salawa, a tercjarzami byli m.in. \u015bw. Sebastian Pelczar \u2013 biskup, profesor i rektor Uniwersytetu Jagiello\u0144skiego, \u015bw. Albert Chmielowski malarz \u2013 za\u0142o\u017cyciel zgromadzenia albertyn\u00f3w, \u015bw. ks. Zygmunt Gorazdowski \u2013 opiekun ubogich we Lwowie, Jacek Malczewski &#8211; malarz, J\u00f3zef Haller &#8211; legionista, genera\u0142 Wojska Polskiego oraz b\u0142. kard. Stefan Wyszy\u0144ski.<\/p>\n","protected":false},"excerpt":{"rendered":"<p>W sobot\u0119 18 wrze\u015bnia 2021r., z okazji Jubileuszu 800.lecia powstania III Zakonu \u015awi\u0119tego Franciszka oraz Rok \u015awi\u0119tego J\u00f3zefa, odb\u0119dzie si\u0119 w Pako\u015bci Dzie\u0144 Braterstwa Franciszka\u0144skiego Zakonu \u015awieckich i M\u0142odzie\u017cy Franciszka\u0144skiej z Regionu pozna\u0144skiego, pod has\u0142em: &#8222;S\u0142u\u017cmy Panu z rado\u015bci\u0105, b\u0105d\u017amy s\u0142ugami Jego ludu\u201d &#8211; \u015bw. Jan Pawe\u0142 II do na\u015bladowc\u00f3w \u015bw. Franciszka. Oto Program Dnia &hellip;<\/p>\n","protected":false},"author":2,"featured_media":19683,"comment_status":"closed","ping_status":"closed","sticky":false,"template":"","format":"standard","meta":{"_mi_skip_tracking":false,"_exactmetrics_sitenote_active":false,"_exactmetrics_sitenote_note":"","_exactmetrics_sitenote_category":0},"categories":[13,14],"tags":[],"yoast_head":"<!-- This site is optimized with the Yoast SEO plugin v18.1 - https:\/\/yoast.com\/wordpress\/plugins\/seo\/ -->\n<title>Dzie\u0144 Braterstwa Franciszka\u0144skiego Zakonu \u015awieckich i M\u0142odzie\u017cy Franciszka\u0144skiej - Pako\u015b\u0107 \u2013 Kalwaria<\/title>\n<meta name=\"robots\" content=\"index, follow, max-snippet:-1, max-image-preview:large, max-video-preview:-1\" \/>\n<link rel=\"canonical\" href=\"https:\/\/pakosc-kalwaria.franciszkanie.net\/index.php\/2021\/09\/11\/dzien-braterstwa-franciszkanskiego-zakonu-swieckich-i-mlodziezy-franciszkanskiej-18-wrzesnia-2021r\/\" \/>\n<meta property=\"og:locale\" content=\"pl_PL\" \/>\n<meta property=\"og:type\" content=\"article\" \/>\n<meta property=\"og:title\" content=\"Dzie\u0144 Braterstwa Franciszka\u0144skiego Zakonu \u015awieckich i M\u0142odzie\u017cy Franciszka\u0144skiej - Pako\u015b\u0107 \u2013 Kalwaria\" \/>\n<meta property=\"og:description\" content=\"W sobot\u0119 18 wrze\u015bnia 2021r., z okazji Jubileuszu 800.lecia powstania III Zakonu \u015awi\u0119tego Franciszka oraz Rok \u015awi\u0119tego J\u00f3zefa, odb\u0119dzie si\u0119 w Pako\u015bci Dzie\u0144 Braterstwa Franciszka\u0144skiego Zakonu \u015awieckich i M\u0142odzie\u017cy Franciszka\u0144skiej z Regionu pozna\u0144skiego, pod has\u0142em: &#8222;S\u0142u\u017cmy Panu z rado\u015bci\u0105, b\u0105d\u017amy s\u0142ugami Jego ludu\u201d &#8211; \u015bw. Jan Pawe\u0142 II do na\u015bladowc\u00f3w \u015bw. Franciszka. Oto Program Dnia &hellip;\" \/>\n<meta property=\"og:url\" content=\"https:\/\/pakosc-kalwaria.franciszkanie.net\/index.php\/2021\/09\/11\/dzien-braterstwa-franciszkanskiego-zakonu-swieckich-i-mlodziezy-franciszkanskiej-18-wrzesnia-2021r\/\" \/>\n<meta property=\"og:site_name\" content=\"Pako\u015b\u0107 \u2013 Kalwaria\" \/>\n<meta property=\"article:author\" content=\"https:\/\/www.facebook.com\/KalwariaPakosc\/\" \/>\n<meta property=\"article:published_time\" content=\"2021-09-11T19:00:51+00:00\" \/>\n<meta property=\"article:modified_time\" content=\"2021-09-20T05:29:56+00:00\" \/>\n<meta property=\"og:image\" content=\"https:\/\/pakosc-kalwaria.franciszkanie.net\/wp-content\/uploads\/2021\/09\/hqdefault.jpg\" \/>\n\t<meta property=\"og:image:width\" content=\"350\" \/>\n\t<meta property=\"og:image:height\" content=\"262\" \/>\n\t<meta property=\"og:image:type\" content=\"image\/jpeg\" \/>\n<meta name=\"twitter:card\" content=\"summary\" \/>\n<meta name=\"twitter:label1\" content=\"Napisane przez\" \/>\n\t<meta name=\"twitter:data1\" content=\"pakosc-kalwaria\" \/>\n\t<meta name=\"twitter:label2\" content=\"Szacowany czas czytania\" \/>\n\t<meta name=\"twitter:data2\" content=\"2 minuty\" \/>\n<script type=\"application\/ld+json\" class=\"yoast-schema-graph\">{\"@context\":\"https:\/\/schema.org\",\"@graph\":[{\"@type\":\"WebSite\",\"@id\":\"https:\/\/pakosc-kalwaria.franciszkanie.net\/#website\",\"url\":\"https:\/\/pakosc-kalwaria.franciszkanie.net\/\",\"name\":\"Pako\u015b\u0107 \u2013 Kalwaria\",\"description\":\"Parafia Rzymsko \u2013 Katolicka p.w. Pana Jezusa Ukrzy\u017cowanego i  Matki Bo\u017cej Bolesnej ul. Barci\u0144ska 60, 88\u2013170 Pako\u015b\u0107 \u2013 Kalwaria\",\"potentialAction\":[{\"@type\":\"SearchAction\",\"target\":{\"@type\":\"EntryPoint\",\"urlTemplate\":\"https:\/\/pakosc-kalwaria.franciszkanie.net\/?s={search_term_string}\"},\"query-input\":\"required name=search_term_string\"}],\"inLanguage\":\"pl-PL\"},{\"@type\":\"ImageObject\",\"@id\":\"https:\/\/pakosc-kalwaria.franciszkanie.net\/index.php\/2021\/09\/11\/dzien-braterstwa-franciszkanskiego-zakonu-swieckich-i-mlodziezy-franciszkanskiej-18-wrzesnia-2021r\/#primaryimage\",\"inLanguage\":\"pl-PL\",\"url\":\"https:\/\/pakosc-kalwaria.franciszkanie.net\/wp-content\/uploads\/2021\/09\/hqdefault.jpg\",\"contentUrl\":\"https:\/\/pakosc-kalwaria.franciszkanie.net\/wp-content\/uploads\/2021\/09\/hqdefault.jpg\",\"width\":350,\"height\":262},{\"@type\":\"WebPage\",\"@id\":\"https:\/\/pakosc-kalwaria.franciszkanie.net\/index.php\/2021\/09\/11\/dzien-braterstwa-franciszkanskiego-zakonu-swieckich-i-mlodziezy-franciszkanskiej-18-wrzesnia-2021r\/#webpage\",\"url\":\"https:\/\/pakosc-kalwaria.franciszkanie.net\/index.php\/2021\/09\/11\/dzien-braterstwa-franciszkanskiego-zakonu-swieckich-i-mlodziezy-franciszkanskiej-18-wrzesnia-2021r\/\",\"name\":\"Dzie\u0144 Braterstwa Franciszka\u0144skiego Zakonu \u015awieckich i M\u0142odzie\u017cy Franciszka\u0144skiej - Pako\u015b\u0107 \u2013 Kalwaria\",\"isPartOf\":{\"@id\":\"https:\/\/pakosc-kalwaria.franciszkanie.net\/#website\"},\"primaryImageOfPage\":{\"@id\":\"https:\/\/pakosc-kalwaria.franciszkanie.net\/index.php\/2021\/09\/11\/dzien-braterstwa-franciszkanskiego-zakonu-swieckich-i-mlodziezy-franciszkanskiej-18-wrzesnia-2021r\/#primaryimage\"},\"datePublished\":\"2021-09-11T19:00:51+00:00\",\"dateModified\":\"2021-09-20T05:29:56+00:00\",\"author\":{\"@id\":\"https:\/\/pakosc-kalwaria.franciszkanie.net\/#\/schema\/person\/af10b943be0760709227d060eadcb2aa\"},\"breadcrumb\":{\"@id\":\"https:\/\/pakosc-kalwaria.franciszkanie.net\/index.php\/2021\/09\/11\/dzien-braterstwa-franciszkanskiego-zakonu-swieckich-i-mlodziezy-franciszkanskiej-18-wrzesnia-2021r\/#breadcrumb\"},\"inLanguage\":\"pl-PL\",\"potentialAction\":[{\"@type\":\"ReadAction\",\"target\":[\"https:\/\/pakosc-kalwaria.franciszkanie.net\/index.php\/2021\/09\/11\/dzien-braterstwa-franciszkanskiego-zakonu-swieckich-i-mlodziezy-franciszkanskiej-18-wrzesnia-2021r\/\"]}]},{\"@type\":\"BreadcrumbList\",\"@id\":\"https:\/\/pakosc-kalwaria.franciszkanie.net\/index.php\/2021\/09\/11\/dzien-braterstwa-franciszkanskiego-zakonu-swieckich-i-mlodziezy-franciszkanskiej-18-wrzesnia-2021r\/#breadcrumb\",\"itemListElement\":[{\"@type\":\"ListItem\",\"position\":1,\"name\":\"Strona g\u0142\u00f3wna\",\"item\":\"https:\/\/pakosc-kalwaria.franciszkanie.net\/\"},{\"@type\":\"ListItem\",\"position\":2,\"name\":\"Dzie\u0144 Braterstwa Franciszka\u0144skiego Zakonu \u015awieckich i M\u0142odzie\u017cy Franciszka\u0144skiej\"}]},{\"@type\":\"Person\",\"@id\":\"https:\/\/pakosc-kalwaria.franciszkanie.net\/#\/schema\/person\/af10b943be0760709227d060eadcb2aa\",\"name\":\"pakosc-kalwaria\",\"image\":{\"@type\":\"ImageObject\",\"@id\":\"https:\/\/pakosc-kalwaria.franciszkanie.net\/#personlogo\",\"inLanguage\":\"pl-PL\",\"url\":\"https:\/\/secure.gravatar.com\/avatar\/e7049d338b55eac6a0027ff3218b8d02?s=96&d=mm&r=g\",\"contentUrl\":\"https:\/\/secure.gravatar.com\/avatar\/e7049d338b55eac6a0027ff3218b8d02?s=96&d=mm&r=g\",\"caption\":\"pakosc-kalwaria\"},\"sameAs\":[\"https:\/\/www.facebook.com\/KalwariaPakosc\/\"],\"url\":\"https:\/\/pakosc-kalwaria.franciszkanie.net\/index.php\/author\/pakosc-kalwaria\/\"}]}<\/script>\n<!-- \/ Yoast SEO plugin. -->","yoast_head_json":{"title":"Dzie\u0144 Braterstwa Franciszka\u0144skiego Zakonu \u015awieckich i M\u0142odzie\u017cy Franciszka\u0144skiej - Pako\u015b\u0107 \u2013 Kalwaria","robots":{"index":"index","follow":"follow","max-snippet":"max-snippet:-1","max-image-preview":"max-image-preview:large","max-video-preview":"max-video-preview:-1"},"canonical":"https:\/\/pakosc-kalwaria.franciszkanie.net\/index.php\/2021\/09\/11\/dzien-braterstwa-franciszkanskiego-zakonu-swieckich-i-mlodziezy-franciszkanskiej-18-wrzesnia-2021r\/","og_locale":"pl_PL","og_type":"article","og_title":"Dzie\u0144 Braterstwa Franciszka\u0144skiego Zakonu \u015awieckich i M\u0142odzie\u017cy Franciszka\u0144skiej - Pako\u015b\u0107 \u2013 Kalwaria","og_description":"W sobot\u0119 18 wrze\u015bnia 2021r., z okazji Jubileuszu 800.lecia powstania III Zakonu \u015awi\u0119tego Franciszka oraz Rok \u015awi\u0119tego J\u00f3zefa, odb\u0119dzie si\u0119 w Pako\u015bci Dzie\u0144 Braterstwa Franciszka\u0144skiego Zakonu \u015awieckich i M\u0142odzie\u017cy Franciszka\u0144skiej z Regionu pozna\u0144skiego, pod has\u0142em: &#8222;S\u0142u\u017cmy Panu z rado\u015bci\u0105, b\u0105d\u017amy s\u0142ugami Jego ludu\u201d &#8211; \u015bw. Jan Pawe\u0142 II do na\u015bladowc\u00f3w \u015bw. Franciszka. Oto Program Dnia &hellip;","og_url":"https:\/\/pakosc-kalwaria.franciszkanie.net\/index.php\/2021\/09\/11\/dzien-braterstwa-franciszkanskiego-zakonu-swieckich-i-mlodziezy-franciszkanskiej-18-wrzesnia-2021r\/","og_site_name":"Pako\u015b\u0107 \u2013 Kalwaria","article_author":"https:\/\/www.facebook.com\/KalwariaPakosc\/","article_published_time":"2021-09-11T19:00:51+00:00","article_modified_time":"2021-09-20T05:29:56+00:00","og_image":[{"width":350,"height":262,"url":"https:\/\/pakosc-kalwaria.franciszkanie.net\/wp-content\/uploads\/2021\/09\/hqdefault.jpg","type":"image\/jpeg"}],"twitter_card":"summary","twitter_misc":{"Napisane przez":"pakosc-kalwaria","Szacowany czas czytania":"2 minuty"},"schema":{"@context":"https:\/\/schema.org","@graph":[{"@type":"WebSite","@id":"https:\/\/pakosc-kalwaria.franciszkanie.net\/#website","url":"https:\/\/pakosc-kalwaria.franciszkanie.net\/","name":"Pako\u015b\u0107 \u2013 Kalwaria","description":"Parafia Rzymsko \u2013 Katolicka p.w. Pana Jezusa Ukrzy\u017cowanego i  Matki Bo\u017cej Bolesnej ul. Barci\u0144ska 60, 88\u2013170 Pako\u015b\u0107 \u2013 Kalwaria","potentialAction":[{"@type":"SearchAction","target":{"@type":"EntryPoint","urlTemplate":"https:\/\/pakosc-kalwaria.franciszkanie.net\/?s={search_term_string}"},"query-input":"required name=search_term_string"}],"inLanguage":"pl-PL"},{"@type":"ImageObject","@id":"https:\/\/pakosc-kalwaria.franciszkanie.net\/index.php\/2021\/09\/11\/dzien-braterstwa-franciszkanskiego-zakonu-swieckich-i-mlodziezy-franciszkanskiej-18-wrzesnia-2021r\/#primaryimage","inLanguage":"pl-PL","url":"https:\/\/pakosc-kalwaria.franciszkanie.net\/wp-content\/uploads\/2021\/09\/hqdefault.jpg","contentUrl":"https:\/\/pakosc-kalwaria.franciszkanie.net\/wp-content\/uploads\/2021\/09\/hqdefault.jpg","width":350,"height":262},{"@type":"WebPage","@id":"https:\/\/pakosc-kalwaria.franciszkanie.net\/index.php\/2021\/09\/11\/dzien-braterstwa-franciszkanskiego-zakonu-swieckich-i-mlodziezy-franciszkanskiej-18-wrzesnia-2021r\/#webpage","url":"https:\/\/pakosc-kalwaria.franciszkanie.net\/index.php\/2021\/09\/11\/dzien-braterstwa-franciszkanskiego-zakonu-swieckich-i-mlodziezy-franciszkanskiej-18-wrzesnia-2021r\/","name":"Dzie\u0144 Braterstwa Franciszka\u0144skiego Zakonu \u015awieckich i M\u0142odzie\u017cy Franciszka\u0144skiej - Pako\u015b\u0107 \u2013 Kalwaria","isPartOf":{"@id":"https:\/\/pakosc-kalwaria.franciszkanie.net\/#website"},"primaryImageOfPage":{"@id":"https:\/\/pakosc-kalwaria.franciszkanie.net\/index.php\/2021\/09\/11\/dzien-braterstwa-franciszkanskiego-zakonu-swieckich-i-mlodziezy-franciszkanskiej-18-wrzesnia-2021r\/#primaryimage"},"datePublished":"2021-09-11T19:00:51+00:00","dateModified":"2021-09-20T05:29:56+00:00","author":{"@id":"https:\/\/pakosc-kalwaria.franciszkanie.net\/#\/schema\/person\/af10b943be0760709227d060eadcb2aa"},"breadcrumb":{"@id":"https:\/\/pakosc-kalwaria.franciszkanie.net\/index.php\/2021\/09\/11\/dzien-braterstwa-franciszkanskiego-zakonu-swieckich-i-mlodziezy-franciszkanskiej-18-wrzesnia-2021r\/#breadcrumb"},"inLanguage":"pl-PL","potentialAction":[{"@type":"ReadAction","target":["https:\/\/pakosc-kalwaria.franciszkanie.net\/index.php\/2021\/09\/11\/dzien-braterstwa-franciszkanskiego-zakonu-swieckich-i-mlodziezy-franciszkanskiej-18-wrzesnia-2021r\/"]}]},{"@type":"BreadcrumbList","@id":"https:\/\/pakosc-kalwaria.franciszkanie.net\/index.php\/2021\/09\/11\/dzien-braterstwa-franciszkanskiego-zakonu-swieckich-i-mlodziezy-franciszkanskiej-18-wrzesnia-2021r\/#breadcrumb","itemListElement":[{"@type":"ListItem","position":1,"name":"Strona g\u0142\u00f3wna","item":"https:\/\/pakosc-kalwaria.franciszkanie.net\/"},{"@type":"ListItem","position":2,"name":"Dzie\u0144 Braterstwa Franciszka\u0144skiego Zakonu \u015awieckich i M\u0142odzie\u017cy Franciszka\u0144skiej"}]},{"@type":"Person","@id":"https:\/\/pakosc-kalwaria.franciszkanie.net\/#\/schema\/person\/af10b943be0760709227d060eadcb2aa","name":"pakosc-kalwaria","image":{"@type":"ImageObject","@id":"https:\/\/pakosc-kalwaria.franciszkanie.net\/#personlogo","inLanguage":"pl-PL","url":"https:\/\/secure.gravatar.com\/avatar\/e7049d338b55eac6a0027ff3218b8d02?s=96&d=mm&r=g","contentUrl":"https:\/\/secure.gravatar.com\/avatar\/e7049d338b55eac6a0027ff3218b8d02?s=96&d=mm&r=g","caption":"pakosc-kalwaria"},"sameAs":["https:\/\/www.facebook.com\/KalwariaPakosc\/"],"url":"https:\/\/pakosc-kalwaria.franciszkanie.net\/index.php\/author\/pakosc-kalwaria\/"}]}},"_links":{"self":[{"href":"https:\/\/pakosc-kalwaria.franciszkanie.net\/index.php\/wp-json\/wp\/v2\/posts\/19682"}],"collection":[{"href":"https:\/\/pakosc-kalwaria.franciszkanie.net\/index.php\/wp-json\/wp\/v2\/posts"}],"about":[{"href":"https:\/\/pakosc-kalwaria.franciszkanie.net\/index.php\/wp-json\/wp\/v2\/types\/post"}],"author":[{"embeddable":true,"href":"https:\/\/pakosc-kalwaria.franciszkanie.net\/index.php\/wp-json\/wp\/v2\/users\/2"}],"replies":[{"embeddable":true,"href":"https:\/\/pakosc-kalwaria.franciszkanie.net\/index.php\/wp-json\/wp\/v2\/comments?post=19682"}],"version-history":[{"count":8,"href":"https:\/\/pakosc-kalwaria.franciszkanie.net\/index.php\/wp-json\/wp\/v2\/posts\/19682\/revisions"}],"predecessor-version":[{"id":19909,"href":"https:\/\/pakosc-kalwaria.franciszkanie.net\/index.php\/wp-json\/wp\/v2\/posts\/19682\/revisions\/19909"}],"wp:featuredmedia":[{"embeddable":true,"href":"https:\/\/pakosc-kalwaria.franciszkanie.net\/index.php\/wp-json\/wp\/v2\/media\/19683"}],"wp:attachment":[{"href":"https:\/\/pakosc-kalwaria.franciszkanie.net\/index.php\/wp-json\/wp\/v2\/media?parent=19682"}],"wp:term":[{"taxonomy":"category","embeddable":true,"href":"https:\/\/pakosc-kalwaria.franciszkanie.net\/index.php\/wp-json\/wp\/v2\/categories?post=19682"},{"taxonomy":"post_tag","embeddable":true,"href":"https:\/\/pakosc-kalwaria.franciszkanie.net\/index.php\/wp-json\/wp\/v2\/tags?post=19682"}],"curies":[{"name":"wp","href":"https:\/\/api.w.org\/{rel}","templated":true}]}}