{"id":19913,"date":"2021-09-17T12:00:24","date_gmt":"2021-09-17T10:00:24","guid":{"rendered":"http:\/\/pakosc-kalwaria.franciszkanie.net\/?p=19913"},"modified":"2021-09-24T19:06:40","modified_gmt":"2021-09-24T17:06:40","slug":"do-medytacji-z-kalwaryjskiego-wzgorza-niedziela-19-09-2021r","status":"publish","type":"post","link":"https:\/\/pakosc-kalwaria.franciszkanie.net\/index.php\/2021\/09\/17\/do-medytacji-z-kalwaryjskiego-wzgorza-niedziela-19-09-2021r\/","title":{"rendered":"Do medytacji z kalwaryjskiego Wzg\u00f3rza \u2013 Niedziela 19.09.2021r."},"content":{"rendered":"<p><strong><span style=\"color: #ff0000;\">Z liturgii 25. Niedzieli Zwyk\u0142ej \u2013 19.09.2021r.<\/span><\/strong><\/p>\n<p><strong><span style=\"color: #ff0000;\">1. czytanie<\/span><\/strong> (Mdr 2, 12. 17-20) <em>Je\u015bli sprawiedliwy jest synem Bo\u017cym, B\u00f3g ujmie si\u0119 za nim<br \/>\n<\/em><strong>Czytanie z Ksi\u0119gi M\u0105dro\u015bci<br \/>\n<\/strong>Bezbo\u017cni m\u00f3wili: \u00abZr\u00f3bmy zasadzk\u0119 na sprawiedliwego, bo nam niewygodny: sprzeciwia si\u0119 naszemu dzia\u0142aniu, zarzuca nam przekraczanie Prawa, wypomina nam przekraczanie naszych zasad karno\u015bci. Zobaczmy, czy prawdziwe s\u0105 jego s\u0142owa, wybadajmy, co b\u0119dzie przy jego zgonie. Bo je\u015bli sprawiedliwy jest synem Bo\u017cym, B\u00f3g ujmie si\u0119 za nim i wyrwie go z r\u0105k przeciwnik\u00f3w. Dotknijmy go obelg\u0105 i katusz\u0105, by pozna\u0107 jego \u0142agodno\u015b\u0107 i do\u015bwiadczy\u0107 jego cierpliwo\u015bci. Zas\u0105d\u017amy go na \u015bmier\u0107 haniebn\u0105, bo \u2013 jak m\u00f3wi\u0142 \u2013 b\u0119dzie ocalony\u00bb. Oto S\u0142owo Bo\u017ce.<\/p>\n<p><span style=\"color: #ff0000;\"><strong>Psalm<\/strong><\/span> (Ps 54 (53), 3-4. 5. 6 i 8 (R.: por. 6b))<br \/>\n<strong>B\u00f3g podtrzymuje ca\u0142e moje \u017cycie<br \/>\n<\/strong>Wybaw mnie, Bo\u017ce, w imi\u0119 Twoje, *<br \/>\nmoc\u0105 swoj\u0105 bro\u0144 mojej sprawy.<br \/>\nBo\u017ce, s\u0142uchaj mojej modlitwy, *<br \/>\nnak\u0142o\u0144 ucha na s\u0142owo ust moich.<br \/>\n<strong>B\u00f3g podtrzymuje ca\u0142e moje \u017cycie<br \/>\n<\/strong>Bo powstaj\u0105 przeciw mnie pyszni, *<br \/>\ngwa\u0142townicy czyhaj\u0105 na moje \u017cycie.<br \/>\nNie maj\u0105 oni Boga *<br \/>\nprzed swymi oczyma.<br \/>\n<strong>B\u00f3g podtrzymuje ca\u0142e moje \u017cycie<br \/>\n<\/strong>Oto mi B\u00f3g dopomaga, *<br \/>\nPan podtrzymuje me \u017cycie.<br \/>\nB\u0119d\u0119 Ci ch\u0119tnie sk\u0142ada\u0107 ofiar\u0119 *<br \/>\ni s\u0142awi\u0107 Twe imi\u0119, bo jest dobre.<br \/>\n<strong>B\u00f3g podtrzymuje ca\u0142e moje \u017cycie<\/strong><\/p>\n<p><strong><span style=\"color: #ff0000;\">2. czytanie<\/span><\/strong> (Jk 3, 16 \u2013 4, 3) <em>\u0179r\u00f3d\u0142em niepokoj\u00f3w jest nie\u0142ad wewn\u0119trzny<br \/>\n<\/em><strong>Czytanie z Listu \u015awi\u0119tego Jakuba Aposto\u0142a<br \/>\n<\/strong>Najmilsi: Gdzie zazdro\u015b\u0107 i \u017c\u0105dza sporu, tam te\u017c bez\u0142ad i wszelki wyst\u0119pek. M\u0105dro\u015b\u0107 za\u015b zst\u0119puj\u0105ca z g\u00f3ry jest przede wszystkim czysta, dalej \u2013 sk\u0142onna do zgody, ust\u0119pliwa, pos\u0142uszna, pe\u0142na mi\u0142osierdzia i dobrych owoc\u00f3w, wolna od wzgl\u0119d\u00f3w ludzkich i ob\u0142udy. Owoc za\u015b sprawiedliwo\u015bci siej\u0105 w pokoju ci, kt\u00f3rzy zaprowadzaj\u0105 pok\u00f3j. Sk\u0105d si\u0119 bior\u0105 wojny i sk\u0105d k\u0142\u00f3tnie mi\u0119dzy wami? Nie sk\u0105din\u0105d, tylko z waszych \u017c\u0105dz, kt\u00f3re walcz\u0105 w cz\u0142onkach waszych. Po\u017c\u0105dacie, a nie macie, \u017cywicie mordercz\u0105 zazdro\u015b\u0107, a nie mo\u017cecie osi\u0105gn\u0105\u0107. Prowadzicie walki i k\u0142\u00f3tnie, a nic nie posiadacie, gdy\u017c si\u0119 nie modlicie. Modlicie si\u0119, a nie otrzymujecie, bo si\u0119 \u017ale modlicie, staraj\u0105c si\u0119 jedynie o zaspokojenie swych \u017c\u0105dz. Oto S\u0142owo Bo\u017ce.<\/p>\n<p><span style=\"color: #ff0000;\"><strong>Aklamacja<\/strong> <\/span>(Por. 2 Tes 2, 14)<br \/>\n<strong>Alleluja, alleluja, alleluja<br \/>\n<\/strong>B\u00f3g wezwa\u0142 nas przez Ewangeli\u0119,<br \/>\naby\u015bmy dost\u0105pili chwa\u0142y Pana naszego, Jezusa Chrystusa.<br \/>\n<strong>Alleluja, alleluja, alleluja<\/strong><\/p>\n<p><strong><span style=\"color: #ff0000;\">Ewangelia<\/span><\/strong> (Mk 9, 30-37) <em>Druga zapowied\u017a m\u0119ki i wezwanie do pokory<br \/>\n<\/em><strong>S\u0142owa Ewangelii wed\u0142ug \u015awi\u0119tego Marka<br \/>\n<\/strong>Jezus i Jego uczniowie przemierzali Galile\u0119, On jednak nie chcia\u0142, \u017ceby kto\u015b o tym wiedzia\u0142. Poucza\u0142 bowiem swoich uczni\u00f3w i m\u00f3wi\u0142 im: \u00abSyn Cz\u0142owieczy b\u0119dzie wydany w r\u0119ce ludzi. Ci Go zabij\u0105, lecz zabity, po trzech dniach zmartwychwstanie\u00bb. Oni jednak nie rozumieli tych s\u0142\u00f3w, a bali si\u0119 Go pyta\u0107. Tak przyszli do Kafarnaum. Gdy by\u0142 ju\u017c w domu, zapyta\u0142 ich: \u00abO czym to rozprawiali\u015bcie w drodze?\u00bb Lecz oni milczeli, w drodze bowiem posprzeczali si\u0119 mi\u0119dzy sob\u0105 o to, kto z nich jest najwi\u0119kszy. On usiad\u0142, przywo\u0142a\u0142 Dwunastu i rzek\u0142 do nich: \u00abJe\u015bli kto\u015b chce by\u0107 pierwszym, niech b\u0119dzie ostatnim ze wszystkich i s\u0142ug\u0105 wszystkich\u00bb. Potem wzi\u0105\u0142 dziecko, postawi\u0142 je przed nimi i obj\u0105wszy je ramionami, rzek\u0142 do nich: \u00abKto jedno z tych dzieci przyjmuje w imi\u0119 moje, Mnie przyjmuje; a kto Mnie przyjmuje, nie przyjmuje Mnie, lecz Tego, kt\u00f3ry Mnie pos\u0142a\u0142\u00bb. Oto S\u0142owo Pa\u0144skie.<\/p>\n<div class=\"prev-next text-center\"><strong><strong><span style=\"color: #ff0000;\">Z kazania na kalwaryjskim Wzg\u00f3rzu \u2013 Niedziela 19.09.2021r. &#8211; kalwaryjski odpust ku czci Podwy\u017cszenia Krzy\u017ca \u015awi\u0119tego.<\/span><br \/>\n<\/strong><\/strong><strong>Krzy\u017c znakiem zbawienia i nasz\u0105 \u015bwi\u0119to\u015bci\u0105.<br \/>\n<\/strong>Pytanie o sens krzy\u017ca to zapewne jedno z najwa\u017cniejszych pyta\u0144 naszej chrze\u015bcija\u0144skiej wiary. Bo do widoku krzy\u017ca \u0142atwo si\u0119 przyzwyczai\u0107 zar\u00f3wno w ko\u015bciele, jak i w swoich domach i mieszkaniach. Dla niekt\u00f3rych os\u00f3b krzy\u017c mo\u017ce sta\u0107 si\u0119 tylko jakim\u015b symbolem, znakiem kultury, elementem nagrobka, kolczykiem, tatua\u017cem, po prostu ozdob\u0105\u2026\u00a0\u00a0 Czym zatem Krzy\u017c jest dla Ciebie i dla mnie? Czym Krzy\u017c powinien by\u0107 dla ka\u017cdego kto naprawd\u0119 wierzy w Jezusa Chrystusa, Syna Bo\u017cego? Odpowiedzi mo\u017ce by\u0107 zapewne bardzo wiele\u2026<br \/>\n1\/ Krzy\u017c to znak mi\u0142o\u015bci! I to takiej mi\u0142o\u015bci dla kt\u00f3rej nie ma granic. Jezus m\u00f3wi: \u201eNikt nie ma wi\u0119kszej mi\u0142o\u015bci od tej, gdy kto\u015b \u017cycie swoje oddaje za przyjaci\u00f3\u0142 swoich\u201d. Na Krzy\u017cu B\u00f3g pokaza\u0142 cz\u0142owiekowi jak bardzo go kocha. To w\u0142a\u015bnie z Krzy\u017ca, na kt\u00f3ry teraz patrzymy Jezus Chrystus pragnie przekona\u0107, tak\u017ce nas tu dzisiaj obecnych w ko\u015bciele, o swojej mi\u0142o\u015bci! To z mi\u0142o\u015bci do nas Jezus przyj\u0105\u0142 na siebie cierpienie i \u015bmier\u0107 na Krzy\u017cu. Papie\u017c Franciszek powiedzia\u0142 wprost, \u017ce \u201eKrzy\u017c jest cen\u0105 prawdziwej mi\u0142o\u015bci.\u201d<br \/>\n2\/ Krzy\u017c to znak powagi i dramatu ludzkiego grzechu.\u00a0\u00a0 Dop\u00f3ki cz\u0142owiek z wiar\u0105 nie spojrzy na Krzy\u017c, to jest obawa, \u017ce b\u0119dzie w swoim \u017cyciu lekcewa\u017cy\u0142 grzech! Krzy\u017c to jest konsekwencja ka\u017cdego mojego i twojego grzechu&#8230;, ka\u017cdego grzechu, zar\u00f3wno tego ci\u0119\u017ckiego, jak i tego lekkiego! Patrz\u0105c na krzy\u017c warto sobie u\u015bwiadomi\u0107, \u017ce grzesz\u0105c prawie codziennie z\u0142ymi s\u0142owami, my\u015blami, uczynkami, czy te\u017c zaniedbaniem dobra, kt\u00f3re mo\u017cemy uczyni\u0107, sprawiamy Chrystusowi b\u00f3l i cierpienie, kt\u00f3rego do\u015bwiadczy\u0142 w czasie swojej Drogi Krzy\u017cowej i okrutnej \u015bmierci na Krzy\u017cu! Krzy\u017c na kt\u00f3rym umar\u0142 Jezus za ka\u017cdy grzech pokazuje, \u017ce ka\u017cdy grzech to z\u0142o, kt\u00f3re pope\u0142nia cz\u0142owiek! Nie lekcewa\u017cmy wi\u0119c naszych grzech\u00f3w! Ka\u017cdy kto naprawd\u0119 kocha Chrystusa i Jego Krzy\u017c, b\u0119dzie cz\u0119sto przyst\u0119powa\u0142 do Spowiedzi \u015bwi\u0119tej, by przeprasza\u0107 Boga za swoje grzechy, nawet za te codzienne, lekkie!<br \/>\n3\/ Krzy\u017c jest nasz\u0105 \u015bwi\u0119to\u015bci\u0105! Dlatego Krzy\u017ca trzeba za wszelk\u0105 cen\u0119 broni\u0107, nawet za cen\u0119 nara\u017cenia si\u0119 innym, nawet za cen\u0119 w\u0142asnego \u017cycia. Dlaczego? Bo od momentu gdy Jezus wzi\u0105\u0142 Krzy\u017c na swoje ramiona, gdy Jezus podj\u0105\u0142 trud Drogi Krzy\u017cowej, gdy przybito Jezusa gwo\u017adziami do Krzy\u017ca, nikt ju\u017c nie oddzieli Jezusa od Krzy\u017ca. Jezus na zawsze pozostanie zjednoczony z Krzy\u017cem. Jezus i Krzy\u017c to jest jedno! Od tego momentu spotkanie z Krzy\u017cem to spotkaniem z Jezusem i z Jego \u015bwi\u0119to\u015bci\u0105! Wywy\u017cszenie Krzy\u017ca jest wywy\u017cszeniem Jezusa, mi\u0142o\u015b\u0107 Krzy\u017ca jest mi\u0142o\u015bci\u0105 Jezusa. Dlatego te\u017c od tego momentu, kto walczy z Krzy\u017cem, walczy z Jezusem. Nienawi\u015b\u0107 do Krzy\u017ca jest nienawi\u015bci\u0105 do Jezusa. Kto poni\u017ca Krzy\u017c, poni\u017ca Jezusa. Kto usuwa Krzy\u017c z \u017cycia osobistego, rodzinnego, czy te\u017c spo\u0142ecznego, usuwa z \u017cycia Jezusa, usuwa z \u017cycia samego Boga!<br \/>\n4\/ Krzy\u017c jest tak\u017ce znakiem zwyci\u0119stwa i niezawodnej nadziei. Jak pi\u0119knie o Krzy\u017cu pisa\u0142 \u015bw. Augustyn: \u201ePatrz na Krzy\u017c. Kontempluj jego ramiona! Kochaj Ukrzy\u017cowanego! Ca\u0142uj ze czci\u0105 \u015bwi\u0119te rany! No\u015b zawsze przy sobie krzy\u017cyk! Kiedy czujesz si\u0119 slaby \u2013 on da ci moc. Kiedy upadniesz \u2013 on ci\u0119 pod\u017awignie! Kiedy tracisz ducha w przeciwno\u015bciach losu i za\u0142amiesz si\u0119 pod ci\u0119\u017carem trudno\u015bci i niepowodze\u0144 \u2013 on doda ci odwagi i cierpliwo\u015bci! Kiedy p\u0142aczesz \u2013 on b\u0119dzie ci pocieszeniem \u2013 on doda ci pewno\u015bci. Kiedy go zawo\u0142asz \u2013 on ci odpowie! Chcesz wiedzie\u0107 ile jest warta twoja dusza? Sp\u00f3jrz na krzy\u017c! M\u00f3dlmy si\u0119 wi\u0119c jak najcz\u0119\u015bciej pod Krzy\u017cem!<br \/>\n5\/ Krzy\u017c dla ka\u017cdego wierz\u0105cego w Jezusa Chrystusa Syna Bo\u017cego jest znakiem zbawienia i wielkim skarbem. To dlatego w\u0142a\u015bnie \u015bw. Jan Pawe\u0142 II na kr\u00f3tko przed swoj\u0105\u00a0 \u015bmierci\u0105, z tak wielk\u0105 mi\u0142o\u015bci\u0105 przytula\u0142 Krzy\u017c do swojego serca, jak najwi\u0119kszy sw\u00f3j skarb, a b\u0119d\u0105c w Zakopanym w 1997r. zach\u0119ca\u0142 nas Polak\u00f3w do obrony Krzy\u017ca na polskiej ziemi, i prosi\u0142 by\u015bmy si\u0119 Krzy\u017ca nigdy nie\u00a0 wstydzili.<br \/>\nPami\u0119tajmy, \u017ce bez Jezusa i bez Jego Krzy\u017ca nie ma zbawienia! Amen.<br \/>\n(o.R.)<\/div>\n","protected":false},"excerpt":{"rendered":"<p>Z liturgii 25. Niedzieli Zwyk\u0142ej \u2013 19.09.2021r. 1. czytanie (Mdr 2, 12. 17-20) Je\u015bli sprawiedliwy jest synem Bo\u017cym, B\u00f3g ujmie si\u0119 za nim Czytanie z Ksi\u0119gi M\u0105dro\u015bci Bezbo\u017cni m\u00f3wili: \u00abZr\u00f3bmy zasadzk\u0119 na sprawiedliwego, bo nam niewygodny: sprzeciwia si\u0119 naszemu dzia\u0142aniu, zarzuca nam przekraczanie Prawa, wypomina nam przekraczanie naszych zasad karno\u015bci. Zobaczmy, czy prawdziwe s\u0105 jego &hellip;<\/p>\n","protected":false},"author":2,"featured_media":19914,"comment_status":"closed","ping_status":"closed","sticky":false,"template":"","format":"standard","meta":{"_mi_skip_tracking":false,"_exactmetrics_sitenote_active":false,"_exactmetrics_sitenote_note":"","_exactmetrics_sitenote_category":0},"categories":[14],"tags":[],"yoast_head":"<!-- This site is optimized with the Yoast SEO plugin v18.1 - https:\/\/yoast.com\/wordpress\/plugins\/seo\/ -->\n<title>Do medytacji z kalwaryjskiego Wzg\u00f3rza \u2013 Niedziela 19.09.2021r. - Pako\u015b\u0107 \u2013 Kalwaria<\/title>\n<meta name=\"robots\" content=\"index, follow, max-snippet:-1, max-image-preview:large, max-video-preview:-1\" \/>\n<link rel=\"canonical\" href=\"https:\/\/pakosc-kalwaria.franciszkanie.net\/index.php\/2021\/09\/17\/do-medytacji-z-kalwaryjskiego-wzgorza-niedziela-19-09-2021r\/\" \/>\n<meta property=\"og:locale\" content=\"pl_PL\" \/>\n<meta property=\"og:type\" content=\"article\" \/>\n<meta property=\"og:title\" content=\"Do medytacji z kalwaryjskiego Wzg\u00f3rza \u2013 Niedziela 19.09.2021r. - Pako\u015b\u0107 \u2013 Kalwaria\" \/>\n<meta property=\"og:description\" content=\"Z liturgii 25. Niedzieli Zwyk\u0142ej \u2013 19.09.2021r. 1. czytanie (Mdr 2, 12. 17-20) Je\u015bli sprawiedliwy jest synem Bo\u017cym, B\u00f3g ujmie si\u0119 za nim Czytanie z Ksi\u0119gi M\u0105dro\u015bci Bezbo\u017cni m\u00f3wili: \u00abZr\u00f3bmy zasadzk\u0119 na sprawiedliwego, bo nam niewygodny: sprzeciwia si\u0119 naszemu dzia\u0142aniu, zarzuca nam przekraczanie Prawa, wypomina nam przekraczanie naszych zasad karno\u015bci. Zobaczmy, czy prawdziwe s\u0105 jego &hellip;\" \/>\n<meta property=\"og:url\" content=\"https:\/\/pakosc-kalwaria.franciszkanie.net\/index.php\/2021\/09\/17\/do-medytacji-z-kalwaryjskiego-wzgorza-niedziela-19-09-2021r\/\" \/>\n<meta property=\"og:site_name\" content=\"Pako\u015b\u0107 \u2013 Kalwaria\" \/>\n<meta property=\"article:author\" content=\"https:\/\/www.facebook.com\/KalwariaPakosc\/\" \/>\n<meta property=\"article:published_time\" content=\"2021-09-17T10:00:24+00:00\" \/>\n<meta property=\"article:modified_time\" content=\"2021-09-24T17:06:40+00:00\" \/>\n<meta property=\"og:image\" content=\"https:\/\/pakosc-kalwaria.franciszkanie.net\/wp-content\/uploads\/2021\/09\/P1000170.jpg\" \/>\n\t<meta property=\"og:image:width\" content=\"350\" \/>\n\t<meta property=\"og:image:height\" content=\"197\" \/>\n\t<meta property=\"og:image:type\" content=\"image\/jpeg\" \/>\n<meta name=\"twitter:card\" content=\"summary\" \/>\n<meta name=\"twitter:label1\" content=\"Napisane przez\" \/>\n\t<meta name=\"twitter:data1\" content=\"pakosc-kalwaria\" \/>\n\t<meta name=\"twitter:label2\" content=\"Szacowany czas czytania\" \/>\n\t<meta name=\"twitter:data2\" content=\"7 minut\" \/>\n<script type=\"application\/ld+json\" class=\"yoast-schema-graph\">{\"@context\":\"https:\/\/schema.org\",\"@graph\":[{\"@type\":\"WebSite\",\"@id\":\"https:\/\/pakosc-kalwaria.franciszkanie.net\/#website\",\"url\":\"https:\/\/pakosc-kalwaria.franciszkanie.net\/\",\"name\":\"Pako\u015b\u0107 \u2013 Kalwaria\",\"description\":\"Parafia Rzymsko \u2013 Katolicka p.w. Pana Jezusa Ukrzy\u017cowanego i  Matki Bo\u017cej Bolesnej ul. Barci\u0144ska 60, 88\u2013170 Pako\u015b\u0107 \u2013 Kalwaria\",\"potentialAction\":[{\"@type\":\"SearchAction\",\"target\":{\"@type\":\"EntryPoint\",\"urlTemplate\":\"https:\/\/pakosc-kalwaria.franciszkanie.net\/?s={search_term_string}\"},\"query-input\":\"required name=search_term_string\"}],\"inLanguage\":\"pl-PL\"},{\"@type\":\"ImageObject\",\"@id\":\"https:\/\/pakosc-kalwaria.franciszkanie.net\/index.php\/2021\/09\/17\/do-medytacji-z-kalwaryjskiego-wzgorza-niedziela-19-09-2021r\/#primaryimage\",\"inLanguage\":\"pl-PL\",\"url\":\"https:\/\/pakosc-kalwaria.franciszkanie.net\/wp-content\/uploads\/2021\/09\/P1000170.jpg\",\"contentUrl\":\"https:\/\/pakosc-kalwaria.franciszkanie.net\/wp-content\/uploads\/2021\/09\/P1000170.jpg\",\"width\":350,\"height\":197},{\"@type\":\"WebPage\",\"@id\":\"https:\/\/pakosc-kalwaria.franciszkanie.net\/index.php\/2021\/09\/17\/do-medytacji-z-kalwaryjskiego-wzgorza-niedziela-19-09-2021r\/#webpage\",\"url\":\"https:\/\/pakosc-kalwaria.franciszkanie.net\/index.php\/2021\/09\/17\/do-medytacji-z-kalwaryjskiego-wzgorza-niedziela-19-09-2021r\/\",\"name\":\"Do medytacji z kalwaryjskiego Wzg\u00f3rza \u2013 Niedziela 19.09.2021r. - Pako\u015b\u0107 \u2013 Kalwaria\",\"isPartOf\":{\"@id\":\"https:\/\/pakosc-kalwaria.franciszkanie.net\/#website\"},\"primaryImageOfPage\":{\"@id\":\"https:\/\/pakosc-kalwaria.franciszkanie.net\/index.php\/2021\/09\/17\/do-medytacji-z-kalwaryjskiego-wzgorza-niedziela-19-09-2021r\/#primaryimage\"},\"datePublished\":\"2021-09-17T10:00:24+00:00\",\"dateModified\":\"2021-09-24T17:06:40+00:00\",\"author\":{\"@id\":\"https:\/\/pakosc-kalwaria.franciszkanie.net\/#\/schema\/person\/af10b943be0760709227d060eadcb2aa\"},\"breadcrumb\":{\"@id\":\"https:\/\/pakosc-kalwaria.franciszkanie.net\/index.php\/2021\/09\/17\/do-medytacji-z-kalwaryjskiego-wzgorza-niedziela-19-09-2021r\/#breadcrumb\"},\"inLanguage\":\"pl-PL\",\"potentialAction\":[{\"@type\":\"ReadAction\",\"target\":[\"https:\/\/pakosc-kalwaria.franciszkanie.net\/index.php\/2021\/09\/17\/do-medytacji-z-kalwaryjskiego-wzgorza-niedziela-19-09-2021r\/\"]}]},{\"@type\":\"BreadcrumbList\",\"@id\":\"https:\/\/pakosc-kalwaria.franciszkanie.net\/index.php\/2021\/09\/17\/do-medytacji-z-kalwaryjskiego-wzgorza-niedziela-19-09-2021r\/#breadcrumb\",\"itemListElement\":[{\"@type\":\"ListItem\",\"position\":1,\"name\":\"Strona g\u0142\u00f3wna\",\"item\":\"https:\/\/pakosc-kalwaria.franciszkanie.net\/\"},{\"@type\":\"ListItem\",\"position\":2,\"name\":\"Do medytacji z kalwaryjskiego Wzg\u00f3rza \u2013 Niedziela 19.09.2021r.\"}]},{\"@type\":\"Person\",\"@id\":\"https:\/\/pakosc-kalwaria.franciszkanie.net\/#\/schema\/person\/af10b943be0760709227d060eadcb2aa\",\"name\":\"pakosc-kalwaria\",\"image\":{\"@type\":\"ImageObject\",\"@id\":\"https:\/\/pakosc-kalwaria.franciszkanie.net\/#personlogo\",\"inLanguage\":\"pl-PL\",\"url\":\"https:\/\/secure.gravatar.com\/avatar\/e7049d338b55eac6a0027ff3218b8d02?s=96&d=mm&r=g\",\"contentUrl\":\"https:\/\/secure.gravatar.com\/avatar\/e7049d338b55eac6a0027ff3218b8d02?s=96&d=mm&r=g\",\"caption\":\"pakosc-kalwaria\"},\"sameAs\":[\"https:\/\/www.facebook.com\/KalwariaPakosc\/\"],\"url\":\"https:\/\/pakosc-kalwaria.franciszkanie.net\/index.php\/author\/pakosc-kalwaria\/\"}]}<\/script>\n<!-- \/ Yoast SEO plugin. -->","yoast_head_json":{"title":"Do medytacji z kalwaryjskiego Wzg\u00f3rza \u2013 Niedziela 19.09.2021r. - Pako\u015b\u0107 \u2013 Kalwaria","robots":{"index":"index","follow":"follow","max-snippet":"max-snippet:-1","max-image-preview":"max-image-preview:large","max-video-preview":"max-video-preview:-1"},"canonical":"https:\/\/pakosc-kalwaria.franciszkanie.net\/index.php\/2021\/09\/17\/do-medytacji-z-kalwaryjskiego-wzgorza-niedziela-19-09-2021r\/","og_locale":"pl_PL","og_type":"article","og_title":"Do medytacji z kalwaryjskiego Wzg\u00f3rza \u2013 Niedziela 19.09.2021r. - Pako\u015b\u0107 \u2013 Kalwaria","og_description":"Z liturgii 25. Niedzieli Zwyk\u0142ej \u2013 19.09.2021r. 1. czytanie (Mdr 2, 12. 17-20) Je\u015bli sprawiedliwy jest synem Bo\u017cym, B\u00f3g ujmie si\u0119 za nim Czytanie z Ksi\u0119gi M\u0105dro\u015bci Bezbo\u017cni m\u00f3wili: \u00abZr\u00f3bmy zasadzk\u0119 na sprawiedliwego, bo nam niewygodny: sprzeciwia si\u0119 naszemu dzia\u0142aniu, zarzuca nam przekraczanie Prawa, wypomina nam przekraczanie naszych zasad karno\u015bci. Zobaczmy, czy prawdziwe s\u0105 jego &hellip;","og_url":"https:\/\/pakosc-kalwaria.franciszkanie.net\/index.php\/2021\/09\/17\/do-medytacji-z-kalwaryjskiego-wzgorza-niedziela-19-09-2021r\/","og_site_name":"Pako\u015b\u0107 \u2013 Kalwaria","article_author":"https:\/\/www.facebook.com\/KalwariaPakosc\/","article_published_time":"2021-09-17T10:00:24+00:00","article_modified_time":"2021-09-24T17:06:40+00:00","og_image":[{"width":350,"height":197,"url":"https:\/\/pakosc-kalwaria.franciszkanie.net\/wp-content\/uploads\/2021\/09\/P1000170.jpg","type":"image\/jpeg"}],"twitter_card":"summary","twitter_misc":{"Napisane przez":"pakosc-kalwaria","Szacowany czas czytania":"7 minut"},"schema":{"@context":"https:\/\/schema.org","@graph":[{"@type":"WebSite","@id":"https:\/\/pakosc-kalwaria.franciszkanie.net\/#website","url":"https:\/\/pakosc-kalwaria.franciszkanie.net\/","name":"Pako\u015b\u0107 \u2013 Kalwaria","description":"Parafia Rzymsko \u2013 Katolicka p.w. Pana Jezusa Ukrzy\u017cowanego i  Matki Bo\u017cej Bolesnej ul. Barci\u0144ska 60, 88\u2013170 Pako\u015b\u0107 \u2013 Kalwaria","potentialAction":[{"@type":"SearchAction","target":{"@type":"EntryPoint","urlTemplate":"https:\/\/pakosc-kalwaria.franciszkanie.net\/?s={search_term_string}"},"query-input":"required name=search_term_string"}],"inLanguage":"pl-PL"},{"@type":"ImageObject","@id":"https:\/\/pakosc-kalwaria.franciszkanie.net\/index.php\/2021\/09\/17\/do-medytacji-z-kalwaryjskiego-wzgorza-niedziela-19-09-2021r\/#primaryimage","inLanguage":"pl-PL","url":"https:\/\/pakosc-kalwaria.franciszkanie.net\/wp-content\/uploads\/2021\/09\/P1000170.jpg","contentUrl":"https:\/\/pakosc-kalwaria.franciszkanie.net\/wp-content\/uploads\/2021\/09\/P1000170.jpg","width":350,"height":197},{"@type":"WebPage","@id":"https:\/\/pakosc-kalwaria.franciszkanie.net\/index.php\/2021\/09\/17\/do-medytacji-z-kalwaryjskiego-wzgorza-niedziela-19-09-2021r\/#webpage","url":"https:\/\/pakosc-kalwaria.franciszkanie.net\/index.php\/2021\/09\/17\/do-medytacji-z-kalwaryjskiego-wzgorza-niedziela-19-09-2021r\/","name":"Do medytacji z kalwaryjskiego Wzg\u00f3rza \u2013 Niedziela 19.09.2021r. - Pako\u015b\u0107 \u2013 Kalwaria","isPartOf":{"@id":"https:\/\/pakosc-kalwaria.franciszkanie.net\/#website"},"primaryImageOfPage":{"@id":"https:\/\/pakosc-kalwaria.franciszkanie.net\/index.php\/2021\/09\/17\/do-medytacji-z-kalwaryjskiego-wzgorza-niedziela-19-09-2021r\/#primaryimage"},"datePublished":"2021-09-17T10:00:24+00:00","dateModified":"2021-09-24T17:06:40+00:00","author":{"@id":"https:\/\/pakosc-kalwaria.franciszkanie.net\/#\/schema\/person\/af10b943be0760709227d060eadcb2aa"},"breadcrumb":{"@id":"https:\/\/pakosc-kalwaria.franciszkanie.net\/index.php\/2021\/09\/17\/do-medytacji-z-kalwaryjskiego-wzgorza-niedziela-19-09-2021r\/#breadcrumb"},"inLanguage":"pl-PL","potentialAction":[{"@type":"ReadAction","target":["https:\/\/pakosc-kalwaria.franciszkanie.net\/index.php\/2021\/09\/17\/do-medytacji-z-kalwaryjskiego-wzgorza-niedziela-19-09-2021r\/"]}]},{"@type":"BreadcrumbList","@id":"https:\/\/pakosc-kalwaria.franciszkanie.net\/index.php\/2021\/09\/17\/do-medytacji-z-kalwaryjskiego-wzgorza-niedziela-19-09-2021r\/#breadcrumb","itemListElement":[{"@type":"ListItem","position":1,"name":"Strona g\u0142\u00f3wna","item":"https:\/\/pakosc-kalwaria.franciszkanie.net\/"},{"@type":"ListItem","position":2,"name":"Do medytacji z kalwaryjskiego Wzg\u00f3rza \u2013 Niedziela 19.09.2021r."}]},{"@type":"Person","@id":"https:\/\/pakosc-kalwaria.franciszkanie.net\/#\/schema\/person\/af10b943be0760709227d060eadcb2aa","name":"pakosc-kalwaria","image":{"@type":"ImageObject","@id":"https:\/\/pakosc-kalwaria.franciszkanie.net\/#personlogo","inLanguage":"pl-PL","url":"https:\/\/secure.gravatar.com\/avatar\/e7049d338b55eac6a0027ff3218b8d02?s=96&d=mm&r=g","contentUrl":"https:\/\/secure.gravatar.com\/avatar\/e7049d338b55eac6a0027ff3218b8d02?s=96&d=mm&r=g","caption":"pakosc-kalwaria"},"sameAs":["https:\/\/www.facebook.com\/KalwariaPakosc\/"],"url":"https:\/\/pakosc-kalwaria.franciszkanie.net\/index.php\/author\/pakosc-kalwaria\/"}]}},"_links":{"self":[{"href":"https:\/\/pakosc-kalwaria.franciszkanie.net\/index.php\/wp-json\/wp\/v2\/posts\/19913"}],"collection":[{"href":"https:\/\/pakosc-kalwaria.franciszkanie.net\/index.php\/wp-json\/wp\/v2\/posts"}],"about":[{"href":"https:\/\/pakosc-kalwaria.franciszkanie.net\/index.php\/wp-json\/wp\/v2\/types\/post"}],"author":[{"embeddable":true,"href":"https:\/\/pakosc-kalwaria.franciszkanie.net\/index.php\/wp-json\/wp\/v2\/users\/2"}],"replies":[{"embeddable":true,"href":"https:\/\/pakosc-kalwaria.franciszkanie.net\/index.php\/wp-json\/wp\/v2\/comments?post=19913"}],"version-history":[{"count":2,"href":"https:\/\/pakosc-kalwaria.franciszkanie.net\/index.php\/wp-json\/wp\/v2\/posts\/19913\/revisions"}],"predecessor-version":[{"id":19916,"href":"https:\/\/pakosc-kalwaria.franciszkanie.net\/index.php\/wp-json\/wp\/v2\/posts\/19913\/revisions\/19916"}],"wp:featuredmedia":[{"embeddable":true,"href":"https:\/\/pakosc-kalwaria.franciszkanie.net\/index.php\/wp-json\/wp\/v2\/media\/19914"}],"wp:attachment":[{"href":"https:\/\/pakosc-kalwaria.franciszkanie.net\/index.php\/wp-json\/wp\/v2\/media?parent=19913"}],"wp:term":[{"taxonomy":"category","embeddable":true,"href":"https:\/\/pakosc-kalwaria.franciszkanie.net\/index.php\/wp-json\/wp\/v2\/categories?post=19913"},{"taxonomy":"post_tag","embeddable":true,"href":"https:\/\/pakosc-kalwaria.franciszkanie.net\/index.php\/wp-json\/wp\/v2\/tags?post=19913"}],"curies":[{"name":"wp","href":"https:\/\/api.w.org\/{rel}","templated":true}]}}