{"id":20325,"date":"2021-10-01T19:15:11","date_gmt":"2021-10-01T17:15:11","guid":{"rendered":"http:\/\/pakosc-kalwaria.franciszkanie.net\/?p=20325"},"modified":"2021-10-05T08:34:08","modified_gmt":"2021-10-05T06:34:08","slug":"papieska-intencja-apostolstwa-modlitwy-pazdziernik-2021","status":"publish","type":"post","link":"https:\/\/pakosc-kalwaria.franciszkanie.net\/index.php\/2021\/10\/01\/papieska-intencja-apostolstwa-modlitwy-pazdziernik-2021\/","title":{"rendered":"Papieska Intencja Apostolstwa Modlitwy \u2013 pa\u017adziernik 2021"},"content":{"rendered":"<p><strong><span style=\"color: #ff0000;\">Intencja ewangelizacyjna:<\/span> Uczniowie misjonarze<\/strong><strong>\u00a0\u00a0 <\/strong><br \/>\n<strong>M\u00f3dlmy si\u0119, aby ka\u017cdy ochrzczony by\u0142 w\u0142\u0105czony w ewangelizacj\u0119, gotowy do misji, poprzez \u015bwiadectwo \u017cycia maj\u0105cego smak Ewangelii.<\/strong><\/p>\n<p><strong>\u017bywy R\u00f3\u017caniec w naszej Parafii modli si\u0119 <span style=\"color: #ff0000;\">w pa\u017adzierniku<\/span> wed\u0142ug <span style=\"color: #ff0000;\">\u201ezestawu nr 19\u201d.\u00a0\u00a0\u00a0<\/span><br \/>\nZach\u0119camy do w\u0142\u0105czenia si\u0119 w \u017bywy R\u00f3\u017caniec w naszej kalwaryjskiej Parafii. Powstaje <span style=\"color: #ff0000;\">R\u00f3\u017ca R\u00f3\u017ca\u0144cowa<\/span> pod wezwaniem <span style=\"color: #ff0000;\">Matki Bo\u017cej Cz\u0119stochowskiej.<\/span><\/strong><\/p>\n<p>&nbsp;<\/p>\n<p>Smak to nie tylko jeden ze zmys\u0142\u00f3w, zmys\u0142 smaku. To tak\u017ce niepowtarzalna cecha rzeczy, kt\u00f3ra na ten zmys\u0142 dzia\u0142a. Cecha, kt\u00f3ra cieszy nas jak aromat prawdziwka w kremie z borowik\u00f3w czy dyskretnie wyczuwalna w chlebie czarnuszka. Smakiem zwykli\u015bmy te\u017c okre\u015bla\u0107 poczucie pi\u0119kna i dobry gust. Natomiast obchodzimy si\u0119 smakiem, gdy mimo najszczerszych ch\u0119ci nie zdobywamy tego, co chcemy. A kiedy czyje\u015b zachowanie jest wysoce niestosowne, odczuwamy niesmak, jeste\u015bmy zniesmaczeni.<\/p>\n<p>Do smaku Ewangelii w \u017cyciu chrze\u015bcijanina odwo\u0142uje si\u0119 papie\u017c w intencji ewangelizacyjnej na pa\u017adziernik. Od 1926 roku przedostatnia niedziela tego miesi\u0105ca jest Niedziel\u0105 Misyjn\u0105, po kt\u00f3rej obchodzimy Tydzie\u0144 Misyjny. Celem obchod\u00f3w jest o\u017cywienie solidarno\u015bci misyjnej: zar\u00f3wno przez modlitw\u0119, lepsze rozumienie potrzeb misyjnych, gorliwo\u015b\u0107 i wspieranie misji. W tym miesi\u0105cu mamy si\u0119 modli\u0107 o to, by ka\u017cdy ewangelizowa\u0142 przez przyk\u0142ad. Obrazowe sformu\u0142owanie intencji oddaje to pragnieniem, by \u017cycie ludzi wierz\u0105cych, zatem i nasze, mia\u0142o smak Ewangelii. Innymi s\u0142owy: by\u015bmy wpierw sami w Dobrej Nowinie zasmakowali, pozwolili, by wype\u0142ni\u0142 nas jej aromat &#8211; Bo\u017ca mi\u0142o\u015b\u0107 i \u0142aska w naszym \u017cyciu. By\u015bmy j\u0105 ze zdziwieniem dostrzegali, nawet mimo w\u0142asnych s\u0142abo\u015bci i upadk\u00f3w. By\u015bmy czuj\u0105c si\u0119 tak bezgranicznie kochani, sami chcieli kocha\u0107 jak Jezus i mi\u0142o\u015bci\u0105 jak On si\u0119 dzieli\u0107. Wtedy smak Ewangelii stanie si\u0119 wyczuwalny, a nasza codzienno\u015b\u0107 zacznie nabiera\u0107 wagi \u015bwiadectwa zdolnego fascynowa\u0107, do wiary poci\u0105ga\u0107 i pom\u00f3c odkrywa\u0107 jej pi\u0119kno.<\/p>\n<p>Misj\u0105 Ko\u015bcio\u0142a i chrze\u015bcijan jest m\u00f3wienie o Bogu i dawanie o Nim \u015bwiadectwa ludziom swoich czas\u00f3w \u2013 m\u00f3wi\u0142 Franciszek rok temu w rozwa\u017caniu na Anio\u0142 Pa\u0144ski (18.10.20). Przypomnia\u0142, \u017ce ka\u017cdy moc\u0105 w\u0142asnego chrztu jest powo\u0142any do o\u017cywiania spo\u0142ecze\u0144stwa Ewangeli\u0105 i \u017cyciem Ducha \u015awi\u0119tego. Mamy to robi\u0107 z pokor\u0105, ale i z odwag\u0105. Obecna intencja modlitewna raz jeszcze u\u015bwiadamia nam, \u017ce misjonarzem jest ka\u017cdy ochrzczony, a ewangelizacja to styl \u017cycia. Przestrzega zarazem przed anty\u015bwiadectwem, by z naszego powodu nikt, kto szuka Jezusa, nie odszed\u0142 zniesmaczony.<\/p>\n<p><span style=\"color: #000000;\">\/ampolska\/<\/span><\/p>\n","protected":false},"excerpt":{"rendered":"<p>Intencja ewangelizacyjna: Uczniowie misjonarze\u00a0\u00a0 M\u00f3dlmy si\u0119, aby ka\u017cdy ochrzczony by\u0142 w\u0142\u0105czony w ewangelizacj\u0119, gotowy do misji, poprzez \u015bwiadectwo \u017cycia maj\u0105cego smak Ewangelii. \u017bywy R\u00f3\u017caniec w naszej Parafii modli si\u0119 w pa\u017adzierniku wed\u0142ug \u201ezestawu nr 19\u201d.\u00a0\u00a0\u00a0 Zach\u0119camy do w\u0142\u0105czenia si\u0119 w \u017bywy R\u00f3\u017caniec w naszej kalwaryjskiej Parafii. Powstaje R\u00f3\u017ca R\u00f3\u017ca\u0144cowa pod wezwaniem Matki Bo\u017cej Cz\u0119stochowskiej. &nbsp; &hellip;<\/p>\n","protected":false},"author":2,"featured_media":20326,"comment_status":"closed","ping_status":"closed","sticky":false,"template":"","format":"standard","meta":{"_mi_skip_tracking":false,"_exactmetrics_sitenote_active":false,"_exactmetrics_sitenote_note":"","_exactmetrics_sitenote_category":0},"categories":[14],"tags":[],"yoast_head":"<!-- This site is optimized with the Yoast SEO plugin v18.1 - https:\/\/yoast.com\/wordpress\/plugins\/seo\/ -->\n<title>Papieska Intencja Apostolstwa Modlitwy \u2013 pa\u017adziernik 2021 - Pako\u015b\u0107 \u2013 Kalwaria<\/title>\n<meta name=\"robots\" content=\"index, follow, max-snippet:-1, max-image-preview:large, max-video-preview:-1\" \/>\n<link rel=\"canonical\" href=\"https:\/\/pakosc-kalwaria.franciszkanie.net\/index.php\/2021\/10\/01\/papieska-intencja-apostolstwa-modlitwy-pazdziernik-2021\/\" \/>\n<meta property=\"og:locale\" content=\"pl_PL\" \/>\n<meta property=\"og:type\" content=\"article\" \/>\n<meta property=\"og:title\" content=\"Papieska Intencja Apostolstwa Modlitwy \u2013 pa\u017adziernik 2021 - Pako\u015b\u0107 \u2013 Kalwaria\" \/>\n<meta property=\"og:description\" content=\"Intencja ewangelizacyjna: Uczniowie misjonarze\u00a0\u00a0 M\u00f3dlmy si\u0119, aby ka\u017cdy ochrzczony by\u0142 w\u0142\u0105czony w ewangelizacj\u0119, gotowy do misji, poprzez \u015bwiadectwo \u017cycia maj\u0105cego smak Ewangelii. \u017bywy R\u00f3\u017caniec w naszej Parafii modli si\u0119 w pa\u017adzierniku wed\u0142ug \u201ezestawu nr 19\u201d.\u00a0\u00a0\u00a0 Zach\u0119camy do w\u0142\u0105czenia si\u0119 w \u017bywy R\u00f3\u017caniec w naszej kalwaryjskiej Parafii. Powstaje R\u00f3\u017ca R\u00f3\u017ca\u0144cowa pod wezwaniem Matki Bo\u017cej Cz\u0119stochowskiej. &nbsp; &hellip;\" \/>\n<meta property=\"og:url\" content=\"https:\/\/pakosc-kalwaria.franciszkanie.net\/index.php\/2021\/10\/01\/papieska-intencja-apostolstwa-modlitwy-pazdziernik-2021\/\" \/>\n<meta property=\"og:site_name\" content=\"Pako\u015b\u0107 \u2013 Kalwaria\" \/>\n<meta property=\"article:author\" content=\"https:\/\/www.facebook.com\/KalwariaPakosc\/\" \/>\n<meta property=\"article:published_time\" content=\"2021-10-01T17:15:11+00:00\" \/>\n<meta property=\"article:modified_time\" content=\"2021-10-05T06:34:08+00:00\" \/>\n<meta property=\"og:image\" content=\"https:\/\/pakosc-kalwaria.franciszkanie.net\/wp-content\/uploads\/2021\/09\/papa-francesco.jpg\" \/>\n\t<meta property=\"og:image:width\" content=\"300\" \/>\n\t<meta property=\"og:image:height\" content=\"200\" \/>\n\t<meta property=\"og:image:type\" content=\"image\/jpeg\" \/>\n<meta name=\"twitter:card\" content=\"summary\" \/>\n<meta name=\"twitter:label1\" content=\"Napisane przez\" \/>\n\t<meta name=\"twitter:data1\" content=\"pakosc-kalwaria\" \/>\n\t<meta name=\"twitter:label2\" content=\"Szacowany czas czytania\" \/>\n\t<meta name=\"twitter:data2\" content=\"2 minuty\" \/>\n<script type=\"application\/ld+json\" class=\"yoast-schema-graph\">{\"@context\":\"https:\/\/schema.org\",\"@graph\":[{\"@type\":\"WebSite\",\"@id\":\"https:\/\/pakosc-kalwaria.franciszkanie.net\/#website\",\"url\":\"https:\/\/pakosc-kalwaria.franciszkanie.net\/\",\"name\":\"Pako\u015b\u0107 \u2013 Kalwaria\",\"description\":\"Parafia Rzymsko \u2013 Katolicka p.w. Pana Jezusa Ukrzy\u017cowanego i  Matki Bo\u017cej Bolesnej ul. Barci\u0144ska 60, 88\u2013170 Pako\u015b\u0107 \u2013 Kalwaria\",\"potentialAction\":[{\"@type\":\"SearchAction\",\"target\":{\"@type\":\"EntryPoint\",\"urlTemplate\":\"https:\/\/pakosc-kalwaria.franciszkanie.net\/?s={search_term_string}\"},\"query-input\":\"required name=search_term_string\"}],\"inLanguage\":\"pl-PL\"},{\"@type\":\"ImageObject\",\"@id\":\"https:\/\/pakosc-kalwaria.franciszkanie.net\/index.php\/2021\/10\/01\/papieska-intencja-apostolstwa-modlitwy-pazdziernik-2021\/#primaryimage\",\"inLanguage\":\"pl-PL\",\"url\":\"https:\/\/pakosc-kalwaria.franciszkanie.net\/wp-content\/uploads\/2021\/09\/papa-francesco.jpg\",\"contentUrl\":\"https:\/\/pakosc-kalwaria.franciszkanie.net\/wp-content\/uploads\/2021\/09\/papa-francesco.jpg\",\"width\":300,\"height\":200},{\"@type\":\"WebPage\",\"@id\":\"https:\/\/pakosc-kalwaria.franciszkanie.net\/index.php\/2021\/10\/01\/papieska-intencja-apostolstwa-modlitwy-pazdziernik-2021\/#webpage\",\"url\":\"https:\/\/pakosc-kalwaria.franciszkanie.net\/index.php\/2021\/10\/01\/papieska-intencja-apostolstwa-modlitwy-pazdziernik-2021\/\",\"name\":\"Papieska Intencja Apostolstwa Modlitwy \u2013 pa\u017adziernik 2021 - Pako\u015b\u0107 \u2013 Kalwaria\",\"isPartOf\":{\"@id\":\"https:\/\/pakosc-kalwaria.franciszkanie.net\/#website\"},\"primaryImageOfPage\":{\"@id\":\"https:\/\/pakosc-kalwaria.franciszkanie.net\/index.php\/2021\/10\/01\/papieska-intencja-apostolstwa-modlitwy-pazdziernik-2021\/#primaryimage\"},\"datePublished\":\"2021-10-01T17:15:11+00:00\",\"dateModified\":\"2021-10-05T06:34:08+00:00\",\"author\":{\"@id\":\"https:\/\/pakosc-kalwaria.franciszkanie.net\/#\/schema\/person\/af10b943be0760709227d060eadcb2aa\"},\"breadcrumb\":{\"@id\":\"https:\/\/pakosc-kalwaria.franciszkanie.net\/index.php\/2021\/10\/01\/papieska-intencja-apostolstwa-modlitwy-pazdziernik-2021\/#breadcrumb\"},\"inLanguage\":\"pl-PL\",\"potentialAction\":[{\"@type\":\"ReadAction\",\"target\":[\"https:\/\/pakosc-kalwaria.franciszkanie.net\/index.php\/2021\/10\/01\/papieska-intencja-apostolstwa-modlitwy-pazdziernik-2021\/\"]}]},{\"@type\":\"BreadcrumbList\",\"@id\":\"https:\/\/pakosc-kalwaria.franciszkanie.net\/index.php\/2021\/10\/01\/papieska-intencja-apostolstwa-modlitwy-pazdziernik-2021\/#breadcrumb\",\"itemListElement\":[{\"@type\":\"ListItem\",\"position\":1,\"name\":\"Strona g\u0142\u00f3wna\",\"item\":\"https:\/\/pakosc-kalwaria.franciszkanie.net\/\"},{\"@type\":\"ListItem\",\"position\":2,\"name\":\"Papieska Intencja Apostolstwa Modlitwy \u2013 pa\u017adziernik 2021\"}]},{\"@type\":\"Person\",\"@id\":\"https:\/\/pakosc-kalwaria.franciszkanie.net\/#\/schema\/person\/af10b943be0760709227d060eadcb2aa\",\"name\":\"pakosc-kalwaria\",\"image\":{\"@type\":\"ImageObject\",\"@id\":\"https:\/\/pakosc-kalwaria.franciszkanie.net\/#personlogo\",\"inLanguage\":\"pl-PL\",\"url\":\"https:\/\/secure.gravatar.com\/avatar\/e7049d338b55eac6a0027ff3218b8d02?s=96&d=mm&r=g\",\"contentUrl\":\"https:\/\/secure.gravatar.com\/avatar\/e7049d338b55eac6a0027ff3218b8d02?s=96&d=mm&r=g\",\"caption\":\"pakosc-kalwaria\"},\"sameAs\":[\"https:\/\/www.facebook.com\/KalwariaPakosc\/\"],\"url\":\"https:\/\/pakosc-kalwaria.franciszkanie.net\/index.php\/author\/pakosc-kalwaria\/\"}]}<\/script>\n<!-- \/ Yoast SEO plugin. -->","yoast_head_json":{"title":"Papieska Intencja Apostolstwa Modlitwy \u2013 pa\u017adziernik 2021 - Pako\u015b\u0107 \u2013 Kalwaria","robots":{"index":"index","follow":"follow","max-snippet":"max-snippet:-1","max-image-preview":"max-image-preview:large","max-video-preview":"max-video-preview:-1"},"canonical":"https:\/\/pakosc-kalwaria.franciszkanie.net\/index.php\/2021\/10\/01\/papieska-intencja-apostolstwa-modlitwy-pazdziernik-2021\/","og_locale":"pl_PL","og_type":"article","og_title":"Papieska Intencja Apostolstwa Modlitwy \u2013 pa\u017adziernik 2021 - Pako\u015b\u0107 \u2013 Kalwaria","og_description":"Intencja ewangelizacyjna: Uczniowie misjonarze\u00a0\u00a0 M\u00f3dlmy si\u0119, aby ka\u017cdy ochrzczony by\u0142 w\u0142\u0105czony w ewangelizacj\u0119, gotowy do misji, poprzez \u015bwiadectwo \u017cycia maj\u0105cego smak Ewangelii. \u017bywy R\u00f3\u017caniec w naszej Parafii modli si\u0119 w pa\u017adzierniku wed\u0142ug \u201ezestawu nr 19\u201d.\u00a0\u00a0\u00a0 Zach\u0119camy do w\u0142\u0105czenia si\u0119 w \u017bywy R\u00f3\u017caniec w naszej kalwaryjskiej Parafii. Powstaje R\u00f3\u017ca R\u00f3\u017ca\u0144cowa pod wezwaniem Matki Bo\u017cej Cz\u0119stochowskiej. &nbsp; &hellip;","og_url":"https:\/\/pakosc-kalwaria.franciszkanie.net\/index.php\/2021\/10\/01\/papieska-intencja-apostolstwa-modlitwy-pazdziernik-2021\/","og_site_name":"Pako\u015b\u0107 \u2013 Kalwaria","article_author":"https:\/\/www.facebook.com\/KalwariaPakosc\/","article_published_time":"2021-10-01T17:15:11+00:00","article_modified_time":"2021-10-05T06:34:08+00:00","og_image":[{"width":300,"height":200,"url":"https:\/\/pakosc-kalwaria.franciszkanie.net\/wp-content\/uploads\/2021\/09\/papa-francesco.jpg","type":"image\/jpeg"}],"twitter_card":"summary","twitter_misc":{"Napisane przez":"pakosc-kalwaria","Szacowany czas czytania":"2 minuty"},"schema":{"@context":"https:\/\/schema.org","@graph":[{"@type":"WebSite","@id":"https:\/\/pakosc-kalwaria.franciszkanie.net\/#website","url":"https:\/\/pakosc-kalwaria.franciszkanie.net\/","name":"Pako\u015b\u0107 \u2013 Kalwaria","description":"Parafia Rzymsko \u2013 Katolicka p.w. Pana Jezusa Ukrzy\u017cowanego i  Matki Bo\u017cej Bolesnej ul. Barci\u0144ska 60, 88\u2013170 Pako\u015b\u0107 \u2013 Kalwaria","potentialAction":[{"@type":"SearchAction","target":{"@type":"EntryPoint","urlTemplate":"https:\/\/pakosc-kalwaria.franciszkanie.net\/?s={search_term_string}"},"query-input":"required name=search_term_string"}],"inLanguage":"pl-PL"},{"@type":"ImageObject","@id":"https:\/\/pakosc-kalwaria.franciszkanie.net\/index.php\/2021\/10\/01\/papieska-intencja-apostolstwa-modlitwy-pazdziernik-2021\/#primaryimage","inLanguage":"pl-PL","url":"https:\/\/pakosc-kalwaria.franciszkanie.net\/wp-content\/uploads\/2021\/09\/papa-francesco.jpg","contentUrl":"https:\/\/pakosc-kalwaria.franciszkanie.net\/wp-content\/uploads\/2021\/09\/papa-francesco.jpg","width":300,"height":200},{"@type":"WebPage","@id":"https:\/\/pakosc-kalwaria.franciszkanie.net\/index.php\/2021\/10\/01\/papieska-intencja-apostolstwa-modlitwy-pazdziernik-2021\/#webpage","url":"https:\/\/pakosc-kalwaria.franciszkanie.net\/index.php\/2021\/10\/01\/papieska-intencja-apostolstwa-modlitwy-pazdziernik-2021\/","name":"Papieska Intencja Apostolstwa Modlitwy \u2013 pa\u017adziernik 2021 - Pako\u015b\u0107 \u2013 Kalwaria","isPartOf":{"@id":"https:\/\/pakosc-kalwaria.franciszkanie.net\/#website"},"primaryImageOfPage":{"@id":"https:\/\/pakosc-kalwaria.franciszkanie.net\/index.php\/2021\/10\/01\/papieska-intencja-apostolstwa-modlitwy-pazdziernik-2021\/#primaryimage"},"datePublished":"2021-10-01T17:15:11+00:00","dateModified":"2021-10-05T06:34:08+00:00","author":{"@id":"https:\/\/pakosc-kalwaria.franciszkanie.net\/#\/schema\/person\/af10b943be0760709227d060eadcb2aa"},"breadcrumb":{"@id":"https:\/\/pakosc-kalwaria.franciszkanie.net\/index.php\/2021\/10\/01\/papieska-intencja-apostolstwa-modlitwy-pazdziernik-2021\/#breadcrumb"},"inLanguage":"pl-PL","potentialAction":[{"@type":"ReadAction","target":["https:\/\/pakosc-kalwaria.franciszkanie.net\/index.php\/2021\/10\/01\/papieska-intencja-apostolstwa-modlitwy-pazdziernik-2021\/"]}]},{"@type":"BreadcrumbList","@id":"https:\/\/pakosc-kalwaria.franciszkanie.net\/index.php\/2021\/10\/01\/papieska-intencja-apostolstwa-modlitwy-pazdziernik-2021\/#breadcrumb","itemListElement":[{"@type":"ListItem","position":1,"name":"Strona g\u0142\u00f3wna","item":"https:\/\/pakosc-kalwaria.franciszkanie.net\/"},{"@type":"ListItem","position":2,"name":"Papieska Intencja Apostolstwa Modlitwy \u2013 pa\u017adziernik 2021"}]},{"@type":"Person","@id":"https:\/\/pakosc-kalwaria.franciszkanie.net\/#\/schema\/person\/af10b943be0760709227d060eadcb2aa","name":"pakosc-kalwaria","image":{"@type":"ImageObject","@id":"https:\/\/pakosc-kalwaria.franciszkanie.net\/#personlogo","inLanguage":"pl-PL","url":"https:\/\/secure.gravatar.com\/avatar\/e7049d338b55eac6a0027ff3218b8d02?s=96&d=mm&r=g","contentUrl":"https:\/\/secure.gravatar.com\/avatar\/e7049d338b55eac6a0027ff3218b8d02?s=96&d=mm&r=g","caption":"pakosc-kalwaria"},"sameAs":["https:\/\/www.facebook.com\/KalwariaPakosc\/"],"url":"https:\/\/pakosc-kalwaria.franciszkanie.net\/index.php\/author\/pakosc-kalwaria\/"}]}},"_links":{"self":[{"href":"https:\/\/pakosc-kalwaria.franciszkanie.net\/index.php\/wp-json\/wp\/v2\/posts\/20325"}],"collection":[{"href":"https:\/\/pakosc-kalwaria.franciszkanie.net\/index.php\/wp-json\/wp\/v2\/posts"}],"about":[{"href":"https:\/\/pakosc-kalwaria.franciszkanie.net\/index.php\/wp-json\/wp\/v2\/types\/post"}],"author":[{"embeddable":true,"href":"https:\/\/pakosc-kalwaria.franciszkanie.net\/index.php\/wp-json\/wp\/v2\/users\/2"}],"replies":[{"embeddable":true,"href":"https:\/\/pakosc-kalwaria.franciszkanie.net\/index.php\/wp-json\/wp\/v2\/comments?post=20325"}],"version-history":[{"count":5,"href":"https:\/\/pakosc-kalwaria.franciszkanie.net\/index.php\/wp-json\/wp\/v2\/posts\/20325\/revisions"}],"predecessor-version":[{"id":20380,"href":"https:\/\/pakosc-kalwaria.franciszkanie.net\/index.php\/wp-json\/wp\/v2\/posts\/20325\/revisions\/20380"}],"wp:featuredmedia":[{"embeddable":true,"href":"https:\/\/pakosc-kalwaria.franciszkanie.net\/index.php\/wp-json\/wp\/v2\/media\/20326"}],"wp:attachment":[{"href":"https:\/\/pakosc-kalwaria.franciszkanie.net\/index.php\/wp-json\/wp\/v2\/media?parent=20325"}],"wp:term":[{"taxonomy":"category","embeddable":true,"href":"https:\/\/pakosc-kalwaria.franciszkanie.net\/index.php\/wp-json\/wp\/v2\/categories?post=20325"},{"taxonomy":"post_tag","embeddable":true,"href":"https:\/\/pakosc-kalwaria.franciszkanie.net\/index.php\/wp-json\/wp\/v2\/tags?post=20325"}],"curies":[{"name":"wp","href":"https:\/\/api.w.org\/{rel}","templated":true}]}}