{"id":20334,"date":"2021-10-01T18:30:27","date_gmt":"2021-10-01T16:30:27","guid":{"rendered":"http:\/\/pakosc-kalwaria.franciszkanie.net\/?p=20334"},"modified":"2021-10-01T16:23:41","modified_gmt":"2021-10-01T14:23:41","slug":"do-medytacji-z-kalwaryjskiego-wzgorza-piatek-01-10-2021r","status":"publish","type":"post","link":"https:\/\/pakosc-kalwaria.franciszkanie.net\/index.php\/2021\/10\/01\/do-medytacji-z-kalwaryjskiego-wzgorza-piatek-01-10-2021r\/","title":{"rendered":"Do medytacji z kalwaryjskiego Wzg\u00f3rza \u2013 pi\u0105tek 01.10.2021r."},"content":{"rendered":"<p><span style=\"color: #ff0000;\"><strong>Z kazania na kalwaryjskim Wzg\u00f3rzu \u2013 01.10.2021r.<\/strong><\/span><\/p>\n<p><strong>O warto\u015bci R\u00f3\u017ca\u0144ca.<\/strong><strong>\u00a0 <\/strong><strong><br \/>\n<\/strong>Rozpoczynamy pa\u017adziernik \u2013 miesi\u0105c w kt\u00f3rym szczeg\u00f3lnie \u00a0jeste\u015bmy zach\u0119cani do odmawiania R\u00f3\u017ca\u0144ca \u015bwi\u0119tego w ko\u015bcio\u0142ach oraz w naszych domach i rodzinach. W czasie pierwszego objawienia w Fatimie 13 maja 1917r. Matka Bo\u017ca poprosi\u0142a troje dzieci: \u201eOdmawiajcie codziennie r\u00f3\u017caniec, aby uzyska\u0107 pok\u00f3j dla \u015bwiata i koniec wojny!\u201d. Podczas drugiego objawienia 13 czerwca, na pytanie dzieci czego od nich oczekuje, Fatimska Pani odpowiedzia\u0142a: \u201eChc\u0119, \u017ceby\u015bcie codziennie odmawiali r\u00f3\u017caniec\u201d. Kiedy \u0141ucja prosi\u0142a Matk\u0119 Naj\u015bwi\u0119tsz\u0105 o konkretne \u0142aski dla ludzi, Maryja zwr\u00f3ci\u0142a uwag\u0119, \u017ce aby je otrzyma\u0107, trzeba odmawia\u0107 r\u00f3\u017caniec. Podczas czwartego objawienia Maryja prosi\u0142a, by du\u017co modli\u0107 si\u0119 za biednych grzesznik\u00f3w, bo wiele dusz idzie do piek\u0142a, dlatego \u017ce nikt si\u0119 za te dusze nie modli. Podczas ostatniego objawienia 13 pa\u017adziernika, Matka Bo\u017ca oznajmi\u0142a \u0141ucji, Hiacyncie i Franciszkowi: \u201eJestem Matk\u0105 Bosk\u0105 R\u00f3\u017ca\u0144cow\u0105. Trzeba w dalszym ci\u0105gu codziennie odmawia\u0107 r\u00f3\u017caniec. Wojna si\u0119 sko\u0144czy i \u017co\u0142nierze powr\u00f3c\u0105 wkr\u00f3tce do domu\u201d.<br \/>\nMaryja m\u00f3wi o r\u00f3\u017ca\u0144cu jako skutecznej modlitwie, kt\u00f3ra przynosi pok\u00f3j tam, gdzie cz\u0142owiek rozp\u0119ta\u0142 wojny i sam nie potrafi ju\u017c ich powstrzyma\u0107. S\u0142owem, r\u00f3\u017caniec broni ludzi i narody przed wielkimi niebezpiecze\u0144stwami. Jest skuteczn\u0105 modlitw\u0105, kt\u00f3ra ratuje grzesznik\u00f3w przed wiecznym pot\u0119pieniem i jest pomoc\u0105 w osi\u0105gni\u0119ciu Nieba. Dowody na cudown\u0105 moc r\u00f3\u017ca\u0144ca s\u0105 niezliczone. W obietnicach, kt\u00f3re Matka Bo\u017ca z\u0142o\u017cy\u0142a b\u0142. Alanowi de Rupe, m\u00f3wi\u0142a, \u017ce \u201er\u00f3\u017caniec jest lekarstwem na wszelkie dolegliwo\u015bci cz\u0142owieka i \u015bwiata\u201d. Modlitwa na r\u00f3\u017ca\u0144cu jest szczeg\u00f3lnie mi\u0142a Panu Bogu. R\u00f3\u017caniec chroni przed piek\u0142em i jest b\u0142ogos\u0142awie\u0144stwem na czas \u015bmierci. W sytuacjach po ludzku beznadziejnych przynosi nadziej\u0119 i daje si\u0142\u0119 do duchowego zwyci\u0119stwa. Przez r\u00f3\u017caniec mo\u017cna wyprosi\u0107 Bo\u017ce mi\u0142osierdzie, ocalenie narod\u00f3w oraz pomoc w ka\u017cdym nieszcz\u0119\u015bciu. Modl\u0105c si\u0119 na r\u00f3\u017ca\u0144cu prosimy nie tylko o nasze zbawienie,\u00a0 ale tak\u017ce o zbawienie innych. Po ka\u017cdej 10-tce r\u00f3\u017ca\u0144ca wr\u0119cz b\u0142agamy mi\u0142osiernego Boga: \u201eO m\u00f3j Jezu zachowaj nas od ognia piekielnego, zaprowad\u017a wszystkie dusze do nieba, a szczeg\u00f3lnie te, kt\u00f3re najbardziej potrzebuj\u0105 Twojego mi\u0142osierdzia\u201d.<br \/>\nGdy na dwa dni przed \u015bmierci\u0105, zapytano o. Pio, co mia\u0142by wa\u017cnego do przekazania ludziom, odpowiedzia\u0142: \u201eChcia\u0142bym zaprosi\u0107 wszystkich grzesznik\u00f3w z ca\u0142ego \u015bwiata, aby kochali Matk\u0119 Bo\u017c\u0105. Odmawiajcie zawsze r\u00f3\u017caniec. I odmawiajcie go tak cz\u0119sto, jak tylko mo\u017cecie. Szatan stara si\u0119 zawsze zniszczy\u0107 t\u0119 modlitw\u0119, ale to mu si\u0119 nigdy nie uda. To jest modlitwa Tej, kt\u00f3ra kr\u00f3luje nad wszystkim i nad wszystkimi. To Ona nauczy\u0142a nas modli\u0107 si\u0119 na r\u00f3\u017ca\u0144cu, tak jak Jezus nauczy\u0142 nas m\u00f3wi\u0107 Ojcze nasz\u201d.<br \/>\nWielki czciciel R\u00f3\u017ca\u0144ca \u015bwi\u0119tego \u015bw. Jan Pawe\u0142 II podczas pobytu w Fatimie 13 maja 1982 r. przypomnia\u0142, \u017ce najistotniejsz\u0105 tre\u015bci\u0105 fatimskiego or\u0119dzia jest wezwanie aby \u201emodli\u0107 si\u0119, modli\u0107 si\u0119 i jeszcze raz modli\u0107 si\u0119\u201d. Okazuje si\u0119, \u017ce pierwszym krokiem w kierunku z\u0142ego \u017cycia i\u00a0 piek\u0142a jest zaniedbanie modlitwy. Je\u017celi kto\u015b przestanie si\u0119 modli\u0107, bardzo szybko utraci wiar\u0119 i stanie si\u0119 narz\u0119dziem w r\u0119kach Z\u0142ego. Zaprzestanie modlitwy prowadzi te\u017c do zniewolenia przez r\u00f3\u017cnego rodzaju grzechy. Kto si\u0119 nie modli, nie ma si\u0142y, by obroni\u0107 si\u0119 przed dzia\u0142aniem diab\u0142a, kt\u00f3ry \u201e jak lew rycz\u0105cy kr\u0105\u017cy szukaj\u0105c kogo po\u017cre\u0107\u201d \u2013 o tym przestrzega \u015bw. Piotr w swoim Pierwszym Li\u015bcie.<br \/>\nMaryja w Fatimie da\u0142a nam bro\u0144 do r\u0119ki w walce z si\u0142ami z\u0142a i wezwa\u0142a: \u201eLudzie musz\u0105 odmawia\u0107 r\u00f3\u017caniec. Niech odmawiaj\u0105 go ka\u017cdego dnia\u201d. Od nas tylko zale\u017cy czy we\u017amiemy sobie do serca to wo\u0142anie Matki Bo\u017cej i b\u0119dziemy codziennie odmawiali r\u00f3\u017caniec!? Amen.<br \/>\n(o.R.)<\/p>\n","protected":false},"excerpt":{"rendered":"<p>Z kazania na kalwaryjskim Wzg\u00f3rzu \u2013 01.10.2021r. O warto\u015bci R\u00f3\u017ca\u0144ca.\u00a0 Rozpoczynamy pa\u017adziernik \u2013 miesi\u0105c w kt\u00f3rym szczeg\u00f3lnie \u00a0jeste\u015bmy zach\u0119cani do odmawiania R\u00f3\u017ca\u0144ca \u015bwi\u0119tego w ko\u015bcio\u0142ach oraz w naszych domach i rodzinach. W czasie pierwszego objawienia w Fatimie 13 maja 1917r. Matka Bo\u017ca poprosi\u0142a troje dzieci: \u201eOdmawiajcie codziennie r\u00f3\u017caniec, aby uzyska\u0107 pok\u00f3j dla \u015bwiata i koniec &hellip;<\/p>\n","protected":false},"author":2,"featured_media":20335,"comment_status":"closed","ping_status":"closed","sticky":false,"template":"","format":"standard","meta":{"_mi_skip_tracking":false,"_exactmetrics_sitenote_active":false,"_exactmetrics_sitenote_note":"","_exactmetrics_sitenote_category":0},"categories":[14],"tags":[],"yoast_head":"<!-- This site is optimized with the Yoast SEO plugin v18.1 - https:\/\/yoast.com\/wordpress\/plugins\/seo\/ -->\n<title>Do medytacji z kalwaryjskiego Wzg\u00f3rza \u2013 pi\u0105tek 01.10.2021r. - Pako\u015b\u0107 \u2013 Kalwaria<\/title>\n<meta name=\"robots\" content=\"index, follow, max-snippet:-1, max-image-preview:large, max-video-preview:-1\" \/>\n<link rel=\"canonical\" href=\"https:\/\/pakosc-kalwaria.franciszkanie.net\/index.php\/2021\/10\/01\/do-medytacji-z-kalwaryjskiego-wzgorza-piatek-01-10-2021r\/\" \/>\n<meta property=\"og:locale\" content=\"pl_PL\" \/>\n<meta property=\"og:type\" content=\"article\" \/>\n<meta property=\"og:title\" content=\"Do medytacji z kalwaryjskiego Wzg\u00f3rza \u2013 pi\u0105tek 01.10.2021r. - Pako\u015b\u0107 \u2013 Kalwaria\" \/>\n<meta property=\"og:description\" content=\"Z kazania na kalwaryjskim Wzg\u00f3rzu \u2013 01.10.2021r. O warto\u015bci R\u00f3\u017ca\u0144ca.\u00a0 Rozpoczynamy pa\u017adziernik \u2013 miesi\u0105c w kt\u00f3rym szczeg\u00f3lnie \u00a0jeste\u015bmy zach\u0119cani do odmawiania R\u00f3\u017ca\u0144ca \u015bwi\u0119tego w ko\u015bcio\u0142ach oraz w naszych domach i rodzinach. W czasie pierwszego objawienia w Fatimie 13 maja 1917r. Matka Bo\u017ca poprosi\u0142a troje dzieci: \u201eOdmawiajcie codziennie r\u00f3\u017caniec, aby uzyska\u0107 pok\u00f3j dla \u015bwiata i koniec &hellip;\" \/>\n<meta property=\"og:url\" content=\"https:\/\/pakosc-kalwaria.franciszkanie.net\/index.php\/2021\/10\/01\/do-medytacji-z-kalwaryjskiego-wzgorza-piatek-01-10-2021r\/\" \/>\n<meta property=\"og:site_name\" content=\"Pako\u015b\u0107 \u2013 Kalwaria\" \/>\n<meta property=\"article:author\" content=\"https:\/\/www.facebook.com\/KalwariaPakosc\/\" \/>\n<meta property=\"article:published_time\" content=\"2021-10-01T16:30:27+00:00\" \/>\n<meta property=\"article:modified_time\" content=\"2021-10-01T14:23:41+00:00\" \/>\n<meta property=\"og:image\" content=\"https:\/\/pakosc-kalwaria.franciszkanie.net\/wp-content\/uploads\/2021\/10\/Matak-Boza-Bolesna-Krolowa-Polski-2020.jpg\" \/>\n\t<meta property=\"og:image:width\" content=\"400\" \/>\n\t<meta property=\"og:image:height\" content=\"225\" \/>\n\t<meta property=\"og:image:type\" content=\"image\/jpeg\" \/>\n<meta name=\"twitter:card\" content=\"summary\" \/>\n<meta name=\"twitter:label1\" content=\"Napisane przez\" \/>\n\t<meta name=\"twitter:data1\" content=\"pakosc-kalwaria\" \/>\n\t<meta name=\"twitter:label2\" content=\"Szacowany czas czytania\" \/>\n\t<meta name=\"twitter:data2\" content=\"3 minuty\" \/>\n<script type=\"application\/ld+json\" class=\"yoast-schema-graph\">{\"@context\":\"https:\/\/schema.org\",\"@graph\":[{\"@type\":\"WebSite\",\"@id\":\"https:\/\/pakosc-kalwaria.franciszkanie.net\/#website\",\"url\":\"https:\/\/pakosc-kalwaria.franciszkanie.net\/\",\"name\":\"Pako\u015b\u0107 \u2013 Kalwaria\",\"description\":\"Parafia Rzymsko \u2013 Katolicka p.w. Pana Jezusa Ukrzy\u017cowanego i  Matki Bo\u017cej Bolesnej ul. Barci\u0144ska 60, 88\u2013170 Pako\u015b\u0107 \u2013 Kalwaria\",\"potentialAction\":[{\"@type\":\"SearchAction\",\"target\":{\"@type\":\"EntryPoint\",\"urlTemplate\":\"https:\/\/pakosc-kalwaria.franciszkanie.net\/?s={search_term_string}\"},\"query-input\":\"required name=search_term_string\"}],\"inLanguage\":\"pl-PL\"},{\"@type\":\"ImageObject\",\"@id\":\"https:\/\/pakosc-kalwaria.franciszkanie.net\/index.php\/2021\/10\/01\/do-medytacji-z-kalwaryjskiego-wzgorza-piatek-01-10-2021r\/#primaryimage\",\"inLanguage\":\"pl-PL\",\"url\":\"https:\/\/pakosc-kalwaria.franciszkanie.net\/wp-content\/uploads\/2021\/10\/Matak-Boza-Bolesna-Krolowa-Polski-2020.jpg\",\"contentUrl\":\"https:\/\/pakosc-kalwaria.franciszkanie.net\/wp-content\/uploads\/2021\/10\/Matak-Boza-Bolesna-Krolowa-Polski-2020.jpg\",\"width\":400,\"height\":225},{\"@type\":\"WebPage\",\"@id\":\"https:\/\/pakosc-kalwaria.franciszkanie.net\/index.php\/2021\/10\/01\/do-medytacji-z-kalwaryjskiego-wzgorza-piatek-01-10-2021r\/#webpage\",\"url\":\"https:\/\/pakosc-kalwaria.franciszkanie.net\/index.php\/2021\/10\/01\/do-medytacji-z-kalwaryjskiego-wzgorza-piatek-01-10-2021r\/\",\"name\":\"Do medytacji z kalwaryjskiego Wzg\u00f3rza \u2013 pi\u0105tek 01.10.2021r. - Pako\u015b\u0107 \u2013 Kalwaria\",\"isPartOf\":{\"@id\":\"https:\/\/pakosc-kalwaria.franciszkanie.net\/#website\"},\"primaryImageOfPage\":{\"@id\":\"https:\/\/pakosc-kalwaria.franciszkanie.net\/index.php\/2021\/10\/01\/do-medytacji-z-kalwaryjskiego-wzgorza-piatek-01-10-2021r\/#primaryimage\"},\"datePublished\":\"2021-10-01T16:30:27+00:00\",\"dateModified\":\"2021-10-01T14:23:41+00:00\",\"author\":{\"@id\":\"https:\/\/pakosc-kalwaria.franciszkanie.net\/#\/schema\/person\/af10b943be0760709227d060eadcb2aa\"},\"breadcrumb\":{\"@id\":\"https:\/\/pakosc-kalwaria.franciszkanie.net\/index.php\/2021\/10\/01\/do-medytacji-z-kalwaryjskiego-wzgorza-piatek-01-10-2021r\/#breadcrumb\"},\"inLanguage\":\"pl-PL\",\"potentialAction\":[{\"@type\":\"ReadAction\",\"target\":[\"https:\/\/pakosc-kalwaria.franciszkanie.net\/index.php\/2021\/10\/01\/do-medytacji-z-kalwaryjskiego-wzgorza-piatek-01-10-2021r\/\"]}]},{\"@type\":\"BreadcrumbList\",\"@id\":\"https:\/\/pakosc-kalwaria.franciszkanie.net\/index.php\/2021\/10\/01\/do-medytacji-z-kalwaryjskiego-wzgorza-piatek-01-10-2021r\/#breadcrumb\",\"itemListElement\":[{\"@type\":\"ListItem\",\"position\":1,\"name\":\"Strona g\u0142\u00f3wna\",\"item\":\"https:\/\/pakosc-kalwaria.franciszkanie.net\/\"},{\"@type\":\"ListItem\",\"position\":2,\"name\":\"Do medytacji z kalwaryjskiego Wzg\u00f3rza \u2013 pi\u0105tek 01.10.2021r.\"}]},{\"@type\":\"Person\",\"@id\":\"https:\/\/pakosc-kalwaria.franciszkanie.net\/#\/schema\/person\/af10b943be0760709227d060eadcb2aa\",\"name\":\"pakosc-kalwaria\",\"image\":{\"@type\":\"ImageObject\",\"@id\":\"https:\/\/pakosc-kalwaria.franciszkanie.net\/#personlogo\",\"inLanguage\":\"pl-PL\",\"url\":\"https:\/\/secure.gravatar.com\/avatar\/e7049d338b55eac6a0027ff3218b8d02?s=96&d=mm&r=g\",\"contentUrl\":\"https:\/\/secure.gravatar.com\/avatar\/e7049d338b55eac6a0027ff3218b8d02?s=96&d=mm&r=g\",\"caption\":\"pakosc-kalwaria\"},\"sameAs\":[\"https:\/\/www.facebook.com\/KalwariaPakosc\/\"],\"url\":\"https:\/\/pakosc-kalwaria.franciszkanie.net\/index.php\/author\/pakosc-kalwaria\/\"}]}<\/script>\n<!-- \/ Yoast SEO plugin. -->","yoast_head_json":{"title":"Do medytacji z kalwaryjskiego Wzg\u00f3rza \u2013 pi\u0105tek 01.10.2021r. - Pako\u015b\u0107 \u2013 Kalwaria","robots":{"index":"index","follow":"follow","max-snippet":"max-snippet:-1","max-image-preview":"max-image-preview:large","max-video-preview":"max-video-preview:-1"},"canonical":"https:\/\/pakosc-kalwaria.franciszkanie.net\/index.php\/2021\/10\/01\/do-medytacji-z-kalwaryjskiego-wzgorza-piatek-01-10-2021r\/","og_locale":"pl_PL","og_type":"article","og_title":"Do medytacji z kalwaryjskiego Wzg\u00f3rza \u2013 pi\u0105tek 01.10.2021r. - Pako\u015b\u0107 \u2013 Kalwaria","og_description":"Z kazania na kalwaryjskim Wzg\u00f3rzu \u2013 01.10.2021r. O warto\u015bci R\u00f3\u017ca\u0144ca.\u00a0 Rozpoczynamy pa\u017adziernik \u2013 miesi\u0105c w kt\u00f3rym szczeg\u00f3lnie \u00a0jeste\u015bmy zach\u0119cani do odmawiania R\u00f3\u017ca\u0144ca \u015bwi\u0119tego w ko\u015bcio\u0142ach oraz w naszych domach i rodzinach. W czasie pierwszego objawienia w Fatimie 13 maja 1917r. Matka Bo\u017ca poprosi\u0142a troje dzieci: \u201eOdmawiajcie codziennie r\u00f3\u017caniec, aby uzyska\u0107 pok\u00f3j dla \u015bwiata i koniec &hellip;","og_url":"https:\/\/pakosc-kalwaria.franciszkanie.net\/index.php\/2021\/10\/01\/do-medytacji-z-kalwaryjskiego-wzgorza-piatek-01-10-2021r\/","og_site_name":"Pako\u015b\u0107 \u2013 Kalwaria","article_author":"https:\/\/www.facebook.com\/KalwariaPakosc\/","article_published_time":"2021-10-01T16:30:27+00:00","article_modified_time":"2021-10-01T14:23:41+00:00","og_image":[{"width":400,"height":225,"url":"https:\/\/pakosc-kalwaria.franciszkanie.net\/wp-content\/uploads\/2021\/10\/Matak-Boza-Bolesna-Krolowa-Polski-2020.jpg","type":"image\/jpeg"}],"twitter_card":"summary","twitter_misc":{"Napisane przez":"pakosc-kalwaria","Szacowany czas czytania":"3 minuty"},"schema":{"@context":"https:\/\/schema.org","@graph":[{"@type":"WebSite","@id":"https:\/\/pakosc-kalwaria.franciszkanie.net\/#website","url":"https:\/\/pakosc-kalwaria.franciszkanie.net\/","name":"Pako\u015b\u0107 \u2013 Kalwaria","description":"Parafia Rzymsko \u2013 Katolicka p.w. Pana Jezusa Ukrzy\u017cowanego i  Matki Bo\u017cej Bolesnej ul. Barci\u0144ska 60, 88\u2013170 Pako\u015b\u0107 \u2013 Kalwaria","potentialAction":[{"@type":"SearchAction","target":{"@type":"EntryPoint","urlTemplate":"https:\/\/pakosc-kalwaria.franciszkanie.net\/?s={search_term_string}"},"query-input":"required name=search_term_string"}],"inLanguage":"pl-PL"},{"@type":"ImageObject","@id":"https:\/\/pakosc-kalwaria.franciszkanie.net\/index.php\/2021\/10\/01\/do-medytacji-z-kalwaryjskiego-wzgorza-piatek-01-10-2021r\/#primaryimage","inLanguage":"pl-PL","url":"https:\/\/pakosc-kalwaria.franciszkanie.net\/wp-content\/uploads\/2021\/10\/Matak-Boza-Bolesna-Krolowa-Polski-2020.jpg","contentUrl":"https:\/\/pakosc-kalwaria.franciszkanie.net\/wp-content\/uploads\/2021\/10\/Matak-Boza-Bolesna-Krolowa-Polski-2020.jpg","width":400,"height":225},{"@type":"WebPage","@id":"https:\/\/pakosc-kalwaria.franciszkanie.net\/index.php\/2021\/10\/01\/do-medytacji-z-kalwaryjskiego-wzgorza-piatek-01-10-2021r\/#webpage","url":"https:\/\/pakosc-kalwaria.franciszkanie.net\/index.php\/2021\/10\/01\/do-medytacji-z-kalwaryjskiego-wzgorza-piatek-01-10-2021r\/","name":"Do medytacji z kalwaryjskiego Wzg\u00f3rza \u2013 pi\u0105tek 01.10.2021r. - Pako\u015b\u0107 \u2013 Kalwaria","isPartOf":{"@id":"https:\/\/pakosc-kalwaria.franciszkanie.net\/#website"},"primaryImageOfPage":{"@id":"https:\/\/pakosc-kalwaria.franciszkanie.net\/index.php\/2021\/10\/01\/do-medytacji-z-kalwaryjskiego-wzgorza-piatek-01-10-2021r\/#primaryimage"},"datePublished":"2021-10-01T16:30:27+00:00","dateModified":"2021-10-01T14:23:41+00:00","author":{"@id":"https:\/\/pakosc-kalwaria.franciszkanie.net\/#\/schema\/person\/af10b943be0760709227d060eadcb2aa"},"breadcrumb":{"@id":"https:\/\/pakosc-kalwaria.franciszkanie.net\/index.php\/2021\/10\/01\/do-medytacji-z-kalwaryjskiego-wzgorza-piatek-01-10-2021r\/#breadcrumb"},"inLanguage":"pl-PL","potentialAction":[{"@type":"ReadAction","target":["https:\/\/pakosc-kalwaria.franciszkanie.net\/index.php\/2021\/10\/01\/do-medytacji-z-kalwaryjskiego-wzgorza-piatek-01-10-2021r\/"]}]},{"@type":"BreadcrumbList","@id":"https:\/\/pakosc-kalwaria.franciszkanie.net\/index.php\/2021\/10\/01\/do-medytacji-z-kalwaryjskiego-wzgorza-piatek-01-10-2021r\/#breadcrumb","itemListElement":[{"@type":"ListItem","position":1,"name":"Strona g\u0142\u00f3wna","item":"https:\/\/pakosc-kalwaria.franciszkanie.net\/"},{"@type":"ListItem","position":2,"name":"Do medytacji z kalwaryjskiego Wzg\u00f3rza \u2013 pi\u0105tek 01.10.2021r."}]},{"@type":"Person","@id":"https:\/\/pakosc-kalwaria.franciszkanie.net\/#\/schema\/person\/af10b943be0760709227d060eadcb2aa","name":"pakosc-kalwaria","image":{"@type":"ImageObject","@id":"https:\/\/pakosc-kalwaria.franciszkanie.net\/#personlogo","inLanguage":"pl-PL","url":"https:\/\/secure.gravatar.com\/avatar\/e7049d338b55eac6a0027ff3218b8d02?s=96&d=mm&r=g","contentUrl":"https:\/\/secure.gravatar.com\/avatar\/e7049d338b55eac6a0027ff3218b8d02?s=96&d=mm&r=g","caption":"pakosc-kalwaria"},"sameAs":["https:\/\/www.facebook.com\/KalwariaPakosc\/"],"url":"https:\/\/pakosc-kalwaria.franciszkanie.net\/index.php\/author\/pakosc-kalwaria\/"}]}},"_links":{"self":[{"href":"https:\/\/pakosc-kalwaria.franciszkanie.net\/index.php\/wp-json\/wp\/v2\/posts\/20334"}],"collection":[{"href":"https:\/\/pakosc-kalwaria.franciszkanie.net\/index.php\/wp-json\/wp\/v2\/posts"}],"about":[{"href":"https:\/\/pakosc-kalwaria.franciszkanie.net\/index.php\/wp-json\/wp\/v2\/types\/post"}],"author":[{"embeddable":true,"href":"https:\/\/pakosc-kalwaria.franciszkanie.net\/index.php\/wp-json\/wp\/v2\/users\/2"}],"replies":[{"embeddable":true,"href":"https:\/\/pakosc-kalwaria.franciszkanie.net\/index.php\/wp-json\/wp\/v2\/comments?post=20334"}],"version-history":[{"count":4,"href":"https:\/\/pakosc-kalwaria.franciszkanie.net\/index.php\/wp-json\/wp\/v2\/posts\/20334\/revisions"}],"predecessor-version":[{"id":20350,"href":"https:\/\/pakosc-kalwaria.franciszkanie.net\/index.php\/wp-json\/wp\/v2\/posts\/20334\/revisions\/20350"}],"wp:featuredmedia":[{"embeddable":true,"href":"https:\/\/pakosc-kalwaria.franciszkanie.net\/index.php\/wp-json\/wp\/v2\/media\/20335"}],"wp:attachment":[{"href":"https:\/\/pakosc-kalwaria.franciszkanie.net\/index.php\/wp-json\/wp\/v2\/media?parent=20334"}],"wp:term":[{"taxonomy":"category","embeddable":true,"href":"https:\/\/pakosc-kalwaria.franciszkanie.net\/index.php\/wp-json\/wp\/v2\/categories?post=20334"},{"taxonomy":"post_tag","embeddable":true,"href":"https:\/\/pakosc-kalwaria.franciszkanie.net\/index.php\/wp-json\/wp\/v2\/tags?post=20334"}],"curies":[{"name":"wp","href":"https:\/\/api.w.org\/{rel}","templated":true}]}}