{"id":20345,"date":"2021-10-02T09:05:18","date_gmt":"2021-10-02T07:05:18","guid":{"rendered":"http:\/\/pakosc-kalwaria.franciszkanie.net\/?p=20345"},"modified":"2021-10-01T12:30:08","modified_gmt":"2021-10-01T10:30:08","slug":"ogloszenia-duszpasterskie-xxvii-niedziela-zwykla-3","status":"publish","type":"post","link":"https:\/\/pakosc-kalwaria.franciszkanie.net\/index.php\/2021\/10\/02\/ogloszenia-duszpasterskie-xxvii-niedziela-zwykla-3\/","title":{"rendered":"Og\u0142oszenia duszpasterskie &#8211; XXVII Niedziela Zwyk\u0142a"},"content":{"rendered":"<p><span style=\"color: #ff0000;\"><strong><em><u>W niedziel\u0119 (03.10.)<\/u><\/em><\/strong> <\/span><strong><span style=\"color: #ff0000;\">\u2013 zbi\u00f3rka do puszek<\/span> na wsparcie pracy misyjnej naszego Parafianina o. Wojciecha Chwaliszewskiego \u2013 kombonianina pracuj\u0105cego na misjach w Meksyku.<br \/>\nW ko\u015bciele \u015bw. Bonawentury po Mszy \u015bw. o 18.00 nabo\u017ce\u0144stwo <span style=\"color: #ff0000;\">Transitus<\/span> na pami\u0105tk\u0119 \u015bmierci \u015bw. Franciszka z Asy\u017cu.\u00a0\u00a0\u00a0\u00a0\u00a0\u00a0\u00a0\u00a0\u00a0\u00a0\u00a0\u00a0 <\/strong><\/p>\n<p><strong>W pa\u017adzierniku <span style=\"color: #ff0000;\">nabo\u017ce\u0144stwa r\u00f3\u017ca\u0144cowe odprawiamy w tygodniu o 17.30<\/span> (po Mszy \u015bwi\u0119tej o 17.00), <span style=\"color: #ff0000;\">w niedziele po Mszy \u015bwi\u0119tej o 9.00.<\/span> Zach\u0119camy dzieci, m\u0142odzie\u017c i doros\u0142ych udzia\u0142u w nabo\u017ce\u0144stwach oraz do wsp\u00f3lnego odmawiania R\u00f3\u017ca\u0144ca w domach i rodzinach.<\/strong><br \/>\n<strong>W pa\u017adzierniku nie b\u0119dzie odmawianego R\u00f3\u017ca\u0144ca: w tygodniu o 16.30, w niedziel\u0119 o 8.15. Wypominki za zmar\u0142ych w\u00a0 niedziele o 8.40.<\/strong><br \/>\n<strong><span style=\"color: #ff0000;\"><em><u>W poniedzia\u0142ek (04.10.)<\/u><\/em> \u2013 uroczysto\u015b\u0107 odpustowa ku czci \u015awi\u0119tego Ojca Franciszka z Asy\u017cu<\/span>, za\u0142o\u017cyciela trzech Zakon\u00f3w i Patrona naszej Prowincji zakonnej.<\/strong><br \/>\n<strong><span style=\"color: #ff0000;\">Msze \u015bw. o 10.00 i 17.00.<\/span> Z tej okazji mo\u017cna zyska\u0107 <span style=\"color: #ff0000;\">odpust zupe\u0142ny<\/span> pod zwyk\u0142ymi warunkami za nawiedzenie naszego ko\u015bcio\u0142a.<\/strong><br \/>\n<strong>W tym dniu <span style=\"color: #ff0000;\">w naszym ko\u015bciele parafialnym<\/span> <span style=\"color: #ff0000;\">ca\u0142odzienna adoracja Naj\u015bwi\u0119tszego Sakramentu<\/span> w ramach wieczystej adoracji w Archidiecezji Gnie\u017anie\u0144skiej. Wystawienie Naj\u015bwi\u0119tszego Sakramentu <span style=\"color: #ff0000;\">od 8.00 do 17.00. O 15.00 <span style=\"color: #000000;\">Koronka do Bo\u017cego Mi\u0142osierdzia.<\/span><\/span> W Roku Eucharystii zach\u0119camy Was wszystkich, szczeg\u00f3lnie naszych Parafian, do udzia\u0142u w adoracji oraz do gorliwej modlitwy przed Naj\u015bwi\u0119tszym Sakramentem. \u00a0\u00a0\u00a0\u00a0\u00a0\u00a0\u00a0\u00a0\u00a0\u00a0\u00a0\u00a0\u00a0\u00a0\u00a0\u00a0\u00a0\u00a0\u00a0\u00a0<\/strong><\/p>\n<p><strong><span style=\"color: #008000;\"><u>We wtorek (05.10.)<\/u><\/span> \u2013 wspomnienie \u015bw. Faustyny zakonnicy, aposto\u0142ki kultu Bo\u017cego Mi\u0142osierdzia.<\/strong><br \/>\n<strong><span style=\"color: #ff0000;\">O 17.00 Msza \u015bw. i uczczenie Relikwii \u015bw. Faustyny.<\/span><\/strong><br \/>\n<strong><span style=\"color: #ff0000;\">O 18.00 spotkanie Towarzystwa \u015bw. Wojciecha<\/span> oraz kandydat\u00f3w do tej Wsp\u00f3lnoty.<\/strong><\/p>\n<p><strong><span style=\"color: #008000;\"><em><u>W \u015brod\u0119 (06.10.)<\/u><\/em><\/span> \u2013 przed po\u0142udniem <span style=\"color: #ff0000;\">odwiedziny Chorych z Komuni\u0105 \u015bw.<\/span><\/strong><\/p>\n<p><strong><span style=\"color: #ff0000;\"><u>W pierwszy czwartek (07.10.)<\/u><\/span> \u2013 <span style=\"color: #0000ff;\">wspomnienie NMP R\u00f3\u017ca\u0144cowej.<\/span><\/strong><br \/>\n<strong><span style=\"color: #ff0000;\">O 17.00 Msza \u015bw.<\/span> o nowe powo\u0142ania kap\u0142a\u0144skie i zakonne, za Liturgiczn\u0105 S\u0142u\u017cb\u0119 O\u0142tarza i ich Rodziny oraz w intencji \u017bywego R\u00f3\u017ca\u0144ca z okazji patronalnego \u015bwi\u0119ta.<\/strong><br \/>\n<strong><span style=\"color: #ff0000;\">Od 19.00 \u2013 20.00 adoracja Naj\u015bwi\u0119tszego Sakramentu<\/span> z okazj\u0105 do Spowiedzi \u015bw. W adoracji bierze udzia\u0142 tak\u017ce m\u0142odzie\u017c klas VIII i I ponadpodstawowych, przygotowuj\u0105ca si\u0119 w naszej Parafii do Sakramentu Bierzmowania.<\/strong><br \/>\n<strong>Zach\u0119camy do w\u0142\u0105czenia si\u0119 w <span style=\"color: #ff0000;\">\u017bywy R\u00f3\u017caniec w naszej Parafii.<\/span> Wype\u0142nione deklaracje oddajemy w zakrystii lub w biurze parafialnym.<\/strong><\/p>\n<p><strong><span style=\"color: #008000;\"><em><u>W pi\u0105tek (08.10.)<\/u><\/em><\/span> \u2013<span style=\"color: #ff0000;\"> o 17.00 Msza \u015bw. w intencjach zbiorowych do Bo\u017cego Mi\u0142osierdzia.<\/span> Zach\u0119camy do sk\u0142adania intencji za \u017cyj\u0105cych i za zmar\u0142ych.\u00a0 Intencje mo\u017cna sk\u0142ada\u0107 w zakrystii lub do skarbonki pod ch\u00f3rem.<\/strong><\/p>\n<p><strong><span style=\"color: #008000;\"><em><u>W sobot\u0119 (09.10.)<\/u><\/em> <\/span>\u2013 <span style=\"color: #ff0000;\">o 12.00<\/span> zbi\u00f3rka Liturgicznej S\u0142u\u017cby O\u0142tarza oraz kandydat\u00f3w na ministrant\u00f3w.<\/strong><\/p>\n<p><strong><span style=\"color: #ff0000;\"><em><u>W przysz\u0142a niedziel\u0119 (10.10.)<\/u><\/em> \u2013 przypada XXI Dzie\u0144 Papieski pod has\u0142em \u201eNie l\u0119kajcie si\u0119\u201d.<\/span> Z tej okazji <span style=\"color: #ff0000;\">zbi\u00f3rka do puszek<\/span> na fundusz stypendialny dla uzdolnionej m\u0142odzie\u017cy z niezamo\u017cnych rodzin w ramach \u201eDzie\u0142a Nowego Tysi\u0105clecia\u201d.<\/strong><\/p>\n<p><strong>Wy\u0142o\u017cone s\u0105 kartki na <span style=\"color: #ff0000;\">listopadowe jednorazowe Wypominki za zmar\u0142ych.<\/span><\/strong><strong> Prosimy o czytelne wypisanie wypominek. Wypominki mo\u017cna sk\u0142ada\u0107 w zakrystii lub w biurze parafialnym. Za zmar\u0142ych polecanych w Wypominkach jednorazowych modlimy <span style=\"color: #ff0000;\">w dniach od 2 do 8 listopada: w tygodniu na nabo\u017ce\u0144stwie o 16.30 i na Mszy \u015bw. o 17.00, a w niedziel\u0119 na nabo\u017ce\u0144stwie o 8.30 i na Mszy \u015bw. o 9.00.<\/span> <span style=\"color: #ff0000;\">Wypominki Roczne<\/span> przyjmowa\u0107 b\u0119dziemy <span style=\"color: #ff0000;\">od wtorku 9 listopada<\/span> podobnie jak <span style=\"color: #ff0000;\">Intencje Mszalne na Rok 2022. \u00a0\u00a0<\/span><\/strong><\/p>\n<p><strong>Pod ch\u00f3rem do nabycia czasopisma: Przewodnik Katolicki (6z\u0142.), R\u00f3\u017caniec (7z\u0142.), Ma\u0142y Go\u015b\u0107 Niedzielny (5z\u0142.) i Kalendarze Misyjne (5z\u0142.).<\/strong><\/p>\n<p><strong>Dzi\u0119kujemy za Wasz\u0105 \u017cyczliwo\u015b\u0107 i ofiarno\u015b\u0107 oraz za ka\u017cde duchowe i materialne wsparcie naszej Parafii, Klasztoru i Kalwarii.<\/strong><br \/>\n<strong>Niech Matka Bo\u017ca i \u015bw. Franciszek z Asy\u017cu wypraszaj\u0105 nam u Boga wszelkie potrzebne \u0142aski w \u017cyciu osobistym, rodzinnym, parafialnym i klasztornym.<\/strong><\/p>\n<p><strong>Z darem modlitwy Bracia Mniejsi Franciszkanie z Pako\u015bci &#8211; Kalwarii\u00a0\u00a0\u00a0<\/strong><\/p>\n","protected":false},"excerpt":{"rendered":"<p>W niedziel\u0119 (03.10.) \u2013 zbi\u00f3rka do puszek na wsparcie pracy misyjnej naszego Parafianina o. Wojciecha Chwaliszewskiego \u2013 kombonianina pracuj\u0105cego na misjach w Meksyku. W ko\u015bciele \u015bw. Bonawentury po Mszy \u015bw. o 18.00 nabo\u017ce\u0144stwo Transitus na pami\u0105tk\u0119 \u015bmierci \u015bw. Franciszka z Asy\u017cu.\u00a0\u00a0\u00a0\u00a0\u00a0\u00a0\u00a0\u00a0\u00a0\u00a0\u00a0\u00a0 W pa\u017adzierniku nabo\u017ce\u0144stwa r\u00f3\u017ca\u0144cowe odprawiamy w tygodniu o 17.30 (po Mszy \u015bwi\u0119tej o 17.00), &hellip;<\/p>\n","protected":false},"author":2,"featured_media":20294,"comment_status":"closed","ping_status":"closed","sticky":false,"template":"","format":"standard","meta":{"_mi_skip_tracking":false,"_exactmetrics_sitenote_active":false,"_exactmetrics_sitenote_note":"","_exactmetrics_sitenote_category":0},"categories":[5],"tags":[],"yoast_head":"<!-- This site is optimized with the Yoast SEO plugin v18.1 - https:\/\/yoast.com\/wordpress\/plugins\/seo\/ -->\n<title>Og\u0142oszenia duszpasterskie - XXVII Niedziela Zwyk\u0142a - Pako\u015b\u0107 \u2013 Kalwaria<\/title>\n<meta name=\"robots\" content=\"index, follow, max-snippet:-1, max-image-preview:large, max-video-preview:-1\" \/>\n<link rel=\"canonical\" href=\"https:\/\/pakosc-kalwaria.franciszkanie.net\/index.php\/2021\/10\/02\/ogloszenia-duszpasterskie-xxvii-niedziela-zwykla-3\/\" \/>\n<meta property=\"og:locale\" content=\"pl_PL\" \/>\n<meta property=\"og:type\" content=\"article\" \/>\n<meta property=\"og:title\" content=\"Og\u0142oszenia duszpasterskie - XXVII Niedziela Zwyk\u0142a - Pako\u015b\u0107 \u2013 Kalwaria\" \/>\n<meta property=\"og:description\" content=\"W niedziel\u0119 (03.10.) \u2013 zbi\u00f3rka do puszek na wsparcie pracy misyjnej naszego Parafianina o. Wojciecha Chwaliszewskiego \u2013 kombonianina pracuj\u0105cego na misjach w Meksyku. W ko\u015bciele \u015bw. Bonawentury po Mszy \u015bw. o 18.00 nabo\u017ce\u0144stwo Transitus na pami\u0105tk\u0119 \u015bmierci \u015bw. Franciszka z Asy\u017cu.\u00a0\u00a0\u00a0\u00a0\u00a0\u00a0\u00a0\u00a0\u00a0\u00a0\u00a0\u00a0 W pa\u017adzierniku nabo\u017ce\u0144stwa r\u00f3\u017ca\u0144cowe odprawiamy w tygodniu o 17.30 (po Mszy \u015bwi\u0119tej o 17.00), &hellip;\" \/>\n<meta property=\"og:url\" content=\"https:\/\/pakosc-kalwaria.franciszkanie.net\/index.php\/2021\/10\/02\/ogloszenia-duszpasterskie-xxvii-niedziela-zwykla-3\/\" \/>\n<meta property=\"og:site_name\" content=\"Pako\u015b\u0107 \u2013 Kalwaria\" \/>\n<meta property=\"article:author\" content=\"https:\/\/www.facebook.com\/KalwariaPakosc\/\" \/>\n<meta property=\"article:published_time\" content=\"2021-10-02T07:05:18+00:00\" \/>\n<meta property=\"article:modified_time\" content=\"2021-10-01T10:30:08+00:00\" \/>\n<meta property=\"og:image\" content=\"https:\/\/pakosc-kalwaria.franciszkanie.net\/wp-content\/uploads\/2021\/09\/zgromadzeni-na-swietej-wieczerzy-poziom-baner-z-haslem-roku-2021-1.jpg\" \/>\n\t<meta property=\"og:image:width\" content=\"350\" \/>\n\t<meta property=\"og:image:height\" content=\"210\" \/>\n\t<meta property=\"og:image:type\" content=\"image\/jpeg\" \/>\n<meta name=\"twitter:card\" content=\"summary\" \/>\n<meta name=\"twitter:label1\" content=\"Napisane przez\" \/>\n\t<meta name=\"twitter:data1\" content=\"pakosc-kalwaria\" \/>\n\t<meta name=\"twitter:label2\" content=\"Szacowany czas czytania\" \/>\n\t<meta name=\"twitter:data2\" content=\"3 minuty\" \/>\n<script type=\"application\/ld+json\" class=\"yoast-schema-graph\">{\"@context\":\"https:\/\/schema.org\",\"@graph\":[{\"@type\":\"WebSite\",\"@id\":\"https:\/\/pakosc-kalwaria.franciszkanie.net\/#website\",\"url\":\"https:\/\/pakosc-kalwaria.franciszkanie.net\/\",\"name\":\"Pako\u015b\u0107 \u2013 Kalwaria\",\"description\":\"Parafia Rzymsko \u2013 Katolicka p.w. Pana Jezusa Ukrzy\u017cowanego i  Matki Bo\u017cej Bolesnej ul. Barci\u0144ska 60, 88\u2013170 Pako\u015b\u0107 \u2013 Kalwaria\",\"potentialAction\":[{\"@type\":\"SearchAction\",\"target\":{\"@type\":\"EntryPoint\",\"urlTemplate\":\"https:\/\/pakosc-kalwaria.franciszkanie.net\/?s={search_term_string}\"},\"query-input\":\"required name=search_term_string\"}],\"inLanguage\":\"pl-PL\"},{\"@type\":\"ImageObject\",\"@id\":\"https:\/\/pakosc-kalwaria.franciszkanie.net\/index.php\/2021\/10\/02\/ogloszenia-duszpasterskie-xxvii-niedziela-zwykla-3\/#primaryimage\",\"inLanguage\":\"pl-PL\",\"url\":\"https:\/\/pakosc-kalwaria.franciszkanie.net\/wp-content\/uploads\/2021\/09\/zgromadzeni-na-swietej-wieczerzy-poziom-baner-z-haslem-roku-2021-1.jpg\",\"contentUrl\":\"https:\/\/pakosc-kalwaria.franciszkanie.net\/wp-content\/uploads\/2021\/09\/zgromadzeni-na-swietej-wieczerzy-poziom-baner-z-haslem-roku-2021-1.jpg\",\"width\":350,\"height\":210},{\"@type\":\"WebPage\",\"@id\":\"https:\/\/pakosc-kalwaria.franciszkanie.net\/index.php\/2021\/10\/02\/ogloszenia-duszpasterskie-xxvii-niedziela-zwykla-3\/#webpage\",\"url\":\"https:\/\/pakosc-kalwaria.franciszkanie.net\/index.php\/2021\/10\/02\/ogloszenia-duszpasterskie-xxvii-niedziela-zwykla-3\/\",\"name\":\"Og\u0142oszenia duszpasterskie - XXVII Niedziela Zwyk\u0142a - Pako\u015b\u0107 \u2013 Kalwaria\",\"isPartOf\":{\"@id\":\"https:\/\/pakosc-kalwaria.franciszkanie.net\/#website\"},\"primaryImageOfPage\":{\"@id\":\"https:\/\/pakosc-kalwaria.franciszkanie.net\/index.php\/2021\/10\/02\/ogloszenia-duszpasterskie-xxvii-niedziela-zwykla-3\/#primaryimage\"},\"datePublished\":\"2021-10-02T07:05:18+00:00\",\"dateModified\":\"2021-10-01T10:30:08+00:00\",\"author\":{\"@id\":\"https:\/\/pakosc-kalwaria.franciszkanie.net\/#\/schema\/person\/af10b943be0760709227d060eadcb2aa\"},\"breadcrumb\":{\"@id\":\"https:\/\/pakosc-kalwaria.franciszkanie.net\/index.php\/2021\/10\/02\/ogloszenia-duszpasterskie-xxvii-niedziela-zwykla-3\/#breadcrumb\"},\"inLanguage\":\"pl-PL\",\"potentialAction\":[{\"@type\":\"ReadAction\",\"target\":[\"https:\/\/pakosc-kalwaria.franciszkanie.net\/index.php\/2021\/10\/02\/ogloszenia-duszpasterskie-xxvii-niedziela-zwykla-3\/\"]}]},{\"@type\":\"BreadcrumbList\",\"@id\":\"https:\/\/pakosc-kalwaria.franciszkanie.net\/index.php\/2021\/10\/02\/ogloszenia-duszpasterskie-xxvii-niedziela-zwykla-3\/#breadcrumb\",\"itemListElement\":[{\"@type\":\"ListItem\",\"position\":1,\"name\":\"Strona g\u0142\u00f3wna\",\"item\":\"https:\/\/pakosc-kalwaria.franciszkanie.net\/\"},{\"@type\":\"ListItem\",\"position\":2,\"name\":\"Og\u0142oszenia duszpasterskie &#8211; XXVII Niedziela Zwyk\u0142a\"}]},{\"@type\":\"Person\",\"@id\":\"https:\/\/pakosc-kalwaria.franciszkanie.net\/#\/schema\/person\/af10b943be0760709227d060eadcb2aa\",\"name\":\"pakosc-kalwaria\",\"image\":{\"@type\":\"ImageObject\",\"@id\":\"https:\/\/pakosc-kalwaria.franciszkanie.net\/#personlogo\",\"inLanguage\":\"pl-PL\",\"url\":\"https:\/\/secure.gravatar.com\/avatar\/e7049d338b55eac6a0027ff3218b8d02?s=96&d=mm&r=g\",\"contentUrl\":\"https:\/\/secure.gravatar.com\/avatar\/e7049d338b55eac6a0027ff3218b8d02?s=96&d=mm&r=g\",\"caption\":\"pakosc-kalwaria\"},\"sameAs\":[\"https:\/\/www.facebook.com\/KalwariaPakosc\/\"],\"url\":\"https:\/\/pakosc-kalwaria.franciszkanie.net\/index.php\/author\/pakosc-kalwaria\/\"}]}<\/script>\n<!-- \/ Yoast SEO plugin. -->","yoast_head_json":{"title":"Og\u0142oszenia duszpasterskie - XXVII Niedziela Zwyk\u0142a - Pako\u015b\u0107 \u2013 Kalwaria","robots":{"index":"index","follow":"follow","max-snippet":"max-snippet:-1","max-image-preview":"max-image-preview:large","max-video-preview":"max-video-preview:-1"},"canonical":"https:\/\/pakosc-kalwaria.franciszkanie.net\/index.php\/2021\/10\/02\/ogloszenia-duszpasterskie-xxvii-niedziela-zwykla-3\/","og_locale":"pl_PL","og_type":"article","og_title":"Og\u0142oszenia duszpasterskie - XXVII Niedziela Zwyk\u0142a - Pako\u015b\u0107 \u2013 Kalwaria","og_description":"W niedziel\u0119 (03.10.) \u2013 zbi\u00f3rka do puszek na wsparcie pracy misyjnej naszego Parafianina o. Wojciecha Chwaliszewskiego \u2013 kombonianina pracuj\u0105cego na misjach w Meksyku. W ko\u015bciele \u015bw. Bonawentury po Mszy \u015bw. o 18.00 nabo\u017ce\u0144stwo Transitus na pami\u0105tk\u0119 \u015bmierci \u015bw. Franciszka z Asy\u017cu.\u00a0\u00a0\u00a0\u00a0\u00a0\u00a0\u00a0\u00a0\u00a0\u00a0\u00a0\u00a0 W pa\u017adzierniku nabo\u017ce\u0144stwa r\u00f3\u017ca\u0144cowe odprawiamy w tygodniu o 17.30 (po Mszy \u015bwi\u0119tej o 17.00), &hellip;","og_url":"https:\/\/pakosc-kalwaria.franciszkanie.net\/index.php\/2021\/10\/02\/ogloszenia-duszpasterskie-xxvii-niedziela-zwykla-3\/","og_site_name":"Pako\u015b\u0107 \u2013 Kalwaria","article_author":"https:\/\/www.facebook.com\/KalwariaPakosc\/","article_published_time":"2021-10-02T07:05:18+00:00","article_modified_time":"2021-10-01T10:30:08+00:00","og_image":[{"width":350,"height":210,"url":"https:\/\/pakosc-kalwaria.franciszkanie.net\/wp-content\/uploads\/2021\/09\/zgromadzeni-na-swietej-wieczerzy-poziom-baner-z-haslem-roku-2021-1.jpg","type":"image\/jpeg"}],"twitter_card":"summary","twitter_misc":{"Napisane przez":"pakosc-kalwaria","Szacowany czas czytania":"3 minuty"},"schema":{"@context":"https:\/\/schema.org","@graph":[{"@type":"WebSite","@id":"https:\/\/pakosc-kalwaria.franciszkanie.net\/#website","url":"https:\/\/pakosc-kalwaria.franciszkanie.net\/","name":"Pako\u015b\u0107 \u2013 Kalwaria","description":"Parafia Rzymsko \u2013 Katolicka p.w. Pana Jezusa Ukrzy\u017cowanego i  Matki Bo\u017cej Bolesnej ul. Barci\u0144ska 60, 88\u2013170 Pako\u015b\u0107 \u2013 Kalwaria","potentialAction":[{"@type":"SearchAction","target":{"@type":"EntryPoint","urlTemplate":"https:\/\/pakosc-kalwaria.franciszkanie.net\/?s={search_term_string}"},"query-input":"required name=search_term_string"}],"inLanguage":"pl-PL"},{"@type":"ImageObject","@id":"https:\/\/pakosc-kalwaria.franciszkanie.net\/index.php\/2021\/10\/02\/ogloszenia-duszpasterskie-xxvii-niedziela-zwykla-3\/#primaryimage","inLanguage":"pl-PL","url":"https:\/\/pakosc-kalwaria.franciszkanie.net\/wp-content\/uploads\/2021\/09\/zgromadzeni-na-swietej-wieczerzy-poziom-baner-z-haslem-roku-2021-1.jpg","contentUrl":"https:\/\/pakosc-kalwaria.franciszkanie.net\/wp-content\/uploads\/2021\/09\/zgromadzeni-na-swietej-wieczerzy-poziom-baner-z-haslem-roku-2021-1.jpg","width":350,"height":210},{"@type":"WebPage","@id":"https:\/\/pakosc-kalwaria.franciszkanie.net\/index.php\/2021\/10\/02\/ogloszenia-duszpasterskie-xxvii-niedziela-zwykla-3\/#webpage","url":"https:\/\/pakosc-kalwaria.franciszkanie.net\/index.php\/2021\/10\/02\/ogloszenia-duszpasterskie-xxvii-niedziela-zwykla-3\/","name":"Og\u0142oszenia duszpasterskie - XXVII Niedziela Zwyk\u0142a - Pako\u015b\u0107 \u2013 Kalwaria","isPartOf":{"@id":"https:\/\/pakosc-kalwaria.franciszkanie.net\/#website"},"primaryImageOfPage":{"@id":"https:\/\/pakosc-kalwaria.franciszkanie.net\/index.php\/2021\/10\/02\/ogloszenia-duszpasterskie-xxvii-niedziela-zwykla-3\/#primaryimage"},"datePublished":"2021-10-02T07:05:18+00:00","dateModified":"2021-10-01T10:30:08+00:00","author":{"@id":"https:\/\/pakosc-kalwaria.franciszkanie.net\/#\/schema\/person\/af10b943be0760709227d060eadcb2aa"},"breadcrumb":{"@id":"https:\/\/pakosc-kalwaria.franciszkanie.net\/index.php\/2021\/10\/02\/ogloszenia-duszpasterskie-xxvii-niedziela-zwykla-3\/#breadcrumb"},"inLanguage":"pl-PL","potentialAction":[{"@type":"ReadAction","target":["https:\/\/pakosc-kalwaria.franciszkanie.net\/index.php\/2021\/10\/02\/ogloszenia-duszpasterskie-xxvii-niedziela-zwykla-3\/"]}]},{"@type":"BreadcrumbList","@id":"https:\/\/pakosc-kalwaria.franciszkanie.net\/index.php\/2021\/10\/02\/ogloszenia-duszpasterskie-xxvii-niedziela-zwykla-3\/#breadcrumb","itemListElement":[{"@type":"ListItem","position":1,"name":"Strona g\u0142\u00f3wna","item":"https:\/\/pakosc-kalwaria.franciszkanie.net\/"},{"@type":"ListItem","position":2,"name":"Og\u0142oszenia duszpasterskie &#8211; XXVII Niedziela Zwyk\u0142a"}]},{"@type":"Person","@id":"https:\/\/pakosc-kalwaria.franciszkanie.net\/#\/schema\/person\/af10b943be0760709227d060eadcb2aa","name":"pakosc-kalwaria","image":{"@type":"ImageObject","@id":"https:\/\/pakosc-kalwaria.franciszkanie.net\/#personlogo","inLanguage":"pl-PL","url":"https:\/\/secure.gravatar.com\/avatar\/e7049d338b55eac6a0027ff3218b8d02?s=96&d=mm&r=g","contentUrl":"https:\/\/secure.gravatar.com\/avatar\/e7049d338b55eac6a0027ff3218b8d02?s=96&d=mm&r=g","caption":"pakosc-kalwaria"},"sameAs":["https:\/\/www.facebook.com\/KalwariaPakosc\/"],"url":"https:\/\/pakosc-kalwaria.franciszkanie.net\/index.php\/author\/pakosc-kalwaria\/"}]}},"_links":{"self":[{"href":"https:\/\/pakosc-kalwaria.franciszkanie.net\/index.php\/wp-json\/wp\/v2\/posts\/20345"}],"collection":[{"href":"https:\/\/pakosc-kalwaria.franciszkanie.net\/index.php\/wp-json\/wp\/v2\/posts"}],"about":[{"href":"https:\/\/pakosc-kalwaria.franciszkanie.net\/index.php\/wp-json\/wp\/v2\/types\/post"}],"author":[{"embeddable":true,"href":"https:\/\/pakosc-kalwaria.franciszkanie.net\/index.php\/wp-json\/wp\/v2\/users\/2"}],"replies":[{"embeddable":true,"href":"https:\/\/pakosc-kalwaria.franciszkanie.net\/index.php\/wp-json\/wp\/v2\/comments?post=20345"}],"version-history":[{"count":2,"href":"https:\/\/pakosc-kalwaria.franciszkanie.net\/index.php\/wp-json\/wp\/v2\/posts\/20345\/revisions"}],"predecessor-version":[{"id":20347,"href":"https:\/\/pakosc-kalwaria.franciszkanie.net\/index.php\/wp-json\/wp\/v2\/posts\/20345\/revisions\/20347"}],"wp:featuredmedia":[{"embeddable":true,"href":"https:\/\/pakosc-kalwaria.franciszkanie.net\/index.php\/wp-json\/wp\/v2\/media\/20294"}],"wp:attachment":[{"href":"https:\/\/pakosc-kalwaria.franciszkanie.net\/index.php\/wp-json\/wp\/v2\/media?parent=20345"}],"wp:term":[{"taxonomy":"category","embeddable":true,"href":"https:\/\/pakosc-kalwaria.franciszkanie.net\/index.php\/wp-json\/wp\/v2\/categories?post=20345"},{"taxonomy":"post_tag","embeddable":true,"href":"https:\/\/pakosc-kalwaria.franciszkanie.net\/index.php\/wp-json\/wp\/v2\/tags?post=20345"}],"curies":[{"name":"wp","href":"https:\/\/api.w.org\/{rel}","templated":true}]}}