{"id":20354,"date":"2021-10-01T15:53:54","date_gmt":"2021-10-01T13:53:54","guid":{"rendered":"http:\/\/pakosc-kalwaria.franciszkanie.net\/?p=20354"},"modified":"2021-10-05T08:34:31","modified_gmt":"2021-10-05T06:34:31","slug":"uroczystosc-ku-czci-sw-franciszka-z-asyzu-4-pazdziernika-2","status":"publish","type":"post","link":"https:\/\/pakosc-kalwaria.franciszkanie.net\/index.php\/2021\/10\/01\/uroczystosc-ku-czci-sw-franciszka-z-asyzu-4-pazdziernika-2\/","title":{"rendered":"Uroczysto\u015b\u0107 ku czci \u015bw. Franciszka z Asy\u017cu \u2013 4 pa\u017adziernika"},"content":{"rendered":"<div class=\"entry-content\">\n<p><strong><span style=\"color: #ff0000;\">W poniedzia\u0142ek 4 pa\u017adziernika<\/span> obchodzimy uroczysto\u015b\u0107 \u015bw. Franciszka z Asy\u017cu. <span style=\"color: #ff0000;\">Msze \u015bwi\u0119te o 10.00 i 17.00.<\/span><br \/>\nW tym dniu w naszym ko\u015bciele <span style=\"color: #ff0000;\">ca\u0142odzienna adoracja Naj\u015bwi\u0119tszego Sakramentu od 8.00 &#8211; 17.00.<\/span> O 15.00 Koronka do Bo\u017cego Mi\u0142osierdzia. Serdecznie zapraszamy na adoracj\u0119.<br \/>\n<\/strong><strong><br \/>\nDzie\u0144 wcze\u015bniej w niedziel\u0119 3 pa\u017adziernika w ko\u015bciele \u015bw. Bonawentury po Mszy \u015bw. o 18.00 nabo\u017ce\u0144stwo Transitus\u00a0 na pami\u0105tk\u0119 \u015bmierci \u015bw. Franciszka z Asy\u017cu. <\/strong><br \/>\n<strong>Serdecznie zapraszamy do udzia\u0142u w uroczysto\u015bciach ku czci \u015bw. Franciszka.<\/strong><\/p>\n<p><strong><br \/>\n<span style=\"color: #ff0000;\">Kilka fakt\u00f3w z \u017cycia \u015aw. Franciszka:<\/span><br \/>\n<\/strong>\u015awi\u0119ty Franciszek z Asy\u017cu (Jan Bernardone) urodzi\u0142 si\u0119 w 1181 lub w 1182 roku w rodzinie Piotra i Joanny (zwanej tak\u017ce Pik\u0105) Bernardone, w jednym z mniejszych miast w\u0142oskich \u2013 Asy\u017cu (le\u017cy w pobli\u017cu Perugii, w prowincji Umbria).<\/p>\n<p>\u201ePrawie do 25 roku \u017cycia wraz z r\u00f3wie\u015bnikami brn\u0105\u0142 w pr\u00f3\u017cno\u015bci, a w pogoni za pr\u00f3\u017cn\u0105 chwa\u0142\u0105, nie da\u0142 si\u0119 nikomu prze\u015bcign\u0105\u0107, w \u017cartach, w krotochwilach, w piosenkach, w pi\u0119knych strojach\u201d.<\/p>\n<p>Walczy w wojnie mi\u0119dzy Perugi\u0105 a Asy\u017cemi trafia do niewoli (1202 r.). Po roku wraca do Asy\u017cu bardzo chory i prze\u017cywa pocz\u0105tki duchowego nawr\u00f3cenia. Franciszek rezygnuje z poszukiwania s\u0142awy rycerskiej i rozpoczyna drog\u0119 duchow\u0105.<\/p>\n<p>24 lutego 1208 roku pod wp\u0142ywem s\u0142\u00f3w Ewangelii postanowi\u0142 g\u0142osi\u0107 S\u0142owo Bo\u017ce, nawo\u0142uj\u0105c mieszka\u0144c\u00f3w Asy\u017cu do pokuty i nawr\u00f3cenia. Ta dzia\u0142alno\u015b\u0107 spowodowa\u0142a, \u017ce do Franciszka zacz\u0119li do\u0142\u0105cza\u0107 inni m\u0142odzi m\u0119\u017cczy\u017ani, tworz\u0105c pierwsz\u0105 wsp\u00f3lnot\u0119 Pokutnik\u00f3w z Asy\u017cu. W 1209 lub 1210 roku papie\u017c Innocenty III ustnie zatwierdza w Rzymie spos\u00f3b \u017cycia asyskich pokutnik\u00f3w. Pierwsi franciszkanie zamieszkuj\u0105 najpierw w starej szopie w Rivo Torto, a p\u00f3\u017aniej w sza\u0142asach pod Asy\u017cem wok\u00f3\u0142 malutkiego ko\u015bcio\u0142a pod wezwaniem Matki Bo\u017cej Anielskiej (Porcjunkula).<\/p>\n<p>Podczas modlitwy w ruinach ko\u015bci\u00f3\u0142ka \u015bw. Damiana s\u0142yszy s\u0142owa Boga: \u201eFranciszku, id\u017a i napraw m\u00f3j Dom, kt\u00f3ry, jak widzisz, ca\u0142y ulega zniszczeniu \u201e. Od tego momentu \u015awi\u0119ty w\u0142asnymi r\u0119koma z wy\u017cebranych materia\u0142\u00f3w remontuje pi\u0119\u0107 ma\u0142ych ko\u015bci\u00f3\u0142k\u00f3w, a praca fizyczna staje si\u0119 dla niego forma mi\u0142o\u015bci Boga.<\/p>\n<p>W 1217 roku \u015bw. Franciszek zwo\u0142uje do Porcjunkuli pierwsz\u0105 kapitu\u0142\u0119 braci (zjazd zakonnik\u00f3w s\u0142u\u017c\u0105cy wzajemnej integracji i wyznaczeniu kierunk\u00f3w dzia\u0142ania), kt\u00f3ry gromadzi ok. 5 tysi\u0119cy zakonnik\u00f3w.<\/p>\n<p>29 listopada 1223 roku papie\u017c Honoriusz III ostatecznie zatwierdza u\u0142o\u017con\u0105 przez Franciszka Regu\u0142\u0119 \u017cycia zakonnik\u00f3w.<\/p>\n<p>W Wigili\u0119 1223 roku Franciszek udaje si\u0119 do miasteczka Greccio, gdzie w raz z jego mieszka\u0144cami prze\u017cywa tajemnic\u0119 Bo\u017cego Narodzenia organizuj\u0105c pierwsz\u0105 w historii \u201e\u017cyw\u0105 szopk\u0119\u201d.<\/p>\n<p>Na dwa lata przed \u015bmierci\u0105 w 1224 roku \u015bw. Franciszek przebywa na szczycie g\u00f3ry La Verna (Alwernia), gdzie otrzymuje na swoim ciele \u015bwi\u0119te znaki m\u0119ki Jezusa Chrystusa tzw. stygmaty (pi\u0119\u0107 ran Chrystusa Ukrzy\u017cowanego).<\/p>\n<p>3 pa\u017adziernika 1226 roku Franciszek umiera w otoczeniu swych braci, le\u017c\u0105c \u2013 z wyboru \u2013 nagi na ziemi przy ko\u015bciele podwezwaniem Matki Bo\u017cej Anielskiej. Przed sam\u0105 \u015bmierci\u0105 prosi\u0142 jeszcze braci, by mu od\u015bpiewali pie\u015b\u0144 s\u0142oneczn\u0105, potem wys\u0142ucha\u0142 fragmentu Ewangelii wed\u0142ug \u015bw. Jana i pob\u0142ogos\u0142awi\u0142 swoich duchowych syn\u00f3w.<\/p>\n<p>16 lipca 1228 roku papie\u017c Grzegorz IX og\u0142osi\u0142 Franciszka \u015bwi\u0119tym Ko\u015bcio\u0142a rzymskokatolickiego.<\/p>\n<\/div>\n","protected":false},"excerpt":{"rendered":"<p>W poniedzia\u0142ek 4 pa\u017adziernika obchodzimy uroczysto\u015b\u0107 \u015bw. Franciszka z Asy\u017cu. Msze \u015bwi\u0119te o 10.00 i 17.00. W tym dniu w naszym ko\u015bciele ca\u0142odzienna adoracja Naj\u015bwi\u0119tszego Sakramentu od 8.00 &#8211; 17.00. O 15.00 Koronka do Bo\u017cego Mi\u0142osierdzia. Serdecznie zapraszamy na adoracj\u0119. Dzie\u0144 wcze\u015bniej w niedziel\u0119 3 pa\u017adziernika w ko\u015bciele \u015bw. Bonawentury po Mszy \u015bw. o 18.00 &hellip;<\/p>\n","protected":false},"author":2,"featured_media":20355,"comment_status":"closed","ping_status":"closed","sticky":false,"template":"","format":"standard","meta":{"_mi_skip_tracking":false,"_exactmetrics_sitenote_active":false,"_exactmetrics_sitenote_note":"","_exactmetrics_sitenote_category":0},"categories":[13],"tags":[],"yoast_head":"<!-- This site is optimized with the Yoast SEO plugin v18.1 - https:\/\/yoast.com\/wordpress\/plugins\/seo\/ -->\n<title>Uroczysto\u015b\u0107 ku czci \u015bw. Franciszka z Asy\u017cu \u2013 4 pa\u017adziernika - Pako\u015b\u0107 \u2013 Kalwaria<\/title>\n<meta name=\"robots\" content=\"index, follow, max-snippet:-1, max-image-preview:large, max-video-preview:-1\" \/>\n<link rel=\"canonical\" href=\"https:\/\/pakosc-kalwaria.franciszkanie.net\/index.php\/2021\/10\/01\/uroczystosc-ku-czci-sw-franciszka-z-asyzu-4-pazdziernika-2\/\" \/>\n<meta property=\"og:locale\" content=\"pl_PL\" \/>\n<meta property=\"og:type\" content=\"article\" \/>\n<meta property=\"og:title\" content=\"Uroczysto\u015b\u0107 ku czci \u015bw. Franciszka z Asy\u017cu \u2013 4 pa\u017adziernika - Pako\u015b\u0107 \u2013 Kalwaria\" \/>\n<meta property=\"og:description\" content=\"W poniedzia\u0142ek 4 pa\u017adziernika obchodzimy uroczysto\u015b\u0107 \u015bw. Franciszka z Asy\u017cu. Msze \u015bwi\u0119te o 10.00 i 17.00. W tym dniu w naszym ko\u015bciele ca\u0142odzienna adoracja Naj\u015bwi\u0119tszego Sakramentu od 8.00 &#8211; 17.00. O 15.00 Koronka do Bo\u017cego Mi\u0142osierdzia. Serdecznie zapraszamy na adoracj\u0119. Dzie\u0144 wcze\u015bniej w niedziel\u0119 3 pa\u017adziernika w ko\u015bciele \u015bw. Bonawentury po Mszy \u015bw. o 18.00 &hellip;\" \/>\n<meta property=\"og:url\" content=\"https:\/\/pakosc-kalwaria.franciszkanie.net\/index.php\/2021\/10\/01\/uroczystosc-ku-czci-sw-franciszka-z-asyzu-4-pazdziernika-2\/\" \/>\n<meta property=\"og:site_name\" content=\"Pako\u015b\u0107 \u2013 Kalwaria\" \/>\n<meta property=\"article:author\" content=\"https:\/\/www.facebook.com\/KalwariaPakosc\/\" \/>\n<meta property=\"article:published_time\" content=\"2021-10-01T13:53:54+00:00\" \/>\n<meta property=\"article:modified_time\" content=\"2021-10-05T06:34:31+00:00\" \/>\n<meta property=\"og:image\" content=\"https:\/\/pakosc-kalwaria.franciszkanie.net\/wp-content\/uploads\/2021\/10\/franciszek_006_color.jpg\" \/>\n\t<meta property=\"og:image:width\" content=\"200\" \/>\n\t<meta property=\"og:image:height\" content=\"293\" \/>\n\t<meta property=\"og:image:type\" content=\"image\/jpeg\" \/>\n<meta name=\"twitter:card\" content=\"summary\" \/>\n<meta name=\"twitter:label1\" content=\"Napisane przez\" \/>\n\t<meta name=\"twitter:data1\" content=\"pakosc-kalwaria\" \/>\n\t<meta name=\"twitter:label2\" content=\"Szacowany czas czytania\" \/>\n\t<meta name=\"twitter:data2\" content=\"3 minuty\" \/>\n<script type=\"application\/ld+json\" class=\"yoast-schema-graph\">{\"@context\":\"https:\/\/schema.org\",\"@graph\":[{\"@type\":\"WebSite\",\"@id\":\"https:\/\/pakosc-kalwaria.franciszkanie.net\/#website\",\"url\":\"https:\/\/pakosc-kalwaria.franciszkanie.net\/\",\"name\":\"Pako\u015b\u0107 \u2013 Kalwaria\",\"description\":\"Parafia Rzymsko \u2013 Katolicka p.w. Pana Jezusa Ukrzy\u017cowanego i  Matki Bo\u017cej Bolesnej ul. Barci\u0144ska 60, 88\u2013170 Pako\u015b\u0107 \u2013 Kalwaria\",\"potentialAction\":[{\"@type\":\"SearchAction\",\"target\":{\"@type\":\"EntryPoint\",\"urlTemplate\":\"https:\/\/pakosc-kalwaria.franciszkanie.net\/?s={search_term_string}\"},\"query-input\":\"required name=search_term_string\"}],\"inLanguage\":\"pl-PL\"},{\"@type\":\"ImageObject\",\"@id\":\"https:\/\/pakosc-kalwaria.franciszkanie.net\/index.php\/2021\/10\/01\/uroczystosc-ku-czci-sw-franciszka-z-asyzu-4-pazdziernika-2\/#primaryimage\",\"inLanguage\":\"pl-PL\",\"url\":\"https:\/\/pakosc-kalwaria.franciszkanie.net\/wp-content\/uploads\/2021\/10\/franciszek_006_color.jpg\",\"contentUrl\":\"https:\/\/pakosc-kalwaria.franciszkanie.net\/wp-content\/uploads\/2021\/10\/franciszek_006_color.jpg\",\"width\":200,\"height\":293},{\"@type\":\"WebPage\",\"@id\":\"https:\/\/pakosc-kalwaria.franciszkanie.net\/index.php\/2021\/10\/01\/uroczystosc-ku-czci-sw-franciszka-z-asyzu-4-pazdziernika-2\/#webpage\",\"url\":\"https:\/\/pakosc-kalwaria.franciszkanie.net\/index.php\/2021\/10\/01\/uroczystosc-ku-czci-sw-franciszka-z-asyzu-4-pazdziernika-2\/\",\"name\":\"Uroczysto\u015b\u0107 ku czci \u015bw. Franciszka z Asy\u017cu \u2013 4 pa\u017adziernika - Pako\u015b\u0107 \u2013 Kalwaria\",\"isPartOf\":{\"@id\":\"https:\/\/pakosc-kalwaria.franciszkanie.net\/#website\"},\"primaryImageOfPage\":{\"@id\":\"https:\/\/pakosc-kalwaria.franciszkanie.net\/index.php\/2021\/10\/01\/uroczystosc-ku-czci-sw-franciszka-z-asyzu-4-pazdziernika-2\/#primaryimage\"},\"datePublished\":\"2021-10-01T13:53:54+00:00\",\"dateModified\":\"2021-10-05T06:34:31+00:00\",\"author\":{\"@id\":\"https:\/\/pakosc-kalwaria.franciszkanie.net\/#\/schema\/person\/af10b943be0760709227d060eadcb2aa\"},\"breadcrumb\":{\"@id\":\"https:\/\/pakosc-kalwaria.franciszkanie.net\/index.php\/2021\/10\/01\/uroczystosc-ku-czci-sw-franciszka-z-asyzu-4-pazdziernika-2\/#breadcrumb\"},\"inLanguage\":\"pl-PL\",\"potentialAction\":[{\"@type\":\"ReadAction\",\"target\":[\"https:\/\/pakosc-kalwaria.franciszkanie.net\/index.php\/2021\/10\/01\/uroczystosc-ku-czci-sw-franciszka-z-asyzu-4-pazdziernika-2\/\"]}]},{\"@type\":\"BreadcrumbList\",\"@id\":\"https:\/\/pakosc-kalwaria.franciszkanie.net\/index.php\/2021\/10\/01\/uroczystosc-ku-czci-sw-franciszka-z-asyzu-4-pazdziernika-2\/#breadcrumb\",\"itemListElement\":[{\"@type\":\"ListItem\",\"position\":1,\"name\":\"Strona g\u0142\u00f3wna\",\"item\":\"https:\/\/pakosc-kalwaria.franciszkanie.net\/\"},{\"@type\":\"ListItem\",\"position\":2,\"name\":\"Uroczysto\u015b\u0107 ku czci \u015bw. Franciszka z Asy\u017cu \u2013 4 pa\u017adziernika\"}]},{\"@type\":\"Person\",\"@id\":\"https:\/\/pakosc-kalwaria.franciszkanie.net\/#\/schema\/person\/af10b943be0760709227d060eadcb2aa\",\"name\":\"pakosc-kalwaria\",\"image\":{\"@type\":\"ImageObject\",\"@id\":\"https:\/\/pakosc-kalwaria.franciszkanie.net\/#personlogo\",\"inLanguage\":\"pl-PL\",\"url\":\"https:\/\/secure.gravatar.com\/avatar\/e7049d338b55eac6a0027ff3218b8d02?s=96&d=mm&r=g\",\"contentUrl\":\"https:\/\/secure.gravatar.com\/avatar\/e7049d338b55eac6a0027ff3218b8d02?s=96&d=mm&r=g\",\"caption\":\"pakosc-kalwaria\"},\"sameAs\":[\"https:\/\/www.facebook.com\/KalwariaPakosc\/\"],\"url\":\"https:\/\/pakosc-kalwaria.franciszkanie.net\/index.php\/author\/pakosc-kalwaria\/\"}]}<\/script>\n<!-- \/ Yoast SEO plugin. -->","yoast_head_json":{"title":"Uroczysto\u015b\u0107 ku czci \u015bw. Franciszka z Asy\u017cu \u2013 4 pa\u017adziernika - Pako\u015b\u0107 \u2013 Kalwaria","robots":{"index":"index","follow":"follow","max-snippet":"max-snippet:-1","max-image-preview":"max-image-preview:large","max-video-preview":"max-video-preview:-1"},"canonical":"https:\/\/pakosc-kalwaria.franciszkanie.net\/index.php\/2021\/10\/01\/uroczystosc-ku-czci-sw-franciszka-z-asyzu-4-pazdziernika-2\/","og_locale":"pl_PL","og_type":"article","og_title":"Uroczysto\u015b\u0107 ku czci \u015bw. Franciszka z Asy\u017cu \u2013 4 pa\u017adziernika - Pako\u015b\u0107 \u2013 Kalwaria","og_description":"W poniedzia\u0142ek 4 pa\u017adziernika obchodzimy uroczysto\u015b\u0107 \u015bw. Franciszka z Asy\u017cu. Msze \u015bwi\u0119te o 10.00 i 17.00. W tym dniu w naszym ko\u015bciele ca\u0142odzienna adoracja Naj\u015bwi\u0119tszego Sakramentu od 8.00 &#8211; 17.00. O 15.00 Koronka do Bo\u017cego Mi\u0142osierdzia. Serdecznie zapraszamy na adoracj\u0119. Dzie\u0144 wcze\u015bniej w niedziel\u0119 3 pa\u017adziernika w ko\u015bciele \u015bw. Bonawentury po Mszy \u015bw. o 18.00 &hellip;","og_url":"https:\/\/pakosc-kalwaria.franciszkanie.net\/index.php\/2021\/10\/01\/uroczystosc-ku-czci-sw-franciszka-z-asyzu-4-pazdziernika-2\/","og_site_name":"Pako\u015b\u0107 \u2013 Kalwaria","article_author":"https:\/\/www.facebook.com\/KalwariaPakosc\/","article_published_time":"2021-10-01T13:53:54+00:00","article_modified_time":"2021-10-05T06:34:31+00:00","og_image":[{"width":200,"height":293,"url":"https:\/\/pakosc-kalwaria.franciszkanie.net\/wp-content\/uploads\/2021\/10\/franciszek_006_color.jpg","type":"image\/jpeg"}],"twitter_card":"summary","twitter_misc":{"Napisane przez":"pakosc-kalwaria","Szacowany czas czytania":"3 minuty"},"schema":{"@context":"https:\/\/schema.org","@graph":[{"@type":"WebSite","@id":"https:\/\/pakosc-kalwaria.franciszkanie.net\/#website","url":"https:\/\/pakosc-kalwaria.franciszkanie.net\/","name":"Pako\u015b\u0107 \u2013 Kalwaria","description":"Parafia Rzymsko \u2013 Katolicka p.w. Pana Jezusa Ukrzy\u017cowanego i  Matki Bo\u017cej Bolesnej ul. Barci\u0144ska 60, 88\u2013170 Pako\u015b\u0107 \u2013 Kalwaria","potentialAction":[{"@type":"SearchAction","target":{"@type":"EntryPoint","urlTemplate":"https:\/\/pakosc-kalwaria.franciszkanie.net\/?s={search_term_string}"},"query-input":"required name=search_term_string"}],"inLanguage":"pl-PL"},{"@type":"ImageObject","@id":"https:\/\/pakosc-kalwaria.franciszkanie.net\/index.php\/2021\/10\/01\/uroczystosc-ku-czci-sw-franciszka-z-asyzu-4-pazdziernika-2\/#primaryimage","inLanguage":"pl-PL","url":"https:\/\/pakosc-kalwaria.franciszkanie.net\/wp-content\/uploads\/2021\/10\/franciszek_006_color.jpg","contentUrl":"https:\/\/pakosc-kalwaria.franciszkanie.net\/wp-content\/uploads\/2021\/10\/franciszek_006_color.jpg","width":200,"height":293},{"@type":"WebPage","@id":"https:\/\/pakosc-kalwaria.franciszkanie.net\/index.php\/2021\/10\/01\/uroczystosc-ku-czci-sw-franciszka-z-asyzu-4-pazdziernika-2\/#webpage","url":"https:\/\/pakosc-kalwaria.franciszkanie.net\/index.php\/2021\/10\/01\/uroczystosc-ku-czci-sw-franciszka-z-asyzu-4-pazdziernika-2\/","name":"Uroczysto\u015b\u0107 ku czci \u015bw. Franciszka z Asy\u017cu \u2013 4 pa\u017adziernika - Pako\u015b\u0107 \u2013 Kalwaria","isPartOf":{"@id":"https:\/\/pakosc-kalwaria.franciszkanie.net\/#website"},"primaryImageOfPage":{"@id":"https:\/\/pakosc-kalwaria.franciszkanie.net\/index.php\/2021\/10\/01\/uroczystosc-ku-czci-sw-franciszka-z-asyzu-4-pazdziernika-2\/#primaryimage"},"datePublished":"2021-10-01T13:53:54+00:00","dateModified":"2021-10-05T06:34:31+00:00","author":{"@id":"https:\/\/pakosc-kalwaria.franciszkanie.net\/#\/schema\/person\/af10b943be0760709227d060eadcb2aa"},"breadcrumb":{"@id":"https:\/\/pakosc-kalwaria.franciszkanie.net\/index.php\/2021\/10\/01\/uroczystosc-ku-czci-sw-franciszka-z-asyzu-4-pazdziernika-2\/#breadcrumb"},"inLanguage":"pl-PL","potentialAction":[{"@type":"ReadAction","target":["https:\/\/pakosc-kalwaria.franciszkanie.net\/index.php\/2021\/10\/01\/uroczystosc-ku-czci-sw-franciszka-z-asyzu-4-pazdziernika-2\/"]}]},{"@type":"BreadcrumbList","@id":"https:\/\/pakosc-kalwaria.franciszkanie.net\/index.php\/2021\/10\/01\/uroczystosc-ku-czci-sw-franciszka-z-asyzu-4-pazdziernika-2\/#breadcrumb","itemListElement":[{"@type":"ListItem","position":1,"name":"Strona g\u0142\u00f3wna","item":"https:\/\/pakosc-kalwaria.franciszkanie.net\/"},{"@type":"ListItem","position":2,"name":"Uroczysto\u015b\u0107 ku czci \u015bw. Franciszka z Asy\u017cu \u2013 4 pa\u017adziernika"}]},{"@type":"Person","@id":"https:\/\/pakosc-kalwaria.franciszkanie.net\/#\/schema\/person\/af10b943be0760709227d060eadcb2aa","name":"pakosc-kalwaria","image":{"@type":"ImageObject","@id":"https:\/\/pakosc-kalwaria.franciszkanie.net\/#personlogo","inLanguage":"pl-PL","url":"https:\/\/secure.gravatar.com\/avatar\/e7049d338b55eac6a0027ff3218b8d02?s=96&d=mm&r=g","contentUrl":"https:\/\/secure.gravatar.com\/avatar\/e7049d338b55eac6a0027ff3218b8d02?s=96&d=mm&r=g","caption":"pakosc-kalwaria"},"sameAs":["https:\/\/www.facebook.com\/KalwariaPakosc\/"],"url":"https:\/\/pakosc-kalwaria.franciszkanie.net\/index.php\/author\/pakosc-kalwaria\/"}]}},"_links":{"self":[{"href":"https:\/\/pakosc-kalwaria.franciszkanie.net\/index.php\/wp-json\/wp\/v2\/posts\/20354"}],"collection":[{"href":"https:\/\/pakosc-kalwaria.franciszkanie.net\/index.php\/wp-json\/wp\/v2\/posts"}],"about":[{"href":"https:\/\/pakosc-kalwaria.franciszkanie.net\/index.php\/wp-json\/wp\/v2\/types\/post"}],"author":[{"embeddable":true,"href":"https:\/\/pakosc-kalwaria.franciszkanie.net\/index.php\/wp-json\/wp\/v2\/users\/2"}],"replies":[{"embeddable":true,"href":"https:\/\/pakosc-kalwaria.franciszkanie.net\/index.php\/wp-json\/wp\/v2\/comments?post=20354"}],"version-history":[{"count":1,"href":"https:\/\/pakosc-kalwaria.franciszkanie.net\/index.php\/wp-json\/wp\/v2\/posts\/20354\/revisions"}],"predecessor-version":[{"id":20356,"href":"https:\/\/pakosc-kalwaria.franciszkanie.net\/index.php\/wp-json\/wp\/v2\/posts\/20354\/revisions\/20356"}],"wp:featuredmedia":[{"embeddable":true,"href":"https:\/\/pakosc-kalwaria.franciszkanie.net\/index.php\/wp-json\/wp\/v2\/media\/20355"}],"wp:attachment":[{"href":"https:\/\/pakosc-kalwaria.franciszkanie.net\/index.php\/wp-json\/wp\/v2\/media?parent=20354"}],"wp:term":[{"taxonomy":"category","embeddable":true,"href":"https:\/\/pakosc-kalwaria.franciszkanie.net\/index.php\/wp-json\/wp\/v2\/categories?post=20354"},{"taxonomy":"post_tag","embeddable":true,"href":"https:\/\/pakosc-kalwaria.franciszkanie.net\/index.php\/wp-json\/wp\/v2\/tags?post=20354"}],"curies":[{"name":"wp","href":"https:\/\/api.w.org\/{rel}","templated":true}]}}