{"id":20375,"date":"2021-10-02T08:00:57","date_gmt":"2021-10-02T06:00:57","guid":{"rendered":"http:\/\/pakosc-kalwaria.franciszkanie.net\/?p=20375"},"modified":"2021-10-08T11:00:30","modified_gmt":"2021-10-08T09:00:30","slug":"narodowe-rekolekcje-i-zawierzenie-narodu-i-kosciola-w-polsce-sw-jozefowi","status":"publish","type":"post","link":"https:\/\/pakosc-kalwaria.franciszkanie.net\/index.php\/2021\/10\/02\/narodowe-rekolekcje-i-zawierzenie-narodu-i-kosciola-w-polsce-sw-jozefowi\/","title":{"rendered":"Narodowe Rekolekcje i zawierzenie Narodu i Ko\u015bcio\u0142a w Polsce \u015bw. J\u00f3zefowi"},"content":{"rendered":"<p><strong>W Kaliszu w\u00a0dniach od 3 do 7 pa\u017adziernika br. odb\u0119d\u0105 si\u0119 Narodowe Rekolekcje po\u0142\u0105czone z\u00a0aktem zawierzenia Narodu i\u00a0Ko\u015bcio\u0142a w\u00a0Polsce \u015awi\u0119temu J\u00f3zefowi, kt\u00f3rego dokona Przewodnicz\u0105cy Konferencji Episkopatu Polski abp Stanis\u0142aw G\u0105decki. <\/strong><\/p>\n<p>Has\u0142em rekolekcji s\u0105 s\u0142owa Ojcowskiemu Sercu zawierzamy, kt\u00f3re wyra\u017caj\u0105 g\u0142\u0119bok\u0105 wiar\u0119 w moc wstawiennictwa \u015bw. J\u00f3zefa przed tronem Boga. Tematyka rekolekcji dotyczy\u0107 b\u0119dzie kilku przestrzeni: \u015aw. J\u00f3zef, Opiekun Ko\u015bcio\u0142a; Ma\u0142\u017ce\u0144stwo; \u017bycie \u015bw. J\u00f3zef; Ojcostwo oraz istota i cel modlitwy zawierzenia. Pierwszego dnia rekolekcji (03.10.) odb\u0119dzie si\u0119 koncert \u201e\u015aw. J\u00f3zef w muzyce baroku Indian Boliwijskich\u201d w wykonaniu ch\u00f3ru pod dyr. Jacka Sykulskiego z Poznania ze wst\u0119pem ks. prof. Piotra Nawrota.<\/p>\n<p>Tajemnic\u0105 \u017cycia \u015bw. J\u00f3zefa dzieli\u0107 si\u0119 b\u0119d\u0105: ks. Dariusz D\u0105browski, ks. Krzysztof Wons, ks. Piotr G\u00f3rski, ks. Marcin Wi\u015bniewski oraz ks. Dominik Chmielewski. Nauki rekolekcyjne b\u0119d\u0105 g\u0142oszone w dw\u00f3ch blokach: porannym i popo\u0142udniowym, transmitowane przez nasze media diecezjalne Radio Rodzina, Dom J\u00f3zefa oraz Radio Maryja i TV Trwam.<\/p>\n<p>Rekolekcje b\u0119d\u0105 przygotowaniem do Zawierzenia Narodu i Ko\u015bcio\u0142a w Polsce \u015bw. J\u00f3zefowi. Nast\u0105pi to podczas uroczystej Mszy \u015bw. w czwartek, 7 pa\u017adziernika w kaliskim narodowym sanktuarium. Eucharystii z udzia\u0142em pasterzy Ko\u015bcio\u0142a katolickiego w Polsce przewodniczy\u0107 b\u0119dzie abp Stanis\u0142aw G\u0105decki \u2013 przewodnicz\u0105cy Konferencji Episkopatu Polski, metropolita pozna\u0144ski.<\/p>\n<p>\u201eNiech Zawierzenie Narodu i Ko\u015bcio\u0142a w Polsce naszemu wielkiemu Patronowi, \u015bw. J\u00f3zefowi przyniesie b\u0142ogos\u0142awione owoce w \u017cyciu ka\u017cdego z nas. Niech b\u0119dzie dla nas krokiem naprz\u00f3d w kierunku Nieba, do kt\u00f3rego zmierzamy po\u015br\u00f3d rado\u015bci i trosk!\u201d- napisa\u0142 biskup kaliski Damian Bryl w li\u015bcie do diecezjan.<\/p>\n<p>diecezja.kalisz.pl \/ BP KEP<\/p>\n","protected":false},"excerpt":{"rendered":"<p>W Kaliszu w\u00a0dniach od 3 do 7 pa\u017adziernika br. odb\u0119d\u0105 si\u0119 Narodowe Rekolekcje po\u0142\u0105czone z\u00a0aktem zawierzenia Narodu i\u00a0Ko\u015bcio\u0142a w\u00a0Polsce \u015awi\u0119temu J\u00f3zefowi, kt\u00f3rego dokona Przewodnicz\u0105cy Konferencji Episkopatu Polski abp Stanis\u0142aw G\u0105decki. Has\u0142em rekolekcji s\u0105 s\u0142owa Ojcowskiemu Sercu zawierzamy, kt\u00f3re wyra\u017caj\u0105 g\u0142\u0119bok\u0105 wiar\u0119 w moc wstawiennictwa \u015bw. J\u00f3zefa przed tronem Boga. Tematyka rekolekcji dotyczy\u0107 b\u0119dzie kilku przestrzeni: &hellip;<\/p>\n","protected":false},"author":2,"featured_media":20376,"comment_status":"closed","ping_status":"closed","sticky":false,"template":"","format":"standard","meta":{"_mi_skip_tracking":false,"_exactmetrics_sitenote_active":false,"_exactmetrics_sitenote_note":"","_exactmetrics_sitenote_category":0},"categories":[13],"tags":[],"yoast_head":"<!-- This site is optimized with the Yoast SEO plugin v18.1 - https:\/\/yoast.com\/wordpress\/plugins\/seo\/ -->\n<title>Narodowe Rekolekcje i zawierzenie Narodu i Ko\u015bcio\u0142a w Polsce \u015bw. J\u00f3zefowi - Pako\u015b\u0107 \u2013 Kalwaria<\/title>\n<meta name=\"robots\" content=\"index, follow, max-snippet:-1, max-image-preview:large, max-video-preview:-1\" \/>\n<link rel=\"canonical\" href=\"https:\/\/pakosc-kalwaria.franciszkanie.net\/index.php\/2021\/10\/02\/narodowe-rekolekcje-i-zawierzenie-narodu-i-kosciola-w-polsce-sw-jozefowi\/\" \/>\n<meta property=\"og:locale\" content=\"pl_PL\" \/>\n<meta property=\"og:type\" content=\"article\" \/>\n<meta property=\"og:title\" content=\"Narodowe Rekolekcje i zawierzenie Narodu i Ko\u015bcio\u0142a w Polsce \u015bw. J\u00f3zefowi - Pako\u015b\u0107 \u2013 Kalwaria\" \/>\n<meta property=\"og:description\" content=\"W Kaliszu w\u00a0dniach od 3 do 7 pa\u017adziernika br. odb\u0119d\u0105 si\u0119 Narodowe Rekolekcje po\u0142\u0105czone z\u00a0aktem zawierzenia Narodu i\u00a0Ko\u015bcio\u0142a w\u00a0Polsce \u015awi\u0119temu J\u00f3zefowi, kt\u00f3rego dokona Przewodnicz\u0105cy Konferencji Episkopatu Polski abp Stanis\u0142aw G\u0105decki. Has\u0142em rekolekcji s\u0105 s\u0142owa Ojcowskiemu Sercu zawierzamy, kt\u00f3re wyra\u017caj\u0105 g\u0142\u0119bok\u0105 wiar\u0119 w moc wstawiennictwa \u015bw. J\u00f3zefa przed tronem Boga. Tematyka rekolekcji dotyczy\u0107 b\u0119dzie kilku przestrzeni: &hellip;\" \/>\n<meta property=\"og:url\" content=\"https:\/\/pakosc-kalwaria.franciszkanie.net\/index.php\/2021\/10\/02\/narodowe-rekolekcje-i-zawierzenie-narodu-i-kosciola-w-polsce-sw-jozefowi\/\" \/>\n<meta property=\"og:site_name\" content=\"Pako\u015b\u0107 \u2013 Kalwaria\" \/>\n<meta property=\"article:author\" content=\"https:\/\/www.facebook.com\/KalwariaPakosc\/\" \/>\n<meta property=\"article:published_time\" content=\"2021-10-02T06:00:57+00:00\" \/>\n<meta property=\"article:modified_time\" content=\"2021-10-08T09:00:30+00:00\" \/>\n<meta property=\"og:image\" content=\"https:\/\/pakosc-kalwaria.franciszkanie.net\/wp-content\/uploads\/2021\/10\/Akt-zawierzenia-plakat-4.jpg\" \/>\n\t<meta property=\"og:image:width\" content=\"300\" \/>\n\t<meta property=\"og:image:height\" content=\"269\" \/>\n\t<meta property=\"og:image:type\" content=\"image\/jpeg\" \/>\n<meta name=\"twitter:card\" content=\"summary\" \/>\n<meta name=\"twitter:label1\" content=\"Napisane przez\" \/>\n\t<meta name=\"twitter:data1\" content=\"pakosc-kalwaria\" \/>\n\t<meta name=\"twitter:label2\" content=\"Szacowany czas czytania\" \/>\n\t<meta name=\"twitter:data2\" content=\"2 minuty\" \/>\n<script type=\"application\/ld+json\" class=\"yoast-schema-graph\">{\"@context\":\"https:\/\/schema.org\",\"@graph\":[{\"@type\":\"WebSite\",\"@id\":\"https:\/\/pakosc-kalwaria.franciszkanie.net\/#website\",\"url\":\"https:\/\/pakosc-kalwaria.franciszkanie.net\/\",\"name\":\"Pako\u015b\u0107 \u2013 Kalwaria\",\"description\":\"Parafia Rzymsko \u2013 Katolicka p.w. Pana Jezusa Ukrzy\u017cowanego i  Matki Bo\u017cej Bolesnej ul. Barci\u0144ska 60, 88\u2013170 Pako\u015b\u0107 \u2013 Kalwaria\",\"potentialAction\":[{\"@type\":\"SearchAction\",\"target\":{\"@type\":\"EntryPoint\",\"urlTemplate\":\"https:\/\/pakosc-kalwaria.franciszkanie.net\/?s={search_term_string}\"},\"query-input\":\"required name=search_term_string\"}],\"inLanguage\":\"pl-PL\"},{\"@type\":\"ImageObject\",\"@id\":\"https:\/\/pakosc-kalwaria.franciszkanie.net\/index.php\/2021\/10\/02\/narodowe-rekolekcje-i-zawierzenie-narodu-i-kosciola-w-polsce-sw-jozefowi\/#primaryimage\",\"inLanguage\":\"pl-PL\",\"url\":\"https:\/\/pakosc-kalwaria.franciszkanie.net\/wp-content\/uploads\/2021\/10\/Akt-zawierzenia-plakat-4.jpg\",\"contentUrl\":\"https:\/\/pakosc-kalwaria.franciszkanie.net\/wp-content\/uploads\/2021\/10\/Akt-zawierzenia-plakat-4.jpg\",\"width\":300,\"height\":269},{\"@type\":\"WebPage\",\"@id\":\"https:\/\/pakosc-kalwaria.franciszkanie.net\/index.php\/2021\/10\/02\/narodowe-rekolekcje-i-zawierzenie-narodu-i-kosciola-w-polsce-sw-jozefowi\/#webpage\",\"url\":\"https:\/\/pakosc-kalwaria.franciszkanie.net\/index.php\/2021\/10\/02\/narodowe-rekolekcje-i-zawierzenie-narodu-i-kosciola-w-polsce-sw-jozefowi\/\",\"name\":\"Narodowe Rekolekcje i zawierzenie Narodu i Ko\u015bcio\u0142a w Polsce \u015bw. J\u00f3zefowi - Pako\u015b\u0107 \u2013 Kalwaria\",\"isPartOf\":{\"@id\":\"https:\/\/pakosc-kalwaria.franciszkanie.net\/#website\"},\"primaryImageOfPage\":{\"@id\":\"https:\/\/pakosc-kalwaria.franciszkanie.net\/index.php\/2021\/10\/02\/narodowe-rekolekcje-i-zawierzenie-narodu-i-kosciola-w-polsce-sw-jozefowi\/#primaryimage\"},\"datePublished\":\"2021-10-02T06:00:57+00:00\",\"dateModified\":\"2021-10-08T09:00:30+00:00\",\"author\":{\"@id\":\"https:\/\/pakosc-kalwaria.franciszkanie.net\/#\/schema\/person\/af10b943be0760709227d060eadcb2aa\"},\"breadcrumb\":{\"@id\":\"https:\/\/pakosc-kalwaria.franciszkanie.net\/index.php\/2021\/10\/02\/narodowe-rekolekcje-i-zawierzenie-narodu-i-kosciola-w-polsce-sw-jozefowi\/#breadcrumb\"},\"inLanguage\":\"pl-PL\",\"potentialAction\":[{\"@type\":\"ReadAction\",\"target\":[\"https:\/\/pakosc-kalwaria.franciszkanie.net\/index.php\/2021\/10\/02\/narodowe-rekolekcje-i-zawierzenie-narodu-i-kosciola-w-polsce-sw-jozefowi\/\"]}]},{\"@type\":\"BreadcrumbList\",\"@id\":\"https:\/\/pakosc-kalwaria.franciszkanie.net\/index.php\/2021\/10\/02\/narodowe-rekolekcje-i-zawierzenie-narodu-i-kosciola-w-polsce-sw-jozefowi\/#breadcrumb\",\"itemListElement\":[{\"@type\":\"ListItem\",\"position\":1,\"name\":\"Strona g\u0142\u00f3wna\",\"item\":\"https:\/\/pakosc-kalwaria.franciszkanie.net\/\"},{\"@type\":\"ListItem\",\"position\":2,\"name\":\"Narodowe Rekolekcje i zawierzenie Narodu i Ko\u015bcio\u0142a w Polsce \u015bw. J\u00f3zefowi\"}]},{\"@type\":\"Person\",\"@id\":\"https:\/\/pakosc-kalwaria.franciszkanie.net\/#\/schema\/person\/af10b943be0760709227d060eadcb2aa\",\"name\":\"pakosc-kalwaria\",\"image\":{\"@type\":\"ImageObject\",\"@id\":\"https:\/\/pakosc-kalwaria.franciszkanie.net\/#personlogo\",\"inLanguage\":\"pl-PL\",\"url\":\"https:\/\/secure.gravatar.com\/avatar\/e7049d338b55eac6a0027ff3218b8d02?s=96&d=mm&r=g\",\"contentUrl\":\"https:\/\/secure.gravatar.com\/avatar\/e7049d338b55eac6a0027ff3218b8d02?s=96&d=mm&r=g\",\"caption\":\"pakosc-kalwaria\"},\"sameAs\":[\"https:\/\/www.facebook.com\/KalwariaPakosc\/\"],\"url\":\"https:\/\/pakosc-kalwaria.franciszkanie.net\/index.php\/author\/pakosc-kalwaria\/\"}]}<\/script>\n<!-- \/ Yoast SEO plugin. -->","yoast_head_json":{"title":"Narodowe Rekolekcje i zawierzenie Narodu i Ko\u015bcio\u0142a w Polsce \u015bw. J\u00f3zefowi - Pako\u015b\u0107 \u2013 Kalwaria","robots":{"index":"index","follow":"follow","max-snippet":"max-snippet:-1","max-image-preview":"max-image-preview:large","max-video-preview":"max-video-preview:-1"},"canonical":"https:\/\/pakosc-kalwaria.franciszkanie.net\/index.php\/2021\/10\/02\/narodowe-rekolekcje-i-zawierzenie-narodu-i-kosciola-w-polsce-sw-jozefowi\/","og_locale":"pl_PL","og_type":"article","og_title":"Narodowe Rekolekcje i zawierzenie Narodu i Ko\u015bcio\u0142a w Polsce \u015bw. J\u00f3zefowi - Pako\u015b\u0107 \u2013 Kalwaria","og_description":"W Kaliszu w\u00a0dniach od 3 do 7 pa\u017adziernika br. odb\u0119d\u0105 si\u0119 Narodowe Rekolekcje po\u0142\u0105czone z\u00a0aktem zawierzenia Narodu i\u00a0Ko\u015bcio\u0142a w\u00a0Polsce \u015awi\u0119temu J\u00f3zefowi, kt\u00f3rego dokona Przewodnicz\u0105cy Konferencji Episkopatu Polski abp Stanis\u0142aw G\u0105decki. Has\u0142em rekolekcji s\u0105 s\u0142owa Ojcowskiemu Sercu zawierzamy, kt\u00f3re wyra\u017caj\u0105 g\u0142\u0119bok\u0105 wiar\u0119 w moc wstawiennictwa \u015bw. J\u00f3zefa przed tronem Boga. Tematyka rekolekcji dotyczy\u0107 b\u0119dzie kilku przestrzeni: &hellip;","og_url":"https:\/\/pakosc-kalwaria.franciszkanie.net\/index.php\/2021\/10\/02\/narodowe-rekolekcje-i-zawierzenie-narodu-i-kosciola-w-polsce-sw-jozefowi\/","og_site_name":"Pako\u015b\u0107 \u2013 Kalwaria","article_author":"https:\/\/www.facebook.com\/KalwariaPakosc\/","article_published_time":"2021-10-02T06:00:57+00:00","article_modified_time":"2021-10-08T09:00:30+00:00","og_image":[{"width":300,"height":269,"url":"https:\/\/pakosc-kalwaria.franciszkanie.net\/wp-content\/uploads\/2021\/10\/Akt-zawierzenia-plakat-4.jpg","type":"image\/jpeg"}],"twitter_card":"summary","twitter_misc":{"Napisane przez":"pakosc-kalwaria","Szacowany czas czytania":"2 minuty"},"schema":{"@context":"https:\/\/schema.org","@graph":[{"@type":"WebSite","@id":"https:\/\/pakosc-kalwaria.franciszkanie.net\/#website","url":"https:\/\/pakosc-kalwaria.franciszkanie.net\/","name":"Pako\u015b\u0107 \u2013 Kalwaria","description":"Parafia Rzymsko \u2013 Katolicka p.w. Pana Jezusa Ukrzy\u017cowanego i  Matki Bo\u017cej Bolesnej ul. Barci\u0144ska 60, 88\u2013170 Pako\u015b\u0107 \u2013 Kalwaria","potentialAction":[{"@type":"SearchAction","target":{"@type":"EntryPoint","urlTemplate":"https:\/\/pakosc-kalwaria.franciszkanie.net\/?s={search_term_string}"},"query-input":"required name=search_term_string"}],"inLanguage":"pl-PL"},{"@type":"ImageObject","@id":"https:\/\/pakosc-kalwaria.franciszkanie.net\/index.php\/2021\/10\/02\/narodowe-rekolekcje-i-zawierzenie-narodu-i-kosciola-w-polsce-sw-jozefowi\/#primaryimage","inLanguage":"pl-PL","url":"https:\/\/pakosc-kalwaria.franciszkanie.net\/wp-content\/uploads\/2021\/10\/Akt-zawierzenia-plakat-4.jpg","contentUrl":"https:\/\/pakosc-kalwaria.franciszkanie.net\/wp-content\/uploads\/2021\/10\/Akt-zawierzenia-plakat-4.jpg","width":300,"height":269},{"@type":"WebPage","@id":"https:\/\/pakosc-kalwaria.franciszkanie.net\/index.php\/2021\/10\/02\/narodowe-rekolekcje-i-zawierzenie-narodu-i-kosciola-w-polsce-sw-jozefowi\/#webpage","url":"https:\/\/pakosc-kalwaria.franciszkanie.net\/index.php\/2021\/10\/02\/narodowe-rekolekcje-i-zawierzenie-narodu-i-kosciola-w-polsce-sw-jozefowi\/","name":"Narodowe Rekolekcje i zawierzenie Narodu i Ko\u015bcio\u0142a w Polsce \u015bw. J\u00f3zefowi - Pako\u015b\u0107 \u2013 Kalwaria","isPartOf":{"@id":"https:\/\/pakosc-kalwaria.franciszkanie.net\/#website"},"primaryImageOfPage":{"@id":"https:\/\/pakosc-kalwaria.franciszkanie.net\/index.php\/2021\/10\/02\/narodowe-rekolekcje-i-zawierzenie-narodu-i-kosciola-w-polsce-sw-jozefowi\/#primaryimage"},"datePublished":"2021-10-02T06:00:57+00:00","dateModified":"2021-10-08T09:00:30+00:00","author":{"@id":"https:\/\/pakosc-kalwaria.franciszkanie.net\/#\/schema\/person\/af10b943be0760709227d060eadcb2aa"},"breadcrumb":{"@id":"https:\/\/pakosc-kalwaria.franciszkanie.net\/index.php\/2021\/10\/02\/narodowe-rekolekcje-i-zawierzenie-narodu-i-kosciola-w-polsce-sw-jozefowi\/#breadcrumb"},"inLanguage":"pl-PL","potentialAction":[{"@type":"ReadAction","target":["https:\/\/pakosc-kalwaria.franciszkanie.net\/index.php\/2021\/10\/02\/narodowe-rekolekcje-i-zawierzenie-narodu-i-kosciola-w-polsce-sw-jozefowi\/"]}]},{"@type":"BreadcrumbList","@id":"https:\/\/pakosc-kalwaria.franciszkanie.net\/index.php\/2021\/10\/02\/narodowe-rekolekcje-i-zawierzenie-narodu-i-kosciola-w-polsce-sw-jozefowi\/#breadcrumb","itemListElement":[{"@type":"ListItem","position":1,"name":"Strona g\u0142\u00f3wna","item":"https:\/\/pakosc-kalwaria.franciszkanie.net\/"},{"@type":"ListItem","position":2,"name":"Narodowe Rekolekcje i zawierzenie Narodu i Ko\u015bcio\u0142a w Polsce \u015bw. J\u00f3zefowi"}]},{"@type":"Person","@id":"https:\/\/pakosc-kalwaria.franciszkanie.net\/#\/schema\/person\/af10b943be0760709227d060eadcb2aa","name":"pakosc-kalwaria","image":{"@type":"ImageObject","@id":"https:\/\/pakosc-kalwaria.franciszkanie.net\/#personlogo","inLanguage":"pl-PL","url":"https:\/\/secure.gravatar.com\/avatar\/e7049d338b55eac6a0027ff3218b8d02?s=96&d=mm&r=g","contentUrl":"https:\/\/secure.gravatar.com\/avatar\/e7049d338b55eac6a0027ff3218b8d02?s=96&d=mm&r=g","caption":"pakosc-kalwaria"},"sameAs":["https:\/\/www.facebook.com\/KalwariaPakosc\/"],"url":"https:\/\/pakosc-kalwaria.franciszkanie.net\/index.php\/author\/pakosc-kalwaria\/"}]}},"_links":{"self":[{"href":"https:\/\/pakosc-kalwaria.franciszkanie.net\/index.php\/wp-json\/wp\/v2\/posts\/20375"}],"collection":[{"href":"https:\/\/pakosc-kalwaria.franciszkanie.net\/index.php\/wp-json\/wp\/v2\/posts"}],"about":[{"href":"https:\/\/pakosc-kalwaria.franciszkanie.net\/index.php\/wp-json\/wp\/v2\/types\/post"}],"author":[{"embeddable":true,"href":"https:\/\/pakosc-kalwaria.franciszkanie.net\/index.php\/wp-json\/wp\/v2\/users\/2"}],"replies":[{"embeddable":true,"href":"https:\/\/pakosc-kalwaria.franciszkanie.net\/index.php\/wp-json\/wp\/v2\/comments?post=20375"}],"version-history":[{"count":1,"href":"https:\/\/pakosc-kalwaria.franciszkanie.net\/index.php\/wp-json\/wp\/v2\/posts\/20375\/revisions"}],"predecessor-version":[{"id":20377,"href":"https:\/\/pakosc-kalwaria.franciszkanie.net\/index.php\/wp-json\/wp\/v2\/posts\/20375\/revisions\/20377"}],"wp:featuredmedia":[{"embeddable":true,"href":"https:\/\/pakosc-kalwaria.franciszkanie.net\/index.php\/wp-json\/wp\/v2\/media\/20376"}],"wp:attachment":[{"href":"https:\/\/pakosc-kalwaria.franciszkanie.net\/index.php\/wp-json\/wp\/v2\/media?parent=20375"}],"wp:term":[{"taxonomy":"category","embeddable":true,"href":"https:\/\/pakosc-kalwaria.franciszkanie.net\/index.php\/wp-json\/wp\/v2\/categories?post=20375"},{"taxonomy":"post_tag","embeddable":true,"href":"https:\/\/pakosc-kalwaria.franciszkanie.net\/index.php\/wp-json\/wp\/v2\/tags?post=20375"}],"curies":[{"name":"wp","href":"https:\/\/api.w.org\/{rel}","templated":true}]}}