{"id":20417,"date":"2021-12-02T14:30:39","date_gmt":"2021-12-02T13:30:39","guid":{"rendered":"http:\/\/pakosc-kalwaria.franciszkanie.net\/?p=20417"},"modified":"2021-12-08T19:02:55","modified_gmt":"2021-12-08T18:02:55","slug":"przygotowanie-dzieci-do-pierwszej-komunii-swietej","status":"publish","type":"post","link":"https:\/\/pakosc-kalwaria.franciszkanie.net\/index.php\/2021\/12\/02\/przygotowanie-dzieci-do-pierwszej-komunii-swietej\/","title":{"rendered":"Przygotowanie do Pierwszej Komunii \u015bwi\u0119tej. Po\u015bwi\u0119cenie medalik\u00f3w Matki Bo\u017cej"},"content":{"rendered":"<p><strong><span style=\"color: #ff0000;\">W \u015brod\u0119 08.12. 20021r.<\/span> w uroczysto\u015b\u0107 Niepokalanego Pocz\u0119cia NMP <span style=\"color: #ff0000;\">o 17.00 Msza \u015bw. i po\u015bwi\u0119cenie medalik\u00f3w Matki Bo\u017cej<\/span> dla dzieci pierwszokomunijnych. Zapraszamy dzieci wraz z rodzicami i rodze\u0144stwem.<br \/>\n<\/strong><\/p>\n<p><span style=\"color: #ff0000;\"><strong>W ramach przygotowania do Pierwszej Komunii \u015bwi\u0119tej dzieci wraz z rodzicami:<\/strong><\/span><br \/>\n<strong>&#8211; piel\u0119gnuj\u0105 codzienn\u0105 modlitw\u0119<\/strong><br \/>\n<strong>&#8211; w ka\u017cd\u0105 niedziel\u0119 uczestnicz\u0105 w Mszy \u015bwi\u0119tej &#8211; najlepiej w naszym ko\u015bciele o 11.00.<br \/>\n<\/strong><strong><span style=\"color: #ff0000;\">Po Mszach \u015bwi\u0119tych i nabo\u017ce\u0144stwach <span style=\"color: #000000;\">dzieci zg\u0142aszaj\u0105 si\u0119 w zakrystii w celu odnotowania obecno\u015bci.<\/span><\/span><\/strong><\/p>\n<p><strong>W niedziel\u0119 21 listopada po Mszy \u015bwi\u0119tej o 11.00 odby\u0142o si\u0119 spotkanie dla rodzic\u00f3w dzieci klas III przygotowuj\u0105cych si\u0119 w naszej Parafii do Pierwszej Komunii \u015bwi\u0119tej.<br \/>\n<\/strong><strong>W pa\u017adzierniku nabo\u017ce\u0144stwa r\u00f3\u017ca\u0144cowe \u2013 w naszym kalwaryjskim ko\u015bciele R\u00f3\u017caniec w tygodniu po Mszy \u015bwi\u0119tej o 17.00, a w niedziele po Mszy \u015bwi\u0119tej o 9.00.<\/strong><\/p>\n<p><span style=\"color: #ff0000;\"><strong>1. Data \u2013 sobota 14.05.2021r \u2013 o godz. 11.00<\/strong><\/span><u><strong><br \/>\n<\/strong><\/u><strong>\u2013 zbi\u00f3rka przed ko\u015bcio\u0142em<\/strong> <strong>10.45 dzieci wraz z rodzicami<\/strong><u> <\/u><br \/>\n<strong>\u2013 po Mszy \u015bw. wsp\u00f3lne zdj\u0119cie i pami\u0105tkowe obrazki<\/strong><\/p>\n<p><strong><u> <\/u><span style=\"color: #ff0000;\">2. Deklaracje, metryki chrztu i pozwolenia<\/span><\/strong><br \/>\n<strong>\u2013 deklaracje &#8211; oddaj\u0105 rodzice o. Proboszczowi<\/strong><br \/>\n<strong> \u2013 pozwolenie je\u017celi dzieci s\u0105 z innej Parafii \u2013 wraz z deklaracj\u0105<\/strong><br \/>\n<strong> \u2013 metryki Chrztu \u015bw. dzieci, kt\u00f3re by\u0142y chrzczone poza nasz\u0105 Parafi\u0105 \u2013 wraz z deklaracj\u0105\u00a0 <\/strong><br \/>\n<strong> \u2013 je\u017celi dziecko jest nieochrzczone \u2013 prosimy to\u00a0 zg\u0142osi\u0107 jak najszybciej<br \/>\n<\/strong> <strong><br \/>\n<span style=\"color: #ff0000;\">3. Przygotowanie etapami:<\/span><\/strong><br \/>\n<strong>\u2013 01.10.2021r. (pi\u0105tek) po Mszy \u015bwi\u0119tej o o 17.00 po\u015bwi\u0119cenie r\u00f3\u017ca\u0144c\u00f3w<br \/>\n<\/strong><\/p>\n<p><strong>\u2013 08.12. 20021r. (\u015broda) w uroczysto\u015b\u0107 Niepokalanego Pocz\u0119cia NMP o 17.00 Msza \u015bw. i po\u015bwi\u0119cenie medalik\u00f3w Matki Bo\u017cej<\/strong><\/p>\n<p><strong>\u2013 06.01.2022r. (czwartek) \u2013 w uroczysto\u015b\u0107 Trzech Kr\u00f3li o 11.00 Msza \u015bw. i po\u015bwi\u0119cenie modlitewnik\u00f3w<\/strong><\/p>\n<p><strong>\u2013 02.02.2022r. (\u015broda) w \u015bwi\u0119to MB Gromnicznej o 17.00 Msza \u015bw. i po\u015bwi\u0119cenie \u015bwiec. Dzieci mog\u0105 mie\u0107 \u015bwiece od Chrztu \u015bwi\u0119tego.<br \/>\n<\/strong><\/p>\n<p><strong> \u2013 22.04.2022r. (pi\u0105tek) \u2013 o 15.30 Pierwsza Spowied\u017a \u015bwi\u0119ta dla dzieci<br \/>\n<\/strong><\/p>\n<p><strong>\u2013 13.05.2022r. (pi\u0105tek) \u2013 o 15.30 Druga Spowied\u017a \u015bwi\u0119ta dla dzieci oraz okazja do Spowiedzi \u015bwi\u0119tej dla rodzic\u00f3w<\/strong><\/p>\n<p><strong><u><br \/>\n<\/u><span style=\"color: #ff0000;\">4. W ramach przygotowania dzieci wraz z rodzicami uczestnicz\u0105: <\/span><\/strong><br \/>\n<strong> \u2013 w nabo\u017ce\u0144stwach r\u00f3\u017ca\u0144cowych w pa\u017adzierniku<\/strong><br \/>\n<strong> \u2013 w Roraty w Adwencie<\/strong><br \/>\n<strong> \u2013 w Wielkim Po\u015bcie: <\/strong><strong>w pi\u0105tki <\/strong><strong>Drogi Krzy\u017cowe na Kalwarii lub w ko\u015bciele oraz <\/strong><strong>w niedziele<\/strong><strong> Gorzkie \u017bale<\/strong><br \/>\n<strong> \u2013 w <\/strong><strong>Rekolekcjach <\/strong><strong>Wielkopostnych\u00a0 (dla dzieci Rekolekcje szkolne)<\/strong><br \/>\n<strong> \u2013 w nabo\u017ce\u0144stwach majowych<br \/>\n<\/strong><\/p>\n<p><span style=\"color: #ff0000;\"><strong> 5. \u00a0Szaty jednakowe dla dziewczynek i dla ch\u0142opc\u00f3w<\/strong><\/span><br \/>\n<strong> \u2013 mo\u017cna zam\u00f3wi\u0107 nowe lub te\u017c odkupi\u0107 u\u017cywane szaty \u2013 kontakt z p. Katechetk\u0105<\/strong><\/p>\n<p><strong><span style=\"color: #ff0000;\"> 6. Jeden kamerzysta i jeden fotograf<\/span> \u2013 dla wszystkich dzieci<\/strong><\/p>\n<p><strong><span style=\"color: #ff0000;\"> 7. Pierwsza Komunia \u015bw. bez alkoholu<\/span> \u2013 dzieci sk\u0142adaj\u0105 przyrzeczenie abstynencji dzie\u0144 po Komunii \u015bw. w czasie Mszy \u015bw. niedzielnej (na jaki czas i czy w og\u00f3le \u2013 ustalaj\u0105 z rodzicami, np. do 15-go czy 18-go roku \u017cycia)<\/strong><\/p>\n<p><span style=\"color: #ff0000;\"><strong> 8. Bia\u0142y Tydzie\u0144 po Pierwszej Komunii \u015bw. &#8211; <\/strong><\/span><strong>codziennie do pi\u0105tku dzieci uczestnicz\u0105 w <\/strong><strong>Mszach \u015bw. i <\/strong><strong>nabo\u017ce\u0144stwach majowych <\/strong><br \/>\n<strong><br \/>\n9. Pielgrzymka dzieci\u00a0 do Sanktuarium \u2013 data b\u0119dzie podana w p\u00f3\u017aniejszym terminie<br \/>\n<\/strong><\/p>\n<p><strong>10. Dekoracja ko\u015bcio\u0142a \u2013 ch\u0119tne do pomocy osoby kontaktuj\u0105 si\u0119 z p. Katechetk\u0105 El\u0105<br \/>\n<\/strong><strong><br \/>\n11. Sprz\u0105tanie ko\u015bcio\u0142a \u00a0\u2013 rodzice po ustaleniu z p. Katechetk\u0105 <\/strong><\/p>\n<p><strong> 12. Wystr\u00f3j ko\u015bcio\u0142a, kwiaty i dar dla ko\u015bcio\u0142a \u2013 ustalaj\u0105 rodzice z o. Proboszczem i p. Katechetk\u0105<\/strong><\/p>\n","protected":false},"excerpt":{"rendered":"<p>W \u015brod\u0119 08.12. 20021r. w uroczysto\u015b\u0107 Niepokalanego Pocz\u0119cia NMP o 17.00 Msza \u015bw. i po\u015bwi\u0119cenie medalik\u00f3w Matki Bo\u017cej dla dzieci pierwszokomunijnych. Zapraszamy dzieci wraz z rodzicami i rodze\u0144stwem. W ramach przygotowania do Pierwszej Komunii \u015bwi\u0119tej dzieci wraz z rodzicami: &#8211; piel\u0119gnuj\u0105 codzienn\u0105 modlitw\u0119 &#8211; w ka\u017cd\u0105 niedziel\u0119 uczestnicz\u0105 w Mszy \u015bwi\u0119tej &#8211; najlepiej w naszym &hellip;<\/p>\n","protected":false},"author":2,"featured_media":20418,"comment_status":"closed","ping_status":"closed","sticky":false,"template":"","format":"standard","meta":{"_mi_skip_tracking":false,"_exactmetrics_sitenote_active":false,"_exactmetrics_sitenote_note":"","_exactmetrics_sitenote_category":0},"categories":[13],"tags":[],"yoast_head":"<!-- This site is optimized with the Yoast SEO plugin v18.1 - https:\/\/yoast.com\/wordpress\/plugins\/seo\/ -->\n<title>Przygotowanie do Pierwszej Komunii \u015bwi\u0119tej. Po\u015bwi\u0119cenie medalik\u00f3w Matki Bo\u017cej - Pako\u015b\u0107 \u2013 Kalwaria<\/title>\n<meta name=\"robots\" content=\"index, follow, max-snippet:-1, max-image-preview:large, max-video-preview:-1\" \/>\n<link rel=\"canonical\" href=\"https:\/\/pakosc-kalwaria.franciszkanie.net\/index.php\/2021\/12\/02\/przygotowanie-dzieci-do-pierwszej-komunii-swietej\/\" \/>\n<meta property=\"og:locale\" content=\"pl_PL\" \/>\n<meta property=\"og:type\" content=\"article\" \/>\n<meta property=\"og:title\" content=\"Przygotowanie do Pierwszej Komunii \u015bwi\u0119tej. Po\u015bwi\u0119cenie medalik\u00f3w Matki Bo\u017cej - Pako\u015b\u0107 \u2013 Kalwaria\" \/>\n<meta property=\"og:description\" content=\"W \u015brod\u0119 08.12. 20021r. w uroczysto\u015b\u0107 Niepokalanego Pocz\u0119cia NMP o 17.00 Msza \u015bw. i po\u015bwi\u0119cenie medalik\u00f3w Matki Bo\u017cej dla dzieci pierwszokomunijnych. Zapraszamy dzieci wraz z rodzicami i rodze\u0144stwem. W ramach przygotowania do Pierwszej Komunii \u015bwi\u0119tej dzieci wraz z rodzicami: &#8211; piel\u0119gnuj\u0105 codzienn\u0105 modlitw\u0119 &#8211; w ka\u017cd\u0105 niedziel\u0119 uczestnicz\u0105 w Mszy \u015bwi\u0119tej &#8211; najlepiej w naszym &hellip;\" \/>\n<meta property=\"og:url\" content=\"https:\/\/pakosc-kalwaria.franciszkanie.net\/index.php\/2021\/12\/02\/przygotowanie-dzieci-do-pierwszej-komunii-swietej\/\" \/>\n<meta property=\"og:site_name\" content=\"Pako\u015b\u0107 \u2013 Kalwaria\" \/>\n<meta property=\"article:author\" content=\"https:\/\/www.facebook.com\/KalwariaPakosc\/\" \/>\n<meta property=\"article:published_time\" content=\"2021-12-02T13:30:39+00:00\" \/>\n<meta property=\"article:modified_time\" content=\"2021-12-08T18:02:55+00:00\" \/>\n<meta property=\"og:image\" content=\"https:\/\/pakosc-kalwaria.franciszkanie.net\/wp-content\/uploads\/2021\/10\/images-1.jpg\" \/>\n\t<meta property=\"og:image:width\" content=\"350\" \/>\n\t<meta property=\"og:image:height\" content=\"196\" \/>\n\t<meta property=\"og:image:type\" content=\"image\/jpeg\" \/>\n<meta name=\"twitter:card\" content=\"summary\" \/>\n<meta name=\"twitter:label1\" content=\"Napisane przez\" \/>\n\t<meta name=\"twitter:data1\" content=\"pakosc-kalwaria\" \/>\n\t<meta name=\"twitter:label2\" content=\"Szacowany czas czytania\" \/>\n\t<meta name=\"twitter:data2\" content=\"3 minuty\" \/>\n<script type=\"application\/ld+json\" class=\"yoast-schema-graph\">{\"@context\":\"https:\/\/schema.org\",\"@graph\":[{\"@type\":\"WebSite\",\"@id\":\"https:\/\/pakosc-kalwaria.franciszkanie.net\/#website\",\"url\":\"https:\/\/pakosc-kalwaria.franciszkanie.net\/\",\"name\":\"Pako\u015b\u0107 \u2013 Kalwaria\",\"description\":\"Parafia Rzymsko \u2013 Katolicka p.w. Pana Jezusa Ukrzy\u017cowanego i  Matki Bo\u017cej Bolesnej ul. Barci\u0144ska 60, 88\u2013170 Pako\u015b\u0107 \u2013 Kalwaria\",\"potentialAction\":[{\"@type\":\"SearchAction\",\"target\":{\"@type\":\"EntryPoint\",\"urlTemplate\":\"https:\/\/pakosc-kalwaria.franciszkanie.net\/?s={search_term_string}\"},\"query-input\":\"required name=search_term_string\"}],\"inLanguage\":\"pl-PL\"},{\"@type\":\"ImageObject\",\"@id\":\"https:\/\/pakosc-kalwaria.franciszkanie.net\/index.php\/2021\/12\/02\/przygotowanie-dzieci-do-pierwszej-komunii-swietej\/#primaryimage\",\"inLanguage\":\"pl-PL\",\"url\":\"https:\/\/pakosc-kalwaria.franciszkanie.net\/wp-content\/uploads\/2021\/10\/images-1.jpg\",\"contentUrl\":\"https:\/\/pakosc-kalwaria.franciszkanie.net\/wp-content\/uploads\/2021\/10\/images-1.jpg\",\"width\":350,\"height\":196},{\"@type\":\"WebPage\",\"@id\":\"https:\/\/pakosc-kalwaria.franciszkanie.net\/index.php\/2021\/12\/02\/przygotowanie-dzieci-do-pierwszej-komunii-swietej\/#webpage\",\"url\":\"https:\/\/pakosc-kalwaria.franciszkanie.net\/index.php\/2021\/12\/02\/przygotowanie-dzieci-do-pierwszej-komunii-swietej\/\",\"name\":\"Przygotowanie do Pierwszej Komunii \u015bwi\u0119tej. Po\u015bwi\u0119cenie medalik\u00f3w Matki Bo\u017cej - Pako\u015b\u0107 \u2013 Kalwaria\",\"isPartOf\":{\"@id\":\"https:\/\/pakosc-kalwaria.franciszkanie.net\/#website\"},\"primaryImageOfPage\":{\"@id\":\"https:\/\/pakosc-kalwaria.franciszkanie.net\/index.php\/2021\/12\/02\/przygotowanie-dzieci-do-pierwszej-komunii-swietej\/#primaryimage\"},\"datePublished\":\"2021-12-02T13:30:39+00:00\",\"dateModified\":\"2021-12-08T18:02:55+00:00\",\"author\":{\"@id\":\"https:\/\/pakosc-kalwaria.franciszkanie.net\/#\/schema\/person\/af10b943be0760709227d060eadcb2aa\"},\"breadcrumb\":{\"@id\":\"https:\/\/pakosc-kalwaria.franciszkanie.net\/index.php\/2021\/12\/02\/przygotowanie-dzieci-do-pierwszej-komunii-swietej\/#breadcrumb\"},\"inLanguage\":\"pl-PL\",\"potentialAction\":[{\"@type\":\"ReadAction\",\"target\":[\"https:\/\/pakosc-kalwaria.franciszkanie.net\/index.php\/2021\/12\/02\/przygotowanie-dzieci-do-pierwszej-komunii-swietej\/\"]}]},{\"@type\":\"BreadcrumbList\",\"@id\":\"https:\/\/pakosc-kalwaria.franciszkanie.net\/index.php\/2021\/12\/02\/przygotowanie-dzieci-do-pierwszej-komunii-swietej\/#breadcrumb\",\"itemListElement\":[{\"@type\":\"ListItem\",\"position\":1,\"name\":\"Strona g\u0142\u00f3wna\",\"item\":\"https:\/\/pakosc-kalwaria.franciszkanie.net\/\"},{\"@type\":\"ListItem\",\"position\":2,\"name\":\"Przygotowanie do Pierwszej Komunii \u015bwi\u0119tej. Po\u015bwi\u0119cenie medalik\u00f3w Matki Bo\u017cej\"}]},{\"@type\":\"Person\",\"@id\":\"https:\/\/pakosc-kalwaria.franciszkanie.net\/#\/schema\/person\/af10b943be0760709227d060eadcb2aa\",\"name\":\"pakosc-kalwaria\",\"image\":{\"@type\":\"ImageObject\",\"@id\":\"https:\/\/pakosc-kalwaria.franciszkanie.net\/#personlogo\",\"inLanguage\":\"pl-PL\",\"url\":\"https:\/\/secure.gravatar.com\/avatar\/e7049d338b55eac6a0027ff3218b8d02?s=96&d=mm&r=g\",\"contentUrl\":\"https:\/\/secure.gravatar.com\/avatar\/e7049d338b55eac6a0027ff3218b8d02?s=96&d=mm&r=g\",\"caption\":\"pakosc-kalwaria\"},\"sameAs\":[\"https:\/\/www.facebook.com\/KalwariaPakosc\/\"],\"url\":\"https:\/\/pakosc-kalwaria.franciszkanie.net\/index.php\/author\/pakosc-kalwaria\/\"}]}<\/script>\n<!-- \/ Yoast SEO plugin. -->","yoast_head_json":{"title":"Przygotowanie do Pierwszej Komunii \u015bwi\u0119tej. Po\u015bwi\u0119cenie medalik\u00f3w Matki Bo\u017cej - Pako\u015b\u0107 \u2013 Kalwaria","robots":{"index":"index","follow":"follow","max-snippet":"max-snippet:-1","max-image-preview":"max-image-preview:large","max-video-preview":"max-video-preview:-1"},"canonical":"https:\/\/pakosc-kalwaria.franciszkanie.net\/index.php\/2021\/12\/02\/przygotowanie-dzieci-do-pierwszej-komunii-swietej\/","og_locale":"pl_PL","og_type":"article","og_title":"Przygotowanie do Pierwszej Komunii \u015bwi\u0119tej. Po\u015bwi\u0119cenie medalik\u00f3w Matki Bo\u017cej - Pako\u015b\u0107 \u2013 Kalwaria","og_description":"W \u015brod\u0119 08.12. 20021r. w uroczysto\u015b\u0107 Niepokalanego Pocz\u0119cia NMP o 17.00 Msza \u015bw. i po\u015bwi\u0119cenie medalik\u00f3w Matki Bo\u017cej dla dzieci pierwszokomunijnych. Zapraszamy dzieci wraz z rodzicami i rodze\u0144stwem. W ramach przygotowania do Pierwszej Komunii \u015bwi\u0119tej dzieci wraz z rodzicami: &#8211; piel\u0119gnuj\u0105 codzienn\u0105 modlitw\u0119 &#8211; w ka\u017cd\u0105 niedziel\u0119 uczestnicz\u0105 w Mszy \u015bwi\u0119tej &#8211; najlepiej w naszym &hellip;","og_url":"https:\/\/pakosc-kalwaria.franciszkanie.net\/index.php\/2021\/12\/02\/przygotowanie-dzieci-do-pierwszej-komunii-swietej\/","og_site_name":"Pako\u015b\u0107 \u2013 Kalwaria","article_author":"https:\/\/www.facebook.com\/KalwariaPakosc\/","article_published_time":"2021-12-02T13:30:39+00:00","article_modified_time":"2021-12-08T18:02:55+00:00","og_image":[{"width":350,"height":196,"url":"https:\/\/pakosc-kalwaria.franciszkanie.net\/wp-content\/uploads\/2021\/10\/images-1.jpg","type":"image\/jpeg"}],"twitter_card":"summary","twitter_misc":{"Napisane przez":"pakosc-kalwaria","Szacowany czas czytania":"3 minuty"},"schema":{"@context":"https:\/\/schema.org","@graph":[{"@type":"WebSite","@id":"https:\/\/pakosc-kalwaria.franciszkanie.net\/#website","url":"https:\/\/pakosc-kalwaria.franciszkanie.net\/","name":"Pako\u015b\u0107 \u2013 Kalwaria","description":"Parafia Rzymsko \u2013 Katolicka p.w. Pana Jezusa Ukrzy\u017cowanego i  Matki Bo\u017cej Bolesnej ul. Barci\u0144ska 60, 88\u2013170 Pako\u015b\u0107 \u2013 Kalwaria","potentialAction":[{"@type":"SearchAction","target":{"@type":"EntryPoint","urlTemplate":"https:\/\/pakosc-kalwaria.franciszkanie.net\/?s={search_term_string}"},"query-input":"required name=search_term_string"}],"inLanguage":"pl-PL"},{"@type":"ImageObject","@id":"https:\/\/pakosc-kalwaria.franciszkanie.net\/index.php\/2021\/12\/02\/przygotowanie-dzieci-do-pierwszej-komunii-swietej\/#primaryimage","inLanguage":"pl-PL","url":"https:\/\/pakosc-kalwaria.franciszkanie.net\/wp-content\/uploads\/2021\/10\/images-1.jpg","contentUrl":"https:\/\/pakosc-kalwaria.franciszkanie.net\/wp-content\/uploads\/2021\/10\/images-1.jpg","width":350,"height":196},{"@type":"WebPage","@id":"https:\/\/pakosc-kalwaria.franciszkanie.net\/index.php\/2021\/12\/02\/przygotowanie-dzieci-do-pierwszej-komunii-swietej\/#webpage","url":"https:\/\/pakosc-kalwaria.franciszkanie.net\/index.php\/2021\/12\/02\/przygotowanie-dzieci-do-pierwszej-komunii-swietej\/","name":"Przygotowanie do Pierwszej Komunii \u015bwi\u0119tej. Po\u015bwi\u0119cenie medalik\u00f3w Matki Bo\u017cej - Pako\u015b\u0107 \u2013 Kalwaria","isPartOf":{"@id":"https:\/\/pakosc-kalwaria.franciszkanie.net\/#website"},"primaryImageOfPage":{"@id":"https:\/\/pakosc-kalwaria.franciszkanie.net\/index.php\/2021\/12\/02\/przygotowanie-dzieci-do-pierwszej-komunii-swietej\/#primaryimage"},"datePublished":"2021-12-02T13:30:39+00:00","dateModified":"2021-12-08T18:02:55+00:00","author":{"@id":"https:\/\/pakosc-kalwaria.franciszkanie.net\/#\/schema\/person\/af10b943be0760709227d060eadcb2aa"},"breadcrumb":{"@id":"https:\/\/pakosc-kalwaria.franciszkanie.net\/index.php\/2021\/12\/02\/przygotowanie-dzieci-do-pierwszej-komunii-swietej\/#breadcrumb"},"inLanguage":"pl-PL","potentialAction":[{"@type":"ReadAction","target":["https:\/\/pakosc-kalwaria.franciszkanie.net\/index.php\/2021\/12\/02\/przygotowanie-dzieci-do-pierwszej-komunii-swietej\/"]}]},{"@type":"BreadcrumbList","@id":"https:\/\/pakosc-kalwaria.franciszkanie.net\/index.php\/2021\/12\/02\/przygotowanie-dzieci-do-pierwszej-komunii-swietej\/#breadcrumb","itemListElement":[{"@type":"ListItem","position":1,"name":"Strona g\u0142\u00f3wna","item":"https:\/\/pakosc-kalwaria.franciszkanie.net\/"},{"@type":"ListItem","position":2,"name":"Przygotowanie do Pierwszej Komunii \u015bwi\u0119tej. Po\u015bwi\u0119cenie medalik\u00f3w Matki Bo\u017cej"}]},{"@type":"Person","@id":"https:\/\/pakosc-kalwaria.franciszkanie.net\/#\/schema\/person\/af10b943be0760709227d060eadcb2aa","name":"pakosc-kalwaria","image":{"@type":"ImageObject","@id":"https:\/\/pakosc-kalwaria.franciszkanie.net\/#personlogo","inLanguage":"pl-PL","url":"https:\/\/secure.gravatar.com\/avatar\/e7049d338b55eac6a0027ff3218b8d02?s=96&d=mm&r=g","contentUrl":"https:\/\/secure.gravatar.com\/avatar\/e7049d338b55eac6a0027ff3218b8d02?s=96&d=mm&r=g","caption":"pakosc-kalwaria"},"sameAs":["https:\/\/www.facebook.com\/KalwariaPakosc\/"],"url":"https:\/\/pakosc-kalwaria.franciszkanie.net\/index.php\/author\/pakosc-kalwaria\/"}]}},"_links":{"self":[{"href":"https:\/\/pakosc-kalwaria.franciszkanie.net\/index.php\/wp-json\/wp\/v2\/posts\/20417"}],"collection":[{"href":"https:\/\/pakosc-kalwaria.franciszkanie.net\/index.php\/wp-json\/wp\/v2\/posts"}],"about":[{"href":"https:\/\/pakosc-kalwaria.franciszkanie.net\/index.php\/wp-json\/wp\/v2\/types\/post"}],"author":[{"embeddable":true,"href":"https:\/\/pakosc-kalwaria.franciszkanie.net\/index.php\/wp-json\/wp\/v2\/users\/2"}],"replies":[{"embeddable":true,"href":"https:\/\/pakosc-kalwaria.franciszkanie.net\/index.php\/wp-json\/wp\/v2\/comments?post=20417"}],"version-history":[{"count":7,"href":"https:\/\/pakosc-kalwaria.franciszkanie.net\/index.php\/wp-json\/wp\/v2\/posts\/20417\/revisions"}],"predecessor-version":[{"id":20804,"href":"https:\/\/pakosc-kalwaria.franciszkanie.net\/index.php\/wp-json\/wp\/v2\/posts\/20417\/revisions\/20804"}],"wp:featuredmedia":[{"embeddable":true,"href":"https:\/\/pakosc-kalwaria.franciszkanie.net\/index.php\/wp-json\/wp\/v2\/media\/20418"}],"wp:attachment":[{"href":"https:\/\/pakosc-kalwaria.franciszkanie.net\/index.php\/wp-json\/wp\/v2\/media?parent=20417"}],"wp:term":[{"taxonomy":"category","embeddable":true,"href":"https:\/\/pakosc-kalwaria.franciszkanie.net\/index.php\/wp-json\/wp\/v2\/categories?post=20417"},{"taxonomy":"post_tag","embeddable":true,"href":"https:\/\/pakosc-kalwaria.franciszkanie.net\/index.php\/wp-json\/wp\/v2\/tags?post=20417"}],"curies":[{"name":"wp","href":"https:\/\/api.w.org\/{rel}","templated":true}]}}