{"id":20574,"date":"2021-11-03T07:30:11","date_gmt":"2021-11-03T06:30:11","guid":{"rendered":"http:\/\/pakosc-kalwaria.franciszkanie.net\/?p=20574"},"modified":"2021-11-05T19:52:04","modified_gmt":"2021-11-05T18:52:04","slug":"papieska-intencja-apostolstwa-modlitwy-listopad-2021","status":"publish","type":"post","link":"https:\/\/pakosc-kalwaria.franciszkanie.net\/index.php\/2021\/11\/03\/papieska-intencja-apostolstwa-modlitwy-listopad-2021\/","title":{"rendered":"Papieska Intencja Apostolstwa Modlitwy &#8211; Listopad 2021"},"content":{"rendered":"<p><strong><span style=\"color: #ff0000;\">Intencja powszechna:<\/span> Osoby cierpi\u0105ce na depresj\u0119.\u00a0 <\/strong><strong><br \/>\n<\/strong><strong>M\u00f3dlmy si\u0119, aby osoby cierpi\u0105ce na depresj\u0119 albo burnout znajdowa\u0142y u wszystkich wsparcie i \u015bwiat\u0142o, otwieraj\u0105ce na \u017cycie.<\/strong><\/p>\n<p><strong>\u017bywy R\u00f3\u017caniec w naszej Parafii modli si\u0119 <span style=\"color: #ff0000;\">w listopadzie wed\u0142ug \u201ezestawu nr 20\u201d.<\/span><br \/>\nZach\u0119camy do w\u0142\u0105czenia si\u0119 w \u017bywy R\u00f3\u017caniec w naszej kalwaryjskiej Parafii. Powstaje <span style=\"color: #ff0000;\">R\u00f3\u017ca R\u00f3\u017ca\u0144cowa pod wezwaniem Matki Bo\u017cej Cz\u0119stochowskiej.<\/span><\/strong><\/p>\n<p>&nbsp;<\/p>\n<p>Ka\u017cdy cz\u0142owiek jest osob\u0105 z\u0142o\u017con\u0105: posiada widzialne cia\u0142o i niewidzialn\u0105 zmys\u0142owo dusz\u0119 (czyli rozum poznaj\u0105cy prawd\u0119 i woln\u0105 wol\u0119 zdoln\u0105 do samodzielnych decyzji, wybor\u00f3w dobra albo z\u0142a). W tym ludzkim z\u0142o\u017ceniu wyr\u00f3\u017cni\u0107 mo\u017cna niezmiernie wiele delikatnych powi\u0105za\u0144 cielesno-duchowych, emocjonalnych, somatycznych itd. I wiele nauk zajmuje si\u0119 badaniem tego fascynuj\u0105cego bogactwa dobra, jakim jest cz\u0142owiek. Niestety, ta jedno\u015b\u0107 psycho-fizyczna zosta\u0142a zaburzona przez grzech pierworodny i ci\u0105gle na tym przemijaj\u0105cym \u015bwiecie opr\u00f3cz chor\u00f3b cielesnych wyst\u0119puje ogrom chor\u00f3b i cierpie\u0144, kt\u00f3re cielesnymi nie s\u0105. Najci\u0119\u017csze choroby &#8211; to choroby duchowe, czyli grzechy ci\u0119\u017ckie, bo cz\u0142owiek zamyka si\u0119 w nich na samego Pana Boga, na Mi\u0142o\u015b\u0107 i Prawd\u0119. Istniej\u0105 r\u00f3wnie\u017c choroby i zaburzenia psychiczne, kt\u00f3re mog\u0105 by\u0107 bardzo nieprzyjemne dla cierpi\u0105cej osoby, a tak\u017ce dla jej otoczenia. Do takich cierpie\u0144 osobowych mo\u017cna zaliczy\u0107 m.in. zaburzenia depresyjne oraz syndromy wypalenia zawodowego. Oczywi\u015bcie ka\u017cdy z tych stan\u00f3w powinien by\u0107 prowadzony przez kompetentnego lekarza, ale jak ka\u017cde cierpienie, r\u00f3wnie\u017c i te s\u0105 przedmiotem duchowej troski Ko\u015bcio\u0142a, gdy\u017c cierpi\u0105cy cz\u0142owiek &#8211; cho\u0107 czasem tego na zewn\u0105trz nie wida\u0107 &#8211; mo\u017ce nie\u015b\u0107 bardzo ci\u0119\u017cki krzy\u017c, z kt\u00f3rym sam nie potrafi sobie duchowo poradzi\u0107, i dlatego ka\u017cdy gest mi\u0142osiernego wsparcia cieszy samego Chrystusa.<\/p>\n<p>Cz\u0119sto jednak osoby cierpi\u0105ce, zw\u0142aszcza wewn\u0119trznie, bywaj\u0105 niezrozumiane, marginalizowane, a nawet wy\u015bmiewane, gdy\u017c nie potrafi\u0105 \u201ezabra\u0107 si\u0119 do \u017cycia\u201d, wykona\u0107 nawet prostych czynno\u015bci nie dlatego, \u017ce nie chc\u0105, ale dlatego, \u017ce nie potrafi\u0105 \u201echcie\u0107\u201d, czego nie wida\u0107 w wydawa\u0142oby si\u0119 sprawnym ciele. Dlatego te (jak i wszystkie) choroby potrzebuj\u0105 \u0142aski Bo\u017cej dla ca\u0142ego \u015brodowiska cierpi\u0105cego: i dla samego chorego, i dla jego rodziny, i dla przyjaci\u00f3\u0142 oraz znajomych. Wiara bowiem w Chrystusa przynosi Nadziej\u0119 i Mi\u0142o\u015b\u0107, przekraczaj\u0105ce ten przemijaj\u0105cy \u015bwiat; wsparcie pochodz\u0105ce z Wiary otwiera perspektyw\u0119 na \u017bycie Wieczne, na bezpo\u015brednie dzia\u0142anie samego Boga-Mi\u0142o\u015bci, kt\u00f3ry w Chrystusie Ukrzy\u017cowanym i Zmartwychwsta\u0142ym pokona\u0142 z\u0142o, \u015bmier\u0107, choroby oraz cierpienie. Jednak\u017ce wspieranie ci\u0119\u017cej do\u015bwiadczanych os\u00f3b jest niezmiernie trudne i dlatego papie\u017c Franciszek zach\u0119ca nas do modlitwy, by pomoc cierpi\u0105cym mog\u0142a opiera\u0107 si\u0119 na \u0142asce Bo\u017cej, a nie tylko na sko\u0144czonych, ludzkich mo\u017cliwo\u015bciach naturalnych, kt\u00f3rym zawsze brakuje Pe\u0142ni.<br \/>\n\/ampolska\/<\/p>\n","protected":false},"excerpt":{"rendered":"<p>Intencja powszechna: Osoby cierpi\u0105ce na depresj\u0119.\u00a0 M\u00f3dlmy si\u0119, aby osoby cierpi\u0105ce na depresj\u0119 albo burnout znajdowa\u0142y u wszystkich wsparcie i \u015bwiat\u0142o, otwieraj\u0105ce na \u017cycie. \u017bywy R\u00f3\u017caniec w naszej Parafii modli si\u0119 w listopadzie wed\u0142ug \u201ezestawu nr 20\u201d. Zach\u0119camy do w\u0142\u0105czenia si\u0119 w \u017bywy R\u00f3\u017caniec w naszej kalwaryjskiej Parafii. Powstaje R\u00f3\u017ca R\u00f3\u017ca\u0144cowa pod wezwaniem Matki Bo\u017cej &hellip;<\/p>\n","protected":false},"author":2,"featured_media":20575,"comment_status":"closed","ping_status":"closed","sticky":false,"template":"","format":"standard","meta":{"_mi_skip_tracking":false,"_exactmetrics_sitenote_active":false,"_exactmetrics_sitenote_note":"","_exactmetrics_sitenote_category":0},"categories":[14],"tags":[],"yoast_head":"<!-- This site is optimized with the Yoast SEO plugin v18.1 - https:\/\/yoast.com\/wordpress\/plugins\/seo\/ -->\n<title>Papieska Intencja Apostolstwa Modlitwy - Listopad 2021 - Pako\u015b\u0107 \u2013 Kalwaria<\/title>\n<meta name=\"robots\" content=\"index, follow, max-snippet:-1, max-image-preview:large, max-video-preview:-1\" \/>\n<link rel=\"canonical\" href=\"https:\/\/pakosc-kalwaria.franciszkanie.net\/index.php\/2021\/11\/03\/papieska-intencja-apostolstwa-modlitwy-listopad-2021\/\" \/>\n<meta property=\"og:locale\" content=\"pl_PL\" \/>\n<meta property=\"og:type\" content=\"article\" \/>\n<meta property=\"og:title\" content=\"Papieska Intencja Apostolstwa Modlitwy - Listopad 2021 - Pako\u015b\u0107 \u2013 Kalwaria\" \/>\n<meta property=\"og:description\" content=\"Intencja powszechna: Osoby cierpi\u0105ce na depresj\u0119.\u00a0 M\u00f3dlmy si\u0119, aby osoby cierpi\u0105ce na depresj\u0119 albo burnout znajdowa\u0142y u wszystkich wsparcie i \u015bwiat\u0142o, otwieraj\u0105ce na \u017cycie. \u017bywy R\u00f3\u017caniec w naszej Parafii modli si\u0119 w listopadzie wed\u0142ug \u201ezestawu nr 20\u201d. Zach\u0119camy do w\u0142\u0105czenia si\u0119 w \u017bywy R\u00f3\u017caniec w naszej kalwaryjskiej Parafii. Powstaje R\u00f3\u017ca R\u00f3\u017ca\u0144cowa pod wezwaniem Matki Bo\u017cej &hellip;\" \/>\n<meta property=\"og:url\" content=\"https:\/\/pakosc-kalwaria.franciszkanie.net\/index.php\/2021\/11\/03\/papieska-intencja-apostolstwa-modlitwy-listopad-2021\/\" \/>\n<meta property=\"og:site_name\" content=\"Pako\u015b\u0107 \u2013 Kalwaria\" \/>\n<meta property=\"article:author\" content=\"https:\/\/www.facebook.com\/KalwariaPakosc\/\" \/>\n<meta property=\"article:published_time\" content=\"2021-11-03T06:30:11+00:00\" \/>\n<meta property=\"article:modified_time\" content=\"2021-11-05T18:52:04+00:00\" \/>\n<meta property=\"og:image\" content=\"https:\/\/pakosc-kalwaria.franciszkanie.net\/wp-content\/uploads\/2021\/10\/papa-francesco.jpg\" \/>\n\t<meta property=\"og:image:width\" content=\"300\" \/>\n\t<meta property=\"og:image:height\" content=\"200\" \/>\n\t<meta property=\"og:image:type\" content=\"image\/jpeg\" \/>\n<meta name=\"twitter:card\" content=\"summary\" \/>\n<meta name=\"twitter:label1\" content=\"Napisane przez\" \/>\n\t<meta name=\"twitter:data1\" content=\"pakosc-kalwaria\" \/>\n\t<meta name=\"twitter:label2\" content=\"Szacowany czas czytania\" \/>\n\t<meta name=\"twitter:data2\" content=\"2 minuty\" \/>\n<script type=\"application\/ld+json\" class=\"yoast-schema-graph\">{\"@context\":\"https:\/\/schema.org\",\"@graph\":[{\"@type\":\"WebSite\",\"@id\":\"https:\/\/pakosc-kalwaria.franciszkanie.net\/#website\",\"url\":\"https:\/\/pakosc-kalwaria.franciszkanie.net\/\",\"name\":\"Pako\u015b\u0107 \u2013 Kalwaria\",\"description\":\"Parafia Rzymsko \u2013 Katolicka p.w. Pana Jezusa Ukrzy\u017cowanego i  Matki Bo\u017cej Bolesnej ul. Barci\u0144ska 60, 88\u2013170 Pako\u015b\u0107 \u2013 Kalwaria\",\"potentialAction\":[{\"@type\":\"SearchAction\",\"target\":{\"@type\":\"EntryPoint\",\"urlTemplate\":\"https:\/\/pakosc-kalwaria.franciszkanie.net\/?s={search_term_string}\"},\"query-input\":\"required name=search_term_string\"}],\"inLanguage\":\"pl-PL\"},{\"@type\":\"ImageObject\",\"@id\":\"https:\/\/pakosc-kalwaria.franciszkanie.net\/index.php\/2021\/11\/03\/papieska-intencja-apostolstwa-modlitwy-listopad-2021\/#primaryimage\",\"inLanguage\":\"pl-PL\",\"url\":\"https:\/\/pakosc-kalwaria.franciszkanie.net\/wp-content\/uploads\/2021\/10\/papa-francesco.jpg\",\"contentUrl\":\"https:\/\/pakosc-kalwaria.franciszkanie.net\/wp-content\/uploads\/2021\/10\/papa-francesco.jpg\",\"width\":300,\"height\":200},{\"@type\":\"WebPage\",\"@id\":\"https:\/\/pakosc-kalwaria.franciszkanie.net\/index.php\/2021\/11\/03\/papieska-intencja-apostolstwa-modlitwy-listopad-2021\/#webpage\",\"url\":\"https:\/\/pakosc-kalwaria.franciszkanie.net\/index.php\/2021\/11\/03\/papieska-intencja-apostolstwa-modlitwy-listopad-2021\/\",\"name\":\"Papieska Intencja Apostolstwa Modlitwy - Listopad 2021 - Pako\u015b\u0107 \u2013 Kalwaria\",\"isPartOf\":{\"@id\":\"https:\/\/pakosc-kalwaria.franciszkanie.net\/#website\"},\"primaryImageOfPage\":{\"@id\":\"https:\/\/pakosc-kalwaria.franciszkanie.net\/index.php\/2021\/11\/03\/papieska-intencja-apostolstwa-modlitwy-listopad-2021\/#primaryimage\"},\"datePublished\":\"2021-11-03T06:30:11+00:00\",\"dateModified\":\"2021-11-05T18:52:04+00:00\",\"author\":{\"@id\":\"https:\/\/pakosc-kalwaria.franciszkanie.net\/#\/schema\/person\/af10b943be0760709227d060eadcb2aa\"},\"breadcrumb\":{\"@id\":\"https:\/\/pakosc-kalwaria.franciszkanie.net\/index.php\/2021\/11\/03\/papieska-intencja-apostolstwa-modlitwy-listopad-2021\/#breadcrumb\"},\"inLanguage\":\"pl-PL\",\"potentialAction\":[{\"@type\":\"ReadAction\",\"target\":[\"https:\/\/pakosc-kalwaria.franciszkanie.net\/index.php\/2021\/11\/03\/papieska-intencja-apostolstwa-modlitwy-listopad-2021\/\"]}]},{\"@type\":\"BreadcrumbList\",\"@id\":\"https:\/\/pakosc-kalwaria.franciszkanie.net\/index.php\/2021\/11\/03\/papieska-intencja-apostolstwa-modlitwy-listopad-2021\/#breadcrumb\",\"itemListElement\":[{\"@type\":\"ListItem\",\"position\":1,\"name\":\"Strona g\u0142\u00f3wna\",\"item\":\"https:\/\/pakosc-kalwaria.franciszkanie.net\/\"},{\"@type\":\"ListItem\",\"position\":2,\"name\":\"Papieska Intencja Apostolstwa Modlitwy &#8211; Listopad 2021\"}]},{\"@type\":\"Person\",\"@id\":\"https:\/\/pakosc-kalwaria.franciszkanie.net\/#\/schema\/person\/af10b943be0760709227d060eadcb2aa\",\"name\":\"pakosc-kalwaria\",\"image\":{\"@type\":\"ImageObject\",\"@id\":\"https:\/\/pakosc-kalwaria.franciszkanie.net\/#personlogo\",\"inLanguage\":\"pl-PL\",\"url\":\"https:\/\/secure.gravatar.com\/avatar\/e7049d338b55eac6a0027ff3218b8d02?s=96&d=mm&r=g\",\"contentUrl\":\"https:\/\/secure.gravatar.com\/avatar\/e7049d338b55eac6a0027ff3218b8d02?s=96&d=mm&r=g\",\"caption\":\"pakosc-kalwaria\"},\"sameAs\":[\"https:\/\/www.facebook.com\/KalwariaPakosc\/\"],\"url\":\"https:\/\/pakosc-kalwaria.franciszkanie.net\/index.php\/author\/pakosc-kalwaria\/\"}]}<\/script>\n<!-- \/ Yoast SEO plugin. -->","yoast_head_json":{"title":"Papieska Intencja Apostolstwa Modlitwy - Listopad 2021 - Pako\u015b\u0107 \u2013 Kalwaria","robots":{"index":"index","follow":"follow","max-snippet":"max-snippet:-1","max-image-preview":"max-image-preview:large","max-video-preview":"max-video-preview:-1"},"canonical":"https:\/\/pakosc-kalwaria.franciszkanie.net\/index.php\/2021\/11\/03\/papieska-intencja-apostolstwa-modlitwy-listopad-2021\/","og_locale":"pl_PL","og_type":"article","og_title":"Papieska Intencja Apostolstwa Modlitwy - Listopad 2021 - Pako\u015b\u0107 \u2013 Kalwaria","og_description":"Intencja powszechna: Osoby cierpi\u0105ce na depresj\u0119.\u00a0 M\u00f3dlmy si\u0119, aby osoby cierpi\u0105ce na depresj\u0119 albo burnout znajdowa\u0142y u wszystkich wsparcie i \u015bwiat\u0142o, otwieraj\u0105ce na \u017cycie. \u017bywy R\u00f3\u017caniec w naszej Parafii modli si\u0119 w listopadzie wed\u0142ug \u201ezestawu nr 20\u201d. Zach\u0119camy do w\u0142\u0105czenia si\u0119 w \u017bywy R\u00f3\u017caniec w naszej kalwaryjskiej Parafii. Powstaje R\u00f3\u017ca R\u00f3\u017ca\u0144cowa pod wezwaniem Matki Bo\u017cej &hellip;","og_url":"https:\/\/pakosc-kalwaria.franciszkanie.net\/index.php\/2021\/11\/03\/papieska-intencja-apostolstwa-modlitwy-listopad-2021\/","og_site_name":"Pako\u015b\u0107 \u2013 Kalwaria","article_author":"https:\/\/www.facebook.com\/KalwariaPakosc\/","article_published_time":"2021-11-03T06:30:11+00:00","article_modified_time":"2021-11-05T18:52:04+00:00","og_image":[{"width":300,"height":200,"url":"https:\/\/pakosc-kalwaria.franciszkanie.net\/wp-content\/uploads\/2021\/10\/papa-francesco.jpg","type":"image\/jpeg"}],"twitter_card":"summary","twitter_misc":{"Napisane przez":"pakosc-kalwaria","Szacowany czas czytania":"2 minuty"},"schema":{"@context":"https:\/\/schema.org","@graph":[{"@type":"WebSite","@id":"https:\/\/pakosc-kalwaria.franciszkanie.net\/#website","url":"https:\/\/pakosc-kalwaria.franciszkanie.net\/","name":"Pako\u015b\u0107 \u2013 Kalwaria","description":"Parafia Rzymsko \u2013 Katolicka p.w. Pana Jezusa Ukrzy\u017cowanego i  Matki Bo\u017cej Bolesnej ul. Barci\u0144ska 60, 88\u2013170 Pako\u015b\u0107 \u2013 Kalwaria","potentialAction":[{"@type":"SearchAction","target":{"@type":"EntryPoint","urlTemplate":"https:\/\/pakosc-kalwaria.franciszkanie.net\/?s={search_term_string}"},"query-input":"required name=search_term_string"}],"inLanguage":"pl-PL"},{"@type":"ImageObject","@id":"https:\/\/pakosc-kalwaria.franciszkanie.net\/index.php\/2021\/11\/03\/papieska-intencja-apostolstwa-modlitwy-listopad-2021\/#primaryimage","inLanguage":"pl-PL","url":"https:\/\/pakosc-kalwaria.franciszkanie.net\/wp-content\/uploads\/2021\/10\/papa-francesco.jpg","contentUrl":"https:\/\/pakosc-kalwaria.franciszkanie.net\/wp-content\/uploads\/2021\/10\/papa-francesco.jpg","width":300,"height":200},{"@type":"WebPage","@id":"https:\/\/pakosc-kalwaria.franciszkanie.net\/index.php\/2021\/11\/03\/papieska-intencja-apostolstwa-modlitwy-listopad-2021\/#webpage","url":"https:\/\/pakosc-kalwaria.franciszkanie.net\/index.php\/2021\/11\/03\/papieska-intencja-apostolstwa-modlitwy-listopad-2021\/","name":"Papieska Intencja Apostolstwa Modlitwy - Listopad 2021 - Pako\u015b\u0107 \u2013 Kalwaria","isPartOf":{"@id":"https:\/\/pakosc-kalwaria.franciszkanie.net\/#website"},"primaryImageOfPage":{"@id":"https:\/\/pakosc-kalwaria.franciszkanie.net\/index.php\/2021\/11\/03\/papieska-intencja-apostolstwa-modlitwy-listopad-2021\/#primaryimage"},"datePublished":"2021-11-03T06:30:11+00:00","dateModified":"2021-11-05T18:52:04+00:00","author":{"@id":"https:\/\/pakosc-kalwaria.franciszkanie.net\/#\/schema\/person\/af10b943be0760709227d060eadcb2aa"},"breadcrumb":{"@id":"https:\/\/pakosc-kalwaria.franciszkanie.net\/index.php\/2021\/11\/03\/papieska-intencja-apostolstwa-modlitwy-listopad-2021\/#breadcrumb"},"inLanguage":"pl-PL","potentialAction":[{"@type":"ReadAction","target":["https:\/\/pakosc-kalwaria.franciszkanie.net\/index.php\/2021\/11\/03\/papieska-intencja-apostolstwa-modlitwy-listopad-2021\/"]}]},{"@type":"BreadcrumbList","@id":"https:\/\/pakosc-kalwaria.franciszkanie.net\/index.php\/2021\/11\/03\/papieska-intencja-apostolstwa-modlitwy-listopad-2021\/#breadcrumb","itemListElement":[{"@type":"ListItem","position":1,"name":"Strona g\u0142\u00f3wna","item":"https:\/\/pakosc-kalwaria.franciszkanie.net\/"},{"@type":"ListItem","position":2,"name":"Papieska Intencja Apostolstwa Modlitwy &#8211; Listopad 2021"}]},{"@type":"Person","@id":"https:\/\/pakosc-kalwaria.franciszkanie.net\/#\/schema\/person\/af10b943be0760709227d060eadcb2aa","name":"pakosc-kalwaria","image":{"@type":"ImageObject","@id":"https:\/\/pakosc-kalwaria.franciszkanie.net\/#personlogo","inLanguage":"pl-PL","url":"https:\/\/secure.gravatar.com\/avatar\/e7049d338b55eac6a0027ff3218b8d02?s=96&d=mm&r=g","contentUrl":"https:\/\/secure.gravatar.com\/avatar\/e7049d338b55eac6a0027ff3218b8d02?s=96&d=mm&r=g","caption":"pakosc-kalwaria"},"sameAs":["https:\/\/www.facebook.com\/KalwariaPakosc\/"],"url":"https:\/\/pakosc-kalwaria.franciszkanie.net\/index.php\/author\/pakosc-kalwaria\/"}]}},"_links":{"self":[{"href":"https:\/\/pakosc-kalwaria.franciszkanie.net\/index.php\/wp-json\/wp\/v2\/posts\/20574"}],"collection":[{"href":"https:\/\/pakosc-kalwaria.franciszkanie.net\/index.php\/wp-json\/wp\/v2\/posts"}],"about":[{"href":"https:\/\/pakosc-kalwaria.franciszkanie.net\/index.php\/wp-json\/wp\/v2\/types\/post"}],"author":[{"embeddable":true,"href":"https:\/\/pakosc-kalwaria.franciszkanie.net\/index.php\/wp-json\/wp\/v2\/users\/2"}],"replies":[{"embeddable":true,"href":"https:\/\/pakosc-kalwaria.franciszkanie.net\/index.php\/wp-json\/wp\/v2\/comments?post=20574"}],"version-history":[{"count":5,"href":"https:\/\/pakosc-kalwaria.franciszkanie.net\/index.php\/wp-json\/wp\/v2\/posts\/20574\/revisions"}],"predecessor-version":[{"id":20628,"href":"https:\/\/pakosc-kalwaria.franciszkanie.net\/index.php\/wp-json\/wp\/v2\/posts\/20574\/revisions\/20628"}],"wp:featuredmedia":[{"embeddable":true,"href":"https:\/\/pakosc-kalwaria.franciszkanie.net\/index.php\/wp-json\/wp\/v2\/media\/20575"}],"wp:attachment":[{"href":"https:\/\/pakosc-kalwaria.franciszkanie.net\/index.php\/wp-json\/wp\/v2\/media?parent=20574"}],"wp:term":[{"taxonomy":"category","embeddable":true,"href":"https:\/\/pakosc-kalwaria.franciszkanie.net\/index.php\/wp-json\/wp\/v2\/categories?post=20574"},{"taxonomy":"post_tag","embeddable":true,"href":"https:\/\/pakosc-kalwaria.franciszkanie.net\/index.php\/wp-json\/wp\/v2\/tags?post=20574"}],"curies":[{"name":"wp","href":"https:\/\/api.w.org\/{rel}","templated":true}]}}