{"id":20580,"date":"2021-10-30T09:05:32","date_gmt":"2021-10-30T07:05:32","guid":{"rendered":"http:\/\/pakosc-kalwaria.franciszkanie.net\/?p=20580"},"modified":"2021-11-01T07:39:34","modified_gmt":"2021-11-01T06:39:34","slug":"ogloszenia-duszpasterskie-uroczystosc-poswiecenia-wlasnego-kosciola-4","status":"publish","type":"post","link":"https:\/\/pakosc-kalwaria.franciszkanie.net\/index.php\/2021\/10\/30\/ogloszenia-duszpasterskie-uroczystosc-poswiecenia-wlasnego-kosciola-4\/","title":{"rendered":"Og\u0142oszenia duszpasterskie &#8211; Uroczysto\u015b\u0107 Po\u015bwi\u0119cenia W\u0142asnego Ko\u015bcio\u0142a"},"content":{"rendered":"<p><span style=\"color: #ff0000;\"><strong><em><u>W niedziel\u0119 (31.10.)<\/u><\/em><\/strong><\/span><strong><span style=\"color: #ff0000;\"> \u2013 uroczysto\u015b\u0107 Po\u015bwi\u0119cenia W\u0142asnego Ko\u015bcio\u0142a.<\/span>\u00a0 W tym roku przypada <span style=\"color: #ff0000;\">330 Rocznica Konsekracji naszego kalwaryjskiego ko\u015bcio\u0142a.\u00a0<\/span><br \/>\n<\/strong><strong><span style=\"color: #ff0000;\">Po Mszy \u015bw. o 9.00<\/span> wystawienie Naj\u015bwi\u0119tszego Sakramentu, dzi\u0119kczynne Te Deum i ostatnie pa\u017adziernikowe nabo\u017ce\u0144stwo r\u00f3\u017ca\u0144cowe.<\/strong><\/p>\n<p><strong><span style=\"color: #ff0000;\"><em><u>W poniedzia\u0142ek (01.11.<\/u>) <\/em>\u2013 Uroczysto\u015b\u0107 Wszystkich \u015awi\u0119tych.<\/span><\/strong><br \/>\n<strong><span style=\"color: #ff0000;\">Msze \u015bw. o 9.00 i 11.00. \u00a0\u00a0\u00a0\u00a0\u00a0\u00a0<\/span><\/strong><br \/>\n<strong><span style=\"color: #ff0000;\">O 13.00 na cmentarzu parafialnym Msza \u015bw.<\/span> i procesja z modlitwami za zmar\u0142ych. Jak co roku na cmentarzu b\u0119dzie stoisko z kalendarzami i pami\u0105tkami z naszej Kalwarii oraz odb\u0119dzie si\u0119 kwesta na utrzymanie Kalwarii Pakoskiej. Za ka\u017cde wsparcie dzi\u0119kujemy.<\/strong><\/p>\n<p><strong><span style=\"color: #800080;\"><em><u>We wtorek (02.11.)<\/u><\/em> \u2013 wspomnienie Wszystkich Wiernych Zmar\u0142ych \u2013 \u201eDzie\u0144 Zaduszny\u201d.<\/span><\/strong><br \/>\n<strong><span style=\"color: #800080;\">Msze \u015bw. o\u00a0 10.00 i 17.00.<\/span> Po Mszy \u015bw. o 17.00 <span style=\"color: #ff0000;\">procesja na kalwaryjski cmentarz z modlitwami za zmar\u0142ych.<\/span><\/strong><br \/>\n<strong>W tych\u00a0 dniu w spos\u00f3b szczeg\u00f3lny ofiarujmy modlitwy, Komuni\u0119 \u015bw. i odpust za naszych zmar\u0142ych.<\/strong><\/p>\n<p><strong><span style=\"color: #ff0000;\"><em><u>Od 2 \u2013 8 listopada <\/u><\/em><\/span>\u2013 codziennie modlimy si\u0119 za zmar\u0142ych polecanych w jednorazowych wypominkach: <span style=\"color: #ff0000;\">w tygodniu o 16.30 nabo\u017ce\u0144stwo i o 17.00 Msza \u015bw., w niedziel\u0119 nabo\u017ce\u0144stwo o 8.30 i Msza \u015bw. o 9.00.<\/span> Zach\u0119camy do sk\u0142adania Wypominek za zmar\u0142ych w zakrystii lub w Biurze parafialnym. Serdecznie zapraszamy do wsp\u00f3lnej modlitwy za naszych zmar\u0142ych.<\/strong><\/p>\n<p><strong><u>Ze wzgl\u0119du na panuj\u0105ca ca\u0142y czas pandemie koronawirusa, nie tylko od 1 &#8211; 8 listopada, ale <span style=\"color: #ff0000;\">przez ca\u0142y listopad,<\/span><\/u> za pobo\u017cne nawiedzenie cmentarza i modlitw\u0119 za zmar\u0142ych, <span style=\"color: #ff0000;\">mo\u017cna zyska\u0107 odpust zupe\u0142ny za dusze w czy\u015b\u0107cu cierpi\u0105ce, pod zwyk\u0142ymi warunkami:<\/span> stan \u0142aski u\u015bwi\u0119caj\u0105cej po Spowiedzi \u015bw., brak przywi\u0105zania do grzechu lekkiego, przyj\u0119cie Komunii \u015bw., odm\u00f3wienie modlitw: Ojcze nasz, Wierz\u0119 w Boga oraz modlitwy na intencje Ojca \u015awi\u0119tego.<\/strong><\/p>\n<p><strong><span style=\"color: #ff0000;\"><em><u>Od wtorku 9 listopada<\/u><\/em><\/span> &#8211; b\u0119dzie mo\u017cna zamawia\u0107 <span style=\"color: #ff0000;\">Intencje mszalne na 2022r. oraz Wypominki Roczne za zmar\u0142ych,<\/span> za kt\u00f3rych modli\u0107 si\u0119 b\u0119dziemy od stycznia 2022r. w ka\u017cd\u0105 niedziel\u0119 przed Msz\u0105 \u015bwi\u0119t\u0105 o 9.00 \u00a0oraz w I pi\u0105tki miesi\u0105ca o 17.00 na Mszy \u015bwi\u0119tej do Bo\u017cego Mi\u0142osierdzia.<\/strong><\/p>\n<p><strong><span style=\"color: #800080;\"><em><u>W \u015brod\u0119 (03.11.)<\/u><\/em> &#8211; wspomnienie Wszystkich Zmar\u0142ych Zakonu Serafickiego.\u00a0\u00a0\u00a0\u00a0\u00a0\u00a0\u00a0<\/span><\/strong><br \/>\n<strong>Przed po\u0142udniem <span style=\"color: #ff0000;\">odwiedziny Chorych z Komuni\u0105 \u015bw.\u00a0\u00a0\u00a0\u00a0\u00a0\u00a0<\/span><\/strong><\/p>\n<p><strong><span style=\"color: #ff0000;\"><u>W tym tygodniu przypadaj\u0105 Dni Odnowy Wewn\u0119trznej.<\/u> \u00a0\u00a0<\/span><\/strong><br \/>\n<strong>Zach\u0119camy do comiesi\u0119cznej Spowiedzi \u015bwi\u0119tej oraz do pierwszopi\u0105tkowej Komunii \u015bw.\u00a0\u00a0\u00a0\u00a0 <em><br \/>\n<span style=\"color: #ff0000;\"><u>W pierwszy czwartek\u00a0 (04.11.)<\/u><\/span><\/em><span style=\"color: #ff0000;\"> \u2013 o 17.00 Msza \u015bw.<\/span> o nowe powo\u0142ania kap\u0142a\u0144skie zakonne oraz w intencji Liturgicznej S\u0142u\u017cby O\u0142tarza i za ich Rodziny.<\/strong><br \/>\n<strong><span style=\"color: #ff0000;\">Od 19.00 \u2013 20.00 adoracja Naj\u015bwi\u0119tszego Sakramentu<\/span> z okazj\u0105 do Spowiedzi \u015bw., w kt\u00f3rej uczestniczy tak\u017ce m\u0142odzie\u017c przygotowuj\u0105ca si\u0119 do przyj\u0119cia Sakramentu Bierzmowania.<\/strong><\/p>\n<p><span style=\"color: #ff0000;\"><strong><em><u>W pierwszy pi\u0105tek (05.11.)<\/u><\/em><\/strong><strong> \u2013 o 16.30 Spowied\u017a \u015bw. O 17.00 Msza \u015bw.<\/strong><\/span><strong> w intencjach zbiorowych do Bo\u017cego Mi\u0142osierdzia oraz za zmar\u0142ych polecanych w rocznych wypominkach.<\/strong><\/p>\n<p><strong><span style=\"color: #ff0000;\"><em><u>W pierwsz\u0105 sobot\u0119 (06.11.)<\/u><\/em> &#8211; o 17.00 Msza \u015bw.<\/span> w intencji \u017bywego R\u00f3\u017ca\u0144ca. Po Mszy \u015bw. R\u00f3\u017caniec \u015bw. wynagradzaj\u0105cy Niepokalanemu Sercu Maryi.<\/strong><\/p>\n<p><strong>Zach\u0119camy \u00a0do w\u0142\u0105czenia si\u0119 w <span style=\"color: #ff0000;\">\u201e\u017bywy R\u00f3\u017caniec\u201d w naszej Parafii.<\/span> Odpowiednie deklaracje znajduj\u0105 si\u0119 na stoliku pod ch\u00f3rem, kt\u00f3re oddajemy w zakrystii lub w biurze parafialnym.<\/strong><br \/>\n<strong><span style=\"color: #ff0000;\">W listopadzie<\/span> \u017bywy R\u00f3\u017caniec w naszej Parafii modli si\u0119 wed\u0142ug <span style=\"color: #ff0000;\">\u201eZestawu nr 20\u201d. \u00a0\u00a0<\/span><\/strong><\/p>\n<p><strong>Pod ch\u00f3rem do nabycia: Przewodnik Katolicki, R\u00f3\u017caniec, Ma\u0142y Go\u015b\u0107 Niedzielny.<\/strong><\/p>\n<p><strong>Dzi\u0119kujemy tym, kt\u00f3rzy w pa\u017adzierniku odmawiali R\u00f3\u017caniec w ko\u015bciele lub w domach. Zach\u0119camy do dalszego codziennego odmawiania R\u00f3\u017ca\u0144ca.<\/strong><br \/>\n<strong><span style=\"color: #ff0000;\">W naszym kalwaryjskim Sanktuarium R\u00f3\u017caniec odmawiamy codziennie: w niedziele o 8.15, w tygodniu o 16.30. \u00a0\u00a0\u00a0\u00a0\u00a0\u00a0\u00a0\u00a0\u00a0\u00a0\u00a0\u00a0\u00a0\u00a0\u00a0\u00a0\u00a0\u00a0\u00a0\u00a0<\/span><\/strong><\/p>\n<p><strong>Wyra\u017camy wdzi\u0119czno\u015b\u0107 za ka\u017cde Wasze duchowe i materialne wsparcie.<\/strong><br \/>\n<strong>Niech Jezus Ukrzy\u017cowany i Mi\u0142osierny Wam i waszym Rodzinom obficie b\u0142ogos\u0142awi, a Matka Bo\u017ca Bolesna niech wspiera \u00a0nas w codziennym d\u0105\u017ceniu do \u015bwi\u0119to\u015bci i do Nieba.<\/strong><\/p>\n<p><strong>Z darem modlitwy Bracia Mniejsi Franciszkanie z Pako\u015bci &#8211; Kalwarii<\/strong><\/p>\n","protected":false},"excerpt":{"rendered":"<p>W niedziel\u0119 (31.10.) \u2013 uroczysto\u015b\u0107 Po\u015bwi\u0119cenia W\u0142asnego Ko\u015bcio\u0142a.\u00a0 W tym roku przypada 330 Rocznica Konsekracji naszego kalwaryjskiego ko\u015bcio\u0142a.\u00a0 Po Mszy \u015bw. o 9.00 wystawienie Naj\u015bwi\u0119tszego Sakramentu, dzi\u0119kczynne Te Deum i ostatnie pa\u017adziernikowe nabo\u017ce\u0144stwo r\u00f3\u017ca\u0144cowe. W poniedzia\u0142ek (01.11.) \u2013 Uroczysto\u015b\u0107 Wszystkich \u015awi\u0119tych. Msze \u015bw. o 9.00 i 11.00. \u00a0\u00a0\u00a0\u00a0\u00a0\u00a0 O 13.00 na cmentarzu parafialnym Msza \u015bw. &hellip;<\/p>\n","protected":false},"author":2,"featured_media":20541,"comment_status":"closed","ping_status":"closed","sticky":false,"template":"","format":"standard","meta":{"_mi_skip_tracking":false,"_exactmetrics_sitenote_active":false,"_exactmetrics_sitenote_note":"","_exactmetrics_sitenote_category":0},"categories":[5],"tags":[],"yoast_head":"<!-- This site is optimized with the Yoast SEO plugin v18.1 - https:\/\/yoast.com\/wordpress\/plugins\/seo\/ -->\n<title>Og\u0142oszenia duszpasterskie - Uroczysto\u015b\u0107 Po\u015bwi\u0119cenia W\u0142asnego Ko\u015bcio\u0142a - Pako\u015b\u0107 \u2013 Kalwaria<\/title>\n<meta name=\"robots\" content=\"index, follow, max-snippet:-1, max-image-preview:large, max-video-preview:-1\" \/>\n<link rel=\"canonical\" href=\"https:\/\/pakosc-kalwaria.franciszkanie.net\/index.php\/2021\/10\/30\/ogloszenia-duszpasterskie-uroczystosc-poswiecenia-wlasnego-kosciola-4\/\" \/>\n<meta property=\"og:locale\" content=\"pl_PL\" \/>\n<meta property=\"og:type\" content=\"article\" \/>\n<meta property=\"og:title\" content=\"Og\u0142oszenia duszpasterskie - Uroczysto\u015b\u0107 Po\u015bwi\u0119cenia W\u0142asnego Ko\u015bcio\u0142a - Pako\u015b\u0107 \u2013 Kalwaria\" \/>\n<meta property=\"og:description\" content=\"W niedziel\u0119 (31.10.) \u2013 uroczysto\u015b\u0107 Po\u015bwi\u0119cenia W\u0142asnego Ko\u015bcio\u0142a.\u00a0 W tym roku przypada 330 Rocznica Konsekracji naszego kalwaryjskiego ko\u015bcio\u0142a.\u00a0 Po Mszy \u015bw. o 9.00 wystawienie Naj\u015bwi\u0119tszego Sakramentu, dzi\u0119kczynne Te Deum i ostatnie pa\u017adziernikowe nabo\u017ce\u0144stwo r\u00f3\u017ca\u0144cowe. W poniedzia\u0142ek (01.11.) \u2013 Uroczysto\u015b\u0107 Wszystkich \u015awi\u0119tych. Msze \u015bw. o 9.00 i 11.00. \u00a0\u00a0\u00a0\u00a0\u00a0\u00a0 O 13.00 na cmentarzu parafialnym Msza \u015bw. &hellip;\" \/>\n<meta property=\"og:url\" content=\"https:\/\/pakosc-kalwaria.franciszkanie.net\/index.php\/2021\/10\/30\/ogloszenia-duszpasterskie-uroczystosc-poswiecenia-wlasnego-kosciola-4\/\" \/>\n<meta property=\"og:site_name\" content=\"Pako\u015b\u0107 \u2013 Kalwaria\" \/>\n<meta property=\"article:author\" content=\"https:\/\/www.facebook.com\/KalwariaPakosc\/\" \/>\n<meta property=\"article:published_time\" content=\"2021-10-30T07:05:32+00:00\" \/>\n<meta property=\"article:modified_time\" content=\"2021-11-01T06:39:34+00:00\" \/>\n<meta property=\"og:image\" content=\"https:\/\/pakosc-kalwaria.franciszkanie.net\/wp-content\/uploads\/2021\/10\/zgromadzeni-na-swietej-wieczerzy-poziom-baner-z-haslem-roku-2021.jpg\" \/>\n\t<meta property=\"og:image:width\" content=\"350\" \/>\n\t<meta property=\"og:image:height\" content=\"210\" \/>\n\t<meta property=\"og:image:type\" content=\"image\/jpeg\" \/>\n<meta name=\"twitter:card\" content=\"summary\" \/>\n<meta name=\"twitter:label1\" content=\"Napisane przez\" \/>\n\t<meta name=\"twitter:data1\" content=\"pakosc-kalwaria\" \/>\n\t<meta name=\"twitter:label2\" content=\"Szacowany czas czytania\" \/>\n\t<meta name=\"twitter:data2\" content=\"3 minuty\" \/>\n<script type=\"application\/ld+json\" class=\"yoast-schema-graph\">{\"@context\":\"https:\/\/schema.org\",\"@graph\":[{\"@type\":\"WebSite\",\"@id\":\"https:\/\/pakosc-kalwaria.franciszkanie.net\/#website\",\"url\":\"https:\/\/pakosc-kalwaria.franciszkanie.net\/\",\"name\":\"Pako\u015b\u0107 \u2013 Kalwaria\",\"description\":\"Parafia Rzymsko \u2013 Katolicka p.w. Pana Jezusa Ukrzy\u017cowanego i  Matki Bo\u017cej Bolesnej ul. Barci\u0144ska 60, 88\u2013170 Pako\u015b\u0107 \u2013 Kalwaria\",\"potentialAction\":[{\"@type\":\"SearchAction\",\"target\":{\"@type\":\"EntryPoint\",\"urlTemplate\":\"https:\/\/pakosc-kalwaria.franciszkanie.net\/?s={search_term_string}\"},\"query-input\":\"required name=search_term_string\"}],\"inLanguage\":\"pl-PL\"},{\"@type\":\"ImageObject\",\"@id\":\"https:\/\/pakosc-kalwaria.franciszkanie.net\/index.php\/2021\/10\/30\/ogloszenia-duszpasterskie-uroczystosc-poswiecenia-wlasnego-kosciola-4\/#primaryimage\",\"inLanguage\":\"pl-PL\",\"url\":\"https:\/\/pakosc-kalwaria.franciszkanie.net\/wp-content\/uploads\/2021\/10\/zgromadzeni-na-swietej-wieczerzy-poziom-baner-z-haslem-roku-2021.jpg\",\"contentUrl\":\"https:\/\/pakosc-kalwaria.franciszkanie.net\/wp-content\/uploads\/2021\/10\/zgromadzeni-na-swietej-wieczerzy-poziom-baner-z-haslem-roku-2021.jpg\",\"width\":350,\"height\":210},{\"@type\":\"WebPage\",\"@id\":\"https:\/\/pakosc-kalwaria.franciszkanie.net\/index.php\/2021\/10\/30\/ogloszenia-duszpasterskie-uroczystosc-poswiecenia-wlasnego-kosciola-4\/#webpage\",\"url\":\"https:\/\/pakosc-kalwaria.franciszkanie.net\/index.php\/2021\/10\/30\/ogloszenia-duszpasterskie-uroczystosc-poswiecenia-wlasnego-kosciola-4\/\",\"name\":\"Og\u0142oszenia duszpasterskie - Uroczysto\u015b\u0107 Po\u015bwi\u0119cenia W\u0142asnego Ko\u015bcio\u0142a - Pako\u015b\u0107 \u2013 Kalwaria\",\"isPartOf\":{\"@id\":\"https:\/\/pakosc-kalwaria.franciszkanie.net\/#website\"},\"primaryImageOfPage\":{\"@id\":\"https:\/\/pakosc-kalwaria.franciszkanie.net\/index.php\/2021\/10\/30\/ogloszenia-duszpasterskie-uroczystosc-poswiecenia-wlasnego-kosciola-4\/#primaryimage\"},\"datePublished\":\"2021-10-30T07:05:32+00:00\",\"dateModified\":\"2021-11-01T06:39:34+00:00\",\"author\":{\"@id\":\"https:\/\/pakosc-kalwaria.franciszkanie.net\/#\/schema\/person\/af10b943be0760709227d060eadcb2aa\"},\"breadcrumb\":{\"@id\":\"https:\/\/pakosc-kalwaria.franciszkanie.net\/index.php\/2021\/10\/30\/ogloszenia-duszpasterskie-uroczystosc-poswiecenia-wlasnego-kosciola-4\/#breadcrumb\"},\"inLanguage\":\"pl-PL\",\"potentialAction\":[{\"@type\":\"ReadAction\",\"target\":[\"https:\/\/pakosc-kalwaria.franciszkanie.net\/index.php\/2021\/10\/30\/ogloszenia-duszpasterskie-uroczystosc-poswiecenia-wlasnego-kosciola-4\/\"]}]},{\"@type\":\"BreadcrumbList\",\"@id\":\"https:\/\/pakosc-kalwaria.franciszkanie.net\/index.php\/2021\/10\/30\/ogloszenia-duszpasterskie-uroczystosc-poswiecenia-wlasnego-kosciola-4\/#breadcrumb\",\"itemListElement\":[{\"@type\":\"ListItem\",\"position\":1,\"name\":\"Strona g\u0142\u00f3wna\",\"item\":\"https:\/\/pakosc-kalwaria.franciszkanie.net\/\"},{\"@type\":\"ListItem\",\"position\":2,\"name\":\"Og\u0142oszenia duszpasterskie &#8211; Uroczysto\u015b\u0107 Po\u015bwi\u0119cenia W\u0142asnego Ko\u015bcio\u0142a\"}]},{\"@type\":\"Person\",\"@id\":\"https:\/\/pakosc-kalwaria.franciszkanie.net\/#\/schema\/person\/af10b943be0760709227d060eadcb2aa\",\"name\":\"pakosc-kalwaria\",\"image\":{\"@type\":\"ImageObject\",\"@id\":\"https:\/\/pakosc-kalwaria.franciszkanie.net\/#personlogo\",\"inLanguage\":\"pl-PL\",\"url\":\"https:\/\/secure.gravatar.com\/avatar\/e7049d338b55eac6a0027ff3218b8d02?s=96&d=mm&r=g\",\"contentUrl\":\"https:\/\/secure.gravatar.com\/avatar\/e7049d338b55eac6a0027ff3218b8d02?s=96&d=mm&r=g\",\"caption\":\"pakosc-kalwaria\"},\"sameAs\":[\"https:\/\/www.facebook.com\/KalwariaPakosc\/\"],\"url\":\"https:\/\/pakosc-kalwaria.franciszkanie.net\/index.php\/author\/pakosc-kalwaria\/\"}]}<\/script>\n<!-- \/ Yoast SEO plugin. -->","yoast_head_json":{"title":"Og\u0142oszenia duszpasterskie - Uroczysto\u015b\u0107 Po\u015bwi\u0119cenia W\u0142asnego Ko\u015bcio\u0142a - Pako\u015b\u0107 \u2013 Kalwaria","robots":{"index":"index","follow":"follow","max-snippet":"max-snippet:-1","max-image-preview":"max-image-preview:large","max-video-preview":"max-video-preview:-1"},"canonical":"https:\/\/pakosc-kalwaria.franciszkanie.net\/index.php\/2021\/10\/30\/ogloszenia-duszpasterskie-uroczystosc-poswiecenia-wlasnego-kosciola-4\/","og_locale":"pl_PL","og_type":"article","og_title":"Og\u0142oszenia duszpasterskie - Uroczysto\u015b\u0107 Po\u015bwi\u0119cenia W\u0142asnego Ko\u015bcio\u0142a - Pako\u015b\u0107 \u2013 Kalwaria","og_description":"W niedziel\u0119 (31.10.) \u2013 uroczysto\u015b\u0107 Po\u015bwi\u0119cenia W\u0142asnego Ko\u015bcio\u0142a.\u00a0 W tym roku przypada 330 Rocznica Konsekracji naszego kalwaryjskiego ko\u015bcio\u0142a.\u00a0 Po Mszy \u015bw. o 9.00 wystawienie Naj\u015bwi\u0119tszego Sakramentu, dzi\u0119kczynne Te Deum i ostatnie pa\u017adziernikowe nabo\u017ce\u0144stwo r\u00f3\u017ca\u0144cowe. W poniedzia\u0142ek (01.11.) \u2013 Uroczysto\u015b\u0107 Wszystkich \u015awi\u0119tych. Msze \u015bw. o 9.00 i 11.00. \u00a0\u00a0\u00a0\u00a0\u00a0\u00a0 O 13.00 na cmentarzu parafialnym Msza \u015bw. &hellip;","og_url":"https:\/\/pakosc-kalwaria.franciszkanie.net\/index.php\/2021\/10\/30\/ogloszenia-duszpasterskie-uroczystosc-poswiecenia-wlasnego-kosciola-4\/","og_site_name":"Pako\u015b\u0107 \u2013 Kalwaria","article_author":"https:\/\/www.facebook.com\/KalwariaPakosc\/","article_published_time":"2021-10-30T07:05:32+00:00","article_modified_time":"2021-11-01T06:39:34+00:00","og_image":[{"width":350,"height":210,"url":"https:\/\/pakosc-kalwaria.franciszkanie.net\/wp-content\/uploads\/2021\/10\/zgromadzeni-na-swietej-wieczerzy-poziom-baner-z-haslem-roku-2021.jpg","type":"image\/jpeg"}],"twitter_card":"summary","twitter_misc":{"Napisane przez":"pakosc-kalwaria","Szacowany czas czytania":"3 minuty"},"schema":{"@context":"https:\/\/schema.org","@graph":[{"@type":"WebSite","@id":"https:\/\/pakosc-kalwaria.franciszkanie.net\/#website","url":"https:\/\/pakosc-kalwaria.franciszkanie.net\/","name":"Pako\u015b\u0107 \u2013 Kalwaria","description":"Parafia Rzymsko \u2013 Katolicka p.w. Pana Jezusa Ukrzy\u017cowanego i  Matki Bo\u017cej Bolesnej ul. Barci\u0144ska 60, 88\u2013170 Pako\u015b\u0107 \u2013 Kalwaria","potentialAction":[{"@type":"SearchAction","target":{"@type":"EntryPoint","urlTemplate":"https:\/\/pakosc-kalwaria.franciszkanie.net\/?s={search_term_string}"},"query-input":"required name=search_term_string"}],"inLanguage":"pl-PL"},{"@type":"ImageObject","@id":"https:\/\/pakosc-kalwaria.franciszkanie.net\/index.php\/2021\/10\/30\/ogloszenia-duszpasterskie-uroczystosc-poswiecenia-wlasnego-kosciola-4\/#primaryimage","inLanguage":"pl-PL","url":"https:\/\/pakosc-kalwaria.franciszkanie.net\/wp-content\/uploads\/2021\/10\/zgromadzeni-na-swietej-wieczerzy-poziom-baner-z-haslem-roku-2021.jpg","contentUrl":"https:\/\/pakosc-kalwaria.franciszkanie.net\/wp-content\/uploads\/2021\/10\/zgromadzeni-na-swietej-wieczerzy-poziom-baner-z-haslem-roku-2021.jpg","width":350,"height":210},{"@type":"WebPage","@id":"https:\/\/pakosc-kalwaria.franciszkanie.net\/index.php\/2021\/10\/30\/ogloszenia-duszpasterskie-uroczystosc-poswiecenia-wlasnego-kosciola-4\/#webpage","url":"https:\/\/pakosc-kalwaria.franciszkanie.net\/index.php\/2021\/10\/30\/ogloszenia-duszpasterskie-uroczystosc-poswiecenia-wlasnego-kosciola-4\/","name":"Og\u0142oszenia duszpasterskie - Uroczysto\u015b\u0107 Po\u015bwi\u0119cenia W\u0142asnego Ko\u015bcio\u0142a - Pako\u015b\u0107 \u2013 Kalwaria","isPartOf":{"@id":"https:\/\/pakosc-kalwaria.franciszkanie.net\/#website"},"primaryImageOfPage":{"@id":"https:\/\/pakosc-kalwaria.franciszkanie.net\/index.php\/2021\/10\/30\/ogloszenia-duszpasterskie-uroczystosc-poswiecenia-wlasnego-kosciola-4\/#primaryimage"},"datePublished":"2021-10-30T07:05:32+00:00","dateModified":"2021-11-01T06:39:34+00:00","author":{"@id":"https:\/\/pakosc-kalwaria.franciszkanie.net\/#\/schema\/person\/af10b943be0760709227d060eadcb2aa"},"breadcrumb":{"@id":"https:\/\/pakosc-kalwaria.franciszkanie.net\/index.php\/2021\/10\/30\/ogloszenia-duszpasterskie-uroczystosc-poswiecenia-wlasnego-kosciola-4\/#breadcrumb"},"inLanguage":"pl-PL","potentialAction":[{"@type":"ReadAction","target":["https:\/\/pakosc-kalwaria.franciszkanie.net\/index.php\/2021\/10\/30\/ogloszenia-duszpasterskie-uroczystosc-poswiecenia-wlasnego-kosciola-4\/"]}]},{"@type":"BreadcrumbList","@id":"https:\/\/pakosc-kalwaria.franciszkanie.net\/index.php\/2021\/10\/30\/ogloszenia-duszpasterskie-uroczystosc-poswiecenia-wlasnego-kosciola-4\/#breadcrumb","itemListElement":[{"@type":"ListItem","position":1,"name":"Strona g\u0142\u00f3wna","item":"https:\/\/pakosc-kalwaria.franciszkanie.net\/"},{"@type":"ListItem","position":2,"name":"Og\u0142oszenia duszpasterskie &#8211; Uroczysto\u015b\u0107 Po\u015bwi\u0119cenia W\u0142asnego Ko\u015bcio\u0142a"}]},{"@type":"Person","@id":"https:\/\/pakosc-kalwaria.franciszkanie.net\/#\/schema\/person\/af10b943be0760709227d060eadcb2aa","name":"pakosc-kalwaria","image":{"@type":"ImageObject","@id":"https:\/\/pakosc-kalwaria.franciszkanie.net\/#personlogo","inLanguage":"pl-PL","url":"https:\/\/secure.gravatar.com\/avatar\/e7049d338b55eac6a0027ff3218b8d02?s=96&d=mm&r=g","contentUrl":"https:\/\/secure.gravatar.com\/avatar\/e7049d338b55eac6a0027ff3218b8d02?s=96&d=mm&r=g","caption":"pakosc-kalwaria"},"sameAs":["https:\/\/www.facebook.com\/KalwariaPakosc\/"],"url":"https:\/\/pakosc-kalwaria.franciszkanie.net\/index.php\/author\/pakosc-kalwaria\/"}]}},"_links":{"self":[{"href":"https:\/\/pakosc-kalwaria.franciszkanie.net\/index.php\/wp-json\/wp\/v2\/posts\/20580"}],"collection":[{"href":"https:\/\/pakosc-kalwaria.franciszkanie.net\/index.php\/wp-json\/wp\/v2\/posts"}],"about":[{"href":"https:\/\/pakosc-kalwaria.franciszkanie.net\/index.php\/wp-json\/wp\/v2\/types\/post"}],"author":[{"embeddable":true,"href":"https:\/\/pakosc-kalwaria.franciszkanie.net\/index.php\/wp-json\/wp\/v2\/users\/2"}],"replies":[{"embeddable":true,"href":"https:\/\/pakosc-kalwaria.franciszkanie.net\/index.php\/wp-json\/wp\/v2\/comments?post=20580"}],"version-history":[{"count":4,"href":"https:\/\/pakosc-kalwaria.franciszkanie.net\/index.php\/wp-json\/wp\/v2\/posts\/20580\/revisions"}],"predecessor-version":[{"id":20604,"href":"https:\/\/pakosc-kalwaria.franciszkanie.net\/index.php\/wp-json\/wp\/v2\/posts\/20580\/revisions\/20604"}],"wp:featuredmedia":[{"embeddable":true,"href":"https:\/\/pakosc-kalwaria.franciszkanie.net\/index.php\/wp-json\/wp\/v2\/media\/20541"}],"wp:attachment":[{"href":"https:\/\/pakosc-kalwaria.franciszkanie.net\/index.php\/wp-json\/wp\/v2\/media?parent=20580"}],"wp:term":[{"taxonomy":"category","embeddable":true,"href":"https:\/\/pakosc-kalwaria.franciszkanie.net\/index.php\/wp-json\/wp\/v2\/categories?post=20580"},{"taxonomy":"post_tag","embeddable":true,"href":"https:\/\/pakosc-kalwaria.franciszkanie.net\/index.php\/wp-json\/wp\/v2\/tags?post=20580"}],"curies":[{"name":"wp","href":"https:\/\/api.w.org\/{rel}","templated":true}]}}