{"id":20605,"date":"2021-11-01T20:00:34","date_gmt":"2021-11-01T19:00:34","guid":{"rendered":"http:\/\/pakosc-kalwaria.franciszkanie.net\/?p=20605"},"modified":"2021-11-08T08:31:27","modified_gmt":"2021-11-08T07:31:27","slug":"do-medytacji-z-kalwaryjskiego-wzgorza-poniedzialek-01-11-2021r","status":"publish","type":"post","link":"https:\/\/pakosc-kalwaria.franciszkanie.net\/index.php\/2021\/11\/01\/do-medytacji-z-kalwaryjskiego-wzgorza-poniedzialek-01-11-2021r\/","title":{"rendered":"Do medytacji z kalwaryjskiego Wzg\u00f3rza \u2013 Poniedzia\u0142ek 01.11.2021r."},"content":{"rendered":"<p class=\"entry-title\"><span style=\"color: #ff0000;\"><strong>Z liturgii Uroczysto\u015bci Wszystkich \u015awi\u0119tych \u2013 01.11.2021r.<\/strong><\/span><\/p>\n<p><span style=\"color: #ff0000;\"><strong>1. czytanie (Ap 7, 2-4. 9-14)<\/strong><\/span> <em>Wielki t\u0142um zbawionych<br \/>\n<\/em><strong>Czytanie z Ksi\u0119gi Apokalipsy \u015bwi\u0119tego Jana Aposto\u0142a<br \/>\n<\/strong>Ja, Jan, ujrza\u0142em innego anio\u0142a, wst\u0119puj\u0105cego od wschodu s\u0142o\u0144ca, maj\u0105cego piecz\u0119\u0107 Boga \u017cywego. Zawo\u0142a\u0142 on dono\u015bnym g\u0142osem do czterech anio\u0142\u00f3w, kt\u00f3rym dano moc wyrz\u0105dzi\u0107 szkod\u0119 ziemi i morzu: \u00abNie wyrz\u0105dzajcie szkody ziemi ani morzu, ani drzewom, a\u017c opiecz\u0119tujemy na czo\u0142ach s\u0142ugi Boga naszego\u00bb. I us\u0142ysza\u0142em liczb\u0119 opiecz\u0119towanych: sto czterdzie\u015bci cztery tysi\u0105ce opiecz\u0119towanych ze wszystkich pokole\u0144 syn\u00f3w Izraela. Potem ujrza\u0142em wielki t\u0142um, kt\u00f3rego nikt nie m\u00f3g\u0142 policzy\u0107, z ka\u017cdego narodu i wszystkich pokole\u0144, lud\u00f3w i j\u0119zyk\u00f3w, stoj\u0105cy przed tronem i przed Barankiem. Odziani s\u0105 w bia\u0142e szaty, a w r\u0119ku ich palmy. I g\u0142osem dono\u015bnym tak wo\u0142aj\u0105: \u00abZbawienie Bogu naszemu, Zasiadaj\u0105cemu na tronie, i Barankowi\u00bb. A wszyscy anio\u0142owie stan\u0119li wok\u00f3\u0142 tronu i Starc\u00f3w, i czworga Zwierz\u0105t, i na oblicze swe padli przed tronem, i pok\u0142on oddali Bogu, m\u00f3wi\u0105c: \u00abAmen. B\u0142ogos\u0142awie\u0144stwo i chwa\u0142a, i m\u0105dro\u015b\u0107, i dzi\u0119kczynienie, i cze\u015b\u0107, i moc, i pot\u0119ga Bogu naszemu na wieki wiek\u00f3w. Amen!\u00bb A jeden ze Starc\u00f3w odezwa\u0142 si\u0119 do mnie tymi s\u0142owami: \u00abCi przyodziani w bia\u0142e szaty kim s\u0105 i sk\u0105d przybyli?\u00bb I powiedzia\u0142em do niego: \u00abPanie, ty wiesz\u00bb. I rzek\u0142 do mnie: \u00abTo ci, kt\u00f3rzy przychodz\u0105 z wielkiego ucisku, i op\u0142ukali swe szaty, i wybielili je we krwi Baranka\u00bb. Oto S\u0142owo Bo\u017ce.<\/p>\n<p><span style=\"color: #ff0000;\"><strong>Psalm<\/strong><\/span> (Ps 24, 1-2. 3-4ab. 5-6 (R.: por. 6))<br \/>\n<strong>Oto lud wierny, szukaj\u0105cy Boga<br \/>\n<\/strong>Do Pana nale\u017cy ziemia i wszystko, co j\u0105 nape\u0142nia, *<br \/>\n\u015bwiat i jego mieszka\u0144cy.<br \/>\nAlbowiem On go na morzach osadzi\u0142 *<br \/>\ni utwierdzi\u0142 ponad rzekami.<\/p>\n<div id=\"tabstary0all\" class=\"tab-pane fade active in\">\n<p><strong>Oto lud wierny, szukaj\u0105cy Boga<br \/>\n<\/strong>Kto wst\u0105pi na g\u00f3r\u0119 Pana, *<br \/>\nkto stanie w Jego \u015bwi\u0119tym miejscu?<br \/>\nCz\u0142owiek r\u0105k nieskalanych i czystego serca, *<br \/>\nkt\u00f3ry nie sk\u0142oni\u0142 swej duszy ku marno\u015bciom.<\/p>\n<p><strong>Oto lud wierny, szukaj\u0105cy Boga<br \/>\n<\/strong>On otrzyma b\u0142ogos\u0142awie\u0144stwo od Pana *<br \/>\ni zap\u0142at\u0119 od Boga, swego Zbawcy.<br \/>\nOto pokolenie tych, co Go szukaj\u0105, *<br \/>\nkt\u00f3rzy szukaj\u0105 oblicza Boga Jakuba.<br \/>\n<strong>Oto lud wierny, szukaj\u0105cy Boga<\/strong><\/p>\n<p><span style=\"color: #ff0000;\"><strong>2. czytanie (1 J 3, 1-3) <\/strong><\/span><em>Ujrzymy Boga takim, jaki jest<br \/>\n<\/em><strong>Czytanie z Pierwszego listu \u015bwi\u0119tego Jana Aposto\u0142a<br \/>\n<\/strong>Najmilsi: Popatrzcie, jak\u0105 mi\u0142o\u015bci\u0105 obdarzy\u0142 nas Ojciec: zostali\u015bmy nazwani dzie\u0107mi Bo\u017cymi i rzeczywi\u015bcie nimi jeste\u015bmy. \u015awiat za\u015b dlatego nas nie zna, \u017ce nie pozna\u0142 Jego. Umi\u0142owani, obecnie jeste\u015bmy dzie\u0107mi Bo\u017cymi, ale jeszcze si\u0119 nie ujawni\u0142o, czym b\u0119dziemy. Wiemy, \u017ce gdy si\u0119 objawi, b\u0119dziemy do Niego podobni, bo ujrzymy Go takim jaki jest. Ka\u017cdy za\u015b, kto pok\u0142ada w Nim nadziej\u0119, u\u015bwi\u0119ca si\u0119, podobnie jak On jest \u015bwi\u0119ty. Oto S\u0142owo Bo\u017ce.<\/p>\n<p><span style=\"color: #ff0000;\"><strong>Aklamacja<\/strong> <\/span>(Mt 11, 28)<br \/>\n<strong>Alleluja, alleluja, alleluja<br \/>\n<\/strong>Przyjd\u017acie do Mnie wszyscy,<br \/>\nkt\u00f3rzy utrudzeni i obci\u0105\u017ceni jeste\u015bcie,<br \/>\na Ja was pokrzepi\u0119.<br \/>\n<strong>Alleluja, alleluja, alleluja<\/strong><\/p>\n<p><strong><span style=\"color: #ff0000;\">Ewangelia<\/span><\/strong> (Mt 5, 1-12a) <em>B\u0142ogos\u0142awieni ubodzy duchem<br \/>\n<\/em><strong>S\u0142owa Ewangelii wed\u0142ug \u015bwi\u0119tego Mateusza<br \/>\n<\/strong>Jezus, widz\u0105c t\u0142umy, wyszed\u0142 na g\u00f3r\u0119. A gdy usiad\u0142, przyst\u0105pili do Niego Jego uczniowie. Wtedy otworzy\u0142 swoje usta i naucza\u0142 ich tymi s\u0142owami: \u00abB\u0142ogos\u0142awieni ubodzy w duchu, albowiem do nich nale\u017cy kr\u00f3lestwo niebieskie. B\u0142ogos\u0142awieni, kt\u00f3rzy p\u0142acz\u0105, albowiem oni b\u0119d\u0105 pocieszeni. B\u0142ogos\u0142awieni cisi, albowiem oni na w\u0142asno\u015b\u0107 posi\u0105d\u0105 ziemi\u0119. B\u0142ogos\u0142awieni, kt\u00f3rzy \u0142akn\u0105 i pragn\u0105 sprawiedliwo\u015bci, albowiem oni b\u0119d\u0105 nasyceni. B\u0142ogos\u0142awieni mi\u0142osierni, albowiem oni mi\u0142osierdzia dost\u0105pi\u0105. B\u0142ogos\u0142awieni czystego serca, albowiem oni Boga ogl\u0105da\u0107 b\u0119d\u0105. B\u0142ogos\u0142awieni, kt\u00f3rzy wprowadzaj\u0105 pok\u00f3j, albowiem oni b\u0119d\u0105 nazwani synami Bo\u017cymi. B\u0142ogos\u0142awieni, kt\u00f3rzy cierpi\u0105 prze\u015bladowanie dla sprawiedliwo\u015bci, albowiem do nich nale\u017cy kr\u00f3lestwo niebieskie. B\u0142ogos\u0142awieni jeste\u015bcie, gdy ludzie wam ur\u0105gaj\u0105 i prze\u015bladuj\u0105 was, i gdy m\u00f3wi\u0105 k\u0142amliwie wszystko z\u0142e na was z mego powodu. Cieszcie si\u0119 i radujcie, albowiem wielka jest wasza nagroda w niebie\u00bb. Oto S\u0142owo Pa\u0144skie.<\/p>\n<\/div>\n<p class=\"entry-title\"><strong><span style=\"color: #ff0000;\"><br \/>\nZ kazania na kalwaryjskim Wzg\u00f3rzu \u2013 Poniedzia\u0142ek\u00a0 01.11.2021r.<br \/>\n<\/span>Powo\u0142anie do \u015bwi\u0119to\u015bci to zaproszenie do Nieba. \u00a0\u00a0\u00a0<\/strong><br \/>\nDzisiejsza Uroczysto\u015b\u0107 Wszystkich \u015awi\u0119tych i jutrzejsze Wspomnienie Wszystkich Wiernych Zmar\u0142ych kolejny raz u\u015bwiadamiaj\u0105 nam, \u017ce wsp\u00f3lnot\u0119 Ko\u015bcio\u0142a stanowi\u0105: \u015bwi\u0119ci w niebie, dusze w czy\u015b\u0107cu cierpi\u0105ce oraz my \u017cyj\u0105cy<br \/>\ni pielgrzymuj\u0105cy jeszcze na ziemi. W uroczysto\u015bci Wszystkich \u015awi\u0119tych Ko\u015bci\u00f3\u0142 oddaje cze\u015b\u0107 tym, kt\u00f3rzy ju\u017c weszli do chwa\u0142y Nieba, a nam wiernym \u017cyj\u0105cym na ziemi wskazuje drog\u0119, kt\u00f3ra prowadzi do \u015bwi\u0119to\u015bci, czyli prowadzi do Nieba.<br \/>\nAle ju\u017c dzisiaj te\u017c nawiedzamy cmentarze, aby stan\u0105\u0107 przy grobach swoich bliskich. Wspominamy ich i otaczamy nasz\u0105 serdeczn\u0105 pe\u0142n\u0105 wiary modlitw\u0105. W wielu z nas o\u017cywa t\u0119sknota za nimi i to nieraz bardzo wielka. T\u0119sknimy za ich g\u0142osem, chcieliby\u015bmy us\u0142ysze\u0107 jak do nas m\u00f3wi\u0105, brakuje nam dotyku ich d\u0142oni. Mo\u017ce chcieliby\u015bmy jeszcze raz spojrze\u0107 im w oczy\u2026. tylko, \u017ce ich ju\u017c tutaj nie ma, bo rzeczywi\u015bcie ich ziemskie \u017cycie dobieg\u0142o ko\u0144ca. W perspektywie wiary w \u017cycie wieczne, koniec ziemskiego \u017cycia wcale nie jest smutny. Koniec \u017cycia na ziemi, to tak naprawd\u0119 pocz\u0105tek zupe\u0142nie innego \u017cycia. Wszyscy bowiem jeste\u015bmy przez Boga stworzeni i powo\u0142ani do wieczno\u015bci \u2013 a wi\u0119c do \u017cycia wiecznego, do \u017cycia, kt\u00f3re nigdy si\u0119 nie sko\u0144czy. Jeste\u015bmy powo\u0142ani przez Boga do Nieba, gdzie B\u00f3g na nas czeka i gdzie dla ka\u017cdego z nas przygotowa\u0142 mieszkanie, o czym zapewnia Chrystus; \u201eW domu Ojca mego mieszka\u0144 jest wiele. Gdyby tak nie by\u0142o to bym powiedzia\u0142\u201d. B\u00f3g naprawd\u0119 pragnie, by\u015bmy w zjednoczeniu z Nim sp\u0119dzili ca\u0142\u0105 wieczno\u015b\u0107, zanurzeni w Jego mi\u0142o\u015bci. To dlatego z mi\u0142o\u015bci do nas pos\u0142a\u0142 na ten \u015bwiat swojego Jedynego, Umi\u0142owanego Syna, aby Jezus Chrystus przez swoj\u0105 M\u0119k\u0119, \u015amier\u0107 i Zmartwychwstanie odkupi\u0142 nas i otworzy\u0142 drog\u0119 do zbawienia. Od cz\u0142owieka zale\u017cy, czy b\u0119dzie chcia\u0142 i\u015b\u0107 w \u017cyciu na ziemi drog\u0105 zbawienia i osi\u0105gn\u0105\u0107 Niebo, czy wybierze w \u017cyciu inn\u0105 drog\u0119\u2026?<br \/>\nDzisiaj Ko\u015bci\u00f3\u0142 stawia nam przed oczyma \u015bwi\u0119tych, czyli tych, kt\u00f3rzy ju\u017c s\u0105 w Niebie, kt\u00f3rzy ciesz\u0105 si\u0119 przebywaniem z Bogiem i tak ju\u017c pozostanie na wieki. \u015awi\u0119ci pokazuj\u0105 nam, \u017ce Niebo jest, \u017ce jest dla cz\u0142owieka osi\u0105galne i \u017ce warto w \u017cyciu na ziemi o to Niebo powalczy\u0107. Patrz\u0105c na ziemskie \u017cycie \u015awi\u0119tych, widzimy, ze nie by\u0142o to \u017cycie jakie\u015b idealne, \u017ce mieli oni te\u017c swoje wady i pope\u0142niali grzechy. To byli ludzie \u201ez krwi i ko\u015bci\u201d. Nie \u017cyli w jakim\u015b \u015bwiecie wolnym od problem\u00f3w i zmartwie\u0144, lecz do\u015bwiadczali ich, jak ka\u017cdy inny cz\u0142owiek. Co wi\u0119c sprawi\u0142o, \u017ce zostali \u015awi\u0119tymi i trafili do Nieba?<br \/>\n\u015awi\u0119ci to ludzie, kt\u00f3rzy na r\u00f3\u017cnych etapach swojego \u017cycia na ziemi uwierzyli w Boga, Jemu zawierzyli i powierzyli swoje \u017cycie. \u015awi\u0119ci to ludzie, kt\u00f3rzy Boga pokochali, Bogu zaufali i w Bogu po\u0142o\u017cyli swoje nadzieje. Co wi\u0119cej w Bogu zobaczyli Ojca, kt\u00f3ry kocha cz\u0142owieka mi\u0142o\u015bci\u0105 niesko\u0144czon\u0105 i kt\u00f3remu na cz\u0142owieku bardzo zale\u017cy. Zrozumieli te\u017c, \u017ce chc\u0105c by\u0107 blisko Boga trzeba w \u017cyciu podj\u0105\u0107 walk\u0119 z wszystkim co mnie od Boga mo\u017ce oddali\u0107. To dla Boga walczyli ze swoimi s\u0142abo\u015bciami i grzechami, to dla Boga cierpieli i znosili utrapienia codziennego \u017cycia. A wszystko po to, by osi\u0105gn\u0105\u0107 Niebo. \u015awi\u0119ci wybrali w \u017cyciu te\u017c drog\u0119 o\u015bmiu b\u0142ogos\u0142awie\u0144stw. Us\u0142yszeli\u015bmy o nich w dzisiejszej Ewangelii. To droga, kt\u00f3r\u0105 wyznacza i proponuje Chrystus, aby pom\u00f3c cz\u0142owiekowi osi\u0105gn\u0105\u0107 Niebo. Chrystus zapewnia, \u017ce b\u0142ogos\u0142awieni i szcz\u0119\u015bliwi to ci, kt\u00f3rzy w \u017cyciu na ziemi s\u0105 ubodzy w duchu, kt\u00f3rzy s\u0105 cisi i mi\u0142osierni, kt\u00f3rzy dbaj\u0105 o czysto\u015b\u0107 swojego serca bo oni b\u0119d\u0105 ogl\u0105da\u0107 Boga, kt\u00f3rzy s\u0105 sprawiedliwi i wprowadzaj\u0105 pok\u00f3j, kt\u00f3rzy m\u0119\u017cnie i cierpliwie znosz\u0105 ur\u0105gania i prze\u015bladowania, ze wzgl\u0119du na Chrystusa i wyznawan\u0105 wiar\u0119. To w\u0142a\u015bnie oni b\u0119d\u0105 si\u0119 po \u015bmierci cieszy\u0107 i radowa\u0107, bo b\u0119d\u0105 zbawieni i za swoje \u017cycie na ziemi otrzymaj\u0105 w Niebie nagrod\u0119.<br \/>\n\u015aw. S. Faustyna w swoim Dzienniczku zapisa\u0142a kiedy\u015b tak\u0105 oto wizj\u0119: \u201eW pewnym dniu ujrza\u0142am dwie drogi: jedna droga szeroka, wysypana piaskiem i kwiatami, pe\u0142na rado\u015bci i muzyki, i r\u00f3\u017cnych przyjemno\u015bci. Ludzie szli t\u0105 drog\u0105, ta\u0144cz\u0105c i bawi\u0105c si\u0119 \u2013 dochodzili do ko\u0144ca, nie spostrzegaj\u0105c, \u017ce ju\u017c koniec. Ale na ko\u0144cu tej drogi by\u0142a straszna przepa\u015b\u0107, czyli otch\u0142a\u0144 piekielna. Dusze te na o\u015blep wpada\u0142y w t\u0119 przepa\u015b\u0107; jak sz\u0142y, tak i wpada\u0142y. A by\u0142a ich tak wielka liczba, \u017ce nie mo\u017cna by\u0142o ich zliczy\u0107. I widzia\u0142am drug\u0105 drog\u0119, a raczej \u015bcie\u017ck\u0119, bo by\u0142a w\u0105ska i zas\u0142ana cierniem i kamienista, a ludzie, kt\u00f3rzy ni\u0105 szli \u2013 ze \u0142zami w oczach i r\u00f3\u017cne bole\u015bci by\u0142y ich udzia\u0142em. Jedni padali na te kamienie, ale zaraz powstawali i szli dalej. A na ko\u0144cu drogi by\u0142 wspania\u0142y ogr\u00f3d, przepe\u0142niony wszelkim rodzajem szcz\u0119\u015bcia, i wchodzi\u0142y tam te wszystkie dusze. Zaraz<br \/>\nw pierwszym momencie zapomina\u0142y o swych cierpieniach\u201d.<br \/>\nMoi Kochani! Droga, kt\u00f3r\u0105 w \u017cyciu wybrali \u015awi\u0119ci zaprowadzi\u0142a ich do wiecznego szcz\u0119\u015bcia, zaprowadzi\u0142a ich do Nieba! Warto wi\u0119c pomy\u015ble\u0107 p\u00f3ki jeszcze \u017cyjemy na tej ziemi: Jak\u0105 drog\u0119 my\u015bmy w \u017cyciu wybrali i gdzie nas ona na dzisiaj prowadzi\u2026?<br \/>\n(o.R.)<\/p>\n","protected":false},"excerpt":{"rendered":"<p>Z liturgii Uroczysto\u015bci Wszystkich \u015awi\u0119tych \u2013 01.11.2021r. 1. czytanie (Ap 7, 2-4. 9-14) Wielki t\u0142um zbawionych Czytanie z Ksi\u0119gi Apokalipsy \u015bwi\u0119tego Jana Aposto\u0142a Ja, Jan, ujrza\u0142em innego anio\u0142a, wst\u0119puj\u0105cego od wschodu s\u0142o\u0144ca, maj\u0105cego piecz\u0119\u0107 Boga \u017cywego. Zawo\u0142a\u0142 on dono\u015bnym g\u0142osem do czterech anio\u0142\u00f3w, kt\u00f3rym dano moc wyrz\u0105dzi\u0107 szkod\u0119 ziemi i morzu: \u00abNie wyrz\u0105dzajcie szkody ziemi &hellip;<\/p>\n","protected":false},"author":2,"featured_media":20588,"comment_status":"closed","ping_status":"closed","sticky":false,"template":"","format":"standard","meta":{"_mi_skip_tracking":false,"_exactmetrics_sitenote_active":false,"_exactmetrics_sitenote_note":"","_exactmetrics_sitenote_category":0},"categories":[14],"tags":[],"yoast_head":"<!-- This site is optimized with the Yoast SEO plugin v18.1 - https:\/\/yoast.com\/wordpress\/plugins\/seo\/ -->\n<title>Do medytacji z kalwaryjskiego Wzg\u00f3rza \u2013 Poniedzia\u0142ek 01.11.2021r. - Pako\u015b\u0107 \u2013 Kalwaria<\/title>\n<meta name=\"robots\" content=\"index, follow, max-snippet:-1, max-image-preview:large, max-video-preview:-1\" \/>\n<link rel=\"canonical\" href=\"https:\/\/pakosc-kalwaria.franciszkanie.net\/index.php\/2021\/11\/01\/do-medytacji-z-kalwaryjskiego-wzgorza-poniedzialek-01-11-2021r\/\" \/>\n<meta property=\"og:locale\" content=\"pl_PL\" \/>\n<meta property=\"og:type\" content=\"article\" \/>\n<meta property=\"og:title\" content=\"Do medytacji z kalwaryjskiego Wzg\u00f3rza \u2013 Poniedzia\u0142ek 01.11.2021r. - Pako\u015b\u0107 \u2013 Kalwaria\" \/>\n<meta property=\"og:description\" content=\"Z liturgii Uroczysto\u015bci Wszystkich \u015awi\u0119tych \u2013 01.11.2021r. 1. czytanie (Ap 7, 2-4. 9-14) Wielki t\u0142um zbawionych Czytanie z Ksi\u0119gi Apokalipsy \u015bwi\u0119tego Jana Aposto\u0142a Ja, Jan, ujrza\u0142em innego anio\u0142a, wst\u0119puj\u0105cego od wschodu s\u0142o\u0144ca, maj\u0105cego piecz\u0119\u0107 Boga \u017cywego. Zawo\u0142a\u0142 on dono\u015bnym g\u0142osem do czterech anio\u0142\u00f3w, kt\u00f3rym dano moc wyrz\u0105dzi\u0107 szkod\u0119 ziemi i morzu: \u00abNie wyrz\u0105dzajcie szkody ziemi &hellip;\" \/>\n<meta property=\"og:url\" content=\"https:\/\/pakosc-kalwaria.franciszkanie.net\/index.php\/2021\/11\/01\/do-medytacji-z-kalwaryjskiego-wzgorza-poniedzialek-01-11-2021r\/\" \/>\n<meta property=\"og:site_name\" content=\"Pako\u015b\u0107 \u2013 Kalwaria\" \/>\n<meta property=\"article:author\" content=\"https:\/\/www.facebook.com\/KalwariaPakosc\/\" \/>\n<meta property=\"article:published_time\" content=\"2021-11-01T19:00:34+00:00\" \/>\n<meta property=\"article:modified_time\" content=\"2021-11-08T07:31:27+00:00\" \/>\n<meta property=\"og:image\" content=\"https:\/\/pakosc-kalwaria.franciszkanie.net\/wp-content\/uploads\/2021\/10\/DSCN1602-1.jpg\" \/>\n\t<meta property=\"og:image:width\" content=\"300\" \/>\n\t<meta property=\"og:image:height\" content=\"225\" \/>\n\t<meta property=\"og:image:type\" content=\"image\/jpeg\" \/>\n<meta name=\"twitter:card\" content=\"summary\" \/>\n<meta name=\"twitter:label1\" content=\"Napisane przez\" \/>\n\t<meta name=\"twitter:data1\" content=\"pakosc-kalwaria\" \/>\n\t<meta name=\"twitter:label2\" content=\"Szacowany czas czytania\" \/>\n\t<meta name=\"twitter:data2\" content=\"9 minut\" \/>\n<script type=\"application\/ld+json\" class=\"yoast-schema-graph\">{\"@context\":\"https:\/\/schema.org\",\"@graph\":[{\"@type\":\"WebSite\",\"@id\":\"https:\/\/pakosc-kalwaria.franciszkanie.net\/#website\",\"url\":\"https:\/\/pakosc-kalwaria.franciszkanie.net\/\",\"name\":\"Pako\u015b\u0107 \u2013 Kalwaria\",\"description\":\"Parafia Rzymsko \u2013 Katolicka p.w. Pana Jezusa Ukrzy\u017cowanego i  Matki Bo\u017cej Bolesnej ul. Barci\u0144ska 60, 88\u2013170 Pako\u015b\u0107 \u2013 Kalwaria\",\"potentialAction\":[{\"@type\":\"SearchAction\",\"target\":{\"@type\":\"EntryPoint\",\"urlTemplate\":\"https:\/\/pakosc-kalwaria.franciszkanie.net\/?s={search_term_string}\"},\"query-input\":\"required name=search_term_string\"}],\"inLanguage\":\"pl-PL\"},{\"@type\":\"ImageObject\",\"@id\":\"https:\/\/pakosc-kalwaria.franciszkanie.net\/index.php\/2021\/11\/01\/do-medytacji-z-kalwaryjskiego-wzgorza-poniedzialek-01-11-2021r\/#primaryimage\",\"inLanguage\":\"pl-PL\",\"url\":\"https:\/\/pakosc-kalwaria.franciszkanie.net\/wp-content\/uploads\/2021\/10\/DSCN1602-1.jpg\",\"contentUrl\":\"https:\/\/pakosc-kalwaria.franciszkanie.net\/wp-content\/uploads\/2021\/10\/DSCN1602-1.jpg\",\"width\":300,\"height\":225},{\"@type\":\"WebPage\",\"@id\":\"https:\/\/pakosc-kalwaria.franciszkanie.net\/index.php\/2021\/11\/01\/do-medytacji-z-kalwaryjskiego-wzgorza-poniedzialek-01-11-2021r\/#webpage\",\"url\":\"https:\/\/pakosc-kalwaria.franciszkanie.net\/index.php\/2021\/11\/01\/do-medytacji-z-kalwaryjskiego-wzgorza-poniedzialek-01-11-2021r\/\",\"name\":\"Do medytacji z kalwaryjskiego Wzg\u00f3rza \u2013 Poniedzia\u0142ek 01.11.2021r. - Pako\u015b\u0107 \u2013 Kalwaria\",\"isPartOf\":{\"@id\":\"https:\/\/pakosc-kalwaria.franciszkanie.net\/#website\"},\"primaryImageOfPage\":{\"@id\":\"https:\/\/pakosc-kalwaria.franciszkanie.net\/index.php\/2021\/11\/01\/do-medytacji-z-kalwaryjskiego-wzgorza-poniedzialek-01-11-2021r\/#primaryimage\"},\"datePublished\":\"2021-11-01T19:00:34+00:00\",\"dateModified\":\"2021-11-08T07:31:27+00:00\",\"author\":{\"@id\":\"https:\/\/pakosc-kalwaria.franciszkanie.net\/#\/schema\/person\/af10b943be0760709227d060eadcb2aa\"},\"breadcrumb\":{\"@id\":\"https:\/\/pakosc-kalwaria.franciszkanie.net\/index.php\/2021\/11\/01\/do-medytacji-z-kalwaryjskiego-wzgorza-poniedzialek-01-11-2021r\/#breadcrumb\"},\"inLanguage\":\"pl-PL\",\"potentialAction\":[{\"@type\":\"ReadAction\",\"target\":[\"https:\/\/pakosc-kalwaria.franciszkanie.net\/index.php\/2021\/11\/01\/do-medytacji-z-kalwaryjskiego-wzgorza-poniedzialek-01-11-2021r\/\"]}]},{\"@type\":\"BreadcrumbList\",\"@id\":\"https:\/\/pakosc-kalwaria.franciszkanie.net\/index.php\/2021\/11\/01\/do-medytacji-z-kalwaryjskiego-wzgorza-poniedzialek-01-11-2021r\/#breadcrumb\",\"itemListElement\":[{\"@type\":\"ListItem\",\"position\":1,\"name\":\"Strona g\u0142\u00f3wna\",\"item\":\"https:\/\/pakosc-kalwaria.franciszkanie.net\/\"},{\"@type\":\"ListItem\",\"position\":2,\"name\":\"Do medytacji z kalwaryjskiego Wzg\u00f3rza \u2013 Poniedzia\u0142ek 01.11.2021r.\"}]},{\"@type\":\"Person\",\"@id\":\"https:\/\/pakosc-kalwaria.franciszkanie.net\/#\/schema\/person\/af10b943be0760709227d060eadcb2aa\",\"name\":\"pakosc-kalwaria\",\"image\":{\"@type\":\"ImageObject\",\"@id\":\"https:\/\/pakosc-kalwaria.franciszkanie.net\/#personlogo\",\"inLanguage\":\"pl-PL\",\"url\":\"https:\/\/secure.gravatar.com\/avatar\/e7049d338b55eac6a0027ff3218b8d02?s=96&d=mm&r=g\",\"contentUrl\":\"https:\/\/secure.gravatar.com\/avatar\/e7049d338b55eac6a0027ff3218b8d02?s=96&d=mm&r=g\",\"caption\":\"pakosc-kalwaria\"},\"sameAs\":[\"https:\/\/www.facebook.com\/KalwariaPakosc\/\"],\"url\":\"https:\/\/pakosc-kalwaria.franciszkanie.net\/index.php\/author\/pakosc-kalwaria\/\"}]}<\/script>\n<!-- \/ Yoast SEO plugin. -->","yoast_head_json":{"title":"Do medytacji z kalwaryjskiego Wzg\u00f3rza \u2013 Poniedzia\u0142ek 01.11.2021r. - Pako\u015b\u0107 \u2013 Kalwaria","robots":{"index":"index","follow":"follow","max-snippet":"max-snippet:-1","max-image-preview":"max-image-preview:large","max-video-preview":"max-video-preview:-1"},"canonical":"https:\/\/pakosc-kalwaria.franciszkanie.net\/index.php\/2021\/11\/01\/do-medytacji-z-kalwaryjskiego-wzgorza-poniedzialek-01-11-2021r\/","og_locale":"pl_PL","og_type":"article","og_title":"Do medytacji z kalwaryjskiego Wzg\u00f3rza \u2013 Poniedzia\u0142ek 01.11.2021r. - Pako\u015b\u0107 \u2013 Kalwaria","og_description":"Z liturgii Uroczysto\u015bci Wszystkich \u015awi\u0119tych \u2013 01.11.2021r. 1. czytanie (Ap 7, 2-4. 9-14) Wielki t\u0142um zbawionych Czytanie z Ksi\u0119gi Apokalipsy \u015bwi\u0119tego Jana Aposto\u0142a Ja, Jan, ujrza\u0142em innego anio\u0142a, wst\u0119puj\u0105cego od wschodu s\u0142o\u0144ca, maj\u0105cego piecz\u0119\u0107 Boga \u017cywego. Zawo\u0142a\u0142 on dono\u015bnym g\u0142osem do czterech anio\u0142\u00f3w, kt\u00f3rym dano moc wyrz\u0105dzi\u0107 szkod\u0119 ziemi i morzu: \u00abNie wyrz\u0105dzajcie szkody ziemi &hellip;","og_url":"https:\/\/pakosc-kalwaria.franciszkanie.net\/index.php\/2021\/11\/01\/do-medytacji-z-kalwaryjskiego-wzgorza-poniedzialek-01-11-2021r\/","og_site_name":"Pako\u015b\u0107 \u2013 Kalwaria","article_author":"https:\/\/www.facebook.com\/KalwariaPakosc\/","article_published_time":"2021-11-01T19:00:34+00:00","article_modified_time":"2021-11-08T07:31:27+00:00","og_image":[{"width":300,"height":225,"url":"https:\/\/pakosc-kalwaria.franciszkanie.net\/wp-content\/uploads\/2021\/10\/DSCN1602-1.jpg","type":"image\/jpeg"}],"twitter_card":"summary","twitter_misc":{"Napisane przez":"pakosc-kalwaria","Szacowany czas czytania":"9 minut"},"schema":{"@context":"https:\/\/schema.org","@graph":[{"@type":"WebSite","@id":"https:\/\/pakosc-kalwaria.franciszkanie.net\/#website","url":"https:\/\/pakosc-kalwaria.franciszkanie.net\/","name":"Pako\u015b\u0107 \u2013 Kalwaria","description":"Parafia Rzymsko \u2013 Katolicka p.w. Pana Jezusa Ukrzy\u017cowanego i  Matki Bo\u017cej Bolesnej ul. Barci\u0144ska 60, 88\u2013170 Pako\u015b\u0107 \u2013 Kalwaria","potentialAction":[{"@type":"SearchAction","target":{"@type":"EntryPoint","urlTemplate":"https:\/\/pakosc-kalwaria.franciszkanie.net\/?s={search_term_string}"},"query-input":"required name=search_term_string"}],"inLanguage":"pl-PL"},{"@type":"ImageObject","@id":"https:\/\/pakosc-kalwaria.franciszkanie.net\/index.php\/2021\/11\/01\/do-medytacji-z-kalwaryjskiego-wzgorza-poniedzialek-01-11-2021r\/#primaryimage","inLanguage":"pl-PL","url":"https:\/\/pakosc-kalwaria.franciszkanie.net\/wp-content\/uploads\/2021\/10\/DSCN1602-1.jpg","contentUrl":"https:\/\/pakosc-kalwaria.franciszkanie.net\/wp-content\/uploads\/2021\/10\/DSCN1602-1.jpg","width":300,"height":225},{"@type":"WebPage","@id":"https:\/\/pakosc-kalwaria.franciszkanie.net\/index.php\/2021\/11\/01\/do-medytacji-z-kalwaryjskiego-wzgorza-poniedzialek-01-11-2021r\/#webpage","url":"https:\/\/pakosc-kalwaria.franciszkanie.net\/index.php\/2021\/11\/01\/do-medytacji-z-kalwaryjskiego-wzgorza-poniedzialek-01-11-2021r\/","name":"Do medytacji z kalwaryjskiego Wzg\u00f3rza \u2013 Poniedzia\u0142ek 01.11.2021r. - Pako\u015b\u0107 \u2013 Kalwaria","isPartOf":{"@id":"https:\/\/pakosc-kalwaria.franciszkanie.net\/#website"},"primaryImageOfPage":{"@id":"https:\/\/pakosc-kalwaria.franciszkanie.net\/index.php\/2021\/11\/01\/do-medytacji-z-kalwaryjskiego-wzgorza-poniedzialek-01-11-2021r\/#primaryimage"},"datePublished":"2021-11-01T19:00:34+00:00","dateModified":"2021-11-08T07:31:27+00:00","author":{"@id":"https:\/\/pakosc-kalwaria.franciszkanie.net\/#\/schema\/person\/af10b943be0760709227d060eadcb2aa"},"breadcrumb":{"@id":"https:\/\/pakosc-kalwaria.franciszkanie.net\/index.php\/2021\/11\/01\/do-medytacji-z-kalwaryjskiego-wzgorza-poniedzialek-01-11-2021r\/#breadcrumb"},"inLanguage":"pl-PL","potentialAction":[{"@type":"ReadAction","target":["https:\/\/pakosc-kalwaria.franciszkanie.net\/index.php\/2021\/11\/01\/do-medytacji-z-kalwaryjskiego-wzgorza-poniedzialek-01-11-2021r\/"]}]},{"@type":"BreadcrumbList","@id":"https:\/\/pakosc-kalwaria.franciszkanie.net\/index.php\/2021\/11\/01\/do-medytacji-z-kalwaryjskiego-wzgorza-poniedzialek-01-11-2021r\/#breadcrumb","itemListElement":[{"@type":"ListItem","position":1,"name":"Strona g\u0142\u00f3wna","item":"https:\/\/pakosc-kalwaria.franciszkanie.net\/"},{"@type":"ListItem","position":2,"name":"Do medytacji z kalwaryjskiego Wzg\u00f3rza \u2013 Poniedzia\u0142ek 01.11.2021r."}]},{"@type":"Person","@id":"https:\/\/pakosc-kalwaria.franciszkanie.net\/#\/schema\/person\/af10b943be0760709227d060eadcb2aa","name":"pakosc-kalwaria","image":{"@type":"ImageObject","@id":"https:\/\/pakosc-kalwaria.franciszkanie.net\/#personlogo","inLanguage":"pl-PL","url":"https:\/\/secure.gravatar.com\/avatar\/e7049d338b55eac6a0027ff3218b8d02?s=96&d=mm&r=g","contentUrl":"https:\/\/secure.gravatar.com\/avatar\/e7049d338b55eac6a0027ff3218b8d02?s=96&d=mm&r=g","caption":"pakosc-kalwaria"},"sameAs":["https:\/\/www.facebook.com\/KalwariaPakosc\/"],"url":"https:\/\/pakosc-kalwaria.franciszkanie.net\/index.php\/author\/pakosc-kalwaria\/"}]}},"_links":{"self":[{"href":"https:\/\/pakosc-kalwaria.franciszkanie.net\/index.php\/wp-json\/wp\/v2\/posts\/20605"}],"collection":[{"href":"https:\/\/pakosc-kalwaria.franciszkanie.net\/index.php\/wp-json\/wp\/v2\/posts"}],"about":[{"href":"https:\/\/pakosc-kalwaria.franciszkanie.net\/index.php\/wp-json\/wp\/v2\/types\/post"}],"author":[{"embeddable":true,"href":"https:\/\/pakosc-kalwaria.franciszkanie.net\/index.php\/wp-json\/wp\/v2\/users\/2"}],"replies":[{"embeddable":true,"href":"https:\/\/pakosc-kalwaria.franciszkanie.net\/index.php\/wp-json\/wp\/v2\/comments?post=20605"}],"version-history":[{"count":3,"href":"https:\/\/pakosc-kalwaria.franciszkanie.net\/index.php\/wp-json\/wp\/v2\/posts\/20605\/revisions"}],"predecessor-version":[{"id":20608,"href":"https:\/\/pakosc-kalwaria.franciszkanie.net\/index.php\/wp-json\/wp\/v2\/posts\/20605\/revisions\/20608"}],"wp:featuredmedia":[{"embeddable":true,"href":"https:\/\/pakosc-kalwaria.franciszkanie.net\/index.php\/wp-json\/wp\/v2\/media\/20588"}],"wp:attachment":[{"href":"https:\/\/pakosc-kalwaria.franciszkanie.net\/index.php\/wp-json\/wp\/v2\/media?parent=20605"}],"wp:term":[{"taxonomy":"category","embeddable":true,"href":"https:\/\/pakosc-kalwaria.franciszkanie.net\/index.php\/wp-json\/wp\/v2\/categories?post=20605"},{"taxonomy":"post_tag","embeddable":true,"href":"https:\/\/pakosc-kalwaria.franciszkanie.net\/index.php\/wp-json\/wp\/v2\/tags?post=20605"}],"curies":[{"name":"wp","href":"https:\/\/api.w.org\/{rel}","templated":true}]}}