{"id":20609,"date":"2021-11-02T18:00:39","date_gmt":"2021-11-02T17:00:39","guid":{"rendered":"http:\/\/pakosc-kalwaria.franciszkanie.net\/?p=20609"},"modified":"2021-11-02T16:00:12","modified_gmt":"2021-11-02T15:00:12","slug":"do-medytacji-z-kalwaryjskiego-wzgorza-wtorek-02-11-2021r","status":"publish","type":"post","link":"https:\/\/pakosc-kalwaria.franciszkanie.net\/index.php\/2021\/11\/02\/do-medytacji-z-kalwaryjskiego-wzgorza-wtorek-02-11-2021r\/","title":{"rendered":"Do medytacji z kalwaryjskiego Wzg\u00f3rza \u2013 Wtorek 02.11.2021r."},"content":{"rendered":"<p><strong><span style=\"color: #ff0000;\">Z kazania na kalwaryjskim Wzg\u00f3rzu \u2013 Wtorek\u00a0 02.11.2021r.<\/span><\/strong><\/p>\n<p><strong>Wspomnienie Wszystkich Wiernych Zmar\u0142ych.<br \/>\n<\/strong>W uroczysto\u015b\u0107 Wszystkich \u015awi\u0119tych u\u015bwiadomili\u015bmy sobie, \u017ce ka\u017cdy w \u017cyciu musi sam wybra\u0107 drog\u0119, kt\u00f3r\u0105 pragnie kroczy\u0107 na ziemi. Je\u017celi chcemy tak jak \u015awi\u0119ci otrzyma\u0107 na ca\u0142\u0105 wieczno\u015b\u0107 mieszkanie przygotowane nam przez Boga, to warto tak jak oni wybra\u0107 drog\u0119, kt\u00f3ra nas do Nieba doprowadzi. A t\u0119 drog\u0119 do Nieba wyznacza cz\u0142owiekowi wiara w Boga i wierno\u015b\u0107 Jego przykazaniom. Potrzeba mi\u0142o\u015bci do Boga i do bli\u017anich oraz nadziei pok\u0142adanej w Bogu. Warto by\u0107 zawsze blisko Ko\u015bcio\u0142a, bo to w swoim domu B\u00f3g daje cz\u0142owiekowi \u0142aski, kt\u00f3re s\u0105 konieczne do zbawienia i pomagaj\u0105 w dobrym \u017cyciu na ziemi. D\u0105\u017c\u0105c do Nieba warto te\u017c i\u015b\u0107 drog\u0105 o\u015bmiu b\u0142ogos\u0142awie\u0144stw, pami\u0119taj\u0105c, \u017ce tylko ludzie o czystym sercu b\u0119d\u0105 ogl\u0105da\u0107 Boga! St\u0105d tak wa\u017cna jest troska o \u017cycie w \u0142asce u\u015bwi\u0119caj\u0105cej i cz\u0119ste przyst\u0119powanie do Komunii \u015bwi\u0119tej.<br \/>\nDzisiaj we Wspomnienie Wszystkich Wiernych Zmar\u0142ych modlimy si\u0119 za tych wszystkich wiernych, kt\u00f3rzy po swojej \u015bmierci ju\u017c nic sami dla siebie zrobi\u0107 nie mog\u0105, aby przyspieszy\u0107 swoje wej\u015bcie do Nieba. Ci zmarli ju\u017c zas\u0142u\u017cyli na wieczn\u0105 szcz\u0119\u015bliwo\u015b\u0107 w Niebie, ale si\u0119 jeszcze ni\u0105 nie ciesz\u0105, bo s\u0105 w stanie czy\u015b\u0107cowym. Aby m\u00f3c radowa\u0107 si\u0119 wieczn\u0105 szcz\u0119\u015bliwo\u015bci\u0105, by\u0107 przy Bogu i ogl\u0105da\u0107 Boga \u201etwarz\u0105 w twarz\u201d, trzeba by\u0107\u00a0 &#8222;czystym jak \u0142za&#8221;! \u00a0Dusze w czy\u015b\u0107cu cierpi\u0105ce zdaj\u0105 sobie doskonale spraw\u0119, \u017ce aby zaj\u0105\u0107 to miejsce, kt\u00f3re B\u00f3g dla nich przygotowa\u0142 w Niebie, musz\u0105 si\u0119 ca\u0142kowicie oczy\u015bci\u0107. A do tego bardzo potrzebuj\u0105 wstawienniczej modlitwy nas \u017cyj\u0105cych jeszcze na ziemi.<br \/>\n\u017byj\u0105ca w XV wieku mistyczka z Genui, tak napisa\u0142a o duszach w czy\u015b\u0107cu cierpi\u0105cych: \u201eS\u0105 szcz\u0119\u015bliwe tak niewyobra\u017calnie, \u017ce tylko zbawieni w niebie s\u0105 od nich szcz\u0119\u015bliwsi, a zarazem tak niewyobra\u017calnie nieszcz\u0119\u015bliwe, \u017ce tylko pot\u0119pieni w piekle s\u0105 od nich bardziej nieszcz\u0119\u015bliwi\u201d. Dusze w czy\u015b\u0107cu cierpi\u0105ce z jednej strony s\u0105 szcz\u0119\u015bliwe, bo Niebo jest ju\u017c w ich zasi\u0119gu, ale z drugiej strony s\u0105 bardzo nieszcz\u0119\u015bliwe, bo nie mog\u0105 jeszcze do Nieba wej\u015b\u0107. To w \u015bwietle czy\u015b\u0107ca sprawdza si\u0119 ta wielka prawda o Bogu, kt\u00f3ry z jednej strony jest Mi\u0142osierny, ale zarazem jest Sprawiedliwy, bo za dobro wynagradza, ale za z\u0142o te\u017c ka\u017ce!<br \/>\nMy\u015bl\u0119, \u017ce my \u017cyj\u0105cy na ziemi nie do ko\u0144ca zdajemy sobie z tego spraw\u0119, jak bardzo dusze w czy\u015b\u0107cu cierpi\u0105ce t\u0119skni\u0105 za Niebem i za prze\u017cywaniem swojej wieczno\u015bci razem z Bogiem. Dlatego tak bardzo prosz\u0105 nas o pomoc i na t\u0119 pomoc bardzo licz\u0105! W zwi\u0105zku z mo\u017cliwo\u015bci\u0105 uzyskiwania odpust\u00f3w za zmar\u0142ych Pan Jezus powiedzia\u0142 \u015bw. S. Faustynie: \u201eBierz ze skarbca Mojego Ko\u015bcio\u0142a wszystkie odpusty i ofiaruj za nie\u2026 O gdyby\u015b zna\u0142a ich m\u0119k\u0119, ustawicznie by\u015b ofiarowa\u0142a za nie ja\u0142mu\u017cn\u0119 ducha i sp\u0142aca\u0142a ich d\u0142ugi mojej sprawiedliwo\u015bci\u201d\u2026 a ona to zapisa\u0142a w swoim Dzienniczku.<br \/>\nCi, kt\u00f3rzy odeszli ju\u017c z tego \u015bwiata licz\u0105 na to, \u017ce rozumiemy jak wielk\u0105 warto\u015b\u0107 ma dla nich: codzienna modlitwa, zamawiane intencje mszalne i wypominki, zyskiwane z pomoc\u0105 Ko\u015bcio\u0142a odpusty. Na szcz\u0119\u015bcie s\u0105 jeszcze w naszych czasach ludzie wierz\u0105cy, kt\u00f3rzy nie szcz\u0119dz\u0105 ani czasu, ani finansowych ofiar, by pomaga\u0107 duszom w czy\u015b\u0107cu cierpi\u0105cym. Wielu z was zamawia w roku nawet kilkana\u015bcie Mszy \u015bwi\u0119tych za swoich bliskich zmar\u0142ych. Sk\u0142adacie za zmar\u0142ych wypominki te jednorazowe, listopadowe i te roczne, prosz\u0105c dla nich o \u0142ask\u0119 Nieba. Jestem pe\u0142en podziwu dla dw\u00f3ch m\u0119\u017cczyzn w naszej ko\u015bcielnej wsp\u00f3lnocie, kt\u00f3rzy co roku zamawiaj\u0105 po 12 Mszy \u015bwi\u0119tych za dusze w czy\u015b\u0107cu cierpi\u0105ce! To jest wprost nieoceniona pomoc! Jak te dusze b\u0119d\u0105 wam za to ogromnie wdzi\u0119czne, bo dzi\u0119ki wam osi\u0105gn\u0105 Niebo!<br \/>\nAle w to dzisiejsze wspomnienie o zmar\u0142ych, pomy\u015blmy te\u017c o sobie. Pami\u0119tajmy, \u017ce za ka\u017cdy grzech przyjdzie nam te\u017c odpokutowa\u0107. W Spowiedzi B\u00f3g w swoim mi\u0142osierdziu odpuszcza nam grzechy, ale pozostaje jeszcze sprawiedliwa kara za nasze grzechy. Chwa\u0142a Bogu, je\u015bli zdo\u0142amy odpokutowa\u0107 za nasze grzechy jeszcze tu na ziemi! Je\u015bli si\u0119 to jednak nie dokona przed naszym odej\u015bciem z tego \u015bwiata, to b\u0119dzie potrzebne nam oczyszczenie\u00a0 w czy\u015b\u0107cu! Pami\u0119tajmy, \u017ce zado\u015b\u0107uczynienie Bogu za nasze grzechy to: uczynki pokutne &#8211; modlitwa, post i ja\u0142mu\u017cna, cz\u0119sty udzia\u0142 w Mszach \u015bwi\u0119tych, cz\u0119ste przyst\u0119powanie do Spowiedzi \u015bwi\u0119tej, a tak\u017ce cz\u0119ste przyjmowanie Komunii \u015bwi\u0119tej, szczeg\u00f3lnie w Pierwsze Pi\u0105tki Miesi\u0105ca jako Komuni\u0119 \u015bwi\u0119t\u0105 \u00a0wynagradzaj\u0105ca Naj\u015bwi\u0119tszemu Sercu Jezusa za pope\u0142nione grzechy!<br \/>\nMoi Kochani! Prosz\u0105c o Niebo dla dusz w czy\u015b\u0107cu cierpi\u0105cych, dbajmy te\u017c o nasze zbawienie i o zbawienie naszych bliskich \u017cyj\u0105cych jeszcze na tej ziemi. Amen.<br \/>\n(o.R.)<\/p>\n","protected":false},"excerpt":{"rendered":"<p>Z kazania na kalwaryjskim Wzg\u00f3rzu \u2013 Wtorek\u00a0 02.11.2021r. Wspomnienie Wszystkich Wiernych Zmar\u0142ych. W uroczysto\u015b\u0107 Wszystkich \u015awi\u0119tych u\u015bwiadomili\u015bmy sobie, \u017ce ka\u017cdy w \u017cyciu musi sam wybra\u0107 drog\u0119, kt\u00f3r\u0105 pragnie kroczy\u0107 na ziemi. Je\u017celi chcemy tak jak \u015awi\u0119ci otrzyma\u0107 na ca\u0142\u0105 wieczno\u015b\u0107 mieszkanie przygotowane nam przez Boga, to warto tak jak oni wybra\u0107 drog\u0119, kt\u00f3ra nas do &hellip;<\/p>\n","protected":false},"author":2,"featured_media":20610,"comment_status":"closed","ping_status":"closed","sticky":false,"template":"","format":"standard","meta":{"_mi_skip_tracking":false,"_exactmetrics_sitenote_active":false,"_exactmetrics_sitenote_note":"","_exactmetrics_sitenote_category":0},"categories":[14],"tags":[],"yoast_head":"<!-- This site is optimized with the Yoast SEO plugin v18.1 - https:\/\/yoast.com\/wordpress\/plugins\/seo\/ -->\n<title>Do medytacji z kalwaryjskiego Wzg\u00f3rza \u2013 Wtorek 02.11.2021r. - Pako\u015b\u0107 \u2013 Kalwaria<\/title>\n<meta name=\"robots\" content=\"index, follow, max-snippet:-1, max-image-preview:large, max-video-preview:-1\" \/>\n<link rel=\"canonical\" href=\"https:\/\/pakosc-kalwaria.franciszkanie.net\/index.php\/2021\/11\/02\/do-medytacji-z-kalwaryjskiego-wzgorza-wtorek-02-11-2021r\/\" \/>\n<meta property=\"og:locale\" content=\"pl_PL\" \/>\n<meta property=\"og:type\" content=\"article\" \/>\n<meta property=\"og:title\" content=\"Do medytacji z kalwaryjskiego Wzg\u00f3rza \u2013 Wtorek 02.11.2021r. - Pako\u015b\u0107 \u2013 Kalwaria\" \/>\n<meta property=\"og:description\" content=\"Z kazania na kalwaryjskim Wzg\u00f3rzu \u2013 Wtorek\u00a0 02.11.2021r. Wspomnienie Wszystkich Wiernych Zmar\u0142ych. W uroczysto\u015b\u0107 Wszystkich \u015awi\u0119tych u\u015bwiadomili\u015bmy sobie, \u017ce ka\u017cdy w \u017cyciu musi sam wybra\u0107 drog\u0119, kt\u00f3r\u0105 pragnie kroczy\u0107 na ziemi. Je\u017celi chcemy tak jak \u015awi\u0119ci otrzyma\u0107 na ca\u0142\u0105 wieczno\u015b\u0107 mieszkanie przygotowane nam przez Boga, to warto tak jak oni wybra\u0107 drog\u0119, kt\u00f3ra nas do &hellip;\" \/>\n<meta property=\"og:url\" content=\"https:\/\/pakosc-kalwaria.franciszkanie.net\/index.php\/2021\/11\/02\/do-medytacji-z-kalwaryjskiego-wzgorza-wtorek-02-11-2021r\/\" \/>\n<meta property=\"og:site_name\" content=\"Pako\u015b\u0107 \u2013 Kalwaria\" \/>\n<meta property=\"article:author\" content=\"https:\/\/www.facebook.com\/KalwariaPakosc\/\" \/>\n<meta property=\"article:published_time\" content=\"2021-11-02T17:00:39+00:00\" \/>\n<meta property=\"article:modified_time\" content=\"2021-11-02T15:00:12+00:00\" \/>\n<meta property=\"og:image\" content=\"https:\/\/pakosc-kalwaria.franciszkanie.net\/wp-content\/uploads\/2021\/11\/do-wypominek-200x150.jpg\" \/>\n\t<meta property=\"og:image:width\" content=\"300\" \/>\n\t<meta property=\"og:image:height\" content=\"225\" \/>\n\t<meta property=\"og:image:type\" content=\"image\/jpeg\" \/>\n<meta name=\"twitter:card\" content=\"summary\" \/>\n<meta name=\"twitter:label1\" content=\"Napisane przez\" \/>\n\t<meta name=\"twitter:data1\" content=\"pakosc-kalwaria\" \/>\n\t<meta name=\"twitter:label2\" content=\"Szacowany czas czytania\" \/>\n\t<meta name=\"twitter:data2\" content=\"4 minuty\" \/>\n<script type=\"application\/ld+json\" class=\"yoast-schema-graph\">{\"@context\":\"https:\/\/schema.org\",\"@graph\":[{\"@type\":\"WebSite\",\"@id\":\"https:\/\/pakosc-kalwaria.franciszkanie.net\/#website\",\"url\":\"https:\/\/pakosc-kalwaria.franciszkanie.net\/\",\"name\":\"Pako\u015b\u0107 \u2013 Kalwaria\",\"description\":\"Parafia Rzymsko \u2013 Katolicka p.w. Pana Jezusa Ukrzy\u017cowanego i  Matki Bo\u017cej Bolesnej ul. Barci\u0144ska 60, 88\u2013170 Pako\u015b\u0107 \u2013 Kalwaria\",\"potentialAction\":[{\"@type\":\"SearchAction\",\"target\":{\"@type\":\"EntryPoint\",\"urlTemplate\":\"https:\/\/pakosc-kalwaria.franciszkanie.net\/?s={search_term_string}\"},\"query-input\":\"required name=search_term_string\"}],\"inLanguage\":\"pl-PL\"},{\"@type\":\"ImageObject\",\"@id\":\"https:\/\/pakosc-kalwaria.franciszkanie.net\/index.php\/2021\/11\/02\/do-medytacji-z-kalwaryjskiego-wzgorza-wtorek-02-11-2021r\/#primaryimage\",\"inLanguage\":\"pl-PL\",\"url\":\"https:\/\/pakosc-kalwaria.franciszkanie.net\/wp-content\/uploads\/2021\/11\/do-wypominek-200x150.jpg\",\"contentUrl\":\"https:\/\/pakosc-kalwaria.franciszkanie.net\/wp-content\/uploads\/2021\/11\/do-wypominek-200x150.jpg\",\"width\":300,\"height\":225},{\"@type\":\"WebPage\",\"@id\":\"https:\/\/pakosc-kalwaria.franciszkanie.net\/index.php\/2021\/11\/02\/do-medytacji-z-kalwaryjskiego-wzgorza-wtorek-02-11-2021r\/#webpage\",\"url\":\"https:\/\/pakosc-kalwaria.franciszkanie.net\/index.php\/2021\/11\/02\/do-medytacji-z-kalwaryjskiego-wzgorza-wtorek-02-11-2021r\/\",\"name\":\"Do medytacji z kalwaryjskiego Wzg\u00f3rza \u2013 Wtorek 02.11.2021r. - Pako\u015b\u0107 \u2013 Kalwaria\",\"isPartOf\":{\"@id\":\"https:\/\/pakosc-kalwaria.franciszkanie.net\/#website\"},\"primaryImageOfPage\":{\"@id\":\"https:\/\/pakosc-kalwaria.franciszkanie.net\/index.php\/2021\/11\/02\/do-medytacji-z-kalwaryjskiego-wzgorza-wtorek-02-11-2021r\/#primaryimage\"},\"datePublished\":\"2021-11-02T17:00:39+00:00\",\"dateModified\":\"2021-11-02T15:00:12+00:00\",\"author\":{\"@id\":\"https:\/\/pakosc-kalwaria.franciszkanie.net\/#\/schema\/person\/af10b943be0760709227d060eadcb2aa\"},\"breadcrumb\":{\"@id\":\"https:\/\/pakosc-kalwaria.franciszkanie.net\/index.php\/2021\/11\/02\/do-medytacji-z-kalwaryjskiego-wzgorza-wtorek-02-11-2021r\/#breadcrumb\"},\"inLanguage\":\"pl-PL\",\"potentialAction\":[{\"@type\":\"ReadAction\",\"target\":[\"https:\/\/pakosc-kalwaria.franciszkanie.net\/index.php\/2021\/11\/02\/do-medytacji-z-kalwaryjskiego-wzgorza-wtorek-02-11-2021r\/\"]}]},{\"@type\":\"BreadcrumbList\",\"@id\":\"https:\/\/pakosc-kalwaria.franciszkanie.net\/index.php\/2021\/11\/02\/do-medytacji-z-kalwaryjskiego-wzgorza-wtorek-02-11-2021r\/#breadcrumb\",\"itemListElement\":[{\"@type\":\"ListItem\",\"position\":1,\"name\":\"Strona g\u0142\u00f3wna\",\"item\":\"https:\/\/pakosc-kalwaria.franciszkanie.net\/\"},{\"@type\":\"ListItem\",\"position\":2,\"name\":\"Do medytacji z kalwaryjskiego Wzg\u00f3rza \u2013 Wtorek 02.11.2021r.\"}]},{\"@type\":\"Person\",\"@id\":\"https:\/\/pakosc-kalwaria.franciszkanie.net\/#\/schema\/person\/af10b943be0760709227d060eadcb2aa\",\"name\":\"pakosc-kalwaria\",\"image\":{\"@type\":\"ImageObject\",\"@id\":\"https:\/\/pakosc-kalwaria.franciszkanie.net\/#personlogo\",\"inLanguage\":\"pl-PL\",\"url\":\"https:\/\/secure.gravatar.com\/avatar\/e7049d338b55eac6a0027ff3218b8d02?s=96&d=mm&r=g\",\"contentUrl\":\"https:\/\/secure.gravatar.com\/avatar\/e7049d338b55eac6a0027ff3218b8d02?s=96&d=mm&r=g\",\"caption\":\"pakosc-kalwaria\"},\"sameAs\":[\"https:\/\/www.facebook.com\/KalwariaPakosc\/\"],\"url\":\"https:\/\/pakosc-kalwaria.franciszkanie.net\/index.php\/author\/pakosc-kalwaria\/\"}]}<\/script>\n<!-- \/ Yoast SEO plugin. -->","yoast_head_json":{"title":"Do medytacji z kalwaryjskiego Wzg\u00f3rza \u2013 Wtorek 02.11.2021r. - Pako\u015b\u0107 \u2013 Kalwaria","robots":{"index":"index","follow":"follow","max-snippet":"max-snippet:-1","max-image-preview":"max-image-preview:large","max-video-preview":"max-video-preview:-1"},"canonical":"https:\/\/pakosc-kalwaria.franciszkanie.net\/index.php\/2021\/11\/02\/do-medytacji-z-kalwaryjskiego-wzgorza-wtorek-02-11-2021r\/","og_locale":"pl_PL","og_type":"article","og_title":"Do medytacji z kalwaryjskiego Wzg\u00f3rza \u2013 Wtorek 02.11.2021r. - Pako\u015b\u0107 \u2013 Kalwaria","og_description":"Z kazania na kalwaryjskim Wzg\u00f3rzu \u2013 Wtorek\u00a0 02.11.2021r. Wspomnienie Wszystkich Wiernych Zmar\u0142ych. W uroczysto\u015b\u0107 Wszystkich \u015awi\u0119tych u\u015bwiadomili\u015bmy sobie, \u017ce ka\u017cdy w \u017cyciu musi sam wybra\u0107 drog\u0119, kt\u00f3r\u0105 pragnie kroczy\u0107 na ziemi. Je\u017celi chcemy tak jak \u015awi\u0119ci otrzyma\u0107 na ca\u0142\u0105 wieczno\u015b\u0107 mieszkanie przygotowane nam przez Boga, to warto tak jak oni wybra\u0107 drog\u0119, kt\u00f3ra nas do &hellip;","og_url":"https:\/\/pakosc-kalwaria.franciszkanie.net\/index.php\/2021\/11\/02\/do-medytacji-z-kalwaryjskiego-wzgorza-wtorek-02-11-2021r\/","og_site_name":"Pako\u015b\u0107 \u2013 Kalwaria","article_author":"https:\/\/www.facebook.com\/KalwariaPakosc\/","article_published_time":"2021-11-02T17:00:39+00:00","article_modified_time":"2021-11-02T15:00:12+00:00","og_image":[{"width":300,"height":225,"url":"https:\/\/pakosc-kalwaria.franciszkanie.net\/wp-content\/uploads\/2021\/11\/do-wypominek-200x150.jpg","type":"image\/jpeg"}],"twitter_card":"summary","twitter_misc":{"Napisane przez":"pakosc-kalwaria","Szacowany czas czytania":"4 minuty"},"schema":{"@context":"https:\/\/schema.org","@graph":[{"@type":"WebSite","@id":"https:\/\/pakosc-kalwaria.franciszkanie.net\/#website","url":"https:\/\/pakosc-kalwaria.franciszkanie.net\/","name":"Pako\u015b\u0107 \u2013 Kalwaria","description":"Parafia Rzymsko \u2013 Katolicka p.w. Pana Jezusa Ukrzy\u017cowanego i  Matki Bo\u017cej Bolesnej ul. Barci\u0144ska 60, 88\u2013170 Pako\u015b\u0107 \u2013 Kalwaria","potentialAction":[{"@type":"SearchAction","target":{"@type":"EntryPoint","urlTemplate":"https:\/\/pakosc-kalwaria.franciszkanie.net\/?s={search_term_string}"},"query-input":"required name=search_term_string"}],"inLanguage":"pl-PL"},{"@type":"ImageObject","@id":"https:\/\/pakosc-kalwaria.franciszkanie.net\/index.php\/2021\/11\/02\/do-medytacji-z-kalwaryjskiego-wzgorza-wtorek-02-11-2021r\/#primaryimage","inLanguage":"pl-PL","url":"https:\/\/pakosc-kalwaria.franciszkanie.net\/wp-content\/uploads\/2021\/11\/do-wypominek-200x150.jpg","contentUrl":"https:\/\/pakosc-kalwaria.franciszkanie.net\/wp-content\/uploads\/2021\/11\/do-wypominek-200x150.jpg","width":300,"height":225},{"@type":"WebPage","@id":"https:\/\/pakosc-kalwaria.franciszkanie.net\/index.php\/2021\/11\/02\/do-medytacji-z-kalwaryjskiego-wzgorza-wtorek-02-11-2021r\/#webpage","url":"https:\/\/pakosc-kalwaria.franciszkanie.net\/index.php\/2021\/11\/02\/do-medytacji-z-kalwaryjskiego-wzgorza-wtorek-02-11-2021r\/","name":"Do medytacji z kalwaryjskiego Wzg\u00f3rza \u2013 Wtorek 02.11.2021r. - Pako\u015b\u0107 \u2013 Kalwaria","isPartOf":{"@id":"https:\/\/pakosc-kalwaria.franciszkanie.net\/#website"},"primaryImageOfPage":{"@id":"https:\/\/pakosc-kalwaria.franciszkanie.net\/index.php\/2021\/11\/02\/do-medytacji-z-kalwaryjskiego-wzgorza-wtorek-02-11-2021r\/#primaryimage"},"datePublished":"2021-11-02T17:00:39+00:00","dateModified":"2021-11-02T15:00:12+00:00","author":{"@id":"https:\/\/pakosc-kalwaria.franciszkanie.net\/#\/schema\/person\/af10b943be0760709227d060eadcb2aa"},"breadcrumb":{"@id":"https:\/\/pakosc-kalwaria.franciszkanie.net\/index.php\/2021\/11\/02\/do-medytacji-z-kalwaryjskiego-wzgorza-wtorek-02-11-2021r\/#breadcrumb"},"inLanguage":"pl-PL","potentialAction":[{"@type":"ReadAction","target":["https:\/\/pakosc-kalwaria.franciszkanie.net\/index.php\/2021\/11\/02\/do-medytacji-z-kalwaryjskiego-wzgorza-wtorek-02-11-2021r\/"]}]},{"@type":"BreadcrumbList","@id":"https:\/\/pakosc-kalwaria.franciszkanie.net\/index.php\/2021\/11\/02\/do-medytacji-z-kalwaryjskiego-wzgorza-wtorek-02-11-2021r\/#breadcrumb","itemListElement":[{"@type":"ListItem","position":1,"name":"Strona g\u0142\u00f3wna","item":"https:\/\/pakosc-kalwaria.franciszkanie.net\/"},{"@type":"ListItem","position":2,"name":"Do medytacji z kalwaryjskiego Wzg\u00f3rza \u2013 Wtorek 02.11.2021r."}]},{"@type":"Person","@id":"https:\/\/pakosc-kalwaria.franciszkanie.net\/#\/schema\/person\/af10b943be0760709227d060eadcb2aa","name":"pakosc-kalwaria","image":{"@type":"ImageObject","@id":"https:\/\/pakosc-kalwaria.franciszkanie.net\/#personlogo","inLanguage":"pl-PL","url":"https:\/\/secure.gravatar.com\/avatar\/e7049d338b55eac6a0027ff3218b8d02?s=96&d=mm&r=g","contentUrl":"https:\/\/secure.gravatar.com\/avatar\/e7049d338b55eac6a0027ff3218b8d02?s=96&d=mm&r=g","caption":"pakosc-kalwaria"},"sameAs":["https:\/\/www.facebook.com\/KalwariaPakosc\/"],"url":"https:\/\/pakosc-kalwaria.franciszkanie.net\/index.php\/author\/pakosc-kalwaria\/"}]}},"_links":{"self":[{"href":"https:\/\/pakosc-kalwaria.franciszkanie.net\/index.php\/wp-json\/wp\/v2\/posts\/20609"}],"collection":[{"href":"https:\/\/pakosc-kalwaria.franciszkanie.net\/index.php\/wp-json\/wp\/v2\/posts"}],"about":[{"href":"https:\/\/pakosc-kalwaria.franciszkanie.net\/index.php\/wp-json\/wp\/v2\/types\/post"}],"author":[{"embeddable":true,"href":"https:\/\/pakosc-kalwaria.franciszkanie.net\/index.php\/wp-json\/wp\/v2\/users\/2"}],"replies":[{"embeddable":true,"href":"https:\/\/pakosc-kalwaria.franciszkanie.net\/index.php\/wp-json\/wp\/v2\/comments?post=20609"}],"version-history":[{"count":3,"href":"https:\/\/pakosc-kalwaria.franciszkanie.net\/index.php\/wp-json\/wp\/v2\/posts\/20609\/revisions"}],"predecessor-version":[{"id":20613,"href":"https:\/\/pakosc-kalwaria.franciszkanie.net\/index.php\/wp-json\/wp\/v2\/posts\/20609\/revisions\/20613"}],"wp:featuredmedia":[{"embeddable":true,"href":"https:\/\/pakosc-kalwaria.franciszkanie.net\/index.php\/wp-json\/wp\/v2\/media\/20610"}],"wp:attachment":[{"href":"https:\/\/pakosc-kalwaria.franciszkanie.net\/index.php\/wp-json\/wp\/v2\/media?parent=20609"}],"wp:term":[{"taxonomy":"category","embeddable":true,"href":"https:\/\/pakosc-kalwaria.franciszkanie.net\/index.php\/wp-json\/wp\/v2\/categories?post=20609"},{"taxonomy":"post_tag","embeddable":true,"href":"https:\/\/pakosc-kalwaria.franciszkanie.net\/index.php\/wp-json\/wp\/v2\/tags?post=20609"}],"curies":[{"name":"wp","href":"https:\/\/api.w.org\/{rel}","templated":true}]}}