{"id":20625,"date":"2021-11-05T18:00:14","date_gmt":"2021-11-05T17:00:14","guid":{"rendered":"http:\/\/pakosc-kalwaria.franciszkanie.net\/?p=20625"},"modified":"2021-11-05T16:17:41","modified_gmt":"2021-11-05T15:17:41","slug":"do-medytacji-z-kalwaryjskiego-wzgorza-piatek-05-11-2021r","status":"publish","type":"post","link":"https:\/\/pakosc-kalwaria.franciszkanie.net\/index.php\/2021\/11\/05\/do-medytacji-z-kalwaryjskiego-wzgorza-piatek-05-11-2021r\/","title":{"rendered":"Do medytacji z kalwaryjskiego Wzg\u00f3rza \u2013 pi\u0105tek 05.11.2021r."},"content":{"rendered":"<p><strong><span style=\"color: #ff0000;\">Z kazania na kalwaryjskim Wzg\u00f3rzu \u2013 05.11.2021r.<\/span><\/strong><\/p>\n<p><strong>Owoce Komunii \u015bwi\u0119tej<\/strong><strong>.<br \/>\n<\/strong>Jezus Chrystus zapowiadaj\u0105c ustanowienie Naj\u015bwi\u0119tszej Eucharystii powiedzia\u0142: \u201eCia\u0142o moje prawdziwie jest pokarmem, a Krew moja prawdziwie jest napojem. Kto spo\u017cywa moje Cia\u0142o i Krew moj\u0105 pije, trwa we Mnie, a Ja w nim\u201d. To dlatego doskona\u0142ym i pe\u0142nym uczestnictwem we Mszy \u015bwi\u0119tej, jest przyjmowanie Komunii \u015bwi\u0119tej. Przyjmuj\u0105c Komuni\u0119 \u015bwi\u0119t\u0105 przyjmujemy samego Chrystusa, a wraz z Nim czerpiemy z Eucharystii najwi\u0119cej \u0142ask. \u015aw. Tomasz z Akwinu m\u00f3wi, \u017ce \u201eEucharystia to najwi\u0119ksze dobro duchowe Ko\u015bcio\u0142a\u201d. Nie ma wi\u0119kszego dobra, bo tym dobrem p\u0142yn\u0105cym z Eucharystii jest sam Chrystus! Wszystkie inne sakramenty zmierzaj\u0105 do Eucharystii. Eucharystia jak uczy Ko\u015bci\u00f3\u0142 jest \u201e\u017ar\u00f3d\u0142em i szczytem chrze\u015bcija\u0144skiego \u017cycia\u201d.<br \/>\nJakie s\u0105 owoce Komunii \u015bwi\u0119tej? Dlaczego nale\u017cy i warto\u00a0 j\u0105 jak najcz\u0119\u015bciej przyjmowa\u0107?<br \/>\nKomunia \u015bwi\u0119ta jest realnym, rzeczywistym nawiedzeniem naszej duszy przez Boga. B\u00f3g rzeczywi\u015bcie do nas przychodzi. To spotkanie z Bogiem w naszej duszy powinno by\u0107 dla nas ka\u017cdego dnia, najbardziej upragnionym spotkaniem. B\u00f3g przychodzi do nas, poniewa\u017c nas bardzo kocha. Przychodzi do nas, by z nami rozmawia\u0107, by s\u0142ucha\u0107 o naszych sprawach, by pociesza\u0107 i dawa\u0107 nam\u00a0 w \u017cyciu potrzebne si\u0142y.<br \/>\nDzi\u0119ki temu spotkaniu z Bogiem w Komunii \u015bwi\u0119tej sp\u0142ywa na nas \u015bwi\u0119to\u015b\u0107 i mi\u0142o\u015b\u0107 samego Boga. St\u0105d wezwanie Boga: \u015awi\u0119tymi b\u0105d\u017acie, bo ja jestem \u015awi\u0119ty\u201d\u2026 \u201eB\u0105d\u017acie mi\u0142osierni, jak Ojciec wasz Niebieski jest mi\u0142osierny\u201d.<br \/>\nKomunia \u015bwi\u0119ta podtrzymuje w nas i w naszej duszy \u017cycie Bo\u017ce, podobnie jak pokarm podtrzymuje \u017cycie cia\u0142a. Kto w \u017cyciu przestanie je\u015b\u0107, to pr\u0119dzej czy p\u00f3\u017aniej umrze z g\u0142odu. Kto przestaje przyst\u0119powa\u0107 do Komunii \u015bwi\u0119tej, traci w sobie \u017cycie Bo\u017ce, poniewa\u017c w duszy przestaje obecny by\u0107 B\u00f3g.<br \/>\nKomunia \u015bwi\u0119ta daje wzrost, czyli pomna\u017ca w nas cnoty Boskie. Sprawia, \u017ce wzrastamy w wierze, nadziei i mi\u0142o\u015bci. Ka\u017cda Komunia \u015bwi\u0119ta, sprawia, \u017ce jest w nas coraz wi\u0119cej Bo\u017cej \u0142aski, kt\u00f3ra jest konieczna do zbawienia i do dobrego \u017cycia. Chrystus zapewnia: \u201eKto trwa we Mnie, a ja w nim, ten przynosi owoc obfity\u201d.<br \/>\nKomunia \u015bwi\u0119ta oczyszcza te\u017c nasz\u0105 dusz\u0119! Ka\u017cda Komunia \u015bwi\u0119ta g\u0142adzi w naszej duszy grzechy lekkie, powszednie, za kt\u00f3re przepraszamy Boga na pocz\u0105tku Mszy \u015bwi\u0119tej! Pomaga te\u017c w tym, aby\u015bmy na co dzie\u0144 mniej grzeszyli. \u015aw. Ambro\u017cy radzi\u0142, aby Komuni\u0119 \u015bwi\u0119t\u0105 cz\u0119sto przyjmowa\u0107 jako \u201e\u015brodek przeciwko codziennym s\u0142abo\u015bciom\u201d.<br \/>\nKomunia \u015bwi\u0119ta przyj\u0119ta z wiar\u0105 i mi\u0142o\u015bci\u0105 sprawia, \u017ce odczuwamy w sobie wi\u0119cej pokoju i rado\u015bci.<br \/>\nKomunia \u015bwi\u0119ta nie tylko \u0142\u0105czy nas z Bogiem, ale \u0142\u0105czy tak\u017ce ludzi mi\u0119dzy sob\u0105. Dlatego tak bardzo wa\u017cne jest, by jak najcz\u0119\u015bciej ca\u0142a rodzina przyst\u0119powa\u0142a do Komunii \u015bwi\u0119tej, zar\u00f3wno dzieci, rodzice, jak i ma\u0142\u017conkowie.\u00a0 Je\u017celi cz\u0142owiek chce w \u017cyciu dobrym, to musi w sobie nosi\u0107 Boga, poniewa\u017c jak uczy Chrystus, tak naprawd\u0119 to \u201etylko B\u00f3g jest Dobry\u201d, a ka\u017cdy z nas mo\u017ce by\u0107 dobrym i czyni\u0107 w \u017cyciu dobro, tylko dzi\u0119ki Bogu i Jego \u0142asce. Je\u017celi b\u0119dziemy cz\u0119sto przyst\u0119powa\u0107 do Komunii \u015bwi\u0119tej, to \u0142atwiej nam b\u0119dzie okazywa\u0107 mi\u0142o\u015b\u0107 i dobro\u0107 w naszych s\u0142owach i uczynkach!<br \/>\nMoi Kochani! Ka\u017cda przyj\u0119ta Komunia \u015bwi\u0119ta powinna nas nape\u0142nia\u0107 wielkim szcz\u0119\u015bciem, p\u0142yn\u0105cym ze spotkania z Jezusem Chrystusem, kt\u00f3ry po Komunii \u015bwi\u0119tej jest obecny w naszych sercach Dlatego tak wa\u017cne jest dzi\u0119kczynienie po Komunii \u015bwi\u0119tej, za to, \u017ce Chrystus chcia\u0142 przyj\u015b\u0107 do mnie, by obdarzy\u0107 kolejnymi \u0142askami i darami.<br \/>\nZapami\u0119tajmy do ko\u0144ca naszego \u017cycia na ziemi s\u0142owa Jezusa: \u201eJam jest chleb \u017cywy, kt\u00f3ry z Nieba zst\u0105pi\u0142. Je\u015bli kto spo\u017cywa ten chleb, \u017cy\u0107 b\u0119dzie na wieki\u201d. Chrystus zapewnia, \u017ce Komunia \u015bwi\u0119ta, czyli spo\u017cywanie jego Cia\u0142a, to najwa\u017cniejszy pokarm w drodze do Domu Ojca, czyli w drodze do Nieba: \u201eKto spo\u017cywa moje Cia\u0142o\u2026 ma \u017cycie wieczne, a ja go wskrzesz\u0119 w dniu ostatecznym\u201d. Amen.<br \/>\n(o.R.)<\/p>\n","protected":false},"excerpt":{"rendered":"<p>Z kazania na kalwaryjskim Wzg\u00f3rzu \u2013 05.11.2021r. Owoce Komunii \u015bwi\u0119tej. Jezus Chrystus zapowiadaj\u0105c ustanowienie Naj\u015bwi\u0119tszej Eucharystii powiedzia\u0142: \u201eCia\u0142o moje prawdziwie jest pokarmem, a Krew moja prawdziwie jest napojem. Kto spo\u017cywa moje Cia\u0142o i Krew moj\u0105 pije, trwa we Mnie, a Ja w nim\u201d. To dlatego doskona\u0142ym i pe\u0142nym uczestnictwem we Mszy \u015bwi\u0119tej, jest przyjmowanie Komunii &hellip;<\/p>\n","protected":false},"author":2,"featured_media":20588,"comment_status":"closed","ping_status":"closed","sticky":false,"template":"","format":"standard","meta":{"_mi_skip_tracking":false,"_exactmetrics_sitenote_active":false,"_exactmetrics_sitenote_note":"","_exactmetrics_sitenote_category":0},"categories":[14],"tags":[],"yoast_head":"<!-- This site is optimized with the Yoast SEO plugin v18.1 - https:\/\/yoast.com\/wordpress\/plugins\/seo\/ -->\n<title>Do medytacji z kalwaryjskiego Wzg\u00f3rza \u2013 pi\u0105tek 05.11.2021r. - Pako\u015b\u0107 \u2013 Kalwaria<\/title>\n<meta name=\"robots\" content=\"index, follow, max-snippet:-1, max-image-preview:large, max-video-preview:-1\" \/>\n<link rel=\"canonical\" href=\"https:\/\/pakosc-kalwaria.franciszkanie.net\/index.php\/2021\/11\/05\/do-medytacji-z-kalwaryjskiego-wzgorza-piatek-05-11-2021r\/\" \/>\n<meta property=\"og:locale\" content=\"pl_PL\" \/>\n<meta property=\"og:type\" content=\"article\" \/>\n<meta property=\"og:title\" content=\"Do medytacji z kalwaryjskiego Wzg\u00f3rza \u2013 pi\u0105tek 05.11.2021r. - Pako\u015b\u0107 \u2013 Kalwaria\" \/>\n<meta property=\"og:description\" content=\"Z kazania na kalwaryjskim Wzg\u00f3rzu \u2013 05.11.2021r. Owoce Komunii \u015bwi\u0119tej. Jezus Chrystus zapowiadaj\u0105c ustanowienie Naj\u015bwi\u0119tszej Eucharystii powiedzia\u0142: \u201eCia\u0142o moje prawdziwie jest pokarmem, a Krew moja prawdziwie jest napojem. Kto spo\u017cywa moje Cia\u0142o i Krew moj\u0105 pije, trwa we Mnie, a Ja w nim\u201d. To dlatego doskona\u0142ym i pe\u0142nym uczestnictwem we Mszy \u015bwi\u0119tej, jest przyjmowanie Komunii &hellip;\" \/>\n<meta property=\"og:url\" content=\"https:\/\/pakosc-kalwaria.franciszkanie.net\/index.php\/2021\/11\/05\/do-medytacji-z-kalwaryjskiego-wzgorza-piatek-05-11-2021r\/\" \/>\n<meta property=\"og:site_name\" content=\"Pako\u015b\u0107 \u2013 Kalwaria\" \/>\n<meta property=\"article:author\" content=\"https:\/\/www.facebook.com\/KalwariaPakosc\/\" \/>\n<meta property=\"article:published_time\" content=\"2021-11-05T17:00:14+00:00\" \/>\n<meta property=\"article:modified_time\" content=\"2021-11-05T15:17:41+00:00\" \/>\n<meta property=\"og:image\" content=\"https:\/\/pakosc-kalwaria.franciszkanie.net\/wp-content\/uploads\/2021\/10\/DSCN1602-1.jpg\" \/>\n\t<meta property=\"og:image:width\" content=\"300\" \/>\n\t<meta property=\"og:image:height\" content=\"225\" \/>\n\t<meta property=\"og:image:type\" content=\"image\/jpeg\" \/>\n<meta name=\"twitter:card\" content=\"summary\" \/>\n<meta name=\"twitter:label1\" content=\"Napisane przez\" \/>\n\t<meta name=\"twitter:data1\" content=\"pakosc-kalwaria\" \/>\n\t<meta name=\"twitter:label2\" content=\"Szacowany czas czytania\" \/>\n\t<meta name=\"twitter:data2\" content=\"4 minuty\" \/>\n<script type=\"application\/ld+json\" class=\"yoast-schema-graph\">{\"@context\":\"https:\/\/schema.org\",\"@graph\":[{\"@type\":\"WebSite\",\"@id\":\"https:\/\/pakosc-kalwaria.franciszkanie.net\/#website\",\"url\":\"https:\/\/pakosc-kalwaria.franciszkanie.net\/\",\"name\":\"Pako\u015b\u0107 \u2013 Kalwaria\",\"description\":\"Parafia Rzymsko \u2013 Katolicka p.w. Pana Jezusa Ukrzy\u017cowanego i  Matki Bo\u017cej Bolesnej ul. Barci\u0144ska 60, 88\u2013170 Pako\u015b\u0107 \u2013 Kalwaria\",\"potentialAction\":[{\"@type\":\"SearchAction\",\"target\":{\"@type\":\"EntryPoint\",\"urlTemplate\":\"https:\/\/pakosc-kalwaria.franciszkanie.net\/?s={search_term_string}\"},\"query-input\":\"required name=search_term_string\"}],\"inLanguage\":\"pl-PL\"},{\"@type\":\"ImageObject\",\"@id\":\"https:\/\/pakosc-kalwaria.franciszkanie.net\/index.php\/2021\/11\/05\/do-medytacji-z-kalwaryjskiego-wzgorza-piatek-05-11-2021r\/#primaryimage\",\"inLanguage\":\"pl-PL\",\"url\":\"https:\/\/pakosc-kalwaria.franciszkanie.net\/wp-content\/uploads\/2021\/10\/DSCN1602-1.jpg\",\"contentUrl\":\"https:\/\/pakosc-kalwaria.franciszkanie.net\/wp-content\/uploads\/2021\/10\/DSCN1602-1.jpg\",\"width\":300,\"height\":225},{\"@type\":\"WebPage\",\"@id\":\"https:\/\/pakosc-kalwaria.franciszkanie.net\/index.php\/2021\/11\/05\/do-medytacji-z-kalwaryjskiego-wzgorza-piatek-05-11-2021r\/#webpage\",\"url\":\"https:\/\/pakosc-kalwaria.franciszkanie.net\/index.php\/2021\/11\/05\/do-medytacji-z-kalwaryjskiego-wzgorza-piatek-05-11-2021r\/\",\"name\":\"Do medytacji z kalwaryjskiego Wzg\u00f3rza \u2013 pi\u0105tek 05.11.2021r. - Pako\u015b\u0107 \u2013 Kalwaria\",\"isPartOf\":{\"@id\":\"https:\/\/pakosc-kalwaria.franciszkanie.net\/#website\"},\"primaryImageOfPage\":{\"@id\":\"https:\/\/pakosc-kalwaria.franciszkanie.net\/index.php\/2021\/11\/05\/do-medytacji-z-kalwaryjskiego-wzgorza-piatek-05-11-2021r\/#primaryimage\"},\"datePublished\":\"2021-11-05T17:00:14+00:00\",\"dateModified\":\"2021-11-05T15:17:41+00:00\",\"author\":{\"@id\":\"https:\/\/pakosc-kalwaria.franciszkanie.net\/#\/schema\/person\/af10b943be0760709227d060eadcb2aa\"},\"breadcrumb\":{\"@id\":\"https:\/\/pakosc-kalwaria.franciszkanie.net\/index.php\/2021\/11\/05\/do-medytacji-z-kalwaryjskiego-wzgorza-piatek-05-11-2021r\/#breadcrumb\"},\"inLanguage\":\"pl-PL\",\"potentialAction\":[{\"@type\":\"ReadAction\",\"target\":[\"https:\/\/pakosc-kalwaria.franciszkanie.net\/index.php\/2021\/11\/05\/do-medytacji-z-kalwaryjskiego-wzgorza-piatek-05-11-2021r\/\"]}]},{\"@type\":\"BreadcrumbList\",\"@id\":\"https:\/\/pakosc-kalwaria.franciszkanie.net\/index.php\/2021\/11\/05\/do-medytacji-z-kalwaryjskiego-wzgorza-piatek-05-11-2021r\/#breadcrumb\",\"itemListElement\":[{\"@type\":\"ListItem\",\"position\":1,\"name\":\"Strona g\u0142\u00f3wna\",\"item\":\"https:\/\/pakosc-kalwaria.franciszkanie.net\/\"},{\"@type\":\"ListItem\",\"position\":2,\"name\":\"Do medytacji z kalwaryjskiego Wzg\u00f3rza \u2013 pi\u0105tek 05.11.2021r.\"}]},{\"@type\":\"Person\",\"@id\":\"https:\/\/pakosc-kalwaria.franciszkanie.net\/#\/schema\/person\/af10b943be0760709227d060eadcb2aa\",\"name\":\"pakosc-kalwaria\",\"image\":{\"@type\":\"ImageObject\",\"@id\":\"https:\/\/pakosc-kalwaria.franciszkanie.net\/#personlogo\",\"inLanguage\":\"pl-PL\",\"url\":\"https:\/\/secure.gravatar.com\/avatar\/e7049d338b55eac6a0027ff3218b8d02?s=96&d=mm&r=g\",\"contentUrl\":\"https:\/\/secure.gravatar.com\/avatar\/e7049d338b55eac6a0027ff3218b8d02?s=96&d=mm&r=g\",\"caption\":\"pakosc-kalwaria\"},\"sameAs\":[\"https:\/\/www.facebook.com\/KalwariaPakosc\/\"],\"url\":\"https:\/\/pakosc-kalwaria.franciszkanie.net\/index.php\/author\/pakosc-kalwaria\/\"}]}<\/script>\n<!-- \/ Yoast SEO plugin. -->","yoast_head_json":{"title":"Do medytacji z kalwaryjskiego Wzg\u00f3rza \u2013 pi\u0105tek 05.11.2021r. - Pako\u015b\u0107 \u2013 Kalwaria","robots":{"index":"index","follow":"follow","max-snippet":"max-snippet:-1","max-image-preview":"max-image-preview:large","max-video-preview":"max-video-preview:-1"},"canonical":"https:\/\/pakosc-kalwaria.franciszkanie.net\/index.php\/2021\/11\/05\/do-medytacji-z-kalwaryjskiego-wzgorza-piatek-05-11-2021r\/","og_locale":"pl_PL","og_type":"article","og_title":"Do medytacji z kalwaryjskiego Wzg\u00f3rza \u2013 pi\u0105tek 05.11.2021r. - Pako\u015b\u0107 \u2013 Kalwaria","og_description":"Z kazania na kalwaryjskim Wzg\u00f3rzu \u2013 05.11.2021r. Owoce Komunii \u015bwi\u0119tej. Jezus Chrystus zapowiadaj\u0105c ustanowienie Naj\u015bwi\u0119tszej Eucharystii powiedzia\u0142: \u201eCia\u0142o moje prawdziwie jest pokarmem, a Krew moja prawdziwie jest napojem. Kto spo\u017cywa moje Cia\u0142o i Krew moj\u0105 pije, trwa we Mnie, a Ja w nim\u201d. To dlatego doskona\u0142ym i pe\u0142nym uczestnictwem we Mszy \u015bwi\u0119tej, jest przyjmowanie Komunii &hellip;","og_url":"https:\/\/pakosc-kalwaria.franciszkanie.net\/index.php\/2021\/11\/05\/do-medytacji-z-kalwaryjskiego-wzgorza-piatek-05-11-2021r\/","og_site_name":"Pako\u015b\u0107 \u2013 Kalwaria","article_author":"https:\/\/www.facebook.com\/KalwariaPakosc\/","article_published_time":"2021-11-05T17:00:14+00:00","article_modified_time":"2021-11-05T15:17:41+00:00","og_image":[{"width":300,"height":225,"url":"https:\/\/pakosc-kalwaria.franciszkanie.net\/wp-content\/uploads\/2021\/10\/DSCN1602-1.jpg","type":"image\/jpeg"}],"twitter_card":"summary","twitter_misc":{"Napisane przez":"pakosc-kalwaria","Szacowany czas czytania":"4 minuty"},"schema":{"@context":"https:\/\/schema.org","@graph":[{"@type":"WebSite","@id":"https:\/\/pakosc-kalwaria.franciszkanie.net\/#website","url":"https:\/\/pakosc-kalwaria.franciszkanie.net\/","name":"Pako\u015b\u0107 \u2013 Kalwaria","description":"Parafia Rzymsko \u2013 Katolicka p.w. Pana Jezusa Ukrzy\u017cowanego i  Matki Bo\u017cej Bolesnej ul. Barci\u0144ska 60, 88\u2013170 Pako\u015b\u0107 \u2013 Kalwaria","potentialAction":[{"@type":"SearchAction","target":{"@type":"EntryPoint","urlTemplate":"https:\/\/pakosc-kalwaria.franciszkanie.net\/?s={search_term_string}"},"query-input":"required name=search_term_string"}],"inLanguage":"pl-PL"},{"@type":"ImageObject","@id":"https:\/\/pakosc-kalwaria.franciszkanie.net\/index.php\/2021\/11\/05\/do-medytacji-z-kalwaryjskiego-wzgorza-piatek-05-11-2021r\/#primaryimage","inLanguage":"pl-PL","url":"https:\/\/pakosc-kalwaria.franciszkanie.net\/wp-content\/uploads\/2021\/10\/DSCN1602-1.jpg","contentUrl":"https:\/\/pakosc-kalwaria.franciszkanie.net\/wp-content\/uploads\/2021\/10\/DSCN1602-1.jpg","width":300,"height":225},{"@type":"WebPage","@id":"https:\/\/pakosc-kalwaria.franciszkanie.net\/index.php\/2021\/11\/05\/do-medytacji-z-kalwaryjskiego-wzgorza-piatek-05-11-2021r\/#webpage","url":"https:\/\/pakosc-kalwaria.franciszkanie.net\/index.php\/2021\/11\/05\/do-medytacji-z-kalwaryjskiego-wzgorza-piatek-05-11-2021r\/","name":"Do medytacji z kalwaryjskiego Wzg\u00f3rza \u2013 pi\u0105tek 05.11.2021r. - Pako\u015b\u0107 \u2013 Kalwaria","isPartOf":{"@id":"https:\/\/pakosc-kalwaria.franciszkanie.net\/#website"},"primaryImageOfPage":{"@id":"https:\/\/pakosc-kalwaria.franciszkanie.net\/index.php\/2021\/11\/05\/do-medytacji-z-kalwaryjskiego-wzgorza-piatek-05-11-2021r\/#primaryimage"},"datePublished":"2021-11-05T17:00:14+00:00","dateModified":"2021-11-05T15:17:41+00:00","author":{"@id":"https:\/\/pakosc-kalwaria.franciszkanie.net\/#\/schema\/person\/af10b943be0760709227d060eadcb2aa"},"breadcrumb":{"@id":"https:\/\/pakosc-kalwaria.franciszkanie.net\/index.php\/2021\/11\/05\/do-medytacji-z-kalwaryjskiego-wzgorza-piatek-05-11-2021r\/#breadcrumb"},"inLanguage":"pl-PL","potentialAction":[{"@type":"ReadAction","target":["https:\/\/pakosc-kalwaria.franciszkanie.net\/index.php\/2021\/11\/05\/do-medytacji-z-kalwaryjskiego-wzgorza-piatek-05-11-2021r\/"]}]},{"@type":"BreadcrumbList","@id":"https:\/\/pakosc-kalwaria.franciszkanie.net\/index.php\/2021\/11\/05\/do-medytacji-z-kalwaryjskiego-wzgorza-piatek-05-11-2021r\/#breadcrumb","itemListElement":[{"@type":"ListItem","position":1,"name":"Strona g\u0142\u00f3wna","item":"https:\/\/pakosc-kalwaria.franciszkanie.net\/"},{"@type":"ListItem","position":2,"name":"Do medytacji z kalwaryjskiego Wzg\u00f3rza \u2013 pi\u0105tek 05.11.2021r."}]},{"@type":"Person","@id":"https:\/\/pakosc-kalwaria.franciszkanie.net\/#\/schema\/person\/af10b943be0760709227d060eadcb2aa","name":"pakosc-kalwaria","image":{"@type":"ImageObject","@id":"https:\/\/pakosc-kalwaria.franciszkanie.net\/#personlogo","inLanguage":"pl-PL","url":"https:\/\/secure.gravatar.com\/avatar\/e7049d338b55eac6a0027ff3218b8d02?s=96&d=mm&r=g","contentUrl":"https:\/\/secure.gravatar.com\/avatar\/e7049d338b55eac6a0027ff3218b8d02?s=96&d=mm&r=g","caption":"pakosc-kalwaria"},"sameAs":["https:\/\/www.facebook.com\/KalwariaPakosc\/"],"url":"https:\/\/pakosc-kalwaria.franciszkanie.net\/index.php\/author\/pakosc-kalwaria\/"}]}},"_links":{"self":[{"href":"https:\/\/pakosc-kalwaria.franciszkanie.net\/index.php\/wp-json\/wp\/v2\/posts\/20625"}],"collection":[{"href":"https:\/\/pakosc-kalwaria.franciszkanie.net\/index.php\/wp-json\/wp\/v2\/posts"}],"about":[{"href":"https:\/\/pakosc-kalwaria.franciszkanie.net\/index.php\/wp-json\/wp\/v2\/types\/post"}],"author":[{"embeddable":true,"href":"https:\/\/pakosc-kalwaria.franciszkanie.net\/index.php\/wp-json\/wp\/v2\/users\/2"}],"replies":[{"embeddable":true,"href":"https:\/\/pakosc-kalwaria.franciszkanie.net\/index.php\/wp-json\/wp\/v2\/comments?post=20625"}],"version-history":[{"count":2,"href":"https:\/\/pakosc-kalwaria.franciszkanie.net\/index.php\/wp-json\/wp\/v2\/posts\/20625\/revisions"}],"predecessor-version":[{"id":20627,"href":"https:\/\/pakosc-kalwaria.franciszkanie.net\/index.php\/wp-json\/wp\/v2\/posts\/20625\/revisions\/20627"}],"wp:featuredmedia":[{"embeddable":true,"href":"https:\/\/pakosc-kalwaria.franciszkanie.net\/index.php\/wp-json\/wp\/v2\/media\/20588"}],"wp:attachment":[{"href":"https:\/\/pakosc-kalwaria.franciszkanie.net\/index.php\/wp-json\/wp\/v2\/media?parent=20625"}],"wp:term":[{"taxonomy":"category","embeddable":true,"href":"https:\/\/pakosc-kalwaria.franciszkanie.net\/index.php\/wp-json\/wp\/v2\/categories?post=20625"},{"taxonomy":"post_tag","embeddable":true,"href":"https:\/\/pakosc-kalwaria.franciszkanie.net\/index.php\/wp-json\/wp\/v2\/tags?post=20625"}],"curies":[{"name":"wp","href":"https:\/\/api.w.org\/{rel}","templated":true}]}}