{"id":20630,"date":"2021-11-06T09:05:19","date_gmt":"2021-11-06T08:05:19","guid":{"rendered":"http:\/\/pakosc-kalwaria.franciszkanie.net\/?p=20630"},"modified":"2021-11-06T09:35:41","modified_gmt":"2021-11-06T08:35:41","slug":"ogloszenia-duszpasterskie-xxxii-niedziela-zwykla-4","status":"publish","type":"post","link":"https:\/\/pakosc-kalwaria.franciszkanie.net\/index.php\/2021\/11\/06\/ogloszenia-duszpasterskie-xxxii-niedziela-zwykla-4\/","title":{"rendered":"Og\u0142oszenia duszpasterskie &#8211; XXXII Niedziela Zwyk\u0142a"},"content":{"rendered":"<p><strong>Ze wzgl\u0119du na panuj\u0105ca pandemi\u0119 koronawirusa <span style=\"color: #ff0000;\">przez ca\u0142y listopad<\/span>, za pobo\u017cne nawiedzenie cmentarza i modlitw\u0119 za zmar\u0142ych, mo\u017cna zyska\u0107 <span style=\"color: #ff0000;\">odpust zupe\u0142ny za dusze w czy\u015b\u0107cu cierpi\u0105ce,<\/span> pod zwyk\u0142ymi warunkami: stan \u0142aski u\u015bwi\u0119caj\u0105cej po Spowiedzi \u015bw., wzbudzenie \u017calu doskona\u0142ego, przyj\u0119cie Komunii \u015bw., odm\u00f3wienie: Ojcze nasz, Wierz\u0119 w Boga oraz modlitwy na intencje Ojca \u015awi\u0119tego.<\/strong><\/p>\n<p><strong><span style=\"color: #800080;\"><em><u>Do 8 listopada <\/u><\/em><\/span>\u2013 codziennie modlimy si\u0119 za zmar\u0142ych polecanych w <span style=\"color: #ff0000;\">jednorazowych wypominkach:<\/span> w tygodniu o 16.30 nabo\u017ce\u0144stwo i o 17.00 Msza \u015bw., w niedziel\u0119 nabo\u017ce\u0144stwo o 8.30 i Msza \u015bw. o 9.00.\u00a0\u00a0\u00a0\u00a0<\/strong><\/p>\n<p><span style=\"color: #008000;\"><strong><em><u>Od wtorku 9 listopada<\/u><\/em><\/strong><\/span><strong> \u2013 w Biurze parafialnym mo\u017cna zamawia\u0107 i rezerwowa\u0107 <span style=\"color: #ff0000;\">Intencje Mszalne oraz Wypominki Roczne za zmar\u0142ych na 2022r.,<\/span> za kt\u00f3rych modlimy si\u0119 w ka\u017cd\u0105 niedziel\u0119 przed Msz\u0105 \u015bwi\u0119t\u0105 o 9.00 \u00a0oraz w Pierwsze Pi\u0105tki Miesi\u0105ca w czasie Mszy \u015bw. do Bo\u017cego Mi\u0142osierdzia o 17.00.<br \/>\n<span style=\"color: #ff0000;\">O 17.30<\/span> spotkanie formacyjne dla <span style=\"color: #ff0000;\">R\u00f3\u017cy R\u00f3\u017ca\u0144cowej Matki Bo\u017cej Bolesnej.\u00a0\u00a0<\/span><\/strong><\/p>\n<p><strong><span style=\"color: #008000;\"><em><u>W czwartek (11.11.)<\/u><\/em><\/span> \u2013 <span style=\"color: #ff0000;\">Narodowe \u015awi\u0119to Niepodleg\u0142o\u015bci. O 17.00\u00a0 Msza \u015bw.<\/span> w intencji naszej Ojczyzny oraz za Polak\u00f3w w kraju i zagranic\u0105. W tym dniu Biuro parafialne b\u0119dzie nieczynne.<\/strong><\/p>\n<p><strong><span style=\"color: #008000;\"><em><u>W pi\u0105tek (12.11.)<\/u><\/em> <\/span>\u2013 <span style=\"color: #ff0000;\">o \u00a017.00 Msza \u015bw. w intencjach zbiorowych do Bo\u017cego Mi\u0142osierdzia<\/span> oraz nabo\u017ce\u0144stwo do Bo\u017cego Mi\u0142osierdzia, za kt\u00f3re mo\u017cna zyska\u0107 odpust zupe\u0142ny pod zwyk\u0142ymi warunkami. Intencje mo\u017cna sk\u0142ada\u0107 do skarbonki w ko\u015bciele lub w zakrystii. Po Mszy \u015bwi\u0119tej uczczenie relikwii Krzy\u017ca \u015awi\u0119tego.<\/strong><\/p>\n<p><strong><span style=\"color: #008000;\"><em><u>W sobot\u0119 (13.11.)<\/u><\/em> <\/span>\u2013 <span style=\"color: #ff0000;\">o 12.00<\/span> zbi\u00f3rka dla Liturgicznej S\u0142u\u017cby O\u0142tarza i kandydat\u00f3w na ministrant\u00f3w.<\/strong><\/p>\n<p><strong><span style=\"color: #ff0000;\"><u>W przysz\u0142\u0105 niedziel\u0119 (14.11.)<\/u><\/span> \u2013 XIII Dzie\u0144 Solidarno\u015bci z Ko\u015bcio\u0142em Prze\u015bladowanym oraz V Dzie\u0144 Ubogich. Z tej okazji zbi\u00f3rka do puszek na fundusz organizacji \u201ePomoc Ko\u015bcio\u0142owi w Potrzebie\u201d.<\/strong><\/p>\n<p><strong><span style=\"color: #ff0000;\"><u>W niedziel\u0119 (21.11.)<\/u><\/span> \u2013 <span style=\"color: #ff0000;\">po Mszy \u015bwi\u0119tej o 9.00<\/span> spotkanie dla <span style=\"color: #ff0000;\">rodzic\u00f3w m\u0142odzie\u017cy klas VIII<\/span> oraz <span style=\"color: #ff0000;\">I ponadpodstawowych<\/span> przygotowuj\u0105cych si\u0119 w naszej Parafii do Sakramentu Bierzmowania.<br \/>\n<span style=\"color: #ff0000;\">Po Mszy \u015bwi\u0119tej o 11.00<\/span> \u00a0spotkanie dla <span style=\"color: #ff0000;\">rodzic\u00f3w dzieci klas III<\/span> przed Pierwsz\u0105 Komuni\u0105 \u015bwi\u0119t\u0105. Prosimy rodzic\u00f3w o odpowiedzialn\u0105 obecno\u015b\u0107.<\/strong><\/p>\n<p><strong>Pod ch\u00f3rem do nabycia czasopismo: Przewodnik Katolicki (6z\u0142.).<\/strong><br \/>\n<strong>Od przysz\u0142ej niedzieli b\u0119dzie mo\u017cna nabywa\u0107 w zakrystii Wigilijne \u015awiece Caritasu: du\u017ce (15zl.), ma\u0142e (7 z\u0142.).<\/strong><\/p>\n<p><strong>Wyra\u017camy wdzi\u0119czno\u015b\u0107 za ka\u017cde Wasze duchowe i materialne wsparcie.<\/strong><br \/>\n<strong>Niech Jezus Ukrzy\u017cowany i Mi\u0142osierny Wam i waszym Rodzinom obficie b\u0142ogos\u0142awi, a Matka Bo\u017ca Bolesna otacza swoj\u0105 przemo\u017cn\u0105 opiek\u0105.<\/strong><\/p>\n<p><strong>Z darem modlitwy Bracia Mniejsi Franciszkanie z Pako\u015bci &#8211; Kalwarii <\/strong><\/p>\n","protected":false},"excerpt":{"rendered":"<p>Ze wzgl\u0119du na panuj\u0105ca pandemi\u0119 koronawirusa przez ca\u0142y listopad, za pobo\u017cne nawiedzenie cmentarza i modlitw\u0119 za zmar\u0142ych, mo\u017cna zyska\u0107 odpust zupe\u0142ny za dusze w czy\u015b\u0107cu cierpi\u0105ce, pod zwyk\u0142ymi warunkami: stan \u0142aski u\u015bwi\u0119caj\u0105cej po Spowiedzi \u015bw., wzbudzenie \u017calu doskona\u0142ego, przyj\u0119cie Komunii \u015bw., odm\u00f3wienie: Ojcze nasz, Wierz\u0119 w Boga oraz modlitwy na intencje Ojca \u015awi\u0119tego. Do 8 &hellip;<\/p>\n","protected":false},"author":2,"featured_media":20541,"comment_status":"closed","ping_status":"closed","sticky":false,"template":"","format":"standard","meta":{"_mi_skip_tracking":false,"_exactmetrics_sitenote_active":false,"_exactmetrics_sitenote_note":"","_exactmetrics_sitenote_category":0},"categories":[5],"tags":[],"yoast_head":"<!-- This site is optimized with the Yoast SEO plugin v18.1 - https:\/\/yoast.com\/wordpress\/plugins\/seo\/ -->\n<title>Og\u0142oszenia duszpasterskie - XXXII Niedziela Zwyk\u0142a - Pako\u015b\u0107 \u2013 Kalwaria<\/title>\n<meta name=\"robots\" content=\"index, follow, max-snippet:-1, max-image-preview:large, max-video-preview:-1\" \/>\n<link rel=\"canonical\" href=\"https:\/\/pakosc-kalwaria.franciszkanie.net\/index.php\/2021\/11\/06\/ogloszenia-duszpasterskie-xxxii-niedziela-zwykla-4\/\" \/>\n<meta property=\"og:locale\" content=\"pl_PL\" \/>\n<meta property=\"og:type\" content=\"article\" \/>\n<meta property=\"og:title\" content=\"Og\u0142oszenia duszpasterskie - XXXII Niedziela Zwyk\u0142a - Pako\u015b\u0107 \u2013 Kalwaria\" \/>\n<meta property=\"og:description\" content=\"Ze wzgl\u0119du na panuj\u0105ca pandemi\u0119 koronawirusa przez ca\u0142y listopad, za pobo\u017cne nawiedzenie cmentarza i modlitw\u0119 za zmar\u0142ych, mo\u017cna zyska\u0107 odpust zupe\u0142ny za dusze w czy\u015b\u0107cu cierpi\u0105ce, pod zwyk\u0142ymi warunkami: stan \u0142aski u\u015bwi\u0119caj\u0105cej po Spowiedzi \u015bw., wzbudzenie \u017calu doskona\u0142ego, przyj\u0119cie Komunii \u015bw., odm\u00f3wienie: Ojcze nasz, Wierz\u0119 w Boga oraz modlitwy na intencje Ojca \u015awi\u0119tego. Do 8 &hellip;\" \/>\n<meta property=\"og:url\" content=\"https:\/\/pakosc-kalwaria.franciszkanie.net\/index.php\/2021\/11\/06\/ogloszenia-duszpasterskie-xxxii-niedziela-zwykla-4\/\" \/>\n<meta property=\"og:site_name\" content=\"Pako\u015b\u0107 \u2013 Kalwaria\" \/>\n<meta property=\"article:author\" content=\"https:\/\/www.facebook.com\/KalwariaPakosc\/\" \/>\n<meta property=\"article:published_time\" content=\"2021-11-06T08:05:19+00:00\" \/>\n<meta property=\"article:modified_time\" content=\"2021-11-06T08:35:41+00:00\" \/>\n<meta property=\"og:image\" content=\"https:\/\/pakosc-kalwaria.franciszkanie.net\/wp-content\/uploads\/2021\/10\/zgromadzeni-na-swietej-wieczerzy-poziom-baner-z-haslem-roku-2021.jpg\" \/>\n\t<meta property=\"og:image:width\" content=\"350\" \/>\n\t<meta property=\"og:image:height\" content=\"210\" \/>\n\t<meta property=\"og:image:type\" content=\"image\/jpeg\" \/>\n<meta name=\"twitter:card\" content=\"summary\" \/>\n<meta name=\"twitter:label1\" content=\"Napisane przez\" \/>\n\t<meta name=\"twitter:data1\" content=\"pakosc-kalwaria\" \/>\n\t<meta name=\"twitter:label2\" content=\"Szacowany czas czytania\" \/>\n\t<meta name=\"twitter:data2\" content=\"2 minuty\" \/>\n<script type=\"application\/ld+json\" class=\"yoast-schema-graph\">{\"@context\":\"https:\/\/schema.org\",\"@graph\":[{\"@type\":\"WebSite\",\"@id\":\"https:\/\/pakosc-kalwaria.franciszkanie.net\/#website\",\"url\":\"https:\/\/pakosc-kalwaria.franciszkanie.net\/\",\"name\":\"Pako\u015b\u0107 \u2013 Kalwaria\",\"description\":\"Parafia Rzymsko \u2013 Katolicka p.w. Pana Jezusa Ukrzy\u017cowanego i  Matki Bo\u017cej Bolesnej ul. Barci\u0144ska 60, 88\u2013170 Pako\u015b\u0107 \u2013 Kalwaria\",\"potentialAction\":[{\"@type\":\"SearchAction\",\"target\":{\"@type\":\"EntryPoint\",\"urlTemplate\":\"https:\/\/pakosc-kalwaria.franciszkanie.net\/?s={search_term_string}\"},\"query-input\":\"required name=search_term_string\"}],\"inLanguage\":\"pl-PL\"},{\"@type\":\"ImageObject\",\"@id\":\"https:\/\/pakosc-kalwaria.franciszkanie.net\/index.php\/2021\/11\/06\/ogloszenia-duszpasterskie-xxxii-niedziela-zwykla-4\/#primaryimage\",\"inLanguage\":\"pl-PL\",\"url\":\"https:\/\/pakosc-kalwaria.franciszkanie.net\/wp-content\/uploads\/2021\/10\/zgromadzeni-na-swietej-wieczerzy-poziom-baner-z-haslem-roku-2021.jpg\",\"contentUrl\":\"https:\/\/pakosc-kalwaria.franciszkanie.net\/wp-content\/uploads\/2021\/10\/zgromadzeni-na-swietej-wieczerzy-poziom-baner-z-haslem-roku-2021.jpg\",\"width\":350,\"height\":210},{\"@type\":\"WebPage\",\"@id\":\"https:\/\/pakosc-kalwaria.franciszkanie.net\/index.php\/2021\/11\/06\/ogloszenia-duszpasterskie-xxxii-niedziela-zwykla-4\/#webpage\",\"url\":\"https:\/\/pakosc-kalwaria.franciszkanie.net\/index.php\/2021\/11\/06\/ogloszenia-duszpasterskie-xxxii-niedziela-zwykla-4\/\",\"name\":\"Og\u0142oszenia duszpasterskie - XXXII Niedziela Zwyk\u0142a - Pako\u015b\u0107 \u2013 Kalwaria\",\"isPartOf\":{\"@id\":\"https:\/\/pakosc-kalwaria.franciszkanie.net\/#website\"},\"primaryImageOfPage\":{\"@id\":\"https:\/\/pakosc-kalwaria.franciszkanie.net\/index.php\/2021\/11\/06\/ogloszenia-duszpasterskie-xxxii-niedziela-zwykla-4\/#primaryimage\"},\"datePublished\":\"2021-11-06T08:05:19+00:00\",\"dateModified\":\"2021-11-06T08:35:41+00:00\",\"author\":{\"@id\":\"https:\/\/pakosc-kalwaria.franciszkanie.net\/#\/schema\/person\/af10b943be0760709227d060eadcb2aa\"},\"breadcrumb\":{\"@id\":\"https:\/\/pakosc-kalwaria.franciszkanie.net\/index.php\/2021\/11\/06\/ogloszenia-duszpasterskie-xxxii-niedziela-zwykla-4\/#breadcrumb\"},\"inLanguage\":\"pl-PL\",\"potentialAction\":[{\"@type\":\"ReadAction\",\"target\":[\"https:\/\/pakosc-kalwaria.franciszkanie.net\/index.php\/2021\/11\/06\/ogloszenia-duszpasterskie-xxxii-niedziela-zwykla-4\/\"]}]},{\"@type\":\"BreadcrumbList\",\"@id\":\"https:\/\/pakosc-kalwaria.franciszkanie.net\/index.php\/2021\/11\/06\/ogloszenia-duszpasterskie-xxxii-niedziela-zwykla-4\/#breadcrumb\",\"itemListElement\":[{\"@type\":\"ListItem\",\"position\":1,\"name\":\"Strona g\u0142\u00f3wna\",\"item\":\"https:\/\/pakosc-kalwaria.franciszkanie.net\/\"},{\"@type\":\"ListItem\",\"position\":2,\"name\":\"Og\u0142oszenia duszpasterskie &#8211; XXXII Niedziela Zwyk\u0142a\"}]},{\"@type\":\"Person\",\"@id\":\"https:\/\/pakosc-kalwaria.franciszkanie.net\/#\/schema\/person\/af10b943be0760709227d060eadcb2aa\",\"name\":\"pakosc-kalwaria\",\"image\":{\"@type\":\"ImageObject\",\"@id\":\"https:\/\/pakosc-kalwaria.franciszkanie.net\/#personlogo\",\"inLanguage\":\"pl-PL\",\"url\":\"https:\/\/secure.gravatar.com\/avatar\/e7049d338b55eac6a0027ff3218b8d02?s=96&d=mm&r=g\",\"contentUrl\":\"https:\/\/secure.gravatar.com\/avatar\/e7049d338b55eac6a0027ff3218b8d02?s=96&d=mm&r=g\",\"caption\":\"pakosc-kalwaria\"},\"sameAs\":[\"https:\/\/www.facebook.com\/KalwariaPakosc\/\"],\"url\":\"https:\/\/pakosc-kalwaria.franciszkanie.net\/index.php\/author\/pakosc-kalwaria\/\"}]}<\/script>\n<!-- \/ Yoast SEO plugin. -->","yoast_head_json":{"title":"Og\u0142oszenia duszpasterskie - XXXII Niedziela Zwyk\u0142a - Pako\u015b\u0107 \u2013 Kalwaria","robots":{"index":"index","follow":"follow","max-snippet":"max-snippet:-1","max-image-preview":"max-image-preview:large","max-video-preview":"max-video-preview:-1"},"canonical":"https:\/\/pakosc-kalwaria.franciszkanie.net\/index.php\/2021\/11\/06\/ogloszenia-duszpasterskie-xxxii-niedziela-zwykla-4\/","og_locale":"pl_PL","og_type":"article","og_title":"Og\u0142oszenia duszpasterskie - XXXII Niedziela Zwyk\u0142a - Pako\u015b\u0107 \u2013 Kalwaria","og_description":"Ze wzgl\u0119du na panuj\u0105ca pandemi\u0119 koronawirusa przez ca\u0142y listopad, za pobo\u017cne nawiedzenie cmentarza i modlitw\u0119 za zmar\u0142ych, mo\u017cna zyska\u0107 odpust zupe\u0142ny za dusze w czy\u015b\u0107cu cierpi\u0105ce, pod zwyk\u0142ymi warunkami: stan \u0142aski u\u015bwi\u0119caj\u0105cej po Spowiedzi \u015bw., wzbudzenie \u017calu doskona\u0142ego, przyj\u0119cie Komunii \u015bw., odm\u00f3wienie: Ojcze nasz, Wierz\u0119 w Boga oraz modlitwy na intencje Ojca \u015awi\u0119tego. Do 8 &hellip;","og_url":"https:\/\/pakosc-kalwaria.franciszkanie.net\/index.php\/2021\/11\/06\/ogloszenia-duszpasterskie-xxxii-niedziela-zwykla-4\/","og_site_name":"Pako\u015b\u0107 \u2013 Kalwaria","article_author":"https:\/\/www.facebook.com\/KalwariaPakosc\/","article_published_time":"2021-11-06T08:05:19+00:00","article_modified_time":"2021-11-06T08:35:41+00:00","og_image":[{"width":350,"height":210,"url":"https:\/\/pakosc-kalwaria.franciszkanie.net\/wp-content\/uploads\/2021\/10\/zgromadzeni-na-swietej-wieczerzy-poziom-baner-z-haslem-roku-2021.jpg","type":"image\/jpeg"}],"twitter_card":"summary","twitter_misc":{"Napisane przez":"pakosc-kalwaria","Szacowany czas czytania":"2 minuty"},"schema":{"@context":"https:\/\/schema.org","@graph":[{"@type":"WebSite","@id":"https:\/\/pakosc-kalwaria.franciszkanie.net\/#website","url":"https:\/\/pakosc-kalwaria.franciszkanie.net\/","name":"Pako\u015b\u0107 \u2013 Kalwaria","description":"Parafia Rzymsko \u2013 Katolicka p.w. Pana Jezusa Ukrzy\u017cowanego i  Matki Bo\u017cej Bolesnej ul. Barci\u0144ska 60, 88\u2013170 Pako\u015b\u0107 \u2013 Kalwaria","potentialAction":[{"@type":"SearchAction","target":{"@type":"EntryPoint","urlTemplate":"https:\/\/pakosc-kalwaria.franciszkanie.net\/?s={search_term_string}"},"query-input":"required name=search_term_string"}],"inLanguage":"pl-PL"},{"@type":"ImageObject","@id":"https:\/\/pakosc-kalwaria.franciszkanie.net\/index.php\/2021\/11\/06\/ogloszenia-duszpasterskie-xxxii-niedziela-zwykla-4\/#primaryimage","inLanguage":"pl-PL","url":"https:\/\/pakosc-kalwaria.franciszkanie.net\/wp-content\/uploads\/2021\/10\/zgromadzeni-na-swietej-wieczerzy-poziom-baner-z-haslem-roku-2021.jpg","contentUrl":"https:\/\/pakosc-kalwaria.franciszkanie.net\/wp-content\/uploads\/2021\/10\/zgromadzeni-na-swietej-wieczerzy-poziom-baner-z-haslem-roku-2021.jpg","width":350,"height":210},{"@type":"WebPage","@id":"https:\/\/pakosc-kalwaria.franciszkanie.net\/index.php\/2021\/11\/06\/ogloszenia-duszpasterskie-xxxii-niedziela-zwykla-4\/#webpage","url":"https:\/\/pakosc-kalwaria.franciszkanie.net\/index.php\/2021\/11\/06\/ogloszenia-duszpasterskie-xxxii-niedziela-zwykla-4\/","name":"Og\u0142oszenia duszpasterskie - XXXII Niedziela Zwyk\u0142a - Pako\u015b\u0107 \u2013 Kalwaria","isPartOf":{"@id":"https:\/\/pakosc-kalwaria.franciszkanie.net\/#website"},"primaryImageOfPage":{"@id":"https:\/\/pakosc-kalwaria.franciszkanie.net\/index.php\/2021\/11\/06\/ogloszenia-duszpasterskie-xxxii-niedziela-zwykla-4\/#primaryimage"},"datePublished":"2021-11-06T08:05:19+00:00","dateModified":"2021-11-06T08:35:41+00:00","author":{"@id":"https:\/\/pakosc-kalwaria.franciszkanie.net\/#\/schema\/person\/af10b943be0760709227d060eadcb2aa"},"breadcrumb":{"@id":"https:\/\/pakosc-kalwaria.franciszkanie.net\/index.php\/2021\/11\/06\/ogloszenia-duszpasterskie-xxxii-niedziela-zwykla-4\/#breadcrumb"},"inLanguage":"pl-PL","potentialAction":[{"@type":"ReadAction","target":["https:\/\/pakosc-kalwaria.franciszkanie.net\/index.php\/2021\/11\/06\/ogloszenia-duszpasterskie-xxxii-niedziela-zwykla-4\/"]}]},{"@type":"BreadcrumbList","@id":"https:\/\/pakosc-kalwaria.franciszkanie.net\/index.php\/2021\/11\/06\/ogloszenia-duszpasterskie-xxxii-niedziela-zwykla-4\/#breadcrumb","itemListElement":[{"@type":"ListItem","position":1,"name":"Strona g\u0142\u00f3wna","item":"https:\/\/pakosc-kalwaria.franciszkanie.net\/"},{"@type":"ListItem","position":2,"name":"Og\u0142oszenia duszpasterskie &#8211; XXXII Niedziela Zwyk\u0142a"}]},{"@type":"Person","@id":"https:\/\/pakosc-kalwaria.franciszkanie.net\/#\/schema\/person\/af10b943be0760709227d060eadcb2aa","name":"pakosc-kalwaria","image":{"@type":"ImageObject","@id":"https:\/\/pakosc-kalwaria.franciszkanie.net\/#personlogo","inLanguage":"pl-PL","url":"https:\/\/secure.gravatar.com\/avatar\/e7049d338b55eac6a0027ff3218b8d02?s=96&d=mm&r=g","contentUrl":"https:\/\/secure.gravatar.com\/avatar\/e7049d338b55eac6a0027ff3218b8d02?s=96&d=mm&r=g","caption":"pakosc-kalwaria"},"sameAs":["https:\/\/www.facebook.com\/KalwariaPakosc\/"],"url":"https:\/\/pakosc-kalwaria.franciszkanie.net\/index.php\/author\/pakosc-kalwaria\/"}]}},"_links":{"self":[{"href":"https:\/\/pakosc-kalwaria.franciszkanie.net\/index.php\/wp-json\/wp\/v2\/posts\/20630"}],"collection":[{"href":"https:\/\/pakosc-kalwaria.franciszkanie.net\/index.php\/wp-json\/wp\/v2\/posts"}],"about":[{"href":"https:\/\/pakosc-kalwaria.franciszkanie.net\/index.php\/wp-json\/wp\/v2\/types\/post"}],"author":[{"embeddable":true,"href":"https:\/\/pakosc-kalwaria.franciszkanie.net\/index.php\/wp-json\/wp\/v2\/users\/2"}],"replies":[{"embeddable":true,"href":"https:\/\/pakosc-kalwaria.franciszkanie.net\/index.php\/wp-json\/wp\/v2\/comments?post=20630"}],"version-history":[{"count":7,"href":"https:\/\/pakosc-kalwaria.franciszkanie.net\/index.php\/wp-json\/wp\/v2\/posts\/20630\/revisions"}],"predecessor-version":[{"id":20639,"href":"https:\/\/pakosc-kalwaria.franciszkanie.net\/index.php\/wp-json\/wp\/v2\/posts\/20630\/revisions\/20639"}],"wp:featuredmedia":[{"embeddable":true,"href":"https:\/\/pakosc-kalwaria.franciszkanie.net\/index.php\/wp-json\/wp\/v2\/media\/20541"}],"wp:attachment":[{"href":"https:\/\/pakosc-kalwaria.franciszkanie.net\/index.php\/wp-json\/wp\/v2\/media?parent=20630"}],"wp:term":[{"taxonomy":"category","embeddable":true,"href":"https:\/\/pakosc-kalwaria.franciszkanie.net\/index.php\/wp-json\/wp\/v2\/categories?post=20630"},{"taxonomy":"post_tag","embeddable":true,"href":"https:\/\/pakosc-kalwaria.franciszkanie.net\/index.php\/wp-json\/wp\/v2\/tags?post=20630"}],"curies":[{"name":"wp","href":"https:\/\/api.w.org\/{rel}","templated":true}]}}