{"id":20640,"date":"2021-11-06T08:00:54","date_gmt":"2021-11-06T07:00:54","guid":{"rendered":"http:\/\/pakosc-kalwaria.franciszkanie.net\/?p=20640"},"modified":"2021-11-10T08:00:19","modified_gmt":"2021-11-10T07:00:19","slug":"do-medytacji-z-kalwaryjskiego-wzgorza-niedziela-07-11-2021r","status":"publish","type":"post","link":"https:\/\/pakosc-kalwaria.franciszkanie.net\/index.php\/2021\/11\/06\/do-medytacji-z-kalwaryjskiego-wzgorza-niedziela-07-11-2021r\/","title":{"rendered":"Do medytacji z kalwaryjskiego Wzg\u00f3rza \u2013 niedziela 07.11.2021r."},"content":{"rendered":"<div id=\"tabnowy0all\" class=\"tab-pane fade active in\">\n<p><strong><span style=\"color: #ff0000;\">Z liturgii 32. Niedzieli Zwyk\u0142ej \u2013 07.11.2021r.<\/span><\/strong><\/p>\n<p><span style=\"color: #ff0000;\"><strong>1. czytanie <\/strong><\/span>(1 Krl 17, 10-16) <em>Uboga wdowa karmi Eliasza<br \/>\n<\/em><strong>Czytanie z Pierwszej Ksi\u0119gi Kr\u00f3lewskiej<br \/>\n<\/strong>Prorok Eliasz poszed\u0142 do Sarepty. Kiedy wchodzi\u0142 do bramy tego miasta, pewna wdowa zbiera\u0142a tam sobie drwa. Zawo\u0142a\u0142 j\u0105 i powiedzia\u0142: \u00abDaj mi, prosz\u0119, troch\u0119 wody w naczyniu, abym si\u0119 napi\u0142\u00bb. Ona za\u015b zaraz posz\u0142a, aby jej nabra\u0107, ale zawo\u0142a\u0142 za ni\u0105 i rzek\u0142: \u00abWe\u017a, prosz\u0119, dla mnie i kromk\u0119 chleba!\u00bb Na to odrzek\u0142a: \u00abNa \u017cycie Pana, Boga twego! Ju\u017c nie mam pieczywa \u2013 tylko gar\u015b\u0107 m\u0105ki w dzbanie i troch\u0119 oliwy w bary\u0142ce. W\u0142a\u015bnie zbieram kilka kawa\u0142k\u00f3w drewna i kiedy przyjd\u0119, przyrz\u0105dz\u0119 sobie i memu synowi straw\u0119. Zjemy to, a potem pomrzemy\u00bb. Eliasz za\u015b jej powiedzia\u0142: \u00abNie b\u00f3j si\u0119! Id\u017a, zr\u00f3b, jak rzek\u0142a\u015b; tylko najpierw zr\u00f3b z tego ma\u0142y podp\u0142omyk dla mnie i przynie\u015b mi! A sobie i swemu synowi zrobisz potem. Bo tak m\u00f3wi Pan, B\u00f3g Izraela: Dzban m\u0105ki nie wyczerpie si\u0119 i bary\u0142ka oliwy nie opr\u00f3\u017cni si\u0119 a\u017c do dnia, w kt\u00f3rym Pan spu\u015bci deszcz na ziemi\u0119\u00bb. Posz\u0142a wi\u0119c i zrobi\u0142a, jak Eliasz powiedzia\u0142, a potem zjad\u0142 on i ona oraz jej syn, i tak by\u0142o co dzie\u0144. Dzban m\u0105ki nie wyczerpa\u0142 si\u0119 i bary\u0142ka oliwy nie opr\u00f3\u017cni\u0142a si\u0119, zgodnie z obietnic\u0105, kt\u00f3r\u0105 Pan wypowiedzia\u0142 przez Eliasza. Oto S\u0142owo Bo\u017ce.<\/p>\n<p><strong>Psalm<\/strong> (Ps 146 (145), 6c-7. 8-9a. 9b-10 (R.: por. 1b))<br \/>\n<strong>Chwal, duszo moja, Pana, Stw\u00f3rc\u0119 swego <\/strong><em><br \/>\n<\/em>B\u00f3g wiary dochowuje na wieki, *<br \/>\nuci\u015bnionym wymierza sprawiedliwo\u015b\u0107,<br \/>\nchlebem karmi g\u0142odnych, *<br \/>\nwypuszcza na wolno\u015b\u0107 uwi\u0119zionych.<\/p>\n<p><strong>Chwal, duszo moja, Pana, Stw\u00f3rc\u0119 swego<br \/>\n<\/strong>Pan przywraca wzrok ociemnia\u0142ym, *<br \/>\nPan d\u017awiga poni\u017conych.<br \/>\nPan kocha sprawiedliwych, *<br \/>\nPan strze\u017ce przybysz\u00f3w.<\/p>\n<p><strong>Chwal, duszo moja, Pana, Stw\u00f3rc\u0119 swego<br \/>\n<\/strong>Ochrania sierot\u0119 i wdow\u0119, *<br \/>\nlecz wyst\u0119pnych kieruje na bezdro\u017ca.<br \/>\nPan kr\u00f3luje na wieki, *<br \/>\nB\u00f3g tw\u00f3j, Syjonie, przez pokolenia.<br \/>\n<strong>Chwal, duszo moja, Pana, Stw\u00f3rc\u0119 swego<\/strong><\/p>\n<p><strong><span style=\"color: #ff0000;\">2. czytanie<\/span><\/strong> (Hbr 9, 24-28) <em>Jedyna ofiara Chrystusa<br \/>\n<\/em><strong>Czytanie z Listu do Hebrajczyk\u00f3w<br \/>\n<\/strong>Chrystus wszed\u0142 nie do \u015bwi\u0105tyni zbudowanej r\u0119kami ludzkimi, b\u0119d\u0105cej odbiciem prawdziwej \u015bwi\u0105tyni, ale do samego nieba, aby teraz wstawia\u0107 si\u0119 za nami przed obliczem Boga, ani nie po to, aby si\u0119 wielekro\u0107 sam mia\u0142 ofiarowa\u0107, jak arcykap\u0142an, kt\u00f3ry co roku wchodzi do \u015bwi\u0105tyni z krwi\u0105 cudz\u0105, gdy\u017c w takim przypadku musia\u0142by cierpie\u0107 wiele razy od stworzenia \u015bwiata. A tymczasem raz jeden ukaza\u0142 si\u0119 teraz na ko\u0144cu wiek\u00f3w, aby zg\u0142adzi\u0107 grzech przez ofiar\u0119 z samego siebie. A jak postanowione ludziom raz umrze\u0107, potem za\u015b s\u0105d, tak Chrystus raz jeden by\u0142 ofiarowany dla zg\u0142adzenia grzech\u00f3w wielu, drugi raz uka\u017ce si\u0119 nie w zwi\u0105zku z grzechem, lecz dla zbawienia tych, kt\u00f3rzy Go oczekuj\u0105. Oto S\u0142owo Bo\u017ce.<\/p>\n<p><span style=\"color: #ff0000;\"><strong>Aklamacja<\/strong><\/span> (Mt 5, 3)<br \/>\n<strong>Alleluja, alleluja, alleluja<br \/>\n<\/strong>B\u0142ogos\u0142awieni ubodzy w duchu,<br \/>\nalbowiem do nich nale\u017cy kr\u00f3lestwo niebieskie.<br \/>\n<strong>Alleluja, alleluja, alleluja<\/strong><\/p>\n<p><strong><span style=\"color: #ff0000;\">Ewangelia<\/span><\/strong> (Mk 12, 41-44)<br \/>\n<strong>S\u0142owa Ewangelii wed\u0142ug \u015awi\u0119tego Marka<br \/>\n<\/strong>Jezus, usiad\u0142szy naprzeciw skarbony, przypatrywa\u0142 si\u0119, jak t\u0142um wrzuca\u0142 drobne pieni\u0105dze do skarbony. Wielu bogatych wrzuca\u0142o wiele. Przysz\u0142a te\u017c jedna uboga wdowa i wrzuci\u0142a dwa pieni\u0105\u017cki, czyli jeden grosz. Wtedy przywo\u0142a\u0142 swoich uczni\u00f3w i rzek\u0142 do nich: \u00abZaprawd\u0119, powiadam wam: Ta uboga wdowa wrzuci\u0142a najwi\u0119cej ze wszystkich, kt\u00f3rzy k\u0142adli do skarbony. Wszyscy bowiem wrzucali z tego, co im zbywa\u0142o; ona za\u015b ze swego niedostatku wrzuci\u0142a wszystko, co mia\u0142a na swe utrzymanie\u00bb. Oto S\u0142owo Pa\u0144skie.<\/p>\n<p><strong><span style=\"color: #ff0000;\">Z kazania na kalwaryjskim Wzg\u00f3rzu \u2013 Niedziela 07.11.2021r.<br \/>\n<\/span><\/strong><strong>Wdowi grosz, a sprawa ofiarno\u015bci.<br \/>\n<\/strong>Od wiek\u00f3w znana jest ludzko\u015bci ofiarno\u015b\u0107 na cele dobroczynne, na rzecz b\u0119d\u0105cych w trudnej sytuacji \u017cyciowej i potrzebuj\u0105cych pomocy. Mimo mniejszych lub wi\u0119kszych zabieg\u00f3w pa\u0144stw i r\u00f3\u017cnych organizacji, by zmniejszy\u0107 liczb\u0119 bezrobotnych, bezdomnych i biednych, ci\u0105gle s\u0105 ludzie potrzebuj\u0105cy pomocy i ci\u0105gle kto\u015b prosi o pomoc i wsparcie. Bardzo cz\u0119sto przy takim nat\u0142oku prosz\u0105cych o pomoc mo\u017cna wpa\u015b\u0107 w zniech\u0119cenie. Ile ja mog\u0119 w ko\u0144cu dawa\u0107, c\u00f3\u017c znaczy moja przys\u0142owiowa \u201ez\u0142ot\u00f3wka\u201d wobec ogromu ludzkiej biedy i ludzkich potrzeb. Niekt\u00f3rzy od razu si\u0119 poddaj\u0105, m\u00f3wi\u0105c sobie: \u201enie warto si\u0119 trudzi\u0107, przecie\u017c i tak nie zaradz\u0119 wszystkim ludzkim biedom\u201d.<br \/>\nTo prawda, potrzeby tego \u015bwiata s\u0105 ogromne. Ale czy to znaczy, \u017ce nie mo\u017cemy chocia\u017c w jakim\u015b stopniu \u0142agodzi\u0107 ludzkiej biedy i n\u0119dzy? Czy nie jest r\u00f3wnie\u017c prawd\u0105, \u017ce nawet najmniejszy dobry czyn kszta\u0142tuje ludzkie serce, kt\u00f3re staje si\u0119 bardziej wra\u017cliwe na potrzeby bli\u017aniego? Chrystus zapewnia o wielkiej nagrodzie w Niebie tych, kt\u00f3rzy \u201ecokolwiek\u201d dobrego czyni\u0105 dla tych \u201enajmniejszych\u201d, tak\u017ce dla tych najbiedniejszych i potrzebuj\u0105cych pomocy\u2026 \u201ecokolwiek\u201d\u2026<br \/>\nNa szcz\u0119\u015bcie i dzisiaj znajduj\u0105 si\u0119 ludzie \u017cyczliwi, ludzie o czu\u0142ym sercu, kt\u00f3rzy chc\u0105 i potrafi\u0105, w miar\u0119 swoich mo\u017cliwo\u015bci ofiarowa\u0107 sw\u00f3j \u201egrosz\u201d bli\u017anim b\u0119d\u0105cym w trudnej sytuacji \u017cyciowej. Czyni\u0105 to podobnie jak ta wdowa z dzisiejszej Ewangelii, czy ta wdowa z Sarepty, o kt\u00f3rej s\u0142yszeli\u015bmy w pierwszym czytaniu z Ksi\u0119gi Kr\u00f3lewskiej. Pi\u0119kny przyk\u0142ad tych dw\u00f3ch wd\u00f3w daje nam sposobno\u015b\u0107 do rozwa\u017cenia zagadnienia ofiarno\u015bci w naszym \u017cyciu.<br \/>\nJaka zatem powinna by\u0107 nasza chrze\u015bcija\u0144ska ofiarno\u015b\u0107?<br \/>\n1\/ Ofiarno\u015b\u0107 powinna by\u0107 dyskretna. Pan Jezus przestrzega, by nie chwali\u0107 si\u0119 tym, \u017ce innym pomagamy. \u201eKiedy wi\u0119c dajesz ja\u0142mu\u017cn\u0119, nie tr\u0105b przed sob\u0105, jak ob\u0142udnicy to czyni\u0105 w synagogach i na ulicach, aby ich ludzie chwalili\u201d. Nasza ofiarno\u015b\u0107 nie ma by\u0107 na pokaz. Je\u017celi szukamy w pomaganiu innym w\u0142asnej chwa\u0142y, to nasza ofiara w oczach Boga zaczyna mie\u0107 o wiele mniejsz\u0105 warto\u015b\u0107. Mo\u017cna w tym miejscu pochwali\u0107 tych wszystkich tzw. anonimowych dobrodziej\u00f3w, ofiarodawc\u00f3w i sponsor\u00f3w.<br \/>\n2\/ Ofiarno\u015b\u0107 powinna by\u0107 radosna. Kto\u015b podzieli\u0142 ofiarodawc\u00f3w na trzy grupy: dawca niech\u0119tny, dawca z obowi\u0105zku i dawca radosny. Dawca niech\u0119tny m\u00f3wi: \u201enie lubi\u0119 i wr\u0119cz nienawidz\u0119 dawa\u0107\u201d. Je\u015bli ju\u017c daje, to czyni to z wielkim oci\u0105ganiem, a nawet pogard\u0105: \u201emasz i odczep si\u0119\u201d. Dawca z obowi\u0105zku te\u017c daje niech\u0119tnie, ale czyni to z obowi\u0105zku, bo czuje \u017ce powinno si\u0119 pomaga\u0107 innym i co\u015b da\u0107 na potrzeby ko\u015bcio\u0142a. Przecie\u017c jak wrzuc\u0119 na tac\u0119 2z\u0142. lub 5 z\u0142. to od tego zaraz nie zbiedniej\u0119. Zreszt\u0105 od wielu lat tak czyni\u0119 i dlaczego mam to zmienia\u0107? Ale ofiara, kt\u00f3ra nie kosztuje, to ma\u0142a ofiara. Podobnie jak mi\u0142o\u015b\u0107 kt\u00f3ra nie kosztuje i nie wymaga ofiary to s\u0142aba mi\u0142o\u015b\u0107. Patrzymy na Krzy\u017c Jezusa i widzimy ile kosztuje ofiara i mi\u0142o\u015b\u0107! Radosny za\u015b dawca, daje ch\u0119tnie, ze szczerego serca. Wspieranie innych sprawia mu przy tym ogromn\u0105 rado\u015b\u0107. Pami\u0119tajmy, \u017ce to w\u0142a\u015bnie \u201eradosnego dawc\u0119 mi\u0142uje B\u00f3g\u201d. Je\u015bli wi\u0119c komu\u015b pomagamy, czy\u0144my to ze szczerego serca i z rado\u015bci\u0105 na twarzy. Jezus zapewnia, \u017ce: \u201ewi\u0119cej szcz\u0119\u015bcia jest w dawaniu, ani\u017celi w braniu\u201d. Czy przyznamy dzisiaj Jezusowi racj\u0119?<br \/>\n3\/ Ofiarno\u015b\u0107 wed\u0142ug mo\u017cliwo\u015bci. Powinno by\u0107 tak, \u017ce bogatsi powinni dawa\u0107 wi\u0119cej, a biedniejsi mniej. Jednak do\u015bwiadczanie \u017cyciowe uczy, \u017ce w rzeczywisto\u015bci bywa inaczej. Cz\u0119sto s\u0142yszymy, \u017ce ludzie bogatsi s\u0105 bardziej sk\u0105pi i mniej hojni w dawaniu \u2013 oczywi\u015bcie jak zawsze s\u0105 wyj\u0105tki. To o wiele cz\u0119\u015bciej ludzie mniej zamo\u017cni, a nieraz wprost ludzie biedniejsi prze\u015bcigaj\u0105 si\u0119 w ofiarno\u015bci na rzecz potrzebuj\u0105cych pomocy i wsparcia. Przyk\u0142adem s\u0105 owe dwie wdowy w dzisiejszej Liturgii S\u0142owa: jedna podzieli\u0142a si\u0119 z prorokiem Eliaszem ostatnim kawa\u0142kiem chleba, a druga z\u0142o\u017cy\u0142a na ofiar\u0119 w \u015bwi\u0105tyni dwa pieni\u0105\u017cki\u2026 wszystko to co mia\u0142a na swoje utrzymanie.<br \/>\nA jaka jest nasza ofiarno\u015b\u0107, zar\u00f3wno ta ofiarno\u015b\u0107 wobec potrzebuj\u0105cych, jak i ta ofiarno\u015b\u0107 na potrzeby ko\u015bcio\u0142a? Czy nasza ofiarno\u015b\u0107 nie polega nieraz na dawaniu z tego co nam \u201ezbywa\u201d, i dlatego niewiele nas to kosztuje? Pami\u0119tajmy o s\u0142owach Jezusa z dzisiejszej Ewangelii: \u201eZaprawd\u0119 powiadam wam: ta uboga wdowa wrzuci\u0142a najwi\u0119cej ze wszystkich, kt\u00f3rzy k\u0142adli do skarbony. Wszyscy bowiem wrzucali z tego, co im zbywa\u0142o; ona za\u015b ze swego niedostatku wrzuci\u0142a wszystko, co mia\u0142a na utrzymanie\u201d. \u201eB\u00f3g zap\u0142a\u0107\u201d wi\u0119c wszystkim, kt\u00f3rzy wspieraj\u0105 potrzebuj\u0105cych i sk\u0142adaj\u0105 ofiary w ko\u015bciele naprawd\u0119 z serca, a nie na pokaz i nie z tego co im zbywa. Amen.<br \/>\n(o.R.)<\/p>\n<\/div>\n","protected":false},"excerpt":{"rendered":"<p>Z liturgii 32. Niedzieli Zwyk\u0142ej \u2013 07.11.2021r. 1. czytanie (1 Krl 17, 10-16) Uboga wdowa karmi Eliasza Czytanie z Pierwszej Ksi\u0119gi Kr\u00f3lewskiej Prorok Eliasz poszed\u0142 do Sarepty. Kiedy wchodzi\u0142 do bramy tego miasta, pewna wdowa zbiera\u0142a tam sobie drwa. Zawo\u0142a\u0142 j\u0105 i powiedzia\u0142: \u00abDaj mi, prosz\u0119, troch\u0119 wody w naczyniu, abym si\u0119 napi\u0142\u00bb. Ona za\u015b &hellip;<\/p>\n","protected":false},"author":2,"featured_media":20588,"comment_status":"closed","ping_status":"closed","sticky":false,"template":"","format":"standard","meta":{"_mi_skip_tracking":false,"_exactmetrics_sitenote_active":false,"_exactmetrics_sitenote_note":"","_exactmetrics_sitenote_category":0},"categories":[14],"tags":[],"yoast_head":"<!-- This site is optimized with the Yoast SEO plugin v18.1 - https:\/\/yoast.com\/wordpress\/plugins\/seo\/ -->\n<title>Do medytacji z kalwaryjskiego Wzg\u00f3rza \u2013 niedziela 07.11.2021r. - Pako\u015b\u0107 \u2013 Kalwaria<\/title>\n<meta name=\"robots\" content=\"index, follow, max-snippet:-1, max-image-preview:large, max-video-preview:-1\" \/>\n<link rel=\"canonical\" href=\"https:\/\/pakosc-kalwaria.franciszkanie.net\/index.php\/2021\/11\/06\/do-medytacji-z-kalwaryjskiego-wzgorza-niedziela-07-11-2021r\/\" \/>\n<meta property=\"og:locale\" content=\"pl_PL\" \/>\n<meta property=\"og:type\" content=\"article\" \/>\n<meta property=\"og:title\" content=\"Do medytacji z kalwaryjskiego Wzg\u00f3rza \u2013 niedziela 07.11.2021r. - Pako\u015b\u0107 \u2013 Kalwaria\" \/>\n<meta property=\"og:description\" content=\"Z liturgii 32. Niedzieli Zwyk\u0142ej \u2013 07.11.2021r. 1. czytanie (1 Krl 17, 10-16) Uboga wdowa karmi Eliasza Czytanie z Pierwszej Ksi\u0119gi Kr\u00f3lewskiej Prorok Eliasz poszed\u0142 do Sarepty. Kiedy wchodzi\u0142 do bramy tego miasta, pewna wdowa zbiera\u0142a tam sobie drwa. Zawo\u0142a\u0142 j\u0105 i powiedzia\u0142: \u00abDaj mi, prosz\u0119, troch\u0119 wody w naczyniu, abym si\u0119 napi\u0142\u00bb. Ona za\u015b &hellip;\" \/>\n<meta property=\"og:url\" content=\"https:\/\/pakosc-kalwaria.franciszkanie.net\/index.php\/2021\/11\/06\/do-medytacji-z-kalwaryjskiego-wzgorza-niedziela-07-11-2021r\/\" \/>\n<meta property=\"og:site_name\" content=\"Pako\u015b\u0107 \u2013 Kalwaria\" \/>\n<meta property=\"article:author\" content=\"https:\/\/www.facebook.com\/KalwariaPakosc\/\" \/>\n<meta property=\"article:published_time\" content=\"2021-11-06T07:00:54+00:00\" \/>\n<meta property=\"article:modified_time\" content=\"2021-11-10T07:00:19+00:00\" \/>\n<meta property=\"og:image\" content=\"https:\/\/pakosc-kalwaria.franciszkanie.net\/wp-content\/uploads\/2021\/10\/DSCN1602-1.jpg\" \/>\n\t<meta property=\"og:image:width\" content=\"300\" \/>\n\t<meta property=\"og:image:height\" content=\"225\" \/>\n\t<meta property=\"og:image:type\" content=\"image\/jpeg\" \/>\n<meta name=\"twitter:card\" content=\"summary\" \/>\n<meta name=\"twitter:label1\" content=\"Napisane przez\" \/>\n\t<meta name=\"twitter:data1\" content=\"pakosc-kalwaria\" \/>\n\t<meta name=\"twitter:label2\" content=\"Szacowany czas czytania\" \/>\n\t<meta name=\"twitter:data2\" content=\"7 minut\" \/>\n<script type=\"application\/ld+json\" class=\"yoast-schema-graph\">{\"@context\":\"https:\/\/schema.org\",\"@graph\":[{\"@type\":\"WebSite\",\"@id\":\"https:\/\/pakosc-kalwaria.franciszkanie.net\/#website\",\"url\":\"https:\/\/pakosc-kalwaria.franciszkanie.net\/\",\"name\":\"Pako\u015b\u0107 \u2013 Kalwaria\",\"description\":\"Parafia Rzymsko \u2013 Katolicka p.w. Pana Jezusa Ukrzy\u017cowanego i  Matki Bo\u017cej Bolesnej ul. Barci\u0144ska 60, 88\u2013170 Pako\u015b\u0107 \u2013 Kalwaria\",\"potentialAction\":[{\"@type\":\"SearchAction\",\"target\":{\"@type\":\"EntryPoint\",\"urlTemplate\":\"https:\/\/pakosc-kalwaria.franciszkanie.net\/?s={search_term_string}\"},\"query-input\":\"required name=search_term_string\"}],\"inLanguage\":\"pl-PL\"},{\"@type\":\"ImageObject\",\"@id\":\"https:\/\/pakosc-kalwaria.franciszkanie.net\/index.php\/2021\/11\/06\/do-medytacji-z-kalwaryjskiego-wzgorza-niedziela-07-11-2021r\/#primaryimage\",\"inLanguage\":\"pl-PL\",\"url\":\"https:\/\/pakosc-kalwaria.franciszkanie.net\/wp-content\/uploads\/2021\/10\/DSCN1602-1.jpg\",\"contentUrl\":\"https:\/\/pakosc-kalwaria.franciszkanie.net\/wp-content\/uploads\/2021\/10\/DSCN1602-1.jpg\",\"width\":300,\"height\":225},{\"@type\":\"WebPage\",\"@id\":\"https:\/\/pakosc-kalwaria.franciszkanie.net\/index.php\/2021\/11\/06\/do-medytacji-z-kalwaryjskiego-wzgorza-niedziela-07-11-2021r\/#webpage\",\"url\":\"https:\/\/pakosc-kalwaria.franciszkanie.net\/index.php\/2021\/11\/06\/do-medytacji-z-kalwaryjskiego-wzgorza-niedziela-07-11-2021r\/\",\"name\":\"Do medytacji z kalwaryjskiego Wzg\u00f3rza \u2013 niedziela 07.11.2021r. - Pako\u015b\u0107 \u2013 Kalwaria\",\"isPartOf\":{\"@id\":\"https:\/\/pakosc-kalwaria.franciszkanie.net\/#website\"},\"primaryImageOfPage\":{\"@id\":\"https:\/\/pakosc-kalwaria.franciszkanie.net\/index.php\/2021\/11\/06\/do-medytacji-z-kalwaryjskiego-wzgorza-niedziela-07-11-2021r\/#primaryimage\"},\"datePublished\":\"2021-11-06T07:00:54+00:00\",\"dateModified\":\"2021-11-10T07:00:19+00:00\",\"author\":{\"@id\":\"https:\/\/pakosc-kalwaria.franciszkanie.net\/#\/schema\/person\/af10b943be0760709227d060eadcb2aa\"},\"breadcrumb\":{\"@id\":\"https:\/\/pakosc-kalwaria.franciszkanie.net\/index.php\/2021\/11\/06\/do-medytacji-z-kalwaryjskiego-wzgorza-niedziela-07-11-2021r\/#breadcrumb\"},\"inLanguage\":\"pl-PL\",\"potentialAction\":[{\"@type\":\"ReadAction\",\"target\":[\"https:\/\/pakosc-kalwaria.franciszkanie.net\/index.php\/2021\/11\/06\/do-medytacji-z-kalwaryjskiego-wzgorza-niedziela-07-11-2021r\/\"]}]},{\"@type\":\"BreadcrumbList\",\"@id\":\"https:\/\/pakosc-kalwaria.franciszkanie.net\/index.php\/2021\/11\/06\/do-medytacji-z-kalwaryjskiego-wzgorza-niedziela-07-11-2021r\/#breadcrumb\",\"itemListElement\":[{\"@type\":\"ListItem\",\"position\":1,\"name\":\"Strona g\u0142\u00f3wna\",\"item\":\"https:\/\/pakosc-kalwaria.franciszkanie.net\/\"},{\"@type\":\"ListItem\",\"position\":2,\"name\":\"Do medytacji z kalwaryjskiego Wzg\u00f3rza \u2013 niedziela 07.11.2021r.\"}]},{\"@type\":\"Person\",\"@id\":\"https:\/\/pakosc-kalwaria.franciszkanie.net\/#\/schema\/person\/af10b943be0760709227d060eadcb2aa\",\"name\":\"pakosc-kalwaria\",\"image\":{\"@type\":\"ImageObject\",\"@id\":\"https:\/\/pakosc-kalwaria.franciszkanie.net\/#personlogo\",\"inLanguage\":\"pl-PL\",\"url\":\"https:\/\/secure.gravatar.com\/avatar\/e7049d338b55eac6a0027ff3218b8d02?s=96&d=mm&r=g\",\"contentUrl\":\"https:\/\/secure.gravatar.com\/avatar\/e7049d338b55eac6a0027ff3218b8d02?s=96&d=mm&r=g\",\"caption\":\"pakosc-kalwaria\"},\"sameAs\":[\"https:\/\/www.facebook.com\/KalwariaPakosc\/\"],\"url\":\"https:\/\/pakosc-kalwaria.franciszkanie.net\/index.php\/author\/pakosc-kalwaria\/\"}]}<\/script>\n<!-- \/ Yoast SEO plugin. -->","yoast_head_json":{"title":"Do medytacji z kalwaryjskiego Wzg\u00f3rza \u2013 niedziela 07.11.2021r. - Pako\u015b\u0107 \u2013 Kalwaria","robots":{"index":"index","follow":"follow","max-snippet":"max-snippet:-1","max-image-preview":"max-image-preview:large","max-video-preview":"max-video-preview:-1"},"canonical":"https:\/\/pakosc-kalwaria.franciszkanie.net\/index.php\/2021\/11\/06\/do-medytacji-z-kalwaryjskiego-wzgorza-niedziela-07-11-2021r\/","og_locale":"pl_PL","og_type":"article","og_title":"Do medytacji z kalwaryjskiego Wzg\u00f3rza \u2013 niedziela 07.11.2021r. - Pako\u015b\u0107 \u2013 Kalwaria","og_description":"Z liturgii 32. Niedzieli Zwyk\u0142ej \u2013 07.11.2021r. 1. czytanie (1 Krl 17, 10-16) Uboga wdowa karmi Eliasza Czytanie z Pierwszej Ksi\u0119gi Kr\u00f3lewskiej Prorok Eliasz poszed\u0142 do Sarepty. Kiedy wchodzi\u0142 do bramy tego miasta, pewna wdowa zbiera\u0142a tam sobie drwa. Zawo\u0142a\u0142 j\u0105 i powiedzia\u0142: \u00abDaj mi, prosz\u0119, troch\u0119 wody w naczyniu, abym si\u0119 napi\u0142\u00bb. Ona za\u015b &hellip;","og_url":"https:\/\/pakosc-kalwaria.franciszkanie.net\/index.php\/2021\/11\/06\/do-medytacji-z-kalwaryjskiego-wzgorza-niedziela-07-11-2021r\/","og_site_name":"Pako\u015b\u0107 \u2013 Kalwaria","article_author":"https:\/\/www.facebook.com\/KalwariaPakosc\/","article_published_time":"2021-11-06T07:00:54+00:00","article_modified_time":"2021-11-10T07:00:19+00:00","og_image":[{"width":300,"height":225,"url":"https:\/\/pakosc-kalwaria.franciszkanie.net\/wp-content\/uploads\/2021\/10\/DSCN1602-1.jpg","type":"image\/jpeg"}],"twitter_card":"summary","twitter_misc":{"Napisane przez":"pakosc-kalwaria","Szacowany czas czytania":"7 minut"},"schema":{"@context":"https:\/\/schema.org","@graph":[{"@type":"WebSite","@id":"https:\/\/pakosc-kalwaria.franciszkanie.net\/#website","url":"https:\/\/pakosc-kalwaria.franciszkanie.net\/","name":"Pako\u015b\u0107 \u2013 Kalwaria","description":"Parafia Rzymsko \u2013 Katolicka p.w. Pana Jezusa Ukrzy\u017cowanego i  Matki Bo\u017cej Bolesnej ul. Barci\u0144ska 60, 88\u2013170 Pako\u015b\u0107 \u2013 Kalwaria","potentialAction":[{"@type":"SearchAction","target":{"@type":"EntryPoint","urlTemplate":"https:\/\/pakosc-kalwaria.franciszkanie.net\/?s={search_term_string}"},"query-input":"required name=search_term_string"}],"inLanguage":"pl-PL"},{"@type":"ImageObject","@id":"https:\/\/pakosc-kalwaria.franciszkanie.net\/index.php\/2021\/11\/06\/do-medytacji-z-kalwaryjskiego-wzgorza-niedziela-07-11-2021r\/#primaryimage","inLanguage":"pl-PL","url":"https:\/\/pakosc-kalwaria.franciszkanie.net\/wp-content\/uploads\/2021\/10\/DSCN1602-1.jpg","contentUrl":"https:\/\/pakosc-kalwaria.franciszkanie.net\/wp-content\/uploads\/2021\/10\/DSCN1602-1.jpg","width":300,"height":225},{"@type":"WebPage","@id":"https:\/\/pakosc-kalwaria.franciszkanie.net\/index.php\/2021\/11\/06\/do-medytacji-z-kalwaryjskiego-wzgorza-niedziela-07-11-2021r\/#webpage","url":"https:\/\/pakosc-kalwaria.franciszkanie.net\/index.php\/2021\/11\/06\/do-medytacji-z-kalwaryjskiego-wzgorza-niedziela-07-11-2021r\/","name":"Do medytacji z kalwaryjskiego Wzg\u00f3rza \u2013 niedziela 07.11.2021r. - Pako\u015b\u0107 \u2013 Kalwaria","isPartOf":{"@id":"https:\/\/pakosc-kalwaria.franciszkanie.net\/#website"},"primaryImageOfPage":{"@id":"https:\/\/pakosc-kalwaria.franciszkanie.net\/index.php\/2021\/11\/06\/do-medytacji-z-kalwaryjskiego-wzgorza-niedziela-07-11-2021r\/#primaryimage"},"datePublished":"2021-11-06T07:00:54+00:00","dateModified":"2021-11-10T07:00:19+00:00","author":{"@id":"https:\/\/pakosc-kalwaria.franciszkanie.net\/#\/schema\/person\/af10b943be0760709227d060eadcb2aa"},"breadcrumb":{"@id":"https:\/\/pakosc-kalwaria.franciszkanie.net\/index.php\/2021\/11\/06\/do-medytacji-z-kalwaryjskiego-wzgorza-niedziela-07-11-2021r\/#breadcrumb"},"inLanguage":"pl-PL","potentialAction":[{"@type":"ReadAction","target":["https:\/\/pakosc-kalwaria.franciszkanie.net\/index.php\/2021\/11\/06\/do-medytacji-z-kalwaryjskiego-wzgorza-niedziela-07-11-2021r\/"]}]},{"@type":"BreadcrumbList","@id":"https:\/\/pakosc-kalwaria.franciszkanie.net\/index.php\/2021\/11\/06\/do-medytacji-z-kalwaryjskiego-wzgorza-niedziela-07-11-2021r\/#breadcrumb","itemListElement":[{"@type":"ListItem","position":1,"name":"Strona g\u0142\u00f3wna","item":"https:\/\/pakosc-kalwaria.franciszkanie.net\/"},{"@type":"ListItem","position":2,"name":"Do medytacji z kalwaryjskiego Wzg\u00f3rza \u2013 niedziela 07.11.2021r."}]},{"@type":"Person","@id":"https:\/\/pakosc-kalwaria.franciszkanie.net\/#\/schema\/person\/af10b943be0760709227d060eadcb2aa","name":"pakosc-kalwaria","image":{"@type":"ImageObject","@id":"https:\/\/pakosc-kalwaria.franciszkanie.net\/#personlogo","inLanguage":"pl-PL","url":"https:\/\/secure.gravatar.com\/avatar\/e7049d338b55eac6a0027ff3218b8d02?s=96&d=mm&r=g","contentUrl":"https:\/\/secure.gravatar.com\/avatar\/e7049d338b55eac6a0027ff3218b8d02?s=96&d=mm&r=g","caption":"pakosc-kalwaria"},"sameAs":["https:\/\/www.facebook.com\/KalwariaPakosc\/"],"url":"https:\/\/pakosc-kalwaria.franciszkanie.net\/index.php\/author\/pakosc-kalwaria\/"}]}},"_links":{"self":[{"href":"https:\/\/pakosc-kalwaria.franciszkanie.net\/index.php\/wp-json\/wp\/v2\/posts\/20640"}],"collection":[{"href":"https:\/\/pakosc-kalwaria.franciszkanie.net\/index.php\/wp-json\/wp\/v2\/posts"}],"about":[{"href":"https:\/\/pakosc-kalwaria.franciszkanie.net\/index.php\/wp-json\/wp\/v2\/types\/post"}],"author":[{"embeddable":true,"href":"https:\/\/pakosc-kalwaria.franciszkanie.net\/index.php\/wp-json\/wp\/v2\/users\/2"}],"replies":[{"embeddable":true,"href":"https:\/\/pakosc-kalwaria.franciszkanie.net\/index.php\/wp-json\/wp\/v2\/comments?post=20640"}],"version-history":[{"count":3,"href":"https:\/\/pakosc-kalwaria.franciszkanie.net\/index.php\/wp-json\/wp\/v2\/posts\/20640\/revisions"}],"predecessor-version":[{"id":20643,"href":"https:\/\/pakosc-kalwaria.franciszkanie.net\/index.php\/wp-json\/wp\/v2\/posts\/20640\/revisions\/20643"}],"wp:featuredmedia":[{"embeddable":true,"href":"https:\/\/pakosc-kalwaria.franciszkanie.net\/index.php\/wp-json\/wp\/v2\/media\/20588"}],"wp:attachment":[{"href":"https:\/\/pakosc-kalwaria.franciszkanie.net\/index.php\/wp-json\/wp\/v2\/media?parent=20640"}],"wp:term":[{"taxonomy":"category","embeddable":true,"href":"https:\/\/pakosc-kalwaria.franciszkanie.net\/index.php\/wp-json\/wp\/v2\/categories?post=20640"},{"taxonomy":"post_tag","embeddable":true,"href":"https:\/\/pakosc-kalwaria.franciszkanie.net\/index.php\/wp-json\/wp\/v2\/tags?post=20640"}],"curies":[{"name":"wp","href":"https:\/\/api.w.org\/{rel}","templated":true}]}}