{"id":20652,"date":"2021-11-12T07:00:19","date_gmt":"2021-11-12T06:00:19","guid":{"rendered":"http:\/\/pakosc-kalwaria.franciszkanie.net\/?p=20652"},"modified":"2021-11-22T09:31:29","modified_gmt":"2021-11-22T08:31:29","slug":"apel-przewodniczacego-konferencji-episkopatu-polski-3","status":"publish","type":"post","link":"https:\/\/pakosc-kalwaria.franciszkanie.net\/index.php\/2021\/11\/12\/apel-przewodniczacego-konferencji-episkopatu-polski-3\/","title":{"rendered":"Apel w sprawie pomocy migrantom na wschodniej granicy"},"content":{"rendered":"<p><strong>APEL PRZEWODNICZ\u0104CEGO KONFERENCJI EPISKOPATU POLSKI ARCYBISKUPA STANIS\u0141AWA G\u0104DECKIEGO WS. POMOCY MIGRANTOM<\/strong><\/p>\n<p>Od kilku tygodni jeste\u015bmy \u015bwiadkami wyj\u0105tkowo trudnej sytuacji na granicy polsko-bia\u0142oruskiej. Bez wzgl\u0119du na okoliczno\u015bci przybycia migrant\u00f3w, na pewno potrzebuj\u0105 oni naszego wsparcia duchowego i materialnego.<\/p>\n<p>Od pocz\u0105tku kryzysu migracyjnego Ko\u015bci\u00f3\u0142 w Polsce \u2013 za po\u015brednictwem Caritas Polska, Caritas diecezjalnych oraz delegata KEP ds. imigracji \u2013 \u015bwiadczy w miar\u0119 swoich mo\u017cliwo\u015bci pomoc migrantom. W tym momencie realizowane jest wsparcie o\u015brodk\u00f3w dla cudzoziemc\u00f3w, wsparcie przygranicznych plac\u00f3wek Stra\u017cy Granicznej, w kt\u00f3rych przebywaj\u0105 migranci i uchod\u017acy, a w parafiach przygranicznych uruchamiane s\u0105 Namioty Nadziei Caritas Polska.<\/p>\n<p>Potrzeby s\u0105 jednak o wiele wi\u0119ksze, dlatego zwracam si\u0119 do wiernych oraz wszystkich ludzi dobrej woli z pro\u015bb\u0105 o og\u00f3lnopolsk\u0105 zbi\u00f3rk\u0119 funduszy na rzecz migrant\u00f3w z granicy polsko-bia\u0142oruskiej, po wszystkich Mszach \u015awi\u0119tych w niedziel\u0119 21 listopada. \u015arodki zbierane podczas tej kwesty zostan\u0105 przeznaczone \u2013 za po\u015brednictwem Caritas Polska \u2013 na finansowanie dzia\u0142a\u0144 pomocowych na terenach przygranicznych podczas kryzysu migracyjnego oraz na proces d\u0142ugotrwa\u0142ej integracji uchod\u017ac\u00f3w, kt\u00f3rzy zdecyduj\u0105 si\u0119 pozosta\u0107 w Polsce.<\/p>\n<p>Misj\u0105 Ko\u015bcio\u0142a jest w pierwszym rz\u0119dzie g\u0142oszenie Ewangelii. W konsekwencji, gdy trzeba udzieli\u0107 przybyszom pomocy, nie wolno nam si\u0119 od tego uchyla\u0107. Bez uszczerbku dla bezpiecze\u0144stwa Rzeczypospolitej i jej obywateli, osobom potrzebuj\u0105cym trzeba okaza\u0107 nasz\u0105 solidarno\u015b\u0107. W obecnej sytuacji przes\u0142anie przypowie\u015bci o mi\u0142osiernym Samarytaninie brzmi jeszcze bardziej nagl\u0105co i czeka na powszechn\u0105 realizacj\u0119, tak\u017ce w postrzeganiu samych migrant\u00f3w.<\/p>\n<p>M\u00f3dlmy si\u0119 gor\u0105co o pok\u00f3j na wschodniej granicy Polski, za wszystkich migrant\u00f3w tam przebywaj\u0105cych, za mieszka\u0144c\u00f3w tych okolic, za s\u0142u\u017cby pa\u0144stwowe, w tym Stra\u017c Graniczn\u0105 i wojsko, za polityk\u00f3w, Polak\u00f3w i Bia\u0142orusin\u00f3w.<\/p>\n<p>+ Stanis\u0142aw G\u0105decki<br \/>\n<em>Arcybiskup Metropolita Pozna\u0144ski<br \/>\n<\/em><em>Przewodnicz\u0105cy Konferencji Episkopatu Polski<\/em><\/p>\n<p>Warszawa, dnia 8 listopada 2021 roku<\/p>\n","protected":false},"excerpt":{"rendered":"<p>APEL PRZEWODNICZ\u0104CEGO KONFERENCJI EPISKOPATU POLSKI ARCYBISKUPA STANIS\u0141AWA G\u0104DECKIEGO WS. POMOCY MIGRANTOM Od kilku tygodni jeste\u015bmy \u015bwiadkami wyj\u0105tkowo trudnej sytuacji na granicy polsko-bia\u0142oruskiej. Bez wzgl\u0119du na okoliczno\u015bci przybycia migrant\u00f3w, na pewno potrzebuj\u0105 oni naszego wsparcia duchowego i materialnego. Od pocz\u0105tku kryzysu migracyjnego Ko\u015bci\u00f3\u0142 w Polsce \u2013 za po\u015brednictwem Caritas Polska, Caritas diecezjalnych oraz delegata KEP ds. &hellip;<\/p>\n","protected":false},"author":2,"featured_media":20653,"comment_status":"closed","ping_status":"closed","sticky":false,"template":"","format":"standard","meta":{"_mi_skip_tracking":false,"_exactmetrics_sitenote_active":false,"_exactmetrics_sitenote_note":"","_exactmetrics_sitenote_category":0},"categories":[7],"tags":[],"yoast_head":"<!-- This site is optimized with the Yoast SEO plugin v18.1 - https:\/\/yoast.com\/wordpress\/plugins\/seo\/ -->\n<title>Apel w sprawie pomocy migrantom na wschodniej granicy - Pako\u015b\u0107 \u2013 Kalwaria<\/title>\n<meta name=\"robots\" content=\"index, follow, max-snippet:-1, max-image-preview:large, max-video-preview:-1\" \/>\n<link rel=\"canonical\" href=\"https:\/\/pakosc-kalwaria.franciszkanie.net\/index.php\/2021\/11\/12\/apel-przewodniczacego-konferencji-episkopatu-polski-3\/\" \/>\n<meta property=\"og:locale\" content=\"pl_PL\" \/>\n<meta property=\"og:type\" content=\"article\" \/>\n<meta property=\"og:title\" content=\"Apel w sprawie pomocy migrantom na wschodniej granicy - Pako\u015b\u0107 \u2013 Kalwaria\" \/>\n<meta property=\"og:description\" content=\"APEL PRZEWODNICZ\u0104CEGO KONFERENCJI EPISKOPATU POLSKI ARCYBISKUPA STANIS\u0141AWA G\u0104DECKIEGO WS. POMOCY MIGRANTOM Od kilku tygodni jeste\u015bmy \u015bwiadkami wyj\u0105tkowo trudnej sytuacji na granicy polsko-bia\u0142oruskiej. Bez wzgl\u0119du na okoliczno\u015bci przybycia migrant\u00f3w, na pewno potrzebuj\u0105 oni naszego wsparcia duchowego i materialnego. Od pocz\u0105tku kryzysu migracyjnego Ko\u015bci\u00f3\u0142 w Polsce \u2013 za po\u015brednictwem Caritas Polska, Caritas diecezjalnych oraz delegata KEP ds. &hellip;\" \/>\n<meta property=\"og:url\" content=\"https:\/\/pakosc-kalwaria.franciszkanie.net\/index.php\/2021\/11\/12\/apel-przewodniczacego-konferencji-episkopatu-polski-3\/\" \/>\n<meta property=\"og:site_name\" content=\"Pako\u015b\u0107 \u2013 Kalwaria\" \/>\n<meta property=\"article:author\" content=\"https:\/\/www.facebook.com\/KalwariaPakosc\/\" \/>\n<meta property=\"article:published_time\" content=\"2021-11-12T06:00:19+00:00\" \/>\n<meta property=\"article:modified_time\" content=\"2021-11-22T08:31:29+00:00\" \/>\n<meta property=\"og:image\" content=\"https:\/\/pakosc-kalwaria.franciszkanie.net\/wp-content\/uploads\/2021\/11\/tt-4-324x235.jpg\" \/>\n\t<meta property=\"og:image:width\" content=\"324\" \/>\n\t<meta property=\"og:image:height\" content=\"235\" \/>\n\t<meta property=\"og:image:type\" content=\"image\/jpeg\" \/>\n<meta name=\"twitter:card\" content=\"summary\" \/>\n<meta name=\"twitter:label1\" content=\"Napisane przez\" \/>\n\t<meta name=\"twitter:data1\" content=\"pakosc-kalwaria\" \/>\n\t<meta name=\"twitter:label2\" content=\"Szacowany czas czytania\" \/>\n\t<meta name=\"twitter:data2\" content=\"2 minuty\" \/>\n<script type=\"application\/ld+json\" class=\"yoast-schema-graph\">{\"@context\":\"https:\/\/schema.org\",\"@graph\":[{\"@type\":\"WebSite\",\"@id\":\"https:\/\/pakosc-kalwaria.franciszkanie.net\/#website\",\"url\":\"https:\/\/pakosc-kalwaria.franciszkanie.net\/\",\"name\":\"Pako\u015b\u0107 \u2013 Kalwaria\",\"description\":\"Parafia Rzymsko \u2013 Katolicka p.w. Pana Jezusa Ukrzy\u017cowanego i  Matki Bo\u017cej Bolesnej ul. Barci\u0144ska 60, 88\u2013170 Pako\u015b\u0107 \u2013 Kalwaria\",\"potentialAction\":[{\"@type\":\"SearchAction\",\"target\":{\"@type\":\"EntryPoint\",\"urlTemplate\":\"https:\/\/pakosc-kalwaria.franciszkanie.net\/?s={search_term_string}\"},\"query-input\":\"required name=search_term_string\"}],\"inLanguage\":\"pl-PL\"},{\"@type\":\"ImageObject\",\"@id\":\"https:\/\/pakosc-kalwaria.franciszkanie.net\/index.php\/2021\/11\/12\/apel-przewodniczacego-konferencji-episkopatu-polski-3\/#primaryimage\",\"inLanguage\":\"pl-PL\",\"url\":\"https:\/\/pakosc-kalwaria.franciszkanie.net\/wp-content\/uploads\/2021\/11\/tt-4-324x235.jpg\",\"contentUrl\":\"https:\/\/pakosc-kalwaria.franciszkanie.net\/wp-content\/uploads\/2021\/11\/tt-4-324x235.jpg\",\"width\":324,\"height\":235},{\"@type\":\"WebPage\",\"@id\":\"https:\/\/pakosc-kalwaria.franciszkanie.net\/index.php\/2021\/11\/12\/apel-przewodniczacego-konferencji-episkopatu-polski-3\/#webpage\",\"url\":\"https:\/\/pakosc-kalwaria.franciszkanie.net\/index.php\/2021\/11\/12\/apel-przewodniczacego-konferencji-episkopatu-polski-3\/\",\"name\":\"Apel w sprawie pomocy migrantom na wschodniej granicy - Pako\u015b\u0107 \u2013 Kalwaria\",\"isPartOf\":{\"@id\":\"https:\/\/pakosc-kalwaria.franciszkanie.net\/#website\"},\"primaryImageOfPage\":{\"@id\":\"https:\/\/pakosc-kalwaria.franciszkanie.net\/index.php\/2021\/11\/12\/apel-przewodniczacego-konferencji-episkopatu-polski-3\/#primaryimage\"},\"datePublished\":\"2021-11-12T06:00:19+00:00\",\"dateModified\":\"2021-11-22T08:31:29+00:00\",\"author\":{\"@id\":\"https:\/\/pakosc-kalwaria.franciszkanie.net\/#\/schema\/person\/af10b943be0760709227d060eadcb2aa\"},\"breadcrumb\":{\"@id\":\"https:\/\/pakosc-kalwaria.franciszkanie.net\/index.php\/2021\/11\/12\/apel-przewodniczacego-konferencji-episkopatu-polski-3\/#breadcrumb\"},\"inLanguage\":\"pl-PL\",\"potentialAction\":[{\"@type\":\"ReadAction\",\"target\":[\"https:\/\/pakosc-kalwaria.franciszkanie.net\/index.php\/2021\/11\/12\/apel-przewodniczacego-konferencji-episkopatu-polski-3\/\"]}]},{\"@type\":\"BreadcrumbList\",\"@id\":\"https:\/\/pakosc-kalwaria.franciszkanie.net\/index.php\/2021\/11\/12\/apel-przewodniczacego-konferencji-episkopatu-polski-3\/#breadcrumb\",\"itemListElement\":[{\"@type\":\"ListItem\",\"position\":1,\"name\":\"Strona g\u0142\u00f3wna\",\"item\":\"https:\/\/pakosc-kalwaria.franciszkanie.net\/\"},{\"@type\":\"ListItem\",\"position\":2,\"name\":\"Apel w sprawie pomocy migrantom na wschodniej granicy\"}]},{\"@type\":\"Person\",\"@id\":\"https:\/\/pakosc-kalwaria.franciszkanie.net\/#\/schema\/person\/af10b943be0760709227d060eadcb2aa\",\"name\":\"pakosc-kalwaria\",\"image\":{\"@type\":\"ImageObject\",\"@id\":\"https:\/\/pakosc-kalwaria.franciszkanie.net\/#personlogo\",\"inLanguage\":\"pl-PL\",\"url\":\"https:\/\/secure.gravatar.com\/avatar\/e7049d338b55eac6a0027ff3218b8d02?s=96&d=mm&r=g\",\"contentUrl\":\"https:\/\/secure.gravatar.com\/avatar\/e7049d338b55eac6a0027ff3218b8d02?s=96&d=mm&r=g\",\"caption\":\"pakosc-kalwaria\"},\"sameAs\":[\"https:\/\/www.facebook.com\/KalwariaPakosc\/\"],\"url\":\"https:\/\/pakosc-kalwaria.franciszkanie.net\/index.php\/author\/pakosc-kalwaria\/\"}]}<\/script>\n<!-- \/ Yoast SEO plugin. -->","yoast_head_json":{"title":"Apel w sprawie pomocy migrantom na wschodniej granicy - Pako\u015b\u0107 \u2013 Kalwaria","robots":{"index":"index","follow":"follow","max-snippet":"max-snippet:-1","max-image-preview":"max-image-preview:large","max-video-preview":"max-video-preview:-1"},"canonical":"https:\/\/pakosc-kalwaria.franciszkanie.net\/index.php\/2021\/11\/12\/apel-przewodniczacego-konferencji-episkopatu-polski-3\/","og_locale":"pl_PL","og_type":"article","og_title":"Apel w sprawie pomocy migrantom na wschodniej granicy - Pako\u015b\u0107 \u2013 Kalwaria","og_description":"APEL PRZEWODNICZ\u0104CEGO KONFERENCJI EPISKOPATU POLSKI ARCYBISKUPA STANIS\u0141AWA G\u0104DECKIEGO WS. POMOCY MIGRANTOM Od kilku tygodni jeste\u015bmy \u015bwiadkami wyj\u0105tkowo trudnej sytuacji na granicy polsko-bia\u0142oruskiej. Bez wzgl\u0119du na okoliczno\u015bci przybycia migrant\u00f3w, na pewno potrzebuj\u0105 oni naszego wsparcia duchowego i materialnego. Od pocz\u0105tku kryzysu migracyjnego Ko\u015bci\u00f3\u0142 w Polsce \u2013 za po\u015brednictwem Caritas Polska, Caritas diecezjalnych oraz delegata KEP ds. &hellip;","og_url":"https:\/\/pakosc-kalwaria.franciszkanie.net\/index.php\/2021\/11\/12\/apel-przewodniczacego-konferencji-episkopatu-polski-3\/","og_site_name":"Pako\u015b\u0107 \u2013 Kalwaria","article_author":"https:\/\/www.facebook.com\/KalwariaPakosc\/","article_published_time":"2021-11-12T06:00:19+00:00","article_modified_time":"2021-11-22T08:31:29+00:00","og_image":[{"width":324,"height":235,"url":"https:\/\/pakosc-kalwaria.franciszkanie.net\/wp-content\/uploads\/2021\/11\/tt-4-324x235.jpg","type":"image\/jpeg"}],"twitter_card":"summary","twitter_misc":{"Napisane przez":"pakosc-kalwaria","Szacowany czas czytania":"2 minuty"},"schema":{"@context":"https:\/\/schema.org","@graph":[{"@type":"WebSite","@id":"https:\/\/pakosc-kalwaria.franciszkanie.net\/#website","url":"https:\/\/pakosc-kalwaria.franciszkanie.net\/","name":"Pako\u015b\u0107 \u2013 Kalwaria","description":"Parafia Rzymsko \u2013 Katolicka p.w. Pana Jezusa Ukrzy\u017cowanego i  Matki Bo\u017cej Bolesnej ul. Barci\u0144ska 60, 88\u2013170 Pako\u015b\u0107 \u2013 Kalwaria","potentialAction":[{"@type":"SearchAction","target":{"@type":"EntryPoint","urlTemplate":"https:\/\/pakosc-kalwaria.franciszkanie.net\/?s={search_term_string}"},"query-input":"required name=search_term_string"}],"inLanguage":"pl-PL"},{"@type":"ImageObject","@id":"https:\/\/pakosc-kalwaria.franciszkanie.net\/index.php\/2021\/11\/12\/apel-przewodniczacego-konferencji-episkopatu-polski-3\/#primaryimage","inLanguage":"pl-PL","url":"https:\/\/pakosc-kalwaria.franciszkanie.net\/wp-content\/uploads\/2021\/11\/tt-4-324x235.jpg","contentUrl":"https:\/\/pakosc-kalwaria.franciszkanie.net\/wp-content\/uploads\/2021\/11\/tt-4-324x235.jpg","width":324,"height":235},{"@type":"WebPage","@id":"https:\/\/pakosc-kalwaria.franciszkanie.net\/index.php\/2021\/11\/12\/apel-przewodniczacego-konferencji-episkopatu-polski-3\/#webpage","url":"https:\/\/pakosc-kalwaria.franciszkanie.net\/index.php\/2021\/11\/12\/apel-przewodniczacego-konferencji-episkopatu-polski-3\/","name":"Apel w sprawie pomocy migrantom na wschodniej granicy - Pako\u015b\u0107 \u2013 Kalwaria","isPartOf":{"@id":"https:\/\/pakosc-kalwaria.franciszkanie.net\/#website"},"primaryImageOfPage":{"@id":"https:\/\/pakosc-kalwaria.franciszkanie.net\/index.php\/2021\/11\/12\/apel-przewodniczacego-konferencji-episkopatu-polski-3\/#primaryimage"},"datePublished":"2021-11-12T06:00:19+00:00","dateModified":"2021-11-22T08:31:29+00:00","author":{"@id":"https:\/\/pakosc-kalwaria.franciszkanie.net\/#\/schema\/person\/af10b943be0760709227d060eadcb2aa"},"breadcrumb":{"@id":"https:\/\/pakosc-kalwaria.franciszkanie.net\/index.php\/2021\/11\/12\/apel-przewodniczacego-konferencji-episkopatu-polski-3\/#breadcrumb"},"inLanguage":"pl-PL","potentialAction":[{"@type":"ReadAction","target":["https:\/\/pakosc-kalwaria.franciszkanie.net\/index.php\/2021\/11\/12\/apel-przewodniczacego-konferencji-episkopatu-polski-3\/"]}]},{"@type":"BreadcrumbList","@id":"https:\/\/pakosc-kalwaria.franciszkanie.net\/index.php\/2021\/11\/12\/apel-przewodniczacego-konferencji-episkopatu-polski-3\/#breadcrumb","itemListElement":[{"@type":"ListItem","position":1,"name":"Strona g\u0142\u00f3wna","item":"https:\/\/pakosc-kalwaria.franciszkanie.net\/"},{"@type":"ListItem","position":2,"name":"Apel w sprawie pomocy migrantom na wschodniej granicy"}]},{"@type":"Person","@id":"https:\/\/pakosc-kalwaria.franciszkanie.net\/#\/schema\/person\/af10b943be0760709227d060eadcb2aa","name":"pakosc-kalwaria","image":{"@type":"ImageObject","@id":"https:\/\/pakosc-kalwaria.franciszkanie.net\/#personlogo","inLanguage":"pl-PL","url":"https:\/\/secure.gravatar.com\/avatar\/e7049d338b55eac6a0027ff3218b8d02?s=96&d=mm&r=g","contentUrl":"https:\/\/secure.gravatar.com\/avatar\/e7049d338b55eac6a0027ff3218b8d02?s=96&d=mm&r=g","caption":"pakosc-kalwaria"},"sameAs":["https:\/\/www.facebook.com\/KalwariaPakosc\/"],"url":"https:\/\/pakosc-kalwaria.franciszkanie.net\/index.php\/author\/pakosc-kalwaria\/"}]}},"_links":{"self":[{"href":"https:\/\/pakosc-kalwaria.franciszkanie.net\/index.php\/wp-json\/wp\/v2\/posts\/20652"}],"collection":[{"href":"https:\/\/pakosc-kalwaria.franciszkanie.net\/index.php\/wp-json\/wp\/v2\/posts"}],"about":[{"href":"https:\/\/pakosc-kalwaria.franciszkanie.net\/index.php\/wp-json\/wp\/v2\/types\/post"}],"author":[{"embeddable":true,"href":"https:\/\/pakosc-kalwaria.franciszkanie.net\/index.php\/wp-json\/wp\/v2\/users\/2"}],"replies":[{"embeddable":true,"href":"https:\/\/pakosc-kalwaria.franciszkanie.net\/index.php\/wp-json\/wp\/v2\/comments?post=20652"}],"version-history":[{"count":2,"href":"https:\/\/pakosc-kalwaria.franciszkanie.net\/index.php\/wp-json\/wp\/v2\/posts\/20652\/revisions"}],"predecessor-version":[{"id":20662,"href":"https:\/\/pakosc-kalwaria.franciszkanie.net\/index.php\/wp-json\/wp\/v2\/posts\/20652\/revisions\/20662"}],"wp:featuredmedia":[{"embeddable":true,"href":"https:\/\/pakosc-kalwaria.franciszkanie.net\/index.php\/wp-json\/wp\/v2\/media\/20653"}],"wp:attachment":[{"href":"https:\/\/pakosc-kalwaria.franciszkanie.net\/index.php\/wp-json\/wp\/v2\/media?parent=20652"}],"wp:term":[{"taxonomy":"category","embeddable":true,"href":"https:\/\/pakosc-kalwaria.franciszkanie.net\/index.php\/wp-json\/wp\/v2\/categories?post=20652"},{"taxonomy":"post_tag","embeddable":true,"href":"https:\/\/pakosc-kalwaria.franciszkanie.net\/index.php\/wp-json\/wp\/v2\/tags?post=20652"}],"curies":[{"name":"wp","href":"https:\/\/api.w.org\/{rel}","templated":true}]}}