{"id":20655,"date":"2021-11-12T13:00:45","date_gmt":"2021-11-12T12:00:45","guid":{"rendered":"http:\/\/pakosc-kalwaria.franciszkanie.net\/?p=20655"},"modified":"2021-11-15T08:34:13","modified_gmt":"2021-11-15T07:34:13","slug":"pomoc-kosciolowi-w-potrzebie-solidarni-z-libanem-14-11-2021","status":"publish","type":"post","link":"https:\/\/pakosc-kalwaria.franciszkanie.net\/index.php\/2021\/11\/12\/pomoc-kosciolowi-w-potrzebie-solidarni-z-libanem-14-11-2021\/","title":{"rendered":"Pomoc Ko\u015bcio\u0142owi w potrzebie. Solidarni z Libanem"},"content":{"rendered":"<p><span class=\"style-scope yt-formatted-string\" dir=\"auto\"><strong>Dzie\u0144 Solidarno\u015bci z Ko\u015bcio\u0142em Prze\u015bladowanym zosta\u0142 ustanowiony decyzj\u0105 Konferencji Episkopatu Polski w 2008 roku. Obchodzony jest w ka\u017cd\u0105 drug\u0105 niedziel\u0119 listopada, a jego organizatorem jest Papieskie Stowarzyszenie Pomoc Ko\u015bcio\u0142owi w Potrzebie. W tym roku Dzie\u0144 Solidarno\u015bci przypada <span style=\"color: #ff0000;\">14 listopada<\/span> i obchodzony jest ju\u017c po raz trzynasty. Krajem szczeg\u00f3lnie dotkni\u0119ty cierpieniem, na kt\u00f3ry PKWP chce zwr\u00f3ci\u0107 szczeg\u00f3ln\u0105 uwag\u0119 w tegorocznych obchodach, jest <span style=\"color: #ff0000;\">Liban.<\/span><\/strong><\/span><\/p>\n<p><strong>W du\u017cej mierze to od nas zale\u017cy, czy pomo\u017cemy cierpi\u0105cemu Ko\u015bcio\u0142owi w Libanie przej\u015b\u0107 t\u0119 drog\u0119 Wielkiego Tygodnia\u201d \u2013 dyrektor sekcji polskiej Papieskiego Stowarzyszenia Pomoc Ko\u015bcio\u0142owi w Potrzebie, ks. prof. Waldemar Cis\u0142o. Pom\u00f3\u017c przywr\u00f3ci\u0107 nadziej\u0119.<\/strong> Wy\u015blij SMS o tre\u015bci RATUJE na nr 72405 (koszt 2,00 z\u0142 + VAT) Nr konta dla ofiarodawc\u00f3w: 65 1020 1068 0000 1502 0147 7132 (PKO BP Oddzia\u0142 6 w Warszawie).<\/p>\n<p><span style=\"color: #ff0000;\"><strong>W naszym kalwaryjskim ko\u015bciele w niedziel\u0119 14 listopada po Mszach \u015bwi\u0119tych zbi\u00f3rka do puszek na pomoc dla ludno\u015bci Libanu.\u00a0<\/strong> <\/span><\/p>\n<p><strong>Solidarni z Libanem.<\/strong><br \/>\nTo niewielki kraj, granicz\u0105cy od zachodu z Morzem \u015ar\u00f3dziemnym, od po\u0142udnia z Izraelem, a od wschodu i p\u00f3\u0142nocy z Syri\u0105. Ze wzgl\u0119du na swoje geograficzne po\u0142o\u017cenie, Liban sta\u0142 si\u0119 swoistym \u0142\u0105cznikiem pomi\u0119dzy basenem Morza \u015ar\u00f3dziemnego a zapleczem arabskim, co wzbogaci\u0142o jego histori\u0119 i ukszta\u0142towa\u0142o to\u017csamo\u015b\u0107 kulturow\u0105 charakteryzuj\u0105c\u0105 si\u0119 du\u017c\u0105 r\u00f3\u017cnorodno\u015bci\u0105 etniczno-religijn\u0105. Pocz\u0105tki liba\u0144skiego chrze\u015bcija\u0144stwa si\u0119gaj\u0105 czas\u00f3w Jezusa Chrystusa. Tyr i Sydon s\u0105 miejscami biblijnymi. W Pi\u015bmie \u015awi\u0119tym s\u0142owo Liban zosta\u0142o wymienione 72 razy. Jeszcze przed I wojn\u0105 \u015bwiatow\u0105 dosz\u0142o do wielu akt\u00f3w ludob\u00f3jstwa na chrze\u015bcijanach. Najwa\u017cniejsze z nich to te dokonane przez Druz\u00f3w w 1840 i 1860 roku. Wielu ludzi zosta\u0142o zmuszonych do opuszczenia kraju. Po wojnie izraelsko-palesty\u0144skiej w latach 1947-1949 do Libanu przybyli Palesty\u0144czycy, poniewa\u017c uciekali z kraju lub zostali z niego wydaleni. Do dzi\u015b w Libanie znajduje si\u0119 co najmniej dziesi\u0119\u0107 oboz\u00f3w dla uchod\u017ac\u00f3w palesty\u0144skich. Maj\u0105 oni w\u0142asne prawa, s\u0105 chronieni i maj\u0105 w\u0142asne ustawodawstwo w kraju, a mimo to przyczyniaj\u0105 si\u0119 do destabilizacji Libanu.<br \/>\nTrwaj\u0105cy od 2011 roku kryzys syryjskich uchod\u017ac\u00f3w sprawi\u0142, \u017ce liczba przesiedle\u0144c\u00f3w mieszkaj\u0105cych w Libanie wzros\u0142a do 1,5 miliona, a wi\u0119kszo\u015b\u0107 z nich to muzu\u0142manie. Wch\u0142oni\u0119cie du\u017cej liczby sunnit\u00f3w zagra\u017ca w ten spos\u00f3b wewn\u0119trznej r\u00f3wnowadze kraju. 17 pa\u017adziernika 2019 r. rozpocz\u0119\u0142y si\u0119 masowe antyrz\u0105dowe demonstracje przeciwko politycznemu establishmentowi. Konstytucja Libanu gwarantuje wolno\u015b\u0107 religii.<br \/>\nAktualnie w Libanie wyr\u00f3\u017cniamy pi\u0119\u0107 g\u0142\u00f3wnych grup chrze\u015bcijan: katolicy, Ortodoksyjne Ko\u015bcio\u0142y orientalne, wschodni prawos\u0142awni, Asyryjczycy i r\u00f3\u017cnego rodzaju Ko\u015bcio\u0142y ewangelickie i protestanckie. Ko\u015bci\u00f3\u0142 w Libanie wykona\u0142 ogromn\u0105 prac\u0119, aby zmniejszy\u0107 dystans mi\u0119dzy religiami i mi\u0119dzy kulturami poprzez edukacj\u0119. Wykszta\u0142ci\u0142 ca\u0142e pokolenia, zar\u00f3wno muzu\u0142man\u00f3w, jak i chrze\u015bcijan. W niekt\u00f3rych szko\u0142ach katolickich prawie 90% uczni\u00f3w to muzu\u0142manie, zw\u0142aszcza na obszarach, gdzie stanowi\u0105 oni wi\u0119kszo\u015b\u0107. Chrze\u015bcijanie maj\u0105 swoje szko\u0142y, ale s\u0105 one otwarte dla wszystkich. Wp\u0142yn\u0119\u0142o to pozytywnie na spos\u00f3b my\u015blenia wielu Liba\u0144czyk\u00f3w i z tego powodu fanatyzm nie jest tak rozpowszechniony jak w innych krajach \u015bwiata arabskiego. Kultura dialogu, szacunku i wzajemnego wsp\u00f3\u0142istnienia jest promowana przez r\u00f3\u017cne katolickie instytucje opieku\u0144cze, takie jak: szpitale, przychodnie, sieroci\u0144ce, ale przede wszystkim szko\u0142y. Niemniej jednak, aktualnie sytuacja szk\u00f3\u0142 katolickich w Libanie jest trudna, a nawet rozpaczliwa.<br \/>\nLiban jest krajem, w kt\u00f3rym nie ma plan\u00f3w emerytalnych, ubezpiecze\u0144 spo\u0142ecznych czy innych program\u00f3w socjalnych, wi\u0119c osoby starsze lub s\u0142absze s\u0105 utrzymywane przez swoje dzieci i krewnych. Jednak w obliczu kryzysu gospodarczego, na kt\u00f3ry na\u0142o\u017cy\u0142a si\u0119 pandemia i skutki uboczne wybuchu, sta\u0142o si\u0119 to obecnie niemo\u017cliwe. Dla 77% liba\u0144skich rodzin brakuje pieni\u0119dzy na wy\u017cywienie, a 60% po\u017cycza pieni\u0105dze albo kupuje na kredyt. Cena \u017cywno\u015bci wzros\u0142a o 400% (dane UNICEF). Bezrobocie si\u0119ga ponad 50%. Kraj zmaga si\u0119 z notorycznym brakiem pr\u0105du, lekarstw i paliwa. Jest to najwi\u0119kszy kryzys gospodarczy od 150 lat. W ci\u0105gu jednego roku Liban prze\u017cy\u0142 ich kilka. Pierwszym z nich by\u0142y spo\u0142eczne niepokoje i protesty w pa\u017adzierniku 2019 r., kt\u00f3re do tej pory nie doczeka\u0142y si\u0119 konkretnego rozwi\u0105zania. Nast\u0119pnym by\u0142 kryzys COVID-19 o ogromnych kosztach spo\u0142ecznych i finansowych. Na koniec Bejrut prze\u017cy\u0142 katastrofalny wybuch 4 sierpnia 2020 r., kt\u00f3ry dotkn\u0105\u0142 w g\u0142\u00f3wnej mierze zamieszka\u0142\u0105 przez chrze\u015bcijan dzielnic\u0119, co mia\u0142o r\u00f3wnie\u017c ogromne uboczne konsekwencje dla tej wsp\u00f3lnoty. Wiele czynnik\u00f3w \u2013 poziomy emigracji i wska\u017aniki urodzin \u2013 zmieniaj\u0105 proporcje pomi\u0119dzy r\u00f3\u017cnymi wyznaniami. W wyniku tych proces\u00f3w zmniejsza si\u0119 liczba chrze\u015bcijan. Ta ewolucja b\u0119dzie niew\u0105tpliwie mie\u0107 negatywny wp\u0142yw na ich rol\u0119 i si\u0142\u0119 polityczn\u0105. \u015acis\u0142e powi\u0105zanie wolno\u015bci religijnej z polityk\u0105 wewn\u0119trzn\u0105 i zagraniczn\u0105 wywiera ogromny wp\u0142yw na perspektywy pe\u0142nej realizacji prawa do wolno\u015bci my\u015bli, sumienia i religii.<\/p>\n","protected":false},"excerpt":{"rendered":"<p>Dzie\u0144 Solidarno\u015bci z Ko\u015bcio\u0142em Prze\u015bladowanym zosta\u0142 ustanowiony decyzj\u0105 Konferencji Episkopatu Polski w 2008 roku. Obchodzony jest w ka\u017cd\u0105 drug\u0105 niedziel\u0119 listopada, a jego organizatorem jest Papieskie Stowarzyszenie Pomoc Ko\u015bcio\u0142owi w Potrzebie. W tym roku Dzie\u0144 Solidarno\u015bci przypada 14 listopada i obchodzony jest ju\u017c po raz trzynasty. Krajem szczeg\u00f3lnie dotkni\u0119ty cierpieniem, na kt\u00f3ry PKWP chce zwr\u00f3ci\u0107 &hellip;<\/p>\n","protected":false},"author":2,"featured_media":20656,"comment_status":"closed","ping_status":"closed","sticky":false,"template":"","format":"standard","meta":{"_mi_skip_tracking":false,"_exactmetrics_sitenote_active":false,"_exactmetrics_sitenote_note":"","_exactmetrics_sitenote_category":0},"categories":[13,7],"tags":[],"yoast_head":"<!-- This site is optimized with the Yoast SEO plugin v18.1 - https:\/\/yoast.com\/wordpress\/plugins\/seo\/ -->\n<title>Pomoc Ko\u015bcio\u0142owi w potrzebie. Solidarni z Libanem - Pako\u015b\u0107 \u2013 Kalwaria<\/title>\n<meta name=\"robots\" content=\"index, follow, max-snippet:-1, max-image-preview:large, max-video-preview:-1\" \/>\n<link rel=\"canonical\" href=\"https:\/\/pakosc-kalwaria.franciszkanie.net\/index.php\/2021\/11\/12\/pomoc-kosciolowi-w-potrzebie-solidarni-z-libanem-14-11-2021\/\" \/>\n<meta property=\"og:locale\" content=\"pl_PL\" \/>\n<meta property=\"og:type\" content=\"article\" \/>\n<meta property=\"og:title\" content=\"Pomoc Ko\u015bcio\u0142owi w potrzebie. Solidarni z Libanem - Pako\u015b\u0107 \u2013 Kalwaria\" \/>\n<meta property=\"og:description\" content=\"Dzie\u0144 Solidarno\u015bci z Ko\u015bcio\u0142em Prze\u015bladowanym zosta\u0142 ustanowiony decyzj\u0105 Konferencji Episkopatu Polski w 2008 roku. Obchodzony jest w ka\u017cd\u0105 drug\u0105 niedziel\u0119 listopada, a jego organizatorem jest Papieskie Stowarzyszenie Pomoc Ko\u015bcio\u0142owi w Potrzebie. W tym roku Dzie\u0144 Solidarno\u015bci przypada 14 listopada i obchodzony jest ju\u017c po raz trzynasty. Krajem szczeg\u00f3lnie dotkni\u0119ty cierpieniem, na kt\u00f3ry PKWP chce zwr\u00f3ci\u0107 &hellip;\" \/>\n<meta property=\"og:url\" content=\"https:\/\/pakosc-kalwaria.franciszkanie.net\/index.php\/2021\/11\/12\/pomoc-kosciolowi-w-potrzebie-solidarni-z-libanem-14-11-2021\/\" \/>\n<meta property=\"og:site_name\" content=\"Pako\u015b\u0107 \u2013 Kalwaria\" \/>\n<meta property=\"article:author\" content=\"https:\/\/www.facebook.com\/KalwariaPakosc\/\" \/>\n<meta property=\"article:published_time\" content=\"2021-11-12T12:00:45+00:00\" \/>\n<meta property=\"article:modified_time\" content=\"2021-11-15T07:34:13+00:00\" \/>\n<meta property=\"og:image\" content=\"https:\/\/pakosc-kalwaria.franciszkanie.net\/wp-content\/uploads\/2021\/11\/www-Liban-324x235.jpg\" \/>\n\t<meta property=\"og:image:width\" content=\"324\" \/>\n\t<meta property=\"og:image:height\" content=\"235\" \/>\n\t<meta property=\"og:image:type\" content=\"image\/jpeg\" \/>\n<meta name=\"twitter:card\" content=\"summary\" \/>\n<meta name=\"twitter:label1\" content=\"Napisane przez\" \/>\n\t<meta name=\"twitter:data1\" content=\"pakosc-kalwaria\" \/>\n\t<meta name=\"twitter:label2\" content=\"Szacowany czas czytania\" \/>\n\t<meta name=\"twitter:data2\" content=\"4 minuty\" \/>\n<script type=\"application\/ld+json\" class=\"yoast-schema-graph\">{\"@context\":\"https:\/\/schema.org\",\"@graph\":[{\"@type\":\"WebSite\",\"@id\":\"https:\/\/pakosc-kalwaria.franciszkanie.net\/#website\",\"url\":\"https:\/\/pakosc-kalwaria.franciszkanie.net\/\",\"name\":\"Pako\u015b\u0107 \u2013 Kalwaria\",\"description\":\"Parafia Rzymsko \u2013 Katolicka p.w. Pana Jezusa Ukrzy\u017cowanego i  Matki Bo\u017cej Bolesnej ul. Barci\u0144ska 60, 88\u2013170 Pako\u015b\u0107 \u2013 Kalwaria\",\"potentialAction\":[{\"@type\":\"SearchAction\",\"target\":{\"@type\":\"EntryPoint\",\"urlTemplate\":\"https:\/\/pakosc-kalwaria.franciszkanie.net\/?s={search_term_string}\"},\"query-input\":\"required name=search_term_string\"}],\"inLanguage\":\"pl-PL\"},{\"@type\":\"ImageObject\",\"@id\":\"https:\/\/pakosc-kalwaria.franciszkanie.net\/index.php\/2021\/11\/12\/pomoc-kosciolowi-w-potrzebie-solidarni-z-libanem-14-11-2021\/#primaryimage\",\"inLanguage\":\"pl-PL\",\"url\":\"https:\/\/pakosc-kalwaria.franciszkanie.net\/wp-content\/uploads\/2021\/11\/www-Liban-324x235.jpg\",\"contentUrl\":\"https:\/\/pakosc-kalwaria.franciszkanie.net\/wp-content\/uploads\/2021\/11\/www-Liban-324x235.jpg\",\"width\":324,\"height\":235},{\"@type\":\"WebPage\",\"@id\":\"https:\/\/pakosc-kalwaria.franciszkanie.net\/index.php\/2021\/11\/12\/pomoc-kosciolowi-w-potrzebie-solidarni-z-libanem-14-11-2021\/#webpage\",\"url\":\"https:\/\/pakosc-kalwaria.franciszkanie.net\/index.php\/2021\/11\/12\/pomoc-kosciolowi-w-potrzebie-solidarni-z-libanem-14-11-2021\/\",\"name\":\"Pomoc Ko\u015bcio\u0142owi w potrzebie. Solidarni z Libanem - Pako\u015b\u0107 \u2013 Kalwaria\",\"isPartOf\":{\"@id\":\"https:\/\/pakosc-kalwaria.franciszkanie.net\/#website\"},\"primaryImageOfPage\":{\"@id\":\"https:\/\/pakosc-kalwaria.franciszkanie.net\/index.php\/2021\/11\/12\/pomoc-kosciolowi-w-potrzebie-solidarni-z-libanem-14-11-2021\/#primaryimage\"},\"datePublished\":\"2021-11-12T12:00:45+00:00\",\"dateModified\":\"2021-11-15T07:34:13+00:00\",\"author\":{\"@id\":\"https:\/\/pakosc-kalwaria.franciszkanie.net\/#\/schema\/person\/af10b943be0760709227d060eadcb2aa\"},\"breadcrumb\":{\"@id\":\"https:\/\/pakosc-kalwaria.franciszkanie.net\/index.php\/2021\/11\/12\/pomoc-kosciolowi-w-potrzebie-solidarni-z-libanem-14-11-2021\/#breadcrumb\"},\"inLanguage\":\"pl-PL\",\"potentialAction\":[{\"@type\":\"ReadAction\",\"target\":[\"https:\/\/pakosc-kalwaria.franciszkanie.net\/index.php\/2021\/11\/12\/pomoc-kosciolowi-w-potrzebie-solidarni-z-libanem-14-11-2021\/\"]}]},{\"@type\":\"BreadcrumbList\",\"@id\":\"https:\/\/pakosc-kalwaria.franciszkanie.net\/index.php\/2021\/11\/12\/pomoc-kosciolowi-w-potrzebie-solidarni-z-libanem-14-11-2021\/#breadcrumb\",\"itemListElement\":[{\"@type\":\"ListItem\",\"position\":1,\"name\":\"Strona g\u0142\u00f3wna\",\"item\":\"https:\/\/pakosc-kalwaria.franciszkanie.net\/\"},{\"@type\":\"ListItem\",\"position\":2,\"name\":\"Pomoc Ko\u015bcio\u0142owi w potrzebie. Solidarni z Libanem\"}]},{\"@type\":\"Person\",\"@id\":\"https:\/\/pakosc-kalwaria.franciszkanie.net\/#\/schema\/person\/af10b943be0760709227d060eadcb2aa\",\"name\":\"pakosc-kalwaria\",\"image\":{\"@type\":\"ImageObject\",\"@id\":\"https:\/\/pakosc-kalwaria.franciszkanie.net\/#personlogo\",\"inLanguage\":\"pl-PL\",\"url\":\"https:\/\/secure.gravatar.com\/avatar\/e7049d338b55eac6a0027ff3218b8d02?s=96&d=mm&r=g\",\"contentUrl\":\"https:\/\/secure.gravatar.com\/avatar\/e7049d338b55eac6a0027ff3218b8d02?s=96&d=mm&r=g\",\"caption\":\"pakosc-kalwaria\"},\"sameAs\":[\"https:\/\/www.facebook.com\/KalwariaPakosc\/\"],\"url\":\"https:\/\/pakosc-kalwaria.franciszkanie.net\/index.php\/author\/pakosc-kalwaria\/\"}]}<\/script>\n<!-- \/ Yoast SEO plugin. -->","yoast_head_json":{"title":"Pomoc Ko\u015bcio\u0142owi w potrzebie. Solidarni z Libanem - Pako\u015b\u0107 \u2013 Kalwaria","robots":{"index":"index","follow":"follow","max-snippet":"max-snippet:-1","max-image-preview":"max-image-preview:large","max-video-preview":"max-video-preview:-1"},"canonical":"https:\/\/pakosc-kalwaria.franciszkanie.net\/index.php\/2021\/11\/12\/pomoc-kosciolowi-w-potrzebie-solidarni-z-libanem-14-11-2021\/","og_locale":"pl_PL","og_type":"article","og_title":"Pomoc Ko\u015bcio\u0142owi w potrzebie. Solidarni z Libanem - Pako\u015b\u0107 \u2013 Kalwaria","og_description":"Dzie\u0144 Solidarno\u015bci z Ko\u015bcio\u0142em Prze\u015bladowanym zosta\u0142 ustanowiony decyzj\u0105 Konferencji Episkopatu Polski w 2008 roku. Obchodzony jest w ka\u017cd\u0105 drug\u0105 niedziel\u0119 listopada, a jego organizatorem jest Papieskie Stowarzyszenie Pomoc Ko\u015bcio\u0142owi w Potrzebie. W tym roku Dzie\u0144 Solidarno\u015bci przypada 14 listopada i obchodzony jest ju\u017c po raz trzynasty. Krajem szczeg\u00f3lnie dotkni\u0119ty cierpieniem, na kt\u00f3ry PKWP chce zwr\u00f3ci\u0107 &hellip;","og_url":"https:\/\/pakosc-kalwaria.franciszkanie.net\/index.php\/2021\/11\/12\/pomoc-kosciolowi-w-potrzebie-solidarni-z-libanem-14-11-2021\/","og_site_name":"Pako\u015b\u0107 \u2013 Kalwaria","article_author":"https:\/\/www.facebook.com\/KalwariaPakosc\/","article_published_time":"2021-11-12T12:00:45+00:00","article_modified_time":"2021-11-15T07:34:13+00:00","og_image":[{"width":324,"height":235,"url":"https:\/\/pakosc-kalwaria.franciszkanie.net\/wp-content\/uploads\/2021\/11\/www-Liban-324x235.jpg","type":"image\/jpeg"}],"twitter_card":"summary","twitter_misc":{"Napisane przez":"pakosc-kalwaria","Szacowany czas czytania":"4 minuty"},"schema":{"@context":"https:\/\/schema.org","@graph":[{"@type":"WebSite","@id":"https:\/\/pakosc-kalwaria.franciszkanie.net\/#website","url":"https:\/\/pakosc-kalwaria.franciszkanie.net\/","name":"Pako\u015b\u0107 \u2013 Kalwaria","description":"Parafia Rzymsko \u2013 Katolicka p.w. Pana Jezusa Ukrzy\u017cowanego i  Matki Bo\u017cej Bolesnej ul. Barci\u0144ska 60, 88\u2013170 Pako\u015b\u0107 \u2013 Kalwaria","potentialAction":[{"@type":"SearchAction","target":{"@type":"EntryPoint","urlTemplate":"https:\/\/pakosc-kalwaria.franciszkanie.net\/?s={search_term_string}"},"query-input":"required name=search_term_string"}],"inLanguage":"pl-PL"},{"@type":"ImageObject","@id":"https:\/\/pakosc-kalwaria.franciszkanie.net\/index.php\/2021\/11\/12\/pomoc-kosciolowi-w-potrzebie-solidarni-z-libanem-14-11-2021\/#primaryimage","inLanguage":"pl-PL","url":"https:\/\/pakosc-kalwaria.franciszkanie.net\/wp-content\/uploads\/2021\/11\/www-Liban-324x235.jpg","contentUrl":"https:\/\/pakosc-kalwaria.franciszkanie.net\/wp-content\/uploads\/2021\/11\/www-Liban-324x235.jpg","width":324,"height":235},{"@type":"WebPage","@id":"https:\/\/pakosc-kalwaria.franciszkanie.net\/index.php\/2021\/11\/12\/pomoc-kosciolowi-w-potrzebie-solidarni-z-libanem-14-11-2021\/#webpage","url":"https:\/\/pakosc-kalwaria.franciszkanie.net\/index.php\/2021\/11\/12\/pomoc-kosciolowi-w-potrzebie-solidarni-z-libanem-14-11-2021\/","name":"Pomoc Ko\u015bcio\u0142owi w potrzebie. Solidarni z Libanem - Pako\u015b\u0107 \u2013 Kalwaria","isPartOf":{"@id":"https:\/\/pakosc-kalwaria.franciszkanie.net\/#website"},"primaryImageOfPage":{"@id":"https:\/\/pakosc-kalwaria.franciszkanie.net\/index.php\/2021\/11\/12\/pomoc-kosciolowi-w-potrzebie-solidarni-z-libanem-14-11-2021\/#primaryimage"},"datePublished":"2021-11-12T12:00:45+00:00","dateModified":"2021-11-15T07:34:13+00:00","author":{"@id":"https:\/\/pakosc-kalwaria.franciszkanie.net\/#\/schema\/person\/af10b943be0760709227d060eadcb2aa"},"breadcrumb":{"@id":"https:\/\/pakosc-kalwaria.franciszkanie.net\/index.php\/2021\/11\/12\/pomoc-kosciolowi-w-potrzebie-solidarni-z-libanem-14-11-2021\/#breadcrumb"},"inLanguage":"pl-PL","potentialAction":[{"@type":"ReadAction","target":["https:\/\/pakosc-kalwaria.franciszkanie.net\/index.php\/2021\/11\/12\/pomoc-kosciolowi-w-potrzebie-solidarni-z-libanem-14-11-2021\/"]}]},{"@type":"BreadcrumbList","@id":"https:\/\/pakosc-kalwaria.franciszkanie.net\/index.php\/2021\/11\/12\/pomoc-kosciolowi-w-potrzebie-solidarni-z-libanem-14-11-2021\/#breadcrumb","itemListElement":[{"@type":"ListItem","position":1,"name":"Strona g\u0142\u00f3wna","item":"https:\/\/pakosc-kalwaria.franciszkanie.net\/"},{"@type":"ListItem","position":2,"name":"Pomoc Ko\u015bcio\u0142owi w potrzebie. Solidarni z Libanem"}]},{"@type":"Person","@id":"https:\/\/pakosc-kalwaria.franciszkanie.net\/#\/schema\/person\/af10b943be0760709227d060eadcb2aa","name":"pakosc-kalwaria","image":{"@type":"ImageObject","@id":"https:\/\/pakosc-kalwaria.franciszkanie.net\/#personlogo","inLanguage":"pl-PL","url":"https:\/\/secure.gravatar.com\/avatar\/e7049d338b55eac6a0027ff3218b8d02?s=96&d=mm&r=g","contentUrl":"https:\/\/secure.gravatar.com\/avatar\/e7049d338b55eac6a0027ff3218b8d02?s=96&d=mm&r=g","caption":"pakosc-kalwaria"},"sameAs":["https:\/\/www.facebook.com\/KalwariaPakosc\/"],"url":"https:\/\/pakosc-kalwaria.franciszkanie.net\/index.php\/author\/pakosc-kalwaria\/"}]}},"_links":{"self":[{"href":"https:\/\/pakosc-kalwaria.franciszkanie.net\/index.php\/wp-json\/wp\/v2\/posts\/20655"}],"collection":[{"href":"https:\/\/pakosc-kalwaria.franciszkanie.net\/index.php\/wp-json\/wp\/v2\/posts"}],"about":[{"href":"https:\/\/pakosc-kalwaria.franciszkanie.net\/index.php\/wp-json\/wp\/v2\/types\/post"}],"author":[{"embeddable":true,"href":"https:\/\/pakosc-kalwaria.franciszkanie.net\/index.php\/wp-json\/wp\/v2\/users\/2"}],"replies":[{"embeddable":true,"href":"https:\/\/pakosc-kalwaria.franciszkanie.net\/index.php\/wp-json\/wp\/v2\/comments?post=20655"}],"version-history":[{"count":3,"href":"https:\/\/pakosc-kalwaria.franciszkanie.net\/index.php\/wp-json\/wp\/v2\/posts\/20655\/revisions"}],"predecessor-version":[{"id":20688,"href":"https:\/\/pakosc-kalwaria.franciszkanie.net\/index.php\/wp-json\/wp\/v2\/posts\/20655\/revisions\/20688"}],"wp:featuredmedia":[{"embeddable":true,"href":"https:\/\/pakosc-kalwaria.franciszkanie.net\/index.php\/wp-json\/wp\/v2\/media\/20656"}],"wp:attachment":[{"href":"https:\/\/pakosc-kalwaria.franciszkanie.net\/index.php\/wp-json\/wp\/v2\/media?parent=20655"}],"wp:term":[{"taxonomy":"category","embeddable":true,"href":"https:\/\/pakosc-kalwaria.franciszkanie.net\/index.php\/wp-json\/wp\/v2\/categories?post=20655"},{"taxonomy":"post_tag","embeddable":true,"href":"https:\/\/pakosc-kalwaria.franciszkanie.net\/index.php\/wp-json\/wp\/v2\/tags?post=20655"}],"curies":[{"name":"wp","href":"https:\/\/api.w.org\/{rel}","templated":true}]}}