{"id":20663,"date":"2021-11-21T13:00:32","date_gmt":"2021-11-21T12:00:32","guid":{"rendered":"http:\/\/pakosc-kalwaria.franciszkanie.net\/?p=20663"},"modified":"2021-11-22T09:28:25","modified_gmt":"2021-11-22T08:28:25","slug":"odpusty-dla-zmarlych-przez-caly-listopad","status":"publish","type":"post","link":"https:\/\/pakosc-kalwaria.franciszkanie.net\/index.php\/2021\/11\/21\/odpusty-dla-zmarlych-przez-caly-listopad\/","title":{"rendered":"Odpusty dla zmar\u0142ych przez ca\u0142y listopad"},"content":{"rendered":"<p><strong>Penitencjaria Apostolska \u2013 najwy\u017cszy trybuna\u0142 w sprawach sumienia &#8211; opublikowa\u0142a dekret, w kt\u00f3rym ze wzgl\u0119du na stan trwaj\u0105cej pandemii, potwierdza i przed\u0142u\u017ca <span style=\"color: #ff0000;\">na ca\u0142y miesi\u0105c listopad 2021<\/span> <span style=\"color: #ff0000;\">r.<\/span> wszystkie dobrodziejstwa duchowe ju\u017c udzielone 22 pa\u017adziernika 2020 r. dekretem, kt\u00f3rym, ze wzgl\u0119du na pandemi\u0119 Covid-19, zosta\u0142y przed\u0142u\u017cone na ca\u0142y miesi\u0105c listopad 2020 r. <span style=\"color: #ff0000;\">odpusty zupe\u0142ne dla zmar\u0142ych wiernych.<\/span><\/strong><\/p>\n<p><strong>Odpust jest to darowanie przez Boga kary doczesnej za grzechy odpuszczone ju\u017c co do winy. Rozr\u00f3\u017cnia si\u0119 odpusty cz\u0105stkowe i zupe\u0142ne (zale\u017cnie od tego, w jakim stopniu uwalniaj\u0105 nas od kary doczesnej). Odpusty te mo\u017ce zyskiwa\u0107 ka\u017cdy ochrzczony po spe\u0142nieniu odpowiednich warunk\u00f3w dla siebie lub ofiarowywa\u0107 je za zmar\u0142ych.<\/strong><\/p>\n<p><strong>Warunki uzyskania odpustu zupe\u0142nego:<\/strong><\/p>\n<p>&#8211; Brak jakiegokolwiek przywi\u0105zania do grzechu, nawet powszedniego (je\u017celi jest brak ca\u0142kowitej dyspozycji &#8211; zyskuje si\u0119 odpust cz\u0105stkowy).<\/p>\n<p>&#8211; Stan \u0142aski u\u015bwi\u0119caj\u0105cej (brak nieodpuszczonego grzechu ci\u0119\u017ckiego) lub spowied\u017a sakramentalna.<\/p>\n<p>&#8211; Przyj\u0119cie Komunii \u015bwi\u0119tej.<\/p>\n<p>&#8211; Odm\u00f3wienie modlitwy (np. &#8222;Ojcze nasz&#8221; i &#8222;Zdrowa\u015b Mario&#8221;) w intencjach Ojca \u015awi\u0119tego (nie chodzi o modlitw\u0119 w intencji samego papie\u017ca, cho\u0107 i ta modlitwa jest bardzo cenna; modlitwa zwi\u0105zana z odpustem ma by\u0107 skierowana w intencji tych spraw, za kt\u00f3re modli si\u0119 ka\u017cdego dnia papie\u017c. Intencje te s\u0105 cz\u0119sto og\u0142aszane, m.in. na stronach KAI, z kalendarzem na dany miesi\u0105c).<\/p>\n<p>&#8211; Wykonanie czynno\u015bci zwi\u0105zanej z odpustem.<\/p>\n<p>Ewentualna spowied\u017a, Komunia \u015bwi\u0119ta i modlitwa w intencjach Ojca \u015awi\u0119tego mog\u0105 by\u0107 wype\u0142nione w ci\u0105gu kilku dni przed lub po wype\u0142nieniu czynno\u015bci, z kt\u00f3r\u0105 zwi\u0105zany jest odpust; mi\u0119dzy tymi elementami musi jednak istnie\u0107 zwi\u0105zek. Po jednej spowiedzi mo\u017cna uzyska\u0107 wiele odpust\u00f3w zupe\u0142nych, natomiast po jednej Komunii \u015bwi\u0119tej i jednej modlitwie w intencjach papie\u017ca &#8211; tylko jeden odpust zupe\u0142ny. Ko\u015bci\u00f3\u0142 zach\u0119ca do ofiarowania odpust\u00f3w za zmar\u0142ych (niekoniecznie musz\u0105 by\u0107 to osoby nam znane, nie musimy wymienia\u0107 konkretnego imienia &#8211; wystarczy ofiarowa\u0107 odpust w intencji osoby zmar\u0142ej, kt\u00f3ra tego odpustu potrzebuje).<\/p>\n<p>st (KAI) \/ Watykan<\/p>\n","protected":false},"excerpt":{"rendered":"<p>Penitencjaria Apostolska \u2013 najwy\u017cszy trybuna\u0142 w sprawach sumienia &#8211; opublikowa\u0142a dekret, w kt\u00f3rym ze wzgl\u0119du na stan trwaj\u0105cej pandemii, potwierdza i przed\u0142u\u017ca na ca\u0142y miesi\u0105c listopad 2021 r. wszystkie dobrodziejstwa duchowe ju\u017c udzielone 22 pa\u017adziernika 2020 r. dekretem, kt\u00f3rym, ze wzgl\u0119du na pandemi\u0119 Covid-19, zosta\u0142y przed\u0142u\u017cone na ca\u0142y miesi\u0105c listopad 2020 r. odpusty zupe\u0142ne dla &hellip;<\/p>\n","protected":false},"author":2,"featured_media":20664,"comment_status":"closed","ping_status":"closed","sticky":false,"template":"","format":"standard","meta":{"_mi_skip_tracking":false,"_exactmetrics_sitenote_active":false,"_exactmetrics_sitenote_note":"","_exactmetrics_sitenote_category":0},"categories":[7],"tags":[],"yoast_head":"<!-- This site is optimized with the Yoast SEO plugin v18.1 - https:\/\/yoast.com\/wordpress\/plugins\/seo\/ -->\n<title>Odpusty dla zmar\u0142ych przez ca\u0142y listopad - Pako\u015b\u0107 \u2013 Kalwaria<\/title>\n<meta name=\"robots\" content=\"index, follow, max-snippet:-1, max-image-preview:large, max-video-preview:-1\" \/>\n<link rel=\"canonical\" href=\"https:\/\/pakosc-kalwaria.franciszkanie.net\/index.php\/2021\/11\/21\/odpusty-dla-zmarlych-przez-caly-listopad\/\" \/>\n<meta property=\"og:locale\" content=\"pl_PL\" \/>\n<meta property=\"og:type\" content=\"article\" \/>\n<meta property=\"og:title\" content=\"Odpusty dla zmar\u0142ych przez ca\u0142y listopad - Pako\u015b\u0107 \u2013 Kalwaria\" \/>\n<meta property=\"og:description\" content=\"Penitencjaria Apostolska \u2013 najwy\u017cszy trybuna\u0142 w sprawach sumienia &#8211; opublikowa\u0142a dekret, w kt\u00f3rym ze wzgl\u0119du na stan trwaj\u0105cej pandemii, potwierdza i przed\u0142u\u017ca na ca\u0142y miesi\u0105c listopad 2021 r. wszystkie dobrodziejstwa duchowe ju\u017c udzielone 22 pa\u017adziernika 2020 r. dekretem, kt\u00f3rym, ze wzgl\u0119du na pandemi\u0119 Covid-19, zosta\u0142y przed\u0142u\u017cone na ca\u0142y miesi\u0105c listopad 2020 r. odpusty zupe\u0142ne dla &hellip;\" \/>\n<meta property=\"og:url\" content=\"https:\/\/pakosc-kalwaria.franciszkanie.net\/index.php\/2021\/11\/21\/odpusty-dla-zmarlych-przez-caly-listopad\/\" \/>\n<meta property=\"og:site_name\" content=\"Pako\u015b\u0107 \u2013 Kalwaria\" \/>\n<meta property=\"article:author\" content=\"https:\/\/www.facebook.com\/KalwariaPakosc\/\" \/>\n<meta property=\"article:published_time\" content=\"2021-11-21T12:00:32+00:00\" \/>\n<meta property=\"article:modified_time\" content=\"2021-11-22T08:28:25+00:00\" \/>\n<meta property=\"og:image\" content=\"https:\/\/pakosc-kalwaria.franciszkanie.net\/wp-content\/uploads\/2021\/11\/Listopad.jpg\" \/>\n\t<meta property=\"og:image:width\" content=\"300\" \/>\n\t<meta property=\"og:image:height\" content=\"201\" \/>\n\t<meta property=\"og:image:type\" content=\"image\/jpeg\" \/>\n<meta name=\"twitter:card\" content=\"summary\" \/>\n<meta name=\"twitter:label1\" content=\"Napisane przez\" \/>\n\t<meta name=\"twitter:data1\" content=\"pakosc-kalwaria\" \/>\n\t<meta name=\"twitter:label2\" content=\"Szacowany czas czytania\" \/>\n\t<meta name=\"twitter:data2\" content=\"2 minuty\" \/>\n<script type=\"application\/ld+json\" class=\"yoast-schema-graph\">{\"@context\":\"https:\/\/schema.org\",\"@graph\":[{\"@type\":\"WebSite\",\"@id\":\"https:\/\/pakosc-kalwaria.franciszkanie.net\/#website\",\"url\":\"https:\/\/pakosc-kalwaria.franciszkanie.net\/\",\"name\":\"Pako\u015b\u0107 \u2013 Kalwaria\",\"description\":\"Parafia Rzymsko \u2013 Katolicka p.w. Pana Jezusa Ukrzy\u017cowanego i  Matki Bo\u017cej Bolesnej ul. Barci\u0144ska 60, 88\u2013170 Pako\u015b\u0107 \u2013 Kalwaria\",\"potentialAction\":[{\"@type\":\"SearchAction\",\"target\":{\"@type\":\"EntryPoint\",\"urlTemplate\":\"https:\/\/pakosc-kalwaria.franciszkanie.net\/?s={search_term_string}\"},\"query-input\":\"required name=search_term_string\"}],\"inLanguage\":\"pl-PL\"},{\"@type\":\"ImageObject\",\"@id\":\"https:\/\/pakosc-kalwaria.franciszkanie.net\/index.php\/2021\/11\/21\/odpusty-dla-zmarlych-przez-caly-listopad\/#primaryimage\",\"inLanguage\":\"pl-PL\",\"url\":\"https:\/\/pakosc-kalwaria.franciszkanie.net\/wp-content\/uploads\/2021\/11\/Listopad.jpg\",\"contentUrl\":\"https:\/\/pakosc-kalwaria.franciszkanie.net\/wp-content\/uploads\/2021\/11\/Listopad.jpg\",\"width\":300,\"height\":201},{\"@type\":\"WebPage\",\"@id\":\"https:\/\/pakosc-kalwaria.franciszkanie.net\/index.php\/2021\/11\/21\/odpusty-dla-zmarlych-przez-caly-listopad\/#webpage\",\"url\":\"https:\/\/pakosc-kalwaria.franciszkanie.net\/index.php\/2021\/11\/21\/odpusty-dla-zmarlych-przez-caly-listopad\/\",\"name\":\"Odpusty dla zmar\u0142ych przez ca\u0142y listopad - Pako\u015b\u0107 \u2013 Kalwaria\",\"isPartOf\":{\"@id\":\"https:\/\/pakosc-kalwaria.franciszkanie.net\/#website\"},\"primaryImageOfPage\":{\"@id\":\"https:\/\/pakosc-kalwaria.franciszkanie.net\/index.php\/2021\/11\/21\/odpusty-dla-zmarlych-przez-caly-listopad\/#primaryimage\"},\"datePublished\":\"2021-11-21T12:00:32+00:00\",\"dateModified\":\"2021-11-22T08:28:25+00:00\",\"author\":{\"@id\":\"https:\/\/pakosc-kalwaria.franciszkanie.net\/#\/schema\/person\/af10b943be0760709227d060eadcb2aa\"},\"breadcrumb\":{\"@id\":\"https:\/\/pakosc-kalwaria.franciszkanie.net\/index.php\/2021\/11\/21\/odpusty-dla-zmarlych-przez-caly-listopad\/#breadcrumb\"},\"inLanguage\":\"pl-PL\",\"potentialAction\":[{\"@type\":\"ReadAction\",\"target\":[\"https:\/\/pakosc-kalwaria.franciszkanie.net\/index.php\/2021\/11\/21\/odpusty-dla-zmarlych-przez-caly-listopad\/\"]}]},{\"@type\":\"BreadcrumbList\",\"@id\":\"https:\/\/pakosc-kalwaria.franciszkanie.net\/index.php\/2021\/11\/21\/odpusty-dla-zmarlych-przez-caly-listopad\/#breadcrumb\",\"itemListElement\":[{\"@type\":\"ListItem\",\"position\":1,\"name\":\"Strona g\u0142\u00f3wna\",\"item\":\"https:\/\/pakosc-kalwaria.franciszkanie.net\/\"},{\"@type\":\"ListItem\",\"position\":2,\"name\":\"Odpusty dla zmar\u0142ych przez ca\u0142y listopad\"}]},{\"@type\":\"Person\",\"@id\":\"https:\/\/pakosc-kalwaria.franciszkanie.net\/#\/schema\/person\/af10b943be0760709227d060eadcb2aa\",\"name\":\"pakosc-kalwaria\",\"image\":{\"@type\":\"ImageObject\",\"@id\":\"https:\/\/pakosc-kalwaria.franciszkanie.net\/#personlogo\",\"inLanguage\":\"pl-PL\",\"url\":\"https:\/\/secure.gravatar.com\/avatar\/e7049d338b55eac6a0027ff3218b8d02?s=96&d=mm&r=g\",\"contentUrl\":\"https:\/\/secure.gravatar.com\/avatar\/e7049d338b55eac6a0027ff3218b8d02?s=96&d=mm&r=g\",\"caption\":\"pakosc-kalwaria\"},\"sameAs\":[\"https:\/\/www.facebook.com\/KalwariaPakosc\/\"],\"url\":\"https:\/\/pakosc-kalwaria.franciszkanie.net\/index.php\/author\/pakosc-kalwaria\/\"}]}<\/script>\n<!-- \/ Yoast SEO plugin. -->","yoast_head_json":{"title":"Odpusty dla zmar\u0142ych przez ca\u0142y listopad - Pako\u015b\u0107 \u2013 Kalwaria","robots":{"index":"index","follow":"follow","max-snippet":"max-snippet:-1","max-image-preview":"max-image-preview:large","max-video-preview":"max-video-preview:-1"},"canonical":"https:\/\/pakosc-kalwaria.franciszkanie.net\/index.php\/2021\/11\/21\/odpusty-dla-zmarlych-przez-caly-listopad\/","og_locale":"pl_PL","og_type":"article","og_title":"Odpusty dla zmar\u0142ych przez ca\u0142y listopad - Pako\u015b\u0107 \u2013 Kalwaria","og_description":"Penitencjaria Apostolska \u2013 najwy\u017cszy trybuna\u0142 w sprawach sumienia &#8211; opublikowa\u0142a dekret, w kt\u00f3rym ze wzgl\u0119du na stan trwaj\u0105cej pandemii, potwierdza i przed\u0142u\u017ca na ca\u0142y miesi\u0105c listopad 2021 r. wszystkie dobrodziejstwa duchowe ju\u017c udzielone 22 pa\u017adziernika 2020 r. dekretem, kt\u00f3rym, ze wzgl\u0119du na pandemi\u0119 Covid-19, zosta\u0142y przed\u0142u\u017cone na ca\u0142y miesi\u0105c listopad 2020 r. odpusty zupe\u0142ne dla &hellip;","og_url":"https:\/\/pakosc-kalwaria.franciszkanie.net\/index.php\/2021\/11\/21\/odpusty-dla-zmarlych-przez-caly-listopad\/","og_site_name":"Pako\u015b\u0107 \u2013 Kalwaria","article_author":"https:\/\/www.facebook.com\/KalwariaPakosc\/","article_published_time":"2021-11-21T12:00:32+00:00","article_modified_time":"2021-11-22T08:28:25+00:00","og_image":[{"width":300,"height":201,"url":"https:\/\/pakosc-kalwaria.franciszkanie.net\/wp-content\/uploads\/2021\/11\/Listopad.jpg","type":"image\/jpeg"}],"twitter_card":"summary","twitter_misc":{"Napisane przez":"pakosc-kalwaria","Szacowany czas czytania":"2 minuty"},"schema":{"@context":"https:\/\/schema.org","@graph":[{"@type":"WebSite","@id":"https:\/\/pakosc-kalwaria.franciszkanie.net\/#website","url":"https:\/\/pakosc-kalwaria.franciszkanie.net\/","name":"Pako\u015b\u0107 \u2013 Kalwaria","description":"Parafia Rzymsko \u2013 Katolicka p.w. Pana Jezusa Ukrzy\u017cowanego i  Matki Bo\u017cej Bolesnej ul. Barci\u0144ska 60, 88\u2013170 Pako\u015b\u0107 \u2013 Kalwaria","potentialAction":[{"@type":"SearchAction","target":{"@type":"EntryPoint","urlTemplate":"https:\/\/pakosc-kalwaria.franciszkanie.net\/?s={search_term_string}"},"query-input":"required name=search_term_string"}],"inLanguage":"pl-PL"},{"@type":"ImageObject","@id":"https:\/\/pakosc-kalwaria.franciszkanie.net\/index.php\/2021\/11\/21\/odpusty-dla-zmarlych-przez-caly-listopad\/#primaryimage","inLanguage":"pl-PL","url":"https:\/\/pakosc-kalwaria.franciszkanie.net\/wp-content\/uploads\/2021\/11\/Listopad.jpg","contentUrl":"https:\/\/pakosc-kalwaria.franciszkanie.net\/wp-content\/uploads\/2021\/11\/Listopad.jpg","width":300,"height":201},{"@type":"WebPage","@id":"https:\/\/pakosc-kalwaria.franciszkanie.net\/index.php\/2021\/11\/21\/odpusty-dla-zmarlych-przez-caly-listopad\/#webpage","url":"https:\/\/pakosc-kalwaria.franciszkanie.net\/index.php\/2021\/11\/21\/odpusty-dla-zmarlych-przez-caly-listopad\/","name":"Odpusty dla zmar\u0142ych przez ca\u0142y listopad - Pako\u015b\u0107 \u2013 Kalwaria","isPartOf":{"@id":"https:\/\/pakosc-kalwaria.franciszkanie.net\/#website"},"primaryImageOfPage":{"@id":"https:\/\/pakosc-kalwaria.franciszkanie.net\/index.php\/2021\/11\/21\/odpusty-dla-zmarlych-przez-caly-listopad\/#primaryimage"},"datePublished":"2021-11-21T12:00:32+00:00","dateModified":"2021-11-22T08:28:25+00:00","author":{"@id":"https:\/\/pakosc-kalwaria.franciszkanie.net\/#\/schema\/person\/af10b943be0760709227d060eadcb2aa"},"breadcrumb":{"@id":"https:\/\/pakosc-kalwaria.franciszkanie.net\/index.php\/2021\/11\/21\/odpusty-dla-zmarlych-przez-caly-listopad\/#breadcrumb"},"inLanguage":"pl-PL","potentialAction":[{"@type":"ReadAction","target":["https:\/\/pakosc-kalwaria.franciszkanie.net\/index.php\/2021\/11\/21\/odpusty-dla-zmarlych-przez-caly-listopad\/"]}]},{"@type":"BreadcrumbList","@id":"https:\/\/pakosc-kalwaria.franciszkanie.net\/index.php\/2021\/11\/21\/odpusty-dla-zmarlych-przez-caly-listopad\/#breadcrumb","itemListElement":[{"@type":"ListItem","position":1,"name":"Strona g\u0142\u00f3wna","item":"https:\/\/pakosc-kalwaria.franciszkanie.net\/"},{"@type":"ListItem","position":2,"name":"Odpusty dla zmar\u0142ych przez ca\u0142y listopad"}]},{"@type":"Person","@id":"https:\/\/pakosc-kalwaria.franciszkanie.net\/#\/schema\/person\/af10b943be0760709227d060eadcb2aa","name":"pakosc-kalwaria","image":{"@type":"ImageObject","@id":"https:\/\/pakosc-kalwaria.franciszkanie.net\/#personlogo","inLanguage":"pl-PL","url":"https:\/\/secure.gravatar.com\/avatar\/e7049d338b55eac6a0027ff3218b8d02?s=96&d=mm&r=g","contentUrl":"https:\/\/secure.gravatar.com\/avatar\/e7049d338b55eac6a0027ff3218b8d02?s=96&d=mm&r=g","caption":"pakosc-kalwaria"},"sameAs":["https:\/\/www.facebook.com\/KalwariaPakosc\/"],"url":"https:\/\/pakosc-kalwaria.franciszkanie.net\/index.php\/author\/pakosc-kalwaria\/"}]}},"_links":{"self":[{"href":"https:\/\/pakosc-kalwaria.franciszkanie.net\/index.php\/wp-json\/wp\/v2\/posts\/20663"}],"collection":[{"href":"https:\/\/pakosc-kalwaria.franciszkanie.net\/index.php\/wp-json\/wp\/v2\/posts"}],"about":[{"href":"https:\/\/pakosc-kalwaria.franciszkanie.net\/index.php\/wp-json\/wp\/v2\/types\/post"}],"author":[{"embeddable":true,"href":"https:\/\/pakosc-kalwaria.franciszkanie.net\/index.php\/wp-json\/wp\/v2\/users\/2"}],"replies":[{"embeddable":true,"href":"https:\/\/pakosc-kalwaria.franciszkanie.net\/index.php\/wp-json\/wp\/v2\/comments?post=20663"}],"version-history":[{"count":3,"href":"https:\/\/pakosc-kalwaria.franciszkanie.net\/index.php\/wp-json\/wp\/v2\/posts\/20663\/revisions"}],"predecessor-version":[{"id":20706,"href":"https:\/\/pakosc-kalwaria.franciszkanie.net\/index.php\/wp-json\/wp\/v2\/posts\/20663\/revisions\/20706"}],"wp:featuredmedia":[{"embeddable":true,"href":"https:\/\/pakosc-kalwaria.franciszkanie.net\/index.php\/wp-json\/wp\/v2\/media\/20664"}],"wp:attachment":[{"href":"https:\/\/pakosc-kalwaria.franciszkanie.net\/index.php\/wp-json\/wp\/v2\/media?parent=20663"}],"wp:term":[{"taxonomy":"category","embeddable":true,"href":"https:\/\/pakosc-kalwaria.franciszkanie.net\/index.php\/wp-json\/wp\/v2\/categories?post=20663"},{"taxonomy":"post_tag","embeddable":true,"href":"https:\/\/pakosc-kalwaria.franciszkanie.net\/index.php\/wp-json\/wp\/v2\/tags?post=20663"}],"curies":[{"name":"wp","href":"https:\/\/api.w.org\/{rel}","templated":true}]}}