{"id":20668,"date":"2021-11-13T09:05:06","date_gmt":"2021-11-13T08:05:06","guid":{"rendered":"http:\/\/pakosc-kalwaria.franciszkanie.net\/?p=20668"},"modified":"2021-11-17T08:49:18","modified_gmt":"2021-11-17T07:49:18","slug":"ogloszenia-duszpasterskie-xxxiii-niedziela-zwykla-4","status":"publish","type":"post","link":"https:\/\/pakosc-kalwaria.franciszkanie.net\/index.php\/2021\/11\/13\/ogloszenia-duszpasterskie-xxxiii-niedziela-zwykla-4\/","title":{"rendered":"Og\u0142oszenia duszpasterskie &#8211; XXXIII Niedziela Zwyk\u0142a"},"content":{"rendered":"<p><span style=\"color: #ff0000;\"><strong><u>W niedziel\u0119 (14.11.)<\/u><\/strong><\/span><strong><span style=\"color: #ff0000;\"> \u2013 XIII Dzie\u0144 Solidarno\u015bci z Ko\u015bcio\u0142em Prze\u015bladowanym.<\/span> Z tej okazji zbi\u00f3rka do puszek na fundusz organizacji \u201ePomoc Ko\u015bcio\u0142owi w Potrzebie\u201d.<br \/>\nObchodzimy\u00a0 <span style=\"color: #ff0000;\">V Dzie\u0144 Ubogich<\/span> og\u0142oszony przez papie\u017ca Franciszka. \u00a0\u00a0\u00a0\u00a0\u00a0\u00a0\u00a0 <\/strong><\/p>\n<p><span style=\"color: #008000;\"><strong><em><u>W poniedzia\u0142ek (15.11.)<\/u><\/em><\/strong><\/span> <strong>\u2013 wspomnienie \u015bw. Dydaka z Alcali &#8211; Patrona Braci zakonnych.<br \/>\n<span style=\"color: #ff0000;\">O 18.00<\/span> w salce spotkanie <span style=\"color: #ff0000;\">dla m\u0142odzie\u017cy klas I ponadpodstawowych<\/span> w ramach przygotowania do Sakramentu Bierzmowania.\u00a0\u00a0\u00a0\u00a0\u00a0\u00a0\u00a0\u00a0\u00a0 <\/strong><\/p>\n<p><strong><span style=\"color: #0000ff;\"><u>We wtorek (16.11.)<\/u><\/span><span style=\"color: #0000ff;\"> \u2013<\/span> wspomnienie Matki Bo\u017cej Ostrobramskiej, Matki Mi\u0142osierdzia.<\/strong><br \/>\n<strong><span style=\"color: #ff0000;\">O 18.00<\/span> w salce spotkanie <span style=\"color: #ff0000;\">dla m\u0142odzie\u017cy<\/span> <span style=\"color: #ff0000;\">klas VIII<\/span> w ramach przygotowania do Sakramentu Bierzmowania.<\/strong><\/p>\n<p><strong><span style=\"color: #ff0000;\"><em><u>W \u015brod\u0119 (17.11.)<\/u><\/em> \u2013 \u015bwi\u0119to<\/span> \u015bw. El\u017cbiety W\u0119gierskiej, Patronki Franciszka\u0144skiego Zakonu \u015awieckich.<br \/>\nPo Mszy \u015bwi\u0119tej spotkanie <span style=\"color: #ff0000;\">R\u00f3\u017cy R\u00f3\u017ca\u0144cowej \u00a0Matki Bo\u017cej Fatimskiej. \u00a0\u00a0\u00a0<\/span>\u00a0\u00a0\u00a0\u00a0\u00a0\u00a0 <\/strong><\/p>\n<p><strong><span style=\"color: #008000;\"><em><u>W pi\u0105tek (19.11.)<\/u><\/em> <\/span>&#8211; <span style=\"color: #ff0000;\">o 17.00 Msza \u015bw. w intencjach zbiorowych do Bo\u017cego Mi\u0142osierdzia<\/span> i nabo\u017ce\u0144stwo do Bo\u017cego Mi\u0142osierdzia, za kt\u00f3re mo\u017cna zyska\u0107 odpust zupe\u0142ny pod zwyk\u0142ymi warunkami. Intencje mo\u017cna sk\u0142ada\u0107 do skarbonki lub w zakrystii. Po nabo\u017ce\u0144stwie uczczenie Relikwii Krzy\u017ca \u015bwi\u0119tego.<\/strong><\/p>\n<p><strong><span style=\"color: #ff0000;\"><em><u>W przysz\u0142\u0105 niedziel\u0119 (21.11.)<\/u><\/em> \u2013 uroczysto\u015b\u0107 Jezusa Chrystusa Kr\u00f3la Wszech\u015bwiata.<\/span><\/strong><br \/>\n<strong>W tym dniu obchodzony b\u0119dzie w Ko\u015bciele <span style=\"color: #ff0000;\">36. \u015awiatowy Dzie\u0144 M\u0142odzie\u017cy<\/span> przeniesiony z Niedzieli Palmowej. Zapraszamy m\u0142odzie\u017c do wsp\u00f3lnej modlitwy.<\/strong><br \/>\n<strong><span style=\"color: #ff0000;\">Po Mszy \u015bw. o 9.00<\/span> wystawienie Naj\u015bwi\u0119tszego Sakramentu i nabo\u017ce\u0144stwo ku czci Naj\u015bwi\u0119tszego Serca Pana Jezusa.<\/strong><br \/>\n<strong>Zbi\u00f3rka do puszek na pomoc dla migrant\u00f3w ze wschodniej granicy.<\/strong><br \/>\n<strong><span style=\"color: #ff0000;\">Kolekta<\/span> na renowacj\u0119 i ogrzewanie naszego ko\u015bcio\u0142a. Za ka\u017cd\u0105 ofiar\u0119 sk\u0142adamy serdeczne \u201eB\u00f3g zap\u0142a\u0107\u201d oraz zapewniamy o wdzi\u0119cznej modlitwie.<\/strong><br \/>\n<strong><span style=\"color: #ff0000;\">Po Mszy \u015bwi\u0119tej o 9.00 spotkanie dla rodzic\u00f3w<\/span> m\u0142odzie\u017cy klas VIII i I ponadpodstawowych przygotowuj\u0105cych si\u0119 w naszej Parafii do Sakramentu Bierzmowania.<\/strong><br \/>\n<strong><span style=\"color: #ff0000;\">Po Mszy \u015bwi\u0119tej o 11.00 spotkanie dla rodzic\u00f3w<\/span> dzieci klas III przed Pierwsz\u0105 Komuni\u0105 \u015bwi\u0119t\u0105. Prosimy rodzic\u00f3w o odpowiedzialn\u0105 obecno\u015b\u0107.<\/strong><\/p>\n<p><strong><span style=\"color: #ff0000;\">Przez ca\u0142y listopad <\/span>za pobo\u017cne nawiedzenie cmentarza i modlitw\u0119 za zmar\u0142ych, mo\u017cna zyska\u0107 <span style=\"color: #ff0000;\">odpust zupe\u0142ny za dusze w czy\u015b\u0107cu cierpi\u0105ce<\/span>, pod zwyk\u0142ymi warunkami: stan \u0142aski u\u015bwi\u0119caj\u0105cej po Spowiedzi \u015bw., brak przywi\u0105zania do grzechu nawet powszedniego , przyj\u0119cie Komunii \u015bw., odm\u00f3wienie modlitwy na intencje Ojca \u015awi\u0119tego.<\/strong><\/p>\n<p><strong>W Biurze parafialnym mo\u017cna zamawia\u0107 i rezerwowa\u0107 <span style=\"color: #ff0000;\">Intencje mszalne i Wypominki roczne na 2022r. \u00a0\u00a0\u00a0<\/span><\/strong><\/p>\n<p><strong>Przypominamy, \u017ce w zwi\u0105zku z panuj\u0105c\u0105 epidemi\u0105 w zamkni\u0119tych pomieszczeniach nale\u017cy mie\u0107 zakryte usta i nos. Dzi\u0119kujemy za dostosowanie si\u0119 do tego rozporz\u0105dzenia!<\/strong><br \/>\n<strong>Pod ch\u00f3rem do nabycia czasopisma: Przewodnik Katolicki (6zl.).<br \/>\nW zakrystii do nabycia: Wigilijne \u015awiece Caritasu: du\u017ce (15 z\u0142.), ma\u0142e (7 z\u0142.).<\/strong><\/p>\n<p><strong>Dzi\u0119kujemy za zam\u00f3wione jednorazowe listopadowe wypominki za zmar\u0142ych, za z\u0142o\u017cone ofiary oraz za udzia\u0142 we wsp\u00f3lnej modlitwie w ko\u015bciele.<\/strong><br \/>\n<strong>Wyra\u017camy wdzi\u0119czno\u015b\u0107 za ka\u017cde Wasze duchowe i materialne wsparcie.<\/strong><br \/>\n<strong>Niech Jezus Ukrzy\u017cowany i Mi\u0142osierny Was i wasze Rodziny ka\u017cdego dnia obdarza potrzebnymi \u0142askami, a Matka Bo\u017ca Bolesna otacza swoj\u0105 przemo\u017cn\u0105 opiek\u0105.<\/strong><\/p>\n<p><strong>Z darem modlitwy Bracia Mniejsi Franciszkanie z Pako\u015bci &#8211; Kalwarii\u00a0\u00a0\u00a0 <\/strong><\/p>\n","protected":false},"excerpt":{"rendered":"<p>W niedziel\u0119 (14.11.) \u2013 XIII Dzie\u0144 Solidarno\u015bci z Ko\u015bcio\u0142em Prze\u015bladowanym. Z tej okazji zbi\u00f3rka do puszek na fundusz organizacji \u201ePomoc Ko\u015bcio\u0142owi w Potrzebie\u201d. Obchodzimy\u00a0 V Dzie\u0144 Ubogich og\u0142oszony przez papie\u017ca Franciszka. \u00a0\u00a0\u00a0\u00a0\u00a0\u00a0\u00a0 W poniedzia\u0142ek (15.11.) \u2013 wspomnienie \u015bw. Dydaka z Alcali &#8211; Patrona Braci zakonnych. O 18.00 w salce spotkanie dla m\u0142odzie\u017cy klas I ponadpodstawowych &hellip;<\/p>\n","protected":false},"author":2,"featured_media":20541,"comment_status":"closed","ping_status":"closed","sticky":false,"template":"","format":"standard","meta":{"_mi_skip_tracking":false,"_exactmetrics_sitenote_active":false,"_exactmetrics_sitenote_note":"","_exactmetrics_sitenote_category":0},"categories":[5],"tags":[],"yoast_head":"<!-- This site is optimized with the Yoast SEO plugin v18.1 - https:\/\/yoast.com\/wordpress\/plugins\/seo\/ -->\n<title>Og\u0142oszenia duszpasterskie - XXXIII Niedziela Zwyk\u0142a - Pako\u015b\u0107 \u2013 Kalwaria<\/title>\n<meta name=\"robots\" content=\"index, follow, max-snippet:-1, max-image-preview:large, max-video-preview:-1\" \/>\n<link rel=\"canonical\" href=\"https:\/\/pakosc-kalwaria.franciszkanie.net\/index.php\/2021\/11\/13\/ogloszenia-duszpasterskie-xxxiii-niedziela-zwykla-4\/\" \/>\n<meta property=\"og:locale\" content=\"pl_PL\" \/>\n<meta property=\"og:type\" content=\"article\" \/>\n<meta property=\"og:title\" content=\"Og\u0142oszenia duszpasterskie - XXXIII Niedziela Zwyk\u0142a - Pako\u015b\u0107 \u2013 Kalwaria\" \/>\n<meta property=\"og:description\" content=\"W niedziel\u0119 (14.11.) \u2013 XIII Dzie\u0144 Solidarno\u015bci z Ko\u015bcio\u0142em Prze\u015bladowanym. Z tej okazji zbi\u00f3rka do puszek na fundusz organizacji \u201ePomoc Ko\u015bcio\u0142owi w Potrzebie\u201d. Obchodzimy\u00a0 V Dzie\u0144 Ubogich og\u0142oszony przez papie\u017ca Franciszka. \u00a0\u00a0\u00a0\u00a0\u00a0\u00a0\u00a0 W poniedzia\u0142ek (15.11.) \u2013 wspomnienie \u015bw. Dydaka z Alcali &#8211; Patrona Braci zakonnych. O 18.00 w salce spotkanie dla m\u0142odzie\u017cy klas I ponadpodstawowych &hellip;\" \/>\n<meta property=\"og:url\" content=\"https:\/\/pakosc-kalwaria.franciszkanie.net\/index.php\/2021\/11\/13\/ogloszenia-duszpasterskie-xxxiii-niedziela-zwykla-4\/\" \/>\n<meta property=\"og:site_name\" content=\"Pako\u015b\u0107 \u2013 Kalwaria\" \/>\n<meta property=\"article:author\" content=\"https:\/\/www.facebook.com\/KalwariaPakosc\/\" \/>\n<meta property=\"article:published_time\" content=\"2021-11-13T08:05:06+00:00\" \/>\n<meta property=\"article:modified_time\" content=\"2021-11-17T07:49:18+00:00\" \/>\n<meta property=\"og:image\" content=\"https:\/\/pakosc-kalwaria.franciszkanie.net\/wp-content\/uploads\/2021\/10\/zgromadzeni-na-swietej-wieczerzy-poziom-baner-z-haslem-roku-2021.jpg\" \/>\n\t<meta property=\"og:image:width\" content=\"350\" \/>\n\t<meta property=\"og:image:height\" content=\"210\" \/>\n\t<meta property=\"og:image:type\" content=\"image\/jpeg\" \/>\n<meta name=\"twitter:card\" content=\"summary\" \/>\n<meta name=\"twitter:label1\" content=\"Napisane przez\" \/>\n\t<meta name=\"twitter:data1\" content=\"pakosc-kalwaria\" \/>\n\t<meta name=\"twitter:label2\" content=\"Szacowany czas czytania\" \/>\n\t<meta name=\"twitter:data2\" content=\"3 minuty\" \/>\n<script type=\"application\/ld+json\" class=\"yoast-schema-graph\">{\"@context\":\"https:\/\/schema.org\",\"@graph\":[{\"@type\":\"WebSite\",\"@id\":\"https:\/\/pakosc-kalwaria.franciszkanie.net\/#website\",\"url\":\"https:\/\/pakosc-kalwaria.franciszkanie.net\/\",\"name\":\"Pako\u015b\u0107 \u2013 Kalwaria\",\"description\":\"Parafia Rzymsko \u2013 Katolicka p.w. Pana Jezusa Ukrzy\u017cowanego i  Matki Bo\u017cej Bolesnej ul. Barci\u0144ska 60, 88\u2013170 Pako\u015b\u0107 \u2013 Kalwaria\",\"potentialAction\":[{\"@type\":\"SearchAction\",\"target\":{\"@type\":\"EntryPoint\",\"urlTemplate\":\"https:\/\/pakosc-kalwaria.franciszkanie.net\/?s={search_term_string}\"},\"query-input\":\"required name=search_term_string\"}],\"inLanguage\":\"pl-PL\"},{\"@type\":\"ImageObject\",\"@id\":\"https:\/\/pakosc-kalwaria.franciszkanie.net\/index.php\/2021\/11\/13\/ogloszenia-duszpasterskie-xxxiii-niedziela-zwykla-4\/#primaryimage\",\"inLanguage\":\"pl-PL\",\"url\":\"https:\/\/pakosc-kalwaria.franciszkanie.net\/wp-content\/uploads\/2021\/10\/zgromadzeni-na-swietej-wieczerzy-poziom-baner-z-haslem-roku-2021.jpg\",\"contentUrl\":\"https:\/\/pakosc-kalwaria.franciszkanie.net\/wp-content\/uploads\/2021\/10\/zgromadzeni-na-swietej-wieczerzy-poziom-baner-z-haslem-roku-2021.jpg\",\"width\":350,\"height\":210},{\"@type\":\"WebPage\",\"@id\":\"https:\/\/pakosc-kalwaria.franciszkanie.net\/index.php\/2021\/11\/13\/ogloszenia-duszpasterskie-xxxiii-niedziela-zwykla-4\/#webpage\",\"url\":\"https:\/\/pakosc-kalwaria.franciszkanie.net\/index.php\/2021\/11\/13\/ogloszenia-duszpasterskie-xxxiii-niedziela-zwykla-4\/\",\"name\":\"Og\u0142oszenia duszpasterskie - XXXIII Niedziela Zwyk\u0142a - Pako\u015b\u0107 \u2013 Kalwaria\",\"isPartOf\":{\"@id\":\"https:\/\/pakosc-kalwaria.franciszkanie.net\/#website\"},\"primaryImageOfPage\":{\"@id\":\"https:\/\/pakosc-kalwaria.franciszkanie.net\/index.php\/2021\/11\/13\/ogloszenia-duszpasterskie-xxxiii-niedziela-zwykla-4\/#primaryimage\"},\"datePublished\":\"2021-11-13T08:05:06+00:00\",\"dateModified\":\"2021-11-17T07:49:18+00:00\",\"author\":{\"@id\":\"https:\/\/pakosc-kalwaria.franciszkanie.net\/#\/schema\/person\/af10b943be0760709227d060eadcb2aa\"},\"breadcrumb\":{\"@id\":\"https:\/\/pakosc-kalwaria.franciszkanie.net\/index.php\/2021\/11\/13\/ogloszenia-duszpasterskie-xxxiii-niedziela-zwykla-4\/#breadcrumb\"},\"inLanguage\":\"pl-PL\",\"potentialAction\":[{\"@type\":\"ReadAction\",\"target\":[\"https:\/\/pakosc-kalwaria.franciszkanie.net\/index.php\/2021\/11\/13\/ogloszenia-duszpasterskie-xxxiii-niedziela-zwykla-4\/\"]}]},{\"@type\":\"BreadcrumbList\",\"@id\":\"https:\/\/pakosc-kalwaria.franciszkanie.net\/index.php\/2021\/11\/13\/ogloszenia-duszpasterskie-xxxiii-niedziela-zwykla-4\/#breadcrumb\",\"itemListElement\":[{\"@type\":\"ListItem\",\"position\":1,\"name\":\"Strona g\u0142\u00f3wna\",\"item\":\"https:\/\/pakosc-kalwaria.franciszkanie.net\/\"},{\"@type\":\"ListItem\",\"position\":2,\"name\":\"Og\u0142oszenia duszpasterskie &#8211; XXXIII Niedziela Zwyk\u0142a\"}]},{\"@type\":\"Person\",\"@id\":\"https:\/\/pakosc-kalwaria.franciszkanie.net\/#\/schema\/person\/af10b943be0760709227d060eadcb2aa\",\"name\":\"pakosc-kalwaria\",\"image\":{\"@type\":\"ImageObject\",\"@id\":\"https:\/\/pakosc-kalwaria.franciszkanie.net\/#personlogo\",\"inLanguage\":\"pl-PL\",\"url\":\"https:\/\/secure.gravatar.com\/avatar\/e7049d338b55eac6a0027ff3218b8d02?s=96&d=mm&r=g\",\"contentUrl\":\"https:\/\/secure.gravatar.com\/avatar\/e7049d338b55eac6a0027ff3218b8d02?s=96&d=mm&r=g\",\"caption\":\"pakosc-kalwaria\"},\"sameAs\":[\"https:\/\/www.facebook.com\/KalwariaPakosc\/\"],\"url\":\"https:\/\/pakosc-kalwaria.franciszkanie.net\/index.php\/author\/pakosc-kalwaria\/\"}]}<\/script>\n<!-- \/ Yoast SEO plugin. -->","yoast_head_json":{"title":"Og\u0142oszenia duszpasterskie - XXXIII Niedziela Zwyk\u0142a - Pako\u015b\u0107 \u2013 Kalwaria","robots":{"index":"index","follow":"follow","max-snippet":"max-snippet:-1","max-image-preview":"max-image-preview:large","max-video-preview":"max-video-preview:-1"},"canonical":"https:\/\/pakosc-kalwaria.franciszkanie.net\/index.php\/2021\/11\/13\/ogloszenia-duszpasterskie-xxxiii-niedziela-zwykla-4\/","og_locale":"pl_PL","og_type":"article","og_title":"Og\u0142oszenia duszpasterskie - XXXIII Niedziela Zwyk\u0142a - Pako\u015b\u0107 \u2013 Kalwaria","og_description":"W niedziel\u0119 (14.11.) \u2013 XIII Dzie\u0144 Solidarno\u015bci z Ko\u015bcio\u0142em Prze\u015bladowanym. Z tej okazji zbi\u00f3rka do puszek na fundusz organizacji \u201ePomoc Ko\u015bcio\u0142owi w Potrzebie\u201d. Obchodzimy\u00a0 V Dzie\u0144 Ubogich og\u0142oszony przez papie\u017ca Franciszka. \u00a0\u00a0\u00a0\u00a0\u00a0\u00a0\u00a0 W poniedzia\u0142ek (15.11.) \u2013 wspomnienie \u015bw. Dydaka z Alcali &#8211; Patrona Braci zakonnych. O 18.00 w salce spotkanie dla m\u0142odzie\u017cy klas I ponadpodstawowych &hellip;","og_url":"https:\/\/pakosc-kalwaria.franciszkanie.net\/index.php\/2021\/11\/13\/ogloszenia-duszpasterskie-xxxiii-niedziela-zwykla-4\/","og_site_name":"Pako\u015b\u0107 \u2013 Kalwaria","article_author":"https:\/\/www.facebook.com\/KalwariaPakosc\/","article_published_time":"2021-11-13T08:05:06+00:00","article_modified_time":"2021-11-17T07:49:18+00:00","og_image":[{"width":350,"height":210,"url":"https:\/\/pakosc-kalwaria.franciszkanie.net\/wp-content\/uploads\/2021\/10\/zgromadzeni-na-swietej-wieczerzy-poziom-baner-z-haslem-roku-2021.jpg","type":"image\/jpeg"}],"twitter_card":"summary","twitter_misc":{"Napisane przez":"pakosc-kalwaria","Szacowany czas czytania":"3 minuty"},"schema":{"@context":"https:\/\/schema.org","@graph":[{"@type":"WebSite","@id":"https:\/\/pakosc-kalwaria.franciszkanie.net\/#website","url":"https:\/\/pakosc-kalwaria.franciszkanie.net\/","name":"Pako\u015b\u0107 \u2013 Kalwaria","description":"Parafia Rzymsko \u2013 Katolicka p.w. Pana Jezusa Ukrzy\u017cowanego i  Matki Bo\u017cej Bolesnej ul. Barci\u0144ska 60, 88\u2013170 Pako\u015b\u0107 \u2013 Kalwaria","potentialAction":[{"@type":"SearchAction","target":{"@type":"EntryPoint","urlTemplate":"https:\/\/pakosc-kalwaria.franciszkanie.net\/?s={search_term_string}"},"query-input":"required name=search_term_string"}],"inLanguage":"pl-PL"},{"@type":"ImageObject","@id":"https:\/\/pakosc-kalwaria.franciszkanie.net\/index.php\/2021\/11\/13\/ogloszenia-duszpasterskie-xxxiii-niedziela-zwykla-4\/#primaryimage","inLanguage":"pl-PL","url":"https:\/\/pakosc-kalwaria.franciszkanie.net\/wp-content\/uploads\/2021\/10\/zgromadzeni-na-swietej-wieczerzy-poziom-baner-z-haslem-roku-2021.jpg","contentUrl":"https:\/\/pakosc-kalwaria.franciszkanie.net\/wp-content\/uploads\/2021\/10\/zgromadzeni-na-swietej-wieczerzy-poziom-baner-z-haslem-roku-2021.jpg","width":350,"height":210},{"@type":"WebPage","@id":"https:\/\/pakosc-kalwaria.franciszkanie.net\/index.php\/2021\/11\/13\/ogloszenia-duszpasterskie-xxxiii-niedziela-zwykla-4\/#webpage","url":"https:\/\/pakosc-kalwaria.franciszkanie.net\/index.php\/2021\/11\/13\/ogloszenia-duszpasterskie-xxxiii-niedziela-zwykla-4\/","name":"Og\u0142oszenia duszpasterskie - XXXIII Niedziela Zwyk\u0142a - Pako\u015b\u0107 \u2013 Kalwaria","isPartOf":{"@id":"https:\/\/pakosc-kalwaria.franciszkanie.net\/#website"},"primaryImageOfPage":{"@id":"https:\/\/pakosc-kalwaria.franciszkanie.net\/index.php\/2021\/11\/13\/ogloszenia-duszpasterskie-xxxiii-niedziela-zwykla-4\/#primaryimage"},"datePublished":"2021-11-13T08:05:06+00:00","dateModified":"2021-11-17T07:49:18+00:00","author":{"@id":"https:\/\/pakosc-kalwaria.franciszkanie.net\/#\/schema\/person\/af10b943be0760709227d060eadcb2aa"},"breadcrumb":{"@id":"https:\/\/pakosc-kalwaria.franciszkanie.net\/index.php\/2021\/11\/13\/ogloszenia-duszpasterskie-xxxiii-niedziela-zwykla-4\/#breadcrumb"},"inLanguage":"pl-PL","potentialAction":[{"@type":"ReadAction","target":["https:\/\/pakosc-kalwaria.franciszkanie.net\/index.php\/2021\/11\/13\/ogloszenia-duszpasterskie-xxxiii-niedziela-zwykla-4\/"]}]},{"@type":"BreadcrumbList","@id":"https:\/\/pakosc-kalwaria.franciszkanie.net\/index.php\/2021\/11\/13\/ogloszenia-duszpasterskie-xxxiii-niedziela-zwykla-4\/#breadcrumb","itemListElement":[{"@type":"ListItem","position":1,"name":"Strona g\u0142\u00f3wna","item":"https:\/\/pakosc-kalwaria.franciszkanie.net\/"},{"@type":"ListItem","position":2,"name":"Og\u0142oszenia duszpasterskie &#8211; XXXIII Niedziela Zwyk\u0142a"}]},{"@type":"Person","@id":"https:\/\/pakosc-kalwaria.franciszkanie.net\/#\/schema\/person\/af10b943be0760709227d060eadcb2aa","name":"pakosc-kalwaria","image":{"@type":"ImageObject","@id":"https:\/\/pakosc-kalwaria.franciszkanie.net\/#personlogo","inLanguage":"pl-PL","url":"https:\/\/secure.gravatar.com\/avatar\/e7049d338b55eac6a0027ff3218b8d02?s=96&d=mm&r=g","contentUrl":"https:\/\/secure.gravatar.com\/avatar\/e7049d338b55eac6a0027ff3218b8d02?s=96&d=mm&r=g","caption":"pakosc-kalwaria"},"sameAs":["https:\/\/www.facebook.com\/KalwariaPakosc\/"],"url":"https:\/\/pakosc-kalwaria.franciszkanie.net\/index.php\/author\/pakosc-kalwaria\/"}]}},"_links":{"self":[{"href":"https:\/\/pakosc-kalwaria.franciszkanie.net\/index.php\/wp-json\/wp\/v2\/posts\/20668"}],"collection":[{"href":"https:\/\/pakosc-kalwaria.franciszkanie.net\/index.php\/wp-json\/wp\/v2\/posts"}],"about":[{"href":"https:\/\/pakosc-kalwaria.franciszkanie.net\/index.php\/wp-json\/wp\/v2\/types\/post"}],"author":[{"embeddable":true,"href":"https:\/\/pakosc-kalwaria.franciszkanie.net\/index.php\/wp-json\/wp\/v2\/users\/2"}],"replies":[{"embeddable":true,"href":"https:\/\/pakosc-kalwaria.franciszkanie.net\/index.php\/wp-json\/wp\/v2\/comments?post=20668"}],"version-history":[{"count":3,"href":"https:\/\/pakosc-kalwaria.franciszkanie.net\/index.php\/wp-json\/wp\/v2\/posts\/20668\/revisions"}],"predecessor-version":[{"id":20692,"href":"https:\/\/pakosc-kalwaria.franciszkanie.net\/index.php\/wp-json\/wp\/v2\/posts\/20668\/revisions\/20692"}],"wp:featuredmedia":[{"embeddable":true,"href":"https:\/\/pakosc-kalwaria.franciszkanie.net\/index.php\/wp-json\/wp\/v2\/media\/20541"}],"wp:attachment":[{"href":"https:\/\/pakosc-kalwaria.franciszkanie.net\/index.php\/wp-json\/wp\/v2\/media?parent=20668"}],"wp:term":[{"taxonomy":"category","embeddable":true,"href":"https:\/\/pakosc-kalwaria.franciszkanie.net\/index.php\/wp-json\/wp\/v2\/categories?post=20668"},{"taxonomy":"post_tag","embeddable":true,"href":"https:\/\/pakosc-kalwaria.franciszkanie.net\/index.php\/wp-json\/wp\/v2\/tags?post=20668"}],"curies":[{"name":"wp","href":"https:\/\/api.w.org\/{rel}","templated":true}]}}