{"id":20676,"date":"2021-11-12T14:00:12","date_gmt":"2021-11-12T13:00:12","guid":{"rendered":"http:\/\/pakosc-kalwaria.franciszkanie.net\/?p=20676"},"modified":"2021-11-15T08:33:46","modified_gmt":"2021-11-15T07:33:46","slug":"v-siwatowy-dzien-ubogich","status":"publish","type":"post","link":"https:\/\/pakosc-kalwaria.franciszkanie.net\/index.php\/2021\/11\/12\/v-siwatowy-dzien-ubogich\/","title":{"rendered":"V \u015awiatowy Dzie\u0144 Ubogich"},"content":{"rendered":"<p><strong>\u015awiatowy Dzie\u0144 Ubogich<\/strong> \u2013 w Ko\u015bciele katolickim \u015bwi\u0119to obchodzone w XXXIII Niedziel\u0119 Zwyk\u0142\u0105, wypadaj\u0105ce pomi\u0119dzy 13 a 19 listopada. Zosta\u0142o ustanowione w listopadzie 2016 roku przez papie\u017ca Franciszka w Li\u015bcie Apostolskim Misericordia et Misera, napisanym na zako\u0144czenie Nadzwyczajnego Jubileuszowego Roku Mi\u0142osierdzia.<\/p>\n<p>Po raz pierwszy obchodzono ten dzie\u0144 19 listopada 2017 roku, pod has\u0142em \u201eNie mi\u0142ujmy s\u0142owem, ale czynem&#8221;.<\/p>\n<p><strong><span style=\"color: #ff0000;\">Has\u0142em tegorocznego 5. \u015awiatowego Dnia Ubogich (14.11.2021)<\/span> s\u0105 s\u0142owa, jakie Pan Jezus wypowiedzia\u0142 w domu Szymona Tr\u0119dowatego <span style=\"color: #ff0000;\">\u201eUbogich zawsze macie u siebie\u201d.<\/span><\/strong><\/p>\n<p>Potrzebuj\u0105cy to osoba, kt\u00f3ra do\u015bwiadcza braku i boryka si\u0119 z trudno\u015bciami. Dzi\u015b takim brakiem jest mi\u0119dzy innymi samotno\u015b\u0107, czyli potrzeba drugiej osoby. \u015awiatowy Dzie\u0144 Ubogich to doskona\u0142a okazja, aby pokaza\u0107 bezdomnym, samotnym i potrzebuj\u0105cym, \u017ce mog\u0105 liczy\u0107 na pomoc innych os\u00f3b.<\/p>\n<p>\u201eJeste\u015bmy wezwani do odkrycia w ubogich Chrystusa, do u\u017cyczenia im naszego g\u0142osu w ich sprawach, ale tak\u017ce do bycia ich przyjaci\u00f3\u0142mi, s\u0142uchania ich, zrozumienia ich i przyj\u0119cia tajemniczej m\u0105dro\u015bci, kt\u00f3r\u0105 B\u00f3g chce nam przekaza\u0107 przez nich. Nasze zaanga\u017cowanie nie polega wy\u0142\u0105cznie na dzia\u0142aniach albo na programach promocji i opieki. To, co porusza Duch, nie jest nadmiarem aktywizmu, ale przede wszystkim uwag\u0105 skierowan\u0105 na drugiego cz\u0142owieka, uznaniem go za jedno z samym sob\u0105\u201d \u2013 pisze papie\u017c Franciszek w specjalnym or\u0119dziu na 5. \u015awiatowy Dzie\u0144 Ubogich.<\/p>\n<p>W tym roku Ojciec \u015awi\u0119ty zwraca uwag\u0119 na \u201enowe formy ub\u00f3stwa\u201d, takie jak migracje, utrata pracy, samotno\u015b\u0107, kryzysy psychiczne, choroby, cierpienie oraz wiele innych, kt\u00f3rych by\u0107 mo\u017ce na poz\u00f3r nie dostrzegamy i nie zdajemy sobie sprawy z ich wa\u017cno\u015bci. Papie\u017c Franciszek przypomina, \u017ce ka\u017cdy z nas mo\u017ce pom\u00f3c, zar\u00f3wno poprzez zaanga\u017cowanie, jak i wskazanie profesjonalnych form pomocy. \u2013 Ubodzy, \u017cyj\u0105cy w rozmaitych warunkach i na wszystkich szeroko\u015bciach geograficznych ewangelizuj\u0105 nas, poniewa\u017c pozwalaj\u0105 nam odkry\u0107, w spos\u00f3b zawsze nowy, najbardziej naturalne rysy twarzy Ojca. Oni mog\u0105 nas wiele nauczy\u0107. Opr\u00f3cz uczestnictwa w sensus fidei, przez w\u0142asne cierpienia znaj\u0105 Chrystusa cierpi\u0105cego. Jest rzecz\u0105 konieczn\u0105, aby\u015bmy wszyscy pozwolili si\u0119 przez nich ewangelizowa\u0107. Nowa ewangelizacja jest zaproszeniem do uznania zbawczej mocy ich egzystencji i do postawienia jej w centrum drogi Ko\u015bcio\u0142a \u2013 zaznacza.<\/p>\n","protected":false},"excerpt":{"rendered":"<p>\u015awiatowy Dzie\u0144 Ubogich \u2013 w Ko\u015bciele katolickim \u015bwi\u0119to obchodzone w XXXIII Niedziel\u0119 Zwyk\u0142\u0105, wypadaj\u0105ce pomi\u0119dzy 13 a 19 listopada. Zosta\u0142o ustanowione w listopadzie 2016 roku przez papie\u017ca Franciszka w Li\u015bcie Apostolskim Misericordia et Misera, napisanym na zako\u0144czenie Nadzwyczajnego Jubileuszowego Roku Mi\u0142osierdzia. Po raz pierwszy obchodzono ten dzie\u0144 19 listopada 2017 roku, pod has\u0142em \u201eNie mi\u0142ujmy &hellip;<\/p>\n","protected":false},"author":2,"featured_media":20677,"comment_status":"closed","ping_status":"closed","sticky":false,"template":"","format":"standard","meta":{"_mi_skip_tracking":false,"_exactmetrics_sitenote_active":false,"_exactmetrics_sitenote_note":"","_exactmetrics_sitenote_category":0},"categories":[13],"tags":[],"yoast_head":"<!-- This site is optimized with the Yoast SEO plugin v18.1 - https:\/\/yoast.com\/wordpress\/plugins\/seo\/ -->\n<title>V \u015awiatowy Dzie\u0144 Ubogich - Pako\u015b\u0107 \u2013 Kalwaria<\/title>\n<meta name=\"robots\" content=\"index, follow, max-snippet:-1, max-image-preview:large, max-video-preview:-1\" \/>\n<link rel=\"canonical\" href=\"https:\/\/pakosc-kalwaria.franciszkanie.net\/index.php\/2021\/11\/12\/v-siwatowy-dzien-ubogich\/\" \/>\n<meta property=\"og:locale\" content=\"pl_PL\" \/>\n<meta property=\"og:type\" content=\"article\" \/>\n<meta property=\"og:title\" content=\"V \u015awiatowy Dzie\u0144 Ubogich - Pako\u015b\u0107 \u2013 Kalwaria\" \/>\n<meta property=\"og:description\" content=\"\u015awiatowy Dzie\u0144 Ubogich \u2013 w Ko\u015bciele katolickim \u015bwi\u0119to obchodzone w XXXIII Niedziel\u0119 Zwyk\u0142\u0105, wypadaj\u0105ce pomi\u0119dzy 13 a 19 listopada. Zosta\u0142o ustanowione w listopadzie 2016 roku przez papie\u017ca Franciszka w Li\u015bcie Apostolskim Misericordia et Misera, napisanym na zako\u0144czenie Nadzwyczajnego Jubileuszowego Roku Mi\u0142osierdzia. Po raz pierwszy obchodzono ten dzie\u0144 19 listopada 2017 roku, pod has\u0142em \u201eNie mi\u0142ujmy &hellip;\" \/>\n<meta property=\"og:url\" content=\"https:\/\/pakosc-kalwaria.franciszkanie.net\/index.php\/2021\/11\/12\/v-siwatowy-dzien-ubogich\/\" \/>\n<meta property=\"og:site_name\" content=\"Pako\u015b\u0107 \u2013 Kalwaria\" \/>\n<meta property=\"article:author\" content=\"https:\/\/www.facebook.com\/KalwariaPakosc\/\" \/>\n<meta property=\"article:published_time\" content=\"2021-11-12T13:00:12+00:00\" \/>\n<meta property=\"article:modified_time\" content=\"2021-11-15T07:33:46+00:00\" \/>\n<meta property=\"og:image\" content=\"https:\/\/pakosc-kalwaria.franciszkanie.net\/wp-content\/uploads\/2021\/11\/unnamed.jpg\" \/>\n\t<meta property=\"og:image:width\" content=\"350\" \/>\n\t<meta property=\"og:image:height\" content=\"213\" \/>\n\t<meta property=\"og:image:type\" content=\"image\/jpeg\" \/>\n<meta name=\"twitter:card\" content=\"summary\" \/>\n<meta name=\"twitter:label1\" content=\"Napisane przez\" \/>\n\t<meta name=\"twitter:data1\" content=\"pakosc-kalwaria\" \/>\n\t<meta name=\"twitter:label2\" content=\"Szacowany czas czytania\" \/>\n\t<meta name=\"twitter:data2\" content=\"2 minuty\" \/>\n<script type=\"application\/ld+json\" class=\"yoast-schema-graph\">{\"@context\":\"https:\/\/schema.org\",\"@graph\":[{\"@type\":\"WebSite\",\"@id\":\"https:\/\/pakosc-kalwaria.franciszkanie.net\/#website\",\"url\":\"https:\/\/pakosc-kalwaria.franciszkanie.net\/\",\"name\":\"Pako\u015b\u0107 \u2013 Kalwaria\",\"description\":\"Parafia Rzymsko \u2013 Katolicka p.w. Pana Jezusa Ukrzy\u017cowanego i  Matki Bo\u017cej Bolesnej ul. Barci\u0144ska 60, 88\u2013170 Pako\u015b\u0107 \u2013 Kalwaria\",\"potentialAction\":[{\"@type\":\"SearchAction\",\"target\":{\"@type\":\"EntryPoint\",\"urlTemplate\":\"https:\/\/pakosc-kalwaria.franciszkanie.net\/?s={search_term_string}\"},\"query-input\":\"required name=search_term_string\"}],\"inLanguage\":\"pl-PL\"},{\"@type\":\"ImageObject\",\"@id\":\"https:\/\/pakosc-kalwaria.franciszkanie.net\/index.php\/2021\/11\/12\/v-siwatowy-dzien-ubogich\/#primaryimage\",\"inLanguage\":\"pl-PL\",\"url\":\"https:\/\/pakosc-kalwaria.franciszkanie.net\/wp-content\/uploads\/2021\/11\/unnamed.jpg\",\"contentUrl\":\"https:\/\/pakosc-kalwaria.franciszkanie.net\/wp-content\/uploads\/2021\/11\/unnamed.jpg\",\"width\":350,\"height\":213},{\"@type\":\"WebPage\",\"@id\":\"https:\/\/pakosc-kalwaria.franciszkanie.net\/index.php\/2021\/11\/12\/v-siwatowy-dzien-ubogich\/#webpage\",\"url\":\"https:\/\/pakosc-kalwaria.franciszkanie.net\/index.php\/2021\/11\/12\/v-siwatowy-dzien-ubogich\/\",\"name\":\"V \u015awiatowy Dzie\u0144 Ubogich - Pako\u015b\u0107 \u2013 Kalwaria\",\"isPartOf\":{\"@id\":\"https:\/\/pakosc-kalwaria.franciszkanie.net\/#website\"},\"primaryImageOfPage\":{\"@id\":\"https:\/\/pakosc-kalwaria.franciszkanie.net\/index.php\/2021\/11\/12\/v-siwatowy-dzien-ubogich\/#primaryimage\"},\"datePublished\":\"2021-11-12T13:00:12+00:00\",\"dateModified\":\"2021-11-15T07:33:46+00:00\",\"author\":{\"@id\":\"https:\/\/pakosc-kalwaria.franciszkanie.net\/#\/schema\/person\/af10b943be0760709227d060eadcb2aa\"},\"breadcrumb\":{\"@id\":\"https:\/\/pakosc-kalwaria.franciszkanie.net\/index.php\/2021\/11\/12\/v-siwatowy-dzien-ubogich\/#breadcrumb\"},\"inLanguage\":\"pl-PL\",\"potentialAction\":[{\"@type\":\"ReadAction\",\"target\":[\"https:\/\/pakosc-kalwaria.franciszkanie.net\/index.php\/2021\/11\/12\/v-siwatowy-dzien-ubogich\/\"]}]},{\"@type\":\"BreadcrumbList\",\"@id\":\"https:\/\/pakosc-kalwaria.franciszkanie.net\/index.php\/2021\/11\/12\/v-siwatowy-dzien-ubogich\/#breadcrumb\",\"itemListElement\":[{\"@type\":\"ListItem\",\"position\":1,\"name\":\"Strona g\u0142\u00f3wna\",\"item\":\"https:\/\/pakosc-kalwaria.franciszkanie.net\/\"},{\"@type\":\"ListItem\",\"position\":2,\"name\":\"V \u015awiatowy Dzie\u0144 Ubogich\"}]},{\"@type\":\"Person\",\"@id\":\"https:\/\/pakosc-kalwaria.franciszkanie.net\/#\/schema\/person\/af10b943be0760709227d060eadcb2aa\",\"name\":\"pakosc-kalwaria\",\"image\":{\"@type\":\"ImageObject\",\"@id\":\"https:\/\/pakosc-kalwaria.franciszkanie.net\/#personlogo\",\"inLanguage\":\"pl-PL\",\"url\":\"https:\/\/secure.gravatar.com\/avatar\/e7049d338b55eac6a0027ff3218b8d02?s=96&d=mm&r=g\",\"contentUrl\":\"https:\/\/secure.gravatar.com\/avatar\/e7049d338b55eac6a0027ff3218b8d02?s=96&d=mm&r=g\",\"caption\":\"pakosc-kalwaria\"},\"sameAs\":[\"https:\/\/www.facebook.com\/KalwariaPakosc\/\"],\"url\":\"https:\/\/pakosc-kalwaria.franciszkanie.net\/index.php\/author\/pakosc-kalwaria\/\"}]}<\/script>\n<!-- \/ Yoast SEO plugin. -->","yoast_head_json":{"title":"V \u015awiatowy Dzie\u0144 Ubogich - Pako\u015b\u0107 \u2013 Kalwaria","robots":{"index":"index","follow":"follow","max-snippet":"max-snippet:-1","max-image-preview":"max-image-preview:large","max-video-preview":"max-video-preview:-1"},"canonical":"https:\/\/pakosc-kalwaria.franciszkanie.net\/index.php\/2021\/11\/12\/v-siwatowy-dzien-ubogich\/","og_locale":"pl_PL","og_type":"article","og_title":"V \u015awiatowy Dzie\u0144 Ubogich - Pako\u015b\u0107 \u2013 Kalwaria","og_description":"\u015awiatowy Dzie\u0144 Ubogich \u2013 w Ko\u015bciele katolickim \u015bwi\u0119to obchodzone w XXXIII Niedziel\u0119 Zwyk\u0142\u0105, wypadaj\u0105ce pomi\u0119dzy 13 a 19 listopada. Zosta\u0142o ustanowione w listopadzie 2016 roku przez papie\u017ca Franciszka w Li\u015bcie Apostolskim Misericordia et Misera, napisanym na zako\u0144czenie Nadzwyczajnego Jubileuszowego Roku Mi\u0142osierdzia. Po raz pierwszy obchodzono ten dzie\u0144 19 listopada 2017 roku, pod has\u0142em \u201eNie mi\u0142ujmy &hellip;","og_url":"https:\/\/pakosc-kalwaria.franciszkanie.net\/index.php\/2021\/11\/12\/v-siwatowy-dzien-ubogich\/","og_site_name":"Pako\u015b\u0107 \u2013 Kalwaria","article_author":"https:\/\/www.facebook.com\/KalwariaPakosc\/","article_published_time":"2021-11-12T13:00:12+00:00","article_modified_time":"2021-11-15T07:33:46+00:00","og_image":[{"width":350,"height":213,"url":"https:\/\/pakosc-kalwaria.franciszkanie.net\/wp-content\/uploads\/2021\/11\/unnamed.jpg","type":"image\/jpeg"}],"twitter_card":"summary","twitter_misc":{"Napisane przez":"pakosc-kalwaria","Szacowany czas czytania":"2 minuty"},"schema":{"@context":"https:\/\/schema.org","@graph":[{"@type":"WebSite","@id":"https:\/\/pakosc-kalwaria.franciszkanie.net\/#website","url":"https:\/\/pakosc-kalwaria.franciszkanie.net\/","name":"Pako\u015b\u0107 \u2013 Kalwaria","description":"Parafia Rzymsko \u2013 Katolicka p.w. Pana Jezusa Ukrzy\u017cowanego i  Matki Bo\u017cej Bolesnej ul. Barci\u0144ska 60, 88\u2013170 Pako\u015b\u0107 \u2013 Kalwaria","potentialAction":[{"@type":"SearchAction","target":{"@type":"EntryPoint","urlTemplate":"https:\/\/pakosc-kalwaria.franciszkanie.net\/?s={search_term_string}"},"query-input":"required name=search_term_string"}],"inLanguage":"pl-PL"},{"@type":"ImageObject","@id":"https:\/\/pakosc-kalwaria.franciszkanie.net\/index.php\/2021\/11\/12\/v-siwatowy-dzien-ubogich\/#primaryimage","inLanguage":"pl-PL","url":"https:\/\/pakosc-kalwaria.franciszkanie.net\/wp-content\/uploads\/2021\/11\/unnamed.jpg","contentUrl":"https:\/\/pakosc-kalwaria.franciszkanie.net\/wp-content\/uploads\/2021\/11\/unnamed.jpg","width":350,"height":213},{"@type":"WebPage","@id":"https:\/\/pakosc-kalwaria.franciszkanie.net\/index.php\/2021\/11\/12\/v-siwatowy-dzien-ubogich\/#webpage","url":"https:\/\/pakosc-kalwaria.franciszkanie.net\/index.php\/2021\/11\/12\/v-siwatowy-dzien-ubogich\/","name":"V \u015awiatowy Dzie\u0144 Ubogich - Pako\u015b\u0107 \u2013 Kalwaria","isPartOf":{"@id":"https:\/\/pakosc-kalwaria.franciszkanie.net\/#website"},"primaryImageOfPage":{"@id":"https:\/\/pakosc-kalwaria.franciszkanie.net\/index.php\/2021\/11\/12\/v-siwatowy-dzien-ubogich\/#primaryimage"},"datePublished":"2021-11-12T13:00:12+00:00","dateModified":"2021-11-15T07:33:46+00:00","author":{"@id":"https:\/\/pakosc-kalwaria.franciszkanie.net\/#\/schema\/person\/af10b943be0760709227d060eadcb2aa"},"breadcrumb":{"@id":"https:\/\/pakosc-kalwaria.franciszkanie.net\/index.php\/2021\/11\/12\/v-siwatowy-dzien-ubogich\/#breadcrumb"},"inLanguage":"pl-PL","potentialAction":[{"@type":"ReadAction","target":["https:\/\/pakosc-kalwaria.franciszkanie.net\/index.php\/2021\/11\/12\/v-siwatowy-dzien-ubogich\/"]}]},{"@type":"BreadcrumbList","@id":"https:\/\/pakosc-kalwaria.franciszkanie.net\/index.php\/2021\/11\/12\/v-siwatowy-dzien-ubogich\/#breadcrumb","itemListElement":[{"@type":"ListItem","position":1,"name":"Strona g\u0142\u00f3wna","item":"https:\/\/pakosc-kalwaria.franciszkanie.net\/"},{"@type":"ListItem","position":2,"name":"V \u015awiatowy Dzie\u0144 Ubogich"}]},{"@type":"Person","@id":"https:\/\/pakosc-kalwaria.franciszkanie.net\/#\/schema\/person\/af10b943be0760709227d060eadcb2aa","name":"pakosc-kalwaria","image":{"@type":"ImageObject","@id":"https:\/\/pakosc-kalwaria.franciszkanie.net\/#personlogo","inLanguage":"pl-PL","url":"https:\/\/secure.gravatar.com\/avatar\/e7049d338b55eac6a0027ff3218b8d02?s=96&d=mm&r=g","contentUrl":"https:\/\/secure.gravatar.com\/avatar\/e7049d338b55eac6a0027ff3218b8d02?s=96&d=mm&r=g","caption":"pakosc-kalwaria"},"sameAs":["https:\/\/www.facebook.com\/KalwariaPakosc\/"],"url":"https:\/\/pakosc-kalwaria.franciszkanie.net\/index.php\/author\/pakosc-kalwaria\/"}]}},"_links":{"self":[{"href":"https:\/\/pakosc-kalwaria.franciszkanie.net\/index.php\/wp-json\/wp\/v2\/posts\/20676"}],"collection":[{"href":"https:\/\/pakosc-kalwaria.franciszkanie.net\/index.php\/wp-json\/wp\/v2\/posts"}],"about":[{"href":"https:\/\/pakosc-kalwaria.franciszkanie.net\/index.php\/wp-json\/wp\/v2\/types\/post"}],"author":[{"embeddable":true,"href":"https:\/\/pakosc-kalwaria.franciszkanie.net\/index.php\/wp-json\/wp\/v2\/users\/2"}],"replies":[{"embeddable":true,"href":"https:\/\/pakosc-kalwaria.franciszkanie.net\/index.php\/wp-json\/wp\/v2\/comments?post=20676"}],"version-history":[{"count":3,"href":"https:\/\/pakosc-kalwaria.franciszkanie.net\/index.php\/wp-json\/wp\/v2\/posts\/20676\/revisions"}],"predecessor-version":[{"id":20687,"href":"https:\/\/pakosc-kalwaria.franciszkanie.net\/index.php\/wp-json\/wp\/v2\/posts\/20676\/revisions\/20687"}],"wp:featuredmedia":[{"embeddable":true,"href":"https:\/\/pakosc-kalwaria.franciszkanie.net\/index.php\/wp-json\/wp\/v2\/media\/20677"}],"wp:attachment":[{"href":"https:\/\/pakosc-kalwaria.franciszkanie.net\/index.php\/wp-json\/wp\/v2\/media?parent=20676"}],"wp:term":[{"taxonomy":"category","embeddable":true,"href":"https:\/\/pakosc-kalwaria.franciszkanie.net\/index.php\/wp-json\/wp\/v2\/categories?post=20676"},{"taxonomy":"post_tag","embeddable":true,"href":"https:\/\/pakosc-kalwaria.franciszkanie.net\/index.php\/wp-json\/wp\/v2\/tags?post=20676"}],"curies":[{"name":"wp","href":"https:\/\/api.w.org\/{rel}","templated":true}]}}