{"id":20689,"date":"2021-11-19T13:00:40","date_gmt":"2021-11-19T12:00:40","guid":{"rendered":"http:\/\/pakosc-kalwaria.franciszkanie.net\/?p=20689"},"modified":"2021-11-26T20:04:36","modified_gmt":"2021-11-26T19:04:36","slug":"swiatowy-dzien-pamieci-o-ofiarach-wypadkow-drogowych-2","status":"publish","type":"post","link":"https:\/\/pakosc-kalwaria.franciszkanie.net\/index.php\/2021\/11\/19\/swiatowy-dzien-pamieci-o-ofiarach-wypadkow-drogowych-2\/","title":{"rendered":"\u015awiatowy Dzie\u0144 Pami\u0119ci o Ofiarach Wypadk\u00f3w Drogowych"},"content":{"rendered":"<p><span style=\"color: #ff0000;\"><strong>W trzeci\u0105 niedziel\u0119 listopada, 21 listopada, obchodzony jest \u015awiatowy Dzie\u0144 Pami\u0119ci o Ofiarach Wypadk\u00f3w Drogowych.<\/strong><\/span><br \/>\nMIVA Polska oraz Krajowe Duszpasterstwo Kierowc\u00f3w zach\u0119ca w tym szczeg\u00f3lnym dniu do pami\u0119ci i modlitwy w intencji ofiar wypadk\u00f3w oraz do okazywania troski osobom poszkodowanym na drogach. W zwi\u0105zku tym szczeg\u00f3lnym dniem MIVA Polska organizuje akcj\u0119 \u201eRatujemy \u017cycie \u2013 misyjny ambulans\u201d, podkre\u015blaj\u0105c wielk\u0105 wag\u0119 \u017cycia ludzkiego i konieczno\u015b\u0107 jego ratowania i zach\u0119ca do wsparcia na rzecz ratowania \u017cycia poprzez pomoc na zakup ambulansu do najbiedniejszych region\u00f3w \u015bwiata, gdzie pracuj\u0105 polscy misjonarze.<\/p>\n<p>We wsp\u00f3\u0142czesnym \u015bwiecie wypadki na drogach sta\u0142y si\u0119 problemem globalnym. Dotycz\u0105 one w r\u00f3\u017cnym stopniu wszystkich kraj\u00f3w \u015bwiata. Wed\u0142ug danych WHO ka\u017cdego dnia na \u015bwiecie w wypadkach drogowych ginie 4 tys. os\u00f3b, a setki tysi\u0119cy zostaje rannych i poszkodowanych. Rocznie w wypadkach drogowych na ca\u0142ym \u015bwiecie ginie ponad 1,2 mln os\u00f3b. W Polsce na drogach dziennie ginie przeci\u0119tnie a\u017c 8 os\u00f3b, a ponad 100 zostaje rannych. Chocia\u017c liczba ofiar wypadk\u00f3w na drogach w naszym kraju systematycznie spada, wci\u0105\u017c nale\u017cy do najwy\u017cszych w Europie. \u015arednio ta liczba si\u0119ga a\u017c 3 tys. ofiar rocznie, przy czym 1\/3 tej liczby to piesi.<\/p>\n<p>Aby pokaza\u0107 skal\u0119 problemu i szuka\u0107 dr\u00f3g wyj\u015bcia, brytyjska organizacja Road Peace by\u0142a pierwsz\u0105, kt\u00f3ra zorganizowa\u0142a w 1993 r. Dzie\u0144 Pami\u0119ci o Ofiarach Wypadk\u00f3w Drogowych. W 2005 r. Zgromadzenie Og\u00f3lne ONZ poprzez swoj\u0105 rezolucj\u0119 60\/5 zaprosi\u0142o pa\u0144stwa cz\u0142onkowskie i\u00a0spo\u0142eczno\u015b\u0107 mi\u0119dzynarodow\u0105 do obchodzenia trzeciej niedzieli listopada jako \u015awiatowego Dnia Pami\u0119ci o\u00a0Ofiarach Wypadk\u00f3w Drogowych. Dzie\u0144 ten ma by\u0107 wyrazem uznania dla ofiar wypadk\u00f3w drogowych i\u00a0ich rodzin. W Polsce inicjatorem obchod\u00f3w by\u0142a MIVA Polska i Krajowe Duszpasterstwo Kierowc\u00f3w. Pierwsze obchody w naszym kraju odby\u0142y si\u0119 w 2006 r. Przewodniczy\u0142 im \u015bp. biskup polowy WP gen. Tadeusz P\u0142oski w Katedrze Polowej w Warszawie. W wielu krajach powsta\u0142y pomniki ofiar wypadk\u00f3w drogowych, m.in. na W\u0119grzech (1996), w Hiszpanii (2007), w Wielkiej Brytanii (Bath, 2010), w brazylijskiej Kurytybie (2010), w Calais we Francji (2012), w S\u0142owenii (2012). W Polsce w 2011 r. tak\u017ce powsta\u0142 Pomnik Pami\u0119ci Ofiar Wypadk\u00f3w Drogowych \u201ePrzej\u015bcie\u201d w Zabawie k. Tarnowa przy Sanktuarium b\u0142. Karoliny K\u00f3zk\u00f3wny. Powstaje tam r\u00f3wnie\u017c o\u015brodek leczenia traumy powypadkowej.<\/p>\n<p>\u015aw. Jan Pawe\u0142 II przemawiaj\u0105c w 1998 r. z okazji obchod\u00f3w tego Dnia Pami\u0119ci m.in. wyrazi\u0142 nadziej\u0119, \u017ce dzi\u0119ki obchodom tego dnia kierowcy zawsze b\u0119d\u0105 post\u0119powa\u0107 odpowiedzialnie, okazuj\u0105c szacunek zar\u00f3wno do ludzkiego \u017cycia, jak i dla zasad bezpiecze\u0144stwa na drogach. Nauczanie Ko\u015bcio\u0142a zawarte w Katechizmie przypomina o konieczno\u015bci ochrony ludzkiego \u017cycia i przestrzega przed wszystkim co zagra\u017ca \u017cyciu ludzkiemu lub nara\u017ca je na niebezpiecze\u0144stwo na drogach: Ci, kt\u00f3rzy w stanie nietrze\u017awym lub na skutek nadmiernego upodobania do szybko\u015bci zagra\u017caj\u0105 bezpiecze\u0144stwu drugiego cz\u0142owieka i swemu w\u0142asnemu \u2013 na drogach, na morzu lub w powietrzu \u2013 ponosz\u0105 powa\u017cn\u0105 win\u0119 (KKK 2290).<\/p>\n<p>Z okazji Dnia Pami\u0119ci O Ofiarach Wypadk\u00f3w Drogowych dyrektor MIVA Polska i krajowy duszpasterz kierowc\u00f3w uwra\u017cliwiaj\u0105 tak\u017ce na potrzeb\u0119 wyra\u017cania zgody na u\u017cycie organ\u00f3w do przeszczep\u00f3w w wypadku \u015bmierci. Wyra\u017cenie takiej zgody jest aktem mi\u0142o\u015bci wobec bli\u017aniego s\u0142u\u017c\u0105cym \u017cyciu. W Biurze MIVA Polska mo\u017cna otrzyma\u0107 obrazki ze \u015bw. Krzysztofem, na kt\u00f3rych odwrocie znajduje si\u0119 formularz imiennej zgody na pobranie narz\u0105d\u00f3w w\u00a0 razie \u015bmierci.<\/p>\n<p>MIVA Polska \/ Warszawa<\/p>\n","protected":false},"excerpt":{"rendered":"<p>W trzeci\u0105 niedziel\u0119 listopada, 21 listopada, obchodzony jest \u015awiatowy Dzie\u0144 Pami\u0119ci o Ofiarach Wypadk\u00f3w Drogowych. MIVA Polska oraz Krajowe Duszpasterstwo Kierowc\u00f3w zach\u0119ca w tym szczeg\u00f3lnym dniu do pami\u0119ci i modlitwy w intencji ofiar wypadk\u00f3w oraz do okazywania troski osobom poszkodowanym na drogach. W zwi\u0105zku tym szczeg\u00f3lnym dniem MIVA Polska organizuje akcj\u0119 \u201eRatujemy \u017cycie \u2013 misyjny &hellip;<\/p>\n","protected":false},"author":2,"featured_media":20690,"comment_status":"closed","ping_status":"closed","sticky":false,"template":"","format":"standard","meta":{"_mi_skip_tracking":false,"_exactmetrics_sitenote_active":false,"_exactmetrics_sitenote_note":"","_exactmetrics_sitenote_category":0},"categories":[13],"tags":[],"yoast_head":"<!-- This site is optimized with the Yoast SEO plugin v18.1 - https:\/\/yoast.com\/wordpress\/plugins\/seo\/ -->\n<title>\u015awiatowy Dzie\u0144 Pami\u0119ci o Ofiarach Wypadk\u00f3w Drogowych - Pako\u015b\u0107 \u2013 Kalwaria<\/title>\n<meta name=\"robots\" content=\"index, follow, max-snippet:-1, max-image-preview:large, max-video-preview:-1\" \/>\n<link rel=\"canonical\" href=\"https:\/\/pakosc-kalwaria.franciszkanie.net\/index.php\/2021\/11\/19\/swiatowy-dzien-pamieci-o-ofiarach-wypadkow-drogowych-2\/\" \/>\n<meta property=\"og:locale\" content=\"pl_PL\" \/>\n<meta property=\"og:type\" content=\"article\" \/>\n<meta property=\"og:title\" content=\"\u015awiatowy Dzie\u0144 Pami\u0119ci o Ofiarach Wypadk\u00f3w Drogowych - Pako\u015b\u0107 \u2013 Kalwaria\" \/>\n<meta property=\"og:description\" content=\"W trzeci\u0105 niedziel\u0119 listopada, 21 listopada, obchodzony jest \u015awiatowy Dzie\u0144 Pami\u0119ci o Ofiarach Wypadk\u00f3w Drogowych. MIVA Polska oraz Krajowe Duszpasterstwo Kierowc\u00f3w zach\u0119ca w tym szczeg\u00f3lnym dniu do pami\u0119ci i modlitwy w intencji ofiar wypadk\u00f3w oraz do okazywania troski osobom poszkodowanym na drogach. W zwi\u0105zku tym szczeg\u00f3lnym dniem MIVA Polska organizuje akcj\u0119 \u201eRatujemy \u017cycie \u2013 misyjny &hellip;\" \/>\n<meta property=\"og:url\" content=\"https:\/\/pakosc-kalwaria.franciszkanie.net\/index.php\/2021\/11\/19\/swiatowy-dzien-pamieci-o-ofiarach-wypadkow-drogowych-2\/\" \/>\n<meta property=\"og:site_name\" content=\"Pako\u015b\u0107 \u2013 Kalwaria\" \/>\n<meta property=\"article:author\" content=\"https:\/\/www.facebook.com\/KalwariaPakosc\/\" \/>\n<meta property=\"article:published_time\" content=\"2021-11-19T12:00:40+00:00\" \/>\n<meta property=\"article:modified_time\" content=\"2021-11-26T19:04:36+00:00\" \/>\n<meta property=\"og:image\" content=\"https:\/\/pakosc-kalwaria.franciszkanie.net\/wp-content\/uploads\/2021\/11\/id-hqkq3-gostynin-swiatowy-dzien.650x340.jpg\" \/>\n\t<meta property=\"og:image:width\" content=\"400\" \/>\n\t<meta property=\"og:image:height\" content=\"209\" \/>\n\t<meta property=\"og:image:type\" content=\"image\/jpeg\" \/>\n<meta name=\"twitter:card\" content=\"summary\" \/>\n<meta name=\"twitter:label1\" content=\"Napisane przez\" \/>\n\t<meta name=\"twitter:data1\" content=\"pakosc-kalwaria\" \/>\n\t<meta name=\"twitter:label2\" content=\"Szacowany czas czytania\" \/>\n\t<meta name=\"twitter:data2\" content=\"3 minuty\" \/>\n<script type=\"application\/ld+json\" class=\"yoast-schema-graph\">{\"@context\":\"https:\/\/schema.org\",\"@graph\":[{\"@type\":\"WebSite\",\"@id\":\"https:\/\/pakosc-kalwaria.franciszkanie.net\/#website\",\"url\":\"https:\/\/pakosc-kalwaria.franciszkanie.net\/\",\"name\":\"Pako\u015b\u0107 \u2013 Kalwaria\",\"description\":\"Parafia Rzymsko \u2013 Katolicka p.w. Pana Jezusa Ukrzy\u017cowanego i  Matki Bo\u017cej Bolesnej ul. Barci\u0144ska 60, 88\u2013170 Pako\u015b\u0107 \u2013 Kalwaria\",\"potentialAction\":[{\"@type\":\"SearchAction\",\"target\":{\"@type\":\"EntryPoint\",\"urlTemplate\":\"https:\/\/pakosc-kalwaria.franciszkanie.net\/?s={search_term_string}\"},\"query-input\":\"required name=search_term_string\"}],\"inLanguage\":\"pl-PL\"},{\"@type\":\"ImageObject\",\"@id\":\"https:\/\/pakosc-kalwaria.franciszkanie.net\/index.php\/2021\/11\/19\/swiatowy-dzien-pamieci-o-ofiarach-wypadkow-drogowych-2\/#primaryimage\",\"inLanguage\":\"pl-PL\",\"url\":\"https:\/\/pakosc-kalwaria.franciszkanie.net\/wp-content\/uploads\/2021\/11\/id-hqkq3-gostynin-swiatowy-dzien.650x340.jpg\",\"contentUrl\":\"https:\/\/pakosc-kalwaria.franciszkanie.net\/wp-content\/uploads\/2021\/11\/id-hqkq3-gostynin-swiatowy-dzien.650x340.jpg\",\"width\":400,\"height\":209},{\"@type\":\"WebPage\",\"@id\":\"https:\/\/pakosc-kalwaria.franciszkanie.net\/index.php\/2021\/11\/19\/swiatowy-dzien-pamieci-o-ofiarach-wypadkow-drogowych-2\/#webpage\",\"url\":\"https:\/\/pakosc-kalwaria.franciszkanie.net\/index.php\/2021\/11\/19\/swiatowy-dzien-pamieci-o-ofiarach-wypadkow-drogowych-2\/\",\"name\":\"\u015awiatowy Dzie\u0144 Pami\u0119ci o Ofiarach Wypadk\u00f3w Drogowych - Pako\u015b\u0107 \u2013 Kalwaria\",\"isPartOf\":{\"@id\":\"https:\/\/pakosc-kalwaria.franciszkanie.net\/#website\"},\"primaryImageOfPage\":{\"@id\":\"https:\/\/pakosc-kalwaria.franciszkanie.net\/index.php\/2021\/11\/19\/swiatowy-dzien-pamieci-o-ofiarach-wypadkow-drogowych-2\/#primaryimage\"},\"datePublished\":\"2021-11-19T12:00:40+00:00\",\"dateModified\":\"2021-11-26T19:04:36+00:00\",\"author\":{\"@id\":\"https:\/\/pakosc-kalwaria.franciszkanie.net\/#\/schema\/person\/af10b943be0760709227d060eadcb2aa\"},\"breadcrumb\":{\"@id\":\"https:\/\/pakosc-kalwaria.franciszkanie.net\/index.php\/2021\/11\/19\/swiatowy-dzien-pamieci-o-ofiarach-wypadkow-drogowych-2\/#breadcrumb\"},\"inLanguage\":\"pl-PL\",\"potentialAction\":[{\"@type\":\"ReadAction\",\"target\":[\"https:\/\/pakosc-kalwaria.franciszkanie.net\/index.php\/2021\/11\/19\/swiatowy-dzien-pamieci-o-ofiarach-wypadkow-drogowych-2\/\"]}]},{\"@type\":\"BreadcrumbList\",\"@id\":\"https:\/\/pakosc-kalwaria.franciszkanie.net\/index.php\/2021\/11\/19\/swiatowy-dzien-pamieci-o-ofiarach-wypadkow-drogowych-2\/#breadcrumb\",\"itemListElement\":[{\"@type\":\"ListItem\",\"position\":1,\"name\":\"Strona g\u0142\u00f3wna\",\"item\":\"https:\/\/pakosc-kalwaria.franciszkanie.net\/\"},{\"@type\":\"ListItem\",\"position\":2,\"name\":\"\u015awiatowy Dzie\u0144 Pami\u0119ci o Ofiarach Wypadk\u00f3w Drogowych\"}]},{\"@type\":\"Person\",\"@id\":\"https:\/\/pakosc-kalwaria.franciszkanie.net\/#\/schema\/person\/af10b943be0760709227d060eadcb2aa\",\"name\":\"pakosc-kalwaria\",\"image\":{\"@type\":\"ImageObject\",\"@id\":\"https:\/\/pakosc-kalwaria.franciszkanie.net\/#personlogo\",\"inLanguage\":\"pl-PL\",\"url\":\"https:\/\/secure.gravatar.com\/avatar\/e7049d338b55eac6a0027ff3218b8d02?s=96&d=mm&r=g\",\"contentUrl\":\"https:\/\/secure.gravatar.com\/avatar\/e7049d338b55eac6a0027ff3218b8d02?s=96&d=mm&r=g\",\"caption\":\"pakosc-kalwaria\"},\"sameAs\":[\"https:\/\/www.facebook.com\/KalwariaPakosc\/\"],\"url\":\"https:\/\/pakosc-kalwaria.franciszkanie.net\/index.php\/author\/pakosc-kalwaria\/\"}]}<\/script>\n<!-- \/ Yoast SEO plugin. -->","yoast_head_json":{"title":"\u015awiatowy Dzie\u0144 Pami\u0119ci o Ofiarach Wypadk\u00f3w Drogowych - Pako\u015b\u0107 \u2013 Kalwaria","robots":{"index":"index","follow":"follow","max-snippet":"max-snippet:-1","max-image-preview":"max-image-preview:large","max-video-preview":"max-video-preview:-1"},"canonical":"https:\/\/pakosc-kalwaria.franciszkanie.net\/index.php\/2021\/11\/19\/swiatowy-dzien-pamieci-o-ofiarach-wypadkow-drogowych-2\/","og_locale":"pl_PL","og_type":"article","og_title":"\u015awiatowy Dzie\u0144 Pami\u0119ci o Ofiarach Wypadk\u00f3w Drogowych - Pako\u015b\u0107 \u2013 Kalwaria","og_description":"W trzeci\u0105 niedziel\u0119 listopada, 21 listopada, obchodzony jest \u015awiatowy Dzie\u0144 Pami\u0119ci o Ofiarach Wypadk\u00f3w Drogowych. MIVA Polska oraz Krajowe Duszpasterstwo Kierowc\u00f3w zach\u0119ca w tym szczeg\u00f3lnym dniu do pami\u0119ci i modlitwy w intencji ofiar wypadk\u00f3w oraz do okazywania troski osobom poszkodowanym na drogach. W zwi\u0105zku tym szczeg\u00f3lnym dniem MIVA Polska organizuje akcj\u0119 \u201eRatujemy \u017cycie \u2013 misyjny &hellip;","og_url":"https:\/\/pakosc-kalwaria.franciszkanie.net\/index.php\/2021\/11\/19\/swiatowy-dzien-pamieci-o-ofiarach-wypadkow-drogowych-2\/","og_site_name":"Pako\u015b\u0107 \u2013 Kalwaria","article_author":"https:\/\/www.facebook.com\/KalwariaPakosc\/","article_published_time":"2021-11-19T12:00:40+00:00","article_modified_time":"2021-11-26T19:04:36+00:00","og_image":[{"width":400,"height":209,"url":"https:\/\/pakosc-kalwaria.franciszkanie.net\/wp-content\/uploads\/2021\/11\/id-hqkq3-gostynin-swiatowy-dzien.650x340.jpg","type":"image\/jpeg"}],"twitter_card":"summary","twitter_misc":{"Napisane przez":"pakosc-kalwaria","Szacowany czas czytania":"3 minuty"},"schema":{"@context":"https:\/\/schema.org","@graph":[{"@type":"WebSite","@id":"https:\/\/pakosc-kalwaria.franciszkanie.net\/#website","url":"https:\/\/pakosc-kalwaria.franciszkanie.net\/","name":"Pako\u015b\u0107 \u2013 Kalwaria","description":"Parafia Rzymsko \u2013 Katolicka p.w. Pana Jezusa Ukrzy\u017cowanego i  Matki Bo\u017cej Bolesnej ul. Barci\u0144ska 60, 88\u2013170 Pako\u015b\u0107 \u2013 Kalwaria","potentialAction":[{"@type":"SearchAction","target":{"@type":"EntryPoint","urlTemplate":"https:\/\/pakosc-kalwaria.franciszkanie.net\/?s={search_term_string}"},"query-input":"required name=search_term_string"}],"inLanguage":"pl-PL"},{"@type":"ImageObject","@id":"https:\/\/pakosc-kalwaria.franciszkanie.net\/index.php\/2021\/11\/19\/swiatowy-dzien-pamieci-o-ofiarach-wypadkow-drogowych-2\/#primaryimage","inLanguage":"pl-PL","url":"https:\/\/pakosc-kalwaria.franciszkanie.net\/wp-content\/uploads\/2021\/11\/id-hqkq3-gostynin-swiatowy-dzien.650x340.jpg","contentUrl":"https:\/\/pakosc-kalwaria.franciszkanie.net\/wp-content\/uploads\/2021\/11\/id-hqkq3-gostynin-swiatowy-dzien.650x340.jpg","width":400,"height":209},{"@type":"WebPage","@id":"https:\/\/pakosc-kalwaria.franciszkanie.net\/index.php\/2021\/11\/19\/swiatowy-dzien-pamieci-o-ofiarach-wypadkow-drogowych-2\/#webpage","url":"https:\/\/pakosc-kalwaria.franciszkanie.net\/index.php\/2021\/11\/19\/swiatowy-dzien-pamieci-o-ofiarach-wypadkow-drogowych-2\/","name":"\u015awiatowy Dzie\u0144 Pami\u0119ci o Ofiarach Wypadk\u00f3w Drogowych - Pako\u015b\u0107 \u2013 Kalwaria","isPartOf":{"@id":"https:\/\/pakosc-kalwaria.franciszkanie.net\/#website"},"primaryImageOfPage":{"@id":"https:\/\/pakosc-kalwaria.franciszkanie.net\/index.php\/2021\/11\/19\/swiatowy-dzien-pamieci-o-ofiarach-wypadkow-drogowych-2\/#primaryimage"},"datePublished":"2021-11-19T12:00:40+00:00","dateModified":"2021-11-26T19:04:36+00:00","author":{"@id":"https:\/\/pakosc-kalwaria.franciszkanie.net\/#\/schema\/person\/af10b943be0760709227d060eadcb2aa"},"breadcrumb":{"@id":"https:\/\/pakosc-kalwaria.franciszkanie.net\/index.php\/2021\/11\/19\/swiatowy-dzien-pamieci-o-ofiarach-wypadkow-drogowych-2\/#breadcrumb"},"inLanguage":"pl-PL","potentialAction":[{"@type":"ReadAction","target":["https:\/\/pakosc-kalwaria.franciszkanie.net\/index.php\/2021\/11\/19\/swiatowy-dzien-pamieci-o-ofiarach-wypadkow-drogowych-2\/"]}]},{"@type":"BreadcrumbList","@id":"https:\/\/pakosc-kalwaria.franciszkanie.net\/index.php\/2021\/11\/19\/swiatowy-dzien-pamieci-o-ofiarach-wypadkow-drogowych-2\/#breadcrumb","itemListElement":[{"@type":"ListItem","position":1,"name":"Strona g\u0142\u00f3wna","item":"https:\/\/pakosc-kalwaria.franciszkanie.net\/"},{"@type":"ListItem","position":2,"name":"\u015awiatowy Dzie\u0144 Pami\u0119ci o Ofiarach Wypadk\u00f3w Drogowych"}]},{"@type":"Person","@id":"https:\/\/pakosc-kalwaria.franciszkanie.net\/#\/schema\/person\/af10b943be0760709227d060eadcb2aa","name":"pakosc-kalwaria","image":{"@type":"ImageObject","@id":"https:\/\/pakosc-kalwaria.franciszkanie.net\/#personlogo","inLanguage":"pl-PL","url":"https:\/\/secure.gravatar.com\/avatar\/e7049d338b55eac6a0027ff3218b8d02?s=96&d=mm&r=g","contentUrl":"https:\/\/secure.gravatar.com\/avatar\/e7049d338b55eac6a0027ff3218b8d02?s=96&d=mm&r=g","caption":"pakosc-kalwaria"},"sameAs":["https:\/\/www.facebook.com\/KalwariaPakosc\/"],"url":"https:\/\/pakosc-kalwaria.franciszkanie.net\/index.php\/author\/pakosc-kalwaria\/"}]}},"_links":{"self":[{"href":"https:\/\/pakosc-kalwaria.franciszkanie.net\/index.php\/wp-json\/wp\/v2\/posts\/20689"}],"collection":[{"href":"https:\/\/pakosc-kalwaria.franciszkanie.net\/index.php\/wp-json\/wp\/v2\/posts"}],"about":[{"href":"https:\/\/pakosc-kalwaria.franciszkanie.net\/index.php\/wp-json\/wp\/v2\/types\/post"}],"author":[{"embeddable":true,"href":"https:\/\/pakosc-kalwaria.franciszkanie.net\/index.php\/wp-json\/wp\/v2\/users\/2"}],"replies":[{"embeddable":true,"href":"https:\/\/pakosc-kalwaria.franciszkanie.net\/index.php\/wp-json\/wp\/v2\/comments?post=20689"}],"version-history":[{"count":2,"href":"https:\/\/pakosc-kalwaria.franciszkanie.net\/index.php\/wp-json\/wp\/v2\/posts\/20689\/revisions"}],"predecessor-version":[{"id":20705,"href":"https:\/\/pakosc-kalwaria.franciszkanie.net\/index.php\/wp-json\/wp\/v2\/posts\/20689\/revisions\/20705"}],"wp:featuredmedia":[{"embeddable":true,"href":"https:\/\/pakosc-kalwaria.franciszkanie.net\/index.php\/wp-json\/wp\/v2\/media\/20690"}],"wp:attachment":[{"href":"https:\/\/pakosc-kalwaria.franciszkanie.net\/index.php\/wp-json\/wp\/v2\/media?parent=20689"}],"wp:term":[{"taxonomy":"category","embeddable":true,"href":"https:\/\/pakosc-kalwaria.franciszkanie.net\/index.php\/wp-json\/wp\/v2\/categories?post=20689"},{"taxonomy":"post_tag","embeddable":true,"href":"https:\/\/pakosc-kalwaria.franciszkanie.net\/index.php\/wp-json\/wp\/v2\/tags?post=20689"}],"curies":[{"name":"wp","href":"https:\/\/api.w.org\/{rel}","templated":true}]}}