{"id":20693,"date":"2021-11-19T18:00:39","date_gmt":"2021-11-19T17:00:39","guid":{"rendered":"http:\/\/pakosc-kalwaria.franciszkanie.net\/?p=20693"},"modified":"2021-11-19T13:26:34","modified_gmt":"2021-11-19T12:26:34","slug":"do-medytacji-z-kalwaryjskiego-wzgorza-piatek-19-11-2021r","status":"publish","type":"post","link":"https:\/\/pakosc-kalwaria.franciszkanie.net\/index.php\/2021\/11\/19\/do-medytacji-z-kalwaryjskiego-wzgorza-piatek-19-11-2021r\/","title":{"rendered":"Do medytacji z kalwaryjskiego Wzg\u00f3rza \u2013 pi\u0105tek 19.11.2021r."},"content":{"rendered":"<p><strong><span style=\"color: #ff0000;\">Z kazania na kalwaryjskim Wzg\u00f3rzu \u2013 19.11.2021r.<\/span><\/p>\n<p><\/strong><strong>Powt\u00f3rne przyj\u015bcie Chrystusa i S\u0105d Ostateczny.<\/strong><strong><br \/>\n<\/strong>Or\u0119dzie chrze\u015bcija\u0144skie zapowiada nadej\u015bcie takiego momentu w historii \u015bwiata, w kt\u00f3rym Chrystus przyjdzie \u201ew chwale Ojca\u201d, dokona s\u0105du nad cz\u0142owiekiem i \u015bwiatem, i dope\u0142ni dzie\u0142a zbawienia. Skoro B\u00f3g stworzy\u0142 \u015bwiat, a wraz z nim histori\u0119, to musi zaistnie\u0107 taki dzie\u0144, w kt\u00f3rym nadejdzie kres historii tego \u015bwiata. Ten dzie\u0144 nazywamy \u201edniem ostatecznym\u201d, \u201edniem powt\u00f3rnego przyj\u015bcia Chrystusa\u201d. W Nowym Testamencie czytamy, \u017ce b\u0119dzie to dzie\u0144 nawiedzenia, gniewu, s\u0105du, dzie\u0144 Pa\u0144ski, dzie\u0144 Chrystusa. \u015aw. Pawe\u0142 Aposto\u0142 nazywa go dniem objawienia i ukazania si\u0119 Jezusa. Nie jest znana godzina przybycia Chrystusa. Wiadomo jedynie, \u017ce wraz z Jego przybyciem nadejdzie dla \u015bwiata kres jego istnienia. Chrystus wezwie wszystkich umar\u0142ych do zmartwychwstania oraz os\u0105dzi \u017cywych i umar\u0142ych. Przyj\u015bcie Chrystusa dokona si\u0119 w mocy, a dzie\u0144 ten b\u0119dzie dniem tryumfu Chrystusa! Dlatego te\u017c chrze\u015bcijanie powinni oczekiwa\u0107 tej chwili z wielk\u0105 nadziej\u0105 i rado\u015bci\u0105. W Nowym Testamencie czytamy tak\u017ce o znakach, kt\u00f3re b\u0119d\u0105 to wydarzenie poprzedza\u0142y: pojawi si\u0119 wielu fa\u0142szywych mesjaszy i prorok\u00f3w, zacznie zanika\u0107 wiara w\u015br\u00f3d ludzi, dokona si\u0119 nawr\u00f3cenie Izraela, b\u0119dzie silne prze\u015bladowanie chrze\u015bcijan. \u015aw. Pawe\u0142 Aposto\u0142 przypomina, \u017ce dzie\u0144 ten przyjdzie jak \u201ez\u0142odziej w nocy\u201d, powoduj\u0105c straszne cierpienia.<br \/>\nPowt\u00f3rne przyj\u015bcie Chrystusa na ziemi\u0119 b\u0119dzie wi\u0105za\u0142o si\u0119 z wydarzeniem, kt\u00f3re nazywamy S\u0105dem Ostatecznym. Co takiego wydarzy si\u0119 w momencie powt\u00f3rnego przyj\u015bcia Chrystusa i jak b\u0119dzie wygl\u0105da\u0142 S\u0105d Ostateczny? Pismo \u015bwi\u0119te podkre\u015bla, \u017ce chwila ta stanie si\u0119 momentem zbawienia cz\u0142owieka. Chrystus przyb\u0119dzie, aby nas wyzwoli\u0107 z niewoli grzechu, \u015bmierci, szatana. B\u0119dzie to dzie\u0144 objawienia si\u0119 mocy Bo\u017cej oraz zwyci\u0119stwa nad wrogimi pot\u0119gami. Pi\u0119knie wyrazi\u0142 to w swoim Li\u015bcie \u015bw. Jan: \u201eB\u00f3g jest mi\u0142o\u015bci\u0105: kto trwa w mi\u0142o\u015bci trwa w Bogu, a B\u00f3g trwa w nim. Przez to mi\u0142o\u015b\u0107 osi\u0105ga w nas kres doskona\u0142o\u015bci, i\u017c b\u0119dziemy mieli pe\u0142n\u0105 ufno\u015b\u0107 w dzie\u0144 s\u0105du\u201d. Dla chrze\u015bcijan b\u0119dzie to czas chwa\u0142y i tryumfu. Dlatego wszyscy wierz\u0105cy w Chrystusa powinni w czasie Mszy \u015bwi\u0119tej z przekonaniem wypowiada\u0107 s\u0142owa: \u201eG\u0142osimy \u015bmier\u0107 Twoj\u0105, Panie Jezu, wyznajemy Twoje zmartwychwstanie i oczekujemy Twego przyj\u015bcia w chwale\u201d. Nie mo\u017cna wierzy\u0107 w zmartwychwstanie, nie czekaj\u0105c na powt\u00f3rne przyj\u015bcie Chrystusa.<br \/>\nDzie\u0144 Pa\u0144ski nie tylko b\u0119dzie chwil\u0105 chwa\u0142y i wyzwolenia, ale tak\u017ce dniem s\u0105du. B\u00f3g b\u0119dzie ka\u017cdego ocenia\u0142 wed\u0142ug jego uczynk\u00f3w i wyda ostatecznie wyrok u\u0142askawiaj\u0105cy b\u0105d\u017a skazuj\u0105cy cz\u0142owieka. Wizj\u0119 tego s\u0105du ukaza\u0142 Micha\u0142 Anio\u0142 we fresku znajduj\u0105cym si\u0119 w Kaplicy Syksty\u0144skiej. Wida\u0107 tam Chrystusa S\u0119dziego, kt\u00f3ry zaci\u015bni\u0119t\u0105 d\u0142oni\u0105 rozdziela dobrych od z\u0142ych. Dzie\u0144 Pa\u0144ski b\u0119dzie dniem objawienia si\u0119 chwa\u0142y zmartwychwsta\u0142ego i wywy\u017cszonego, zasiadaj\u0105cego po prawicy Boga, Jezusa Chrystusa. B\u0119dzie to chwila zbawienia dla wszystkich wierz\u0105cych ukazuj\u0105ca ogrom mi\u0142o\u015bci Boga do cz\u0142owieka. Przyj\u015bcie Chrystusa b\u0119dzie oznacza\u0142o zarazem nadej\u015bcie wieczystej uczty, kt\u00f3r\u0105 Chrystus przygotowa\u0142 swoim uczniom. Warto podkre\u015bli\u0107, \u017ce Chrystus nie przyniesie nikomu pot\u0119pienia, bo On sam jest samym zbawieniem. Kto w swoim \u017cyciu na ziemi staje przy Chrystusie, b\u0119dzie ocalony. To nie Chrystus b\u0119dzie \u00a0pot\u0119pia\u0142 cz\u0142owieka, ale cz\u0142owiek sam si\u0119 pot\u0119pi, przez \u017cycie, kt\u00f3re prowadzi\u0142 na ziemi z dala od Chrystusa, zamykaj\u0105c si\u0119 \u0142ask\u0105 zbawienia.<br \/>\nKard. Joseph Ratzinger tak to opisa\u0142: \u201ePoprzez \u015bmier\u0107 cz\u0142owiek wkracza w rzeczywisto\u015b\u0107 niczym nieprzes\u0142onion\u0105, wkracza w prawd\u0119. Sko\u0144czy\u0142a si\u0119 maskarada, fikcje i pozory. (&#8230;) S\u0105d polega na zrzuceniu wszystkich masek, kt\u00f3re dokonuje si\u0119 w \u015bmierci. S\u0105d jest sam\u0105 prawd\u0105, objawieniem prawdy. (\u2026) To B\u00f3g jest Prawd\u0105. (&#8230;) Prawd\u0105 os\u0105dzaj\u0105c\u0105 i ostateczn\u0105 mo\u017ce by\u0107 tylko prawda Bo\u017ca. B\u00f3g jest S\u0119dzi\u0105 w tej w\u0142a\u015bnie mierze, w jakiej jest On Prawd\u0105. (&#8230;) I ta Prawda wychodzi najpierw ku cz\u0142owiekowi, aby go zbawi\u0107\u201d.<br \/>\nCzy czekamy i jeste\u015bmy gotowi na powt\u00f3rne przyj\u015bcie Chrystusa i na S\u0105d Ostateczny\u2026?<br \/>\n(o.R.)<\/p>\n","protected":false},"excerpt":{"rendered":"<p>Z kazania na kalwaryjskim Wzg\u00f3rzu \u2013 19.11.2021r. Powt\u00f3rne przyj\u015bcie Chrystusa i S\u0105d Ostateczny. Or\u0119dzie chrze\u015bcija\u0144skie zapowiada nadej\u015bcie takiego momentu w historii \u015bwiata, w kt\u00f3rym Chrystus przyjdzie \u201ew chwale Ojca\u201d, dokona s\u0105du nad cz\u0142owiekiem i \u015bwiatem, i dope\u0142ni dzie\u0142a zbawienia. Skoro B\u00f3g stworzy\u0142 \u015bwiat, a wraz z nim histori\u0119, to musi zaistnie\u0107 taki dzie\u0144, w kt\u00f3rym &hellip;<\/p>\n","protected":false},"author":2,"featured_media":20588,"comment_status":"closed","ping_status":"closed","sticky":false,"template":"","format":"standard","meta":{"_mi_skip_tracking":false,"_exactmetrics_sitenote_active":false,"_exactmetrics_sitenote_note":"","_exactmetrics_sitenote_category":0},"categories":[14],"tags":[],"yoast_head":"<!-- This site is optimized with the Yoast SEO plugin v18.1 - https:\/\/yoast.com\/wordpress\/plugins\/seo\/ -->\n<title>Do medytacji z kalwaryjskiego Wzg\u00f3rza \u2013 pi\u0105tek 19.11.2021r. - Pako\u015b\u0107 \u2013 Kalwaria<\/title>\n<meta name=\"robots\" content=\"index, follow, max-snippet:-1, max-image-preview:large, max-video-preview:-1\" \/>\n<link rel=\"canonical\" href=\"https:\/\/pakosc-kalwaria.franciszkanie.net\/index.php\/2021\/11\/19\/do-medytacji-z-kalwaryjskiego-wzgorza-piatek-19-11-2021r\/\" \/>\n<meta property=\"og:locale\" content=\"pl_PL\" \/>\n<meta property=\"og:type\" content=\"article\" \/>\n<meta property=\"og:title\" content=\"Do medytacji z kalwaryjskiego Wzg\u00f3rza \u2013 pi\u0105tek 19.11.2021r. - Pako\u015b\u0107 \u2013 Kalwaria\" \/>\n<meta property=\"og:description\" content=\"Z kazania na kalwaryjskim Wzg\u00f3rzu \u2013 19.11.2021r. Powt\u00f3rne przyj\u015bcie Chrystusa i S\u0105d Ostateczny. Or\u0119dzie chrze\u015bcija\u0144skie zapowiada nadej\u015bcie takiego momentu w historii \u015bwiata, w kt\u00f3rym Chrystus przyjdzie \u201ew chwale Ojca\u201d, dokona s\u0105du nad cz\u0142owiekiem i \u015bwiatem, i dope\u0142ni dzie\u0142a zbawienia. Skoro B\u00f3g stworzy\u0142 \u015bwiat, a wraz z nim histori\u0119, to musi zaistnie\u0107 taki dzie\u0144, w kt\u00f3rym &hellip;\" \/>\n<meta property=\"og:url\" content=\"https:\/\/pakosc-kalwaria.franciszkanie.net\/index.php\/2021\/11\/19\/do-medytacji-z-kalwaryjskiego-wzgorza-piatek-19-11-2021r\/\" \/>\n<meta property=\"og:site_name\" content=\"Pako\u015b\u0107 \u2013 Kalwaria\" \/>\n<meta property=\"article:author\" content=\"https:\/\/www.facebook.com\/KalwariaPakosc\/\" \/>\n<meta property=\"article:published_time\" content=\"2021-11-19T17:00:39+00:00\" \/>\n<meta property=\"article:modified_time\" content=\"2021-11-19T12:26:34+00:00\" \/>\n<meta property=\"og:image\" content=\"https:\/\/pakosc-kalwaria.franciszkanie.net\/wp-content\/uploads\/2021\/10\/DSCN1602-1.jpg\" \/>\n\t<meta property=\"og:image:width\" content=\"300\" \/>\n\t<meta property=\"og:image:height\" content=\"225\" \/>\n\t<meta property=\"og:image:type\" content=\"image\/jpeg\" \/>\n<meta name=\"twitter:card\" content=\"summary\" \/>\n<meta name=\"twitter:label1\" content=\"Napisane przez\" \/>\n\t<meta name=\"twitter:data1\" content=\"pakosc-kalwaria\" \/>\n\t<meta name=\"twitter:label2\" content=\"Szacowany czas czytania\" \/>\n\t<meta name=\"twitter:data2\" content=\"4 minuty\" \/>\n<script type=\"application\/ld+json\" class=\"yoast-schema-graph\">{\"@context\":\"https:\/\/schema.org\",\"@graph\":[{\"@type\":\"WebSite\",\"@id\":\"https:\/\/pakosc-kalwaria.franciszkanie.net\/#website\",\"url\":\"https:\/\/pakosc-kalwaria.franciszkanie.net\/\",\"name\":\"Pako\u015b\u0107 \u2013 Kalwaria\",\"description\":\"Parafia Rzymsko \u2013 Katolicka p.w. Pana Jezusa Ukrzy\u017cowanego i  Matki Bo\u017cej Bolesnej ul. Barci\u0144ska 60, 88\u2013170 Pako\u015b\u0107 \u2013 Kalwaria\",\"potentialAction\":[{\"@type\":\"SearchAction\",\"target\":{\"@type\":\"EntryPoint\",\"urlTemplate\":\"https:\/\/pakosc-kalwaria.franciszkanie.net\/?s={search_term_string}\"},\"query-input\":\"required name=search_term_string\"}],\"inLanguage\":\"pl-PL\"},{\"@type\":\"ImageObject\",\"@id\":\"https:\/\/pakosc-kalwaria.franciszkanie.net\/index.php\/2021\/11\/19\/do-medytacji-z-kalwaryjskiego-wzgorza-piatek-19-11-2021r\/#primaryimage\",\"inLanguage\":\"pl-PL\",\"url\":\"https:\/\/pakosc-kalwaria.franciszkanie.net\/wp-content\/uploads\/2021\/10\/DSCN1602-1.jpg\",\"contentUrl\":\"https:\/\/pakosc-kalwaria.franciszkanie.net\/wp-content\/uploads\/2021\/10\/DSCN1602-1.jpg\",\"width\":300,\"height\":225},{\"@type\":\"WebPage\",\"@id\":\"https:\/\/pakosc-kalwaria.franciszkanie.net\/index.php\/2021\/11\/19\/do-medytacji-z-kalwaryjskiego-wzgorza-piatek-19-11-2021r\/#webpage\",\"url\":\"https:\/\/pakosc-kalwaria.franciszkanie.net\/index.php\/2021\/11\/19\/do-medytacji-z-kalwaryjskiego-wzgorza-piatek-19-11-2021r\/\",\"name\":\"Do medytacji z kalwaryjskiego Wzg\u00f3rza \u2013 pi\u0105tek 19.11.2021r. - Pako\u015b\u0107 \u2013 Kalwaria\",\"isPartOf\":{\"@id\":\"https:\/\/pakosc-kalwaria.franciszkanie.net\/#website\"},\"primaryImageOfPage\":{\"@id\":\"https:\/\/pakosc-kalwaria.franciszkanie.net\/index.php\/2021\/11\/19\/do-medytacji-z-kalwaryjskiego-wzgorza-piatek-19-11-2021r\/#primaryimage\"},\"datePublished\":\"2021-11-19T17:00:39+00:00\",\"dateModified\":\"2021-11-19T12:26:34+00:00\",\"author\":{\"@id\":\"https:\/\/pakosc-kalwaria.franciszkanie.net\/#\/schema\/person\/af10b943be0760709227d060eadcb2aa\"},\"breadcrumb\":{\"@id\":\"https:\/\/pakosc-kalwaria.franciszkanie.net\/index.php\/2021\/11\/19\/do-medytacji-z-kalwaryjskiego-wzgorza-piatek-19-11-2021r\/#breadcrumb\"},\"inLanguage\":\"pl-PL\",\"potentialAction\":[{\"@type\":\"ReadAction\",\"target\":[\"https:\/\/pakosc-kalwaria.franciszkanie.net\/index.php\/2021\/11\/19\/do-medytacji-z-kalwaryjskiego-wzgorza-piatek-19-11-2021r\/\"]}]},{\"@type\":\"BreadcrumbList\",\"@id\":\"https:\/\/pakosc-kalwaria.franciszkanie.net\/index.php\/2021\/11\/19\/do-medytacji-z-kalwaryjskiego-wzgorza-piatek-19-11-2021r\/#breadcrumb\",\"itemListElement\":[{\"@type\":\"ListItem\",\"position\":1,\"name\":\"Strona g\u0142\u00f3wna\",\"item\":\"https:\/\/pakosc-kalwaria.franciszkanie.net\/\"},{\"@type\":\"ListItem\",\"position\":2,\"name\":\"Do medytacji z kalwaryjskiego Wzg\u00f3rza \u2013 pi\u0105tek 19.11.2021r.\"}]},{\"@type\":\"Person\",\"@id\":\"https:\/\/pakosc-kalwaria.franciszkanie.net\/#\/schema\/person\/af10b943be0760709227d060eadcb2aa\",\"name\":\"pakosc-kalwaria\",\"image\":{\"@type\":\"ImageObject\",\"@id\":\"https:\/\/pakosc-kalwaria.franciszkanie.net\/#personlogo\",\"inLanguage\":\"pl-PL\",\"url\":\"https:\/\/secure.gravatar.com\/avatar\/e7049d338b55eac6a0027ff3218b8d02?s=96&d=mm&r=g\",\"contentUrl\":\"https:\/\/secure.gravatar.com\/avatar\/e7049d338b55eac6a0027ff3218b8d02?s=96&d=mm&r=g\",\"caption\":\"pakosc-kalwaria\"},\"sameAs\":[\"https:\/\/www.facebook.com\/KalwariaPakosc\/\"],\"url\":\"https:\/\/pakosc-kalwaria.franciszkanie.net\/index.php\/author\/pakosc-kalwaria\/\"}]}<\/script>\n<!-- \/ Yoast SEO plugin. -->","yoast_head_json":{"title":"Do medytacji z kalwaryjskiego Wzg\u00f3rza \u2013 pi\u0105tek 19.11.2021r. - Pako\u015b\u0107 \u2013 Kalwaria","robots":{"index":"index","follow":"follow","max-snippet":"max-snippet:-1","max-image-preview":"max-image-preview:large","max-video-preview":"max-video-preview:-1"},"canonical":"https:\/\/pakosc-kalwaria.franciszkanie.net\/index.php\/2021\/11\/19\/do-medytacji-z-kalwaryjskiego-wzgorza-piatek-19-11-2021r\/","og_locale":"pl_PL","og_type":"article","og_title":"Do medytacji z kalwaryjskiego Wzg\u00f3rza \u2013 pi\u0105tek 19.11.2021r. - Pako\u015b\u0107 \u2013 Kalwaria","og_description":"Z kazania na kalwaryjskim Wzg\u00f3rzu \u2013 19.11.2021r. Powt\u00f3rne przyj\u015bcie Chrystusa i S\u0105d Ostateczny. Or\u0119dzie chrze\u015bcija\u0144skie zapowiada nadej\u015bcie takiego momentu w historii \u015bwiata, w kt\u00f3rym Chrystus przyjdzie \u201ew chwale Ojca\u201d, dokona s\u0105du nad cz\u0142owiekiem i \u015bwiatem, i dope\u0142ni dzie\u0142a zbawienia. Skoro B\u00f3g stworzy\u0142 \u015bwiat, a wraz z nim histori\u0119, to musi zaistnie\u0107 taki dzie\u0144, w kt\u00f3rym &hellip;","og_url":"https:\/\/pakosc-kalwaria.franciszkanie.net\/index.php\/2021\/11\/19\/do-medytacji-z-kalwaryjskiego-wzgorza-piatek-19-11-2021r\/","og_site_name":"Pako\u015b\u0107 \u2013 Kalwaria","article_author":"https:\/\/www.facebook.com\/KalwariaPakosc\/","article_published_time":"2021-11-19T17:00:39+00:00","article_modified_time":"2021-11-19T12:26:34+00:00","og_image":[{"width":300,"height":225,"url":"https:\/\/pakosc-kalwaria.franciszkanie.net\/wp-content\/uploads\/2021\/10\/DSCN1602-1.jpg","type":"image\/jpeg"}],"twitter_card":"summary","twitter_misc":{"Napisane przez":"pakosc-kalwaria","Szacowany czas czytania":"4 minuty"},"schema":{"@context":"https:\/\/schema.org","@graph":[{"@type":"WebSite","@id":"https:\/\/pakosc-kalwaria.franciszkanie.net\/#website","url":"https:\/\/pakosc-kalwaria.franciszkanie.net\/","name":"Pako\u015b\u0107 \u2013 Kalwaria","description":"Parafia Rzymsko \u2013 Katolicka p.w. Pana Jezusa Ukrzy\u017cowanego i  Matki Bo\u017cej Bolesnej ul. Barci\u0144ska 60, 88\u2013170 Pako\u015b\u0107 \u2013 Kalwaria","potentialAction":[{"@type":"SearchAction","target":{"@type":"EntryPoint","urlTemplate":"https:\/\/pakosc-kalwaria.franciszkanie.net\/?s={search_term_string}"},"query-input":"required name=search_term_string"}],"inLanguage":"pl-PL"},{"@type":"ImageObject","@id":"https:\/\/pakosc-kalwaria.franciszkanie.net\/index.php\/2021\/11\/19\/do-medytacji-z-kalwaryjskiego-wzgorza-piatek-19-11-2021r\/#primaryimage","inLanguage":"pl-PL","url":"https:\/\/pakosc-kalwaria.franciszkanie.net\/wp-content\/uploads\/2021\/10\/DSCN1602-1.jpg","contentUrl":"https:\/\/pakosc-kalwaria.franciszkanie.net\/wp-content\/uploads\/2021\/10\/DSCN1602-1.jpg","width":300,"height":225},{"@type":"WebPage","@id":"https:\/\/pakosc-kalwaria.franciszkanie.net\/index.php\/2021\/11\/19\/do-medytacji-z-kalwaryjskiego-wzgorza-piatek-19-11-2021r\/#webpage","url":"https:\/\/pakosc-kalwaria.franciszkanie.net\/index.php\/2021\/11\/19\/do-medytacji-z-kalwaryjskiego-wzgorza-piatek-19-11-2021r\/","name":"Do medytacji z kalwaryjskiego Wzg\u00f3rza \u2013 pi\u0105tek 19.11.2021r. - Pako\u015b\u0107 \u2013 Kalwaria","isPartOf":{"@id":"https:\/\/pakosc-kalwaria.franciszkanie.net\/#website"},"primaryImageOfPage":{"@id":"https:\/\/pakosc-kalwaria.franciszkanie.net\/index.php\/2021\/11\/19\/do-medytacji-z-kalwaryjskiego-wzgorza-piatek-19-11-2021r\/#primaryimage"},"datePublished":"2021-11-19T17:00:39+00:00","dateModified":"2021-11-19T12:26:34+00:00","author":{"@id":"https:\/\/pakosc-kalwaria.franciszkanie.net\/#\/schema\/person\/af10b943be0760709227d060eadcb2aa"},"breadcrumb":{"@id":"https:\/\/pakosc-kalwaria.franciszkanie.net\/index.php\/2021\/11\/19\/do-medytacji-z-kalwaryjskiego-wzgorza-piatek-19-11-2021r\/#breadcrumb"},"inLanguage":"pl-PL","potentialAction":[{"@type":"ReadAction","target":["https:\/\/pakosc-kalwaria.franciszkanie.net\/index.php\/2021\/11\/19\/do-medytacji-z-kalwaryjskiego-wzgorza-piatek-19-11-2021r\/"]}]},{"@type":"BreadcrumbList","@id":"https:\/\/pakosc-kalwaria.franciszkanie.net\/index.php\/2021\/11\/19\/do-medytacji-z-kalwaryjskiego-wzgorza-piatek-19-11-2021r\/#breadcrumb","itemListElement":[{"@type":"ListItem","position":1,"name":"Strona g\u0142\u00f3wna","item":"https:\/\/pakosc-kalwaria.franciszkanie.net\/"},{"@type":"ListItem","position":2,"name":"Do medytacji z kalwaryjskiego Wzg\u00f3rza \u2013 pi\u0105tek 19.11.2021r."}]},{"@type":"Person","@id":"https:\/\/pakosc-kalwaria.franciszkanie.net\/#\/schema\/person\/af10b943be0760709227d060eadcb2aa","name":"pakosc-kalwaria","image":{"@type":"ImageObject","@id":"https:\/\/pakosc-kalwaria.franciszkanie.net\/#personlogo","inLanguage":"pl-PL","url":"https:\/\/secure.gravatar.com\/avatar\/e7049d338b55eac6a0027ff3218b8d02?s=96&d=mm&r=g","contentUrl":"https:\/\/secure.gravatar.com\/avatar\/e7049d338b55eac6a0027ff3218b8d02?s=96&d=mm&r=g","caption":"pakosc-kalwaria"},"sameAs":["https:\/\/www.facebook.com\/KalwariaPakosc\/"],"url":"https:\/\/pakosc-kalwaria.franciszkanie.net\/index.php\/author\/pakosc-kalwaria\/"}]}},"_links":{"self":[{"href":"https:\/\/pakosc-kalwaria.franciszkanie.net\/index.php\/wp-json\/wp\/v2\/posts\/20693"}],"collection":[{"href":"https:\/\/pakosc-kalwaria.franciszkanie.net\/index.php\/wp-json\/wp\/v2\/posts"}],"about":[{"href":"https:\/\/pakosc-kalwaria.franciszkanie.net\/index.php\/wp-json\/wp\/v2\/types\/post"}],"author":[{"embeddable":true,"href":"https:\/\/pakosc-kalwaria.franciszkanie.net\/index.php\/wp-json\/wp\/v2\/users\/2"}],"replies":[{"embeddable":true,"href":"https:\/\/pakosc-kalwaria.franciszkanie.net\/index.php\/wp-json\/wp\/v2\/comments?post=20693"}],"version-history":[{"count":1,"href":"https:\/\/pakosc-kalwaria.franciszkanie.net\/index.php\/wp-json\/wp\/v2\/posts\/20693\/revisions"}],"predecessor-version":[{"id":20694,"href":"https:\/\/pakosc-kalwaria.franciszkanie.net\/index.php\/wp-json\/wp\/v2\/posts\/20693\/revisions\/20694"}],"wp:featuredmedia":[{"embeddable":true,"href":"https:\/\/pakosc-kalwaria.franciszkanie.net\/index.php\/wp-json\/wp\/v2\/media\/20588"}],"wp:attachment":[{"href":"https:\/\/pakosc-kalwaria.franciszkanie.net\/index.php\/wp-json\/wp\/v2\/media?parent=20693"}],"wp:term":[{"taxonomy":"category","embeddable":true,"href":"https:\/\/pakosc-kalwaria.franciszkanie.net\/index.php\/wp-json\/wp\/v2\/categories?post=20693"},{"taxonomy":"post_tag","embeddable":true,"href":"https:\/\/pakosc-kalwaria.franciszkanie.net\/index.php\/wp-json\/wp\/v2\/tags?post=20693"}],"curies":[{"name":"wp","href":"https:\/\/api.w.org\/{rel}","templated":true}]}}