{"id":20697,"date":"2021-11-20T09:05:44","date_gmt":"2021-11-20T08:05:44","guid":{"rendered":"http:\/\/pakosc-kalwaria.franciszkanie.net\/?p=20697"},"modified":"2021-11-19T13:39:21","modified_gmt":"2021-11-19T12:39:21","slug":"ogloszenia-duszpasterskie-uroczystosc-jezusa-chrystusa-krola-wszechswiata-4","status":"publish","type":"post","link":"https:\/\/pakosc-kalwaria.franciszkanie.net\/index.php\/2021\/11\/20\/ogloszenia-duszpasterskie-uroczystosc-jezusa-chrystusa-krola-wszechswiata-4\/","title":{"rendered":"Og\u0142oszenia duszpasterskie &#8211; Uroczysto\u015b\u0107 Jezusa Chrystusa Kr\u00f3la Wszech\u015bwiata"},"content":{"rendered":"<p><span style=\"color: #ff0000;\"><strong><em><u>W niedziel\u0119 (21.11.)<\/u><\/em><\/strong><\/span><strong><span style=\"color: #ff0000;\"> \u2013 uroczysto\u015b\u0107 Jezusa Chrystusa Kr\u00f3la Wszech\u015bwiata.<\/span><br \/>\n<\/strong><strong>Obchodzimy w Ko\u015bciele <span style=\"color: #ff0000;\">36. \u015awiatowy Dzie\u0144 M\u0142odzie\u017cy<\/span> przeniesiony z Niedzieli Palmowej. Pami\u0119tajmy w modlitwach o m\u0142odzie\u017cy.<br \/>\nDzisiaj <span style=\"color: #ff0000;\">\u015awiatowy Dzie\u0144 Pami\u0119ci o Ofiarach Wypadk\u00f3w Drogowych.\u00a0\u00a0\u00a0\u00a0<\/span><br \/>\nZbi\u00f3rka do puszek na pomoc dla migrant\u00f3w ze wschodniej granicy.<br \/>\n<span style=\"color: #ff0000;\">Po Mszy \u015bw. o 9.00<\/span> wystawienie Naj\u015bwi\u0119tszego Sakramentu i nabo\u017ce\u0144stwo ku czci Naj\u015bwi\u0119tszego Serca Pana Jezusa.<br \/>\n<span style=\"color: #ff0000;\">Kolekta<\/span> na renowacj\u0119 i ogrzewanie naszego ko\u015bcio\u0142a. Za ka\u017cd\u0105 ofiar\u0119 sk\u0142adamy serdeczne \u201eB\u00f3g zap\u0142a\u0107\u201d oraz zapewniamy o wdzi\u0119cznej modlitwie.<br \/>\n<span style=\"color: #ff0000;\">Po Mszy \u015bwi\u0119tej o 9.00 spotkanie<\/span> <span style=\"color: #ff0000;\">dla rodzic\u00f3w<\/span> m\u0142odzie\u017cy klas VIII i I ponadpodstawowych przygotowuj\u0105cych si\u0119 w naszej Parafii do Sakramentu Bierzmowania.<br \/>\n<span style=\"color: #ff0000;\">Po Mszy \u015bwi\u0119tej o 11.00 spotkanie dla rodzic\u00f3w<\/span> dzieci klas III przed Pierwsz\u0105 Komuni\u0105 \u015bwi\u0119t\u0105. Prosimy rodzic\u00f3w o odpowiedzialn\u0105 obecno\u015b\u0107. \u00a0\u00a0\u00a0\u00a0\u00a0 <em><br \/>\n<u><br \/>\n<span style=\"color: #008000;\">W \u015brod\u0119 (24.11.)<\/span><\/u><\/em> \u2013 po Mszy \u015bwi\u0119tej nabo\u017ce\u0144stwo ku czci \u015bw. J\u00f3zefa.<br \/>\n<em><u><br \/>\n<span style=\"color: #008000;\">W czwartek (25.11.)<\/span><\/u><\/em> \u2013 po Mszy \u015bwi\u0119tej spotkanie <span style=\"color: #ff0000;\">R\u00f3\u017cy R\u00f3\u017ca\u0144cowej \u015bw. Jana Paw\u0142a II.<\/span><br \/>\n<em><u><br \/>\n<span style=\"color: #008000;\">W pi\u0105tek (26.11.)<\/span><\/u><\/em><span style=\"color: #ff0000;\"><span style=\"color: #008000;\"> \u2013<\/span> o 17.00 Msza \u015bw.<\/span> w intencjach zbiorowych do Bo\u017cego Mi\u0142osierdzia i nabo\u017ce\u0144stwo do Bo\u017cego Mi\u0142osierdzia. Intencje mo\u017cna sk\u0142ada\u0107 do skarbonki lub w zakrystii.<br \/>\nPo Mszy \u015bwi\u0119tej spotkanie <span style=\"color: #ff0000;\">R\u00f3\u017c R\u00f3\u017ca\u0144cowych Matki Bo\u017cej Nieustaj\u0105cej Pomocy i Matki Bo\u017cej Cz\u0119stochowskiej. \u00a0\u00a0\u00a0\u00a0<\/span><br \/>\n<em><u><br \/>\n<span style=\"color: #008000;\">W sobot\u0119 (27.11.)<\/span><\/u><\/em> \u2013 <span style=\"color: #ff0000;\">o 12.00<\/span> zbi\u00f3rka dla Liturgicznej S\u0142u\u017cby O\u0142tarza i kandydat\u00f3w na\u00a0 ministrant\u00f3w.<br \/>\n<span style=\"color: #ff0000;\">O 18.00<\/span> w salce spotkanie dla <span style=\"color: #ff0000;\">R\u00f3\u017cy R\u00f3\u017ca\u0144cowej Matki Bo\u017cej Bolesnej.\u00a0\u00a0\u00a0\u00a0<\/span><br \/>\n<em><u><br \/>\n<span style=\"color: #ff0000;\">W przysz\u0142\u0105 niedziel\u0119 (28.11.)<\/span><\/u><\/em><span style=\"color: #ff0000;\"> \u2013 rozpoczynamy Adwent<\/span> \u2013 czas duchowego przygotowania do \u015awi\u0105t Bo\u017cego Narodzenia.<br \/>\nO 9.00 Msza \u015bw. w intencji <span style=\"color: #ff0000;\">R\u00f3\u017cy R\u00f3\u017ca\u0144cowej MB Bolesnej<\/span> z okazji 5 Rocznicy jej powstania.<\/strong><\/p>\n<p><strong>W przysz\u0142\u0105 niedziel\u0119 w Ko\u015bciele w Polsce rozpoczynamy kolejny rok Programu Duszpasterskiego po\u015bwi\u0119conego Sakramentowi Eucharystii: \u201eEucharystia daje \u017cycie\u201d (2019 \u2013 2022). <span style=\"color: #ff0000;\">Nowy Rok Ko\u015bcielny i Duszpasterski<\/span> b\u0119dziemy prze\u017cywali pod has\u0142em: <span style=\"color: #ff0000;\">\u201ePos\u0142ani w pokoju Chrystusa\u201d,<\/span> kt\u00f3rego mottem s\u0105 s\u0142owa: <span style=\"color: #ff0000;\">\u201eTen kto Mnie spo\u017cywa, b\u0119dzie \u017cy\u0142 przez Mnie\u201d (J 6,57). \u00a0\u00a0\u00a0<\/span><\/strong><\/p>\n<p><strong><span style=\"color: #ff0000;\">W Adwencie (od 29 listopada) Roraty od poniedzia\u0142ku do pi\u0105tku o 17.00,<\/span> pod has\u0142em: \u201eDroga do Betlejem\u201d. Uczestnik\u00f3w Rorat prosimy o przygotowanie lampion\u00f3w lub \u015bwiec.<br \/>\n<span style=\"color: #ff0000;\">Od I Niedzieli Adwentu<\/span> mo\u017cna nabywa\u0107 <span style=\"color: #ff0000;\">po\u015bwi\u0119cone op\u0142atki<\/span> na st\u00f3\u0142 wigilijny. Informujemy, \u017ce jako Parafia nie rozprowadzamy op\u0142atk\u00f3w wigilijnych po domach!<\/strong><\/p>\n<p><strong><span style=\"color: #ff0000;\">Do ko\u0144ca listopada<\/span> za pobo\u017cne nawiedzenie cmentarza i modlitw\u0119 za zmar\u0142ych, mo\u017cna zyska\u0107 <span style=\"color: #ff0000;\">odpust zupe\u0142ny za dusze w czy\u015b\u0107cu cierpi\u0105ce,<\/span> pod zwyk\u0142ymi warunkami: stan \u0142aski u\u015bwi\u0119caj\u0105cej po Spowiedzi \u015bw., brak przywi\u0105zania nawet do grzechu lekkiego, przyj\u0119cie Komunii \u015bwi\u0119tej, odm\u00f3wienie modlitwy na intencje Ojca \u015awi\u0119tego.<\/strong><\/p>\n<p><strong>W Biurze parafialnym mo\u017cna rezerwowa\u0107 i zamawia\u0107 <span style=\"color: #ff0000;\">Intencje mszalne<\/span> oraz <span style=\"color: #ff0000;\">Wypominki Roczne na 2022r. \u00a0\u00a0\u00a0\u00a0\u00a0\u00a0<\/span><\/strong><br \/>\n<strong>Przypominamy, \u017ce w zwi\u0105zku z panuj\u0105c\u0105 epidemi\u0105 w zamkni\u0119tych pomieszczeniach nale\u017cy mie\u0107 zakryte usta i nos. Dzi\u0119kujemy za dostosowanie si\u0119 do tego rozporz\u0105dzenia.<\/strong><br \/>\n<strong>Pod ch\u00f3rem do nabycia czasopismo: Przewodnik Katolicki (6 z\u0142.), a w zakrystii Wigilijne \u015awiece Caritasu: du\u017ce (15 z\u0142.), ma\u0142e (7 z\u0142.).<\/strong><\/p>\n<p><strong>Wyra\u017camy wdzi\u0119czno\u015b\u0107 za ka\u017cde Wasze duchowe i materialne wsparcie, tak\u017ce za wp\u0142aty na konto naszej Parafii (numer konta znajduje na naszej stronie internetowej).<\/strong><br \/>\n<strong>Niech Jezus Chrystus b\u0119dzie Kr\u00f3lem i Panem w naszym \u017cyciu osobistym, rodzinnym, parafialnym i narodowym.<\/strong><\/p>\n<p><strong>Z darem modlitwy Bracia Mniejsi Franciszkanie z Pako\u015bci &#8211; Kalwarii\u00a0\u00a0\u00a0\u00a0\u00a0\u00a0\u00a0\u00a0\u00a0<\/strong><\/p>\n","protected":false},"excerpt":{"rendered":"<p>W niedziel\u0119 (21.11.) \u2013 uroczysto\u015b\u0107 Jezusa Chrystusa Kr\u00f3la Wszech\u015bwiata. Obchodzimy w Ko\u015bciele 36. \u015awiatowy Dzie\u0144 M\u0142odzie\u017cy przeniesiony z Niedzieli Palmowej. Pami\u0119tajmy w modlitwach o m\u0142odzie\u017cy. Dzisiaj \u015awiatowy Dzie\u0144 Pami\u0119ci o Ofiarach Wypadk\u00f3w Drogowych.\u00a0\u00a0\u00a0\u00a0 Zbi\u00f3rka do puszek na pomoc dla migrant\u00f3w ze wschodniej granicy. Po Mszy \u015bw. o 9.00 wystawienie Naj\u015bwi\u0119tszego Sakramentu i nabo\u017ce\u0144stwo ku czci &hellip;<\/p>\n","protected":false},"author":2,"featured_media":20541,"comment_status":"closed","ping_status":"closed","sticky":false,"template":"","format":"standard","meta":{"_mi_skip_tracking":false,"_exactmetrics_sitenote_active":false,"_exactmetrics_sitenote_note":"","_exactmetrics_sitenote_category":0},"categories":[5],"tags":[],"yoast_head":"<!-- This site is optimized with the Yoast SEO plugin v18.1 - https:\/\/yoast.com\/wordpress\/plugins\/seo\/ -->\n<title>Og\u0142oszenia duszpasterskie - Uroczysto\u015b\u0107 Jezusa Chrystusa Kr\u00f3la Wszech\u015bwiata - Pako\u015b\u0107 \u2013 Kalwaria<\/title>\n<meta name=\"robots\" content=\"index, follow, max-snippet:-1, max-image-preview:large, max-video-preview:-1\" \/>\n<link rel=\"canonical\" href=\"https:\/\/pakosc-kalwaria.franciszkanie.net\/index.php\/2021\/11\/20\/ogloszenia-duszpasterskie-uroczystosc-jezusa-chrystusa-krola-wszechswiata-4\/\" \/>\n<meta property=\"og:locale\" content=\"pl_PL\" \/>\n<meta property=\"og:type\" content=\"article\" \/>\n<meta property=\"og:title\" content=\"Og\u0142oszenia duszpasterskie - Uroczysto\u015b\u0107 Jezusa Chrystusa Kr\u00f3la Wszech\u015bwiata - Pako\u015b\u0107 \u2013 Kalwaria\" \/>\n<meta property=\"og:description\" content=\"W niedziel\u0119 (21.11.) \u2013 uroczysto\u015b\u0107 Jezusa Chrystusa Kr\u00f3la Wszech\u015bwiata. Obchodzimy w Ko\u015bciele 36. \u015awiatowy Dzie\u0144 M\u0142odzie\u017cy przeniesiony z Niedzieli Palmowej. Pami\u0119tajmy w modlitwach o m\u0142odzie\u017cy. Dzisiaj \u015awiatowy Dzie\u0144 Pami\u0119ci o Ofiarach Wypadk\u00f3w Drogowych.\u00a0\u00a0\u00a0\u00a0 Zbi\u00f3rka do puszek na pomoc dla migrant\u00f3w ze wschodniej granicy. Po Mszy \u015bw. o 9.00 wystawienie Naj\u015bwi\u0119tszego Sakramentu i nabo\u017ce\u0144stwo ku czci &hellip;\" \/>\n<meta property=\"og:url\" content=\"https:\/\/pakosc-kalwaria.franciszkanie.net\/index.php\/2021\/11\/20\/ogloszenia-duszpasterskie-uroczystosc-jezusa-chrystusa-krola-wszechswiata-4\/\" \/>\n<meta property=\"og:site_name\" content=\"Pako\u015b\u0107 \u2013 Kalwaria\" \/>\n<meta property=\"article:author\" content=\"https:\/\/www.facebook.com\/KalwariaPakosc\/\" \/>\n<meta property=\"article:published_time\" content=\"2021-11-20T08:05:44+00:00\" \/>\n<meta property=\"article:modified_time\" content=\"2021-11-19T12:39:21+00:00\" \/>\n<meta property=\"og:image\" content=\"https:\/\/pakosc-kalwaria.franciszkanie.net\/wp-content\/uploads\/2021\/10\/zgromadzeni-na-swietej-wieczerzy-poziom-baner-z-haslem-roku-2021.jpg\" \/>\n\t<meta property=\"og:image:width\" content=\"350\" \/>\n\t<meta property=\"og:image:height\" content=\"210\" \/>\n\t<meta property=\"og:image:type\" content=\"image\/jpeg\" \/>\n<meta name=\"twitter:card\" content=\"summary\" \/>\n<meta name=\"twitter:label1\" content=\"Napisane przez\" \/>\n\t<meta name=\"twitter:data1\" content=\"pakosc-kalwaria\" \/>\n\t<meta name=\"twitter:label2\" content=\"Szacowany czas czytania\" \/>\n\t<meta name=\"twitter:data2\" content=\"3 minuty\" \/>\n<script type=\"application\/ld+json\" class=\"yoast-schema-graph\">{\"@context\":\"https:\/\/schema.org\",\"@graph\":[{\"@type\":\"WebSite\",\"@id\":\"https:\/\/pakosc-kalwaria.franciszkanie.net\/#website\",\"url\":\"https:\/\/pakosc-kalwaria.franciszkanie.net\/\",\"name\":\"Pako\u015b\u0107 \u2013 Kalwaria\",\"description\":\"Parafia Rzymsko \u2013 Katolicka p.w. Pana Jezusa Ukrzy\u017cowanego i  Matki Bo\u017cej Bolesnej ul. Barci\u0144ska 60, 88\u2013170 Pako\u015b\u0107 \u2013 Kalwaria\",\"potentialAction\":[{\"@type\":\"SearchAction\",\"target\":{\"@type\":\"EntryPoint\",\"urlTemplate\":\"https:\/\/pakosc-kalwaria.franciszkanie.net\/?s={search_term_string}\"},\"query-input\":\"required name=search_term_string\"}],\"inLanguage\":\"pl-PL\"},{\"@type\":\"ImageObject\",\"@id\":\"https:\/\/pakosc-kalwaria.franciszkanie.net\/index.php\/2021\/11\/20\/ogloszenia-duszpasterskie-uroczystosc-jezusa-chrystusa-krola-wszechswiata-4\/#primaryimage\",\"inLanguage\":\"pl-PL\",\"url\":\"https:\/\/pakosc-kalwaria.franciszkanie.net\/wp-content\/uploads\/2021\/10\/zgromadzeni-na-swietej-wieczerzy-poziom-baner-z-haslem-roku-2021.jpg\",\"contentUrl\":\"https:\/\/pakosc-kalwaria.franciszkanie.net\/wp-content\/uploads\/2021\/10\/zgromadzeni-na-swietej-wieczerzy-poziom-baner-z-haslem-roku-2021.jpg\",\"width\":350,\"height\":210},{\"@type\":\"WebPage\",\"@id\":\"https:\/\/pakosc-kalwaria.franciszkanie.net\/index.php\/2021\/11\/20\/ogloszenia-duszpasterskie-uroczystosc-jezusa-chrystusa-krola-wszechswiata-4\/#webpage\",\"url\":\"https:\/\/pakosc-kalwaria.franciszkanie.net\/index.php\/2021\/11\/20\/ogloszenia-duszpasterskie-uroczystosc-jezusa-chrystusa-krola-wszechswiata-4\/\",\"name\":\"Og\u0142oszenia duszpasterskie - Uroczysto\u015b\u0107 Jezusa Chrystusa Kr\u00f3la Wszech\u015bwiata - Pako\u015b\u0107 \u2013 Kalwaria\",\"isPartOf\":{\"@id\":\"https:\/\/pakosc-kalwaria.franciszkanie.net\/#website\"},\"primaryImageOfPage\":{\"@id\":\"https:\/\/pakosc-kalwaria.franciszkanie.net\/index.php\/2021\/11\/20\/ogloszenia-duszpasterskie-uroczystosc-jezusa-chrystusa-krola-wszechswiata-4\/#primaryimage\"},\"datePublished\":\"2021-11-20T08:05:44+00:00\",\"dateModified\":\"2021-11-19T12:39:21+00:00\",\"author\":{\"@id\":\"https:\/\/pakosc-kalwaria.franciszkanie.net\/#\/schema\/person\/af10b943be0760709227d060eadcb2aa\"},\"breadcrumb\":{\"@id\":\"https:\/\/pakosc-kalwaria.franciszkanie.net\/index.php\/2021\/11\/20\/ogloszenia-duszpasterskie-uroczystosc-jezusa-chrystusa-krola-wszechswiata-4\/#breadcrumb\"},\"inLanguage\":\"pl-PL\",\"potentialAction\":[{\"@type\":\"ReadAction\",\"target\":[\"https:\/\/pakosc-kalwaria.franciszkanie.net\/index.php\/2021\/11\/20\/ogloszenia-duszpasterskie-uroczystosc-jezusa-chrystusa-krola-wszechswiata-4\/\"]}]},{\"@type\":\"BreadcrumbList\",\"@id\":\"https:\/\/pakosc-kalwaria.franciszkanie.net\/index.php\/2021\/11\/20\/ogloszenia-duszpasterskie-uroczystosc-jezusa-chrystusa-krola-wszechswiata-4\/#breadcrumb\",\"itemListElement\":[{\"@type\":\"ListItem\",\"position\":1,\"name\":\"Strona g\u0142\u00f3wna\",\"item\":\"https:\/\/pakosc-kalwaria.franciszkanie.net\/\"},{\"@type\":\"ListItem\",\"position\":2,\"name\":\"Og\u0142oszenia duszpasterskie &#8211; Uroczysto\u015b\u0107 Jezusa Chrystusa Kr\u00f3la Wszech\u015bwiata\"}]},{\"@type\":\"Person\",\"@id\":\"https:\/\/pakosc-kalwaria.franciszkanie.net\/#\/schema\/person\/af10b943be0760709227d060eadcb2aa\",\"name\":\"pakosc-kalwaria\",\"image\":{\"@type\":\"ImageObject\",\"@id\":\"https:\/\/pakosc-kalwaria.franciszkanie.net\/#personlogo\",\"inLanguage\":\"pl-PL\",\"url\":\"https:\/\/secure.gravatar.com\/avatar\/e7049d338b55eac6a0027ff3218b8d02?s=96&d=mm&r=g\",\"contentUrl\":\"https:\/\/secure.gravatar.com\/avatar\/e7049d338b55eac6a0027ff3218b8d02?s=96&d=mm&r=g\",\"caption\":\"pakosc-kalwaria\"},\"sameAs\":[\"https:\/\/www.facebook.com\/KalwariaPakosc\/\"],\"url\":\"https:\/\/pakosc-kalwaria.franciszkanie.net\/index.php\/author\/pakosc-kalwaria\/\"}]}<\/script>\n<!-- \/ Yoast SEO plugin. -->","yoast_head_json":{"title":"Og\u0142oszenia duszpasterskie - Uroczysto\u015b\u0107 Jezusa Chrystusa Kr\u00f3la Wszech\u015bwiata - Pako\u015b\u0107 \u2013 Kalwaria","robots":{"index":"index","follow":"follow","max-snippet":"max-snippet:-1","max-image-preview":"max-image-preview:large","max-video-preview":"max-video-preview:-1"},"canonical":"https:\/\/pakosc-kalwaria.franciszkanie.net\/index.php\/2021\/11\/20\/ogloszenia-duszpasterskie-uroczystosc-jezusa-chrystusa-krola-wszechswiata-4\/","og_locale":"pl_PL","og_type":"article","og_title":"Og\u0142oszenia duszpasterskie - Uroczysto\u015b\u0107 Jezusa Chrystusa Kr\u00f3la Wszech\u015bwiata - Pako\u015b\u0107 \u2013 Kalwaria","og_description":"W niedziel\u0119 (21.11.) \u2013 uroczysto\u015b\u0107 Jezusa Chrystusa Kr\u00f3la Wszech\u015bwiata. Obchodzimy w Ko\u015bciele 36. \u015awiatowy Dzie\u0144 M\u0142odzie\u017cy przeniesiony z Niedzieli Palmowej. Pami\u0119tajmy w modlitwach o m\u0142odzie\u017cy. Dzisiaj \u015awiatowy Dzie\u0144 Pami\u0119ci o Ofiarach Wypadk\u00f3w Drogowych.\u00a0\u00a0\u00a0\u00a0 Zbi\u00f3rka do puszek na pomoc dla migrant\u00f3w ze wschodniej granicy. Po Mszy \u015bw. o 9.00 wystawienie Naj\u015bwi\u0119tszego Sakramentu i nabo\u017ce\u0144stwo ku czci &hellip;","og_url":"https:\/\/pakosc-kalwaria.franciszkanie.net\/index.php\/2021\/11\/20\/ogloszenia-duszpasterskie-uroczystosc-jezusa-chrystusa-krola-wszechswiata-4\/","og_site_name":"Pako\u015b\u0107 \u2013 Kalwaria","article_author":"https:\/\/www.facebook.com\/KalwariaPakosc\/","article_published_time":"2021-11-20T08:05:44+00:00","article_modified_time":"2021-11-19T12:39:21+00:00","og_image":[{"width":350,"height":210,"url":"https:\/\/pakosc-kalwaria.franciszkanie.net\/wp-content\/uploads\/2021\/10\/zgromadzeni-na-swietej-wieczerzy-poziom-baner-z-haslem-roku-2021.jpg","type":"image\/jpeg"}],"twitter_card":"summary","twitter_misc":{"Napisane przez":"pakosc-kalwaria","Szacowany czas czytania":"3 minuty"},"schema":{"@context":"https:\/\/schema.org","@graph":[{"@type":"WebSite","@id":"https:\/\/pakosc-kalwaria.franciszkanie.net\/#website","url":"https:\/\/pakosc-kalwaria.franciszkanie.net\/","name":"Pako\u015b\u0107 \u2013 Kalwaria","description":"Parafia Rzymsko \u2013 Katolicka p.w. Pana Jezusa Ukrzy\u017cowanego i  Matki Bo\u017cej Bolesnej ul. Barci\u0144ska 60, 88\u2013170 Pako\u015b\u0107 \u2013 Kalwaria","potentialAction":[{"@type":"SearchAction","target":{"@type":"EntryPoint","urlTemplate":"https:\/\/pakosc-kalwaria.franciszkanie.net\/?s={search_term_string}"},"query-input":"required name=search_term_string"}],"inLanguage":"pl-PL"},{"@type":"ImageObject","@id":"https:\/\/pakosc-kalwaria.franciszkanie.net\/index.php\/2021\/11\/20\/ogloszenia-duszpasterskie-uroczystosc-jezusa-chrystusa-krola-wszechswiata-4\/#primaryimage","inLanguage":"pl-PL","url":"https:\/\/pakosc-kalwaria.franciszkanie.net\/wp-content\/uploads\/2021\/10\/zgromadzeni-na-swietej-wieczerzy-poziom-baner-z-haslem-roku-2021.jpg","contentUrl":"https:\/\/pakosc-kalwaria.franciszkanie.net\/wp-content\/uploads\/2021\/10\/zgromadzeni-na-swietej-wieczerzy-poziom-baner-z-haslem-roku-2021.jpg","width":350,"height":210},{"@type":"WebPage","@id":"https:\/\/pakosc-kalwaria.franciszkanie.net\/index.php\/2021\/11\/20\/ogloszenia-duszpasterskie-uroczystosc-jezusa-chrystusa-krola-wszechswiata-4\/#webpage","url":"https:\/\/pakosc-kalwaria.franciszkanie.net\/index.php\/2021\/11\/20\/ogloszenia-duszpasterskie-uroczystosc-jezusa-chrystusa-krola-wszechswiata-4\/","name":"Og\u0142oszenia duszpasterskie - Uroczysto\u015b\u0107 Jezusa Chrystusa Kr\u00f3la Wszech\u015bwiata - Pako\u015b\u0107 \u2013 Kalwaria","isPartOf":{"@id":"https:\/\/pakosc-kalwaria.franciszkanie.net\/#website"},"primaryImageOfPage":{"@id":"https:\/\/pakosc-kalwaria.franciszkanie.net\/index.php\/2021\/11\/20\/ogloszenia-duszpasterskie-uroczystosc-jezusa-chrystusa-krola-wszechswiata-4\/#primaryimage"},"datePublished":"2021-11-20T08:05:44+00:00","dateModified":"2021-11-19T12:39:21+00:00","author":{"@id":"https:\/\/pakosc-kalwaria.franciszkanie.net\/#\/schema\/person\/af10b943be0760709227d060eadcb2aa"},"breadcrumb":{"@id":"https:\/\/pakosc-kalwaria.franciszkanie.net\/index.php\/2021\/11\/20\/ogloszenia-duszpasterskie-uroczystosc-jezusa-chrystusa-krola-wszechswiata-4\/#breadcrumb"},"inLanguage":"pl-PL","potentialAction":[{"@type":"ReadAction","target":["https:\/\/pakosc-kalwaria.franciszkanie.net\/index.php\/2021\/11\/20\/ogloszenia-duszpasterskie-uroczystosc-jezusa-chrystusa-krola-wszechswiata-4\/"]}]},{"@type":"BreadcrumbList","@id":"https:\/\/pakosc-kalwaria.franciszkanie.net\/index.php\/2021\/11\/20\/ogloszenia-duszpasterskie-uroczystosc-jezusa-chrystusa-krola-wszechswiata-4\/#breadcrumb","itemListElement":[{"@type":"ListItem","position":1,"name":"Strona g\u0142\u00f3wna","item":"https:\/\/pakosc-kalwaria.franciszkanie.net\/"},{"@type":"ListItem","position":2,"name":"Og\u0142oszenia duszpasterskie &#8211; Uroczysto\u015b\u0107 Jezusa Chrystusa Kr\u00f3la Wszech\u015bwiata"}]},{"@type":"Person","@id":"https:\/\/pakosc-kalwaria.franciszkanie.net\/#\/schema\/person\/af10b943be0760709227d060eadcb2aa","name":"pakosc-kalwaria","image":{"@type":"ImageObject","@id":"https:\/\/pakosc-kalwaria.franciszkanie.net\/#personlogo","inLanguage":"pl-PL","url":"https:\/\/secure.gravatar.com\/avatar\/e7049d338b55eac6a0027ff3218b8d02?s=96&d=mm&r=g","contentUrl":"https:\/\/secure.gravatar.com\/avatar\/e7049d338b55eac6a0027ff3218b8d02?s=96&d=mm&r=g","caption":"pakosc-kalwaria"},"sameAs":["https:\/\/www.facebook.com\/KalwariaPakosc\/"],"url":"https:\/\/pakosc-kalwaria.franciszkanie.net\/index.php\/author\/pakosc-kalwaria\/"}]}},"_links":{"self":[{"href":"https:\/\/pakosc-kalwaria.franciszkanie.net\/index.php\/wp-json\/wp\/v2\/posts\/20697"}],"collection":[{"href":"https:\/\/pakosc-kalwaria.franciszkanie.net\/index.php\/wp-json\/wp\/v2\/posts"}],"about":[{"href":"https:\/\/pakosc-kalwaria.franciszkanie.net\/index.php\/wp-json\/wp\/v2\/types\/post"}],"author":[{"embeddable":true,"href":"https:\/\/pakosc-kalwaria.franciszkanie.net\/index.php\/wp-json\/wp\/v2\/users\/2"}],"replies":[{"embeddable":true,"href":"https:\/\/pakosc-kalwaria.franciszkanie.net\/index.php\/wp-json\/wp\/v2\/comments?post=20697"}],"version-history":[{"count":2,"href":"https:\/\/pakosc-kalwaria.franciszkanie.net\/index.php\/wp-json\/wp\/v2\/posts\/20697\/revisions"}],"predecessor-version":[{"id":20699,"href":"https:\/\/pakosc-kalwaria.franciszkanie.net\/index.php\/wp-json\/wp\/v2\/posts\/20697\/revisions\/20699"}],"wp:featuredmedia":[{"embeddable":true,"href":"https:\/\/pakosc-kalwaria.franciszkanie.net\/index.php\/wp-json\/wp\/v2\/media\/20541"}],"wp:attachment":[{"href":"https:\/\/pakosc-kalwaria.franciszkanie.net\/index.php\/wp-json\/wp\/v2\/media?parent=20697"}],"wp:term":[{"taxonomy":"category","embeddable":true,"href":"https:\/\/pakosc-kalwaria.franciszkanie.net\/index.php\/wp-json\/wp\/v2\/categories?post=20697"},{"taxonomy":"post_tag","embeddable":true,"href":"https:\/\/pakosc-kalwaria.franciszkanie.net\/index.php\/wp-json\/wp\/v2\/tags?post=20697"}],"curies":[{"name":"wp","href":"https:\/\/api.w.org\/{rel}","templated":true}]}}