{"id":20700,"date":"2021-11-19T15:00:33","date_gmt":"2021-11-19T14:00:33","guid":{"rendered":"http:\/\/pakosc-kalwaria.franciszkanie.net\/?p=20700"},"modified":"2021-11-26T20:04:59","modified_gmt":"2021-11-26T19:04:59","slug":"oredzie-ojca-swietego-na-xxxvi-swiatowy-dzien-mlodziezy-21-11-2021r","status":"publish","type":"post","link":"https:\/\/pakosc-kalwaria.franciszkanie.net\/index.php\/2021\/11\/19\/oredzie-ojca-swietego-na-xxxvi-swiatowy-dzien-mlodziezy-21-11-2021r\/","title":{"rendered":"Or\u0119dzie Ojca \u015awi\u0119tego na XXXVI \u015awiatowy Dzie\u0144 M\u0142odzie\u017cy &#8211; 21.11.2021r."},"content":{"rendered":"<p><strong>\u201eWsta\u0144. Ustanawiam ci\u0119 \u015bwiadkiem tego, co zobaczy\u0142e\u015b\u201d (<em>Dz<\/em>\u00a026, 16)<\/strong><\/p>\n<p><strong><em>Drodzy m\u0142odzi!<br \/>\n<\/em><\/strong>Chcia\u0142bym raz jeszcze wzi\u0105\u0107 was za r\u0119k\u0119, by wsp\u00f3lnie pod\u0105\u017ca\u0107 w duchowej pielgrzymce, kt\u00f3ra prowadzi nas ku \u015awiatowemu Dniowi M\u0142odzie\u017cy w Lizbonie w 2023 r.<\/p>\n<p>W ubieg\u0142ym roku, na kr\u00f3tko przed wybuchem pandemii, podpisa\u0142em or\u0119dzie, kt\u00f3rego temat brzmia\u0142: \u201eM\u0142odzie\u0144cze, tobie m\u00f3wi\u0119: wsta\u0144!\u201d (por.\u00a0<em>\u0141k<\/em>\u00a07,14). W Swej opatrzno\u015bci, Pan ju\u017c w\u00f3wczas chcia\u0142 nas przygotowa\u0107 na bardzo trudne wyzwanie, kt\u00f3re stawa\u0142o si\u0119 naszym udzia\u0142em.<\/p>\n<p>Na ca\u0142ym \u015bwiecie trzeba by\u0142o mierzy\u0107 si\u0119 z cierpieniem, spowodowanym utrat\u0105 bliskich os\u00f3b i spo\u0142ecznym odizolowaniem. Zagro\u017cenie zdrowia sprawi\u0142o, \u017ce tak\u017ce wy, m\u0142odzi \u2013 z natury rzeczy nastawieni na to, co zewn\u0119trzne \u2013 byli\u015bcie pozbawieni mo\u017cliwo\u015bci wychodzenia, by uda\u0107 si\u0119 do szko\u0142y, na uczelni\u0119, do pracy, na spotkanie\u2026 Znale\u017ali\u015bcie si\u0119 w trudnych sytuacjach, do opanowywania kt\u00f3rych nie byli\u015bcie przyzwyczajeni. Ci z was, kt\u00f3rzy byli s\u0142abiej przygotowani i pozbawieni wsparcia, poczuli si\u0119 zdezorientowani. W wielu przypadkach ujawni\u0142y si\u0119 problemy rodzinne, jak r\u00f3wnie\u017c te zwi\u0105zane z brakiem pracy, depresj\u0105, samotno\u015bci\u0105 i uzale\u017cnieniami. Nie m\u00f3wi\u0105c o narastaj\u0105cym stresie, o napi\u0119ciach i wybuchach z\u0142o\u015bci, o wzro\u015bcie przemocy.<\/p>\n<p>Jednak\u017ce, dzi\u0119ki Bogu, nie jest to jedyna strona medalu. O ile ta pr\u00f3ba pokaza\u0142a nasze s\u0142abo\u015bci, o tyle pozwoli\u0142a te\u017c ujawni\u0107 si\u0119 naszym zdolno\u015bciom, a w\u015br\u00f3d nich: predyspozycji do bycia solidarnym. We wszystkich cz\u0119\u015bciach \u015bwiata widzieli\u015bmy wiele os\u00f3b, a w\u015br\u00f3d nich licznych m\u0142odych ludzi, walcz\u0105cych o \u017cycie, siej\u0105cych nadziej\u0119, broni\u0105cych wolno\u015bci i sprawiedliwo\u015bci, b\u0119d\u0105cych tw\u00f3rcami pokoju i budowniczymi most\u00f3w.<\/p>\n<p>Kiedy m\u0142ody cz\u0142owiek upada, w pewnym sensie upada ludzko\u015b\u0107. Ale jest te\u017c prawd\u0105, \u017ce kiedy m\u0142ody cz\u0142owiek powstaje z upadku, to tak, jakby podnosi\u0142 si\u0119 ca\u0142y \u015bwiat. Drodzy m\u0142odzi, jak\u017ce wielki potencja\u0142 znajduje si\u0119 w waszych r\u0119kach! Jak\u0105 si\u0142\u0119 niesiecie w waszych sercach!<\/p>\n<p>I tak dzi\u015b, raz jeszcze, B\u00f3g m\u00f3wi do ka\u017cdego z was: \u201ePowsta\u0144!\u201d Ca\u0142ym sercem mam nadziej\u0119, \u017ce to przes\u0142anie pomo\u017ce nam przygotowa\u0107 si\u0119 na nowe czasy, na now\u0105 kart\u0119 w historii ludzko\u015bci. Jednak ponowne rozpocz\u0119cie nie jest mo\u017cliwe bez was, drodzy m\u0142odzi. Aby powsta\u0107, \u015bwiat potrzebuje waszej si\u0142y, waszego entuzjazmu, waszego zapa\u0142u. I w tym kontek\u015bcie, chcia\u0142bym wsp\u00f3lnie z wami podj\u0105\u0107 medytacj\u0119 nad fragmentem\u00a0<em>Dziej\u00f3w Apostolskich<\/em>, w kt\u00f3rym Jezus m\u00f3wi do Paw\u0142a: \u201eWsta\u0144. Ustanawiam ci\u0119 \u015bwiadkiem tego, co zobaczy\u0142e\u015b\u201d (por.\u00a0<em>Dz<\/em>\u00a026, 16).<\/p>\n<p><strong><em>Pawe\u0142 \u015bwiadkiem wobec kr\u00f3la<br \/>\n<\/em><\/strong>Werset, kt\u00f3ry sta\u0142 si\u0119 inspiracj\u0105 dla tematu \u015awiatowego Dnia M\u0142odzie\u017cy 2021, zaczerpni\u0119ty jest ze \u015bwiadectwa Paw\u0142a wobec kr\u00f3la Agryppy, w czasie, gdy by\u0142 przetrzymywany w wi\u0119zieniu. On, niegdy\u015b wr\u00f3g i prze\u015bladowca chrze\u015bcijan, teraz by\u0142 s\u0105dzony w\u0142a\u015bnie ze wzgl\u0119du na sw\u0105 wiar\u0119 w Chrystusa. Z perspektywy oko\u0142o dwudziestu pi\u0119ciu lat, Aposto\u0142 opowiada swoj\u0105 histori\u0119 i fundamentalne wydarzenie, jakim by\u0142o jego spotkanie z Chrystusem.<\/p>\n<p>Pawe\u0142 wyznaje, \u017ce w przesz\u0142o\u015bci prze\u015bladowa\u0142 chrze\u015bcijan, a\u017c pewnego dnia, gdy udawa\u0142 si\u0119 do Damaszku, by aresztowa\u0107 niekt\u00f3rych spo\u015br\u00f3d nich, \u015bwiat\u0142o \u201eja\u015bniejsze od s\u0142o\u0144ca\u201d ogarn\u0119\u0142o jego i jego towarzyszy podr\u00f3\u017cy (por. <em>Dz<\/em>\u00a026,13), ale tylko on us\u0142ysza\u0142 \u201eg\u0142os\u201d: Jezus zwraca si\u0119 do niego i wo\u0142a go po imieniu.<\/p>\n<p><strong><em>\u201eSzawle, Szawle!\u201d<br \/>\n<\/em><\/strong>Przyjrzyjmy si\u0119 wsp\u00f3lnie g\u0142\u0119biej temu wydarzeniu. Wo\u0142aj\u0105c go po imieniu, Pan pozwala Szaw\u0142owi zrozumie\u0107, \u017ce zna go osobi\u015bcie. To tak, jakby mu powiedzia\u0142: wiem, kim jeste\u015b, wiem, co zamierzasz, ale mimo wszystko zwracam si\u0119 w\u0142a\u015bnie do ciebie\u201d. Wo\u0142a go dwukrotnie, na znak powo\u0142ania wyj\u0105tkowego i bardzo wa\u017cnego, tak, jak uczyni\u0142 to z Moj\u017ceszem (por. <em>Wj\u00a0<\/em>3,4) i z Samuelem (por.\u00a0<em>1 Sm<\/em>\u00a03,10). Upadaj\u0105c na ziemi\u0119, Szawe\u0142 przyznaje, \u017ce jest \u015bwiadkiem boskiej manifestacji, pot\u0119\u017cnego objawienia, kt\u00f3re nim wstrz\u0105sa, ale go nie unicestwia, a wr\u0119cz przeciwnie: wzywa go po imieniu.<\/p>\n<p>W efekcie, jedynie osobiste, nie anonimowe spotkanie z Chrystusem zmienia \u017cycie. Jezus pokazuje, \u017ce zna dobrze Szaw\u0142a, \u017ce \u201ezna jego wn\u0119trze\u201d. Nawet je\u015bli Szawe\u0142 jest prze\u015bladowc\u0105, nawet je\u015bli w jego sercu panuje nienawi\u015b\u0107 wzgl\u0119dem chrze\u015bcijan, Jezus wie, \u017ce jest to spowodowane niewiedz\u0105 i chce okaza\u0107 w nim Swoje mi\u0142osierdzie. To w\u0142a\u015bnie jest ta \u0142aska, ta niezas\u0142u\u017cona i bezwarunkowa mi\u0142o\u015b\u0107, \u015bwiat\u0142o, kt\u00f3re radykalnie zmieni \u017cycie Szaw\u0142a.<\/p>\n<p><strong><em>\u201eKto jeste\u015b, Panie?\u201d<br \/>\n<\/em><\/strong>Wobec tej tajemniczej obecno\u015bci, kt\u00f3ra wzywa go po imieniu, Szawe\u0142 pyta: \u201eKto jeste\u015b, Panie?\u201d (<em>Dz<\/em>\u00a026, 15). To pytanie jest niezwykle wa\u017cne i wszyscy, wcze\u015bniej czy p\u00f3\u017aniej, musimy je postawi\u0107 w naszym \u017cyciu. Nie wystarczy us\u0142ysze\u0107 o Chrystusie od innych, konieczna jest osobista rozmowa z Nim. Tym, w istocie, jest modlitwa. Jest bezpo\u015bredni\u0105 rozmow\u0105 z Jezusem, nawet je\u015bli by\u0107 mo\u017ce mamy jeszcze nieuporz\u0105dkowane serce, umys\u0142 pe\u0142en w\u0105tpliwo\u015bci albo wr\u0119cz pogardy wobec Chrystusa i chrze\u015bcijan. Chcia\u0142bym, aby ka\u017cdy m\u0142ody cz\u0142owiek w g\u0142\u0119bi swego serca zdoby\u0142 si\u0119 na postawienie tego pytania: \u201ekto jeste\u015b, Panie?\u201d<\/p>\n<p>Nie mo\u017cemy zak\u0142ada\u0107, \u017ce wszyscy znaj\u0105 Jezusa, nawet w epoce Internetu. Pytanie, kt\u00f3re wiele os\u00f3b kieruje do Jezusa i do Ko\u015bcio\u0142a brzmi w\u0142a\u015bnie tak: \u201ekim jeste\u015b?\u201d W ca\u0142ej opowie\u015bci o powo\u0142aniu \u015bw. Paw\u0142a jest to jedyny moment, w kt\u00f3rym zabiera on g\u0142os. A na jego pytanie Pan odpowiada bezzw\u0142ocznie: \u201eJa jestem Jezus, kt\u00f3rego ty prze\u015bladujesz\u201d (<em>tam\u017ce)<\/em>.<\/p>\n<p><strong><em>\u201eJa jestem Jezus, kt\u00f3rego ty prze\u015bladujesz\u201d<br \/>\n<\/em><\/strong>Poprzez t\u0119 odpowied\u017a Pan Jezus objawia Szaw\u0142owi wielk\u0105 tajemnic\u0119: \u017ce uto\u017csamia si\u0119 On z Ko\u015bcio\u0142em i chrze\u015bcijanami. Dot\u0105d bowiem Szawe\u0142 nie widzia\u0142 nic z Jezusa w inny spos\u00f3b, jak tylko poprzez wiernych, kt\u00f3rych zamyka\u0142 w wi\u0119zieniach (por. <em>Dz<\/em>\u00a026,10), za kt\u00f3rych skazaniem na \u015bmier\u0107 sam g\u0142osowa\u0142 (<em>tam\u017ce<\/em>). I widzia\u0142, jak chrze\u015bcijanie odpowiadali dobrem na z\u0142o, na nienawi\u015b\u0107 \u2013 mi\u0142o\u015bci\u0105, akceptuj\u0105c niesprawiedliwo\u015bci, przemoc, obelgi i prze\u015bladowania znoszone dla imienia Chrystusa. Zatem, kr\u00f3tko m\u00f3wi\u0105c, Szawe\u0142 \u2013 nie wiedz\u0105c o tym \u2013 spotka\u0142 ju\u017c Chrystusa: spotka\u0142 Go w chrze\u015bcijanach!<\/p>\n<p>Ile\u017c razy s\u0142yszeli\u015bmy, jak m\u00f3wi si\u0119: \u201eJezus tak, Ko\u015bci\u00f3\u0142 nie\u201d, jakby jedno mog\u0142o by\u0107 alternatyw\u0105 dla drugiego. Nie mo\u017cna pozna\u0107 Jezusa, nie znaj\u0105c Ko\u015bcio\u0142a. Nie mo\u017cna pozna\u0107 Jezusa inaczej, jak poprzez braci i siostry z Jego wsp\u00f3lnoty. Nie mo\u017cna m\u00f3wi\u0107, \u017ce jest si\u0119 w pe\u0142ni chrze\u015bcijanami, je\u015bli nie \u017cyje si\u0119 eklezjalnym wymiarem wiary.<\/p>\n<p><strong><em>\u201eTrudno ci wierzga\u0107 przeciwko o\u015bcieniowi\u201d<br \/>\n<\/em><\/strong>To s\u0105 s\u0142owa, kt\u00f3re Pan kieruje do Szaw\u0142a, kiedy ten upada na ziemi\u0119. Ale to tak, jakby ju\u017c od jakiego\u015b czasu m\u00f3wi\u0142 do niego w tajemniczy spos\u00f3b, pr\u00f3buj\u0105c go przyci\u0105gn\u0105\u0107, a Szawe\u0142 stawia\u0142 op\u00f3r. Ten sam s\u0142odki \u201ewyrzut\u201d, nasz Pan kieruje do ka\u017cdego m\u0142odego cz\u0142owieka, kt\u00f3ry si\u0119 oddala: \u201eJak d\u0142ugo b\u0119dziesz ode mnie ucieka\u0142? Dlaczego nie s\u0142yszysz, \u017ce ci\u0119 wo\u0142am? Czekam na tw\u00f3j powr\u00f3t.\u201d Tak, jak prorok Jeremiasz, m\u00f3wimy czasem: \u201enie b\u0119d\u0119 Go ju\u017c wspomina\u0142\u201d (<em>Jr<\/em>\u00a020,9). Ale w sercu ka\u017cdego jest niczym p\u0142on\u0105cy ogie\u0144: nawet je\u015bli b\u0119dziemy pr\u00f3bowali go ograniczy\u0107, nie uda nam si\u0119, bowiem jest od nas wi\u0119kszy.<\/p>\n<p>Pan wybiera tego, kto wr\u0119cz go prze\u015bladuje, ca\u0142kowicie wrogiego Jemu i Jego uczniom. Ale dla Boga nie ma osoby, kt\u00f3ra by\u0142aby stracona. Za spraw\u0105 osobistego spotkania z Nim, zawsze jest mo\u017cliwe rozpocz\u0119cie na nowo. \u017baden m\u0142ody cz\u0142owiek nie jest poza zasi\u0119giem \u0142aski i mi\u0142osierdzia Bo\u017cego. O \u017cadnym nie mo\u017cna powiedzie\u0107: jest zbyt daleko\u2026 jest zbyt p\u00f3\u017ano\u2026 Ilu\u017c m\u0142odych z zapa\u0142em przeciwstawia si\u0119 i robi na opak, ale w sercu nosz\u0105 ukryt\u0105 potrzeb\u0119 zaanga\u017cowania si\u0119, kochania ze wszystkich si\u0142, identyfikowania si\u0119 z pewn\u0105 misj\u0105! Jezus w m\u0142odym Szawle widzi w\u0142a\u015bnie to.<\/p>\n<p><strong><em>Uzna\u0107 w\u0142asn\u0105 \u015blepot\u0119<br \/>\n<\/em><\/strong>Mo\u017cemy sobie wyobrazi\u0107, \u017ce przed spotkaniem z Chrystusem Szawe\u0142 by\u0142 w pewnym sensie \u201enape\u0142niony sob\u0105\u201d, uwa\u017caj\u0105c si\u0119 za \u201ewielkiego\u201d ze wzgl\u0119du na swoj\u0105 sp\u00f3jno\u015b\u0107 moraln\u0105, na sw\u00f3j zapa\u0142, swoje pochodzenie, swoj\u0105 kultur\u0119. Oczywi\u015bcie, by\u0142 przekonany, \u017ce post\u0119puje sprawiedliwie. Ale kiedy objawia mu si\u0119 Pan, zostaje \u201euziemiony\u201d i staje si\u0119 \u015blepy. Niespodziewanie odkrywa, \u017ce nie jest w stanie widzie\u0107, nie tylko fizycznie, ale te\u017c duchowo. To, czego by\u0142 pewien, chwieje si\u0119. W g\u0142\u0119bi duszy przeczuwa, \u017ce to, co porusza\u0142o go z tak wielkim zapa\u0142em \u2013 zapa\u0142 do likwidowania chrze\u015bcijan \u2013 by\u0142o zupe\u0142nie b\u0142\u0119dne. Zdaje sobie spraw\u0119, \u017ce nie jest absolutnym posiadaczem prawdy, przeciwnie: \u017ce jest od niej bardzo daleko. I, wraz z jego przekonaniami, upada tak\u017ce jego \u201ewielko\u015b\u0107\u201d. Niespodziewanie odkrywa, \u017ce jest zagubiony, kruchy, \u201ema\u0142y\u201d.<\/p>\n<p>Ta pokora \u2013 \u015bwiadomo\u015b\u0107 w\u0142asnych ogranicze\u0144 \u2013 jest fundamentalna! Kto my\u015bli, \u017ce wie wszystko o sobie samym, o innych a nawet o prawdzie religijnej, temu trudno b\u0119dzie spotka\u0107 Chrystusa. Szawe\u0142, staj\u0105c si\u0119 \u015blepy, straci\u0142 swoje punkty odniesienia. Zosta\u0142 sam, w ciemno\u015bci, a jedyne, co pozosta\u0142o dla niego jasne, to \u015bwiat\u0142o, kt\u00f3re zobaczy\u0142, i g\u0142os, kt\u00f3ry us\u0142ysza\u0142. C\u00f3\u017c za paradoks: w\u0142a\u015bnie w\u00f3wczas, gdy kto\u015b odkrywa, \u017ce jest \u015blepym, zaczyna widzie\u0107!<\/p>\n<p>Po ol\u015bnieniu w drodze do Damaszku, Szawe\u0142 b\u0119dzie wola\u0142 by\u0107 nazywany Paw\u0142em, co znaczy \u201ema\u0142y\u201d. Nie chodzi o <em>ksywk\u0119<\/em>\u00a0czy te\u017c o \u201epseudonim artystyczny\u201d \u2013 cz\u0119sto u\u017cywane tak\u017ce przez zwyk\u0142ych ludzi: spotkanie z Chrystusem sprawi\u0142o, \u017ce naprawd\u0119 si\u0119 tak poczu\u0142, burz\u0105c mur, kt\u00f3ry nie pozwala\u0142 mu stan\u0105\u0107 w prawdzie o sobie. W odniesieniu do samego siebie przyznaje on: \u201eJestem bowiem najmniejszy ze wszystkich aposto\u0142\u00f3w i niegodzien zwa\u0107 si\u0119 aposto\u0142em, bo prze\u015bladowa\u0142em Ko\u015bci\u00f3\u0142 Bo\u017cy\u201d (<em>1 Kor<\/em>\u00a015,9).<\/p>\n<p>\u015aw. Teresa z Lisieux, tak, jak inni \u015bwi\u0119ci, lubi\u0142a powtarza\u0107, \u017ce pokora jest prawd\u0105. W dzisiejszych dniach tyle \u201ehistorii\u201d warunkuje nasze dni, zw\u0142aszcza w sieciach spo\u0142eczno\u015bciowych, cz\u0119sto kunsztownie przygotowanych, z wieloma\u00a0<em>ustawieniami<\/em>, kamerami, zr\u00f3\u017cnicowanymi t\u0142ami. Cz\u0119sto ludzie szukaj\u0105 \u015bwiate\u0142 reflektor\u00f3w, zmy\u015blnie ustawionych, aby m\u00f3c pokaza\u0107 \u201eprzyjacio\u0142om\u201d i\u00a0<em>followersom<\/em>\u00a0obraz siebie samych, kt\u00f3ry czasem nie odzwierciedla prawdy. Chrystus, \u015bwiat\u0142o Po\u0142udnia, przychodzi, by o\u015bwieci\u0107 nas i by przywr\u00f3ci\u0107 nam nasz\u0105 autentyczno\u015b\u0107, uwalniaj\u0105c nas ze wszystkich masek. Pokazuje nam wyra\u017anie kim jeste\u015bmy, bowiem kocha nas takich, jakimi jeste\u015bmy.<\/p>\n<p><strong><em>Zmieni\u0107 perspektyw\u0119<br \/>\n<\/em><\/strong>Nawr\u00f3cenie Paw\u0142a to nie cofni\u0119cie si\u0119, ale otwarcie na zupe\u0142nie now\u0105 perspektyw\u0119. Rzeczywi\u015bcie, kontynuuje on w\u0119dr\u00f3wk\u0119 do Damaszku, ale nie jest ju\u017c tym, kim by\u0142 wcze\u015bniej, jest inn\u0105 osob\u0105 (por.\u00a0<em>Dz<\/em> 22,10). Mo\u017cna nawr\u00f3ci\u0107 si\u0119 i odnowi\u0107 w codziennym \u017cyciu, wykonuj\u0105c czynno\u015bci, kt\u00f3re zazwyczaj wykonujemy, ale z sercem przemienionym i nowymi motywacjami. W tym przypadku Jezus wprost prosi Paw\u0142a, by uda\u0142 si\u0119 a\u017c do Damaszku, dok\u0105d wcze\u015bniej si\u0119 kierowa\u0142. Pawe\u0142 jest pos\u0142uszny, ale teraz cel i perspektywa jego podr\u00f3\u017cy zmieni\u0142y si\u0119 radykalnie. Odt\u0105d b\u0119dzie widzia\u0142 rzeczywisto\u015b\u0107 nowymi oczami. Przedtem by\u0142y to oczy prze\u015bladowcy-m\u015bciciela, odt\u0105d b\u0119d\u0105 to oczy ucznia-\u015bwiadka. W Damaszku Ananiasz go ochrzci i wprowadzi do wsp\u00f3lnoty chrze\u015bcija\u0144skiej. W milczeniu i modlitwie Pawe\u0142 pog\u0142\u0119bi osobiste do\u015bwiadczenie i now\u0105 to\u017csamo\u015b\u0107, dan\u0105 mu przez Pana Jezusa.<\/p>\n<p><strong><em>Nie rozprasza\u0107 si\u0142y i zapa\u0142u m\u0142odych ludzi<br \/>\n<\/em><\/strong>Spos\u00f3b bycia Paw\u0142a, zanim spotka\u0142 on Jezusa zmartwychwsta\u0142ego, nie jest nam zupe\u0142nie obcy. Ile\u017c si\u0142 i ile\u017c zapa\u0142u zamieszkuje r\u00f3wnie\u017c w waszych sercach, drodzy m\u0142odzi! Ale je\u015bli ciemno\u015b\u0107 wok\u00f3\u0142 was i w was samych przeszkadza wam we w\u0142a\u015bciwym widzeniu, grozi wam, \u017ce zatracicie si\u0119 w bitwach pozbawionych sensu, a wr\u0119cz, \u017ce staniecie si\u0119 agresywni. I, niestety, pierwszymi ofiarami staniecie si\u0119 wy i ci, kt\u00f3rzy s\u0105 wam bliscy. Istnieje te\u017c gro\u017aba walki o sprawy, kt\u00f3re pocz\u0105tkowo broni\u0105 s\u0142usznych warto\u015bci, ale kt\u00f3re, doprowadzone do rozdra\u017cnienia, staj\u0105 si\u0119 destrukcyjnymi ideologiami. Ilu\u017c m\u0142odych dzisiaj, by\u0107 mo\u017ce motywowanych przez w\u0142asne przekonania polityczne lub religijne, staje si\u0119 ostatecznie narz\u0119dziami przemocy i zniszczenia w \u017cyciu wielu! Niekt\u00f3rzy, czuj\u0105cy si\u0119 w \u015bwiecie cyfrowym jak w domu, odnajduj\u0105 w przestrzeni wirtualnej i w sieciach spo\u0142eczno\u015bciowych nowe pola bitew, bez skrupu\u0142\u00f3w pos\u0142uguj\u0105c si\u0119 broni\u0105\u00a0<em>fake news\u00f3w<\/em>, aby rozsiewa\u0107 trucizn\u0119 i niszczy\u0107 przeciwnik\u00f3w.<\/p>\n<p>Kiedy Pan wkracza w \u017cycie Paw\u0142a, nie przekre\u015bla jego osobowo\u015bci, nie likwiduje jego zapa\u0142u i jego pasji, ale sprawia, \u017ce te jego zdolno\u015bci staj\u0105 si\u0119 owocne, aby uczyni\u0107 z niego wielkiego ewangelizatora a\u017c po kra\u0144ce ziemi.<\/p>\n<p><strong><em>Aposto\u0142 narod\u00f3w<br \/>\n<\/em><\/strong>Pawe\u0142 b\u0119dzie odt\u0105d znany jako \u201eaposto\u0142 narod\u00f3w\u201d: on, kt\u00f3ry by\u0142 faryzeuszem, drobiazgowo przestrzegaj\u0105cym Prawa! Oto kolejny paradoks: Pan pok\u0142ada Sw\u0105 ufno\u015b\u0107 w\u0142a\u015bnie w tym, kto go prze\u015bladowa\u0142. Niczym Pawe\u0142, ka\u017cdy z nas mo\u017ce us\u0142ysze\u0107 w g\u0142\u0119bi serca ten g\u0142os, kt\u00f3ry m\u00f3wi: \u201eufam ci. Znam twoj\u0105 histori\u0119 i bior\u0119 j\u0105 w swoje r\u0119ce, wraz z tob\u0105. Nawet je\u015bli cz\u0119sto by\u0142e\u015b przeciwko mnie, wybieram ciebie i czyni\u0119 ci\u0119 moim \u015bwiadkiem\u201d. Boska logika mo\u017ce z najgorszego prze\u015bladowcy uczyni\u0107 wielkiego \u015bwiadka.<\/p>\n<p>Ucze\u0144 Chrystusa jest wezwany do bycia \u201e\u015bwiat\u0142em \u015bwiata\u201d (<em>Mt<\/em>\u00a05,14). Pawe\u0142 musi \u015bwiadczy\u0107 o tym, co widzia\u0142, ale teraz pozostaje \u015blepy. Zn\u00f3w mamy do czynienia z paradoksem! Ale w\u0142a\u015bnie poprzez to osobiste do\u015bwiadczenie, Pawe\u0142 b\u0119dzie w stanie uto\u017csami\u0107 si\u0119 z tymi, do kt\u00f3rych Pan go posy\u0142a. Bowiem w rzeczywisto\u015bci zosta\u0142 on uczyniony \u015bwiadkiem, \u201eaby otworzy\u0142 im oczy i odwr\u00f3ci\u0142 od ciemno\u015bci do \u015bwiat\u0142a\u201d (<em>Dz\u00a0<\/em>26,18).<\/p>\n<p><strong><em>\u201ePowsta\u0144 i \u015bwiadcz!\u201d<br \/>\n<\/em><\/strong>Przyjmuj\u0105c nowe \u017cycie, otrzymane na Chrzcie \u015bwi\u0119tym, otrzymujemy tak\u017ce misj\u0119 od Pana: \u201eb\u0119dziesz mi \u015bwiadkiem!\u201d. To misja, kt\u00f3rej po\u015bwi\u0119cenie si\u0119 odmienia \u017cycia.<\/p>\n<p>Dzi\u015b zaproszenie Chrystusa do Paw\u0142a, jest skierowane do ka\u017cdego i ka\u017cdej z was m\u0142odych: powsta\u0144! Nie mo\u017cesz pozosta\u0107 na ziemi \u201eu\u017calaj\u0105c si\u0119 nad sob\u0105\u201d, czeka na ciebie misja! Tak\u017ce ty mo\u017cesz by\u0107 \u015bwiadkiem dzie\u0142, kt\u00f3re Jezus zacz\u0105\u0142 w tobie wype\u0142nia\u0107. Dlatego w imi\u0119 Chrystusa, m\u00f3wi\u0119 ci:<\/p>\n<p>\u2013 Powsta\u0144 i \u015bwiadcz o swoim do\u015bwiadczeniu \u015blepca, kt\u00f3ry napotka\u0142 \u015bwiat\u0142o, zobaczy\u0142 dobro i pi\u0119kno Boga w sobie samym, w innych i we wsp\u00f3lnocie Ko\u015bcio\u0142a, kt\u00f3ra przezwyci\u0119\u017ca ka\u017cd\u0105 samotno\u015b\u0107.<\/p>\n<p>\u2013 Powsta\u0144 i \u015bwiadcz o mi\u0142o\u015bci i szacunku, kt\u00f3re mo\u017cna wprowadza\u0107 w relacje mi\u0119dzyludzkie, w \u017cycie rodzinne, w dialog pomi\u0119dzy rodzicami i dzie\u0107mi, m\u0142odymi i starszymi.<\/p>\n<p>\u2013 Powsta\u0144 i bro\u0144 sprawiedliwo\u015bci spo\u0142ecznej, prawdy i prawo\u015bci, praw cz\u0142owieka, prze\u015bladowanych, ubogich i kruchych, tych, kt\u00f3rzy nie maj\u0105 g\u0142osu w spo\u0142ecze\u0144stwie, migrant\u00f3w.<\/p>\n<p>\u2013 Powsta\u0144 i \u015bwiadcz o nowym spojrzeniu, kt\u00f3re pozwala ci patrze\u0107 na stworzenie oczami pe\u0142nymi zachwytu, pozwala ci rozpoznawa\u0107 w planecie Ziemi nasz wsp\u00f3lny dom i daje ci odwag\u0119 bronienia ekologii integralnej.<\/p>\n<p>\u2013 Powsta\u0144 i \u015bwiadcz o tym, \u017ce przegrane \u017cycie mo\u017ce by\u0107 odbudowane, \u017ce osoby, kt\u00f3re ju\u017c obumar\u0142y w duchu, mog\u0105 powr\u00f3ci\u0107 do \u017cycia, \u017ce osoby zniewolone mog\u0105 na powr\u00f3t sta\u0107 si\u0119 wolnymi, \u017ce serca pogr\u0105\u017cone w smutku mog\u0105 odzyska\u0107 rado\u015b\u0107.<\/p>\n<p>\u2013 Wsta\u0144 i \u015bwiadcz z rado\u015bci\u0105, \u017ce Chrystus \u017cyje! Nie\u015b jego przes\u0142anie mi\u0142o\u015bci i zbawienia w\u015br\u00f3d twoich r\u00f3wie\u015bnik\u00f3w, w szkole, na uczelni, w pracy, w \u015bwiecie cyfrowym, wsz\u0119dzie.<\/p>\n<p>Pan B\u00f3g, Ko\u015bci\u00f3\u0142, papie\u017c ufaj\u0105 wam i ustanawiaj\u0105 was \u015bwiadkami wobec tylu innych m\u0142odych ludzi, kt\u00f3rych spotykacie na \u201edrogach do Damaszku\u201d naszych czas\u00f3w. Nie zapominajcie: \u201eje\u015bli kto\u015b rzeczywi\u015bcie do\u015bwiadczy\u0142 mi\u0142o\u015bci Boga, kt\u00f3ry go zbawia, nie potrzebuje wiele czasu, by zacz\u0105\u0107 Go g\u0142osi\u0107, nie mo\u017ce oczekiwa\u0107, aby udzielono mu wielu lekcji lub d\u0142ugich instrukcji. Ka\u017cdy chrze\u015bcijanin jest misjonarzem w takiej mierze, w jakiej spotka\u0142 si\u0119 z mi\u0142o\u015bci\u0105 Boga w Chrystusie Jezusie.\u201d (Adhortacja apostolska\u00a0<em><a href=\"https:\/\/www.vatican.va\/content\/francesco\/pl\/apost_exhortations\/documents\/papa-francesco_esortazione-ap_20131124_evangelii-gaudium.html#Wszyscy_jeste%C5%9Bmy_uczniami_misjonarzami\">Evangelii gaudium<\/a>, 120<\/em>)<\/p>\n<p><strong><em>Powsta\u0144cie i \u015bwi\u0119tujcie \u015aDM w Ko\u015bcio\u0142ach lokalnych!<br \/>\n<\/em><\/strong>Wobec wszystkich was, m\u0142odych ca\u0142ego \u015bwiata, ponawiam zaproszenie do wzi\u0119cia udzia\u0142u w tej duchowej pielgrzymce, kt\u00f3ra poprowadzi nas ku obchodom \u015awiatowego Dnia M\u0142odzie\u017cy w Lizbonie w 2023 r. Jednak\u017ce najbli\u017csze spotkanie odb\u0119dzie si\u0119 w waszych Ko\u015bcio\u0142ach lokalnych, w r\u00f3\u017cnych diecezjach i eparchiach \u015bwiata, gdzie w uroczysto\u015b\u0107 Chrystusa Kr\u00f3la Wszech\u015bwiata b\u0119dzie obchodzony \u2013 na poziomie lokalnym \u2013 \u015awiatowy Dzie\u0144 M\u0142odzie\u017cy 2021.<\/p>\n<p>Mam nadziej\u0119, \u017ce wszyscy b\u0119dziemy mogli prze\u017cywa\u0107 te poszczeg\u00f3lne etapy jako prawdziwi pielgrzymi, a nie \u201etury\u015bci wiary\u201d! Otw\u00f3rzmy si\u0119 na niespodzianki Pana Boga, kt\u00f3ry chce roz\u015bwietli\u0107 Swoim \u015bwiat\u0142em nasz\u0105 drog\u0119. Otw\u00f3rzmy si\u0119 na s\u0142uchanie Jego g\u0142osu, tak\u017ce poprzez naszych braci i nasze siostry. W ten spos\u00f3b b\u0119dziemy pomagali sobie nawzajem wsp\u00f3lnie powstawa\u0107, a w tym trudnym momencie historii staniemy si\u0119 prorokami nowych czas\u00f3w, pe\u0142nych nadziei! Naj\u015bwi\u0119tsza Maryja Panna wstawia si\u0119 za nami.<\/p>\n<p>Rzym, u \u015bw. Jana na Lateranie, 14 wrze\u015bnia 2021 r., w \u015awi\u0119to Podwy\u017cszenia Krzy\u017ca \u015awi\u0119tego.<\/p>\n<p>FRANCISZEK<\/p>\n","protected":false},"excerpt":{"rendered":"<p>\u201eWsta\u0144. Ustanawiam ci\u0119 \u015bwiadkiem tego, co zobaczy\u0142e\u015b\u201d (Dz\u00a026, 16) Drodzy m\u0142odzi! Chcia\u0142bym raz jeszcze wzi\u0105\u0107 was za r\u0119k\u0119, by wsp\u00f3lnie pod\u0105\u017ca\u0107 w duchowej pielgrzymce, kt\u00f3ra prowadzi nas ku \u015awiatowemu Dniowi M\u0142odzie\u017cy w Lizbonie w 2023 r. W ubieg\u0142ym roku, na kr\u00f3tko przed wybuchem pandemii, podpisa\u0142em or\u0119dzie, kt\u00f3rego temat brzmia\u0142: \u201eM\u0142odzie\u0144cze, tobie m\u00f3wi\u0119: wsta\u0144!\u201d (por.\u00a0\u0141k\u00a07,14). W &hellip;<\/p>\n","protected":false},"author":2,"featured_media":20556,"comment_status":"closed","ping_status":"closed","sticky":false,"template":"","format":"standard","meta":{"_mi_skip_tracking":false,"_exactmetrics_sitenote_active":false,"_exactmetrics_sitenote_note":"","_exactmetrics_sitenote_category":0},"categories":[7],"tags":[],"yoast_head":"<!-- This site is optimized with the Yoast SEO plugin v18.1 - https:\/\/yoast.com\/wordpress\/plugins\/seo\/ -->\n<title>Or\u0119dzie Ojca \u015awi\u0119tego na XXXVI \u015awiatowy Dzie\u0144 M\u0142odzie\u017cy - 21.11.2021r. - Pako\u015b\u0107 \u2013 Kalwaria<\/title>\n<meta name=\"robots\" content=\"index, follow, max-snippet:-1, max-image-preview:large, max-video-preview:-1\" \/>\n<link rel=\"canonical\" href=\"https:\/\/pakosc-kalwaria.franciszkanie.net\/index.php\/2021\/11\/19\/oredzie-ojca-swietego-na-xxxvi-swiatowy-dzien-mlodziezy-21-11-2021r\/\" \/>\n<meta property=\"og:locale\" content=\"pl_PL\" \/>\n<meta property=\"og:type\" content=\"article\" \/>\n<meta property=\"og:title\" content=\"Or\u0119dzie Ojca \u015awi\u0119tego na XXXVI \u015awiatowy Dzie\u0144 M\u0142odzie\u017cy - 21.11.2021r. - Pako\u015b\u0107 \u2013 Kalwaria\" \/>\n<meta property=\"og:description\" content=\"\u201eWsta\u0144. Ustanawiam ci\u0119 \u015bwiadkiem tego, co zobaczy\u0142e\u015b\u201d (Dz\u00a026, 16) Drodzy m\u0142odzi! Chcia\u0142bym raz jeszcze wzi\u0105\u0107 was za r\u0119k\u0119, by wsp\u00f3lnie pod\u0105\u017ca\u0107 w duchowej pielgrzymce, kt\u00f3ra prowadzi nas ku \u015awiatowemu Dniowi M\u0142odzie\u017cy w Lizbonie w 2023 r. W ubieg\u0142ym roku, na kr\u00f3tko przed wybuchem pandemii, podpisa\u0142em or\u0119dzie, kt\u00f3rego temat brzmia\u0142: \u201eM\u0142odzie\u0144cze, tobie m\u00f3wi\u0119: wsta\u0144!\u201d (por.\u00a0\u0141k\u00a07,14). W &hellip;\" \/>\n<meta property=\"og:url\" content=\"https:\/\/pakosc-kalwaria.franciszkanie.net\/index.php\/2021\/11\/19\/oredzie-ojca-swietego-na-xxxvi-swiatowy-dzien-mlodziezy-21-11-2021r\/\" \/>\n<meta property=\"og:site_name\" content=\"Pako\u015b\u0107 \u2013 Kalwaria\" \/>\n<meta property=\"article:author\" content=\"https:\/\/www.facebook.com\/KalwariaPakosc\/\" \/>\n<meta property=\"article:published_time\" content=\"2021-11-19T14:00:33+00:00\" \/>\n<meta property=\"article:modified_time\" content=\"2021-11-26T19:04:59+00:00\" \/>\n<meta property=\"og:image\" content=\"https:\/\/pakosc-kalwaria.franciszkanie.net\/wp-content\/uploads\/2021\/10\/Oredzie-pap-Franciszka.jpg\" \/>\n\t<meta property=\"og:image:width\" content=\"350\" \/>\n\t<meta property=\"og:image:height\" content=\"222\" \/>\n\t<meta property=\"og:image:type\" content=\"image\/jpeg\" \/>\n<meta name=\"twitter:card\" content=\"summary\" \/>\n<meta name=\"twitter:label1\" content=\"Napisane przez\" \/>\n\t<meta name=\"twitter:data1\" content=\"pakosc-kalwaria\" \/>\n\t<meta name=\"twitter:label2\" content=\"Szacowany czas czytania\" \/>\n\t<meta name=\"twitter:data2\" content=\"15 minut\" \/>\n<script type=\"application\/ld+json\" class=\"yoast-schema-graph\">{\"@context\":\"https:\/\/schema.org\",\"@graph\":[{\"@type\":\"WebSite\",\"@id\":\"https:\/\/pakosc-kalwaria.franciszkanie.net\/#website\",\"url\":\"https:\/\/pakosc-kalwaria.franciszkanie.net\/\",\"name\":\"Pako\u015b\u0107 \u2013 Kalwaria\",\"description\":\"Parafia Rzymsko \u2013 Katolicka p.w. Pana Jezusa Ukrzy\u017cowanego i  Matki Bo\u017cej Bolesnej ul. Barci\u0144ska 60, 88\u2013170 Pako\u015b\u0107 \u2013 Kalwaria\",\"potentialAction\":[{\"@type\":\"SearchAction\",\"target\":{\"@type\":\"EntryPoint\",\"urlTemplate\":\"https:\/\/pakosc-kalwaria.franciszkanie.net\/?s={search_term_string}\"},\"query-input\":\"required name=search_term_string\"}],\"inLanguage\":\"pl-PL\"},{\"@type\":\"ImageObject\",\"@id\":\"https:\/\/pakosc-kalwaria.franciszkanie.net\/index.php\/2021\/11\/19\/oredzie-ojca-swietego-na-xxxvi-swiatowy-dzien-mlodziezy-21-11-2021r\/#primaryimage\",\"inLanguage\":\"pl-PL\",\"url\":\"https:\/\/pakosc-kalwaria.franciszkanie.net\/wp-content\/uploads\/2021\/10\/Oredzie-pap-Franciszka.jpg\",\"contentUrl\":\"https:\/\/pakosc-kalwaria.franciszkanie.net\/wp-content\/uploads\/2021\/10\/Oredzie-pap-Franciszka.jpg\",\"width\":350,\"height\":222},{\"@type\":\"WebPage\",\"@id\":\"https:\/\/pakosc-kalwaria.franciszkanie.net\/index.php\/2021\/11\/19\/oredzie-ojca-swietego-na-xxxvi-swiatowy-dzien-mlodziezy-21-11-2021r\/#webpage\",\"url\":\"https:\/\/pakosc-kalwaria.franciszkanie.net\/index.php\/2021\/11\/19\/oredzie-ojca-swietego-na-xxxvi-swiatowy-dzien-mlodziezy-21-11-2021r\/\",\"name\":\"Or\u0119dzie Ojca \u015awi\u0119tego na XXXVI \u015awiatowy Dzie\u0144 M\u0142odzie\u017cy - 21.11.2021r. - Pako\u015b\u0107 \u2013 Kalwaria\",\"isPartOf\":{\"@id\":\"https:\/\/pakosc-kalwaria.franciszkanie.net\/#website\"},\"primaryImageOfPage\":{\"@id\":\"https:\/\/pakosc-kalwaria.franciszkanie.net\/index.php\/2021\/11\/19\/oredzie-ojca-swietego-na-xxxvi-swiatowy-dzien-mlodziezy-21-11-2021r\/#primaryimage\"},\"datePublished\":\"2021-11-19T14:00:33+00:00\",\"dateModified\":\"2021-11-26T19:04:59+00:00\",\"author\":{\"@id\":\"https:\/\/pakosc-kalwaria.franciszkanie.net\/#\/schema\/person\/af10b943be0760709227d060eadcb2aa\"},\"breadcrumb\":{\"@id\":\"https:\/\/pakosc-kalwaria.franciszkanie.net\/index.php\/2021\/11\/19\/oredzie-ojca-swietego-na-xxxvi-swiatowy-dzien-mlodziezy-21-11-2021r\/#breadcrumb\"},\"inLanguage\":\"pl-PL\",\"potentialAction\":[{\"@type\":\"ReadAction\",\"target\":[\"https:\/\/pakosc-kalwaria.franciszkanie.net\/index.php\/2021\/11\/19\/oredzie-ojca-swietego-na-xxxvi-swiatowy-dzien-mlodziezy-21-11-2021r\/\"]}]},{\"@type\":\"BreadcrumbList\",\"@id\":\"https:\/\/pakosc-kalwaria.franciszkanie.net\/index.php\/2021\/11\/19\/oredzie-ojca-swietego-na-xxxvi-swiatowy-dzien-mlodziezy-21-11-2021r\/#breadcrumb\",\"itemListElement\":[{\"@type\":\"ListItem\",\"position\":1,\"name\":\"Strona g\u0142\u00f3wna\",\"item\":\"https:\/\/pakosc-kalwaria.franciszkanie.net\/\"},{\"@type\":\"ListItem\",\"position\":2,\"name\":\"Or\u0119dzie Ojca \u015awi\u0119tego na XXXVI \u015awiatowy Dzie\u0144 M\u0142odzie\u017cy &#8211; 21.11.2021r.\"}]},{\"@type\":\"Person\",\"@id\":\"https:\/\/pakosc-kalwaria.franciszkanie.net\/#\/schema\/person\/af10b943be0760709227d060eadcb2aa\",\"name\":\"pakosc-kalwaria\",\"image\":{\"@type\":\"ImageObject\",\"@id\":\"https:\/\/pakosc-kalwaria.franciszkanie.net\/#personlogo\",\"inLanguage\":\"pl-PL\",\"url\":\"https:\/\/secure.gravatar.com\/avatar\/e7049d338b55eac6a0027ff3218b8d02?s=96&d=mm&r=g\",\"contentUrl\":\"https:\/\/secure.gravatar.com\/avatar\/e7049d338b55eac6a0027ff3218b8d02?s=96&d=mm&r=g\",\"caption\":\"pakosc-kalwaria\"},\"sameAs\":[\"https:\/\/www.facebook.com\/KalwariaPakosc\/\"],\"url\":\"https:\/\/pakosc-kalwaria.franciszkanie.net\/index.php\/author\/pakosc-kalwaria\/\"}]}<\/script>\n<!-- \/ Yoast SEO plugin. -->","yoast_head_json":{"title":"Or\u0119dzie Ojca \u015awi\u0119tego na XXXVI \u015awiatowy Dzie\u0144 M\u0142odzie\u017cy - 21.11.2021r. - Pako\u015b\u0107 \u2013 Kalwaria","robots":{"index":"index","follow":"follow","max-snippet":"max-snippet:-1","max-image-preview":"max-image-preview:large","max-video-preview":"max-video-preview:-1"},"canonical":"https:\/\/pakosc-kalwaria.franciszkanie.net\/index.php\/2021\/11\/19\/oredzie-ojca-swietego-na-xxxvi-swiatowy-dzien-mlodziezy-21-11-2021r\/","og_locale":"pl_PL","og_type":"article","og_title":"Or\u0119dzie Ojca \u015awi\u0119tego na XXXVI \u015awiatowy Dzie\u0144 M\u0142odzie\u017cy - 21.11.2021r. - Pako\u015b\u0107 \u2013 Kalwaria","og_description":"\u201eWsta\u0144. Ustanawiam ci\u0119 \u015bwiadkiem tego, co zobaczy\u0142e\u015b\u201d (Dz\u00a026, 16) Drodzy m\u0142odzi! Chcia\u0142bym raz jeszcze wzi\u0105\u0107 was za r\u0119k\u0119, by wsp\u00f3lnie pod\u0105\u017ca\u0107 w duchowej pielgrzymce, kt\u00f3ra prowadzi nas ku \u015awiatowemu Dniowi M\u0142odzie\u017cy w Lizbonie w 2023 r. W ubieg\u0142ym roku, na kr\u00f3tko przed wybuchem pandemii, podpisa\u0142em or\u0119dzie, kt\u00f3rego temat brzmia\u0142: \u201eM\u0142odzie\u0144cze, tobie m\u00f3wi\u0119: wsta\u0144!\u201d (por.\u00a0\u0141k\u00a07,14). W &hellip;","og_url":"https:\/\/pakosc-kalwaria.franciszkanie.net\/index.php\/2021\/11\/19\/oredzie-ojca-swietego-na-xxxvi-swiatowy-dzien-mlodziezy-21-11-2021r\/","og_site_name":"Pako\u015b\u0107 \u2013 Kalwaria","article_author":"https:\/\/www.facebook.com\/KalwariaPakosc\/","article_published_time":"2021-11-19T14:00:33+00:00","article_modified_time":"2021-11-26T19:04:59+00:00","og_image":[{"width":350,"height":222,"url":"https:\/\/pakosc-kalwaria.franciszkanie.net\/wp-content\/uploads\/2021\/10\/Oredzie-pap-Franciszka.jpg","type":"image\/jpeg"}],"twitter_card":"summary","twitter_misc":{"Napisane przez":"pakosc-kalwaria","Szacowany czas czytania":"15 minut"},"schema":{"@context":"https:\/\/schema.org","@graph":[{"@type":"WebSite","@id":"https:\/\/pakosc-kalwaria.franciszkanie.net\/#website","url":"https:\/\/pakosc-kalwaria.franciszkanie.net\/","name":"Pako\u015b\u0107 \u2013 Kalwaria","description":"Parafia Rzymsko \u2013 Katolicka p.w. Pana Jezusa Ukrzy\u017cowanego i  Matki Bo\u017cej Bolesnej ul. Barci\u0144ska 60, 88\u2013170 Pako\u015b\u0107 \u2013 Kalwaria","potentialAction":[{"@type":"SearchAction","target":{"@type":"EntryPoint","urlTemplate":"https:\/\/pakosc-kalwaria.franciszkanie.net\/?s={search_term_string}"},"query-input":"required name=search_term_string"}],"inLanguage":"pl-PL"},{"@type":"ImageObject","@id":"https:\/\/pakosc-kalwaria.franciszkanie.net\/index.php\/2021\/11\/19\/oredzie-ojca-swietego-na-xxxvi-swiatowy-dzien-mlodziezy-21-11-2021r\/#primaryimage","inLanguage":"pl-PL","url":"https:\/\/pakosc-kalwaria.franciszkanie.net\/wp-content\/uploads\/2021\/10\/Oredzie-pap-Franciszka.jpg","contentUrl":"https:\/\/pakosc-kalwaria.franciszkanie.net\/wp-content\/uploads\/2021\/10\/Oredzie-pap-Franciszka.jpg","width":350,"height":222},{"@type":"WebPage","@id":"https:\/\/pakosc-kalwaria.franciszkanie.net\/index.php\/2021\/11\/19\/oredzie-ojca-swietego-na-xxxvi-swiatowy-dzien-mlodziezy-21-11-2021r\/#webpage","url":"https:\/\/pakosc-kalwaria.franciszkanie.net\/index.php\/2021\/11\/19\/oredzie-ojca-swietego-na-xxxvi-swiatowy-dzien-mlodziezy-21-11-2021r\/","name":"Or\u0119dzie Ojca \u015awi\u0119tego na XXXVI \u015awiatowy Dzie\u0144 M\u0142odzie\u017cy - 21.11.2021r. - Pako\u015b\u0107 \u2013 Kalwaria","isPartOf":{"@id":"https:\/\/pakosc-kalwaria.franciszkanie.net\/#website"},"primaryImageOfPage":{"@id":"https:\/\/pakosc-kalwaria.franciszkanie.net\/index.php\/2021\/11\/19\/oredzie-ojca-swietego-na-xxxvi-swiatowy-dzien-mlodziezy-21-11-2021r\/#primaryimage"},"datePublished":"2021-11-19T14:00:33+00:00","dateModified":"2021-11-26T19:04:59+00:00","author":{"@id":"https:\/\/pakosc-kalwaria.franciszkanie.net\/#\/schema\/person\/af10b943be0760709227d060eadcb2aa"},"breadcrumb":{"@id":"https:\/\/pakosc-kalwaria.franciszkanie.net\/index.php\/2021\/11\/19\/oredzie-ojca-swietego-na-xxxvi-swiatowy-dzien-mlodziezy-21-11-2021r\/#breadcrumb"},"inLanguage":"pl-PL","potentialAction":[{"@type":"ReadAction","target":["https:\/\/pakosc-kalwaria.franciszkanie.net\/index.php\/2021\/11\/19\/oredzie-ojca-swietego-na-xxxvi-swiatowy-dzien-mlodziezy-21-11-2021r\/"]}]},{"@type":"BreadcrumbList","@id":"https:\/\/pakosc-kalwaria.franciszkanie.net\/index.php\/2021\/11\/19\/oredzie-ojca-swietego-na-xxxvi-swiatowy-dzien-mlodziezy-21-11-2021r\/#breadcrumb","itemListElement":[{"@type":"ListItem","position":1,"name":"Strona g\u0142\u00f3wna","item":"https:\/\/pakosc-kalwaria.franciszkanie.net\/"},{"@type":"ListItem","position":2,"name":"Or\u0119dzie Ojca \u015awi\u0119tego na XXXVI \u015awiatowy Dzie\u0144 M\u0142odzie\u017cy &#8211; 21.11.2021r."}]},{"@type":"Person","@id":"https:\/\/pakosc-kalwaria.franciszkanie.net\/#\/schema\/person\/af10b943be0760709227d060eadcb2aa","name":"pakosc-kalwaria","image":{"@type":"ImageObject","@id":"https:\/\/pakosc-kalwaria.franciszkanie.net\/#personlogo","inLanguage":"pl-PL","url":"https:\/\/secure.gravatar.com\/avatar\/e7049d338b55eac6a0027ff3218b8d02?s=96&d=mm&r=g","contentUrl":"https:\/\/secure.gravatar.com\/avatar\/e7049d338b55eac6a0027ff3218b8d02?s=96&d=mm&r=g","caption":"pakosc-kalwaria"},"sameAs":["https:\/\/www.facebook.com\/KalwariaPakosc\/"],"url":"https:\/\/pakosc-kalwaria.franciszkanie.net\/index.php\/author\/pakosc-kalwaria\/"}]}},"_links":{"self":[{"href":"https:\/\/pakosc-kalwaria.franciszkanie.net\/index.php\/wp-json\/wp\/v2\/posts\/20700"}],"collection":[{"href":"https:\/\/pakosc-kalwaria.franciszkanie.net\/index.php\/wp-json\/wp\/v2\/posts"}],"about":[{"href":"https:\/\/pakosc-kalwaria.franciszkanie.net\/index.php\/wp-json\/wp\/v2\/types\/post"}],"author":[{"embeddable":true,"href":"https:\/\/pakosc-kalwaria.franciszkanie.net\/index.php\/wp-json\/wp\/v2\/users\/2"}],"replies":[{"embeddable":true,"href":"https:\/\/pakosc-kalwaria.franciszkanie.net\/index.php\/wp-json\/wp\/v2\/comments?post=20700"}],"version-history":[{"count":1,"href":"https:\/\/pakosc-kalwaria.franciszkanie.net\/index.php\/wp-json\/wp\/v2\/posts\/20700\/revisions"}],"predecessor-version":[{"id":20701,"href":"https:\/\/pakosc-kalwaria.franciszkanie.net\/index.php\/wp-json\/wp\/v2\/posts\/20700\/revisions\/20701"}],"wp:featuredmedia":[{"embeddable":true,"href":"https:\/\/pakosc-kalwaria.franciszkanie.net\/index.php\/wp-json\/wp\/v2\/media\/20556"}],"wp:attachment":[{"href":"https:\/\/pakosc-kalwaria.franciszkanie.net\/index.php\/wp-json\/wp\/v2\/media?parent=20700"}],"wp:term":[{"taxonomy":"category","embeddable":true,"href":"https:\/\/pakosc-kalwaria.franciszkanie.net\/index.php\/wp-json\/wp\/v2\/categories?post=20700"},{"taxonomy":"post_tag","embeddable":true,"href":"https:\/\/pakosc-kalwaria.franciszkanie.net\/index.php\/wp-json\/wp\/v2\/tags?post=20700"}],"curies":[{"name":"wp","href":"https:\/\/api.w.org\/{rel}","templated":true}]}}