{"id":20702,"date":"2021-11-19T17:01:48","date_gmt":"2021-11-19T16:01:48","guid":{"rendered":"http:\/\/pakosc-kalwaria.franciszkanie.net\/?p=20702"},"modified":"2021-11-19T20:05:23","modified_gmt":"2021-11-19T19:05:23","slug":"biskupi-o-aktualnych-kwestiach-kosciola-w-polsce","status":"publish","type":"post","link":"https:\/\/pakosc-kalwaria.franciszkanie.net\/index.php\/2021\/11\/19\/biskupi-o-aktualnych-kwestiach-kosciola-w-polsce\/","title":{"rendered":"Biskupi o aktualnych kwestiach Ko\u015bcio\u0142a w Polsce"},"content":{"rendered":"<p><strong>Komunikat z 390. Zebrania Plenarnego Konferencji Episkopatu Polski<\/strong><\/p>\n<p>W dniach 18 i 19 listopada 2021 r., pod przewodnictwem abp. Stanis\u0142awa G\u0105deckiego, odby\u0142o si\u0119 na Jasnej G\u00f3rze 390. Zebranie Plenarne Konferencji Episkopatu Polski.<\/p>\n<p>1. Jednym z g\u0142\u00f3wnych temat\u00f3w obrad by\u0142o podsumowanie zako\u0144czonej niedawno wizyty <em>ad limina apostolorum<\/em>, kt\u00f3ra odby\u0142a si\u0119 w Rzymie w dniach od 4 do 29 pa\u017adziernika. Duchowy wymiar wizyty podkre\u015bla\u0142y codzienne celebracje w czterech bazylikach wi\u0119kszych Rzymu oraz przy grobie \u015bw. Jana Paw\u0142a II. Najwa\u017cniejszym wydarzeniem by\u0142y spotkania z Ojcem \u015awi\u0119tym Franciszkiem, podczas kt\u00f3rych Papie\u017c podejmowa\u0142 wskazane przez biskup\u00f3w tematy, cz\u0119sto odwo\u0142uj\u0105c si\u0119 do w\u0142asnego do\u015bwiadczenia. Wskazywa\u0142, jak ws\u0142uchiwa\u0107 si\u0119 w g\u0142os bli\u017aniego, prowadzi\u0107 pokorny dialog i tworzy\u0107 wsp\u00f3lnot\u0119 otwieraj\u0105c\u0105 si\u0119 na dzia\u0142anie Ducha \u015awi\u0119tego, zapraszaj\u0105c r\u00f3wnocze\u015bnie do uczestnictwa w budowaniu Ko\u015bcio\u0142a synodalnego. Wizyta ta by\u0142a dla biskup\u00f3w impulsem do dalszej g\u0142\u0119bokiej refleksji nad sprawami wa\u017cnymi dla Ko\u015bcio\u0142a w Polsce, odnow\u0105 wiary i zach\u0119t\u0105 do konkretnych dzia\u0142a\u0144 duszpasterskich. Swoj\u0105 wdzi\u0119czno\u015b\u0107 za t\u0119 ojcowsk\u0105, merytoryczn\u0105 i tw\u00f3rcz\u0105 atmosfer\u0119 spotka\u0144 biskupi wyrazili w skierowanym do Ojca \u015awi\u0119tego li\u015bcie.<\/p>\n<p>2. Wiele miejsca po\u015bwi\u0119cono rozpocz\u0119temu 9 i 10 pa\u017adziernika Synodowi Biskup\u00f3w zwo\u0142anemu pod has\u0142em: <em>Ku Ko\u015bcio\u0142owi synodalnemu: komunia, uczestnictwo, misja.<\/em> Z uwag\u0105 wys\u0142uchano g\u0142osu prof. Aleksandra Ba\u0144ki, kt\u00f3ry \u2013 z mandatu Konferencji Episkopatu Polski \u2012 uczestniczy\u0142 w inauguracji Synodu w Rzymie. Biskupi postrzegaj\u0105 Synod jako szans\u0119 do g\u0142\u0119bokiej, szczerej i wsp\u00f3lnotowej refleksji nad aktualn\u0105 sytuacj\u0105 Ko\u015bcio\u0142a. Widz\u0105 w nim te\u017c zaproszenie do ws\u0142uchania si\u0119 w g\u0142os Ducha \u015awi\u0119tego kierowany dzi\u015b do Ko\u015bcio\u0142a, by go odnowi\u0107, umocni\u0107 i uczyni\u0107 bardziej ewangelicznym. Biskupi gor\u0105co zach\u0119caj\u0105 wszystkich wiernych, duchownych i \u015bwieckich, do odwa\u017cnego i aktywnego w\u0142\u0105czenia si\u0119 w prace synodalne. Zapraszaj\u0105 tak\u017ce osoby do Ko\u015bcio\u0142a zdystansowane, zranione, maj\u0105ce poczucie zmarginalizowania lub odrzucenia. B\u0119d\u0105 r\u00f3wnie\u017c wdzi\u0119czni za g\u0142osy p\u0142yn\u0105ce spoza wsp\u00f3lnoty katolickiej, kt\u00f3re mog\u0105 pom\u00f3c Ko\u015bcio\u0142owi w jego odnowie, odczytywaniu znak\u00f3w czasu i w skuteczniejszej realizacji jego misji.<\/p>\n<p>3. Biskupi dyskutowali r\u00f3wnie\u017c nad sprawami polskich rodzin. Zach\u0119caj\u0105, by Niedziela \u015awi\u0119tej Rodziny: Jezusa, Maryi i J\u00f3zefa, kt\u00f3ra w tym roku przypada 26 grudnia, by\u0142a dniem odnowienia przyrzecze\u0144 ma\u0142\u017ce\u0144skich oraz szczeg\u00f3lnej modlitwy w intencji ma\u0142\u017ce\u0144stw i rodzin. Podj\u0119to r\u00f3wnie\u017c kwesti\u0119 przygotowa\u0144 do X \u015awiatowego Spotkania Rodzin z Ojcem \u015awi\u0119tym, kt\u00f3re odb\u0119dzie si\u0119 w dniach 22-26 czerwca 2022 r. w Rzymie. Jego tematem b\u0119dzie mi\u0142o\u015b\u0107 rodzinna jako powo\u0142anie i droga do \u015bwi\u0119to\u015bci. W tym samym czasie odb\u0119d\u0105 si\u0119 spotkania rodzin w r\u00f3\u017cnych formach we wszystkich diecezjach. Biskupi wyrazili wdzi\u0119czno\u015b\u0107 wszystkim zaanga\u017cowanym w duszpasterstwo rodzin, a tak\u017ce tym, kt\u00f3rzy troszcz\u0105 si\u0119 o ludzkie \u017cycie od pocz\u0119cia do naturalnej \u015bmierci. Podkre\u015blono znaczenie rodzin adopcyjnych i zast\u0119pczych, dzi\u0119ki kt\u00f3rym dzieci mog\u0105 odzyska\u0107 normalny dom i mo\u017cliwo\u015b\u0107 wszechstronnego rozwoju.<\/p>\n<p>4. Z wielk\u0105 uwag\u0105 biskupi analizowali skomplikowan\u0105 sytuacj\u0119 na granicy polsko-bia\u0142oruskiej. W pe\u0142ni poparli wyra\u017cone 10 listopada stanowisko Przewodnicz\u0105cego KEP abpa Stanis\u0142awa G\u0105deckiego stanowczo pot\u0119piaj\u0105ce wykorzystywanie dramat\u00f3w ludzkich do prowadzenia dzia\u0142a\u0144 przeciwko suwerenno\u015bci Polski. Biskupi przypominaj\u0105, \u017ce w wielu wypadkach migranci s\u0105 ofiarami bezwzgl\u0119dnych dzia\u0142a\u0144 politycznych oraz chciwo\u015bci mafii przemytniczych. R\u00f3wnocze\u015bnie wyra\u017caj\u0105 wdzi\u0119czno\u015b\u0107 funkcjonariuszom s\u0142u\u017cb mundurowych, Stra\u017cy Granicznej, Wojska Polskiego, Policji, kt\u00f3rzy w tej bardzo trudnej sytuacji ofiarnie wype\u0142niaj\u0105 powierzony im obowi\u0105zek obrony naszych granic i zapewnienia bezpiecze\u0144stwa wszystkim mieszkaj\u0105cym na terytorium Polski. S\u0142owa uznania i wdzi\u0119czno\u015bci wyra\u017caj\u0105 tak\u017ce pod adresem mieszka\u0144c\u00f3w przygranicznych miejscowo\u015bci i parafii, dzia\u0142aj\u0105cych tam skutecznie plac\u00f3wek Caritas, wolontariuszy organizacji pozarz\u0105dowych, za medyczn\u0105 i humanitarn\u0105 pomoc okazan\u0105 migrantom, kt\u00f3rzy znale\u017ali si\u0119 na terytorium Rzeczypospolitej w sytuacji zagro\u017cenia zdrowia i \u017cycia nad sam\u0105 granic\u0105, jak i w o\u015brodkach dla cudzoziemc\u00f3w. W tym duchu biskupi zwracaj\u0105 si\u0119 do rz\u0105dz\u0105cych, by skutecznie broni\u0105c bezpiecze\u0144stwa naszych granic, rodzin i dom\u00f3w, podj\u0119li tak\u017ce trud dostrze\u017cenia b\u0119d\u0105cego w prawdziwej potrzebie przybysza i udzielenia mu, w duchu Ewangelii, koniecznego wsparcia. Usilnie prosz\u0105 o umo\u017cliwienie dost\u0119pu do potrzebuj\u0105cych, tak teraz, jak i po zako\u0144czeniu stanu wyj\u0105tkowego.<\/p>\n<p>5. Pasterze Ko\u015bcio\u0142a katolickiego w Polsce podkre\u015blaj\u0105, \u017ce nie ma sprzeczno\u015bci w r\u00f3wnoczesnym obowi\u0105zku obrony naszych granic i wsparciu dla tych, kt\u00f3rzy stali si\u0119 ofiarami tej trudnej sytuacji. Nie ma te\u017c wewn\u0119trznego konfliktu mi\u0119dzy dobrze rozumianym patriotyzmem i konieczno\u015bci\u0105 obrony naszych granic, a pomoc\u0105 bli\u017aniemu w potrzebie, w duchu dobrego Samarytanina. St\u0105d te\u017c biskupi apeluj\u0105 o dialog i pojednanie w \u017cyciu spo\u0142ecznym i politycznym, w mediach i w debacie publicznej, o odst\u0105pienie od j\u0119zyka nienawi\u015bci i przejaw\u00f3w nietolerancji. Prosz\u0105, by szuka\u0107 dobra ka\u017cdego cz\u0142owieka i ocenia\u0107 rzeczywisto\u015b\u0107 w optyce Ewangelii. Zdecydowanie pot\u0119piaj\u0105 te\u017c wszelkie dzia\u0142ania nacechowane pogard\u0105 tak do poszczeg\u00f3lnych os\u00f3b, jak i ca\u0142ych grup, czego przyk\u0142adem jest zamordowanie ksi\u0119dza w Siedlcach, profanacja i zniszczenie krzy\u017ca w Zielonej G\u00f3rze, czy niedawne zachowania antysemickie w Kaliszu zwi\u0105zane ze spaleniem kopii Statutu Kaliskiego.<\/p>\n<p>6. Biskupi prosz\u0105 wszystkich ludzi wierz\u0105cych o modlitw\u0119 w intencji pokoju i pojednania w naszej Ojczy\u017anie. Zbli\u017caj\u0105cy si\u0119 czas Adwentu mo\u017ce by\u0107 dan\u0105 nam po raz kolejny okazj\u0105 do osobistego nawr\u00f3cenia i uczynk\u00f3w mi\u0142osierdzia. Niech b\u0119dzie to tak\u017ce czas modlitwy o ustanie pandemii, kt\u00f3rej skutki wszyscy odczuwamy. Biskupi ponawiaj\u0105 wcze\u015bniejsze apele o podj\u0119cie roztropnej decyzji o szczepieniach w trosce o \u017cycie, zdrowie i bezpiecze\u0144stwo swoje i innych. Dzi\u0119kuj\u0105 r\u00f3wnie\u017c wszystkim, kt\u00f3rzy z po\u015bwi\u0119ceniem troszcz\u0105 si\u0119 o chorych. Wstawiennictwu Jasnog\u00f3rskiej Pani oraz nowych polskich b\u0142ogos\u0142awionych polecaj\u0105 wszystkich Rodak\u00f3w w kraju i za granic\u0105, udzielaj\u0105c im pasterskiego b\u0142ogos\u0142awie\u0144stwa.<\/p>\n<p>Podpisali pasterze Ko\u015bcio\u0142a katolickiego w Polsce obecni na 390. Zebraniu Plenarnym Konferencji Episkopatu Polski<\/p>\n<p>Jasna G\u00f3ra, 19 listopada 2021 r.<\/p>\n","protected":false},"excerpt":{"rendered":"<p>Komunikat z 390. Zebrania Plenarnego Konferencji Episkopatu Polski W dniach 18 i 19 listopada 2021 r., pod przewodnictwem abp. Stanis\u0142awa G\u0105deckiego, odby\u0142o si\u0119 na Jasnej G\u00f3rze 390. Zebranie Plenarne Konferencji Episkopatu Polski. 1. Jednym z g\u0142\u00f3wnych temat\u00f3w obrad by\u0142o podsumowanie zako\u0144czonej niedawno wizyty ad limina apostolorum, kt\u00f3ra odby\u0142a si\u0119 w Rzymie w dniach od 4 &hellip;<\/p>\n","protected":false},"author":2,"featured_media":20703,"comment_status":"closed","ping_status":"closed","sticky":false,"template":"","format":"standard","meta":{"_mi_skip_tracking":false,"_exactmetrics_sitenote_active":false,"_exactmetrics_sitenote_note":"","_exactmetrics_sitenote_category":0},"categories":[7],"tags":[],"yoast_head":"<!-- This site is optimized with the Yoast SEO plugin v18.1 - https:\/\/yoast.com\/wordpress\/plugins\/seo\/ -->\n<title>Biskupi o aktualnych kwestiach Ko\u015bcio\u0142a w Polsce - Pako\u015b\u0107 \u2013 Kalwaria<\/title>\n<meta name=\"robots\" content=\"index, follow, max-snippet:-1, max-image-preview:large, max-video-preview:-1\" \/>\n<link rel=\"canonical\" href=\"https:\/\/pakosc-kalwaria.franciszkanie.net\/index.php\/2021\/11\/19\/biskupi-o-aktualnych-kwestiach-kosciola-w-polsce\/\" \/>\n<meta property=\"og:locale\" content=\"pl_PL\" \/>\n<meta property=\"og:type\" content=\"article\" \/>\n<meta property=\"og:title\" content=\"Biskupi o aktualnych kwestiach Ko\u015bcio\u0142a w Polsce - Pako\u015b\u0107 \u2013 Kalwaria\" \/>\n<meta property=\"og:description\" content=\"Komunikat z 390. Zebrania Plenarnego Konferencji Episkopatu Polski W dniach 18 i 19 listopada 2021 r., pod przewodnictwem abp. Stanis\u0142awa G\u0105deckiego, odby\u0142o si\u0119 na Jasnej G\u00f3rze 390. Zebranie Plenarne Konferencji Episkopatu Polski. 1. Jednym z g\u0142\u00f3wnych temat\u00f3w obrad by\u0142o podsumowanie zako\u0144czonej niedawno wizyty ad limina apostolorum, kt\u00f3ra odby\u0142a si\u0119 w Rzymie w dniach od 4 &hellip;\" \/>\n<meta property=\"og:url\" content=\"https:\/\/pakosc-kalwaria.franciszkanie.net\/index.php\/2021\/11\/19\/biskupi-o-aktualnych-kwestiach-kosciola-w-polsce\/\" \/>\n<meta property=\"og:site_name\" content=\"Pako\u015b\u0107 \u2013 Kalwaria\" \/>\n<meta property=\"article:author\" content=\"https:\/\/www.facebook.com\/KalwariaPakosc\/\" \/>\n<meta property=\"article:published_time\" content=\"2021-11-19T16:01:48+00:00\" \/>\n<meta property=\"article:modified_time\" content=\"2021-11-19T19:05:23+00:00\" \/>\n<meta property=\"og:image\" content=\"https:\/\/pakosc-kalwaria.franciszkanie.net\/wp-content\/uploads\/2021\/11\/komunikat_390_01-324x235.jpg\" \/>\n\t<meta property=\"og:image:width\" content=\"324\" \/>\n\t<meta property=\"og:image:height\" content=\"235\" \/>\n\t<meta property=\"og:image:type\" content=\"image\/jpeg\" \/>\n<meta name=\"twitter:card\" content=\"summary\" \/>\n<meta name=\"twitter:label1\" content=\"Napisane przez\" \/>\n\t<meta name=\"twitter:data1\" content=\"pakosc-kalwaria\" \/>\n\t<meta name=\"twitter:label2\" content=\"Szacowany czas czytania\" \/>\n\t<meta name=\"twitter:data2\" content=\"5 minut\" \/>\n<script type=\"application\/ld+json\" class=\"yoast-schema-graph\">{\"@context\":\"https:\/\/schema.org\",\"@graph\":[{\"@type\":\"WebSite\",\"@id\":\"https:\/\/pakosc-kalwaria.franciszkanie.net\/#website\",\"url\":\"https:\/\/pakosc-kalwaria.franciszkanie.net\/\",\"name\":\"Pako\u015b\u0107 \u2013 Kalwaria\",\"description\":\"Parafia Rzymsko \u2013 Katolicka p.w. Pana Jezusa Ukrzy\u017cowanego i  Matki Bo\u017cej Bolesnej ul. Barci\u0144ska 60, 88\u2013170 Pako\u015b\u0107 \u2013 Kalwaria\",\"potentialAction\":[{\"@type\":\"SearchAction\",\"target\":{\"@type\":\"EntryPoint\",\"urlTemplate\":\"https:\/\/pakosc-kalwaria.franciszkanie.net\/?s={search_term_string}\"},\"query-input\":\"required name=search_term_string\"}],\"inLanguage\":\"pl-PL\"},{\"@type\":\"ImageObject\",\"@id\":\"https:\/\/pakosc-kalwaria.franciszkanie.net\/index.php\/2021\/11\/19\/biskupi-o-aktualnych-kwestiach-kosciola-w-polsce\/#primaryimage\",\"inLanguage\":\"pl-PL\",\"url\":\"https:\/\/pakosc-kalwaria.franciszkanie.net\/wp-content\/uploads\/2021\/11\/komunikat_390_01-324x235.jpg\",\"contentUrl\":\"https:\/\/pakosc-kalwaria.franciszkanie.net\/wp-content\/uploads\/2021\/11\/komunikat_390_01-324x235.jpg\",\"width\":324,\"height\":235},{\"@type\":\"WebPage\",\"@id\":\"https:\/\/pakosc-kalwaria.franciszkanie.net\/index.php\/2021\/11\/19\/biskupi-o-aktualnych-kwestiach-kosciola-w-polsce\/#webpage\",\"url\":\"https:\/\/pakosc-kalwaria.franciszkanie.net\/index.php\/2021\/11\/19\/biskupi-o-aktualnych-kwestiach-kosciola-w-polsce\/\",\"name\":\"Biskupi o aktualnych kwestiach Ko\u015bcio\u0142a w Polsce - Pako\u015b\u0107 \u2013 Kalwaria\",\"isPartOf\":{\"@id\":\"https:\/\/pakosc-kalwaria.franciszkanie.net\/#website\"},\"primaryImageOfPage\":{\"@id\":\"https:\/\/pakosc-kalwaria.franciszkanie.net\/index.php\/2021\/11\/19\/biskupi-o-aktualnych-kwestiach-kosciola-w-polsce\/#primaryimage\"},\"datePublished\":\"2021-11-19T16:01:48+00:00\",\"dateModified\":\"2021-11-19T19:05:23+00:00\",\"author\":{\"@id\":\"https:\/\/pakosc-kalwaria.franciszkanie.net\/#\/schema\/person\/af10b943be0760709227d060eadcb2aa\"},\"breadcrumb\":{\"@id\":\"https:\/\/pakosc-kalwaria.franciszkanie.net\/index.php\/2021\/11\/19\/biskupi-o-aktualnych-kwestiach-kosciola-w-polsce\/#breadcrumb\"},\"inLanguage\":\"pl-PL\",\"potentialAction\":[{\"@type\":\"ReadAction\",\"target\":[\"https:\/\/pakosc-kalwaria.franciszkanie.net\/index.php\/2021\/11\/19\/biskupi-o-aktualnych-kwestiach-kosciola-w-polsce\/\"]}]},{\"@type\":\"BreadcrumbList\",\"@id\":\"https:\/\/pakosc-kalwaria.franciszkanie.net\/index.php\/2021\/11\/19\/biskupi-o-aktualnych-kwestiach-kosciola-w-polsce\/#breadcrumb\",\"itemListElement\":[{\"@type\":\"ListItem\",\"position\":1,\"name\":\"Strona g\u0142\u00f3wna\",\"item\":\"https:\/\/pakosc-kalwaria.franciszkanie.net\/\"},{\"@type\":\"ListItem\",\"position\":2,\"name\":\"Biskupi o aktualnych kwestiach Ko\u015bcio\u0142a w Polsce\"}]},{\"@type\":\"Person\",\"@id\":\"https:\/\/pakosc-kalwaria.franciszkanie.net\/#\/schema\/person\/af10b943be0760709227d060eadcb2aa\",\"name\":\"pakosc-kalwaria\",\"image\":{\"@type\":\"ImageObject\",\"@id\":\"https:\/\/pakosc-kalwaria.franciszkanie.net\/#personlogo\",\"inLanguage\":\"pl-PL\",\"url\":\"https:\/\/secure.gravatar.com\/avatar\/e7049d338b55eac6a0027ff3218b8d02?s=96&d=mm&r=g\",\"contentUrl\":\"https:\/\/secure.gravatar.com\/avatar\/e7049d338b55eac6a0027ff3218b8d02?s=96&d=mm&r=g\",\"caption\":\"pakosc-kalwaria\"},\"sameAs\":[\"https:\/\/www.facebook.com\/KalwariaPakosc\/\"],\"url\":\"https:\/\/pakosc-kalwaria.franciszkanie.net\/index.php\/author\/pakosc-kalwaria\/\"}]}<\/script>\n<!-- \/ Yoast SEO plugin. -->","yoast_head_json":{"title":"Biskupi o aktualnych kwestiach Ko\u015bcio\u0142a w Polsce - Pako\u015b\u0107 \u2013 Kalwaria","robots":{"index":"index","follow":"follow","max-snippet":"max-snippet:-1","max-image-preview":"max-image-preview:large","max-video-preview":"max-video-preview:-1"},"canonical":"https:\/\/pakosc-kalwaria.franciszkanie.net\/index.php\/2021\/11\/19\/biskupi-o-aktualnych-kwestiach-kosciola-w-polsce\/","og_locale":"pl_PL","og_type":"article","og_title":"Biskupi o aktualnych kwestiach Ko\u015bcio\u0142a w Polsce - Pako\u015b\u0107 \u2013 Kalwaria","og_description":"Komunikat z 390. Zebrania Plenarnego Konferencji Episkopatu Polski W dniach 18 i 19 listopada 2021 r., pod przewodnictwem abp. Stanis\u0142awa G\u0105deckiego, odby\u0142o si\u0119 na Jasnej G\u00f3rze 390. Zebranie Plenarne Konferencji Episkopatu Polski. 1. Jednym z g\u0142\u00f3wnych temat\u00f3w obrad by\u0142o podsumowanie zako\u0144czonej niedawno wizyty ad limina apostolorum, kt\u00f3ra odby\u0142a si\u0119 w Rzymie w dniach od 4 &hellip;","og_url":"https:\/\/pakosc-kalwaria.franciszkanie.net\/index.php\/2021\/11\/19\/biskupi-o-aktualnych-kwestiach-kosciola-w-polsce\/","og_site_name":"Pako\u015b\u0107 \u2013 Kalwaria","article_author":"https:\/\/www.facebook.com\/KalwariaPakosc\/","article_published_time":"2021-11-19T16:01:48+00:00","article_modified_time":"2021-11-19T19:05:23+00:00","og_image":[{"width":324,"height":235,"url":"https:\/\/pakosc-kalwaria.franciszkanie.net\/wp-content\/uploads\/2021\/11\/komunikat_390_01-324x235.jpg","type":"image\/jpeg"}],"twitter_card":"summary","twitter_misc":{"Napisane przez":"pakosc-kalwaria","Szacowany czas czytania":"5 minut"},"schema":{"@context":"https:\/\/schema.org","@graph":[{"@type":"WebSite","@id":"https:\/\/pakosc-kalwaria.franciszkanie.net\/#website","url":"https:\/\/pakosc-kalwaria.franciszkanie.net\/","name":"Pako\u015b\u0107 \u2013 Kalwaria","description":"Parafia Rzymsko \u2013 Katolicka p.w. Pana Jezusa Ukrzy\u017cowanego i  Matki Bo\u017cej Bolesnej ul. Barci\u0144ska 60, 88\u2013170 Pako\u015b\u0107 \u2013 Kalwaria","potentialAction":[{"@type":"SearchAction","target":{"@type":"EntryPoint","urlTemplate":"https:\/\/pakosc-kalwaria.franciszkanie.net\/?s={search_term_string}"},"query-input":"required name=search_term_string"}],"inLanguage":"pl-PL"},{"@type":"ImageObject","@id":"https:\/\/pakosc-kalwaria.franciszkanie.net\/index.php\/2021\/11\/19\/biskupi-o-aktualnych-kwestiach-kosciola-w-polsce\/#primaryimage","inLanguage":"pl-PL","url":"https:\/\/pakosc-kalwaria.franciszkanie.net\/wp-content\/uploads\/2021\/11\/komunikat_390_01-324x235.jpg","contentUrl":"https:\/\/pakosc-kalwaria.franciszkanie.net\/wp-content\/uploads\/2021\/11\/komunikat_390_01-324x235.jpg","width":324,"height":235},{"@type":"WebPage","@id":"https:\/\/pakosc-kalwaria.franciszkanie.net\/index.php\/2021\/11\/19\/biskupi-o-aktualnych-kwestiach-kosciola-w-polsce\/#webpage","url":"https:\/\/pakosc-kalwaria.franciszkanie.net\/index.php\/2021\/11\/19\/biskupi-o-aktualnych-kwestiach-kosciola-w-polsce\/","name":"Biskupi o aktualnych kwestiach Ko\u015bcio\u0142a w Polsce - Pako\u015b\u0107 \u2013 Kalwaria","isPartOf":{"@id":"https:\/\/pakosc-kalwaria.franciszkanie.net\/#website"},"primaryImageOfPage":{"@id":"https:\/\/pakosc-kalwaria.franciszkanie.net\/index.php\/2021\/11\/19\/biskupi-o-aktualnych-kwestiach-kosciola-w-polsce\/#primaryimage"},"datePublished":"2021-11-19T16:01:48+00:00","dateModified":"2021-11-19T19:05:23+00:00","author":{"@id":"https:\/\/pakosc-kalwaria.franciszkanie.net\/#\/schema\/person\/af10b943be0760709227d060eadcb2aa"},"breadcrumb":{"@id":"https:\/\/pakosc-kalwaria.franciszkanie.net\/index.php\/2021\/11\/19\/biskupi-o-aktualnych-kwestiach-kosciola-w-polsce\/#breadcrumb"},"inLanguage":"pl-PL","potentialAction":[{"@type":"ReadAction","target":["https:\/\/pakosc-kalwaria.franciszkanie.net\/index.php\/2021\/11\/19\/biskupi-o-aktualnych-kwestiach-kosciola-w-polsce\/"]}]},{"@type":"BreadcrumbList","@id":"https:\/\/pakosc-kalwaria.franciszkanie.net\/index.php\/2021\/11\/19\/biskupi-o-aktualnych-kwestiach-kosciola-w-polsce\/#breadcrumb","itemListElement":[{"@type":"ListItem","position":1,"name":"Strona g\u0142\u00f3wna","item":"https:\/\/pakosc-kalwaria.franciszkanie.net\/"},{"@type":"ListItem","position":2,"name":"Biskupi o aktualnych kwestiach Ko\u015bcio\u0142a w Polsce"}]},{"@type":"Person","@id":"https:\/\/pakosc-kalwaria.franciszkanie.net\/#\/schema\/person\/af10b943be0760709227d060eadcb2aa","name":"pakosc-kalwaria","image":{"@type":"ImageObject","@id":"https:\/\/pakosc-kalwaria.franciszkanie.net\/#personlogo","inLanguage":"pl-PL","url":"https:\/\/secure.gravatar.com\/avatar\/e7049d338b55eac6a0027ff3218b8d02?s=96&d=mm&r=g","contentUrl":"https:\/\/secure.gravatar.com\/avatar\/e7049d338b55eac6a0027ff3218b8d02?s=96&d=mm&r=g","caption":"pakosc-kalwaria"},"sameAs":["https:\/\/www.facebook.com\/KalwariaPakosc\/"],"url":"https:\/\/pakosc-kalwaria.franciszkanie.net\/index.php\/author\/pakosc-kalwaria\/"}]}},"_links":{"self":[{"href":"https:\/\/pakosc-kalwaria.franciszkanie.net\/index.php\/wp-json\/wp\/v2\/posts\/20702"}],"collection":[{"href":"https:\/\/pakosc-kalwaria.franciszkanie.net\/index.php\/wp-json\/wp\/v2\/posts"}],"about":[{"href":"https:\/\/pakosc-kalwaria.franciszkanie.net\/index.php\/wp-json\/wp\/v2\/types\/post"}],"author":[{"embeddable":true,"href":"https:\/\/pakosc-kalwaria.franciszkanie.net\/index.php\/wp-json\/wp\/v2\/users\/2"}],"replies":[{"embeddable":true,"href":"https:\/\/pakosc-kalwaria.franciszkanie.net\/index.php\/wp-json\/wp\/v2\/comments?post=20702"}],"version-history":[{"count":1,"href":"https:\/\/pakosc-kalwaria.franciszkanie.net\/index.php\/wp-json\/wp\/v2\/posts\/20702\/revisions"}],"predecessor-version":[{"id":20704,"href":"https:\/\/pakosc-kalwaria.franciszkanie.net\/index.php\/wp-json\/wp\/v2\/posts\/20702\/revisions\/20704"}],"wp:featuredmedia":[{"embeddable":true,"href":"https:\/\/pakosc-kalwaria.franciszkanie.net\/index.php\/wp-json\/wp\/v2\/media\/20703"}],"wp:attachment":[{"href":"https:\/\/pakosc-kalwaria.franciszkanie.net\/index.php\/wp-json\/wp\/v2\/media?parent=20702"}],"wp:term":[{"taxonomy":"category","embeddable":true,"href":"https:\/\/pakosc-kalwaria.franciszkanie.net\/index.php\/wp-json\/wp\/v2\/categories?post=20702"},{"taxonomy":"post_tag","embeddable":true,"href":"https:\/\/pakosc-kalwaria.franciszkanie.net\/index.php\/wp-json\/wp\/v2\/tags?post=20702"}],"curies":[{"name":"wp","href":"https:\/\/api.w.org\/{rel}","templated":true}]}}