{"id":20707,"date":"2021-11-21T12:00:55","date_gmt":"2021-11-21T11:00:55","guid":{"rendered":"http:\/\/pakosc-kalwaria.franciszkanie.net\/?p=20707"},"modified":"2021-11-20T15:47:23","modified_gmt":"2021-11-20T14:47:23","slug":"do-medytacji-z-kalwaryjskiego-wzgorza-niedziela-21-11-2021r","status":"publish","type":"post","link":"https:\/\/pakosc-kalwaria.franciszkanie.net\/index.php\/2021\/11\/21\/do-medytacji-z-kalwaryjskiego-wzgorza-niedziela-21-11-2021r\/","title":{"rendered":"Do medytacji z kalwaryjskiego Wzg\u00f3rza \u2013 niedziela 21.11.2021r."},"content":{"rendered":"<p><strong><span style=\"color: #ff0000;\">Z liturgii Uroczysto\u015bci Jezusa Chrystusa Kr\u00f3la Wszech\u015bwiata &#8211; 21.11.2021r. <\/span><\/strong><\/p>\n<p><strong><span style=\"color: #ff0000;\">1. czytanie<\/span><\/strong> (Dn 7, 13-14) <em>Kr\u00f3lestwo Syna Cz\u0142owieczego<br \/>\n<\/em><strong>Czytanie z Ksi\u0119gi proroka Daniela<br \/>\n<\/strong>Patrzy\u0142em w nocnych widzeniach: a oto na ob\u0142okach nieba przybywa jakby Syn Cz\u0142owieczy. Podchodzi do Przedwiecznego i wprowadzaj\u0105 Go przed Niego. Powierzono Mu panowanie, chwa\u0142\u0119 i w\u0142adz\u0119 kr\u00f3lewsk\u0105, a s\u0142u\u017cy\u0142y Mu wszystkie narody, ludy i j\u0119zyki. Panowanie Jego jest wiecznym panowaniem, kt\u00f3re nie przeminie, a Jego kr\u00f3lestwo nie ulegnie zag\u0142adzie. Oto S\u0142owo Bo\u017ce.<\/p>\n<p><span style=\"color: #ff0000;\"><strong>Psalm<\/strong><\/span> (Ps 93 (92), 1. 2 i 5 (R.: por. 1a))<br \/>\n<strong>Pan B\u00f3g kr\u00f3luje, pe\u0142en majestatu<br \/>\n<\/strong>Pan kr\u00f3luje, obl\u00f3k\u0142 si\u0119 w majestat, *<br \/>\nPan wdzia\u0142 pot\u0119g\u0119 i ni\u0105 si\u0119 przepasa\u0142.<br \/>\nTak \u015bwiat utwierdzi\u0142, *<br \/>\n\u017ce si\u0119 nie zachwieje.<\/p>\n<div id=\"tabnowy0all\" class=\"tab-pane fade active in\">\n<p><strong>Pan B\u00f3g kr\u00f3luje, pe\u0142en majestatu<br \/>\n<\/strong>Tw\u00f3j tron niewzruszony na wieki, *<br \/>\nistniejesz od wiek\u00f3w, Bo\u017ce.<br \/>\n\u015awiadectwa Twoje bardzo godne s\u0105 wiary; \u2020<br \/>\nTwojemu domowi \u015bwi\u0119to\u015b\u0107 przystoi *<br \/>\npo wszystkie dni, o Panie.<br \/>\n<strong>Pan B\u00f3g kr\u00f3luje, pe\u0142en majestatu<\/strong><\/p>\n<p><strong><span style=\"color: #ff0000;\">2. czytanie<\/span><\/strong> (Ap 1, 5-8) <em>Chrystus jest w\u0142adc\u0105 kr\u00f3l\u00f3w ziemi<br \/>\n<\/em><strong>Czytanie z Apokalipsy \u015awi\u0119tego Jana Aposto\u0142a<br \/>\n<\/strong>Jezus Chrystus jest \u015awiadkiem Wiernym, Pierworodnym w\u015br\u00f3d umar\u0142ych i W\u0142adc\u0105 kr\u00f3l\u00f3w ziemi. Temu, kt\u00f3ry nas mi\u0142uje i kt\u00f3ry przez sw\u0105 krew uwolni\u0142 nas od naszych grzech\u00f3w, i uczyni\u0142 nas kr\u00f3lestwem \u2013 kap\u0142anami dla Boga i Ojca swojego, Jemu chwa\u0142a i moc na wieki wiek\u00f3w! Amen. Oto nadchodzi z ob\u0142okami i ujrzy Go wszelkie oko i wszyscy, kt\u00f3rzy Go przebili. I b\u0119d\u0105 Go op\u0142akiwa\u0107 wszystkie pokolenia ziemi. Tak: Amen. Ja jestem Alfa i Omega, m\u00f3wi Pan B\u00f3g, Kt\u00f3ry jest, Kt\u00f3ry by\u0142 i Kt\u00f3ry przychodzi, Wszechmog\u0105cy. Oto S\u0142owo Bo\u017ce.<\/p>\n<p><span style=\"color: #ff0000;\"><strong>Aklamacja<\/strong><\/span> (Por. Mk 11, 9c. 10a)<br \/>\n<strong>Alleluja, alleluja, alleluja<br \/>\n<\/strong>B\u0142ogos\u0142awiony, kt\u00f3ry przybywa w imi\u0119 Pa\u0144skie.<br \/>\nB\u0142ogos\u0142awione Jego kr\u00f3lestwo, kt\u00f3re nadchodzi.<br \/>\n<strong>Alleluja, alleluja, alleluja<\/strong><\/p>\n<p><strong><span style=\"color: #ff0000;\">Ewangelia<\/span> <\/strong>(J 18, 33b-37) <em>Kr\u00f3lestwo Chrystusa nie jest z tego \u015bwiata<br \/>\n<\/em><strong>S\u0142owa Ewangelii wed\u0142ug \u015awi\u0119tego Jana<br \/>\n<\/strong>Pi\u0142at powiedzia\u0142 do Jezusa: \u00abCzy Ty jeste\u015b Kr\u00f3lem \u017cydowskim?\u00bb Jezus odpowiedzia\u0142: \u00abCzy to m\u00f3wisz od siebie, czy te\u017c inni powiedzieli ci o Mnie?\u00bb Pi\u0142at odpar\u0142: \u00abCzy ja jestem \u017bydem? Nar\u00f3d Tw\u00f3j i arcykap\u0142ani wydali mi Ciebie. Co uczyni\u0142e\u015b?\u00bb Odpowiedzia\u0142 Jezus: \u00abKr\u00f3lestwo moje nie jest z tego \u015bwiata. Gdyby kr\u00f3lestwo moje by\u0142o z tego \u015bwiata, s\u0142udzy moi biliby si\u0119, abym nie zosta\u0142 wydany \u017bydom. Teraz za\u015b kr\u00f3lestwo moje nie jest st\u0105d\u00bb. Pi\u0142at zatem powiedzia\u0142 do Niego: \u00abA wi\u0119c jeste\u015b kr\u00f3lem?\u00bb Odpowiedzia\u0142 Jezus: \u00abTak, jestem kr\u00f3lem. Ja si\u0119 na to narodzi\u0142em i na to przyszed\u0142em na \u015bwiat, aby da\u0107 \u015bwiadectwo prawdzie. Ka\u017cdy, kto jest z prawdy, s\u0142ucha mojego g\u0142osu\u00bb. Oto S\u0142owo Pa\u0144skie.<\/p>\n<\/div>\n<p><strong><span style=\"color: #ff0000;\">Z kazania na kalwaryjskim Wzg\u00f3rzu \u2013 21.11.2021r.<\/span><br \/>\n<\/strong><strong>Jezus Chrystus Kr\u00f3l jest Prawd\u0105.\u00a0<\/strong><strong><br \/>\n<\/strong>Dzisiejsza uroczysto\u015b\u0107 Chrystusa Kr\u00f3la Wszech\u015bwiata jest ukoronowaniem ca\u0142ego roku liturgicznego. Z Jego bowiem r\u0105k wszystko wysz\u0142o i do Niego wraca, niezale\u017cnie od wiary,\u00a0 \u015bwiatopogl\u0105du czy te\u017c pragnie\u0144 cz\u0142owieka.<br \/>\nKiedy Jezus \u017cy\u0142 na ziemi, nikt nie uwa\u017ca\u0142 Go za kr\u00f3la. Nikt te\u017c nie podejrzewa\u0142, \u017ce mo\u017ce by\u0107 kr\u00f3lem. On sam, gdy Go pr\u00f3bowano obwo\u0142a\u0107 kr\u00f3lem, nie zgodzi\u0142 si\u0119 na to. M\u00f3wi o sobie, \u017ce jest Kr\u00f3lem dopiero w czasie procesu prowadzonego przez Pi\u0142ata, gdy ju\u017c postanowiona jest Jego zguba. W tamtych okoliczno\u015bciach Jego wyznanie sta\u0142o si\u0119 przedmiotem kpin i szyderstwa. Jezus m\u00f3wi\u0105c o sobie, \u017ce jest Kr\u00f3lem, nie zgodzi\u0142 si\u0119 na to, aby Mu na\u0142o\u017cono prawdziw\u0105, z\u0142ot\u0105 kr\u00f3lewsk\u0105 koron\u0119 i dano Mu do r\u0119ki z\u0142ote ber\u0142o. Nie zgodzi\u0142 si\u0119 na to, by ubrano Go w prawdziwy kr\u00f3lewski p\u0142aszcz purpurowy. Ale przyj\u0105\u0142 bez protestu koron\u0119 z ciernia, trzcin\u0119 zamiast ber\u0142a i strz\u0119p czerwonego \u017co\u0142nierskiego p\u0142aszcza. W ten spos\u00f3b jak\u017ce zaskakuj\u0105cy spos\u00f3b Jezus zapowiada swoje \u201ewieczne i powszechne kr\u00f3lestwo, kr\u00f3lestwo\u00a0 prawdy i \u017cycia, kr\u00f3lestwo \u015bwi\u0119to\u015bci i \u0142aski, kr\u00f3lestwo sprawiedliwo\u015bci, mi\u0142o\u015bci i pokoju\u201d.<br \/>\nWypowiadaj\u0105c przed Pi\u0142atem s\u0142owa \u201eJa jestem Kr\u00f3lem\u201d, jednocze\u015bnie Jezus dodaje: \u201eJa si\u0119 na to narodzi\u0142em i na to przyszed\u0142em na \u015bwiat, aby da\u0107 \u015bwiadectwo prawdzie\u201d. \u00a0W innym miejscu Chrystus powie o sobie: \u201eJa jestem drog\u0105 i prawd\u0105, i \u017cyciem\u201d oraz zapewni, \u017ce \u201eprawda was wyzwoli\u201d. W swoim nauczaniu Jezus podkre\u015bla jak bardzo wa\u017cna na co dzie\u0144 jest prawda! Co wi\u0119cej m\u00f3wi o sobie, \u017ce to On jest Prawd\u0105! Dlatego dla nas ludzi wierz\u0105cych w Boga, najwy\u017csz\u0105 i najwa\u017cniejsz\u0105 prawd\u0105 jest sam B\u00f3g Jezus Chrystus! Wypowiedzi Jezusa na temat prawdy u\u015bwiadamiaj\u0105 nam czym jest prawda, dlaczego zajmuje tak wa\u017cne miejsce w nauczaniu Jezusa i w naszym \u017cyciu.<br \/>\nJak bardzo wa\u017cna jest w \u017cyciu \u015bwiadomo\u015b\u0107, \u017ce znamy prawd\u0119. \u017byjemy bowiem w czasach w kt\u00f3rych nie \u0142atwo odnale\u017a\u0107 co jest prawd\u0105 i gdzie prawdy szuka\u0107. W wielu \u017cyciowych sytuacjach zostajemy wystawieni na pr\u00f3b\u0119 czy potrafimy m\u00f3wi\u0107 prawd\u0119, \u017cy\u0107 w prawdzie i stawa\u0107 w obronie prawdy!? Wiemy jak wa\u017cne w \u017cyciu jest m\u00f3wienie prawdy. Tego oczekuj\u0105 od siebie cz\u0142onkowie rodziny, ma\u0142\u017conkowie, pracownicy w zak\u0142adzie pracy, urz\u0119dnicy, a nawet politycy. W\u0142a\u015bciwie ca\u0142e \u017cycie toczy si\u0119 wok\u00f3\u0142 prawdy. Je\u017celi s\u0142yszymy o jaki\u015b faktach czy s\u0142yszymy jak\u0105kolwiek opini\u0119, to niejako automatycznie zak\u0142adamy, \u017ce kto\u015b jest szczery, \u017ce m\u00f3wi prawd\u0119. Jak wa\u017cna jest prawda w mediach i w prasie. Wa\u017cna jest te\u017c prawda historyczna, na kt\u00f3rej buduje si\u0119 wsp\u00f3\u0142czesno\u015b\u0107 i przysz\u0142o\u015b\u0107 ka\u017cdego narodu. M\u00f3wi si\u0119, \u017ce z faktami si\u0119 nie dyskutuje, ale z opiniami to i owszem mo\u017cna, a nawet nieraz i trzeba podyskutowa\u0107, poniewa\u017c opinie ju\u017c nie zawsze zawieraj\u0105 prawd\u0119, a wtedy mog\u0105 by\u0107 dla kogo\u015b bardzo krzywdz\u0105ce.<br \/>\nChrystus pokazuje, \u017ce prawda ma moc, kt\u00f3ra wyzwala cz\u0142owieka zar\u00f3wno w \u017cyciu osobistym, rodzinnym, zawodowym, a tak\u017ce w \u017cyciu politycznym i narodowym. Dlatego nieustannie trzeba stara\u0107 si\u0119 budowa\u0107 \u017cycie na prawdzie. Nale\u017cy wychowywa\u0107 do \u017cycia w prawdzie dzieci i m\u0142odzie\u017c, doceniaj\u0105c ich naturaln\u0105 szczero\u015b\u0107 i otwarto\u015b\u0107. Nie ulegajmy z\u0142udnym piarom, sztuczkom reklamowym i tzw. poprawno\u015bci politycznej, zwalniaj\u0105c si\u0119 jednocze\u015bnie ze zdrowego my\u015blenia, z poszukiwania prawdy i z \u017cycia w prawdzie. B\u0142ogos\u0142awiony jest cz\u0142owiek, kt\u00f3ry \u017cyje w prawdzie: w prawdzie o Bogu, w prawdzie o sobie samym, w prawdzie o drugim cz\u0142owieku, w prawdzie o otaczaj\u0105cym nas \u015bwiecie. Kr\u00f3lestwo Jezusa jest Kr\u00f3lestwem Prawdy i w tej w\u0142a\u015bnie prawdzie Jezus os\u0105dzi na ko\u0144cu czas\u00f3w ka\u017cdego cz\u0142owieka, a wi\u0119c i ka\u017cdego z nas. Kard. Joseph Ratzinger tak to opisa\u0142: \u201ePoprzez \u015bmier\u0107 cz\u0142owiek wkracza w rzeczywisto\u015b\u0107 niczym nieprzes\u0142onion\u0105, wkracza w prawd\u0119. Sko\u0144czy\u0142a si\u0119 maskarada, fikcje i pozory. (&#8230;) S\u0105d polega na zrzuceniu wszystkich masek, kt\u00f3re dokonuje si\u0119 w momencie \u015bmierci. S\u0105d jest sam\u0105 prawd\u0105, objawieniem prawdy. (\u2026) To B\u00f3g jest Prawd\u0105. (&#8230;) Prawd\u0105 os\u0105dzaj\u0105c\u0105 i ostateczn\u0105 mo\u017ce by\u0107 tylko prawda Bo\u017ca. B\u00f3g jest S\u0119dzi\u0105 w tej w\u0142a\u015bnie mierze, w jakiej jest On Prawd\u0105. (&#8230;)\u201d.<br \/>\nMoi Kochani! Warto karmi\u0107 si\u0119 Prawd\u0105 objawion\u0105 przez Boga w Pi\u015bmie \u015bwi\u0119tym! A na co dzie\u0144 kochajmy prawd\u0119, \u017cyjmy prawd\u0105 i prawdy za wszelk\u0105 cen\u0119 bro\u0144my. Amen.<br \/>\n(o.R.)<\/p>\n","protected":false},"excerpt":{"rendered":"<p>Z liturgii Uroczysto\u015bci Jezusa Chrystusa Kr\u00f3la Wszech\u015bwiata &#8211; 21.11.2021r. 1. czytanie (Dn 7, 13-14) Kr\u00f3lestwo Syna Cz\u0142owieczego Czytanie z Ksi\u0119gi proroka Daniela Patrzy\u0142em w nocnych widzeniach: a oto na ob\u0142okach nieba przybywa jakby Syn Cz\u0142owieczy. Podchodzi do Przedwiecznego i wprowadzaj\u0105 Go przed Niego. Powierzono Mu panowanie, chwa\u0142\u0119 i w\u0142adz\u0119 kr\u00f3lewsk\u0105, a s\u0142u\u017cy\u0142y Mu wszystkie narody, &hellip;<\/p>\n","protected":false},"author":2,"featured_media":20708,"comment_status":"closed","ping_status":"closed","sticky":false,"template":"","format":"standard","meta":{"_mi_skip_tracking":false,"_exactmetrics_sitenote_active":false,"_exactmetrics_sitenote_note":"","_exactmetrics_sitenote_category":0},"categories":[14],"tags":[],"yoast_head":"<!-- This site is optimized with the Yoast SEO plugin v18.1 - https:\/\/yoast.com\/wordpress\/plugins\/seo\/ -->\n<title>Do medytacji z kalwaryjskiego Wzg\u00f3rza \u2013 niedziela 21.11.2021r. - Pako\u015b\u0107 \u2013 Kalwaria<\/title>\n<meta name=\"robots\" content=\"index, follow, max-snippet:-1, max-image-preview:large, max-video-preview:-1\" \/>\n<link rel=\"canonical\" href=\"https:\/\/pakosc-kalwaria.franciszkanie.net\/index.php\/2021\/11\/21\/do-medytacji-z-kalwaryjskiego-wzgorza-niedziela-21-11-2021r\/\" \/>\n<meta property=\"og:locale\" content=\"pl_PL\" \/>\n<meta property=\"og:type\" content=\"article\" \/>\n<meta property=\"og:title\" content=\"Do medytacji z kalwaryjskiego Wzg\u00f3rza \u2013 niedziela 21.11.2021r. - Pako\u015b\u0107 \u2013 Kalwaria\" \/>\n<meta property=\"og:description\" content=\"Z liturgii Uroczysto\u015bci Jezusa Chrystusa Kr\u00f3la Wszech\u015bwiata &#8211; 21.11.2021r. 1. czytanie (Dn 7, 13-14) Kr\u00f3lestwo Syna Cz\u0142owieczego Czytanie z Ksi\u0119gi proroka Daniela Patrzy\u0142em w nocnych widzeniach: a oto na ob\u0142okach nieba przybywa jakby Syn Cz\u0142owieczy. Podchodzi do Przedwiecznego i wprowadzaj\u0105 Go przed Niego. Powierzono Mu panowanie, chwa\u0142\u0119 i w\u0142adz\u0119 kr\u00f3lewsk\u0105, a s\u0142u\u017cy\u0142y Mu wszystkie narody, &hellip;\" \/>\n<meta property=\"og:url\" content=\"https:\/\/pakosc-kalwaria.franciszkanie.net\/index.php\/2021\/11\/21\/do-medytacji-z-kalwaryjskiego-wzgorza-niedziela-21-11-2021r\/\" \/>\n<meta property=\"og:site_name\" content=\"Pako\u015b\u0107 \u2013 Kalwaria\" \/>\n<meta property=\"article:author\" content=\"https:\/\/www.facebook.com\/KalwariaPakosc\/\" \/>\n<meta property=\"article:published_time\" content=\"2021-11-21T11:00:55+00:00\" \/>\n<meta property=\"article:modified_time\" content=\"2021-11-20T14:47:23+00:00\" \/>\n<meta property=\"og:image\" content=\"https:\/\/pakosc-kalwaria.franciszkanie.net\/wp-content\/uploads\/2021\/11\/Chrystus_Krol-810x540.jpg\" \/>\n\t<meta property=\"og:image:width\" content=\"330\" \/>\n\t<meta property=\"og:image:height\" content=\"220\" \/>\n\t<meta property=\"og:image:type\" content=\"image\/jpeg\" \/>\n<meta name=\"twitter:card\" content=\"summary\" \/>\n<meta name=\"twitter:label1\" content=\"Napisane przez\" \/>\n\t<meta name=\"twitter:data1\" content=\"pakosc-kalwaria\" \/>\n\t<meta name=\"twitter:label2\" content=\"Szacowany czas czytania\" \/>\n\t<meta name=\"twitter:data2\" content=\"6 minut\" \/>\n<script type=\"application\/ld+json\" class=\"yoast-schema-graph\">{\"@context\":\"https:\/\/schema.org\",\"@graph\":[{\"@type\":\"WebSite\",\"@id\":\"https:\/\/pakosc-kalwaria.franciszkanie.net\/#website\",\"url\":\"https:\/\/pakosc-kalwaria.franciszkanie.net\/\",\"name\":\"Pako\u015b\u0107 \u2013 Kalwaria\",\"description\":\"Parafia Rzymsko \u2013 Katolicka p.w. Pana Jezusa Ukrzy\u017cowanego i  Matki Bo\u017cej Bolesnej ul. Barci\u0144ska 60, 88\u2013170 Pako\u015b\u0107 \u2013 Kalwaria\",\"potentialAction\":[{\"@type\":\"SearchAction\",\"target\":{\"@type\":\"EntryPoint\",\"urlTemplate\":\"https:\/\/pakosc-kalwaria.franciszkanie.net\/?s={search_term_string}\"},\"query-input\":\"required name=search_term_string\"}],\"inLanguage\":\"pl-PL\"},{\"@type\":\"ImageObject\",\"@id\":\"https:\/\/pakosc-kalwaria.franciszkanie.net\/index.php\/2021\/11\/21\/do-medytacji-z-kalwaryjskiego-wzgorza-niedziela-21-11-2021r\/#primaryimage\",\"inLanguage\":\"pl-PL\",\"url\":\"https:\/\/pakosc-kalwaria.franciszkanie.net\/wp-content\/uploads\/2021\/11\/Chrystus_Krol-810x540.jpg\",\"contentUrl\":\"https:\/\/pakosc-kalwaria.franciszkanie.net\/wp-content\/uploads\/2021\/11\/Chrystus_Krol-810x540.jpg\",\"width\":330,\"height\":220},{\"@type\":\"WebPage\",\"@id\":\"https:\/\/pakosc-kalwaria.franciszkanie.net\/index.php\/2021\/11\/21\/do-medytacji-z-kalwaryjskiego-wzgorza-niedziela-21-11-2021r\/#webpage\",\"url\":\"https:\/\/pakosc-kalwaria.franciszkanie.net\/index.php\/2021\/11\/21\/do-medytacji-z-kalwaryjskiego-wzgorza-niedziela-21-11-2021r\/\",\"name\":\"Do medytacji z kalwaryjskiego Wzg\u00f3rza \u2013 niedziela 21.11.2021r. - Pako\u015b\u0107 \u2013 Kalwaria\",\"isPartOf\":{\"@id\":\"https:\/\/pakosc-kalwaria.franciszkanie.net\/#website\"},\"primaryImageOfPage\":{\"@id\":\"https:\/\/pakosc-kalwaria.franciszkanie.net\/index.php\/2021\/11\/21\/do-medytacji-z-kalwaryjskiego-wzgorza-niedziela-21-11-2021r\/#primaryimage\"},\"datePublished\":\"2021-11-21T11:00:55+00:00\",\"dateModified\":\"2021-11-20T14:47:23+00:00\",\"author\":{\"@id\":\"https:\/\/pakosc-kalwaria.franciszkanie.net\/#\/schema\/person\/af10b943be0760709227d060eadcb2aa\"},\"breadcrumb\":{\"@id\":\"https:\/\/pakosc-kalwaria.franciszkanie.net\/index.php\/2021\/11\/21\/do-medytacji-z-kalwaryjskiego-wzgorza-niedziela-21-11-2021r\/#breadcrumb\"},\"inLanguage\":\"pl-PL\",\"potentialAction\":[{\"@type\":\"ReadAction\",\"target\":[\"https:\/\/pakosc-kalwaria.franciszkanie.net\/index.php\/2021\/11\/21\/do-medytacji-z-kalwaryjskiego-wzgorza-niedziela-21-11-2021r\/\"]}]},{\"@type\":\"BreadcrumbList\",\"@id\":\"https:\/\/pakosc-kalwaria.franciszkanie.net\/index.php\/2021\/11\/21\/do-medytacji-z-kalwaryjskiego-wzgorza-niedziela-21-11-2021r\/#breadcrumb\",\"itemListElement\":[{\"@type\":\"ListItem\",\"position\":1,\"name\":\"Strona g\u0142\u00f3wna\",\"item\":\"https:\/\/pakosc-kalwaria.franciszkanie.net\/\"},{\"@type\":\"ListItem\",\"position\":2,\"name\":\"Do medytacji z kalwaryjskiego Wzg\u00f3rza \u2013 niedziela 21.11.2021r.\"}]},{\"@type\":\"Person\",\"@id\":\"https:\/\/pakosc-kalwaria.franciszkanie.net\/#\/schema\/person\/af10b943be0760709227d060eadcb2aa\",\"name\":\"pakosc-kalwaria\",\"image\":{\"@type\":\"ImageObject\",\"@id\":\"https:\/\/pakosc-kalwaria.franciszkanie.net\/#personlogo\",\"inLanguage\":\"pl-PL\",\"url\":\"https:\/\/secure.gravatar.com\/avatar\/e7049d338b55eac6a0027ff3218b8d02?s=96&d=mm&r=g\",\"contentUrl\":\"https:\/\/secure.gravatar.com\/avatar\/e7049d338b55eac6a0027ff3218b8d02?s=96&d=mm&r=g\",\"caption\":\"pakosc-kalwaria\"},\"sameAs\":[\"https:\/\/www.facebook.com\/KalwariaPakosc\/\"],\"url\":\"https:\/\/pakosc-kalwaria.franciszkanie.net\/index.php\/author\/pakosc-kalwaria\/\"}]}<\/script>\n<!-- \/ Yoast SEO plugin. -->","yoast_head_json":{"title":"Do medytacji z kalwaryjskiego Wzg\u00f3rza \u2013 niedziela 21.11.2021r. - Pako\u015b\u0107 \u2013 Kalwaria","robots":{"index":"index","follow":"follow","max-snippet":"max-snippet:-1","max-image-preview":"max-image-preview:large","max-video-preview":"max-video-preview:-1"},"canonical":"https:\/\/pakosc-kalwaria.franciszkanie.net\/index.php\/2021\/11\/21\/do-medytacji-z-kalwaryjskiego-wzgorza-niedziela-21-11-2021r\/","og_locale":"pl_PL","og_type":"article","og_title":"Do medytacji z kalwaryjskiego Wzg\u00f3rza \u2013 niedziela 21.11.2021r. - Pako\u015b\u0107 \u2013 Kalwaria","og_description":"Z liturgii Uroczysto\u015bci Jezusa Chrystusa Kr\u00f3la Wszech\u015bwiata &#8211; 21.11.2021r. 1. czytanie (Dn 7, 13-14) Kr\u00f3lestwo Syna Cz\u0142owieczego Czytanie z Ksi\u0119gi proroka Daniela Patrzy\u0142em w nocnych widzeniach: a oto na ob\u0142okach nieba przybywa jakby Syn Cz\u0142owieczy. Podchodzi do Przedwiecznego i wprowadzaj\u0105 Go przed Niego. Powierzono Mu panowanie, chwa\u0142\u0119 i w\u0142adz\u0119 kr\u00f3lewsk\u0105, a s\u0142u\u017cy\u0142y Mu wszystkie narody, &hellip;","og_url":"https:\/\/pakosc-kalwaria.franciszkanie.net\/index.php\/2021\/11\/21\/do-medytacji-z-kalwaryjskiego-wzgorza-niedziela-21-11-2021r\/","og_site_name":"Pako\u015b\u0107 \u2013 Kalwaria","article_author":"https:\/\/www.facebook.com\/KalwariaPakosc\/","article_published_time":"2021-11-21T11:00:55+00:00","article_modified_time":"2021-11-20T14:47:23+00:00","og_image":[{"width":330,"height":220,"url":"https:\/\/pakosc-kalwaria.franciszkanie.net\/wp-content\/uploads\/2021\/11\/Chrystus_Krol-810x540.jpg","type":"image\/jpeg"}],"twitter_card":"summary","twitter_misc":{"Napisane przez":"pakosc-kalwaria","Szacowany czas czytania":"6 minut"},"schema":{"@context":"https:\/\/schema.org","@graph":[{"@type":"WebSite","@id":"https:\/\/pakosc-kalwaria.franciszkanie.net\/#website","url":"https:\/\/pakosc-kalwaria.franciszkanie.net\/","name":"Pako\u015b\u0107 \u2013 Kalwaria","description":"Parafia Rzymsko \u2013 Katolicka p.w. Pana Jezusa Ukrzy\u017cowanego i  Matki Bo\u017cej Bolesnej ul. Barci\u0144ska 60, 88\u2013170 Pako\u015b\u0107 \u2013 Kalwaria","potentialAction":[{"@type":"SearchAction","target":{"@type":"EntryPoint","urlTemplate":"https:\/\/pakosc-kalwaria.franciszkanie.net\/?s={search_term_string}"},"query-input":"required name=search_term_string"}],"inLanguage":"pl-PL"},{"@type":"ImageObject","@id":"https:\/\/pakosc-kalwaria.franciszkanie.net\/index.php\/2021\/11\/21\/do-medytacji-z-kalwaryjskiego-wzgorza-niedziela-21-11-2021r\/#primaryimage","inLanguage":"pl-PL","url":"https:\/\/pakosc-kalwaria.franciszkanie.net\/wp-content\/uploads\/2021\/11\/Chrystus_Krol-810x540.jpg","contentUrl":"https:\/\/pakosc-kalwaria.franciszkanie.net\/wp-content\/uploads\/2021\/11\/Chrystus_Krol-810x540.jpg","width":330,"height":220},{"@type":"WebPage","@id":"https:\/\/pakosc-kalwaria.franciszkanie.net\/index.php\/2021\/11\/21\/do-medytacji-z-kalwaryjskiego-wzgorza-niedziela-21-11-2021r\/#webpage","url":"https:\/\/pakosc-kalwaria.franciszkanie.net\/index.php\/2021\/11\/21\/do-medytacji-z-kalwaryjskiego-wzgorza-niedziela-21-11-2021r\/","name":"Do medytacji z kalwaryjskiego Wzg\u00f3rza \u2013 niedziela 21.11.2021r. - Pako\u015b\u0107 \u2013 Kalwaria","isPartOf":{"@id":"https:\/\/pakosc-kalwaria.franciszkanie.net\/#website"},"primaryImageOfPage":{"@id":"https:\/\/pakosc-kalwaria.franciszkanie.net\/index.php\/2021\/11\/21\/do-medytacji-z-kalwaryjskiego-wzgorza-niedziela-21-11-2021r\/#primaryimage"},"datePublished":"2021-11-21T11:00:55+00:00","dateModified":"2021-11-20T14:47:23+00:00","author":{"@id":"https:\/\/pakosc-kalwaria.franciszkanie.net\/#\/schema\/person\/af10b943be0760709227d060eadcb2aa"},"breadcrumb":{"@id":"https:\/\/pakosc-kalwaria.franciszkanie.net\/index.php\/2021\/11\/21\/do-medytacji-z-kalwaryjskiego-wzgorza-niedziela-21-11-2021r\/#breadcrumb"},"inLanguage":"pl-PL","potentialAction":[{"@type":"ReadAction","target":["https:\/\/pakosc-kalwaria.franciszkanie.net\/index.php\/2021\/11\/21\/do-medytacji-z-kalwaryjskiego-wzgorza-niedziela-21-11-2021r\/"]}]},{"@type":"BreadcrumbList","@id":"https:\/\/pakosc-kalwaria.franciszkanie.net\/index.php\/2021\/11\/21\/do-medytacji-z-kalwaryjskiego-wzgorza-niedziela-21-11-2021r\/#breadcrumb","itemListElement":[{"@type":"ListItem","position":1,"name":"Strona g\u0142\u00f3wna","item":"https:\/\/pakosc-kalwaria.franciszkanie.net\/"},{"@type":"ListItem","position":2,"name":"Do medytacji z kalwaryjskiego Wzg\u00f3rza \u2013 niedziela 21.11.2021r."}]},{"@type":"Person","@id":"https:\/\/pakosc-kalwaria.franciszkanie.net\/#\/schema\/person\/af10b943be0760709227d060eadcb2aa","name":"pakosc-kalwaria","image":{"@type":"ImageObject","@id":"https:\/\/pakosc-kalwaria.franciszkanie.net\/#personlogo","inLanguage":"pl-PL","url":"https:\/\/secure.gravatar.com\/avatar\/e7049d338b55eac6a0027ff3218b8d02?s=96&d=mm&r=g","contentUrl":"https:\/\/secure.gravatar.com\/avatar\/e7049d338b55eac6a0027ff3218b8d02?s=96&d=mm&r=g","caption":"pakosc-kalwaria"},"sameAs":["https:\/\/www.facebook.com\/KalwariaPakosc\/"],"url":"https:\/\/pakosc-kalwaria.franciszkanie.net\/index.php\/author\/pakosc-kalwaria\/"}]}},"_links":{"self":[{"href":"https:\/\/pakosc-kalwaria.franciszkanie.net\/index.php\/wp-json\/wp\/v2\/posts\/20707"}],"collection":[{"href":"https:\/\/pakosc-kalwaria.franciszkanie.net\/index.php\/wp-json\/wp\/v2\/posts"}],"about":[{"href":"https:\/\/pakosc-kalwaria.franciszkanie.net\/index.php\/wp-json\/wp\/v2\/types\/post"}],"author":[{"embeddable":true,"href":"https:\/\/pakosc-kalwaria.franciszkanie.net\/index.php\/wp-json\/wp\/v2\/users\/2"}],"replies":[{"embeddable":true,"href":"https:\/\/pakosc-kalwaria.franciszkanie.net\/index.php\/wp-json\/wp\/v2\/comments?post=20707"}],"version-history":[{"count":3,"href":"https:\/\/pakosc-kalwaria.franciszkanie.net\/index.php\/wp-json\/wp\/v2\/posts\/20707\/revisions"}],"predecessor-version":[{"id":20711,"href":"https:\/\/pakosc-kalwaria.franciszkanie.net\/index.php\/wp-json\/wp\/v2\/posts\/20707\/revisions\/20711"}],"wp:featuredmedia":[{"embeddable":true,"href":"https:\/\/pakosc-kalwaria.franciszkanie.net\/index.php\/wp-json\/wp\/v2\/media\/20708"}],"wp:attachment":[{"href":"https:\/\/pakosc-kalwaria.franciszkanie.net\/index.php\/wp-json\/wp\/v2\/media?parent=20707"}],"wp:term":[{"taxonomy":"category","embeddable":true,"href":"https:\/\/pakosc-kalwaria.franciszkanie.net\/index.php\/wp-json\/wp\/v2\/categories?post=20707"},{"taxonomy":"post_tag","embeddable":true,"href":"https:\/\/pakosc-kalwaria.franciszkanie.net\/index.php\/wp-json\/wp\/v2\/tags?post=20707"}],"curies":[{"name":"wp","href":"https:\/\/api.w.org\/{rel}","templated":true}]}}