{"id":20713,"date":"2021-11-26T18:00:06","date_gmt":"2021-11-26T17:00:06","guid":{"rendered":"http:\/\/pakosc-kalwaria.franciszkanie.net\/?p=20713"},"modified":"2021-11-26T15:50:34","modified_gmt":"2021-11-26T14:50:34","slug":"do-medytacji-z-kalwaryjskiego-wzgorza-piatek-26-11-2021r","status":"publish","type":"post","link":"https:\/\/pakosc-kalwaria.franciszkanie.net\/index.php\/2021\/11\/26\/do-medytacji-z-kalwaryjskiego-wzgorza-piatek-26-11-2021r\/","title":{"rendered":"Do medytacji z kalwaryjskiego Wzg\u00f3rza \u2013 pi\u0105tek 26.11.2021r."},"content":{"rendered":"<p><strong><span style=\"color: #ff0000;\">Z kazania na kalwaryjskim Wzg\u00f3rzu \u2013 26.11.2021r.<\/span><\/strong><\/p>\n<p><strong>Eucharystia darem Bo\u017cego Mi\u0142osierdzia. <\/strong><strong><br \/>\n<\/strong>Czasami mo\u017cna us\u0142ysze\u0107, \u017ce dar Eucharystii, jaki zostawi\u0142 nam Jezus na Ostatniej Wieczerzy, to dar i znak Bo\u017cego Mi\u0142osierdzia. Dlaczego?<br \/>\n1\/ Tym darem jest sam Jezus, kt\u00f3ry tak jak obieca\u0142 pozostaje ze swoimi uczniami po wszystkie dni a\u017c do sko\u0144czenia \u015bwiata i nie zostawia nas samych na drogach \u017cycia. Co wi\u0119cej Jezus Mi\u0142osierny daje nam siebie, swoje \u0142aski i swoje si\u0142y. O tej szczeg\u00f3lnej mocy p\u0142yn\u0105cej z Eucharystii napisze \u015bw. S. Faustyna: \u201eTen Chleb mocnych daje mi wszelk\u0105 si\u0142\u0119 do prowadzenia tego dzie\u0142a i mam odwag\u0119 do pe\u0142nienia wszystkiego, czego \u017c\u0105da Pan. Odwaga i moc, kt\u00f3ra jest we mnie, nie jest moja, ale Tego, kt\u00f3ry mieszka we mnie \u2013 [taka] jest Eucharystia. Jezu m\u00f3j\u2026 nieraz gdyby nie Eucharystia, nie mia\u0142abym odwagi i\u015b\u0107 dalej po tej drodze, kt\u00f3r\u0105\u015b mi wskaza\u0142\u201d.<br \/>\n2\/ Eucharystia jest darem Bo\u017cego Mi\u0142osierdzia, poniewa\u017c ma moc dokonania przemiany. Jak moc\u0105 Ducha \u015awi\u0119tego w czasie Mszy \u015bwi\u0119tej dokonuje si\u0119 przemiana chleba w Cia\u0142o Chrystusa, a wina w Jego Przenaj\u015bwi\u0119tsz\u0105 Krew, tak moc\u0105 Ducha \u015awi\u0119tego ma dokona\u0107 si\u0119 i w nas przemiana tego co w \u017cyciu grzeszne, w \u017cycie bardziej \u015bwi\u0119te. T\u0119 prawd\u0119 wyra\u017caj\u0105 s\u0142owa, jakie kap\u0142an wypowiada w ciszy przez Komuni\u0105 \u015bwi\u0119t\u0105: \u201ePanie Jezus Chryste, niech przyj\u0119cie Cia\u0142a i Krwi Twojej, nie \u015bci\u0105gnie na mnie wyroku pot\u0119pienia, lecz dzi\u0119ki Twojemu mi\u0142osierdziu niech mnie chroni oraz skutecznie leczy moj\u0105 dusz\u0119 i cia\u0142o\u201d.<br \/>\n3\/ Kolejnym darem, jaki otrzymujemy w Eucharystii z nieprzebranego Mi\u0142osierdzia Bo\u017cego, jest udzia\u0142 w samym \u017ar\u00f3dle mi\u0142osierdzia. To na drzewie Krzy\u017ca, z przebitego boku Mi\u0142osiernego Zbawiciela wyp\u0142yn\u0119\u0142a Krew i Woda, daj\u0105c moc sakramentom Ko\u015bcio\u0142a, a zw\u0142aszcza Eucharystii. B\u00f3g, kt\u00f3ry sam przyj\u0105\u0142 ludzkie cia\u0142o, daje nam w Eucharystii w swojej mi\u0142osiernej mi\u0142o\u015bci samego siebie. Pi\u0119knie wyrazi to \u015bw. Faustyna, pisz\u0105c w swoim Dzienniczku: \u201eO Krwi i Wodo, kt\u00f3ra\u015b wytrysn\u0119\u0142a z Serca Jezusowego, jako zdr\u00f3j mi\u0142osierdzia dla nas \u2013 ufam Tobie\u201d.\u00a0 A b\u0142. Jakub Alberione stwierdzi, \u017ce \u201eW Eucharystii w spos\u00f3b rzeczywisty karmimy si\u0119 Jezusem, poniewa\u017c Jego boskie Serce wch\u0142ania nasze serce w taki spos\u00f3b, \u017ce czyni z niego jedno serce, zespolone z Jego Sercem. Zatem Serce Jezusa uzdrowi nasze serce z trawi\u0105cych je chor\u00f3b (oboj\u0119tno\u015bci, nieufno\u015bci, z\u0142ych sk\u0142onno\u015bci, chorobliwych pasji, pr\u00f3\u017cnych uczu\u0107, ludzkich niezdrowych ambicji), i sprawi, \u017ce b\u0119dzie ono bi\u0142o tym samym rytmem, jakim bije Jego Serce, dla chwa\u0142y Boga i pokoju ludzi\u201d. \u015aw. Jan Pawe\u0142 II, kt\u00f3rego cz\u0119sto nazywa si\u0119 Papie\u017cem Eucharystii, by\u0142 przekonany, \u017ce w zjednoczeniu z Jezusem na Eucharystii i zginaj\u0105c kolana na adoracji Naj\u015bwi\u0119tszego Sakramentu mo\u017cna znale\u017a\u0107 \u017ar\u00f3d\u0142o nadziei i mi\u0142o\u015bci dla \u015bwiata.<br \/>\n4\/ W darze Eucharystii objawia si\u0119 Bo\u017ce Mi\u0142osierdzie, poniewa\u017c jest to widzialny znak niewidzialnej \u0142aski Boga. Widzialnym znakiem jest chleb i wino. Otrzymujemy za\u015b pokarm Bo\u017cy, Chleb mocy na drodze wiary, nadziei i mi\u0142o\u015bci, a wraz z Nim niewidzialne \u0142aski od samego Boga. Jezus Mi\u0142osierny przypomina: \u201eIm dusza wi\u0119cej ufa, tym wi\u0119cej otrzyma. Wielk\u0105 mi s\u0105 pociech\u0105 dusze o bezgranicznej ufno\u015bci, bo w takie dusze przelewam wszystkie skarby swych \u0142ask. Ciesz\u0119 si\u0119 \u017ce \u017c\u0105daj\u0105 wiele, bo moim pragnieniem jest dawa\u0107 wiele, i to bardzo wiele. Smuc\u0119 si\u0119 natomiast, je\u017celi dusze \u017c\u0105daj\u0105 ma\u0142o, zacie\u015bniaj\u0105 swe serca\u201d. Obecno\u015b\u0107 na Eucharystii, nawet wtedy gdy z r\u00f3\u017cnych powod\u00f3w nie mo\u017cna przyjmowa\u0107 Komunii \u015bwi\u0119tej, daje zawsze mo\u017cliwo\u015b\u0107 \u017cycia w promieniach Bo\u017cego Mi\u0142osierdzia. Jezus m\u00f3wi: \u201eTe promienie os\u0142aniaj\u0105 dusze przed zagniewaniem Ojca Mojego. Szcz\u0119\u015bliwy, kto w ich cieniu \u017cy\u0107 b\u0119dzie, bo nie dosi\u0119gnie go sprawiedliwa r\u0119ka Boga\u201d.<br \/>\n5\/ Pami\u0119tajmy, \u017ce Eucharystia to pokarm, kt\u00f3ry daje \u017cycie. Jezus zapewnia: \u201ekto spo\u017cywa ten chleb b\u0119dzie \u017cy\u0142 na wieki\u201d. Eucharystia to tak\u017ce znak wzajemnej, mi\u0142o\u015bci mi\u0119dzy lud\u017ami. B\u00f3g kt\u00f3ry daje nam siebie i kt\u00f3rego przyjmujemy w Komunii \u015bwi\u0119tej, zobowi\u0105zuje nas do takiej samej mi\u0142o\u015bci wobec naszych bli\u017anich. Szukajmy te\u017c w Eucharystii\u00a0 si\u0142y do wzi\u0119cia naszego codziennego krzy\u017ca i p\u00f3j\u015bcia za Jezusem. Amen.<br \/>\n(o.R.)<\/p>\n","protected":false},"excerpt":{"rendered":"<p>Z kazania na kalwaryjskim Wzg\u00f3rzu \u2013 26.11.2021r. Eucharystia darem Bo\u017cego Mi\u0142osierdzia. Czasami mo\u017cna us\u0142ysze\u0107, \u017ce dar Eucharystii, jaki zostawi\u0142 nam Jezus na Ostatniej Wieczerzy, to dar i znak Bo\u017cego Mi\u0142osierdzia. Dlaczego? 1\/ Tym darem jest sam Jezus, kt\u00f3ry tak jak obieca\u0142 pozostaje ze swoimi uczniami po wszystkie dni a\u017c do sko\u0144czenia \u015bwiata i nie zostawia &hellip;<\/p>\n","protected":false},"author":2,"featured_media":20588,"comment_status":"closed","ping_status":"closed","sticky":false,"template":"","format":"standard","meta":{"_mi_skip_tracking":false,"_exactmetrics_sitenote_active":false,"_exactmetrics_sitenote_note":"","_exactmetrics_sitenote_category":0},"categories":[14],"tags":[],"yoast_head":"<!-- This site is optimized with the Yoast SEO plugin v18.1 - https:\/\/yoast.com\/wordpress\/plugins\/seo\/ -->\n<title>Do medytacji z kalwaryjskiego Wzg\u00f3rza \u2013 pi\u0105tek 26.11.2021r. - Pako\u015b\u0107 \u2013 Kalwaria<\/title>\n<meta name=\"robots\" content=\"index, follow, max-snippet:-1, max-image-preview:large, max-video-preview:-1\" \/>\n<link rel=\"canonical\" href=\"https:\/\/pakosc-kalwaria.franciszkanie.net\/index.php\/2021\/11\/26\/do-medytacji-z-kalwaryjskiego-wzgorza-piatek-26-11-2021r\/\" \/>\n<meta property=\"og:locale\" content=\"pl_PL\" \/>\n<meta property=\"og:type\" content=\"article\" \/>\n<meta property=\"og:title\" content=\"Do medytacji z kalwaryjskiego Wzg\u00f3rza \u2013 pi\u0105tek 26.11.2021r. - Pako\u015b\u0107 \u2013 Kalwaria\" \/>\n<meta property=\"og:description\" content=\"Z kazania na kalwaryjskim Wzg\u00f3rzu \u2013 26.11.2021r. Eucharystia darem Bo\u017cego Mi\u0142osierdzia. Czasami mo\u017cna us\u0142ysze\u0107, \u017ce dar Eucharystii, jaki zostawi\u0142 nam Jezus na Ostatniej Wieczerzy, to dar i znak Bo\u017cego Mi\u0142osierdzia. Dlaczego? 1\/ Tym darem jest sam Jezus, kt\u00f3ry tak jak obieca\u0142 pozostaje ze swoimi uczniami po wszystkie dni a\u017c do sko\u0144czenia \u015bwiata i nie zostawia &hellip;\" \/>\n<meta property=\"og:url\" content=\"https:\/\/pakosc-kalwaria.franciszkanie.net\/index.php\/2021\/11\/26\/do-medytacji-z-kalwaryjskiego-wzgorza-piatek-26-11-2021r\/\" \/>\n<meta property=\"og:site_name\" content=\"Pako\u015b\u0107 \u2013 Kalwaria\" \/>\n<meta property=\"article:author\" content=\"https:\/\/www.facebook.com\/KalwariaPakosc\/\" \/>\n<meta property=\"article:published_time\" content=\"2021-11-26T17:00:06+00:00\" \/>\n<meta property=\"article:modified_time\" content=\"2021-11-26T14:50:34+00:00\" \/>\n<meta property=\"og:image\" content=\"https:\/\/pakosc-kalwaria.franciszkanie.net\/wp-content\/uploads\/2021\/10\/DSCN1602-1.jpg\" \/>\n\t<meta property=\"og:image:width\" content=\"300\" \/>\n\t<meta property=\"og:image:height\" content=\"225\" \/>\n\t<meta property=\"og:image:type\" content=\"image\/jpeg\" \/>\n<meta name=\"twitter:card\" content=\"summary\" \/>\n<meta name=\"twitter:label1\" content=\"Napisane przez\" \/>\n\t<meta name=\"twitter:data1\" content=\"pakosc-kalwaria\" \/>\n\t<meta name=\"twitter:label2\" content=\"Szacowany czas czytania\" \/>\n\t<meta name=\"twitter:data2\" content=\"4 minuty\" \/>\n<script type=\"application\/ld+json\" class=\"yoast-schema-graph\">{\"@context\":\"https:\/\/schema.org\",\"@graph\":[{\"@type\":\"WebSite\",\"@id\":\"https:\/\/pakosc-kalwaria.franciszkanie.net\/#website\",\"url\":\"https:\/\/pakosc-kalwaria.franciszkanie.net\/\",\"name\":\"Pako\u015b\u0107 \u2013 Kalwaria\",\"description\":\"Parafia Rzymsko \u2013 Katolicka p.w. Pana Jezusa Ukrzy\u017cowanego i  Matki Bo\u017cej Bolesnej ul. Barci\u0144ska 60, 88\u2013170 Pako\u015b\u0107 \u2013 Kalwaria\",\"potentialAction\":[{\"@type\":\"SearchAction\",\"target\":{\"@type\":\"EntryPoint\",\"urlTemplate\":\"https:\/\/pakosc-kalwaria.franciszkanie.net\/?s={search_term_string}\"},\"query-input\":\"required name=search_term_string\"}],\"inLanguage\":\"pl-PL\"},{\"@type\":\"ImageObject\",\"@id\":\"https:\/\/pakosc-kalwaria.franciszkanie.net\/index.php\/2021\/11\/26\/do-medytacji-z-kalwaryjskiego-wzgorza-piatek-26-11-2021r\/#primaryimage\",\"inLanguage\":\"pl-PL\",\"url\":\"https:\/\/pakosc-kalwaria.franciszkanie.net\/wp-content\/uploads\/2021\/10\/DSCN1602-1.jpg\",\"contentUrl\":\"https:\/\/pakosc-kalwaria.franciszkanie.net\/wp-content\/uploads\/2021\/10\/DSCN1602-1.jpg\",\"width\":300,\"height\":225},{\"@type\":\"WebPage\",\"@id\":\"https:\/\/pakosc-kalwaria.franciszkanie.net\/index.php\/2021\/11\/26\/do-medytacji-z-kalwaryjskiego-wzgorza-piatek-26-11-2021r\/#webpage\",\"url\":\"https:\/\/pakosc-kalwaria.franciszkanie.net\/index.php\/2021\/11\/26\/do-medytacji-z-kalwaryjskiego-wzgorza-piatek-26-11-2021r\/\",\"name\":\"Do medytacji z kalwaryjskiego Wzg\u00f3rza \u2013 pi\u0105tek 26.11.2021r. - Pako\u015b\u0107 \u2013 Kalwaria\",\"isPartOf\":{\"@id\":\"https:\/\/pakosc-kalwaria.franciszkanie.net\/#website\"},\"primaryImageOfPage\":{\"@id\":\"https:\/\/pakosc-kalwaria.franciszkanie.net\/index.php\/2021\/11\/26\/do-medytacji-z-kalwaryjskiego-wzgorza-piatek-26-11-2021r\/#primaryimage\"},\"datePublished\":\"2021-11-26T17:00:06+00:00\",\"dateModified\":\"2021-11-26T14:50:34+00:00\",\"author\":{\"@id\":\"https:\/\/pakosc-kalwaria.franciszkanie.net\/#\/schema\/person\/af10b943be0760709227d060eadcb2aa\"},\"breadcrumb\":{\"@id\":\"https:\/\/pakosc-kalwaria.franciszkanie.net\/index.php\/2021\/11\/26\/do-medytacji-z-kalwaryjskiego-wzgorza-piatek-26-11-2021r\/#breadcrumb\"},\"inLanguage\":\"pl-PL\",\"potentialAction\":[{\"@type\":\"ReadAction\",\"target\":[\"https:\/\/pakosc-kalwaria.franciszkanie.net\/index.php\/2021\/11\/26\/do-medytacji-z-kalwaryjskiego-wzgorza-piatek-26-11-2021r\/\"]}]},{\"@type\":\"BreadcrumbList\",\"@id\":\"https:\/\/pakosc-kalwaria.franciszkanie.net\/index.php\/2021\/11\/26\/do-medytacji-z-kalwaryjskiego-wzgorza-piatek-26-11-2021r\/#breadcrumb\",\"itemListElement\":[{\"@type\":\"ListItem\",\"position\":1,\"name\":\"Strona g\u0142\u00f3wna\",\"item\":\"https:\/\/pakosc-kalwaria.franciszkanie.net\/\"},{\"@type\":\"ListItem\",\"position\":2,\"name\":\"Do medytacji z kalwaryjskiego Wzg\u00f3rza \u2013 pi\u0105tek 26.11.2021r.\"}]},{\"@type\":\"Person\",\"@id\":\"https:\/\/pakosc-kalwaria.franciszkanie.net\/#\/schema\/person\/af10b943be0760709227d060eadcb2aa\",\"name\":\"pakosc-kalwaria\",\"image\":{\"@type\":\"ImageObject\",\"@id\":\"https:\/\/pakosc-kalwaria.franciszkanie.net\/#personlogo\",\"inLanguage\":\"pl-PL\",\"url\":\"https:\/\/secure.gravatar.com\/avatar\/e7049d338b55eac6a0027ff3218b8d02?s=96&d=mm&r=g\",\"contentUrl\":\"https:\/\/secure.gravatar.com\/avatar\/e7049d338b55eac6a0027ff3218b8d02?s=96&d=mm&r=g\",\"caption\":\"pakosc-kalwaria\"},\"sameAs\":[\"https:\/\/www.facebook.com\/KalwariaPakosc\/\"],\"url\":\"https:\/\/pakosc-kalwaria.franciszkanie.net\/index.php\/author\/pakosc-kalwaria\/\"}]}<\/script>\n<!-- \/ Yoast SEO plugin. -->","yoast_head_json":{"title":"Do medytacji z kalwaryjskiego Wzg\u00f3rza \u2013 pi\u0105tek 26.11.2021r. - Pako\u015b\u0107 \u2013 Kalwaria","robots":{"index":"index","follow":"follow","max-snippet":"max-snippet:-1","max-image-preview":"max-image-preview:large","max-video-preview":"max-video-preview:-1"},"canonical":"https:\/\/pakosc-kalwaria.franciszkanie.net\/index.php\/2021\/11\/26\/do-medytacji-z-kalwaryjskiego-wzgorza-piatek-26-11-2021r\/","og_locale":"pl_PL","og_type":"article","og_title":"Do medytacji z kalwaryjskiego Wzg\u00f3rza \u2013 pi\u0105tek 26.11.2021r. - Pako\u015b\u0107 \u2013 Kalwaria","og_description":"Z kazania na kalwaryjskim Wzg\u00f3rzu \u2013 26.11.2021r. Eucharystia darem Bo\u017cego Mi\u0142osierdzia. Czasami mo\u017cna us\u0142ysze\u0107, \u017ce dar Eucharystii, jaki zostawi\u0142 nam Jezus na Ostatniej Wieczerzy, to dar i znak Bo\u017cego Mi\u0142osierdzia. Dlaczego? 1\/ Tym darem jest sam Jezus, kt\u00f3ry tak jak obieca\u0142 pozostaje ze swoimi uczniami po wszystkie dni a\u017c do sko\u0144czenia \u015bwiata i nie zostawia &hellip;","og_url":"https:\/\/pakosc-kalwaria.franciszkanie.net\/index.php\/2021\/11\/26\/do-medytacji-z-kalwaryjskiego-wzgorza-piatek-26-11-2021r\/","og_site_name":"Pako\u015b\u0107 \u2013 Kalwaria","article_author":"https:\/\/www.facebook.com\/KalwariaPakosc\/","article_published_time":"2021-11-26T17:00:06+00:00","article_modified_time":"2021-11-26T14:50:34+00:00","og_image":[{"width":300,"height":225,"url":"https:\/\/pakosc-kalwaria.franciszkanie.net\/wp-content\/uploads\/2021\/10\/DSCN1602-1.jpg","type":"image\/jpeg"}],"twitter_card":"summary","twitter_misc":{"Napisane przez":"pakosc-kalwaria","Szacowany czas czytania":"4 minuty"},"schema":{"@context":"https:\/\/schema.org","@graph":[{"@type":"WebSite","@id":"https:\/\/pakosc-kalwaria.franciszkanie.net\/#website","url":"https:\/\/pakosc-kalwaria.franciszkanie.net\/","name":"Pako\u015b\u0107 \u2013 Kalwaria","description":"Parafia Rzymsko \u2013 Katolicka p.w. Pana Jezusa Ukrzy\u017cowanego i  Matki Bo\u017cej Bolesnej ul. Barci\u0144ska 60, 88\u2013170 Pako\u015b\u0107 \u2013 Kalwaria","potentialAction":[{"@type":"SearchAction","target":{"@type":"EntryPoint","urlTemplate":"https:\/\/pakosc-kalwaria.franciszkanie.net\/?s={search_term_string}"},"query-input":"required name=search_term_string"}],"inLanguage":"pl-PL"},{"@type":"ImageObject","@id":"https:\/\/pakosc-kalwaria.franciszkanie.net\/index.php\/2021\/11\/26\/do-medytacji-z-kalwaryjskiego-wzgorza-piatek-26-11-2021r\/#primaryimage","inLanguage":"pl-PL","url":"https:\/\/pakosc-kalwaria.franciszkanie.net\/wp-content\/uploads\/2021\/10\/DSCN1602-1.jpg","contentUrl":"https:\/\/pakosc-kalwaria.franciszkanie.net\/wp-content\/uploads\/2021\/10\/DSCN1602-1.jpg","width":300,"height":225},{"@type":"WebPage","@id":"https:\/\/pakosc-kalwaria.franciszkanie.net\/index.php\/2021\/11\/26\/do-medytacji-z-kalwaryjskiego-wzgorza-piatek-26-11-2021r\/#webpage","url":"https:\/\/pakosc-kalwaria.franciszkanie.net\/index.php\/2021\/11\/26\/do-medytacji-z-kalwaryjskiego-wzgorza-piatek-26-11-2021r\/","name":"Do medytacji z kalwaryjskiego Wzg\u00f3rza \u2013 pi\u0105tek 26.11.2021r. - Pako\u015b\u0107 \u2013 Kalwaria","isPartOf":{"@id":"https:\/\/pakosc-kalwaria.franciszkanie.net\/#website"},"primaryImageOfPage":{"@id":"https:\/\/pakosc-kalwaria.franciszkanie.net\/index.php\/2021\/11\/26\/do-medytacji-z-kalwaryjskiego-wzgorza-piatek-26-11-2021r\/#primaryimage"},"datePublished":"2021-11-26T17:00:06+00:00","dateModified":"2021-11-26T14:50:34+00:00","author":{"@id":"https:\/\/pakosc-kalwaria.franciszkanie.net\/#\/schema\/person\/af10b943be0760709227d060eadcb2aa"},"breadcrumb":{"@id":"https:\/\/pakosc-kalwaria.franciszkanie.net\/index.php\/2021\/11\/26\/do-medytacji-z-kalwaryjskiego-wzgorza-piatek-26-11-2021r\/#breadcrumb"},"inLanguage":"pl-PL","potentialAction":[{"@type":"ReadAction","target":["https:\/\/pakosc-kalwaria.franciszkanie.net\/index.php\/2021\/11\/26\/do-medytacji-z-kalwaryjskiego-wzgorza-piatek-26-11-2021r\/"]}]},{"@type":"BreadcrumbList","@id":"https:\/\/pakosc-kalwaria.franciszkanie.net\/index.php\/2021\/11\/26\/do-medytacji-z-kalwaryjskiego-wzgorza-piatek-26-11-2021r\/#breadcrumb","itemListElement":[{"@type":"ListItem","position":1,"name":"Strona g\u0142\u00f3wna","item":"https:\/\/pakosc-kalwaria.franciszkanie.net\/"},{"@type":"ListItem","position":2,"name":"Do medytacji z kalwaryjskiego Wzg\u00f3rza \u2013 pi\u0105tek 26.11.2021r."}]},{"@type":"Person","@id":"https:\/\/pakosc-kalwaria.franciszkanie.net\/#\/schema\/person\/af10b943be0760709227d060eadcb2aa","name":"pakosc-kalwaria","image":{"@type":"ImageObject","@id":"https:\/\/pakosc-kalwaria.franciszkanie.net\/#personlogo","inLanguage":"pl-PL","url":"https:\/\/secure.gravatar.com\/avatar\/e7049d338b55eac6a0027ff3218b8d02?s=96&d=mm&r=g","contentUrl":"https:\/\/secure.gravatar.com\/avatar\/e7049d338b55eac6a0027ff3218b8d02?s=96&d=mm&r=g","caption":"pakosc-kalwaria"},"sameAs":["https:\/\/www.facebook.com\/KalwariaPakosc\/"],"url":"https:\/\/pakosc-kalwaria.franciszkanie.net\/index.php\/author\/pakosc-kalwaria\/"}]}},"_links":{"self":[{"href":"https:\/\/pakosc-kalwaria.franciszkanie.net\/index.php\/wp-json\/wp\/v2\/posts\/20713"}],"collection":[{"href":"https:\/\/pakosc-kalwaria.franciszkanie.net\/index.php\/wp-json\/wp\/v2\/posts"}],"about":[{"href":"https:\/\/pakosc-kalwaria.franciszkanie.net\/index.php\/wp-json\/wp\/v2\/types\/post"}],"author":[{"embeddable":true,"href":"https:\/\/pakosc-kalwaria.franciszkanie.net\/index.php\/wp-json\/wp\/v2\/users\/2"}],"replies":[{"embeddable":true,"href":"https:\/\/pakosc-kalwaria.franciszkanie.net\/index.php\/wp-json\/wp\/v2\/comments?post=20713"}],"version-history":[{"count":2,"href":"https:\/\/pakosc-kalwaria.franciszkanie.net\/index.php\/wp-json\/wp\/v2\/posts\/20713\/revisions"}],"predecessor-version":[{"id":20715,"href":"https:\/\/pakosc-kalwaria.franciszkanie.net\/index.php\/wp-json\/wp\/v2\/posts\/20713\/revisions\/20715"}],"wp:featuredmedia":[{"embeddable":true,"href":"https:\/\/pakosc-kalwaria.franciszkanie.net\/index.php\/wp-json\/wp\/v2\/media\/20588"}],"wp:attachment":[{"href":"https:\/\/pakosc-kalwaria.franciszkanie.net\/index.php\/wp-json\/wp\/v2\/media?parent=20713"}],"wp:term":[{"taxonomy":"category","embeddable":true,"href":"https:\/\/pakosc-kalwaria.franciszkanie.net\/index.php\/wp-json\/wp\/v2\/categories?post=20713"},{"taxonomy":"post_tag","embeddable":true,"href":"https:\/\/pakosc-kalwaria.franciszkanie.net\/index.php\/wp-json\/wp\/v2\/tags?post=20713"}],"curies":[{"name":"wp","href":"https:\/\/api.w.org\/{rel}","templated":true}]}}