{"id":20768,"date":"2021-12-02T13:00:13","date_gmt":"2021-12-02T12:00:13","guid":{"rendered":"http:\/\/pakosc-kalwaria.franciszkanie.net\/?p=20768"},"modified":"2021-12-07T22:01:33","modified_gmt":"2021-12-07T21:01:33","slug":"nowenna-przed-uroczystoscia-niepokalanego-poczecia-nmp","status":"publish","type":"post","link":"https:\/\/pakosc-kalwaria.franciszkanie.net\/index.php\/2021\/12\/02\/nowenna-przed-uroczystoscia-niepokalanego-poczecia-nmp\/","title":{"rendered":"Nowenna przed uroczysto\u015bci\u0105 Niepokalanego Pocz\u0119cia NMP"},"content":{"rendered":"<div class=\"entry-content\">\n<div class=\"entry-content\">\n<p><span style=\"color: #ff0000;\"><strong>Nowenna przed uroczysto\u015bci\u0105 Niepokalanego Pocz\u0119cia Naj\u015bwi\u0119tszej Maryi Panny<\/strong> <\/span>\u2013 jedno z nabo\u017ce\u0144stw maryjnych, tak zwanych nowenn wchodz\u0105cych w sk\u0142ad liturgii katolickiej lub te\u017c modlitwa prywatna odprawiana lub odmawiana przez dziewi\u0119\u0107 (z \u0142ac. novem \u201edziewi\u0119\u0107\u201d) kolejnych dni, poprzedzaj\u0105ce uroczysto\u015b\u0107 Niepokalanego Pocz\u0119cia NMP, kt\u00f3r\u0105 Ko\u015bci\u00f3\u0142 katolicki obchodzi w dniu 8 grudnia.<\/p>\n<p><strong>\u00a0<\/strong><\/p>\n<p class=\"entry-title\"><strong>Nowenn\u0119 przed uroczysto\u015bci\u0105 Niepokalanego Pocz\u0119cia NMP rozpoczynamy <span style=\"color: #ff0000;\">29 listopada i ko\u0144czymy 7 grudnia.<\/span> Zach\u0119camy do jej odmawiania.<\/strong><\/p>\n<p><strong>W imi\u0119 Ojca i Syna, i Ducha \u015awi\u0119tego. Amen.<\/strong><\/p>\n<p><strong>Modlitwa wst\u0119pna<\/strong> (Modlitw\u0119 wst\u0119pn\u0105 nale\u017cy odmawia\u0107 ka\u017cdego dnia nowenny)<br \/>\nMaryjo, Pani Niepokalana, uwielbiamy razem z Tob\u0105 Tr\u00f3jc\u0119 Przenaj\u015bwi\u0119tsz\u0105 i dzi\u0119kujemy, \u017ce Ci\u0119 obdarowa\u0142a wolno\u015bci\u0105 od grzechu pierworodnego. Prosimy Ci\u0119 gor\u0105co, przyjmij nasze b\u0142agania i otaczaj nas sw\u0105 pomoc\u0105 i opiek\u0105. Amen.<\/p>\n<p><strong>Dzie\u0144 1. \u2013 29 listopada<br \/>\n<\/strong>Maryjo Niepokalana, s\u0142awimy Twoje Niepokalane Pocz\u0119cie. Ciebie anio\u0142 Gabriel przywita\u0142 w imieniu Boga s\u0142owami: \u201eB\u0105d\u017a pozdrowiona, pe\u0142na \u0142aski, Pan z Tob\u0105\u201d (\u0141k 1, 28). Spraw, prosimy, by wzywanie Twojego imienia pokona\u0142o w nas z\u0142e sk\u0142onno\u015bci i po\u017c\u0105dliwo\u015bci. Amen.<\/p>\n<p><strong>Dzie\u0144 2. \u2013 30 listopada<br \/>\n<\/strong>Maryjo Niepokalana, Ty jeste\u015b pokorn\u0105 S\u0142u\u017cebnic\u0105 Pa\u0144sk\u0105. Sama nazwa\u0142a\u015b si\u0119 tak w rozmowie z wys\u0142annikiem Bo\u017cym: \u201eOto ja s\u0142u\u017cebnica Pa\u0144ska, niech mi si\u0119 stanie wed\u0142ug twego s\u0142owa\u201d (\u0141k 1, 38). Spraw wstawiennictwem Twym u Syna, aby pycha nie zatruwa\u0142a naszych dusz. Amen.<\/p>\n<p><strong>Dzie\u0144 3. \u2013 1 grudnia<br \/>\n<\/strong>Maryjo Niepokalana, Ty przebaczy\u0142a\u015b wszystkim, kt\u00f3rzy ranili Serce Syna Twego i Twoje Serce. Tw\u00f3j Syn uczy\u0142 modlitwy do Ojca: \u201ePrzebacz nam nasze winy, jak i my przebaczamy tym, kt\u00f3rzy przeciw nam zawinili\u201d (Mt 6, 12). Ulecz nas z niech\u0119ci do bli\u017anich i natchnij \u017cyczliwo\u015bci\u0105 do nich. Amen.<\/p>\n<p><strong>Dzie\u0144 4. \u2013 2 grudnia<br \/>\n<\/strong>Maryjo Niepokalana, dziewicza niewinno\u015b\u0107 jest szczeg\u00f3ln\u0105 Twoj\u0105 ozdob\u0105. W rozmowie z anio\u0142em pyta\u0142a\u015b: \u201eJak\u017ce si\u0119 to stanie, skoro nie znam m\u0119\u017ca?\u201d (\u0141k 1, 34). Naucz nas ceni\u0107 t\u0119 cnot\u0119 i brzydzi\u0107 si\u0119 wszelkim grzechem nieczystym. Amen.<\/p>\n<p><strong>Dzie\u0144 5. \u2013 3 grudnia<br \/>\n<\/strong>Maryjo Niepokalana, wszystkie s\u0142owa Syna i o Synu Twym wypowiedziane zachowa\u0142a\u015b w Sercu swoim. On m\u00f3wi\u0142: \u201eNie s\u0105d\u017acie, a nie b\u0119dziecie s\u0105dzeni; nie pot\u0119piajcie, a nie b\u0119dziecie pot\u0119pieni\u201d (\u0141k 6, 37). Zachowaj nas Matko, od obmowy i oszczerstw, kt\u00f3re rani\u0105 serca bli\u017anich. Amen.<\/p>\n<p><strong>Dzie\u0144 6. \u2013 4 grudnia<br \/>\n<\/strong>Maryjo Niepokalana, Tw\u00f3j Syn uczy\u0142: \u201eUwa\u017cajcie na siebie, aby wasze serca nie by\u0142y oci\u0119\u017ca\u0142e wskutek ob\u017carstwa, pija\u0144stwa i trosk doczesnych\u201d (\u0141k 21, 34). Upro\u015b nam \u0142ask\u0119, aby wstrzemi\u0119\u017aliwo\u015b\u0107 i trze\u017awo\u015b\u0107 sta\u0142y si\u0119 znamionami naszego \u017cycia. Amen.<\/p>\n<p><strong>Dzie\u0144 7. \u2013 5 grudnia<br \/>\n<\/strong>Maryjo Niepokalana, Ty by\u0142a\u015b zawsze wiern\u0105 w wype\u0142nianiu woli Bo\u017cej. \u015awi\u0119ty Jan sk\u0142ada o Tobie \u015bwiadectwo, \u017ce wytrwa\u0142a\u015b przy Jezusie do ko\u0144ca: \u201eA obok krzy\u017ca Jezusowego sta\u0142y: Matka Jego\u2026\u201d (J 19, 25). A my ile\u017c razy wykraczali\u015bmy przeciwko przykazaniom Bo\u017cym? Naucz nas, Matko, poszanowania woli Twego Syna. Amen.<\/p>\n<p><strong>Dzie\u0144 8. \u2013 6 grudnia<br \/>\n<\/strong>Maryjo Niepokalana, Syn Tw\u00f3j powiedzia\u0142: \u201eNiech wasza mowa b\u0119dzie: Tak, tak; nie, nie\u201d (Mt 5, 37), czyli prosta i szczera, a tymczasem w nas tyle nieszczero\u015bci i pozy. Upro\u015b nam \u0142ask\u0119 prostoty i prawdy. Amen.<\/p>\n<p><strong>Dzie\u0144 9. \u2013 7 grudnia<br \/>\n<\/strong>Maryjo Niepokalana, oto ju\u017c zbli\u017ca si\u0119 Twoje \u015bwi\u0119to. Ty jeste\u015b arcydzie\u0142em Tr\u00f3jcy Przenaj\u015bwi\u0119tszej. Mi\u0142o\u015b\u0107 Bo\u017ca da\u0142a nam Ciebie. Dzi\u0119kujemy Bogu wdzi\u0119cznym sercem za ten wielki dar, a Ciebie prosimy, naucz nas kocha\u0107 szczerze Ojca w niebie i braci na ziemi. Amen.<\/p>\n<p><strong>Antyfona<br \/>\n<\/strong>Ca\u0142a pi\u0119kna jeste\u015b, Maryjo,<br \/>\ni zmazy pierworodnej nie ma w Tobie.<br \/>\nTy\u015b chwa\u0142\u0105 Jeruzalem,<br \/>\nTy\u015b weselem Izraela,<br \/>\nTy\u015b chlub\u0105 ludu naszego,<br \/>\nTy\u015b ucieczk\u0105 grzesznik\u00f3w,<br \/>\no Maryjo, Panno Najroztropniejsza,<br \/>\no Matko Najmi\u0142osierniejsza,<br \/>\nm\u00f3dl si\u0119 za nami i wstaw si\u0119 u Twego Syna, Jezusa Chrystusa, Pana naszego. Amen.<\/p>\n<p><strong>K.<\/strong> W pocz\u0119ciu Twoim, Panno, Niepokalana\u015b by\u0142a.<br \/>\n<strong>W.<\/strong> M\u00f3dl si\u0119 za nami do Boga Ojca, kt\u00f3rego\u015b Syna porodzi\u0142a.<\/p>\n<p><strong>M\u00f3dlmy si\u0119.<\/strong><br \/>\nBo\u017ce, Ty przez Niepokalane Pocz\u0119cie Naj\u015bwi\u0119tszej Dziewicy przygotowa\u0142e\u015b swojemu Synowi godne mieszkanie i na mocy zas\u0142ug przewidzianej \u015bmierci Chrystusa zachowa\u0142e\u015b J\u0105 od wszelkiej zmazy, daj nam za Jej przyczyn\u0105 doj\u015b\u0107 do Ciebie bez grzechu. Przez Chrystusa, Pana naszego.<br \/>\n<strong>W.<\/strong> Amen.<\/p>\n<\/div>\n<\/div>\n","protected":false},"excerpt":{"rendered":"<p>Nowenna przed uroczysto\u015bci\u0105 Niepokalanego Pocz\u0119cia Naj\u015bwi\u0119tszej Maryi Panny \u2013 jedno z nabo\u017ce\u0144stw maryjnych, tak zwanych nowenn wchodz\u0105cych w sk\u0142ad liturgii katolickiej lub te\u017c modlitwa prywatna odprawiana lub odmawiana przez dziewi\u0119\u0107 (z \u0142ac. novem \u201edziewi\u0119\u0107\u201d) kolejnych dni, poprzedzaj\u0105ce uroczysto\u015b\u0107 Niepokalanego Pocz\u0119cia NMP, kt\u00f3r\u0105 Ko\u015bci\u00f3\u0142 katolicki obchodzi w dniu 8 grudnia. \u00a0 Nowenn\u0119 przed uroczysto\u015bci\u0105 Niepokalanego Pocz\u0119cia &hellip;<\/p>\n","protected":false},"author":2,"featured_media":20769,"comment_status":"closed","ping_status":"closed","sticky":false,"template":"","format":"standard","meta":{"_mi_skip_tracking":false,"_exactmetrics_sitenote_active":false,"_exactmetrics_sitenote_note":"","_exactmetrics_sitenote_category":0},"categories":[13,14],"tags":[],"yoast_head":"<!-- This site is optimized with the Yoast SEO plugin v18.1 - https:\/\/yoast.com\/wordpress\/plugins\/seo\/ -->\n<title>Nowenna przed uroczysto\u015bci\u0105 Niepokalanego Pocz\u0119cia NMP - Pako\u015b\u0107 \u2013 Kalwaria<\/title>\n<meta name=\"robots\" content=\"index, follow, max-snippet:-1, max-image-preview:large, max-video-preview:-1\" \/>\n<link rel=\"canonical\" href=\"https:\/\/pakosc-kalwaria.franciszkanie.net\/index.php\/2021\/12\/02\/nowenna-przed-uroczystoscia-niepokalanego-poczecia-nmp\/\" \/>\n<meta property=\"og:locale\" content=\"pl_PL\" \/>\n<meta property=\"og:type\" content=\"article\" \/>\n<meta property=\"og:title\" content=\"Nowenna przed uroczysto\u015bci\u0105 Niepokalanego Pocz\u0119cia NMP - Pako\u015b\u0107 \u2013 Kalwaria\" \/>\n<meta property=\"og:description\" content=\"Nowenna przed uroczysto\u015bci\u0105 Niepokalanego Pocz\u0119cia Naj\u015bwi\u0119tszej Maryi Panny \u2013 jedno z nabo\u017ce\u0144stw maryjnych, tak zwanych nowenn wchodz\u0105cych w sk\u0142ad liturgii katolickiej lub te\u017c modlitwa prywatna odprawiana lub odmawiana przez dziewi\u0119\u0107 (z \u0142ac. novem \u201edziewi\u0119\u0107\u201d) kolejnych dni, poprzedzaj\u0105ce uroczysto\u015b\u0107 Niepokalanego Pocz\u0119cia NMP, kt\u00f3r\u0105 Ko\u015bci\u00f3\u0142 katolicki obchodzi w dniu 8 grudnia. \u00a0 Nowenn\u0119 przed uroczysto\u015bci\u0105 Niepokalanego Pocz\u0119cia &hellip;\" \/>\n<meta property=\"og:url\" content=\"https:\/\/pakosc-kalwaria.franciszkanie.net\/index.php\/2021\/12\/02\/nowenna-przed-uroczystoscia-niepokalanego-poczecia-nmp\/\" \/>\n<meta property=\"og:site_name\" content=\"Pako\u015b\u0107 \u2013 Kalwaria\" \/>\n<meta property=\"article:author\" content=\"https:\/\/www.facebook.com\/KalwariaPakosc\/\" \/>\n<meta property=\"article:published_time\" content=\"2021-12-02T12:00:13+00:00\" \/>\n<meta property=\"article:modified_time\" content=\"2021-12-07T21:01:33+00:00\" \/>\n<meta property=\"og:image\" content=\"https:\/\/pakosc-kalwaria.franciszkanie.net\/wp-content\/uploads\/2021\/12\/Niepokalana.jpg\" \/>\n\t<meta property=\"og:image:width\" content=\"200\" \/>\n\t<meta property=\"og:image:height\" content=\"326\" \/>\n\t<meta property=\"og:image:type\" content=\"image\/jpeg\" \/>\n<meta name=\"twitter:card\" content=\"summary\" \/>\n<meta name=\"twitter:label1\" content=\"Napisane przez\" \/>\n\t<meta name=\"twitter:data1\" content=\"pakosc-kalwaria\" \/>\n\t<meta name=\"twitter:label2\" content=\"Szacowany czas czytania\" \/>\n\t<meta name=\"twitter:data2\" content=\"4 minuty\" \/>\n<script type=\"application\/ld+json\" class=\"yoast-schema-graph\">{\"@context\":\"https:\/\/schema.org\",\"@graph\":[{\"@type\":\"WebSite\",\"@id\":\"https:\/\/pakosc-kalwaria.franciszkanie.net\/#website\",\"url\":\"https:\/\/pakosc-kalwaria.franciszkanie.net\/\",\"name\":\"Pako\u015b\u0107 \u2013 Kalwaria\",\"description\":\"Parafia Rzymsko \u2013 Katolicka p.w. Pana Jezusa Ukrzy\u017cowanego i  Matki Bo\u017cej Bolesnej ul. Barci\u0144ska 60, 88\u2013170 Pako\u015b\u0107 \u2013 Kalwaria\",\"potentialAction\":[{\"@type\":\"SearchAction\",\"target\":{\"@type\":\"EntryPoint\",\"urlTemplate\":\"https:\/\/pakosc-kalwaria.franciszkanie.net\/?s={search_term_string}\"},\"query-input\":\"required name=search_term_string\"}],\"inLanguage\":\"pl-PL\"},{\"@type\":\"ImageObject\",\"@id\":\"https:\/\/pakosc-kalwaria.franciszkanie.net\/index.php\/2021\/12\/02\/nowenna-przed-uroczystoscia-niepokalanego-poczecia-nmp\/#primaryimage\",\"inLanguage\":\"pl-PL\",\"url\":\"https:\/\/pakosc-kalwaria.franciszkanie.net\/wp-content\/uploads\/2021\/12\/Niepokalana.jpg\",\"contentUrl\":\"https:\/\/pakosc-kalwaria.franciszkanie.net\/wp-content\/uploads\/2021\/12\/Niepokalana.jpg\",\"width\":200,\"height\":326},{\"@type\":\"WebPage\",\"@id\":\"https:\/\/pakosc-kalwaria.franciszkanie.net\/index.php\/2021\/12\/02\/nowenna-przed-uroczystoscia-niepokalanego-poczecia-nmp\/#webpage\",\"url\":\"https:\/\/pakosc-kalwaria.franciszkanie.net\/index.php\/2021\/12\/02\/nowenna-przed-uroczystoscia-niepokalanego-poczecia-nmp\/\",\"name\":\"Nowenna przed uroczysto\u015bci\u0105 Niepokalanego Pocz\u0119cia NMP - Pako\u015b\u0107 \u2013 Kalwaria\",\"isPartOf\":{\"@id\":\"https:\/\/pakosc-kalwaria.franciszkanie.net\/#website\"},\"primaryImageOfPage\":{\"@id\":\"https:\/\/pakosc-kalwaria.franciszkanie.net\/index.php\/2021\/12\/02\/nowenna-przed-uroczystoscia-niepokalanego-poczecia-nmp\/#primaryimage\"},\"datePublished\":\"2021-12-02T12:00:13+00:00\",\"dateModified\":\"2021-12-07T21:01:33+00:00\",\"author\":{\"@id\":\"https:\/\/pakosc-kalwaria.franciszkanie.net\/#\/schema\/person\/af10b943be0760709227d060eadcb2aa\"},\"breadcrumb\":{\"@id\":\"https:\/\/pakosc-kalwaria.franciszkanie.net\/index.php\/2021\/12\/02\/nowenna-przed-uroczystoscia-niepokalanego-poczecia-nmp\/#breadcrumb\"},\"inLanguage\":\"pl-PL\",\"potentialAction\":[{\"@type\":\"ReadAction\",\"target\":[\"https:\/\/pakosc-kalwaria.franciszkanie.net\/index.php\/2021\/12\/02\/nowenna-przed-uroczystoscia-niepokalanego-poczecia-nmp\/\"]}]},{\"@type\":\"BreadcrumbList\",\"@id\":\"https:\/\/pakosc-kalwaria.franciszkanie.net\/index.php\/2021\/12\/02\/nowenna-przed-uroczystoscia-niepokalanego-poczecia-nmp\/#breadcrumb\",\"itemListElement\":[{\"@type\":\"ListItem\",\"position\":1,\"name\":\"Strona g\u0142\u00f3wna\",\"item\":\"https:\/\/pakosc-kalwaria.franciszkanie.net\/\"},{\"@type\":\"ListItem\",\"position\":2,\"name\":\"Nowenna przed uroczysto\u015bci\u0105 Niepokalanego Pocz\u0119cia NMP\"}]},{\"@type\":\"Person\",\"@id\":\"https:\/\/pakosc-kalwaria.franciszkanie.net\/#\/schema\/person\/af10b943be0760709227d060eadcb2aa\",\"name\":\"pakosc-kalwaria\",\"image\":{\"@type\":\"ImageObject\",\"@id\":\"https:\/\/pakosc-kalwaria.franciszkanie.net\/#personlogo\",\"inLanguage\":\"pl-PL\",\"url\":\"https:\/\/secure.gravatar.com\/avatar\/e7049d338b55eac6a0027ff3218b8d02?s=96&d=mm&r=g\",\"contentUrl\":\"https:\/\/secure.gravatar.com\/avatar\/e7049d338b55eac6a0027ff3218b8d02?s=96&d=mm&r=g\",\"caption\":\"pakosc-kalwaria\"},\"sameAs\":[\"https:\/\/www.facebook.com\/KalwariaPakosc\/\"],\"url\":\"https:\/\/pakosc-kalwaria.franciszkanie.net\/index.php\/author\/pakosc-kalwaria\/\"}]}<\/script>\n<!-- \/ Yoast SEO plugin. -->","yoast_head_json":{"title":"Nowenna przed uroczysto\u015bci\u0105 Niepokalanego Pocz\u0119cia NMP - Pako\u015b\u0107 \u2013 Kalwaria","robots":{"index":"index","follow":"follow","max-snippet":"max-snippet:-1","max-image-preview":"max-image-preview:large","max-video-preview":"max-video-preview:-1"},"canonical":"https:\/\/pakosc-kalwaria.franciszkanie.net\/index.php\/2021\/12\/02\/nowenna-przed-uroczystoscia-niepokalanego-poczecia-nmp\/","og_locale":"pl_PL","og_type":"article","og_title":"Nowenna przed uroczysto\u015bci\u0105 Niepokalanego Pocz\u0119cia NMP - Pako\u015b\u0107 \u2013 Kalwaria","og_description":"Nowenna przed uroczysto\u015bci\u0105 Niepokalanego Pocz\u0119cia Naj\u015bwi\u0119tszej Maryi Panny \u2013 jedno z nabo\u017ce\u0144stw maryjnych, tak zwanych nowenn wchodz\u0105cych w sk\u0142ad liturgii katolickiej lub te\u017c modlitwa prywatna odprawiana lub odmawiana przez dziewi\u0119\u0107 (z \u0142ac. novem \u201edziewi\u0119\u0107\u201d) kolejnych dni, poprzedzaj\u0105ce uroczysto\u015b\u0107 Niepokalanego Pocz\u0119cia NMP, kt\u00f3r\u0105 Ko\u015bci\u00f3\u0142 katolicki obchodzi w dniu 8 grudnia. \u00a0 Nowenn\u0119 przed uroczysto\u015bci\u0105 Niepokalanego Pocz\u0119cia &hellip;","og_url":"https:\/\/pakosc-kalwaria.franciszkanie.net\/index.php\/2021\/12\/02\/nowenna-przed-uroczystoscia-niepokalanego-poczecia-nmp\/","og_site_name":"Pako\u015b\u0107 \u2013 Kalwaria","article_author":"https:\/\/www.facebook.com\/KalwariaPakosc\/","article_published_time":"2021-12-02T12:00:13+00:00","article_modified_time":"2021-12-07T21:01:33+00:00","og_image":[{"width":200,"height":326,"url":"https:\/\/pakosc-kalwaria.franciszkanie.net\/wp-content\/uploads\/2021\/12\/Niepokalana.jpg","type":"image\/jpeg"}],"twitter_card":"summary","twitter_misc":{"Napisane przez":"pakosc-kalwaria","Szacowany czas czytania":"4 minuty"},"schema":{"@context":"https:\/\/schema.org","@graph":[{"@type":"WebSite","@id":"https:\/\/pakosc-kalwaria.franciszkanie.net\/#website","url":"https:\/\/pakosc-kalwaria.franciszkanie.net\/","name":"Pako\u015b\u0107 \u2013 Kalwaria","description":"Parafia Rzymsko \u2013 Katolicka p.w. Pana Jezusa Ukrzy\u017cowanego i  Matki Bo\u017cej Bolesnej ul. Barci\u0144ska 60, 88\u2013170 Pako\u015b\u0107 \u2013 Kalwaria","potentialAction":[{"@type":"SearchAction","target":{"@type":"EntryPoint","urlTemplate":"https:\/\/pakosc-kalwaria.franciszkanie.net\/?s={search_term_string}"},"query-input":"required name=search_term_string"}],"inLanguage":"pl-PL"},{"@type":"ImageObject","@id":"https:\/\/pakosc-kalwaria.franciszkanie.net\/index.php\/2021\/12\/02\/nowenna-przed-uroczystoscia-niepokalanego-poczecia-nmp\/#primaryimage","inLanguage":"pl-PL","url":"https:\/\/pakosc-kalwaria.franciszkanie.net\/wp-content\/uploads\/2021\/12\/Niepokalana.jpg","contentUrl":"https:\/\/pakosc-kalwaria.franciszkanie.net\/wp-content\/uploads\/2021\/12\/Niepokalana.jpg","width":200,"height":326},{"@type":"WebPage","@id":"https:\/\/pakosc-kalwaria.franciszkanie.net\/index.php\/2021\/12\/02\/nowenna-przed-uroczystoscia-niepokalanego-poczecia-nmp\/#webpage","url":"https:\/\/pakosc-kalwaria.franciszkanie.net\/index.php\/2021\/12\/02\/nowenna-przed-uroczystoscia-niepokalanego-poczecia-nmp\/","name":"Nowenna przed uroczysto\u015bci\u0105 Niepokalanego Pocz\u0119cia NMP - Pako\u015b\u0107 \u2013 Kalwaria","isPartOf":{"@id":"https:\/\/pakosc-kalwaria.franciszkanie.net\/#website"},"primaryImageOfPage":{"@id":"https:\/\/pakosc-kalwaria.franciszkanie.net\/index.php\/2021\/12\/02\/nowenna-przed-uroczystoscia-niepokalanego-poczecia-nmp\/#primaryimage"},"datePublished":"2021-12-02T12:00:13+00:00","dateModified":"2021-12-07T21:01:33+00:00","author":{"@id":"https:\/\/pakosc-kalwaria.franciszkanie.net\/#\/schema\/person\/af10b943be0760709227d060eadcb2aa"},"breadcrumb":{"@id":"https:\/\/pakosc-kalwaria.franciszkanie.net\/index.php\/2021\/12\/02\/nowenna-przed-uroczystoscia-niepokalanego-poczecia-nmp\/#breadcrumb"},"inLanguage":"pl-PL","potentialAction":[{"@type":"ReadAction","target":["https:\/\/pakosc-kalwaria.franciszkanie.net\/index.php\/2021\/12\/02\/nowenna-przed-uroczystoscia-niepokalanego-poczecia-nmp\/"]}]},{"@type":"BreadcrumbList","@id":"https:\/\/pakosc-kalwaria.franciszkanie.net\/index.php\/2021\/12\/02\/nowenna-przed-uroczystoscia-niepokalanego-poczecia-nmp\/#breadcrumb","itemListElement":[{"@type":"ListItem","position":1,"name":"Strona g\u0142\u00f3wna","item":"https:\/\/pakosc-kalwaria.franciszkanie.net\/"},{"@type":"ListItem","position":2,"name":"Nowenna przed uroczysto\u015bci\u0105 Niepokalanego Pocz\u0119cia NMP"}]},{"@type":"Person","@id":"https:\/\/pakosc-kalwaria.franciszkanie.net\/#\/schema\/person\/af10b943be0760709227d060eadcb2aa","name":"pakosc-kalwaria","image":{"@type":"ImageObject","@id":"https:\/\/pakosc-kalwaria.franciszkanie.net\/#personlogo","inLanguage":"pl-PL","url":"https:\/\/secure.gravatar.com\/avatar\/e7049d338b55eac6a0027ff3218b8d02?s=96&d=mm&r=g","contentUrl":"https:\/\/secure.gravatar.com\/avatar\/e7049d338b55eac6a0027ff3218b8d02?s=96&d=mm&r=g","caption":"pakosc-kalwaria"},"sameAs":["https:\/\/www.facebook.com\/KalwariaPakosc\/"],"url":"https:\/\/pakosc-kalwaria.franciszkanie.net\/index.php\/author\/pakosc-kalwaria\/"}]}},"_links":{"self":[{"href":"https:\/\/pakosc-kalwaria.franciszkanie.net\/index.php\/wp-json\/wp\/v2\/posts\/20768"}],"collection":[{"href":"https:\/\/pakosc-kalwaria.franciszkanie.net\/index.php\/wp-json\/wp\/v2\/posts"}],"about":[{"href":"https:\/\/pakosc-kalwaria.franciszkanie.net\/index.php\/wp-json\/wp\/v2\/types\/post"}],"author":[{"embeddable":true,"href":"https:\/\/pakosc-kalwaria.franciszkanie.net\/index.php\/wp-json\/wp\/v2\/users\/2"}],"replies":[{"embeddable":true,"href":"https:\/\/pakosc-kalwaria.franciszkanie.net\/index.php\/wp-json\/wp\/v2\/comments?post=20768"}],"version-history":[{"count":1,"href":"https:\/\/pakosc-kalwaria.franciszkanie.net\/index.php\/wp-json\/wp\/v2\/posts\/20768\/revisions"}],"predecessor-version":[{"id":20770,"href":"https:\/\/pakosc-kalwaria.franciszkanie.net\/index.php\/wp-json\/wp\/v2\/posts\/20768\/revisions\/20770"}],"wp:featuredmedia":[{"embeddable":true,"href":"https:\/\/pakosc-kalwaria.franciszkanie.net\/index.php\/wp-json\/wp\/v2\/media\/20769"}],"wp:attachment":[{"href":"https:\/\/pakosc-kalwaria.franciszkanie.net\/index.php\/wp-json\/wp\/v2\/media?parent=20768"}],"wp:term":[{"taxonomy":"category","embeddable":true,"href":"https:\/\/pakosc-kalwaria.franciszkanie.net\/index.php\/wp-json\/wp\/v2\/categories?post=20768"},{"taxonomy":"post_tag","embeddable":true,"href":"https:\/\/pakosc-kalwaria.franciszkanie.net\/index.php\/wp-json\/wp\/v2\/tags?post=20768"}],"curies":[{"name":"wp","href":"https:\/\/api.w.org\/{rel}","templated":true}]}}