{"id":20777,"date":"2021-12-01T07:27:00","date_gmt":"2021-12-01T06:27:00","guid":{"rendered":"http:\/\/pakosc-kalwaria.franciszkanie.net\/?p=20777"},"modified":"2021-12-05T12:28:55","modified_gmt":"2021-12-05T11:28:55","slug":"ii-niedziela-adwentu-dzien-modlitwy-i-pomocy-materialnej-kosciolowi-na-wschodzie","status":"publish","type":"post","link":"https:\/\/pakosc-kalwaria.franciszkanie.net\/index.php\/2021\/12\/01\/ii-niedziela-adwentu-dzien-modlitwy-i-pomocy-materialnej-kosciolowi-na-wschodzie\/","title":{"rendered":"II Niedziela Adwentu  &#8211; Dzie\u0144 modlitwy i pomocy materialnej Ko\u015bcio\u0142owi na Wschodzie"},"content":{"rendered":"<p><strong><span style=\"color: #ff0000;\">W II Niedziel\u0119 Adwentu obchodzony jest Dzie\u0144 modlitwy i pomocy materialnej Ko\u015bcio\u0142owi na Wschodzie.<\/span> Celem tego dnia jest duchowe i materialne wsparcie Ko\u015bcio\u0142a katolickiego w krajach Europy Wschodniej i Azji \u015arodkowej, czyli na Bia\u0142orusi, Litwie, \u0141otwie i Estonii, Ukrainie, w Rosji, Mo\u0142dawii, Armenii, Gruzji, Kazachstanie, Tad\u017cykistanie, Kirgizji i Uzbekistanie.<\/strong><\/p>\n<p>Konferencja Episkopatu Polski wybra\u0142a Drug\u0105 Niedziel\u0119 Adwentu jako dzie\u0144, w kt\u00f3rym jeste\u015bmy zaproszeni do wyra\u017cenia naszej pami\u0119ci oraz okazania \u017cyczliwo\u015bci dla wszystkich naszych si\u00f3str i braci \u017cyj\u0105cych na Wschodzie, a bliskich nam z racji historycznych i licznych wsp\u00f3lnych do\u015bwiadcze\u0144. Wielu z nas pozostawi\u0142o tam swoje rodziny. A jeszcze wi\u0119cej jest takich, kt\u00f3rzy wspominaj\u0105 swoich bliskich zmar\u0142ych i ich groby, rozsiane na Wile\u0144szczy\u017anie, Polesiu, na Wo\u0142yniu i Podolu, bezkresnej Syberii czy na stepach Kazachstanu. Przy tym pami\u0119tamy dobrze, na jakie trudno\u015bci byli nara\u017ceni wszyscy nasi bracia i siostry i ile musieli wycierpie\u0107 za polsko\u015b\u0107 i wiar\u0119 to przez ca\u0142e dziesi\u0119ciolecia.<\/p>\n<p>W tej niezwyk\u0142ej historii odradzania si\u0119 Ko\u015bcio\u0142a Katolickiego za Wschodni\u0105 granic\u0105, od ponad 30 lat uczestniczy Zesp\u00f3\u0142 Pomocy Ko\u015bcio\u0142owi na Wschodzie przy Konferencji Episkopatu Polski i ka\u017cdy, kto duchowo czy materialnie to wielkie dzie\u0142o wspiera.<\/p>\n<p>Aktualnie, Ko\u015bcio\u0142owi za wschodni\u0105 granic\u0105, s\u0142u\u017cy 198 kap\u0142an\u00f3w diecezjalnych, 387 kap\u0142an\u00f3w zakonnych, 320 si\u00f3str i 40 braci zakonnych z Polski oraz wolontariusze \u015bwieccy. Do biura Zespo\u0142u nap\u0142ywaj\u0105 pisemne pro\u015bby z diecezji, parafii oraz ze zgromadze\u0144 zakonnych pracuj\u0105cych na Wschodzie. W roku 2021 zosta\u0142o ju\u017c zrealizowanych 221 pr\u00f3\u015bb, na kwot\u0119 2\u00a0147\u00a0299.20 z\u0142otych, z czego najwi\u0119cej trafi\u0142o na Ukrain\u0119 i Bia\u0142oru\u015b.<\/p>\n<p>Na powy\u017csz\u0105 kwot\u0119 sk\u0142adaj\u0105 si\u0119 mi\u0119dzy innymi: dotacje na budow\u0119 nowych \u015bwi\u0105ty\u0144, odbudow\u0119 oraz renowacj\u0119 ko\u015bcio\u0142\u00f3w, plebanii oraz sal katechetycznych. Uda\u0142o si\u0119 tak\u017ce wesprze\u0107 organizacj\u0119 letniego wypoczynku po\u0142\u0105czonego z formacj\u0105 dla dzieci i m\u0142odzie\u017cy a nawet dla os\u00f3b starszych czy bezdomnych. T\u0105 pomoc\u0105 zosta\u0142y obj\u0119te 43 grupy z Ukrainy, Bia\u0142orusi, Uzbekistanu i Kazachstanu, jak wspominaj\u0105 organizuj\u0105ce ten wypoczynek Siostry czy Kap\u0142ani \u2013 dla wielu uczestnik\u00f3w jest to wyj\u0105tkowy czas nie tylko zabawy, spotka\u0144, modlitwy, ale te\u017c regularnego jedzenia. Wsparcie otrzymuj\u0105 r\u00f3wnie\u017c \u015bwietlice, przedszkola, domy dziecka, domy seniora i samotnej matki, przytuliska dla bezdomnych oraz sto\u0142\u00f3wki i kuchnie prowadzone przez siostry i braci zakonnych s\u0142u\u017c\u0105ce do\u017cywianiu dzieci, starszych i najbiedniejszych.<\/p>\n<p>W mijaj\u0105cym roku, we wsp\u00f3\u0142pracy z G\u00f3rno\u015bl\u0105skim Oddzia\u0142em Stowarzyszenia wsp\u00f3lnota Polska, uda\u0142o si\u0119 tez otworzy\u0107 na Ukrainie cztery Stacje Pomocy Charytatywnej \u201eDobre Serce\u201d, dzi\u0119ki kt\u00f3rym potrzebuj\u0105cy maj\u0105 dost\u0119p do sprz\u0119tu rehabilitacyjnego, kul, w\u00f3zk\u00f3w, chodzik\u00f3w, opatrunk\u00f3w itd. Pomoc\u0105 obj\u0119ci s\u0105 r\u00f3wnie\u017c ci, kt\u00f3rzy przyjechali ze Wschodu do Polski, w tym studenci poprzez wyp\u0142acanie stypendi\u00f3w. Zesp\u00f3\u0142 \u015bwiadczy te\u017c nieustannie pomoc liturgiczn\u0105 dla Ko\u015bcio\u0142a katolickiego na Wschodzie poprzez zakup dla konkretnych parafii parament\u00f3w liturgicznych, nag\u0142o\u015bnie\u0144 do kaplic i \u015bwi\u0105ty\u0144, ksi\u0105g liturgicznych, a tak\u017ce modlitewnik\u00f3w i \u015bpiewnik\u00f3w oraz wszelkiego rodzaju pomocy katechetycznych. Ci\u0105gle jeszcze wa\u017cn\u0105 cz\u0119\u015b\u0107 wydatk\u00f3w stanowi\u0105 dotacje na budow\u0119 nowych \u015bwi\u0105ty\u0144, odbudow\u0119 oraz renowacj\u0119 ko\u015bcio\u0142\u00f3w, plebanii oraz sal katechetycznych.<\/p>\n<p>Ponadto, Zesp\u00f3\u0142 finansuje wysy\u0142k\u0119 prasy katolickiej, w tym wiadomo\u015bci KAI czy czasopisma \u201eMi\u0142ujcie si\u0119\u201d oraz wspiera wydawnictwa i media dzia\u0142aj\u0105ce w ramach Ko\u015bcio\u0142a na Wschodzie, a tak\u017ce wiele innych projekt\u00f3w. Z inicjatywy Zespo\u0142u powsta\u0142 te\u017c Wolontariat Syberyjski, skupiaj\u0105cy osoby \u015bwieckie, kt\u00f3re w czasie swojego urlopu czy wakacji pomagaj\u0105 duszpasterzom i siostrom zakonnym na Wschodzie. W 2021 roku na pos\u0142ug\u0119 wolontaryjn\u0105 mimo pandemicznych ogranicze\u0144 na Ukrain\u0119, do Kazachstanu, do Rumunii i Bu\u0142garii wyjecha\u0142o 15 os\u00f3b, a kolejna, czyli pi\u0105ta ju\u017c grupa rozpocz\u0119\u0142a formacj\u0119 w pa\u017adzierniku br.<\/p>\n<p>Zesp\u00f3\u0142 sfinansowa\u0142 tak\u017ce wydanie ksi\u0105\u017cki \u201eNecrologium Episcoporum Poloniae\u201d. Trwa opracowywanie leksykonu wraz ze wspomnieniami na temat udzia\u0142u polskich duchownych w odradzaniu si\u0119 Ko\u015bcio\u0142a Katolickiego na Wschodzie. Jest to dzie\u0142o, kt\u00f3re pozwoli ocali\u0107 od zapomnienia to, co zrobili kap\u0142ani i siostry zakonne z Polski dla Ko\u015bcio\u0142a za wschodni\u0105 granic\u0105, szczeg\u00f3lnie po tzw. \u201epierestrojce\u201d. Ponadto Dyrektor Zespo\u0142u wyje\u017cd\u017ca na Wsch\u00f3d, aby na miejscu pozna\u0107 potrzeby i sprawdzi\u0107 realizacje projekt\u00f3w. Ostatnio odwiedzi\u0142 Litw\u0119, Ukrain\u0119 \u00a0i Armeni\u0119.<\/p>\n<p>Zesp\u00f3\u0142 zach\u0119ca do wsparcia duchowego i materialnego dzie\u0142 duszpasterskich, ewangelizacyjnych i charytatywnych Ko\u015bcio\u0142a katolickiego na Wschodzie. Ofiary zebrane w II niedziel\u0119 Adwentu, a tak\u017ce nap\u0142ywaj\u0105ce od sta\u0142ych ofiarodawc\u00f3w indywidualnych przez ca\u0142y rok, s\u0142u\u017c\u0105 bezcenn\u0105 pomoc\u0105 katolikom we wszystkich tamtejszych diecezjach.<\/p>\n<p><strong>W tym dniu z Ko\u015bcio\u0142em w Polsce i poza jej granicami \u0142\u0105cz\u0105 si\u0119 wierni z wielu parafii za wschodni\u0105 granic\u0105, dzi\u0119kuj\u0105c Bogu za modlitw\u0119 i sk\u0142adane ofiary. \u201eDzie\u0144 modlitwy i pomocy materialnej Ko\u015bcio\u0142owi na Wschodzie\u201d tam, za wschodni\u0105 granic\u0105, jest dniem wdzi\u0119czno\u015bci za tych, kt\u00f3rzy pomagaj\u0105 duchowo i materialnie.<\/strong><\/p>\n<p>Zesp\u00f3\u0142 Pomocy Ko\u015bcio\u0142owi na Wschodzie \/ BP KEP<\/p>\n<p>&nbsp;<\/p>\n","protected":false},"excerpt":{"rendered":"<p>W II Niedziel\u0119 Adwentu obchodzony jest Dzie\u0144 modlitwy i pomocy materialnej Ko\u015bcio\u0142owi na Wschodzie. Celem tego dnia jest duchowe i materialne wsparcie Ko\u015bcio\u0142a katolickiego w krajach Europy Wschodniej i Azji \u015arodkowej, czyli na Bia\u0142orusi, Litwie, \u0141otwie i Estonii, Ukrainie, w Rosji, Mo\u0142dawii, Armenii, Gruzji, Kazachstanie, Tad\u017cykistanie, Kirgizji i Uzbekistanie. Konferencja Episkopatu Polski wybra\u0142a Drug\u0105 Niedziel\u0119 &hellip;<\/p>\n","protected":false},"author":2,"featured_media":20778,"comment_status":"closed","ping_status":"closed","sticky":false,"template":"","format":"standard","meta":{"_mi_skip_tracking":false,"_exactmetrics_sitenote_active":false,"_exactmetrics_sitenote_note":"","_exactmetrics_sitenote_category":0},"categories":[13],"tags":[],"yoast_head":"<!-- This site is optimized with the Yoast SEO plugin v18.1 - https:\/\/yoast.com\/wordpress\/plugins\/seo\/ -->\n<title>II Niedziela Adwentu - Dzie\u0144 modlitwy i pomocy materialnej Ko\u015bcio\u0142owi na Wschodzie - Pako\u015b\u0107 \u2013 Kalwaria<\/title>\n<meta name=\"robots\" content=\"index, follow, max-snippet:-1, max-image-preview:large, max-video-preview:-1\" \/>\n<link rel=\"canonical\" href=\"https:\/\/pakosc-kalwaria.franciszkanie.net\/index.php\/2021\/12\/01\/ii-niedziela-adwentu-dzien-modlitwy-i-pomocy-materialnej-kosciolowi-na-wschodzie\/\" \/>\n<meta property=\"og:locale\" content=\"pl_PL\" \/>\n<meta property=\"og:type\" content=\"article\" \/>\n<meta property=\"og:title\" content=\"II Niedziela Adwentu - Dzie\u0144 modlitwy i pomocy materialnej Ko\u015bcio\u0142owi na Wschodzie - Pako\u015b\u0107 \u2013 Kalwaria\" \/>\n<meta property=\"og:description\" content=\"W II Niedziel\u0119 Adwentu obchodzony jest Dzie\u0144 modlitwy i pomocy materialnej Ko\u015bcio\u0142owi na Wschodzie. Celem tego dnia jest duchowe i materialne wsparcie Ko\u015bcio\u0142a katolickiego w krajach Europy Wschodniej i Azji \u015arodkowej, czyli na Bia\u0142orusi, Litwie, \u0141otwie i Estonii, Ukrainie, w Rosji, Mo\u0142dawii, Armenii, Gruzji, Kazachstanie, Tad\u017cykistanie, Kirgizji i Uzbekistanie. Konferencja Episkopatu Polski wybra\u0142a Drug\u0105 Niedziel\u0119 &hellip;\" \/>\n<meta property=\"og:url\" content=\"https:\/\/pakosc-kalwaria.franciszkanie.net\/index.php\/2021\/12\/01\/ii-niedziela-adwentu-dzien-modlitwy-i-pomocy-materialnej-kosciolowi-na-wschodzie\/\" \/>\n<meta property=\"og:site_name\" content=\"Pako\u015b\u0107 \u2013 Kalwaria\" \/>\n<meta property=\"article:author\" content=\"https:\/\/www.facebook.com\/KalwariaPakosc\/\" \/>\n<meta property=\"article:published_time\" content=\"2021-12-01T06:27:00+00:00\" \/>\n<meta property=\"article:modified_time\" content=\"2021-12-05T11:28:55+00:00\" \/>\n<meta property=\"og:image\" content=\"https:\/\/pakosc-kalwaria.franciszkanie.net\/wp-content\/uploads\/2021\/12\/plakat-B3-za-wschod-2021-324x235.jpg\" \/>\n\t<meta property=\"og:image:width\" content=\"324\" \/>\n\t<meta property=\"og:image:height\" content=\"235\" \/>\n\t<meta property=\"og:image:type\" content=\"image\/jpeg\" \/>\n<meta name=\"twitter:card\" content=\"summary\" \/>\n<meta name=\"twitter:label1\" content=\"Napisane przez\" \/>\n\t<meta name=\"twitter:data1\" content=\"pakosc-kalwaria\" \/>\n\t<meta name=\"twitter:label2\" content=\"Szacowany czas czytania\" \/>\n\t<meta name=\"twitter:data2\" content=\"4 minuty\" \/>\n<script type=\"application\/ld+json\" class=\"yoast-schema-graph\">{\"@context\":\"https:\/\/schema.org\",\"@graph\":[{\"@type\":\"WebSite\",\"@id\":\"https:\/\/pakosc-kalwaria.franciszkanie.net\/#website\",\"url\":\"https:\/\/pakosc-kalwaria.franciszkanie.net\/\",\"name\":\"Pako\u015b\u0107 \u2013 Kalwaria\",\"description\":\"Parafia Rzymsko \u2013 Katolicka p.w. Pana Jezusa Ukrzy\u017cowanego i  Matki Bo\u017cej Bolesnej ul. Barci\u0144ska 60, 88\u2013170 Pako\u015b\u0107 \u2013 Kalwaria\",\"potentialAction\":[{\"@type\":\"SearchAction\",\"target\":{\"@type\":\"EntryPoint\",\"urlTemplate\":\"https:\/\/pakosc-kalwaria.franciszkanie.net\/?s={search_term_string}\"},\"query-input\":\"required name=search_term_string\"}],\"inLanguage\":\"pl-PL\"},{\"@type\":\"ImageObject\",\"@id\":\"https:\/\/pakosc-kalwaria.franciszkanie.net\/index.php\/2021\/12\/01\/ii-niedziela-adwentu-dzien-modlitwy-i-pomocy-materialnej-kosciolowi-na-wschodzie\/#primaryimage\",\"inLanguage\":\"pl-PL\",\"url\":\"https:\/\/pakosc-kalwaria.franciszkanie.net\/wp-content\/uploads\/2021\/12\/plakat-B3-za-wschod-2021-324x235.jpg\",\"contentUrl\":\"https:\/\/pakosc-kalwaria.franciszkanie.net\/wp-content\/uploads\/2021\/12\/plakat-B3-za-wschod-2021-324x235.jpg\",\"width\":324,\"height\":235},{\"@type\":\"WebPage\",\"@id\":\"https:\/\/pakosc-kalwaria.franciszkanie.net\/index.php\/2021\/12\/01\/ii-niedziela-adwentu-dzien-modlitwy-i-pomocy-materialnej-kosciolowi-na-wschodzie\/#webpage\",\"url\":\"https:\/\/pakosc-kalwaria.franciszkanie.net\/index.php\/2021\/12\/01\/ii-niedziela-adwentu-dzien-modlitwy-i-pomocy-materialnej-kosciolowi-na-wschodzie\/\",\"name\":\"II Niedziela Adwentu - Dzie\u0144 modlitwy i pomocy materialnej Ko\u015bcio\u0142owi na Wschodzie - Pako\u015b\u0107 \u2013 Kalwaria\",\"isPartOf\":{\"@id\":\"https:\/\/pakosc-kalwaria.franciszkanie.net\/#website\"},\"primaryImageOfPage\":{\"@id\":\"https:\/\/pakosc-kalwaria.franciszkanie.net\/index.php\/2021\/12\/01\/ii-niedziela-adwentu-dzien-modlitwy-i-pomocy-materialnej-kosciolowi-na-wschodzie\/#primaryimage\"},\"datePublished\":\"2021-12-01T06:27:00+00:00\",\"dateModified\":\"2021-12-05T11:28:55+00:00\",\"author\":{\"@id\":\"https:\/\/pakosc-kalwaria.franciszkanie.net\/#\/schema\/person\/af10b943be0760709227d060eadcb2aa\"},\"breadcrumb\":{\"@id\":\"https:\/\/pakosc-kalwaria.franciszkanie.net\/index.php\/2021\/12\/01\/ii-niedziela-adwentu-dzien-modlitwy-i-pomocy-materialnej-kosciolowi-na-wschodzie\/#breadcrumb\"},\"inLanguage\":\"pl-PL\",\"potentialAction\":[{\"@type\":\"ReadAction\",\"target\":[\"https:\/\/pakosc-kalwaria.franciszkanie.net\/index.php\/2021\/12\/01\/ii-niedziela-adwentu-dzien-modlitwy-i-pomocy-materialnej-kosciolowi-na-wschodzie\/\"]}]},{\"@type\":\"BreadcrumbList\",\"@id\":\"https:\/\/pakosc-kalwaria.franciszkanie.net\/index.php\/2021\/12\/01\/ii-niedziela-adwentu-dzien-modlitwy-i-pomocy-materialnej-kosciolowi-na-wschodzie\/#breadcrumb\",\"itemListElement\":[{\"@type\":\"ListItem\",\"position\":1,\"name\":\"Strona g\u0142\u00f3wna\",\"item\":\"https:\/\/pakosc-kalwaria.franciszkanie.net\/\"},{\"@type\":\"ListItem\",\"position\":2,\"name\":\"II Niedziela Adwentu &#8211; Dzie\u0144 modlitwy i pomocy materialnej Ko\u015bcio\u0142owi na Wschodzie\"}]},{\"@type\":\"Person\",\"@id\":\"https:\/\/pakosc-kalwaria.franciszkanie.net\/#\/schema\/person\/af10b943be0760709227d060eadcb2aa\",\"name\":\"pakosc-kalwaria\",\"image\":{\"@type\":\"ImageObject\",\"@id\":\"https:\/\/pakosc-kalwaria.franciszkanie.net\/#personlogo\",\"inLanguage\":\"pl-PL\",\"url\":\"https:\/\/secure.gravatar.com\/avatar\/e7049d338b55eac6a0027ff3218b8d02?s=96&d=mm&r=g\",\"contentUrl\":\"https:\/\/secure.gravatar.com\/avatar\/e7049d338b55eac6a0027ff3218b8d02?s=96&d=mm&r=g\",\"caption\":\"pakosc-kalwaria\"},\"sameAs\":[\"https:\/\/www.facebook.com\/KalwariaPakosc\/\"],\"url\":\"https:\/\/pakosc-kalwaria.franciszkanie.net\/index.php\/author\/pakosc-kalwaria\/\"}]}<\/script>\n<!-- \/ Yoast SEO plugin. -->","yoast_head_json":{"title":"II Niedziela Adwentu - Dzie\u0144 modlitwy i pomocy materialnej Ko\u015bcio\u0142owi na Wschodzie - Pako\u015b\u0107 \u2013 Kalwaria","robots":{"index":"index","follow":"follow","max-snippet":"max-snippet:-1","max-image-preview":"max-image-preview:large","max-video-preview":"max-video-preview:-1"},"canonical":"https:\/\/pakosc-kalwaria.franciszkanie.net\/index.php\/2021\/12\/01\/ii-niedziela-adwentu-dzien-modlitwy-i-pomocy-materialnej-kosciolowi-na-wschodzie\/","og_locale":"pl_PL","og_type":"article","og_title":"II Niedziela Adwentu - Dzie\u0144 modlitwy i pomocy materialnej Ko\u015bcio\u0142owi na Wschodzie - Pako\u015b\u0107 \u2013 Kalwaria","og_description":"W II Niedziel\u0119 Adwentu obchodzony jest Dzie\u0144 modlitwy i pomocy materialnej Ko\u015bcio\u0142owi na Wschodzie. Celem tego dnia jest duchowe i materialne wsparcie Ko\u015bcio\u0142a katolickiego w krajach Europy Wschodniej i Azji \u015arodkowej, czyli na Bia\u0142orusi, Litwie, \u0141otwie i Estonii, Ukrainie, w Rosji, Mo\u0142dawii, Armenii, Gruzji, Kazachstanie, Tad\u017cykistanie, Kirgizji i Uzbekistanie. Konferencja Episkopatu Polski wybra\u0142a Drug\u0105 Niedziel\u0119 &hellip;","og_url":"https:\/\/pakosc-kalwaria.franciszkanie.net\/index.php\/2021\/12\/01\/ii-niedziela-adwentu-dzien-modlitwy-i-pomocy-materialnej-kosciolowi-na-wschodzie\/","og_site_name":"Pako\u015b\u0107 \u2013 Kalwaria","article_author":"https:\/\/www.facebook.com\/KalwariaPakosc\/","article_published_time":"2021-12-01T06:27:00+00:00","article_modified_time":"2021-12-05T11:28:55+00:00","og_image":[{"width":324,"height":235,"url":"https:\/\/pakosc-kalwaria.franciszkanie.net\/wp-content\/uploads\/2021\/12\/plakat-B3-za-wschod-2021-324x235.jpg","type":"image\/jpeg"}],"twitter_card":"summary","twitter_misc":{"Napisane przez":"pakosc-kalwaria","Szacowany czas czytania":"4 minuty"},"schema":{"@context":"https:\/\/schema.org","@graph":[{"@type":"WebSite","@id":"https:\/\/pakosc-kalwaria.franciszkanie.net\/#website","url":"https:\/\/pakosc-kalwaria.franciszkanie.net\/","name":"Pako\u015b\u0107 \u2013 Kalwaria","description":"Parafia Rzymsko \u2013 Katolicka p.w. Pana Jezusa Ukrzy\u017cowanego i  Matki Bo\u017cej Bolesnej ul. Barci\u0144ska 60, 88\u2013170 Pako\u015b\u0107 \u2013 Kalwaria","potentialAction":[{"@type":"SearchAction","target":{"@type":"EntryPoint","urlTemplate":"https:\/\/pakosc-kalwaria.franciszkanie.net\/?s={search_term_string}"},"query-input":"required name=search_term_string"}],"inLanguage":"pl-PL"},{"@type":"ImageObject","@id":"https:\/\/pakosc-kalwaria.franciszkanie.net\/index.php\/2021\/12\/01\/ii-niedziela-adwentu-dzien-modlitwy-i-pomocy-materialnej-kosciolowi-na-wschodzie\/#primaryimage","inLanguage":"pl-PL","url":"https:\/\/pakosc-kalwaria.franciszkanie.net\/wp-content\/uploads\/2021\/12\/plakat-B3-za-wschod-2021-324x235.jpg","contentUrl":"https:\/\/pakosc-kalwaria.franciszkanie.net\/wp-content\/uploads\/2021\/12\/plakat-B3-za-wschod-2021-324x235.jpg","width":324,"height":235},{"@type":"WebPage","@id":"https:\/\/pakosc-kalwaria.franciszkanie.net\/index.php\/2021\/12\/01\/ii-niedziela-adwentu-dzien-modlitwy-i-pomocy-materialnej-kosciolowi-na-wschodzie\/#webpage","url":"https:\/\/pakosc-kalwaria.franciszkanie.net\/index.php\/2021\/12\/01\/ii-niedziela-adwentu-dzien-modlitwy-i-pomocy-materialnej-kosciolowi-na-wschodzie\/","name":"II Niedziela Adwentu - Dzie\u0144 modlitwy i pomocy materialnej Ko\u015bcio\u0142owi na Wschodzie - Pako\u015b\u0107 \u2013 Kalwaria","isPartOf":{"@id":"https:\/\/pakosc-kalwaria.franciszkanie.net\/#website"},"primaryImageOfPage":{"@id":"https:\/\/pakosc-kalwaria.franciszkanie.net\/index.php\/2021\/12\/01\/ii-niedziela-adwentu-dzien-modlitwy-i-pomocy-materialnej-kosciolowi-na-wschodzie\/#primaryimage"},"datePublished":"2021-12-01T06:27:00+00:00","dateModified":"2021-12-05T11:28:55+00:00","author":{"@id":"https:\/\/pakosc-kalwaria.franciszkanie.net\/#\/schema\/person\/af10b943be0760709227d060eadcb2aa"},"breadcrumb":{"@id":"https:\/\/pakosc-kalwaria.franciszkanie.net\/index.php\/2021\/12\/01\/ii-niedziela-adwentu-dzien-modlitwy-i-pomocy-materialnej-kosciolowi-na-wschodzie\/#breadcrumb"},"inLanguage":"pl-PL","potentialAction":[{"@type":"ReadAction","target":["https:\/\/pakosc-kalwaria.franciszkanie.net\/index.php\/2021\/12\/01\/ii-niedziela-adwentu-dzien-modlitwy-i-pomocy-materialnej-kosciolowi-na-wschodzie\/"]}]},{"@type":"BreadcrumbList","@id":"https:\/\/pakosc-kalwaria.franciszkanie.net\/index.php\/2021\/12\/01\/ii-niedziela-adwentu-dzien-modlitwy-i-pomocy-materialnej-kosciolowi-na-wschodzie\/#breadcrumb","itemListElement":[{"@type":"ListItem","position":1,"name":"Strona g\u0142\u00f3wna","item":"https:\/\/pakosc-kalwaria.franciszkanie.net\/"},{"@type":"ListItem","position":2,"name":"II Niedziela Adwentu &#8211; Dzie\u0144 modlitwy i pomocy materialnej Ko\u015bcio\u0142owi na Wschodzie"}]},{"@type":"Person","@id":"https:\/\/pakosc-kalwaria.franciszkanie.net\/#\/schema\/person\/af10b943be0760709227d060eadcb2aa","name":"pakosc-kalwaria","image":{"@type":"ImageObject","@id":"https:\/\/pakosc-kalwaria.franciszkanie.net\/#personlogo","inLanguage":"pl-PL","url":"https:\/\/secure.gravatar.com\/avatar\/e7049d338b55eac6a0027ff3218b8d02?s=96&d=mm&r=g","contentUrl":"https:\/\/secure.gravatar.com\/avatar\/e7049d338b55eac6a0027ff3218b8d02?s=96&d=mm&r=g","caption":"pakosc-kalwaria"},"sameAs":["https:\/\/www.facebook.com\/KalwariaPakosc\/"],"url":"https:\/\/pakosc-kalwaria.franciszkanie.net\/index.php\/author\/pakosc-kalwaria\/"}]}},"_links":{"self":[{"href":"https:\/\/pakosc-kalwaria.franciszkanie.net\/index.php\/wp-json\/wp\/v2\/posts\/20777"}],"collection":[{"href":"https:\/\/pakosc-kalwaria.franciszkanie.net\/index.php\/wp-json\/wp\/v2\/posts"}],"about":[{"href":"https:\/\/pakosc-kalwaria.franciszkanie.net\/index.php\/wp-json\/wp\/v2\/types\/post"}],"author":[{"embeddable":true,"href":"https:\/\/pakosc-kalwaria.franciszkanie.net\/index.php\/wp-json\/wp\/v2\/users\/2"}],"replies":[{"embeddable":true,"href":"https:\/\/pakosc-kalwaria.franciszkanie.net\/index.php\/wp-json\/wp\/v2\/comments?post=20777"}],"version-history":[{"count":1,"href":"https:\/\/pakosc-kalwaria.franciszkanie.net\/index.php\/wp-json\/wp\/v2\/posts\/20777\/revisions"}],"predecessor-version":[{"id":20779,"href":"https:\/\/pakosc-kalwaria.franciszkanie.net\/index.php\/wp-json\/wp\/v2\/posts\/20777\/revisions\/20779"}],"wp:featuredmedia":[{"embeddable":true,"href":"https:\/\/pakosc-kalwaria.franciszkanie.net\/index.php\/wp-json\/wp\/v2\/media\/20778"}],"wp:attachment":[{"href":"https:\/\/pakosc-kalwaria.franciszkanie.net\/index.php\/wp-json\/wp\/v2\/media?parent=20777"}],"wp:term":[{"taxonomy":"category","embeddable":true,"href":"https:\/\/pakosc-kalwaria.franciszkanie.net\/index.php\/wp-json\/wp\/v2\/categories?post=20777"},{"taxonomy":"post_tag","embeddable":true,"href":"https:\/\/pakosc-kalwaria.franciszkanie.net\/index.php\/wp-json\/wp\/v2\/tags?post=20777"}],"curies":[{"name":"wp","href":"https:\/\/api.w.org\/{rel}","templated":true}]}}