{"id":20790,"date":"2021-12-02T12:00:05","date_gmt":"2021-12-02T11:00:05","guid":{"rendered":"http:\/\/pakosc-kalwaria.franciszkanie.net\/?p=20790"},"modified":"2021-12-08T19:00:44","modified_gmt":"2021-12-08T18:00:44","slug":"uroczystosc-niepokalanego-poczecia-nmp-8-grudnia-3","status":"publish","type":"post","link":"https:\/\/pakosc-kalwaria.franciszkanie.net\/index.php\/2021\/12\/02\/uroczystosc-niepokalanego-poczecia-nmp-8-grudnia-3\/","title":{"rendered":"Uroczysto\u015b\u0107 Niepokalanego Pocz\u0119cia NMP \u2013 8 grudnia"},"content":{"rendered":"<div class=\"entry-content\">\n<p><strong><span style=\"color: #ff0000;\">W \u015brod\u0119 8 grudnia<\/span> zapraszamy do Sanktuarium Ukrzy\u017cowania na kalwaryjskim Wzg\u00f3rzu na <span style=\"color: #ff0000;\">Msze \u015bw. o 10.00 i 17.00.<\/span><br \/>\n<\/strong><\/p>\n<p><strong><span style=\"color: #ff0000;\">W czasie Mszy \u015bwi\u0119tej o 17.oo<\/span> <span style=\"color: #ff0000;\">po\u015bwi\u0119cenie medalik\u00f3w Matki Bo\u017cej<\/span> dla dzieci przygotowuj\u0105cych si\u0119 do Pierwszej Komunii \u015bw. w naszej Parafii. Zapraszamy dzieci wraz z rodzicami i rodze\u0144stwem.<br \/>\n<\/strong><\/p>\n<p><strong><span style=\"color: #ff0000;\">Od 12.00 do 13.00<\/span> w kalwaryjskim ko\u015bciele nabo\u017ce\u0144stwo <span style=\"color: #ff0000;\">\u201eGodzina \u0141aski\u201d<\/span>.<br \/>\n<\/strong><\/p>\n<p><strong><br \/>\nKo\u015bci\u00f3\u0142 katolicki 8 grudnia obchodzi uroczysto\u015b\u0107 Niepokalanego Pocz\u0119cia Naj\u015bwi\u0119tszej Maryi Panny. <\/strong>Wydarzenie Niepokalanego Pocz\u0119cia Maryi jest zas\u0142ug\u0105 specjalnej Bo\u017cej \u0142aski. Tajemnica ta pokazuje szczeg\u00f3ln\u0105 rol\u0119 Maryi a tak\u017ce, \u017ce ka\u017cdy z nas cieszy si\u0119 Bo\u017c\u0105 pomoc\u0105 w zadaniach, kt\u00f3re B\u00f3g stawia na drodze naszego \u017cycia.<\/p>\n<p><strong>Czym jest Niepokalane Pocz\u0119cie?<\/strong> Wyra\u017ca prawd\u0119 o tym, \u017ce rodzice Maryi \u2013 Joachim i Anna \u2013 pocz\u0119li swoj\u0105 c\u00f3rk\u0119, kt\u00f3ra zosta\u0142a przez Boga zachowana od zranienia grzechem pierworodnym. Pocz\u0119cie nieskalane przez grzech pierworodny dotyczy tylko Maryi, kt\u00f3ra w wyj\u0105tkowy spos\u00f3b zosta\u0142a zachowana od grzechu ze wzgl\u0119du na to, \u017ce sta\u0142a si\u0119 Matk\u0105 Syna Bo\u017cego.<\/p>\n<p><strong>Niepokalane pocz\u0119cie<\/strong> jest czym\u015b innym od dziewiczego pocz\u0119cia Jezusa Chrystusa przez Maryj\u0119 z Ducha \u015aw. Bo\u017ca interwencja w wypadku pocz\u0105tku \u017cycia Maryi nie polega\u0142a na zast\u0105pieniu dzia\u0142ania rodzic\u00f3w, ale na ochronie jej duszy przed skutkami grzechu pierworodnego. Oczywi\u015bcie Syn Bo\u017cy w swoim cz\u0142owiecze\u0144stwie r\u00f3wnie\u017c nie by\u0142 dotkni\u0119ty grzechem.<\/p>\n<p><strong>Prawd\u0119 o Niepokalanym Pocz\u0119ciu Maryi<\/strong> mo\u017cna przyj\u0105\u0107 jednie rozumem o\u015bwieconym wiar\u0105. Ko\u015bci\u00f3\u0142 uroczy\u015bcie og\u0142osi\u0142 j\u0105 jako dogmat wiary w \u015brodku epoki racjonalizmu i scjentyzmu w po\u0142owie XIX w. Dokona\u0142 tego papie\u017c Pius IX w 1854 r. w bulli \u201eIneffabilis Deus\u201d (Niewyra\u017calny B\u00f3g). Czytamy tam nast\u0119puj\u0105c\u0105 formu\u0142\u0119: \u201ePowag\u0105 Pana Naszego Jezusa Chrystusa, \u015bwi\u0119tych Aposto\u0142\u00f3w Piotra i Paw\u0142a oraz Nasz\u0105 og\u0142aszamy, orzekamy i okre\u015blamy, \u017ce nauka, kt\u00f3ra utrzymuje, i\u017c Naj\u015bwi\u0119tsza Maryja Panna od pierwszej chwili swego pocz\u0119cia \u2013 moc\u0105 szczeg\u00f3lnej \u0142aski i przywileju wszechmocnego Boga, moc\u0105 przewidzianych zas\u0142ug Jezusa Chrystusa, Zbawiciela rodzaju ludzkiego \u2013 zosta\u0142a zachowana nietkni\u0119ta od wszelkiej zmazy grzechu pierworodnego, jest prawd\u0105 przez Boga objawion\u0105 i dlatego wszyscy wierni powinni w ni\u0105 wytrwale i bez wahania wierzy\u0107\u201d.<br \/>\nDogmat ukazuje niezwyk\u0142o\u015b\u0107 i wolno\u015b\u0107 Bo\u017cego dzia\u0142ania. Chocia\u017c zbawienie ludzko\u015bci dokona\u0142o si\u0119 przez \u015bmier\u0107 i zmartwychwstanie Chrystusa, na mocy przewidzianych zas\u0142ug Zbawiciela Maryja ju\u017c uprzednio zosta\u0142a odkupiona i tym samym zachowana od grzechu pierworodnego. W ten spos\u00f3b B\u00f3g przygotowa\u0142 j\u0105 do niezwyk\u0142ego zadania w historii zbawienia.<\/p>\n<p><strong>Wed\u0142ug wiary katolickiej ka\u017cdy cz\u0142owiek przychodz\u0105cy na \u015bwiat jest naznaczony grzechem pierworodnym.<\/strong> Grzech ten jest \u201eprzenoszony\u201d wraz z przekazywaniem natury ludzkiej, kt\u00f3ra u Prarodzic\u00f3w, ze wzgl\u0119du na ich nieufno\u015b\u0107 i niepos\u0142usze\u0144stwo Bogu \u2013 o czym m\u00f3wi\u0105 pierwsze rozdzia\u0142y Biblii \u2013 zosta\u0142a pozbawiona pierwotnej \u015bwi\u0119to\u015bci i sprawiedliwo\u015bci. Grzech pierworodny \u2013 jak wyja\u015bnia Katechizm Ko\u015bcio\u0142a Katolickiego (nr 404) \u2013 nie jest pope\u0142niany lecz zaci\u0105gany, nie jest aktem ale stanem, w jakim poczyna si\u0119 cz\u0142owiek. Z grzechu pierworodnego uwalnia cz\u0142owieka dopiero chrzest \u015bwi\u0119ty.<\/p>\n<p><strong>Maryja natomiast od tego dziedzictwa grzechu zosta\u0142a zachowana<\/strong>, dlatego te\u017c Pismo \u015bw. nazywa J\u0105 \u201ePe\u0142na \u0142aski\u201d (\u0141k 1,28). Ko\u015bci\u00f3\u0142 naucza, \u017ce wypada\u0142o aby Ta, kt\u00f3ra mia\u0142a sta\u0107 si\u0119 \u201eMatk\u0105 swojego Stworzyciela\u201d i Zbawiciela \u015bwiata by\u0142a w spos\u00f3b szczeg\u00f3lny przygotowana przez Boga. \u201eNiepokalanie pocz\u0119ta\u201d oznacza nie tylko, \u017ce Maryja by\u0142a wolna od grzechu pierworodnego, ale te\u017c wyra\u017ca Jej szczeg\u00f3ln\u0105 blisko\u015b\u0107 z Bogiem, ca\u0142kowite zawierzenie Bogu, wewn\u0119trzn\u0105 harmoni\u0119 i pe\u0142ni\u0119 cz\u0142owiecze\u0144stwa.<\/p>\n<p><strong>Wolno\u015b\u0107 od grzechu i doskona\u0142o\u015b\u0107 nie sprawia, \u017ce Maryja staje si\u0119 daleka ludziom.<\/strong> Wr\u0119cz przeciwnie, Jej wsp\u00f3lnota z ka\u017cdym cz\u0142owiekiem jest niepor\u00f3wnywalna z niczym, poniewa\u017c to co ludzi dzieli, co oddala ich od siebie, to przede wszystkim wyrastaj\u0105cy z grzechu egoizm, kt\u00f3rego w Maryi nie by\u0142o. Dlatego jest Ona Matk\u0105 nie tylko kochaj\u0105c\u0105, ale te\u017c rozumiej\u0105c\u0105 i wsp\u00f3\u0142czuj\u0105c\u0105. Prawda o niepokalanym pocz\u0119ciu jest r\u00f3wnie\u017c dla wszystkich chrze\u015bcijan znakiem ukazuj\u0105cym, jak wielkie rzeczy B\u00f3g mo\u017ce zdzia\u0142a\u0107 w cz\u0142owieku, i jakie ma plany wobec ka\u017cdego: doprowadzi\u0107 do pe\u0142ni cz\u0142owiecze\u0144stwa i \u015bwi\u0119to\u015bci.<\/p>\n<p><strong>Wiara w Niepokalane Pocz\u0119cie Naj\u015bwi\u0119tszej Maryi Panny<\/strong> ma wielowiekow\u0105 tradycj\u0119. Teologiczny sp\u00f3r na ten temat toczy\u0142 si\u0119 ju\u017c od pierwszych wiek\u00f3w. Za uznaniem niezwyk\u0142ego przywileju Maryi opowiadali si\u0119 ju\u017c \u015bw. Justyn (100-167), \u015bw. Ireneusz (ok. 140-200), a zw\u0142aszcza \u015bw. Augustyn (354-430) natomiast przeciwny mu by\u0142 w p\u00f3\u017aniejszym czasie m.in. \u015bw. Tomasz z Akwinu (1224-1274). W XV stuleciu istnia\u0142y ju\u017c pierwsze orzeczenia Ko\u015bcio\u0142a na ten temat, cho\u0107 nie mia\u0142y one jeszcze rangi dogmatu.<\/p>\n<p>W 1617 r. papie\u017c Pawe\u0142 IV zakaza\u0142 wyg\u0142aszania publicznie opinii sprzecznych z wiar\u0105 w Niepokalane Pocz\u0119cie. W 1661 r. na pro\u015bb\u0119 kr\u00f3la Hiszpanii Filipa IV papie\u017c Aleksander VII wyda\u0142 bull\u0119, w kt\u00f3rej streszcza dzieje kultu Niepokalanego Pocz\u0119cia u\u017cywaj\u0105c tam s\u0142\u00f3w, kt\u00f3re Pius IX powt\u00f3rzy\u0142 w swojej formule dogmatycznej. Papie\u017c Klemens XI ustanowi\u0142 w 1708 r. dzie\u0144 8 grudnia \u015bwi\u0119tem obowi\u0105zuj\u0105cym w ca\u0142ym Ko\u015bciele powszechnym. Wreszcie 8 grudnia 1854 r. Pius IX og\u0142osi\u0142 dogmat o Niepokalanym Pocz\u0119ciu Naj\u015bwi\u0119tszej Maryi Panny.<\/p>\n<p><strong>Dogmat jest to obiektywna prawda wiary zawarta w objawieniu Bo\u017cym, kt\u00f3r\u0105 nauczycielski urz\u0105d Ko\u015bcio\u0142a (papie\u017c lub sob\u00f3r) przekazuje w powszechnym nauczaniu zwyczajnym lub uroczystym.<\/strong> Dogmaty s\u0105 niezmienne, mog\u0105 natomiast by\u0107 coraz g\u0142\u0119biej przez Ko\u015bci\u00f3\u0142 poznawane, dlatego te\u017c ich formu\u0142a mo\u017ce by\u0107 u\u015bci\u015blana. Jak pisze \u015bw. Tomasz z Akwinu, dogmat ujmuje prawd\u0119, kt\u00f3ra przekracza zdolno\u015b\u0107 naszego poznawania i poj\u0119ciowania. Ukazuje prawd\u0119, kt\u00f3ra nie jest w ten spos\u00f3b wyczerpana, ale do poznania kt\u00f3rej d\u0105\u017cymy.<\/p>\n<p><strong>Jak dot\u0105d ostatni dogmat og\u0142osi\u0142 w 1950 r. papie\u017c Pius XII. Zawarty on jest w konstytucji apostolskiej \u201eMunificentissimus Deus\u201d i g\u0142osi, \u017ce Maryja zosta\u0142a wzi\u0119ta do nieba z cia\u0142em i dusz\u0105.<\/strong><\/p>\n<\/div>\n","protected":false},"excerpt":{"rendered":"<p>W \u015brod\u0119 8 grudnia zapraszamy do Sanktuarium Ukrzy\u017cowania na kalwaryjskim Wzg\u00f3rzu na Msze \u015bw. o 10.00 i 17.00. W czasie Mszy \u015bwi\u0119tej o 17.oo po\u015bwi\u0119cenie medalik\u00f3w Matki Bo\u017cej dla dzieci przygotowuj\u0105cych si\u0119 do Pierwszej Komunii \u015bw. w naszej Parafii. Zapraszamy dzieci wraz z rodzicami i rodze\u0144stwem. Od 12.00 do 13.00 w kalwaryjskim ko\u015bciele nabo\u017ce\u0144stwo \u201eGodzina &hellip;<\/p>\n","protected":false},"author":2,"featured_media":20791,"comment_status":"closed","ping_status":"closed","sticky":false,"template":"","format":"standard","meta":{"_mi_skip_tracking":false,"_exactmetrics_sitenote_active":false,"_exactmetrics_sitenote_note":"","_exactmetrics_sitenote_category":0},"categories":[13,14],"tags":[],"yoast_head":"<!-- This site is optimized with the Yoast SEO plugin v18.1 - https:\/\/yoast.com\/wordpress\/plugins\/seo\/ -->\n<title>Uroczysto\u015b\u0107 Niepokalanego Pocz\u0119cia NMP \u2013 8 grudnia - Pako\u015b\u0107 \u2013 Kalwaria<\/title>\n<meta name=\"robots\" content=\"index, follow, max-snippet:-1, max-image-preview:large, max-video-preview:-1\" \/>\n<link rel=\"canonical\" href=\"https:\/\/pakosc-kalwaria.franciszkanie.net\/index.php\/2021\/12\/02\/uroczystosc-niepokalanego-poczecia-nmp-8-grudnia-3\/\" \/>\n<meta property=\"og:locale\" content=\"pl_PL\" \/>\n<meta property=\"og:type\" content=\"article\" \/>\n<meta property=\"og:title\" content=\"Uroczysto\u015b\u0107 Niepokalanego Pocz\u0119cia NMP \u2013 8 grudnia - Pako\u015b\u0107 \u2013 Kalwaria\" \/>\n<meta property=\"og:description\" content=\"W \u015brod\u0119 8 grudnia zapraszamy do Sanktuarium Ukrzy\u017cowania na kalwaryjskim Wzg\u00f3rzu na Msze \u015bw. o 10.00 i 17.00. W czasie Mszy \u015bwi\u0119tej o 17.oo po\u015bwi\u0119cenie medalik\u00f3w Matki Bo\u017cej dla dzieci przygotowuj\u0105cych si\u0119 do Pierwszej Komunii \u015bw. w naszej Parafii. Zapraszamy dzieci wraz z rodzicami i rodze\u0144stwem. Od 12.00 do 13.00 w kalwaryjskim ko\u015bciele nabo\u017ce\u0144stwo \u201eGodzina &hellip;\" \/>\n<meta property=\"og:url\" content=\"https:\/\/pakosc-kalwaria.franciszkanie.net\/index.php\/2021\/12\/02\/uroczystosc-niepokalanego-poczecia-nmp-8-grudnia-3\/\" \/>\n<meta property=\"og:site_name\" content=\"Pako\u015b\u0107 \u2013 Kalwaria\" \/>\n<meta property=\"article:author\" content=\"https:\/\/www.facebook.com\/KalwariaPakosc\/\" \/>\n<meta property=\"article:published_time\" content=\"2021-12-02T11:00:05+00:00\" \/>\n<meta property=\"article:modified_time\" content=\"2021-12-08T18:00:44+00:00\" \/>\n<meta property=\"og:image\" content=\"https:\/\/pakosc-kalwaria.franciszkanie.net\/wp-content\/uploads\/2021\/12\/EKYYwmFW4AEEqc0-324x235.jpg\" \/>\n\t<meta property=\"og:image:width\" content=\"350\" \/>\n\t<meta property=\"og:image:height\" content=\"254\" \/>\n\t<meta property=\"og:image:type\" content=\"image\/jpeg\" \/>\n<meta name=\"twitter:card\" content=\"summary\" \/>\n<meta name=\"twitter:label1\" content=\"Napisane przez\" \/>\n\t<meta name=\"twitter:data1\" content=\"pakosc-kalwaria\" \/>\n\t<meta name=\"twitter:label2\" content=\"Szacowany czas czytania\" \/>\n\t<meta name=\"twitter:data2\" content=\"5 minut\" \/>\n<script type=\"application\/ld+json\" class=\"yoast-schema-graph\">{\"@context\":\"https:\/\/schema.org\",\"@graph\":[{\"@type\":\"WebSite\",\"@id\":\"https:\/\/pakosc-kalwaria.franciszkanie.net\/#website\",\"url\":\"https:\/\/pakosc-kalwaria.franciszkanie.net\/\",\"name\":\"Pako\u015b\u0107 \u2013 Kalwaria\",\"description\":\"Parafia Rzymsko \u2013 Katolicka p.w. Pana Jezusa Ukrzy\u017cowanego i  Matki Bo\u017cej Bolesnej ul. Barci\u0144ska 60, 88\u2013170 Pako\u015b\u0107 \u2013 Kalwaria\",\"potentialAction\":[{\"@type\":\"SearchAction\",\"target\":{\"@type\":\"EntryPoint\",\"urlTemplate\":\"https:\/\/pakosc-kalwaria.franciszkanie.net\/?s={search_term_string}\"},\"query-input\":\"required name=search_term_string\"}],\"inLanguage\":\"pl-PL\"},{\"@type\":\"ImageObject\",\"@id\":\"https:\/\/pakosc-kalwaria.franciszkanie.net\/index.php\/2021\/12\/02\/uroczystosc-niepokalanego-poczecia-nmp-8-grudnia-3\/#primaryimage\",\"inLanguage\":\"pl-PL\",\"url\":\"https:\/\/pakosc-kalwaria.franciszkanie.net\/wp-content\/uploads\/2021\/12\/EKYYwmFW4AEEqc0-324x235.jpg\",\"contentUrl\":\"https:\/\/pakosc-kalwaria.franciszkanie.net\/wp-content\/uploads\/2021\/12\/EKYYwmFW4AEEqc0-324x235.jpg\",\"width\":350,\"height\":254},{\"@type\":\"WebPage\",\"@id\":\"https:\/\/pakosc-kalwaria.franciszkanie.net\/index.php\/2021\/12\/02\/uroczystosc-niepokalanego-poczecia-nmp-8-grudnia-3\/#webpage\",\"url\":\"https:\/\/pakosc-kalwaria.franciszkanie.net\/index.php\/2021\/12\/02\/uroczystosc-niepokalanego-poczecia-nmp-8-grudnia-3\/\",\"name\":\"Uroczysto\u015b\u0107 Niepokalanego Pocz\u0119cia NMP \u2013 8 grudnia - Pako\u015b\u0107 \u2013 Kalwaria\",\"isPartOf\":{\"@id\":\"https:\/\/pakosc-kalwaria.franciszkanie.net\/#website\"},\"primaryImageOfPage\":{\"@id\":\"https:\/\/pakosc-kalwaria.franciszkanie.net\/index.php\/2021\/12\/02\/uroczystosc-niepokalanego-poczecia-nmp-8-grudnia-3\/#primaryimage\"},\"datePublished\":\"2021-12-02T11:00:05+00:00\",\"dateModified\":\"2021-12-08T18:00:44+00:00\",\"author\":{\"@id\":\"https:\/\/pakosc-kalwaria.franciszkanie.net\/#\/schema\/person\/af10b943be0760709227d060eadcb2aa\"},\"breadcrumb\":{\"@id\":\"https:\/\/pakosc-kalwaria.franciszkanie.net\/index.php\/2021\/12\/02\/uroczystosc-niepokalanego-poczecia-nmp-8-grudnia-3\/#breadcrumb\"},\"inLanguage\":\"pl-PL\",\"potentialAction\":[{\"@type\":\"ReadAction\",\"target\":[\"https:\/\/pakosc-kalwaria.franciszkanie.net\/index.php\/2021\/12\/02\/uroczystosc-niepokalanego-poczecia-nmp-8-grudnia-3\/\"]}]},{\"@type\":\"BreadcrumbList\",\"@id\":\"https:\/\/pakosc-kalwaria.franciszkanie.net\/index.php\/2021\/12\/02\/uroczystosc-niepokalanego-poczecia-nmp-8-grudnia-3\/#breadcrumb\",\"itemListElement\":[{\"@type\":\"ListItem\",\"position\":1,\"name\":\"Strona g\u0142\u00f3wna\",\"item\":\"https:\/\/pakosc-kalwaria.franciszkanie.net\/\"},{\"@type\":\"ListItem\",\"position\":2,\"name\":\"Uroczysto\u015b\u0107 Niepokalanego Pocz\u0119cia NMP \u2013 8 grudnia\"}]},{\"@type\":\"Person\",\"@id\":\"https:\/\/pakosc-kalwaria.franciszkanie.net\/#\/schema\/person\/af10b943be0760709227d060eadcb2aa\",\"name\":\"pakosc-kalwaria\",\"image\":{\"@type\":\"ImageObject\",\"@id\":\"https:\/\/pakosc-kalwaria.franciszkanie.net\/#personlogo\",\"inLanguage\":\"pl-PL\",\"url\":\"https:\/\/secure.gravatar.com\/avatar\/e7049d338b55eac6a0027ff3218b8d02?s=96&d=mm&r=g\",\"contentUrl\":\"https:\/\/secure.gravatar.com\/avatar\/e7049d338b55eac6a0027ff3218b8d02?s=96&d=mm&r=g\",\"caption\":\"pakosc-kalwaria\"},\"sameAs\":[\"https:\/\/www.facebook.com\/KalwariaPakosc\/\"],\"url\":\"https:\/\/pakosc-kalwaria.franciszkanie.net\/index.php\/author\/pakosc-kalwaria\/\"}]}<\/script>\n<!-- \/ Yoast SEO plugin. -->","yoast_head_json":{"title":"Uroczysto\u015b\u0107 Niepokalanego Pocz\u0119cia NMP \u2013 8 grudnia - Pako\u015b\u0107 \u2013 Kalwaria","robots":{"index":"index","follow":"follow","max-snippet":"max-snippet:-1","max-image-preview":"max-image-preview:large","max-video-preview":"max-video-preview:-1"},"canonical":"https:\/\/pakosc-kalwaria.franciszkanie.net\/index.php\/2021\/12\/02\/uroczystosc-niepokalanego-poczecia-nmp-8-grudnia-3\/","og_locale":"pl_PL","og_type":"article","og_title":"Uroczysto\u015b\u0107 Niepokalanego Pocz\u0119cia NMP \u2013 8 grudnia - Pako\u015b\u0107 \u2013 Kalwaria","og_description":"W \u015brod\u0119 8 grudnia zapraszamy do Sanktuarium Ukrzy\u017cowania na kalwaryjskim Wzg\u00f3rzu na Msze \u015bw. o 10.00 i 17.00. W czasie Mszy \u015bwi\u0119tej o 17.oo po\u015bwi\u0119cenie medalik\u00f3w Matki Bo\u017cej dla dzieci przygotowuj\u0105cych si\u0119 do Pierwszej Komunii \u015bw. w naszej Parafii. Zapraszamy dzieci wraz z rodzicami i rodze\u0144stwem. Od 12.00 do 13.00 w kalwaryjskim ko\u015bciele nabo\u017ce\u0144stwo \u201eGodzina &hellip;","og_url":"https:\/\/pakosc-kalwaria.franciszkanie.net\/index.php\/2021\/12\/02\/uroczystosc-niepokalanego-poczecia-nmp-8-grudnia-3\/","og_site_name":"Pako\u015b\u0107 \u2013 Kalwaria","article_author":"https:\/\/www.facebook.com\/KalwariaPakosc\/","article_published_time":"2021-12-02T11:00:05+00:00","article_modified_time":"2021-12-08T18:00:44+00:00","og_image":[{"width":350,"height":254,"url":"https:\/\/pakosc-kalwaria.franciszkanie.net\/wp-content\/uploads\/2021\/12\/EKYYwmFW4AEEqc0-324x235.jpg","type":"image\/jpeg"}],"twitter_card":"summary","twitter_misc":{"Napisane przez":"pakosc-kalwaria","Szacowany czas czytania":"5 minut"},"schema":{"@context":"https:\/\/schema.org","@graph":[{"@type":"WebSite","@id":"https:\/\/pakosc-kalwaria.franciszkanie.net\/#website","url":"https:\/\/pakosc-kalwaria.franciszkanie.net\/","name":"Pako\u015b\u0107 \u2013 Kalwaria","description":"Parafia Rzymsko \u2013 Katolicka p.w. Pana Jezusa Ukrzy\u017cowanego i  Matki Bo\u017cej Bolesnej ul. Barci\u0144ska 60, 88\u2013170 Pako\u015b\u0107 \u2013 Kalwaria","potentialAction":[{"@type":"SearchAction","target":{"@type":"EntryPoint","urlTemplate":"https:\/\/pakosc-kalwaria.franciszkanie.net\/?s={search_term_string}"},"query-input":"required name=search_term_string"}],"inLanguage":"pl-PL"},{"@type":"ImageObject","@id":"https:\/\/pakosc-kalwaria.franciszkanie.net\/index.php\/2021\/12\/02\/uroczystosc-niepokalanego-poczecia-nmp-8-grudnia-3\/#primaryimage","inLanguage":"pl-PL","url":"https:\/\/pakosc-kalwaria.franciszkanie.net\/wp-content\/uploads\/2021\/12\/EKYYwmFW4AEEqc0-324x235.jpg","contentUrl":"https:\/\/pakosc-kalwaria.franciszkanie.net\/wp-content\/uploads\/2021\/12\/EKYYwmFW4AEEqc0-324x235.jpg","width":350,"height":254},{"@type":"WebPage","@id":"https:\/\/pakosc-kalwaria.franciszkanie.net\/index.php\/2021\/12\/02\/uroczystosc-niepokalanego-poczecia-nmp-8-grudnia-3\/#webpage","url":"https:\/\/pakosc-kalwaria.franciszkanie.net\/index.php\/2021\/12\/02\/uroczystosc-niepokalanego-poczecia-nmp-8-grudnia-3\/","name":"Uroczysto\u015b\u0107 Niepokalanego Pocz\u0119cia NMP \u2013 8 grudnia - Pako\u015b\u0107 \u2013 Kalwaria","isPartOf":{"@id":"https:\/\/pakosc-kalwaria.franciszkanie.net\/#website"},"primaryImageOfPage":{"@id":"https:\/\/pakosc-kalwaria.franciszkanie.net\/index.php\/2021\/12\/02\/uroczystosc-niepokalanego-poczecia-nmp-8-grudnia-3\/#primaryimage"},"datePublished":"2021-12-02T11:00:05+00:00","dateModified":"2021-12-08T18:00:44+00:00","author":{"@id":"https:\/\/pakosc-kalwaria.franciszkanie.net\/#\/schema\/person\/af10b943be0760709227d060eadcb2aa"},"breadcrumb":{"@id":"https:\/\/pakosc-kalwaria.franciszkanie.net\/index.php\/2021\/12\/02\/uroczystosc-niepokalanego-poczecia-nmp-8-grudnia-3\/#breadcrumb"},"inLanguage":"pl-PL","potentialAction":[{"@type":"ReadAction","target":["https:\/\/pakosc-kalwaria.franciszkanie.net\/index.php\/2021\/12\/02\/uroczystosc-niepokalanego-poczecia-nmp-8-grudnia-3\/"]}]},{"@type":"BreadcrumbList","@id":"https:\/\/pakosc-kalwaria.franciszkanie.net\/index.php\/2021\/12\/02\/uroczystosc-niepokalanego-poczecia-nmp-8-grudnia-3\/#breadcrumb","itemListElement":[{"@type":"ListItem","position":1,"name":"Strona g\u0142\u00f3wna","item":"https:\/\/pakosc-kalwaria.franciszkanie.net\/"},{"@type":"ListItem","position":2,"name":"Uroczysto\u015b\u0107 Niepokalanego Pocz\u0119cia NMP \u2013 8 grudnia"}]},{"@type":"Person","@id":"https:\/\/pakosc-kalwaria.franciszkanie.net\/#\/schema\/person\/af10b943be0760709227d060eadcb2aa","name":"pakosc-kalwaria","image":{"@type":"ImageObject","@id":"https:\/\/pakosc-kalwaria.franciszkanie.net\/#personlogo","inLanguage":"pl-PL","url":"https:\/\/secure.gravatar.com\/avatar\/e7049d338b55eac6a0027ff3218b8d02?s=96&d=mm&r=g","contentUrl":"https:\/\/secure.gravatar.com\/avatar\/e7049d338b55eac6a0027ff3218b8d02?s=96&d=mm&r=g","caption":"pakosc-kalwaria"},"sameAs":["https:\/\/www.facebook.com\/KalwariaPakosc\/"],"url":"https:\/\/pakosc-kalwaria.franciszkanie.net\/index.php\/author\/pakosc-kalwaria\/"}]}},"_links":{"self":[{"href":"https:\/\/pakosc-kalwaria.franciszkanie.net\/index.php\/wp-json\/wp\/v2\/posts\/20790"}],"collection":[{"href":"https:\/\/pakosc-kalwaria.franciszkanie.net\/index.php\/wp-json\/wp\/v2\/posts"}],"about":[{"href":"https:\/\/pakosc-kalwaria.franciszkanie.net\/index.php\/wp-json\/wp\/v2\/types\/post"}],"author":[{"embeddable":true,"href":"https:\/\/pakosc-kalwaria.franciszkanie.net\/index.php\/wp-json\/wp\/v2\/users\/2"}],"replies":[{"embeddable":true,"href":"https:\/\/pakosc-kalwaria.franciszkanie.net\/index.php\/wp-json\/wp\/v2\/comments?post=20790"}],"version-history":[{"count":3,"href":"https:\/\/pakosc-kalwaria.franciszkanie.net\/index.php\/wp-json\/wp\/v2\/posts\/20790\/revisions"}],"predecessor-version":[{"id":20808,"href":"https:\/\/pakosc-kalwaria.franciszkanie.net\/index.php\/wp-json\/wp\/v2\/posts\/20790\/revisions\/20808"}],"wp:featuredmedia":[{"embeddable":true,"href":"https:\/\/pakosc-kalwaria.franciszkanie.net\/index.php\/wp-json\/wp\/v2\/media\/20791"}],"wp:attachment":[{"href":"https:\/\/pakosc-kalwaria.franciszkanie.net\/index.php\/wp-json\/wp\/v2\/media?parent=20790"}],"wp:term":[{"taxonomy":"category","embeddable":true,"href":"https:\/\/pakosc-kalwaria.franciszkanie.net\/index.php\/wp-json\/wp\/v2\/categories?post=20790"},{"taxonomy":"post_tag","embeddable":true,"href":"https:\/\/pakosc-kalwaria.franciszkanie.net\/index.php\/wp-json\/wp\/v2\/tags?post=20790"}],"curies":[{"name":"wp","href":"https:\/\/api.w.org\/{rel}","templated":true}]}}