{"id":20794,"date":"2021-12-02T11:45:13","date_gmt":"2021-12-02T10:45:13","guid":{"rendered":"http:\/\/pakosc-kalwaria.franciszkanie.net\/?p=20794"},"modified":"2021-12-08T19:00:22","modified_gmt":"2021-12-08T18:00:22","slug":"nabozenstwo-godzina-laski-w-niedziele-8-grudnia-od-12-00-do-13-00-3","status":"publish","type":"post","link":"https:\/\/pakosc-kalwaria.franciszkanie.net\/index.php\/2021\/12\/02\/nabozenstwo-godzina-laski-w-niedziele-8-grudnia-od-12-00-do-13-00-3\/","title":{"rendered":"Nabo\u017ce\u0144stwo \u201eGodzina \u0141aski\u201d 8 grudnia od 12.00 do 13.00"},"content":{"rendered":"<div class=\"entry-content\">\n<div class=\"entry-content\">\n<p><strong>W\u00a0 naszym Sanktuarium na Kalwaryjskim Wzg\u00f3rzu <\/strong><span style=\"color: #ff0000;\"><strong>w \u015brod\u0119 8 grudnia od 12.00 \u2013 13.00 n<\/strong><strong>abo\u017ce\u0144stwo \u201e<\/strong><\/span><strong><span style=\"color: #ff0000;\">Godzina \u0141aski\u201d<\/span>. To nabo\u017ce\u0144stwo mo\u017cna odprawi\u0107 tak\u017ce w domu. <span style=\"color: #ff0000;\">Nie przegap tych sze\u015b\u0107dziesi\u0119ciu minut nasyconych blisko\u015bci\u0105 Nieba\u2026<\/span><\/strong><\/p>\n<p><strong><br \/>\n<span style=\"color: #ff0000;\">Matka Bo\u017ca, objawiaj\u0105c si\u0119 w \u015awi\u0119to Niepokalanego Pocz\u0119cia, 8 grudnia 1947 r., piel\u0119gniarce Pierinie Gilli w Montichiari we W\u0142oszech powiedzia\u0142a:<\/span><br \/>\n<\/strong><strong>\u201e\u017bycz\u0119 sobie, aby ka\u017cdego roku w dniu 8 grudnia, w po\u0142udnie obchodzono Godzin\u0119 \u0141aski dla ca\u0142ego \u015bwiata.<\/strong><strong> Dzi\u0119ki modlitwie w tej godzinie ze\u015bl\u0119 wiele \u0142ask dla duszy i cia\u0142a. B\u0119d\u0105 masowe nawr\u00f3cenia. Dusze zatwardzia\u0142e i zimne jak marmur poruszone b\u0119d\u0105 \u0142ask\u0105 Bo\u017c\u0105 i zn\u00f3w stan\u0105 si\u0119 wierne i mi\u0142uj\u0105ce Boga. Pan, m\u00f3j Boski Syn Jezus, oka\u017ce wielkie mi\u0142osierdzie, je\u017celi dobrzy ludzie b\u0119d\u0105 si\u0119 modli\u0107 za bli\u017anich. Jest moim \u017cyczeniem, aby ta Godzina by\u0142a rozpowszechniona. Wkr\u00f3tce ludzie poznaj\u0105 wielko\u015b\u0107 tej Godziny \u0141aski. Je\u015bli kto\u015b nie mo\u017ce w tym czasie przyj\u015b\u0107 do ko\u015bcio\u0142a, niech modli si\u0119 w domu\u201d. <\/strong><\/p>\n<p><strong>Obietnica jest naprawd\u0119 wielka! Oto Matka Naj\u015bwi\u0119tsza og\u0142asza, \u017ce przez te sze\u015b\u0107dziesi\u0105t minut ka\u017cdy mo\u017ce otrzyma\u0107 wiele \u0142ask, kt\u00f3re s\u0105 najbardziej potrzebne oraz mo\u017ce wiele \u0142ask wyprosi\u0107 innym. Dzieje si\u0119 tak corocznie w po\u0142udnie w uroczysto\u015b\u0107 Niepokalanego Pocz\u0119cia Matki Bo\u017cej.<\/strong><\/p>\n<p><strong>W 2000 roku biskup diecezji Bre\u015bcia przychyli\u0142 si\u0119 do kultu, kt\u00f3ry coraz mocniej rozwija si\u0119 na ca\u0142ym \u015bwiecie. W bardzo wielu ko\u015bcio\u0142ach w Polsce i w innych krajach odprawiana jest Godzina \u0141aski. Na Placu Hiszpa\u0144skim w Rzymie papie\u017c modli si\u0119 tego dnia pod figur\u0105 Niepokalanego Pocz\u0119cia Maryi. Katolickie media oficjalnie zach\u0119caj\u0105 wiernych do jej odprawiania. Ze wszystkich stron \u015bwiata zg\u0142aszane s\u0105 informacje o niezwyk\u0142ych cudach, nawr\u00f3ceniach wymodlonych w Godzinie \u0141aski.<\/strong><\/p>\n<p><strong><br \/>\n<span style=\"color: #ff0000;\">Jak odprawi\u0107 Godzin\u0119 \u0141aski?<\/span><\/strong><br \/>\nTo szczeg\u00f3lna godzina i dobrze b\u0119dzie, je\u015bli zdo\u0142asz wykorzysta\u0107 j\u0105 ca\u0142\u0105. Im wi\u0119cej czasu sp\u0119dzisz z Maryj\u0105, tym wi\u0119cej \u0142ask sp\u0142ynie na ciebie i tych, kt\u00f3rych nosisz w sercu. Dlatego postaraj si\u0119 odda\u0107 Niepokalanej ca\u0142\u0105 \u015bwi\u0119t\u0105 godzin\u0119. Je\u017celi to niemo\u017cliwe, przybli\u017c si\u0119 do Jej Niepokalanego Serca na tyle czasu, na ile ci\u0119 sta\u0107. Ka\u017cda chwila, kt\u00f3r\u0105 sp\u0119dzisz przytulony do obietnicy Matki Bo\u017cej, oka\u017ce si\u0119 bezcenna!<\/p>\n<p><strong>Zacznij od przypomnienia sobie obietnic Matki Naj\u015bwi\u0119tszej. <\/strong><br \/>\n\u201eW imi\u0119 Ojca i Syna, i Ducha \u015awi\u0119tego\u201d.<\/p>\n<p><strong>Skup si\u0119 na modlitwie i zapytaj siebie<\/strong>: \u201eCo obiecuje mi Matka Naj\u015bwi\u0119tsza?\u201d. Ona zapewnia, \u017ce Godzina \u0141aski \u201ezaowocuje wieloma nawr\u00f3ceniami\u201d.<\/p>\n<p><strong>Pro\u015b o \u0142ask\u0119 nawr\u00f3cenia dla tych, kt\u00f3rzy jej najbardziej potrzebuj\u0105. <\/strong><br \/>\n\u201eSerca zatwardzia\u0142e i zimne jak ten marmur zostan\u0105 dotkni\u0119te Bo\u017c\u0105 \u0142ask\u0105 i stan\u0105 si\u0119 wiernymi czcicielami naszego Pana, i b\u0119d\u0105 Go szczerze mi\u0142owa\u0107 (\u2026)\u201d.<\/p>\n<p><strong>Pro\u015b o t\u0119 \u0142ask\u0119 dla siebie i najbli\u017cszych. <\/strong><br \/>\n\u201ePrzez to nabo\u017ce\u0144stwo uzyskacie wiele \u0142ask duchowych i cielesnych\u201d.<\/p>\n<p><strong>Nie b\u00f3j si\u0119 prosi\u0107 o \u0142aski \u2013 nawet najwi\u0119ksze!<\/strong><br \/>\n\u201eNasz Pan, m\u00f3j Boski Syn, Jezus, ze\u015ble swe przeobfite Mi\u0142osierdzie, je\u017celi dobrzy ludzie b\u0119d\u0105 stale modli\u0107 si\u0119 za swych grzesznych braci (\u2026)\u201d.<\/p>\n<p><strong>Pro\u015b o \u0142ask\u0119 nawr\u00f3cenia dla grzesznik\u00f3w. <\/strong><br \/>\n\u201eKa\u017cdy, kto b\u0119dzie modli\u0107 si\u0119 w tej intencji i wylewa\u0142 \u0142zy pokuty, odnajdzie pewn\u0105 drabin\u0119 niebiesk\u0105, przez me macierzy\u0144skie Serce b\u0119dzie te\u017c mia\u0142 zapewnion\u0105 opiek\u0119 i \u0142ask\u0119\u201d.<\/p>\n<p><strong>A teraz podzi\u0119kuj za t\u0119 \u0142ask\u0119, kt\u00f3r\u0105 ci dzi\u015b Matka Naj\u015bwi\u0119tsza gwarantuje! <\/strong><br \/>\nW tym momencie mo\u017cesz zacz\u0105\u0107 rozmawia\u0107 z Maryj\u0105 modlitwami, kt\u00f3re s\u0105 najbli\u017csze twemu sercu. Odm\u00f3w R\u00f3\u017caniec, przeplataj\u0105c go aktami mi\u0142o\u015bci (Bo\u017ce, cho\u0107 Ci\u0119 nie pojmuj\u0119\u2026) i \u017calu za grzechy (Ach, \u017ca\u0142uj\u0119 za me z\u0142o\u015bci\u2026).<br \/>\nWyznaj sw\u0105 wiar\u0119 w Boga (Wierz\u0119 w Boga Ojca Wszechmog\u0105cego),<br \/>\nwychwalaj Jego dobro\u0107 (Chwa\u0142a na wysoko\u015bci Bogu),<br \/>\noddaj si\u0119 Maryi pod opiek\u0119 (Ca\u0142y jestem Tw\u00f3j, o Maryjo). To s\u0142owa szczeg\u00f3lnie mi\u0142e Maryi. One otworz\u0105 dla ciebie Jej Serce, ciebie za\u015b niech otworz\u0105 na Jej dary\u2026<\/p>\n<\/div>\n<\/div>\n","protected":false},"excerpt":{"rendered":"<p>W\u00a0 naszym Sanktuarium na Kalwaryjskim Wzg\u00f3rzu w \u015brod\u0119 8 grudnia od 12.00 \u2013 13.00 nabo\u017ce\u0144stwo \u201eGodzina \u0141aski\u201d. To nabo\u017ce\u0144stwo mo\u017cna odprawi\u0107 tak\u017ce w domu. Nie przegap tych sze\u015b\u0107dziesi\u0119ciu minut nasyconych blisko\u015bci\u0105 Nieba\u2026 Matka Bo\u017ca, objawiaj\u0105c si\u0119 w \u015awi\u0119to Niepokalanego Pocz\u0119cia, 8 grudnia 1947 r., piel\u0119gniarce Pierinie Gilli w Montichiari we W\u0142oszech powiedzia\u0142a: \u201e\u017bycz\u0119 sobie, aby &hellip;<\/p>\n","protected":false},"author":2,"featured_media":20792,"comment_status":"closed","ping_status":"closed","sticky":false,"template":"","format":"standard","meta":{"_mi_skip_tracking":false,"_exactmetrics_sitenote_active":false,"_exactmetrics_sitenote_note":"","_exactmetrics_sitenote_category":0},"categories":[13,14],"tags":[],"yoast_head":"<!-- This site is optimized with the Yoast SEO plugin v18.1 - https:\/\/yoast.com\/wordpress\/plugins\/seo\/ -->\n<title>Nabo\u017ce\u0144stwo \u201eGodzina \u0141aski\u201d 8 grudnia od 12.00 do 13.00 - Pako\u015b\u0107 \u2013 Kalwaria<\/title>\n<meta name=\"robots\" content=\"index, follow, max-snippet:-1, max-image-preview:large, max-video-preview:-1\" \/>\n<link rel=\"canonical\" href=\"https:\/\/pakosc-kalwaria.franciszkanie.net\/index.php\/2021\/12\/02\/nabozenstwo-godzina-laski-w-niedziele-8-grudnia-od-12-00-do-13-00-3\/\" \/>\n<meta property=\"og:locale\" content=\"pl_PL\" \/>\n<meta property=\"og:type\" content=\"article\" \/>\n<meta property=\"og:title\" content=\"Nabo\u017ce\u0144stwo \u201eGodzina \u0141aski\u201d 8 grudnia od 12.00 do 13.00 - Pako\u015b\u0107 \u2013 Kalwaria\" \/>\n<meta property=\"og:description\" content=\"W\u00a0 naszym Sanktuarium na Kalwaryjskim Wzg\u00f3rzu w \u015brod\u0119 8 grudnia od 12.00 \u2013 13.00 nabo\u017ce\u0144stwo \u201eGodzina \u0141aski\u201d. To nabo\u017ce\u0144stwo mo\u017cna odprawi\u0107 tak\u017ce w domu. Nie przegap tych sze\u015b\u0107dziesi\u0119ciu minut nasyconych blisko\u015bci\u0105 Nieba\u2026 Matka Bo\u017ca, objawiaj\u0105c si\u0119 w \u015awi\u0119to Niepokalanego Pocz\u0119cia, 8 grudnia 1947 r., piel\u0119gniarce Pierinie Gilli w Montichiari we W\u0142oszech powiedzia\u0142a: \u201e\u017bycz\u0119 sobie, aby &hellip;\" \/>\n<meta property=\"og:url\" content=\"https:\/\/pakosc-kalwaria.franciszkanie.net\/index.php\/2021\/12\/02\/nabozenstwo-godzina-laski-w-niedziele-8-grudnia-od-12-00-do-13-00-3\/\" \/>\n<meta property=\"og:site_name\" content=\"Pako\u015b\u0107 \u2013 Kalwaria\" \/>\n<meta property=\"article:author\" content=\"https:\/\/www.facebook.com\/KalwariaPakosc\/\" \/>\n<meta property=\"article:published_time\" content=\"2021-12-02T10:45:13+00:00\" \/>\n<meta property=\"article:modified_time\" content=\"2021-12-08T18:00:22+00:00\" \/>\n<meta property=\"og:image\" content=\"https:\/\/pakosc-kalwaria.franciszkanie.net\/wp-content\/uploads\/2021\/12\/godzinalaski.jpg\" \/>\n\t<meta property=\"og:image:width\" content=\"330\" \/>\n\t<meta property=\"og:image:height\" content=\"206\" \/>\n\t<meta property=\"og:image:type\" content=\"image\/jpeg\" \/>\n<meta name=\"twitter:card\" content=\"summary\" \/>\n<meta name=\"twitter:label1\" content=\"Napisane przez\" \/>\n\t<meta name=\"twitter:data1\" content=\"pakosc-kalwaria\" \/>\n\t<meta name=\"twitter:label2\" content=\"Szacowany czas czytania\" \/>\n\t<meta name=\"twitter:data2\" content=\"3 minuty\" \/>\n<script type=\"application\/ld+json\" class=\"yoast-schema-graph\">{\"@context\":\"https:\/\/schema.org\",\"@graph\":[{\"@type\":\"WebSite\",\"@id\":\"https:\/\/pakosc-kalwaria.franciszkanie.net\/#website\",\"url\":\"https:\/\/pakosc-kalwaria.franciszkanie.net\/\",\"name\":\"Pako\u015b\u0107 \u2013 Kalwaria\",\"description\":\"Parafia Rzymsko \u2013 Katolicka p.w. Pana Jezusa Ukrzy\u017cowanego i  Matki Bo\u017cej Bolesnej ul. Barci\u0144ska 60, 88\u2013170 Pako\u015b\u0107 \u2013 Kalwaria\",\"potentialAction\":[{\"@type\":\"SearchAction\",\"target\":{\"@type\":\"EntryPoint\",\"urlTemplate\":\"https:\/\/pakosc-kalwaria.franciszkanie.net\/?s={search_term_string}\"},\"query-input\":\"required name=search_term_string\"}],\"inLanguage\":\"pl-PL\"},{\"@type\":\"ImageObject\",\"@id\":\"https:\/\/pakosc-kalwaria.franciszkanie.net\/index.php\/2021\/12\/02\/nabozenstwo-godzina-laski-w-niedziele-8-grudnia-od-12-00-do-13-00-3\/#primaryimage\",\"inLanguage\":\"pl-PL\",\"url\":\"https:\/\/pakosc-kalwaria.franciszkanie.net\/wp-content\/uploads\/2021\/12\/godzinalaski.jpg\",\"contentUrl\":\"https:\/\/pakosc-kalwaria.franciszkanie.net\/wp-content\/uploads\/2021\/12\/godzinalaski.jpg\",\"width\":330,\"height\":206},{\"@type\":\"WebPage\",\"@id\":\"https:\/\/pakosc-kalwaria.franciszkanie.net\/index.php\/2021\/12\/02\/nabozenstwo-godzina-laski-w-niedziele-8-grudnia-od-12-00-do-13-00-3\/#webpage\",\"url\":\"https:\/\/pakosc-kalwaria.franciszkanie.net\/index.php\/2021\/12\/02\/nabozenstwo-godzina-laski-w-niedziele-8-grudnia-od-12-00-do-13-00-3\/\",\"name\":\"Nabo\u017ce\u0144stwo \u201eGodzina \u0141aski\u201d 8 grudnia od 12.00 do 13.00 - Pako\u015b\u0107 \u2013 Kalwaria\",\"isPartOf\":{\"@id\":\"https:\/\/pakosc-kalwaria.franciszkanie.net\/#website\"},\"primaryImageOfPage\":{\"@id\":\"https:\/\/pakosc-kalwaria.franciszkanie.net\/index.php\/2021\/12\/02\/nabozenstwo-godzina-laski-w-niedziele-8-grudnia-od-12-00-do-13-00-3\/#primaryimage\"},\"datePublished\":\"2021-12-02T10:45:13+00:00\",\"dateModified\":\"2021-12-08T18:00:22+00:00\",\"author\":{\"@id\":\"https:\/\/pakosc-kalwaria.franciszkanie.net\/#\/schema\/person\/af10b943be0760709227d060eadcb2aa\"},\"breadcrumb\":{\"@id\":\"https:\/\/pakosc-kalwaria.franciszkanie.net\/index.php\/2021\/12\/02\/nabozenstwo-godzina-laski-w-niedziele-8-grudnia-od-12-00-do-13-00-3\/#breadcrumb\"},\"inLanguage\":\"pl-PL\",\"potentialAction\":[{\"@type\":\"ReadAction\",\"target\":[\"https:\/\/pakosc-kalwaria.franciszkanie.net\/index.php\/2021\/12\/02\/nabozenstwo-godzina-laski-w-niedziele-8-grudnia-od-12-00-do-13-00-3\/\"]}]},{\"@type\":\"BreadcrumbList\",\"@id\":\"https:\/\/pakosc-kalwaria.franciszkanie.net\/index.php\/2021\/12\/02\/nabozenstwo-godzina-laski-w-niedziele-8-grudnia-od-12-00-do-13-00-3\/#breadcrumb\",\"itemListElement\":[{\"@type\":\"ListItem\",\"position\":1,\"name\":\"Strona g\u0142\u00f3wna\",\"item\":\"https:\/\/pakosc-kalwaria.franciszkanie.net\/\"},{\"@type\":\"ListItem\",\"position\":2,\"name\":\"Nabo\u017ce\u0144stwo \u201eGodzina \u0141aski\u201d 8 grudnia od 12.00 do 13.00\"}]},{\"@type\":\"Person\",\"@id\":\"https:\/\/pakosc-kalwaria.franciszkanie.net\/#\/schema\/person\/af10b943be0760709227d060eadcb2aa\",\"name\":\"pakosc-kalwaria\",\"image\":{\"@type\":\"ImageObject\",\"@id\":\"https:\/\/pakosc-kalwaria.franciszkanie.net\/#personlogo\",\"inLanguage\":\"pl-PL\",\"url\":\"https:\/\/secure.gravatar.com\/avatar\/e7049d338b55eac6a0027ff3218b8d02?s=96&d=mm&r=g\",\"contentUrl\":\"https:\/\/secure.gravatar.com\/avatar\/e7049d338b55eac6a0027ff3218b8d02?s=96&d=mm&r=g\",\"caption\":\"pakosc-kalwaria\"},\"sameAs\":[\"https:\/\/www.facebook.com\/KalwariaPakosc\/\"],\"url\":\"https:\/\/pakosc-kalwaria.franciszkanie.net\/index.php\/author\/pakosc-kalwaria\/\"}]}<\/script>\n<!-- \/ Yoast SEO plugin. -->","yoast_head_json":{"title":"Nabo\u017ce\u0144stwo \u201eGodzina \u0141aski\u201d 8 grudnia od 12.00 do 13.00 - Pako\u015b\u0107 \u2013 Kalwaria","robots":{"index":"index","follow":"follow","max-snippet":"max-snippet:-1","max-image-preview":"max-image-preview:large","max-video-preview":"max-video-preview:-1"},"canonical":"https:\/\/pakosc-kalwaria.franciszkanie.net\/index.php\/2021\/12\/02\/nabozenstwo-godzina-laski-w-niedziele-8-grudnia-od-12-00-do-13-00-3\/","og_locale":"pl_PL","og_type":"article","og_title":"Nabo\u017ce\u0144stwo \u201eGodzina \u0141aski\u201d 8 grudnia od 12.00 do 13.00 - Pako\u015b\u0107 \u2013 Kalwaria","og_description":"W\u00a0 naszym Sanktuarium na Kalwaryjskim Wzg\u00f3rzu w \u015brod\u0119 8 grudnia od 12.00 \u2013 13.00 nabo\u017ce\u0144stwo \u201eGodzina \u0141aski\u201d. To nabo\u017ce\u0144stwo mo\u017cna odprawi\u0107 tak\u017ce w domu. Nie przegap tych sze\u015b\u0107dziesi\u0119ciu minut nasyconych blisko\u015bci\u0105 Nieba\u2026 Matka Bo\u017ca, objawiaj\u0105c si\u0119 w \u015awi\u0119to Niepokalanego Pocz\u0119cia, 8 grudnia 1947 r., piel\u0119gniarce Pierinie Gilli w Montichiari we W\u0142oszech powiedzia\u0142a: \u201e\u017bycz\u0119 sobie, aby &hellip;","og_url":"https:\/\/pakosc-kalwaria.franciszkanie.net\/index.php\/2021\/12\/02\/nabozenstwo-godzina-laski-w-niedziele-8-grudnia-od-12-00-do-13-00-3\/","og_site_name":"Pako\u015b\u0107 \u2013 Kalwaria","article_author":"https:\/\/www.facebook.com\/KalwariaPakosc\/","article_published_time":"2021-12-02T10:45:13+00:00","article_modified_time":"2021-12-08T18:00:22+00:00","og_image":[{"width":330,"height":206,"url":"https:\/\/pakosc-kalwaria.franciszkanie.net\/wp-content\/uploads\/2021\/12\/godzinalaski.jpg","type":"image\/jpeg"}],"twitter_card":"summary","twitter_misc":{"Napisane przez":"pakosc-kalwaria","Szacowany czas czytania":"3 minuty"},"schema":{"@context":"https:\/\/schema.org","@graph":[{"@type":"WebSite","@id":"https:\/\/pakosc-kalwaria.franciszkanie.net\/#website","url":"https:\/\/pakosc-kalwaria.franciszkanie.net\/","name":"Pako\u015b\u0107 \u2013 Kalwaria","description":"Parafia Rzymsko \u2013 Katolicka p.w. Pana Jezusa Ukrzy\u017cowanego i  Matki Bo\u017cej Bolesnej ul. Barci\u0144ska 60, 88\u2013170 Pako\u015b\u0107 \u2013 Kalwaria","potentialAction":[{"@type":"SearchAction","target":{"@type":"EntryPoint","urlTemplate":"https:\/\/pakosc-kalwaria.franciszkanie.net\/?s={search_term_string}"},"query-input":"required name=search_term_string"}],"inLanguage":"pl-PL"},{"@type":"ImageObject","@id":"https:\/\/pakosc-kalwaria.franciszkanie.net\/index.php\/2021\/12\/02\/nabozenstwo-godzina-laski-w-niedziele-8-grudnia-od-12-00-do-13-00-3\/#primaryimage","inLanguage":"pl-PL","url":"https:\/\/pakosc-kalwaria.franciszkanie.net\/wp-content\/uploads\/2021\/12\/godzinalaski.jpg","contentUrl":"https:\/\/pakosc-kalwaria.franciszkanie.net\/wp-content\/uploads\/2021\/12\/godzinalaski.jpg","width":330,"height":206},{"@type":"WebPage","@id":"https:\/\/pakosc-kalwaria.franciszkanie.net\/index.php\/2021\/12\/02\/nabozenstwo-godzina-laski-w-niedziele-8-grudnia-od-12-00-do-13-00-3\/#webpage","url":"https:\/\/pakosc-kalwaria.franciszkanie.net\/index.php\/2021\/12\/02\/nabozenstwo-godzina-laski-w-niedziele-8-grudnia-od-12-00-do-13-00-3\/","name":"Nabo\u017ce\u0144stwo \u201eGodzina \u0141aski\u201d 8 grudnia od 12.00 do 13.00 - Pako\u015b\u0107 \u2013 Kalwaria","isPartOf":{"@id":"https:\/\/pakosc-kalwaria.franciszkanie.net\/#website"},"primaryImageOfPage":{"@id":"https:\/\/pakosc-kalwaria.franciszkanie.net\/index.php\/2021\/12\/02\/nabozenstwo-godzina-laski-w-niedziele-8-grudnia-od-12-00-do-13-00-3\/#primaryimage"},"datePublished":"2021-12-02T10:45:13+00:00","dateModified":"2021-12-08T18:00:22+00:00","author":{"@id":"https:\/\/pakosc-kalwaria.franciszkanie.net\/#\/schema\/person\/af10b943be0760709227d060eadcb2aa"},"breadcrumb":{"@id":"https:\/\/pakosc-kalwaria.franciszkanie.net\/index.php\/2021\/12\/02\/nabozenstwo-godzina-laski-w-niedziele-8-grudnia-od-12-00-do-13-00-3\/#breadcrumb"},"inLanguage":"pl-PL","potentialAction":[{"@type":"ReadAction","target":["https:\/\/pakosc-kalwaria.franciszkanie.net\/index.php\/2021\/12\/02\/nabozenstwo-godzina-laski-w-niedziele-8-grudnia-od-12-00-do-13-00-3\/"]}]},{"@type":"BreadcrumbList","@id":"https:\/\/pakosc-kalwaria.franciszkanie.net\/index.php\/2021\/12\/02\/nabozenstwo-godzina-laski-w-niedziele-8-grudnia-od-12-00-do-13-00-3\/#breadcrumb","itemListElement":[{"@type":"ListItem","position":1,"name":"Strona g\u0142\u00f3wna","item":"https:\/\/pakosc-kalwaria.franciszkanie.net\/"},{"@type":"ListItem","position":2,"name":"Nabo\u017ce\u0144stwo \u201eGodzina \u0141aski\u201d 8 grudnia od 12.00 do 13.00"}]},{"@type":"Person","@id":"https:\/\/pakosc-kalwaria.franciszkanie.net\/#\/schema\/person\/af10b943be0760709227d060eadcb2aa","name":"pakosc-kalwaria","image":{"@type":"ImageObject","@id":"https:\/\/pakosc-kalwaria.franciszkanie.net\/#personlogo","inLanguage":"pl-PL","url":"https:\/\/secure.gravatar.com\/avatar\/e7049d338b55eac6a0027ff3218b8d02?s=96&d=mm&r=g","contentUrl":"https:\/\/secure.gravatar.com\/avatar\/e7049d338b55eac6a0027ff3218b8d02?s=96&d=mm&r=g","caption":"pakosc-kalwaria"},"sameAs":["https:\/\/www.facebook.com\/KalwariaPakosc\/"],"url":"https:\/\/pakosc-kalwaria.franciszkanie.net\/index.php\/author\/pakosc-kalwaria\/"}]}},"_links":{"self":[{"href":"https:\/\/pakosc-kalwaria.franciszkanie.net\/index.php\/wp-json\/wp\/v2\/posts\/20794"}],"collection":[{"href":"https:\/\/pakosc-kalwaria.franciszkanie.net\/index.php\/wp-json\/wp\/v2\/posts"}],"about":[{"href":"https:\/\/pakosc-kalwaria.franciszkanie.net\/index.php\/wp-json\/wp\/v2\/types\/post"}],"author":[{"embeddable":true,"href":"https:\/\/pakosc-kalwaria.franciszkanie.net\/index.php\/wp-json\/wp\/v2\/users\/2"}],"replies":[{"embeddable":true,"href":"https:\/\/pakosc-kalwaria.franciszkanie.net\/index.php\/wp-json\/wp\/v2\/comments?post=20794"}],"version-history":[{"count":2,"href":"https:\/\/pakosc-kalwaria.franciszkanie.net\/index.php\/wp-json\/wp\/v2\/posts\/20794\/revisions"}],"predecessor-version":[{"id":20809,"href":"https:\/\/pakosc-kalwaria.franciszkanie.net\/index.php\/wp-json\/wp\/v2\/posts\/20794\/revisions\/20809"}],"wp:featuredmedia":[{"embeddable":true,"href":"https:\/\/pakosc-kalwaria.franciszkanie.net\/index.php\/wp-json\/wp\/v2\/media\/20792"}],"wp:attachment":[{"href":"https:\/\/pakosc-kalwaria.franciszkanie.net\/index.php\/wp-json\/wp\/v2\/media?parent=20794"}],"wp:term":[{"taxonomy":"category","embeddable":true,"href":"https:\/\/pakosc-kalwaria.franciszkanie.net\/index.php\/wp-json\/wp\/v2\/categories?post=20794"},{"taxonomy":"post_tag","embeddable":true,"href":"https:\/\/pakosc-kalwaria.franciszkanie.net\/index.php\/wp-json\/wp\/v2\/tags?post=20794"}],"curies":[{"name":"wp","href":"https:\/\/api.w.org\/{rel}","templated":true}]}}