{"id":21056,"date":"2021-12-24T13:45:07","date_gmt":"2021-12-24T12:45:07","guid":{"rendered":"http:\/\/pakosc-kalwaria.franciszkanie.net\/?p=21056"},"modified":"2021-12-25T02:18:50","modified_gmt":"2021-12-25T01:18:50","slug":"ogloszenia-duszpasterskie-swieto-swietej-rodziny-jezusa-maryi-i-jozefa-3","status":"publish","type":"post","link":"https:\/\/pakosc-kalwaria.franciszkanie.net\/index.php\/2021\/12\/24\/ogloszenia-duszpasterskie-swieto-swietej-rodziny-jezusa-maryi-i-jozefa-3\/","title":{"rendered":"Og\u0142oszenia duszpasterskie. Uroczysto\u015b\u0107 Bo\u017cego Narodzenia. \u015awi\u0119to \u015awi\u0119tej Rodziny Jezusa, Maryi i J\u00f3zefa."},"content":{"rendered":"<p><strong><em><span style=\"text-decoration: underline;\"><span style=\"color: #ff0000; text-decoration: underline;\">W sobot\u0119 (25.12.)<\/span><\/span> \u2013 <\/em><span style=\"color: #ff0000;\">Uroczysto\u015b\u0107 Bo\u017cego Narodzenia.<\/span><br \/>\n<span style=\"color: #ff0000;\">O p\u00f3\u0142nocy uroczysta Pasterka<\/span> w intencji Parafian i Dobrodziej\u00f3w. Kolekta z Pasterki jest przeznaczona na Fundusz Obrony \u017bycia.<br \/>\nNast\u0119pne Msze \u015bw.\u00a0 o 9.00 i 11.00.<\/strong><\/p>\n<p><strong><span style=\"color: #ff0000;\">W czasie Oktawy Bo\u017cego Narodzenia (do 1 stycznia)<\/span> zach\u0119camy do udzia\u0142u w Mszach \u015bw. i przyjmowania Komunii \u015bwi\u0119tej.<\/strong><\/p>\n<p><strong><span style=\"color: #ff0000;\"><em><u>W niedziel\u0119 (26.12.)<\/u><\/em> \u2013 II Dzie\u0144 \u015awi\u0105t Bo\u017cego Narodzenia &#8211; \u015bwi\u0119to \u015awi\u0119tej Rodziny Jezusa, Maryi i J\u00f3zefa.<\/span><\/strong><br \/>\n<strong><span style=\"color: #ff0000;\">Msze \u015awi\u0119te o 9.00 i 11.00<\/span> &#8211; odnowienie \u015alub\u00f3w Ma\u0142\u017ce\u0144skich i b\u0142ogos\u0142awie\u0144stwo Rodzin.<\/strong><br \/>\n<strong>Pod ch\u00f3rem do nabycia obrazy i modlitwy do Matki Bo\u017cej Podg\u00f3rskiej Niepokalanej Kr\u00f3lowej Rodzin z Sanktuarium w Toruniu na Podg\u00f3rzu. M\u00f3dlmy si\u0119 za Ma\u0142\u017ce\u0144stwa i Rodziny.<br \/>\n<\/strong><br \/>\n<strong><span style=\"color: #ff0000;\"><em><u>W poniedzia\u0142ek (27.12.)<\/u><\/em> \u2013 \u015bwi\u0119to \u015bw. Jana Aposto\u0142a i Ewangelisty.<\/span><\/strong><br \/>\n<strong><span style=\"color: #ff0000;\">O 17.00 Msza \u015bw. po\u0142\u0105czona z po\u015bwi\u0119ceniem win<\/span>a, kt\u00f3re ma chroni\u0107 przed chorobami duszy i cia\u0142a.<\/strong><\/p>\n<p><strong><span style=\"color: #ff0000;\"><em><u>We wtorek (28.12.)<\/u><\/em> \u2013 \u015bwi\u0119to \u015awi\u0119tych M\u0142odziank\u00f3w, m\u0119czennik\u00f3w.\u00a0\u00a0<\/span><\/strong><\/p>\n<p><strong><span style=\"color: #ff0000;\"><em><u>W czwartek (30.12.)<\/u><\/em> <\/span>\u2013 \u015bwi\u0105teczne spotkanie dla lektor\u00f3w, ministrant\u00f3w i kandydat\u00f3w z Liturgicznej S\u0142u\u017cby O\u0142tarza oraz dla ich rodzic\u00f3w. <span style=\"color: #ff0000;\">Rozpocz\u0119cie Msz\u0105 \u015bw. o 17.00.<\/span><\/strong><\/p>\n<p><strong><span style=\"color: #ff0000;\"><em><u>W pi\u0105tek (31.12.)<\/u><\/em> \u2013 o 17.00 Msza \u015awi\u0119ta w intencjach zbiorowych do Bo\u017cego Mi\u0142osierdzia i nabo\u017ce\u0144stwo na zako\u0144czenie Roku 2021r.,<\/span> za kt\u00f3re mo\u017cna zyska\u0107 odpust zupe\u0142ny pod zwyk\u0142ymi warunkami. Serdecznie wszystkich zapraszamy na wsp\u00f3ln\u0105 dzi\u0119kczynn\u0105 modlitw\u0119.<\/strong><br \/>\n<strong><span style=\"color: #ff0000;\">W pi\u0105tek udzielona jest dyspensa<\/span> od wstrzemi\u0119\u017aliwo\u015bci od potraw mi\u0119snych i pokutnego charakteru dnia. Zaleca si\u0119 modlitw\u0119 za Ojca \u015awi\u0119tego i uczynki chrze\u015bcija\u0144skiego mi\u0142osierdzia.<\/strong><\/p>\n<p><strong><span style=\"color: #ff0000;\"><em><u>W pierwsza sobot\u0119 (01.01.2022)<\/u><\/em> \u2013 uroczysto\u015b\u0107 \u015awi\u0119tej Bo\u017cej Rodzicielki Maryi. Nowy Rok. \u00a0\u00a0\u00a0\u00a0<\/span><\/strong><br \/>\n<strong><span style=\"color: #ff0000;\">Msze \u015awi\u0119te o 9.00, 11.00 i 17.00.<\/span> W tym dniu udzia\u0142 we Mszy \u015awi\u0119tej jest obowi\u0105zkowy jak w ka\u017cd\u0105 niedziel\u0119.<\/strong><br \/>\n<strong><span style=\"color: #ff0000;\">O 9.00 Msza \u015awi\u0119ta<\/span> o Bo\u017ce b\u0142ogos\u0142awie\u0144stwo i opiek\u0119 Matki Bo\u017cej Bolesnej dla naszej Parafii i Klasztoru w Nowym Roku 2022.<\/strong><br \/>\n<strong><span style=\"color: #ff0000;\">O 10.30 R\u00f3\u017caniec<\/span> wynagradzaj\u0105cy Niepokalanemu Sercu Maryi.<\/strong><br \/>\n<strong><span style=\"color: #ff0000;\">O 11.00 Msza \u015awi\u0119ta<\/span> w intencji \u017bywego R\u00f3\u017ca\u0144ca.<\/strong><br \/>\n<strong><span style=\"color: #ff0000;\">W Pierwsze Soboty Miesi\u0105ca<\/span> przygotowujemy si\u0119 duchowo <span style=\"color: #ff0000;\">do Nawiedzenia Obrazu Matki Bo\u017cej Jasnog\u00f3rskiej<\/span>, kt\u00f3re zaplanowane jest w naszej Parafii <span style=\"color: #ff0000;\">w dniach 2 \u2013 3 czerwca 2022r.<\/span><br \/>\n<span style=\"color: #ff0000;\">W styczniu<\/span> \u017bywy R\u00f3\u017caniec w naszej Parafii modli si\u0119 <span style=\"color: #ff0000;\">wed\u0142ug Zestawu nr 2.<\/span> Zach\u0119camy do w\u0142\u0105czenia si\u0119 w \u017bywy R\u00f3\u017caniec w naszej Parafii. Deklaracje na stoliku pod ch\u00f3rem.<\/strong><\/p>\n<p><strong><span style=\"color: #ff0000;\">W Wigili\u0119 Bo\u017cego Narodzenia 24 grudnia<\/span> w naszym ko\u015bciele zosta\u0142 umieszczony <span style=\"color: #ff0000;\">wizerunek b\u0142. Stefana kard. Wyszy\u0144skiego.<\/span> Polecajmy nasz\u0105 Parafi\u0119 i Kalwari\u0119 Jego wstawiennictwu.<\/strong><\/p>\n<p><strong>Mo\u017cna jeszcze sk\u0142ada\u0107 <span style=\"color: #ff0000;\">Wypominki Roczne za zmar\u0142ych na 2022r,<\/span> za kt\u00f3rych modlimy si\u0119 w ka\u017cd\u0105 niedziel\u0119 o 8.40 \u00a0oraz w Pierwsze Pi\u0105tki Miesi\u0105ca na Mszy \u015awi\u0119tej o 17.00.<\/strong><\/p>\n<p><u><strong><span style=\"color: #ff0000;\">Spotkania kol\u0119dowe w naszej Parafii w 2022r.<\/span><\/strong><br \/>\n<\/u><strong>W zwi\u0105zku z panuj\u0105c\u0105 pandemi\u0105 nie b\u0119dzie w Parafiach naszej Archidiecezji Gnie\u017anie\u0144skiej tradycyjnej kol\u0119dy \u201eod domu do domu\u201d.<br \/>\n<span style=\"color: #ff0000;\">Spotkania kol\u0119dowe w naszej Parafii rozpoczn\u0105 si\u0119 w poniedzia\u0142ek 3 stycznia 2022r.<\/span><br \/>\nZapraszamy Osoby i Rodziny z danej ulicy, wed\u0142ug podanego planu, na wsp\u00f3ln\u0105 modlitw\u0119 do ko\u015bcio\u0142a. Msze \u015awi\u0119te \u201ekol\u0119dowe\u201d <span style=\"color: #ff0000;\">od poniedzia\u0142ku do pi\u0105tku o 10.00 lub 17.00, w soboty o 10.00, w niedziele o 11.00.<\/span><br \/>\nPo Mszy \u015awi\u0119tej zawierzymy \u015awi\u0119tej Rodzinie, Rodziny naszej Parafii i mieszka\u0144c\u00f3w z danej ulicy. Nast\u0119pnie przedstawiciele Rodzin otrzymaj\u0105 ksi\u0105\u017ceczk\u0119 dotycz\u0105c\u0105 Roku duszpasterskiego po\u015bwi\u0119conego Sakramentowi Eucharystii i parafialny folder na 2022r. B\u0119dzie mo\u017cna je tak\u017ce zanie\u015b\u0107 ludziom chorym i starszym w naszej Parafii. Je\u017celi jest taka potrzeba przynosimy ze sob\u0105 na wod\u0119 \u015bwi\u0119con\u0105 np. buteleczki z ubieg\u0142orocznej kol\u0119dy.<\/strong><strong><br \/>\n<span style=\"color: #ff0000;\">Dla ch\u0119tnych os\u00f3b i rodzin jest mo\u017cliwo\u015b\u0107 odwiedzin kol\u0119dowych w domu.<\/span> Zaproszenia przyjmujemy do czwartku 30 grudnia w Biurze parafialnym, w zakrystii na karteczkach z imieniem i nazwiskiem oraz z adresem zamieszkania i telefonem kontaktowym. Mo\u017cna tak\u017ce zg\u0142osi\u0107 ch\u0119\u0107 przyj\u0119cia kol\u0119dy na adres: <u>pakosckalwaria@franciszkanie.net<\/u><\/strong><\/p>\n<p><strong><span style=\"color: #ff0000;\">Plan spotyka\u0144 kol\u0119dowych w ko\u015bciele i w domach<\/span> podany jest w gablotce i stronie internetowej.<\/strong><br \/>\n<strong><span style=\"color: #ff0000;\">Z\u0142o\u017cona w czasie spotka\u0144 kol\u0119dowych ofiara<\/span> b\u0119dzie przeznaczona na dalsz\u0105 renowacj\u0119 naszego kalwaryjskiego ko\u015bcio\u0142a oraz na potrzeby naszej parafii, kalwarii i kalwaryjskiego klasztoru. Za ka\u017cd\u0105 z\u0142o\u017con\u0105 na ten cel ofiar\u0119 wyra\u017camy z serca p\u0142yn\u0105ce: &#8222;B\u00f3g zap\u0142a\u0107&#8221;!<\/strong><\/p>\n<p><strong>Pod ch\u00f3rem do nabycia czasopisma: Przewodnik Katolicki i R\u00f3\u017caniec.<\/strong><\/p>\n<p><strong>Wyra\u017camy wdzi\u0119czno\u015b\u0107 za ka\u017cd\u0105 Wasz\u0105 modlitw\u0119 oraz za z\u0142o\u017cone dzisiaj ofiary.<\/strong><br \/>\n<strong>Niech b\u0142ogos\u0142awie\u0144stwo Mi\u0142osiernego Boga i nieustanna opieka Matki Bo\u017cej Bolesnej umacniaj\u0105 wiar\u0119 w Boga i wiar\u0119 w Eucharysti\u0119 oraz mi\u0142o\u015b\u0107 w Ma\u0142\u017ce\u0144stwach i w Rodzinach.<\/strong><\/p>\n<p><strong>Z darem modlitwy Bracia Mniejsi Franciszkanie z Pako\u015bci &#8211; Kalwarii\u00a0 <\/strong><\/p>\n","protected":false},"excerpt":{"rendered":"<p>W sobot\u0119 (25.12.) \u2013 Uroczysto\u015b\u0107 Bo\u017cego Narodzenia. O p\u00f3\u0142nocy uroczysta Pasterka w intencji Parafian i Dobrodziej\u00f3w. Kolekta z Pasterki jest przeznaczona na Fundusz Obrony \u017bycia. Nast\u0119pne Msze \u015bw.\u00a0 o 9.00 i 11.00. W czasie Oktawy Bo\u017cego Narodzenia (do 1 stycznia) zach\u0119camy do udzia\u0142u w Mszach \u015bw. i przyjmowania Komunii \u015bwi\u0119tej. W niedziel\u0119 (26.12.) \u2013 II &hellip;<\/p>\n","protected":false},"author":2,"featured_media":21057,"comment_status":"closed","ping_status":"closed","sticky":false,"template":"","format":"standard","meta":{"_mi_skip_tracking":false,"_exactmetrics_sitenote_active":false,"_exactmetrics_sitenote_note":"","_exactmetrics_sitenote_category":0},"categories":[5],"tags":[],"yoast_head":"<!-- This site is optimized with the Yoast SEO plugin v18.1 - https:\/\/yoast.com\/wordpress\/plugins\/seo\/ -->\n<title>Og\u0142oszenia duszpasterskie. Uroczysto\u015b\u0107 Bo\u017cego Narodzenia. \u015awi\u0119to \u015awi\u0119tej Rodziny Jezusa, Maryi i J\u00f3zefa. - Pako\u015b\u0107 \u2013 Kalwaria<\/title>\n<meta name=\"robots\" content=\"index, follow, max-snippet:-1, max-image-preview:large, max-video-preview:-1\" \/>\n<link rel=\"canonical\" href=\"https:\/\/pakosc-kalwaria.franciszkanie.net\/index.php\/2021\/12\/24\/ogloszenia-duszpasterskie-swieto-swietej-rodziny-jezusa-maryi-i-jozefa-3\/\" \/>\n<meta property=\"og:locale\" content=\"pl_PL\" \/>\n<meta property=\"og:type\" content=\"article\" \/>\n<meta property=\"og:title\" content=\"Og\u0142oszenia duszpasterskie. Uroczysto\u015b\u0107 Bo\u017cego Narodzenia. \u015awi\u0119to \u015awi\u0119tej Rodziny Jezusa, Maryi i J\u00f3zefa. - Pako\u015b\u0107 \u2013 Kalwaria\" \/>\n<meta property=\"og:description\" content=\"W sobot\u0119 (25.12.) \u2013 Uroczysto\u015b\u0107 Bo\u017cego Narodzenia. O p\u00f3\u0142nocy uroczysta Pasterka w intencji Parafian i Dobrodziej\u00f3w. Kolekta z Pasterki jest przeznaczona na Fundusz Obrony \u017bycia. Nast\u0119pne Msze \u015bw.\u00a0 o 9.00 i 11.00. W czasie Oktawy Bo\u017cego Narodzenia (do 1 stycznia) zach\u0119camy do udzia\u0142u w Mszach \u015bw. i przyjmowania Komunii \u015bwi\u0119tej. W niedziel\u0119 (26.12.) \u2013 II &hellip;\" \/>\n<meta property=\"og:url\" content=\"https:\/\/pakosc-kalwaria.franciszkanie.net\/index.php\/2021\/12\/24\/ogloszenia-duszpasterskie-swieto-swietej-rodziny-jezusa-maryi-i-jozefa-3\/\" \/>\n<meta property=\"og:site_name\" content=\"Pako\u015b\u0107 \u2013 Kalwaria\" \/>\n<meta property=\"article:author\" content=\"https:\/\/www.facebook.com\/KalwariaPakosc\/\" \/>\n<meta property=\"article:published_time\" content=\"2021-12-24T12:45:07+00:00\" \/>\n<meta property=\"article:modified_time\" content=\"2021-12-25T01:18:50+00:00\" \/>\n<meta property=\"og:image\" content=\"https:\/\/pakosc-kalwaria.franciszkanie.net\/wp-content\/uploads\/2021\/12\/unnamed.jpg\" \/>\n\t<meta property=\"og:image:width\" content=\"300\" \/>\n\t<meta property=\"og:image:height\" content=\"225\" \/>\n\t<meta property=\"og:image:type\" content=\"image\/jpeg\" \/>\n<meta name=\"twitter:card\" content=\"summary\" \/>\n<meta name=\"twitter:label1\" content=\"Napisane przez\" \/>\n\t<meta name=\"twitter:data1\" content=\"pakosc-kalwaria\" \/>\n\t<meta name=\"twitter:label2\" content=\"Szacowany czas czytania\" \/>\n\t<meta name=\"twitter:data2\" content=\"4 minuty\" \/>\n<script type=\"application\/ld+json\" class=\"yoast-schema-graph\">{\"@context\":\"https:\/\/schema.org\",\"@graph\":[{\"@type\":\"WebSite\",\"@id\":\"https:\/\/pakosc-kalwaria.franciszkanie.net\/#website\",\"url\":\"https:\/\/pakosc-kalwaria.franciszkanie.net\/\",\"name\":\"Pako\u015b\u0107 \u2013 Kalwaria\",\"description\":\"Parafia Rzymsko \u2013 Katolicka p.w. Pana Jezusa Ukrzy\u017cowanego i  Matki Bo\u017cej Bolesnej ul. Barci\u0144ska 60, 88\u2013170 Pako\u015b\u0107 \u2013 Kalwaria\",\"potentialAction\":[{\"@type\":\"SearchAction\",\"target\":{\"@type\":\"EntryPoint\",\"urlTemplate\":\"https:\/\/pakosc-kalwaria.franciszkanie.net\/?s={search_term_string}\"},\"query-input\":\"required name=search_term_string\"}],\"inLanguage\":\"pl-PL\"},{\"@type\":\"ImageObject\",\"@id\":\"https:\/\/pakosc-kalwaria.franciszkanie.net\/index.php\/2021\/12\/24\/ogloszenia-duszpasterskie-swieto-swietej-rodziny-jezusa-maryi-i-jozefa-3\/#primaryimage\",\"inLanguage\":\"pl-PL\",\"url\":\"https:\/\/pakosc-kalwaria.franciszkanie.net\/wp-content\/uploads\/2021\/12\/unnamed.jpg\",\"contentUrl\":\"https:\/\/pakosc-kalwaria.franciszkanie.net\/wp-content\/uploads\/2021\/12\/unnamed.jpg\",\"width\":300,\"height\":225},{\"@type\":\"WebPage\",\"@id\":\"https:\/\/pakosc-kalwaria.franciszkanie.net\/index.php\/2021\/12\/24\/ogloszenia-duszpasterskie-swieto-swietej-rodziny-jezusa-maryi-i-jozefa-3\/#webpage\",\"url\":\"https:\/\/pakosc-kalwaria.franciszkanie.net\/index.php\/2021\/12\/24\/ogloszenia-duszpasterskie-swieto-swietej-rodziny-jezusa-maryi-i-jozefa-3\/\",\"name\":\"Og\u0142oszenia duszpasterskie. Uroczysto\u015b\u0107 Bo\u017cego Narodzenia. \u015awi\u0119to \u015awi\u0119tej Rodziny Jezusa, Maryi i J\u00f3zefa. - Pako\u015b\u0107 \u2013 Kalwaria\",\"isPartOf\":{\"@id\":\"https:\/\/pakosc-kalwaria.franciszkanie.net\/#website\"},\"primaryImageOfPage\":{\"@id\":\"https:\/\/pakosc-kalwaria.franciszkanie.net\/index.php\/2021\/12\/24\/ogloszenia-duszpasterskie-swieto-swietej-rodziny-jezusa-maryi-i-jozefa-3\/#primaryimage\"},\"datePublished\":\"2021-12-24T12:45:07+00:00\",\"dateModified\":\"2021-12-25T01:18:50+00:00\",\"author\":{\"@id\":\"https:\/\/pakosc-kalwaria.franciszkanie.net\/#\/schema\/person\/af10b943be0760709227d060eadcb2aa\"},\"breadcrumb\":{\"@id\":\"https:\/\/pakosc-kalwaria.franciszkanie.net\/index.php\/2021\/12\/24\/ogloszenia-duszpasterskie-swieto-swietej-rodziny-jezusa-maryi-i-jozefa-3\/#breadcrumb\"},\"inLanguage\":\"pl-PL\",\"potentialAction\":[{\"@type\":\"ReadAction\",\"target\":[\"https:\/\/pakosc-kalwaria.franciszkanie.net\/index.php\/2021\/12\/24\/ogloszenia-duszpasterskie-swieto-swietej-rodziny-jezusa-maryi-i-jozefa-3\/\"]}]},{\"@type\":\"BreadcrumbList\",\"@id\":\"https:\/\/pakosc-kalwaria.franciszkanie.net\/index.php\/2021\/12\/24\/ogloszenia-duszpasterskie-swieto-swietej-rodziny-jezusa-maryi-i-jozefa-3\/#breadcrumb\",\"itemListElement\":[{\"@type\":\"ListItem\",\"position\":1,\"name\":\"Strona g\u0142\u00f3wna\",\"item\":\"https:\/\/pakosc-kalwaria.franciszkanie.net\/\"},{\"@type\":\"ListItem\",\"position\":2,\"name\":\"Og\u0142oszenia duszpasterskie. Uroczysto\u015b\u0107 Bo\u017cego Narodzenia. \u015awi\u0119to \u015awi\u0119tej Rodziny Jezusa, Maryi i J\u00f3zefa.\"}]},{\"@type\":\"Person\",\"@id\":\"https:\/\/pakosc-kalwaria.franciszkanie.net\/#\/schema\/person\/af10b943be0760709227d060eadcb2aa\",\"name\":\"pakosc-kalwaria\",\"image\":{\"@type\":\"ImageObject\",\"@id\":\"https:\/\/pakosc-kalwaria.franciszkanie.net\/#personlogo\",\"inLanguage\":\"pl-PL\",\"url\":\"https:\/\/secure.gravatar.com\/avatar\/e7049d338b55eac6a0027ff3218b8d02?s=96&d=mm&r=g\",\"contentUrl\":\"https:\/\/secure.gravatar.com\/avatar\/e7049d338b55eac6a0027ff3218b8d02?s=96&d=mm&r=g\",\"caption\":\"pakosc-kalwaria\"},\"sameAs\":[\"https:\/\/www.facebook.com\/KalwariaPakosc\/\"],\"url\":\"https:\/\/pakosc-kalwaria.franciszkanie.net\/index.php\/author\/pakosc-kalwaria\/\"}]}<\/script>\n<!-- \/ Yoast SEO plugin. -->","yoast_head_json":{"title":"Og\u0142oszenia duszpasterskie. Uroczysto\u015b\u0107 Bo\u017cego Narodzenia. \u015awi\u0119to \u015awi\u0119tej Rodziny Jezusa, Maryi i J\u00f3zefa. - Pako\u015b\u0107 \u2013 Kalwaria","robots":{"index":"index","follow":"follow","max-snippet":"max-snippet:-1","max-image-preview":"max-image-preview:large","max-video-preview":"max-video-preview:-1"},"canonical":"https:\/\/pakosc-kalwaria.franciszkanie.net\/index.php\/2021\/12\/24\/ogloszenia-duszpasterskie-swieto-swietej-rodziny-jezusa-maryi-i-jozefa-3\/","og_locale":"pl_PL","og_type":"article","og_title":"Og\u0142oszenia duszpasterskie. Uroczysto\u015b\u0107 Bo\u017cego Narodzenia. \u015awi\u0119to \u015awi\u0119tej Rodziny Jezusa, Maryi i J\u00f3zefa. - Pako\u015b\u0107 \u2013 Kalwaria","og_description":"W sobot\u0119 (25.12.) \u2013 Uroczysto\u015b\u0107 Bo\u017cego Narodzenia. O p\u00f3\u0142nocy uroczysta Pasterka w intencji Parafian i Dobrodziej\u00f3w. Kolekta z Pasterki jest przeznaczona na Fundusz Obrony \u017bycia. Nast\u0119pne Msze \u015bw.\u00a0 o 9.00 i 11.00. W czasie Oktawy Bo\u017cego Narodzenia (do 1 stycznia) zach\u0119camy do udzia\u0142u w Mszach \u015bw. i przyjmowania Komunii \u015bwi\u0119tej. W niedziel\u0119 (26.12.) \u2013 II &hellip;","og_url":"https:\/\/pakosc-kalwaria.franciszkanie.net\/index.php\/2021\/12\/24\/ogloszenia-duszpasterskie-swieto-swietej-rodziny-jezusa-maryi-i-jozefa-3\/","og_site_name":"Pako\u015b\u0107 \u2013 Kalwaria","article_author":"https:\/\/www.facebook.com\/KalwariaPakosc\/","article_published_time":"2021-12-24T12:45:07+00:00","article_modified_time":"2021-12-25T01:18:50+00:00","og_image":[{"width":300,"height":225,"url":"https:\/\/pakosc-kalwaria.franciszkanie.net\/wp-content\/uploads\/2021\/12\/unnamed.jpg","type":"image\/jpeg"}],"twitter_card":"summary","twitter_misc":{"Napisane przez":"pakosc-kalwaria","Szacowany czas czytania":"4 minuty"},"schema":{"@context":"https:\/\/schema.org","@graph":[{"@type":"WebSite","@id":"https:\/\/pakosc-kalwaria.franciszkanie.net\/#website","url":"https:\/\/pakosc-kalwaria.franciszkanie.net\/","name":"Pako\u015b\u0107 \u2013 Kalwaria","description":"Parafia Rzymsko \u2013 Katolicka p.w. Pana Jezusa Ukrzy\u017cowanego i  Matki Bo\u017cej Bolesnej ul. Barci\u0144ska 60, 88\u2013170 Pako\u015b\u0107 \u2013 Kalwaria","potentialAction":[{"@type":"SearchAction","target":{"@type":"EntryPoint","urlTemplate":"https:\/\/pakosc-kalwaria.franciszkanie.net\/?s={search_term_string}"},"query-input":"required name=search_term_string"}],"inLanguage":"pl-PL"},{"@type":"ImageObject","@id":"https:\/\/pakosc-kalwaria.franciszkanie.net\/index.php\/2021\/12\/24\/ogloszenia-duszpasterskie-swieto-swietej-rodziny-jezusa-maryi-i-jozefa-3\/#primaryimage","inLanguage":"pl-PL","url":"https:\/\/pakosc-kalwaria.franciszkanie.net\/wp-content\/uploads\/2021\/12\/unnamed.jpg","contentUrl":"https:\/\/pakosc-kalwaria.franciszkanie.net\/wp-content\/uploads\/2021\/12\/unnamed.jpg","width":300,"height":225},{"@type":"WebPage","@id":"https:\/\/pakosc-kalwaria.franciszkanie.net\/index.php\/2021\/12\/24\/ogloszenia-duszpasterskie-swieto-swietej-rodziny-jezusa-maryi-i-jozefa-3\/#webpage","url":"https:\/\/pakosc-kalwaria.franciszkanie.net\/index.php\/2021\/12\/24\/ogloszenia-duszpasterskie-swieto-swietej-rodziny-jezusa-maryi-i-jozefa-3\/","name":"Og\u0142oszenia duszpasterskie. Uroczysto\u015b\u0107 Bo\u017cego Narodzenia. \u015awi\u0119to \u015awi\u0119tej Rodziny Jezusa, Maryi i J\u00f3zefa. - Pako\u015b\u0107 \u2013 Kalwaria","isPartOf":{"@id":"https:\/\/pakosc-kalwaria.franciszkanie.net\/#website"},"primaryImageOfPage":{"@id":"https:\/\/pakosc-kalwaria.franciszkanie.net\/index.php\/2021\/12\/24\/ogloszenia-duszpasterskie-swieto-swietej-rodziny-jezusa-maryi-i-jozefa-3\/#primaryimage"},"datePublished":"2021-12-24T12:45:07+00:00","dateModified":"2021-12-25T01:18:50+00:00","author":{"@id":"https:\/\/pakosc-kalwaria.franciszkanie.net\/#\/schema\/person\/af10b943be0760709227d060eadcb2aa"},"breadcrumb":{"@id":"https:\/\/pakosc-kalwaria.franciszkanie.net\/index.php\/2021\/12\/24\/ogloszenia-duszpasterskie-swieto-swietej-rodziny-jezusa-maryi-i-jozefa-3\/#breadcrumb"},"inLanguage":"pl-PL","potentialAction":[{"@type":"ReadAction","target":["https:\/\/pakosc-kalwaria.franciszkanie.net\/index.php\/2021\/12\/24\/ogloszenia-duszpasterskie-swieto-swietej-rodziny-jezusa-maryi-i-jozefa-3\/"]}]},{"@type":"BreadcrumbList","@id":"https:\/\/pakosc-kalwaria.franciszkanie.net\/index.php\/2021\/12\/24\/ogloszenia-duszpasterskie-swieto-swietej-rodziny-jezusa-maryi-i-jozefa-3\/#breadcrumb","itemListElement":[{"@type":"ListItem","position":1,"name":"Strona g\u0142\u00f3wna","item":"https:\/\/pakosc-kalwaria.franciszkanie.net\/"},{"@type":"ListItem","position":2,"name":"Og\u0142oszenia duszpasterskie. Uroczysto\u015b\u0107 Bo\u017cego Narodzenia. \u015awi\u0119to \u015awi\u0119tej Rodziny Jezusa, Maryi i J\u00f3zefa."}]},{"@type":"Person","@id":"https:\/\/pakosc-kalwaria.franciszkanie.net\/#\/schema\/person\/af10b943be0760709227d060eadcb2aa","name":"pakosc-kalwaria","image":{"@type":"ImageObject","@id":"https:\/\/pakosc-kalwaria.franciszkanie.net\/#personlogo","inLanguage":"pl-PL","url":"https:\/\/secure.gravatar.com\/avatar\/e7049d338b55eac6a0027ff3218b8d02?s=96&d=mm&r=g","contentUrl":"https:\/\/secure.gravatar.com\/avatar\/e7049d338b55eac6a0027ff3218b8d02?s=96&d=mm&r=g","caption":"pakosc-kalwaria"},"sameAs":["https:\/\/www.facebook.com\/KalwariaPakosc\/"],"url":"https:\/\/pakosc-kalwaria.franciszkanie.net\/index.php\/author\/pakosc-kalwaria\/"}]}},"_links":{"self":[{"href":"https:\/\/pakosc-kalwaria.franciszkanie.net\/index.php\/wp-json\/wp\/v2\/posts\/21056"}],"collection":[{"href":"https:\/\/pakosc-kalwaria.franciszkanie.net\/index.php\/wp-json\/wp\/v2\/posts"}],"about":[{"href":"https:\/\/pakosc-kalwaria.franciszkanie.net\/index.php\/wp-json\/wp\/v2\/types\/post"}],"author":[{"embeddable":true,"href":"https:\/\/pakosc-kalwaria.franciszkanie.net\/index.php\/wp-json\/wp\/v2\/users\/2"}],"replies":[{"embeddable":true,"href":"https:\/\/pakosc-kalwaria.franciszkanie.net\/index.php\/wp-json\/wp\/v2\/comments?post=21056"}],"version-history":[{"count":6,"href":"https:\/\/pakosc-kalwaria.franciszkanie.net\/index.php\/wp-json\/wp\/v2\/posts\/21056\/revisions"}],"predecessor-version":[{"id":21063,"href":"https:\/\/pakosc-kalwaria.franciszkanie.net\/index.php\/wp-json\/wp\/v2\/posts\/21056\/revisions\/21063"}],"wp:featuredmedia":[{"embeddable":true,"href":"https:\/\/pakosc-kalwaria.franciszkanie.net\/index.php\/wp-json\/wp\/v2\/media\/21057"}],"wp:attachment":[{"href":"https:\/\/pakosc-kalwaria.franciszkanie.net\/index.php\/wp-json\/wp\/v2\/media?parent=21056"}],"wp:term":[{"taxonomy":"category","embeddable":true,"href":"https:\/\/pakosc-kalwaria.franciszkanie.net\/index.php\/wp-json\/wp\/v2\/categories?post=21056"},{"taxonomy":"post_tag","embeddable":true,"href":"https:\/\/pakosc-kalwaria.franciszkanie.net\/index.php\/wp-json\/wp\/v2\/tags?post=21056"}],"curies":[{"name":"wp","href":"https:\/\/api.w.org\/{rel}","templated":true}]}}