{"id":21422,"date":"2022-02-08T08:30:57","date_gmt":"2022-02-08T07:30:57","guid":{"rendered":"http:\/\/pakosc-kalwaria.franciszkanie.net\/?p=21422"},"modified":"2022-02-08T10:39:43","modified_gmt":"2022-02-08T09:39:43","slug":"krucjata-europa-sie-modli-o-ustanie-pandemii","status":"publish","type":"post","link":"https:\/\/pakosc-kalwaria.franciszkanie.net\/index.php\/2022\/02\/08\/krucjata-europa-sie-modli-o-ustanie-pandemii\/","title":{"rendered":"Krucjata \u201eEuropa si\u0119 modli\u201d o ustanie pandemii!! Zapraszamy w pi\u0105tki do wsp\u00f3lnej modlitwy!!"},"content":{"rendered":"<p><strong><span style=\"color: #ff0000;\"><span style=\"color: #000000;\">W kalwaryjskim Sanktuarium<\/span> modlitwa r\u00f3\u017ca\u0144cowa <\/span><\/strong><strong><span style=\"color: #ff0000;\">w pi\u0105tki o 16.30<\/span><\/strong><strong><span style=\"color: #000000;\"><span style=\"color: #ff0000;\"> o ustanie pandemii i jej skutk\u00f3w.<\/span> Modlimy si\u0119 r\u00f3wnie\u017c za \u017cyj\u0105ce i zmar\u0142e ofiary pandemii oraz o umocnienie wiary w rodzinach. <\/span>Za<span style=\"color: #ff0000;\"><span style=\"color: #000000;\">praszamy do wsp\u00f3lnej modlitwy!! Zach\u0119camy do modlitwy w tych intencjach tak\u017ce w Waszych domach i rodzinach!!<\/span><\/span><\/strong><\/p>\n<p><strong><span style=\"color: #ff0000;\">O 17.00 Msza \u015bwi\u0119ta <span style=\"color: #000000;\">w intencjach zbiorowych do Bo\u017cego Mi\u0142osierdzia<\/span><\/span> i nabo\u017ce\u0144stwo do Bo\u017cego Mi\u0142osierdzia przed Naj\u015bwi\u0119tszym Sakramentem za kt\u00f3re mo\u017cna zyska\u0107 odpust zupe\u0142ny.<\/strong><br \/>\n<strong><span style=\"color: #ff0000;\">Od 16.30 <span style=\"color: #000000;\">Spowied\u017a \u015bwi\u0119ta.<\/span><\/span><\/strong><\/p>\n<p><span style=\"color: #ff0000;\"><strong><br \/>\nKrucjata \u201eEuropa si\u0119 modli\u201d<\/strong><\/span> (https:\/\/europabetet.jetzt\/) rozpocz\u0119\u0142a si\u0119 w listopadzie ub.r. z inicjatywy salzburskiego ks. Ignaza Steinwendera, kt\u00f3ry krytykuj\u0105c wykluczenie niezaszczepionych ze spo\u0142ecze\u0144stwa, wezwa\u0142 do wielkiej modlitwy r\u00f3\u017ca\u0144cowej o ustanie pandemii. Przypomnia\u0142, \u017ce <strong>cz\u0142owiek straci\u0142 z oczu Boga i zapomnia\u0142 o sile modlitwy.<\/strong> Inicjatywa zwi\u0105zana jest r\u00f3wnie\u017c z Alexandrem Tschugguelem, za\u0142o\u017cycielem Instytutu \u015bw. Bonifacego, austriackiego think tanku broni\u0105cego wiary katolickiej, kt\u00f3ry rozpocz\u0105\u0142 procesje r\u00f3\u017ca\u0144cowe zaraz na pocz\u0105tku pandemii. Wskazuje on, \u017ce <strong>cokolwiek dzieje si\u0119 na \u015bwiecie, czy jest to aborcja, ataki na ma\u0142\u017ce\u0144stwo, czy te\u017c restrykcje zwi\u0105zane z koronawirusem, to \u017ceby z nimi walczy\u0107, chrze\u015bcijanie potrzebuj\u0105 Bo\u017cej pomocy, a pot\u0119\u017cn\u0105 wspomo\u017cycielk\u0105 na tej drodze jest Matka Bo\u017ca. St\u0105d w\u0142a\u015bnie apel o modlitw\u0119 r\u00f3\u017ca\u0144cow\u0105 w intencji ustania pandemii.<\/strong><\/p>\n<p>W krajach niemieckoj\u0119zycznych jest obecnie ok. 700 miejsc, w kt\u00f3rych chrze\u015bcijanie r\u00f3\u017cnych wyzna\u0144 modl\u0105 si\u0119 o ustanie pandemii, przezwyci\u0119\u017cenie wywo\u0142anych ni\u0105 podzia\u0142\u00f3w w spo\u0142ecze\u0144stwie oraz o nawr\u00f3cenie. Jak m\u00f3wi Roland Noe, dyrektor austriackiej agencji Kath.net, kt\u00f3ra jest inicjatorem modlitwy, jej idea rozprzestrzenia si\u0119 znad Dunaju na kolejne kraje Europy. W ostatnich tygodniach do\u0142\u0105czyli m.in. W\u0142osi, Hiszpanie, Francuzi, Szwajcarzy, Niemcy, S\u0142owe\u0144cy i Polacy. Noe wskazuje, \u017ce zainteresowanie krucjat\u0105 modlitewn\u0105 gwa\u0142townie wzros\u0142o w ostatnich tygodniach po tym, jak rz\u0105dy wielu kraj\u00f3w zapowiedzia\u0142y wprowadzenie nowych obostrze\u0144 sanitarnych i obowi\u0105zkowych szczepie\u0144, motywuj\u0105c to gwa\u0142townym rozprzestrzenianiem si\u0119 Omikrona.<strong><br \/>\n<\/strong><\/p>\n","protected":false},"excerpt":{"rendered":"<p>W kalwaryjskim Sanktuarium modlitwa r\u00f3\u017ca\u0144cowa w pi\u0105tki o 16.30 o ustanie pandemii i jej skutk\u00f3w. Modlimy si\u0119 r\u00f3wnie\u017c za \u017cyj\u0105ce i zmar\u0142e ofiary pandemii oraz o umocnienie wiary w rodzinach. Zapraszamy do wsp\u00f3lnej modlitwy!! Zach\u0119camy do modlitwy w tych intencjach tak\u017ce w Waszych domach i rodzinach!! O 17.00 Msza \u015bwi\u0119ta w intencjach zbiorowych do Bo\u017cego &hellip;<\/p>\n","protected":false},"author":2,"featured_media":21424,"comment_status":"closed","ping_status":"closed","sticky":false,"template":"","format":"standard","meta":{"_mi_skip_tracking":false,"_exactmetrics_sitenote_active":false,"_exactmetrics_sitenote_note":"","_exactmetrics_sitenote_category":0},"categories":[13,14],"tags":[],"yoast_head":"<!-- This site is optimized with the Yoast SEO plugin v18.1 - https:\/\/yoast.com\/wordpress\/plugins\/seo\/ -->\n<title>Krucjata \u201eEuropa si\u0119 modli\u201d o ustanie pandemii!! Zapraszamy w pi\u0105tki do wsp\u00f3lnej modlitwy!! - Pako\u015b\u0107 \u2013 Kalwaria<\/title>\n<meta name=\"robots\" content=\"index, follow, max-snippet:-1, max-image-preview:large, max-video-preview:-1\" \/>\n<link rel=\"canonical\" href=\"https:\/\/pakosc-kalwaria.franciszkanie.net\/index.php\/2022\/02\/08\/krucjata-europa-sie-modli-o-ustanie-pandemii\/\" \/>\n<meta property=\"og:locale\" content=\"pl_PL\" \/>\n<meta property=\"og:type\" content=\"article\" \/>\n<meta property=\"og:title\" content=\"Krucjata \u201eEuropa si\u0119 modli\u201d o ustanie pandemii!! Zapraszamy w pi\u0105tki do wsp\u00f3lnej modlitwy!! - Pako\u015b\u0107 \u2013 Kalwaria\" \/>\n<meta property=\"og:description\" content=\"W kalwaryjskim Sanktuarium modlitwa r\u00f3\u017ca\u0144cowa w pi\u0105tki o 16.30 o ustanie pandemii i jej skutk\u00f3w. Modlimy si\u0119 r\u00f3wnie\u017c za \u017cyj\u0105ce i zmar\u0142e ofiary pandemii oraz o umocnienie wiary w rodzinach. Zapraszamy do wsp\u00f3lnej modlitwy!! Zach\u0119camy do modlitwy w tych intencjach tak\u017ce w Waszych domach i rodzinach!! O 17.00 Msza \u015bwi\u0119ta w intencjach zbiorowych do Bo\u017cego &hellip;\" \/>\n<meta property=\"og:url\" content=\"https:\/\/pakosc-kalwaria.franciszkanie.net\/index.php\/2022\/02\/08\/krucjata-europa-sie-modli-o-ustanie-pandemii\/\" \/>\n<meta property=\"og:site_name\" content=\"Pako\u015b\u0107 \u2013 Kalwaria\" \/>\n<meta property=\"article:author\" content=\"https:\/\/www.facebook.com\/KalwariaPakosc\/\" \/>\n<meta property=\"article:published_time\" content=\"2022-02-08T07:30:57+00:00\" \/>\n<meta property=\"article:modified_time\" content=\"2022-02-08T09:39:43+00:00\" \/>\n<meta property=\"og:image\" content=\"https:\/\/pakosc-kalwaria.franciszkanie.net\/wp-content\/uploads\/2022\/01\/82.jpg\" \/>\n\t<meta property=\"og:image:width\" content=\"250\" \/>\n\t<meta property=\"og:image:height\" content=\"297\" \/>\n\t<meta property=\"og:image:type\" content=\"image\/jpeg\" \/>\n<meta name=\"twitter:card\" content=\"summary\" \/>\n<meta name=\"twitter:label1\" content=\"Napisane przez\" \/>\n\t<meta name=\"twitter:data1\" content=\"pakosc-kalwaria\" \/>\n\t<meta name=\"twitter:label2\" content=\"Szacowany czas czytania\" \/>\n\t<meta name=\"twitter:data2\" content=\"2 minuty\" \/>\n<script type=\"application\/ld+json\" class=\"yoast-schema-graph\">{\"@context\":\"https:\/\/schema.org\",\"@graph\":[{\"@type\":\"WebSite\",\"@id\":\"https:\/\/pakosc-kalwaria.franciszkanie.net\/#website\",\"url\":\"https:\/\/pakosc-kalwaria.franciszkanie.net\/\",\"name\":\"Pako\u015b\u0107 \u2013 Kalwaria\",\"description\":\"Parafia Rzymsko \u2013 Katolicka p.w. Pana Jezusa Ukrzy\u017cowanego i  Matki Bo\u017cej Bolesnej ul. Barci\u0144ska 60, 88\u2013170 Pako\u015b\u0107 \u2013 Kalwaria\",\"potentialAction\":[{\"@type\":\"SearchAction\",\"target\":{\"@type\":\"EntryPoint\",\"urlTemplate\":\"https:\/\/pakosc-kalwaria.franciszkanie.net\/?s={search_term_string}\"},\"query-input\":\"required name=search_term_string\"}],\"inLanguage\":\"pl-PL\"},{\"@type\":\"ImageObject\",\"@id\":\"https:\/\/pakosc-kalwaria.franciszkanie.net\/index.php\/2022\/02\/08\/krucjata-europa-sie-modli-o-ustanie-pandemii\/#primaryimage\",\"inLanguage\":\"pl-PL\",\"url\":\"https:\/\/pakosc-kalwaria.franciszkanie.net\/wp-content\/uploads\/2022\/01\/82.jpg\",\"contentUrl\":\"https:\/\/pakosc-kalwaria.franciszkanie.net\/wp-content\/uploads\/2022\/01\/82.jpg\",\"width\":250,\"height\":297},{\"@type\":\"WebPage\",\"@id\":\"https:\/\/pakosc-kalwaria.franciszkanie.net\/index.php\/2022\/02\/08\/krucjata-europa-sie-modli-o-ustanie-pandemii\/#webpage\",\"url\":\"https:\/\/pakosc-kalwaria.franciszkanie.net\/index.php\/2022\/02\/08\/krucjata-europa-sie-modli-o-ustanie-pandemii\/\",\"name\":\"Krucjata \u201eEuropa si\u0119 modli\u201d o ustanie pandemii!! Zapraszamy w pi\u0105tki do wsp\u00f3lnej modlitwy!! - Pako\u015b\u0107 \u2013 Kalwaria\",\"isPartOf\":{\"@id\":\"https:\/\/pakosc-kalwaria.franciszkanie.net\/#website\"},\"primaryImageOfPage\":{\"@id\":\"https:\/\/pakosc-kalwaria.franciszkanie.net\/index.php\/2022\/02\/08\/krucjata-europa-sie-modli-o-ustanie-pandemii\/#primaryimage\"},\"datePublished\":\"2022-02-08T07:30:57+00:00\",\"dateModified\":\"2022-02-08T09:39:43+00:00\",\"author\":{\"@id\":\"https:\/\/pakosc-kalwaria.franciszkanie.net\/#\/schema\/person\/af10b943be0760709227d060eadcb2aa\"},\"breadcrumb\":{\"@id\":\"https:\/\/pakosc-kalwaria.franciszkanie.net\/index.php\/2022\/02\/08\/krucjata-europa-sie-modli-o-ustanie-pandemii\/#breadcrumb\"},\"inLanguage\":\"pl-PL\",\"potentialAction\":[{\"@type\":\"ReadAction\",\"target\":[\"https:\/\/pakosc-kalwaria.franciszkanie.net\/index.php\/2022\/02\/08\/krucjata-europa-sie-modli-o-ustanie-pandemii\/\"]}]},{\"@type\":\"BreadcrumbList\",\"@id\":\"https:\/\/pakosc-kalwaria.franciszkanie.net\/index.php\/2022\/02\/08\/krucjata-europa-sie-modli-o-ustanie-pandemii\/#breadcrumb\",\"itemListElement\":[{\"@type\":\"ListItem\",\"position\":1,\"name\":\"Strona g\u0142\u00f3wna\",\"item\":\"https:\/\/pakosc-kalwaria.franciszkanie.net\/\"},{\"@type\":\"ListItem\",\"position\":2,\"name\":\"Krucjata \u201eEuropa si\u0119 modli\u201d o ustanie pandemii!! Zapraszamy w pi\u0105tki do wsp\u00f3lnej modlitwy!!\"}]},{\"@type\":\"Person\",\"@id\":\"https:\/\/pakosc-kalwaria.franciszkanie.net\/#\/schema\/person\/af10b943be0760709227d060eadcb2aa\",\"name\":\"pakosc-kalwaria\",\"image\":{\"@type\":\"ImageObject\",\"@id\":\"https:\/\/pakosc-kalwaria.franciszkanie.net\/#personlogo\",\"inLanguage\":\"pl-PL\",\"url\":\"https:\/\/secure.gravatar.com\/avatar\/e7049d338b55eac6a0027ff3218b8d02?s=96&d=mm&r=g\",\"contentUrl\":\"https:\/\/secure.gravatar.com\/avatar\/e7049d338b55eac6a0027ff3218b8d02?s=96&d=mm&r=g\",\"caption\":\"pakosc-kalwaria\"},\"sameAs\":[\"https:\/\/www.facebook.com\/KalwariaPakosc\/\"],\"url\":\"https:\/\/pakosc-kalwaria.franciszkanie.net\/index.php\/author\/pakosc-kalwaria\/\"}]}<\/script>\n<!-- \/ Yoast SEO plugin. -->","yoast_head_json":{"title":"Krucjata \u201eEuropa si\u0119 modli\u201d o ustanie pandemii!! Zapraszamy w pi\u0105tki do wsp\u00f3lnej modlitwy!! - Pako\u015b\u0107 \u2013 Kalwaria","robots":{"index":"index","follow":"follow","max-snippet":"max-snippet:-1","max-image-preview":"max-image-preview:large","max-video-preview":"max-video-preview:-1"},"canonical":"https:\/\/pakosc-kalwaria.franciszkanie.net\/index.php\/2022\/02\/08\/krucjata-europa-sie-modli-o-ustanie-pandemii\/","og_locale":"pl_PL","og_type":"article","og_title":"Krucjata \u201eEuropa si\u0119 modli\u201d o ustanie pandemii!! Zapraszamy w pi\u0105tki do wsp\u00f3lnej modlitwy!! - Pako\u015b\u0107 \u2013 Kalwaria","og_description":"W kalwaryjskim Sanktuarium modlitwa r\u00f3\u017ca\u0144cowa w pi\u0105tki o 16.30 o ustanie pandemii i jej skutk\u00f3w. Modlimy si\u0119 r\u00f3wnie\u017c za \u017cyj\u0105ce i zmar\u0142e ofiary pandemii oraz o umocnienie wiary w rodzinach. Zapraszamy do wsp\u00f3lnej modlitwy!! Zach\u0119camy do modlitwy w tych intencjach tak\u017ce w Waszych domach i rodzinach!! O 17.00 Msza \u015bwi\u0119ta w intencjach zbiorowych do Bo\u017cego &hellip;","og_url":"https:\/\/pakosc-kalwaria.franciszkanie.net\/index.php\/2022\/02\/08\/krucjata-europa-sie-modli-o-ustanie-pandemii\/","og_site_name":"Pako\u015b\u0107 \u2013 Kalwaria","article_author":"https:\/\/www.facebook.com\/KalwariaPakosc\/","article_published_time":"2022-02-08T07:30:57+00:00","article_modified_time":"2022-02-08T09:39:43+00:00","og_image":[{"width":250,"height":297,"url":"https:\/\/pakosc-kalwaria.franciszkanie.net\/wp-content\/uploads\/2022\/01\/82.jpg","type":"image\/jpeg"}],"twitter_card":"summary","twitter_misc":{"Napisane przez":"pakosc-kalwaria","Szacowany czas czytania":"2 minuty"},"schema":{"@context":"https:\/\/schema.org","@graph":[{"@type":"WebSite","@id":"https:\/\/pakosc-kalwaria.franciszkanie.net\/#website","url":"https:\/\/pakosc-kalwaria.franciszkanie.net\/","name":"Pako\u015b\u0107 \u2013 Kalwaria","description":"Parafia Rzymsko \u2013 Katolicka p.w. Pana Jezusa Ukrzy\u017cowanego i  Matki Bo\u017cej Bolesnej ul. Barci\u0144ska 60, 88\u2013170 Pako\u015b\u0107 \u2013 Kalwaria","potentialAction":[{"@type":"SearchAction","target":{"@type":"EntryPoint","urlTemplate":"https:\/\/pakosc-kalwaria.franciszkanie.net\/?s={search_term_string}"},"query-input":"required name=search_term_string"}],"inLanguage":"pl-PL"},{"@type":"ImageObject","@id":"https:\/\/pakosc-kalwaria.franciszkanie.net\/index.php\/2022\/02\/08\/krucjata-europa-sie-modli-o-ustanie-pandemii\/#primaryimage","inLanguage":"pl-PL","url":"https:\/\/pakosc-kalwaria.franciszkanie.net\/wp-content\/uploads\/2022\/01\/82.jpg","contentUrl":"https:\/\/pakosc-kalwaria.franciszkanie.net\/wp-content\/uploads\/2022\/01\/82.jpg","width":250,"height":297},{"@type":"WebPage","@id":"https:\/\/pakosc-kalwaria.franciszkanie.net\/index.php\/2022\/02\/08\/krucjata-europa-sie-modli-o-ustanie-pandemii\/#webpage","url":"https:\/\/pakosc-kalwaria.franciszkanie.net\/index.php\/2022\/02\/08\/krucjata-europa-sie-modli-o-ustanie-pandemii\/","name":"Krucjata \u201eEuropa si\u0119 modli\u201d o ustanie pandemii!! Zapraszamy w pi\u0105tki do wsp\u00f3lnej modlitwy!! - Pako\u015b\u0107 \u2013 Kalwaria","isPartOf":{"@id":"https:\/\/pakosc-kalwaria.franciszkanie.net\/#website"},"primaryImageOfPage":{"@id":"https:\/\/pakosc-kalwaria.franciszkanie.net\/index.php\/2022\/02\/08\/krucjata-europa-sie-modli-o-ustanie-pandemii\/#primaryimage"},"datePublished":"2022-02-08T07:30:57+00:00","dateModified":"2022-02-08T09:39:43+00:00","author":{"@id":"https:\/\/pakosc-kalwaria.franciszkanie.net\/#\/schema\/person\/af10b943be0760709227d060eadcb2aa"},"breadcrumb":{"@id":"https:\/\/pakosc-kalwaria.franciszkanie.net\/index.php\/2022\/02\/08\/krucjata-europa-sie-modli-o-ustanie-pandemii\/#breadcrumb"},"inLanguage":"pl-PL","potentialAction":[{"@type":"ReadAction","target":["https:\/\/pakosc-kalwaria.franciszkanie.net\/index.php\/2022\/02\/08\/krucjata-europa-sie-modli-o-ustanie-pandemii\/"]}]},{"@type":"BreadcrumbList","@id":"https:\/\/pakosc-kalwaria.franciszkanie.net\/index.php\/2022\/02\/08\/krucjata-europa-sie-modli-o-ustanie-pandemii\/#breadcrumb","itemListElement":[{"@type":"ListItem","position":1,"name":"Strona g\u0142\u00f3wna","item":"https:\/\/pakosc-kalwaria.franciszkanie.net\/"},{"@type":"ListItem","position":2,"name":"Krucjata \u201eEuropa si\u0119 modli\u201d o ustanie pandemii!! Zapraszamy w pi\u0105tki do wsp\u00f3lnej modlitwy!!"}]},{"@type":"Person","@id":"https:\/\/pakosc-kalwaria.franciszkanie.net\/#\/schema\/person\/af10b943be0760709227d060eadcb2aa","name":"pakosc-kalwaria","image":{"@type":"ImageObject","@id":"https:\/\/pakosc-kalwaria.franciszkanie.net\/#personlogo","inLanguage":"pl-PL","url":"https:\/\/secure.gravatar.com\/avatar\/e7049d338b55eac6a0027ff3218b8d02?s=96&d=mm&r=g","contentUrl":"https:\/\/secure.gravatar.com\/avatar\/e7049d338b55eac6a0027ff3218b8d02?s=96&d=mm&r=g","caption":"pakosc-kalwaria"},"sameAs":["https:\/\/www.facebook.com\/KalwariaPakosc\/"],"url":"https:\/\/pakosc-kalwaria.franciszkanie.net\/index.php\/author\/pakosc-kalwaria\/"}]}},"_links":{"self":[{"href":"https:\/\/pakosc-kalwaria.franciszkanie.net\/index.php\/wp-json\/wp\/v2\/posts\/21422"}],"collection":[{"href":"https:\/\/pakosc-kalwaria.franciszkanie.net\/index.php\/wp-json\/wp\/v2\/posts"}],"about":[{"href":"https:\/\/pakosc-kalwaria.franciszkanie.net\/index.php\/wp-json\/wp\/v2\/types\/post"}],"author":[{"embeddable":true,"href":"https:\/\/pakosc-kalwaria.franciszkanie.net\/index.php\/wp-json\/wp\/v2\/users\/2"}],"replies":[{"embeddable":true,"href":"https:\/\/pakosc-kalwaria.franciszkanie.net\/index.php\/wp-json\/wp\/v2\/comments?post=21422"}],"version-history":[{"count":15,"href":"https:\/\/pakosc-kalwaria.franciszkanie.net\/index.php\/wp-json\/wp\/v2\/posts\/21422\/revisions"}],"predecessor-version":[{"id":21556,"href":"https:\/\/pakosc-kalwaria.franciszkanie.net\/index.php\/wp-json\/wp\/v2\/posts\/21422\/revisions\/21556"}],"wp:featuredmedia":[{"embeddable":true,"href":"https:\/\/pakosc-kalwaria.franciszkanie.net\/index.php\/wp-json\/wp\/v2\/media\/21424"}],"wp:attachment":[{"href":"https:\/\/pakosc-kalwaria.franciszkanie.net\/index.php\/wp-json\/wp\/v2\/media?parent=21422"}],"wp:term":[{"taxonomy":"category","embeddable":true,"href":"https:\/\/pakosc-kalwaria.franciszkanie.net\/index.php\/wp-json\/wp\/v2\/categories?post=21422"},{"taxonomy":"post_tag","embeddable":true,"href":"https:\/\/pakosc-kalwaria.franciszkanie.net\/index.php\/wp-json\/wp\/v2\/tags?post=21422"}],"curies":[{"name":"wp","href":"https:\/\/api.w.org\/{rel}","templated":true}]}}